{"id":54544,"date":"2021-03-29T14:07:17","date_gmt":"2021-03-29T12:07:17","guid":{"rendered":"https:\/\/mont-roig.cat\/?p=54544"},"modified":"2021-03-29T14:07:17","modified_gmt":"2021-03-29T12:07:17","slug":"la-antigua-cooperativa-agricola-de-mont-roig-del-camp-cede-su-fondo-documental-al-ayuntamiento","status":"publish","type":"post","link":"https:\/\/mont-roig.cat\/es\/actualitat\/noticies\/la-antigua-cooperativa-agricola-de-mont-roig-del-camp-cede-su-fondo-documental-al-ayuntamiento\/","title":{"rendered":"La antigua Cooperativa Agr\u00edcola de Mont-roig del Camp cede su fondo documental al Ayuntamiento"},"content":{"rendered":"<ul>\n<li><strong>Los documentos recogen los casi cien a\u00f1os de la trayectoria de la entidad a trav\u00e9s de actas de reuniones, libros de contabilidad, fichas de los asociados o fotograf\u00edas de actos sociales como las ferias multisectoriales<\/strong><\/li>\n<\/ul>\n<div id=\"attachment_54539\" style=\"width: 310px\" class=\"wp-caption alignright\"><a href=\"https:\/\/mont-roig.cat\/wp-content\/uploads\/Firma-cessio3.jpg\"><img loading=\"lazy\" decoding=\"async\" aria-describedby=\"caption-attachment-54539\" class=\"wp-image-54539\" src=\"https:\/\/mont-roig.cat\/wp-content\/uploads\/Firma-cessio3-500x375.jpg\" alt=\"\" width=\"300\" height=\"225\" srcset=\"https:\/\/mont-roig.cat\/wp-content\/uploads\/Firma-cessio3-500x375.jpg 500w, https:\/\/mont-roig.cat\/wp-content\/uploads\/Firma-cessio3-768x576.jpg 768w, https:\/\/mont-roig.cat\/wp-content\/uploads\/Firma-cessio3-463x348.jpg 463w, https:\/\/mont-roig.cat\/wp-content\/uploads\/Firma-cessio3.jpg 1024w\" sizes=\"auto, (max-width: 300px) 100vw, 300px\" \/><\/a><p id=\"caption-attachment-54539\" class=\"wp-caption-text\">Firma de sessi\u00f3n del fondo documental<\/p><\/div>\n<p>La Cooperativa Agr\u00edcola de Mont-roig ha cedido su fondo documental al Ayuntamiento de Mont-roig del Camp. El acto de cesi\u00f3n tuvo lugar el pasado viernes 26 de marzo y cont\u00f3 con la presencia del alcalde Fran Morancho, el \u00faltimo presidente de la Cooperativa Agr\u00edcola, Josep M. Salsench Gil y Josep M. Boronat Toda, el \u00faltimo secretario de la entidad. Los representantes de la \u00faltima junta de la Cooperativa mostraron su satisfacci\u00f3n y agradecimiento al saber que la documentaci\u00f3n hist\u00f3rica de la entidad agr\u00edcola no se perder\u00e1 y que, en un futuro, podr\u00e1 estar a disposici\u00f3n de la ciudadan\u00eda que tenga inter\u00e9s o la quiera consultar.<\/p>\n<p>Con la incorporaci\u00f3n de esta documentaci\u00f3n en el Archivo municipal, el Ayuntamiento quiere preservar la historia de una entidad de gran relevancia para la vida econ\u00f3mica y social del municipio a lo largo del siglo XX, ya que la consulta del fondo documental deja constancia de los casi cien a\u00f1os de la trayectoria de la Cooperativa, que finaliz\u00f3 su actividad en 2013.<\/p>\n<p>Adem\u00e1s de documentos como las actas de reuniones, los libros de contabilidad o las fichas de los asociados, en el fondo de la Cooperativa tambi\u00e9n destacan fotograf\u00edas de actos sociales como las ferias multisectoriales. Aparte de la documentaci\u00f3n escrita y el material fotogr\u00e1fico, la Cooperativa tambi\u00e9n ha cedido una acuarela del artista mont-rojizo Llu\u00eds Font Munt\u00e9 que ingresar\u00e1 al fondo de arte municipal.<\/p>\n<p><strong>Los inicios de la Cooperativa<\/strong><\/p>\n<p>Los inicios de la entidad agr\u00edcola los encontramos en julio de 1914 cuando un grupo de agricultores formalizan ante notario la creaci\u00f3n del Sindicato Agr\u00edcola Montrogense. Sus or\u00edgenes se deben entender en una \u00e9poca en que el asociacionismo agrario lleg\u00f3 a su m\u00e1ximo esplendor en Catalu\u00f1a. El objetivo del Sindicato Agr\u00edcola era dar cobertura a las necesidades de los agricultores, como la venta conjunta de los productos agrarios, la adquisici\u00f3n de abonos o la compra de maquinaria agr\u00edcola para que los socios la pudieran utilizar. Tambi\u00e9n se cre\u00f3 una secci\u00f3n de cr\u00e9dito para poder realizar pr\u00e9stamos a inter\u00e9s bajo a los asociados que lo requirieran.<\/p>\n<div id=\"attachment_54537\" style=\"width: 310px\" class=\"wp-caption alignleft\"><a href=\"https:\/\/mont-roig.cat\/wp-content\/uploads\/Material-fons-documental.jpg\"><img loading=\"lazy\" decoding=\"async\" aria-describedby=\"caption-attachment-54537\" class=\"wp-image-54537\" src=\"https:\/\/mont-roig.cat\/wp-content\/uploads\/Material-fons-documental-500x375.jpg\" alt=\"\" width=\"300\" height=\"225\" srcset=\"https:\/\/mont-roig.cat\/wp-content\/uploads\/Material-fons-documental-500x375.jpg 500w, https:\/\/mont-roig.cat\/wp-content\/uploads\/Material-fons-documental-768x576.jpg 768w, https:\/\/mont-roig.cat\/wp-content\/uploads\/Material-fons-documental-463x348.jpg 463w, https:\/\/mont-roig.cat\/wp-content\/uploads\/Material-fons-documental.jpg 1024w\" sizes=\"auto, (max-width: 300px) 100vw, 300px\" \/><\/a><p id=\"caption-attachment-54537\" class=\"wp-caption-text\">Material que forma parte del fondo documental<\/p><\/div>\n<div id=\"attachment_54535\" style=\"width: 260px\" class=\"wp-caption alignleft\"><a href=\"https:\/\/mont-roig.cat\/wp-content\/uploads\/Acta-de-constitucio-1914.jpg\"><img loading=\"lazy\" decoding=\"async\" aria-describedby=\"caption-attachment-54535\" class=\"wp-image-54535\" src=\"https:\/\/mont-roig.cat\/wp-content\/uploads\/Acta-de-constitucio-1914-375x500.jpg\" alt=\"\" width=\"250\" height=\"333\" srcset=\"https:\/\/mont-roig.cat\/wp-content\/uploads\/Acta-de-constitucio-1914-375x500.jpg 375w, https:\/\/mont-roig.cat\/wp-content\/uploads\/Acta-de-constitucio-1914.jpg 768w\" sizes=\"auto, (max-width: 250px) 100vw, 250px\" \/><\/a><p id=\"caption-attachment-54535\" class=\"wp-caption-text\">Acta de constituci\u00f3n del Sindicat Agr\u00edcola Montrogense, a\u00f1o 1914<\/p><\/div>\n","protected":false},"excerpt":{"rendered":"<p>Los documentos recogen los casi cien a\u00f1os de la trayectoria de la entidad a trav\u00e9s de actas de reuniones, libros de contabilidad, fichas de los asociados o fotograf\u00edas de actos sociales como las ferias multisectoriales La Cooperativa Agr\u00edcola de Mont-roig ha cedido su fondo documental al Ayuntamiento de Mont-roig del Camp. El acto de cesi\u00f3n [&hellip;]<\/p>\n","protected":false},"author":4,"featured_media":54540,"comment_status":"closed","ping_status":"closed","sticky":false,"template":"","format":"standard","meta":{"inline_featured_image":false,"_monsterinsights_skip_tracking":false,"_monsterinsights_sitenote_active":false,"_monsterinsights_sitenote_note":"","_monsterinsights_sitenote_category":0,"footnotes":""},"categories":[156,98],"tags":[],"class_list":["post-54544","post","type-post","status-publish","format-standard","has-post-thumbnail","hentry","category-alcalde-es","category-ayuntamiento"],"yoast_head":"<!-- This site is optimized with the Yoast SEO plugin v27.4 - https:\/\/yoast.com\/product\/yoast-seo-wordpress\/ -->\n<title>La antigua Cooperativa Agr\u00edcola de Mont-roig del Camp cede su fondo documental al Ayuntamiento - Ajuntament de Mont-roig del Camp<\/title>\n<meta name=\"robots\" content=\"index, follow, max-snippet:-1, max-image-preview:large, max-video-preview:-1\" \/>\n<link rel=\"canonical\" href=\"https:\/\/mont-roig.cat\/es\/actualitat\/noticies\/la-antigua-cooperativa-agricola-de-mont-roig-del-camp-cede-su-fondo-documental-al-ayuntamiento\/\" \/>\n<meta property=\"og:locale\" content=\"es_ES\" \/>\n<meta property=\"og:type\" content=\"article\" \/>\n<meta property=\"og:title\" content=\"La antigua Cooperativa Agr\u00edcola de Mont-roig del Camp cede su fondo documental al Ayuntamiento - Ajuntament de Mont-roig del Camp\" \/>\n<meta property=\"og:description\" content=\"Los documentos recogen los casi cien a\u00f1os de la trayectoria de la entidad a trav\u00e9s de actas de reuniones, libros de contabilidad, fichas de los asociados o fotograf\u00edas de actos sociales como las ferias multisectoriales La Cooperativa Agr\u00edcola de Mont-roig ha cedido su fondo documental al Ayuntamiento de Mont-roig del Camp. El acto de cesi\u00f3n [&hellip;]\" \/>\n<meta property=\"og:url\" content=\"https:\/\/mont-roig.cat\/es\/actualitat\/noticies\/la-antigua-cooperativa-agricola-de-mont-roig-del-camp-cede-su-fondo-documental-al-ayuntamiento\/\" \/>\n<meta property=\"og:site_name\" content=\"Ajuntament de Mont-roig del Camp\" \/>\n<meta property=\"article:published_time\" content=\"2021-03-29T12:07:17+00:00\" \/>\n<meta property=\"og:image\" content=\"https:\/\/mont-roig.cat\/wp-content\/uploads\/Firma-cessio3.jpg\" \/>\n\t<meta property=\"og:image:width\" content=\"1024\" \/>\n\t<meta property=\"og:image:height\" content=\"768\" \/>\n\t<meta property=\"og:image:type\" content=\"image\/jpeg\" \/>\n<meta name=\"author\" content=\"administrador\" \/>\n<meta name=\"twitter:card\" content=\"summary_large_image\" \/>\n<meta name=\"twitter:label1\" content=\"Escrito por\" \/>\n\t<meta name=\"twitter:data1\" content=\"administrador\" \/>\n\t<meta name=\"twitter:label2\" content=\"Tiempo de lectura\" \/>\n\t<meta name=\"twitter:data2\" content=\"3 minutos\" \/>\n<script type=\"application\/ld+json\" class=\"yoast-schema-graph\">{\"@context\":\"https:\\\/\\\/schema.org\",\"@graph\":[{\"@type\":\"Article\",\"@id\":\"https:\\\/\\\/mont-roig.cat\\\/es\\\/actualitat\\\/noticies\\\/la-antigua-cooperativa-agricola-de-mont-roig-del-camp-cede-su-fondo-documental-al-ayuntamiento\\\/#article\",\"isPartOf\":{\"@id\":\"https:\\\/\\\/mont-roig.cat\\\/es\\\/actualitat\\\/noticies\\\/la-antigua-cooperativa-agricola-de-mont-roig-del-camp-cede-su-fondo-documental-al-ayuntamiento\\\/\"},\"author\":{\"name\":\"administrador\",\"@id\":\"https:\\\/\\\/mont-roig.cat\\\/es\\\/#\\\/schema\\\/person\\\/f2b111789f22b7d0c3bd6786c9128cba\"},\"headline\":\"La antigua Cooperativa Agr\u00edcola de Mont-roig del Camp cede su fondo documental al Ayuntamiento\",\"datePublished\":\"2021-03-29T12:07:17+00:00\",\"mainEntityOfPage\":{\"@id\":\"https:\\\/\\\/mont-roig.cat\\\/es\\\/actualitat\\\/noticies\\\/la-antigua-cooperativa-agricola-de-mont-roig-del-camp-cede-su-fondo-documental-al-ayuntamiento\\\/\"},\"wordCount\":471,\"image\":{\"@id\":\"https:\\\/\\\/mont-roig.cat\\\/es\\\/actualitat\\\/noticies\\\/la-antigua-cooperativa-agricola-de-mont-roig-del-camp-cede-su-fondo-documental-al-ayuntamiento\\\/#primaryimage\"},\"thumbnailUrl\":\"https:\\\/\\\/mont-roig.cat\\\/wp-content\\\/uploads\\\/Firma-cessio3.jpg\",\"articleSection\":[\"Alcalde\",\"Ayuntamiento\"],\"inLanguage\":\"es\"},{\"@type\":\"WebPage\",\"@id\":\"https:\\\/\\\/mont-roig.cat\\\/es\\\/actualitat\\\/noticies\\\/la-antigua-cooperativa-agricola-de-mont-roig-del-camp-cede-su-fondo-documental-al-ayuntamiento\\\/\",\"url\":\"https:\\\/\\\/mont-roig.cat\\\/es\\\/actualitat\\\/noticies\\\/la-antigua-cooperativa-agricola-de-mont-roig-del-camp-cede-su-fondo-documental-al-ayuntamiento\\\/\",\"name\":\"La antigua Cooperativa Agr\u00edcola de Mont-roig del Camp cede su fondo documental al Ayuntamiento - Ajuntament de Mont-roig del Camp\",\"isPartOf\":{\"@id\":\"https:\\\/\\\/mont-roig.cat\\\/es\\\/#website\"},\"primaryImageOfPage\":{\"@id\":\"https:\\\/\\\/mont-roig.cat\\\/es\\\/actualitat\\\/noticies\\\/la-antigua-cooperativa-agricola-de-mont-roig-del-camp-cede-su-fondo-documental-al-ayuntamiento\\\/#primaryimage\"},\"image\":{\"@id\":\"https:\\\/\\\/mont-roig.cat\\\/es\\\/actualitat\\\/noticies\\\/la-antigua-cooperativa-agricola-de-mont-roig-del-camp-cede-su-fondo-documental-al-ayuntamiento\\\/#primaryimage\"},\"thumbnailUrl\":\"https:\\\/\\\/mont-roig.cat\\\/wp-content\\\/uploads\\\/Firma-cessio3.jpg\",\"datePublished\":\"2021-03-29T12:07:17+00:00\",\"author\":{\"@id\":\"https:\\\/\\\/mont-roig.cat\\\/es\\\/#\\\/schema\\\/person\\\/f2b111789f22b7d0c3bd6786c9128cba\"},\"breadcrumb\":{\"@id\":\"https:\\\/\\\/mont-roig.cat\\\/es\\\/actualitat\\\/noticies\\\/la-antigua-cooperativa-agricola-de-mont-roig-del-camp-cede-su-fondo-documental-al-ayuntamiento\\\/#breadcrumb\"},\"inLanguage\":\"es\",\"potentialAction\":[{\"@type\":\"ReadAction\",\"target\":[\"https:\\\/\\\/mont-roig.cat\\\/es\\\/actualitat\\\/noticies\\\/la-antigua-cooperativa-agricola-de-mont-roig-del-camp-cede-su-fondo-documental-al-ayuntamiento\\\/\"]}]},{\"@type\":\"ImageObject\",\"inLanguage\":\"es\",\"@id\":\"https:\\\/\\\/mont-roig.cat\\\/es\\\/actualitat\\\/noticies\\\/la-antigua-cooperativa-agricola-de-mont-roig-del-camp-cede-su-fondo-documental-al-ayuntamiento\\\/#primaryimage\",\"url\":\"https:\\\/\\\/mont-roig.cat\\\/wp-content\\\/uploads\\\/Firma-cessio3.jpg\",\"contentUrl\":\"https:\\\/\\\/mont-roig.cat\\\/wp-content\\\/uploads\\\/Firma-cessio3.jpg\",\"width\":1024,\"height\":768},{\"@type\":\"BreadcrumbList\",\"@id\":\"https:\\\/\\\/mont-roig.cat\\\/es\\\/actualitat\\\/noticies\\\/la-antigua-cooperativa-agricola-de-mont-roig-del-camp-cede-su-fondo-documental-al-ayuntamiento\\\/#breadcrumb\",\"itemListElement\":[{\"@type\":\"ListItem\",\"position\":1,\"name\":\"Inici\",\"item\":\"https:\\\/\\\/mont-roig.cat\\\/es\\\/pagina-de-inicio\\\/\"},{\"@type\":\"ListItem\",\"position\":2,\"name\":\"La antigua Cooperativa Agr\u00edcola de Mont-roig del Camp cede su fondo documental al Ayuntamiento\"}]},{\"@type\":\"WebSite\",\"@id\":\"https:\\\/\\\/mont-roig.cat\\\/es\\\/#website\",\"url\":\"https:\\\/\\\/mont-roig.cat\\\/es\\\/\",\"name\":\"Ajuntament de Mont-roig del Camp\",\"description\":\"Tota la informaci\u00f3 sobre la instituci\u00f3, els seus \u00f2rgans de govern, actualitat, serveis i molt m\u00e9s.\",\"potentialAction\":[{\"@type\":\"SearchAction\",\"target\":{\"@type\":\"EntryPoint\",\"urlTemplate\":\"https:\\\/\\\/mont-roig.cat\\\/es\\\/?s={search_term_string}\"},\"query-input\":{\"@type\":\"PropertyValueSpecification\",\"valueRequired\":true,\"valueName\":\"search_term_string\"}}],\"inLanguage\":\"es\"},{\"@type\":\"Person\",\"@id\":\"https:\\\/\\\/mont-roig.cat\\\/es\\\/#\\\/schema\\\/person\\\/f2b111789f22b7d0c3bd6786c9128cba\",\"name\":\"administrador\",\"image\":{\"@type\":\"ImageObject\",\"inLanguage\":\"es\",\"@id\":\"https:\\\/\\\/secure.gravatar.com\\\/avatar\\\/9137aac6891e2595c9d3036fd83bcb653b4db3c946db4c7d9b9be193c3c944bb?s=96&d=mm&r=g\",\"url\":\"https:\\\/\\\/secure.gravatar.com\\\/avatar\\\/9137aac6891e2595c9d3036fd83bcb653b4db3c946db4c7d9b9be193c3c944bb?s=96&d=mm&r=g\",\"contentUrl\":\"https:\\\/\\\/secure.gravatar.com\\\/avatar\\\/9137aac6891e2595c9d3036fd83bcb653b4db3c946db4c7d9b9be193c3c944bb?s=96&d=mm&r=g\",\"caption\":\"administrador\"},\"url\":\"https:\\\/\\\/mont-roig.cat\\\/es\\\/actualitat\\\/noticies\\\/author\\\/administrador\\\/\"}]}<\/script>\n<!-- \/ Yoast SEO plugin. -->","yoast_head_json":{"title":"La antigua Cooperativa Agr\u00edcola de Mont-roig del Camp cede su fondo documental al Ayuntamiento - Ajuntament de Mont-roig del Camp","robots":{"index":"index","follow":"follow","max-snippet":"max-snippet:-1","max-image-preview":"max-image-preview:large","max-video-preview":"max-video-preview:-1"},"canonical":"https:\/\/mont-roig.cat\/es\/actualitat\/noticies\/la-antigua-cooperativa-agricola-de-mont-roig-del-camp-cede-su-fondo-documental-al-ayuntamiento\/","og_locale":"es_ES","og_type":"article","og_title":"La antigua Cooperativa Agr\u00edcola de Mont-roig del Camp cede su fondo documental al Ayuntamiento - Ajuntament de Mont-roig del Camp","og_description":"Los documentos recogen los casi cien a\u00f1os de la trayectoria de la entidad a trav\u00e9s de actas de reuniones, libros de contabilidad, fichas de los asociados o fotograf\u00edas de actos sociales como las ferias multisectoriales La Cooperativa Agr\u00edcola de Mont-roig ha cedido su fondo documental al Ayuntamiento de Mont-roig del Camp. El acto de cesi\u00f3n [&hellip;]","og_url":"https:\/\/mont-roig.cat\/es\/actualitat\/noticies\/la-antigua-cooperativa-agricola-de-mont-roig-del-camp-cede-su-fondo-documental-al-ayuntamiento\/","og_site_name":"Ajuntament de Mont-roig del Camp","article_published_time":"2021-03-29T12:07:17+00:00","og_image":[{"width":1024,"height":768,"url":"https:\/\/mont-roig.cat\/wp-content\/uploads\/Firma-cessio3.jpg","type":"image\/jpeg"}],"author":"administrador","twitter_card":"summary_large_image","twitter_misc":{"Escrito por":"administrador","Tiempo de lectura":"3 minutos"},"schema":{"@context":"https:\/\/schema.org","@graph":[{"@type":"Article","@id":"https:\/\/mont-roig.cat\/es\/actualitat\/noticies\/la-antigua-cooperativa-agricola-de-mont-roig-del-camp-cede-su-fondo-documental-al-ayuntamiento\/#article","isPartOf":{"@id":"https:\/\/mont-roig.cat\/es\/actualitat\/noticies\/la-antigua-cooperativa-agricola-de-mont-roig-del-camp-cede-su-fondo-documental-al-ayuntamiento\/"},"author":{"name":"administrador","@id":"https:\/\/mont-roig.cat\/es\/#\/schema\/person\/f2b111789f22b7d0c3bd6786c9128cba"},"headline":"La antigua Cooperativa Agr\u00edcola de Mont-roig del Camp cede su fondo documental al Ayuntamiento","datePublished":"2021-03-29T12:07:17+00:00","mainEntityOfPage":{"@id":"https:\/\/mont-roig.cat\/es\/actualitat\/noticies\/la-antigua-cooperativa-agricola-de-mont-roig-del-camp-cede-su-fondo-documental-al-ayuntamiento\/"},"wordCount":471,"image":{"@id":"https:\/\/mont-roig.cat\/es\/actualitat\/noticies\/la-antigua-cooperativa-agricola-de-mont-roig-del-camp-cede-su-fondo-documental-al-ayuntamiento\/#primaryimage"},"thumbnailUrl":"https:\/\/mont-roig.cat\/wp-content\/uploads\/Firma-cessio3.jpg","articleSection":["Alcalde","Ayuntamiento"],"inLanguage":"es"},{"@type":"WebPage","@id":"https:\/\/mont-roig.cat\/es\/actualitat\/noticies\/la-antigua-cooperativa-agricola-de-mont-roig-del-camp-cede-su-fondo-documental-al-ayuntamiento\/","url":"https:\/\/mont-roig.cat\/es\/actualitat\/noticies\/la-antigua-cooperativa-agricola-de-mont-roig-del-camp-cede-su-fondo-documental-al-ayuntamiento\/","name":"La antigua Cooperativa Agr\u00edcola de Mont-roig del Camp cede su fondo documental al Ayuntamiento - Ajuntament de Mont-roig del Camp","isPartOf":{"@id":"https:\/\/mont-roig.cat\/es\/#website"},"primaryImageOfPage":{"@id":"https:\/\/mont-roig.cat\/es\/actualitat\/noticies\/la-antigua-cooperativa-agricola-de-mont-roig-del-camp-cede-su-fondo-documental-al-ayuntamiento\/#primaryimage"},"image":{"@id":"https:\/\/mont-roig.cat\/es\/actualitat\/noticies\/la-antigua-cooperativa-agricola-de-mont-roig-del-camp-cede-su-fondo-documental-al-ayuntamiento\/#primaryimage"},"thumbnailUrl":"https:\/\/mont-roig.cat\/wp-content\/uploads\/Firma-cessio3.jpg","datePublished":"2021-03-29T12:07:17+00:00","author":{"@id":"https:\/\/mont-roig.cat\/es\/#\/schema\/person\/f2b111789f22b7d0c3bd6786c9128cba"},"breadcrumb":{"@id":"https:\/\/mont-roig.cat\/es\/actualitat\/noticies\/la-antigua-cooperativa-agricola-de-mont-roig-del-camp-cede-su-fondo-documental-al-ayuntamiento\/#breadcrumb"},"inLanguage":"es","potentialAction":[{"@type":"ReadAction","target":["https:\/\/mont-roig.cat\/es\/actualitat\/noticies\/la-antigua-cooperativa-agricola-de-mont-roig-del-camp-cede-su-fondo-documental-al-ayuntamiento\/"]}]},{"@type":"ImageObject","inLanguage":"es","@id":"https:\/\/mont-roig.cat\/es\/actualitat\/noticies\/la-antigua-cooperativa-agricola-de-mont-roig-del-camp-cede-su-fondo-documental-al-ayuntamiento\/#primaryimage","url":"https:\/\/mont-roig.cat\/wp-content\/uploads\/Firma-cessio3.jpg","contentUrl":"https:\/\/mont-roig.cat\/wp-content\/uploads\/Firma-cessio3.jpg","width":1024,"height":768},{"@type":"BreadcrumbList","@id":"https:\/\/mont-roig.cat\/es\/actualitat\/noticies\/la-antigua-cooperativa-agricola-de-mont-roig-del-camp-cede-su-fondo-documental-al-ayuntamiento\/#breadcrumb","itemListElement":[{"@type":"ListItem","position":1,"name":"Inici","item":"https:\/\/mont-roig.cat\/es\/pagina-de-inicio\/"},{"@type":"ListItem","position":2,"name":"La antigua Cooperativa Agr\u00edcola de Mont-roig del Camp cede su fondo documental al Ayuntamiento"}]},{"@type":"WebSite","@id":"https:\/\/mont-roig.cat\/es\/#website","url":"https:\/\/mont-roig.cat\/es\/","name":"Ajuntament de Mont-roig del Camp","description":"Tota la informaci\u00f3 sobre la instituci\u00f3, els seus \u00f2rgans de govern, actualitat, serveis i molt m\u00e9s.","potentialAction":[{"@type":"SearchAction","target":{"@type":"EntryPoint","urlTemplate":"https:\/\/mont-roig.cat\/es\/?s={search_term_string}"},"query-input":{"@type":"PropertyValueSpecification","valueRequired":true,"valueName":"search_term_string"}}],"inLanguage":"es"},{"@type":"Person","@id":"https:\/\/mont-roig.cat\/es\/#\/schema\/person\/f2b111789f22b7d0c3bd6786c9128cba","name":"administrador","image":{"@type":"ImageObject","inLanguage":"es","@id":"https:\/\/secure.gravatar.com\/avatar\/9137aac6891e2595c9d3036fd83bcb653b4db3c946db4c7d9b9be193c3c944bb?s=96&d=mm&r=g","url":"https:\/\/secure.gravatar.com\/avatar\/9137aac6891e2595c9d3036fd83bcb653b4db3c946db4c7d9b9be193c3c944bb?s=96&d=mm&r=g","contentUrl":"https:\/\/secure.gravatar.com\/avatar\/9137aac6891e2595c9d3036fd83bcb653b4db3c946db4c7d9b9be193c3c944bb?s=96&d=mm&r=g","caption":"administrador"},"url":"https:\/\/mont-roig.cat\/es\/actualitat\/noticies\/author\/administrador\/"}]}},"_links":{"self":[{"href":"https:\/\/mont-roig.cat\/es\/wp-json\/wp\/v2\/posts\/54544","targetHints":{"allow":["GET"]}}],"collection":[{"href":"https:\/\/mont-roig.cat\/es\/wp-json\/wp\/v2\/posts"}],"about":[{"href":"https:\/\/mont-roig.cat\/es\/wp-json\/wp\/v2\/types\/post"}],"author":[{"embeddable":true,"href":"https:\/\/mont-roig.cat\/es\/wp-json\/wp\/v2\/users\/4"}],"replies":[{"embeddable":true,"href":"https:\/\/mont-roig.cat\/es\/wp-json\/wp\/v2\/comments?post=54544"}],"version-history":[{"count":2,"href":"https:\/\/mont-roig.cat\/es\/wp-json\/wp\/v2\/posts\/54544\/revisions"}],"predecessor-version":[{"id":54547,"href":"https:\/\/mont-roig.cat\/es\/wp-json\/wp\/v2\/posts\/54544\/revisions\/54547"}],"wp:featuredmedia":[{"embeddable":true,"href":"https:\/\/mont-roig.cat\/es\/wp-json\/wp\/v2\/media\/54540"}],"wp:attachment":[{"href":"https:\/\/mont-roig.cat\/es\/wp-json\/wp\/v2\/media?parent=54544"}],"wp:term":[{"taxonomy":"category","embeddable":true,"href":"https:\/\/mont-roig.cat\/es\/wp-json\/wp\/v2\/categories?post=54544"},{"taxonomy":"post_tag","embeddable":true,"href":"https:\/\/mont-roig.cat\/es\/wp-json\/wp\/v2\/tags?post=54544"}],"curies":[{"name":"wp","href":"https:\/\/api.w.org\/{rel}","templated":true}]}}