{"id":54583,"date":"2021-03-31T10:25:14","date_gmt":"2021-03-31T08:25:14","guid":{"rendered":"https:\/\/mont-roig.cat\/?p=54583"},"modified":"2021-03-31T10:25:14","modified_gmt":"2021-03-31T08:25:14","slug":"las-bibliotecas-ponen-en-marcha-el-14o-concurso-de-puntos-de-libro","status":"publish","type":"post","link":"https:\/\/mont-roig.cat\/es\/actualitat\/noticies\/las-bibliotecas-ponen-en-marcha-el-14o-concurso-de-puntos-de-libro\/","title":{"rendered":"Las bibliotecas ponen en marcha el 14\u00ba concurso de puntos de libro"},"content":{"rendered":"<ul>\n<li><strong>La tem\u00e1tica es el reciclaje y la t\u00e9cnica que se debe utilizar es el collage<\/strong><\/li>\n<\/ul>\n<p><a href=\"https:\/\/mont-roig.cat\/wp-content\/uploads\/Concurs-Punts-llibre.jpg\"><img loading=\"lazy\" decoding=\"async\" class=\"alignright wp-image-54578 \" src=\"https:\/\/mont-roig.cat\/wp-content\/uploads\/Concurs-Punts-llibre-354x500.jpg\" alt=\"\" width=\"250\" height=\"353\" srcset=\"https:\/\/mont-roig.cat\/wp-content\/uploads\/Concurs-Punts-llibre-354x500.jpg 354w, https:\/\/mont-roig.cat\/wp-content\/uploads\/Concurs-Punts-llibre-724x1024.jpg 724w, https:\/\/mont-roig.cat\/wp-content\/uploads\/Concurs-Punts-llibre-768x1086.jpg 768w, https:\/\/mont-roig.cat\/wp-content\/uploads\/Concurs-Punts-llibre-1086x1536.jpg 1086w, https:\/\/mont-roig.cat\/wp-content\/uploads\/Concurs-Punts-llibre.jpg 1414w\" sizes=\"auto, (max-width: 250px) 100vw, 250px\" \/><\/a>Las bibliotecas Joan Mir\u00f3 y Miramar vuelven a organizar el Concurso de puntos de libro, llegando, en esta ocasi\u00f3n, a la decimocuarta edici\u00f3n. En esta edici\u00f3n, y con el objetivo de ayudar a difundir la campa\u00f1a Reducir y Reciclar, todo es empezar, la tem\u00e1tica elegida es el reciclaje y la t\u00e9cnica para realizar el marcap\u00e1ginas es el collage.<\/p>\n<p>Los trabajos se pueden presentar en las mismas bibliotecas hasta el 14 de abril. Estos deben estar dentro de un sobre cerrado donde se incluir\u00e1n nombre y apellido del autor\/a, n\u00famero de tel\u00e9fono, poblaci\u00f3n y categor\u00eda.<\/p>\n<p>Los puntos de libro deben estar hechos por una cara y deben tener un tama\u00f1o de 6 \u00d7 22 cm. Las creaciones deben ser en collage en cualquier material. El concurso cuenta con cuatro categor\u00edas. La categor\u00eda infantil se ha dividido en dos grupos, el infantil A hasta 6 a\u00f1os y el B hasta 12 a\u00f1os. La categor\u00eda juvenil contiene los trabajos de personas hasta 17 a\u00f1os y, por \u00faltimo, la categor\u00eda de adulto es a partir de 18 a\u00f1os.<\/p>\n<p>Los mejores trabajos de cada categor\u00eda ser\u00e1n premiados con un obsequio.<\/p>\n<p><a href=\"https:\/\/mont-roig.cat\/wp-content\/uploads\/BASES-14e-CONCURS-DE-PUNS-DE-LLIBRE-2021.pdf\" target=\"_blank\" rel=\"noopener\">BASES 14\u00ba CONCURSO DE PUNTOS DE LIBRO 2021<\/a><\/p>\n","protected":false},"excerpt":{"rendered":"<p>La tem\u00e1tica es el reciclaje y la t\u00e9cnica que se debe utilizar es el collage Las bibliotecas Joan Mir\u00f3 y Miramar vuelven a organizar el Concurso de puntos de libro, llegando, en esta ocasi\u00f3n, a la decimocuarta edici\u00f3n. En esta edici\u00f3n, y con el objetivo de ayudar a difundir la campa\u00f1a Reducir y Reciclar, todo [&hellip;]<\/p>\n","protected":false},"author":4,"featured_media":54579,"comment_status":"closed","ping_status":"closed","sticky":false,"template":"","format":"standard","meta":{"inline_featured_image":false,"_monsterinsights_skip_tracking":false,"_monsterinsights_sitenote_active":false,"_monsterinsights_sitenote_note":"","_monsterinsights_sitenote_category":0,"footnotes":""},"categories":[101],"tags":[],"class_list":["post-54583","post","type-post","status-publish","format-standard","has-post-thumbnail","hentry","category-cultura-es"],"yoast_head":"<!-- This site is optimized with the Yoast SEO plugin v27.4 - https:\/\/yoast.com\/product\/yoast-seo-wordpress\/ -->\n<title>Las bibliotecas ponen en marcha el 14\u00ba concurso de puntos de libro - Ajuntament de Mont-roig del Camp<\/title>\n<meta name=\"robots\" content=\"index, follow, max-snippet:-1, max-image-preview:large, max-video-preview:-1\" \/>\n<link rel=\"canonical\" href=\"https:\/\/mont-roig.cat\/es\/actualitat\/noticies\/las-bibliotecas-ponen-en-marcha-el-14o-concurso-de-puntos-de-libro\/\" \/>\n<meta property=\"og:locale\" content=\"es_ES\" \/>\n<meta property=\"og:type\" content=\"article\" \/>\n<meta property=\"og:title\" content=\"Las bibliotecas ponen en marcha el 14\u00ba concurso de puntos de libro - Ajuntament de Mont-roig del Camp\" \/>\n<meta property=\"og:description\" content=\"La tem\u00e1tica es el reciclaje y la t\u00e9cnica que se debe utilizar es el collage Las bibliotecas Joan Mir\u00f3 y Miramar vuelven a organizar el Concurso de puntos de libro, llegando, en esta ocasi\u00f3n, a la decimocuarta edici\u00f3n. En esta edici\u00f3n, y con el objetivo de ayudar a difundir la campa\u00f1a Reducir y Reciclar, todo [&hellip;]\" \/>\n<meta property=\"og:url\" content=\"https:\/\/mont-roig.cat\/es\/actualitat\/noticies\/las-bibliotecas-ponen-en-marcha-el-14o-concurso-de-puntos-de-libro\/\" \/>\n<meta property=\"og:site_name\" content=\"Ajuntament de Mont-roig del Camp\" \/>\n<meta property=\"article:published_time\" content=\"2021-03-31T08:25:14+00:00\" \/>\n<meta property=\"og:image\" content=\"https:\/\/mont-roig.cat\/wp-content\/uploads\/Concurs-Punts-llibre.jpg\" \/>\n\t<meta property=\"og:image:width\" content=\"1414\" \/>\n\t<meta property=\"og:image:height\" content=\"2000\" \/>\n\t<meta property=\"og:image:type\" content=\"image\/jpeg\" \/>\n<meta name=\"author\" content=\"administrador\" \/>\n<meta name=\"twitter:card\" content=\"summary_large_image\" \/>\n<meta name=\"twitter:label1\" content=\"Escrito por\" \/>\n\t<meta name=\"twitter:data1\" content=\"administrador\" \/>\n\t<meta name=\"twitter:label2\" content=\"Tiempo de lectura\" \/>\n\t<meta name=\"twitter:data2\" content=\"2 minutos\" \/>\n<script type=\"application\/ld+json\" class=\"yoast-schema-graph\">{\"@context\":\"https:\\\/\\\/schema.org\",\"@graph\":[{\"@type\":\"Article\",\"@id\":\"https:\\\/\\\/mont-roig.cat\\\/es\\\/actualitat\\\/noticies\\\/las-bibliotecas-ponen-en-marcha-el-14o-concurso-de-puntos-de-libro\\\/#article\",\"isPartOf\":{\"@id\":\"https:\\\/\\\/mont-roig.cat\\\/es\\\/actualitat\\\/noticies\\\/las-bibliotecas-ponen-en-marcha-el-14o-concurso-de-puntos-de-libro\\\/\"},\"author\":{\"name\":\"administrador\",\"@id\":\"https:\\\/\\\/mont-roig.cat\\\/es\\\/#\\\/schema\\\/person\\\/f2b111789f22b7d0c3bd6786c9128cba\"},\"headline\":\"Las bibliotecas ponen en marcha el 14\u00ba concurso de puntos de libro\",\"datePublished\":\"2021-03-31T08:25:14+00:00\",\"mainEntityOfPage\":{\"@id\":\"https:\\\/\\\/mont-roig.cat\\\/es\\\/actualitat\\\/noticies\\\/las-bibliotecas-ponen-en-marcha-el-14o-concurso-de-puntos-de-libro\\\/\"},\"wordCount\":235,\"image\":{\"@id\":\"https:\\\/\\\/mont-roig.cat\\\/es\\\/actualitat\\\/noticies\\\/las-bibliotecas-ponen-en-marcha-el-14o-concurso-de-puntos-de-libro\\\/#primaryimage\"},\"thumbnailUrl\":\"https:\\\/\\\/mont-roig.cat\\\/wp-content\\\/uploads\\\/Concurs-Punts-llibre.jpg\",\"articleSection\":[\"Cultura\"],\"inLanguage\":\"es\"},{\"@type\":\"WebPage\",\"@id\":\"https:\\\/\\\/mont-roig.cat\\\/es\\\/actualitat\\\/noticies\\\/las-bibliotecas-ponen-en-marcha-el-14o-concurso-de-puntos-de-libro\\\/\",\"url\":\"https:\\\/\\\/mont-roig.cat\\\/es\\\/actualitat\\\/noticies\\\/las-bibliotecas-ponen-en-marcha-el-14o-concurso-de-puntos-de-libro\\\/\",\"name\":\"Las bibliotecas ponen en marcha el 14\u00ba concurso de puntos de libro - Ajuntament de Mont-roig del Camp\",\"isPartOf\":{\"@id\":\"https:\\\/\\\/mont-roig.cat\\\/es\\\/#website\"},\"primaryImageOfPage\":{\"@id\":\"https:\\\/\\\/mont-roig.cat\\\/es\\\/actualitat\\\/noticies\\\/las-bibliotecas-ponen-en-marcha-el-14o-concurso-de-puntos-de-libro\\\/#primaryimage\"},\"image\":{\"@id\":\"https:\\\/\\\/mont-roig.cat\\\/es\\\/actualitat\\\/noticies\\\/las-bibliotecas-ponen-en-marcha-el-14o-concurso-de-puntos-de-libro\\\/#primaryimage\"},\"thumbnailUrl\":\"https:\\\/\\\/mont-roig.cat\\\/wp-content\\\/uploads\\\/Concurs-Punts-llibre.jpg\",\"datePublished\":\"2021-03-31T08:25:14+00:00\",\"author\":{\"@id\":\"https:\\\/\\\/mont-roig.cat\\\/es\\\/#\\\/schema\\\/person\\\/f2b111789f22b7d0c3bd6786c9128cba\"},\"breadcrumb\":{\"@id\":\"https:\\\/\\\/mont-roig.cat\\\/es\\\/actualitat\\\/noticies\\\/las-bibliotecas-ponen-en-marcha-el-14o-concurso-de-puntos-de-libro\\\/#breadcrumb\"},\"inLanguage\":\"es\",\"potentialAction\":[{\"@type\":\"ReadAction\",\"target\":[\"https:\\\/\\\/mont-roig.cat\\\/es\\\/actualitat\\\/noticies\\\/las-bibliotecas-ponen-en-marcha-el-14o-concurso-de-puntos-de-libro\\\/\"]}]},{\"@type\":\"ImageObject\",\"inLanguage\":\"es\",\"@id\":\"https:\\\/\\\/mont-roig.cat\\\/es\\\/actualitat\\\/noticies\\\/las-bibliotecas-ponen-en-marcha-el-14o-concurso-de-puntos-de-libro\\\/#primaryimage\",\"url\":\"https:\\\/\\\/mont-roig.cat\\\/wp-content\\\/uploads\\\/Concurs-Punts-llibre.jpg\",\"contentUrl\":\"https:\\\/\\\/mont-roig.cat\\\/wp-content\\\/uploads\\\/Concurs-Punts-llibre.jpg\",\"width\":1414,\"height\":2000},{\"@type\":\"BreadcrumbList\",\"@id\":\"https:\\\/\\\/mont-roig.cat\\\/es\\\/actualitat\\\/noticies\\\/las-bibliotecas-ponen-en-marcha-el-14o-concurso-de-puntos-de-libro\\\/#breadcrumb\",\"itemListElement\":[{\"@type\":\"ListItem\",\"position\":1,\"name\":\"Inici\",\"item\":\"https:\\\/\\\/mont-roig.cat\\\/es\\\/pagina-de-inicio\\\/\"},{\"@type\":\"ListItem\",\"position\":2,\"name\":\"Las bibliotecas ponen en marcha el 14\u00ba concurso de puntos de libro\"}]},{\"@type\":\"WebSite\",\"@id\":\"https:\\\/\\\/mont-roig.cat\\\/es\\\/#website\",\"url\":\"https:\\\/\\\/mont-roig.cat\\\/es\\\/\",\"name\":\"Ajuntament de Mont-roig del Camp\",\"description\":\"Tota la informaci\u00f3 sobre la instituci\u00f3, els seus \u00f2rgans de govern, actualitat, serveis i molt m\u00e9s.\",\"potentialAction\":[{\"@type\":\"SearchAction\",\"target\":{\"@type\":\"EntryPoint\",\"urlTemplate\":\"https:\\\/\\\/mont-roig.cat\\\/es\\\/?s={search_term_string}\"},\"query-input\":{\"@type\":\"PropertyValueSpecification\",\"valueRequired\":true,\"valueName\":\"search_term_string\"}}],\"inLanguage\":\"es\"},{\"@type\":\"Person\",\"@id\":\"https:\\\/\\\/mont-roig.cat\\\/es\\\/#\\\/schema\\\/person\\\/f2b111789f22b7d0c3bd6786c9128cba\",\"name\":\"administrador\",\"image\":{\"@type\":\"ImageObject\",\"inLanguage\":\"es\",\"@id\":\"https:\\\/\\\/secure.gravatar.com\\\/avatar\\\/9137aac6891e2595c9d3036fd83bcb653b4db3c946db4c7d9b9be193c3c944bb?s=96&d=mm&r=g\",\"url\":\"https:\\\/\\\/secure.gravatar.com\\\/avatar\\\/9137aac6891e2595c9d3036fd83bcb653b4db3c946db4c7d9b9be193c3c944bb?s=96&d=mm&r=g\",\"contentUrl\":\"https:\\\/\\\/secure.gravatar.com\\\/avatar\\\/9137aac6891e2595c9d3036fd83bcb653b4db3c946db4c7d9b9be193c3c944bb?s=96&d=mm&r=g\",\"caption\":\"administrador\"},\"url\":\"https:\\\/\\\/mont-roig.cat\\\/es\\\/actualitat\\\/noticies\\\/author\\\/administrador\\\/\"}]}<\/script>\n<!-- \/ Yoast SEO plugin. -->","yoast_head_json":{"title":"Las bibliotecas ponen en marcha el 14\u00ba concurso de puntos de libro - Ajuntament de Mont-roig del Camp","robots":{"index":"index","follow":"follow","max-snippet":"max-snippet:-1","max-image-preview":"max-image-preview:large","max-video-preview":"max-video-preview:-1"},"canonical":"https:\/\/mont-roig.cat\/es\/actualitat\/noticies\/las-bibliotecas-ponen-en-marcha-el-14o-concurso-de-puntos-de-libro\/","og_locale":"es_ES","og_type":"article","og_title":"Las bibliotecas ponen en marcha el 14\u00ba concurso de puntos de libro - Ajuntament de Mont-roig del Camp","og_description":"La tem\u00e1tica es el reciclaje y la t\u00e9cnica que se debe utilizar es el collage Las bibliotecas Joan Mir\u00f3 y Miramar vuelven a organizar el Concurso de puntos de libro, llegando, en esta ocasi\u00f3n, a la decimocuarta edici\u00f3n. En esta edici\u00f3n, y con el objetivo de ayudar a difundir la campa\u00f1a Reducir y Reciclar, todo [&hellip;]","og_url":"https:\/\/mont-roig.cat\/es\/actualitat\/noticies\/las-bibliotecas-ponen-en-marcha-el-14o-concurso-de-puntos-de-libro\/","og_site_name":"Ajuntament de Mont-roig del Camp","article_published_time":"2021-03-31T08:25:14+00:00","og_image":[{"width":1414,"height":2000,"url":"https:\/\/mont-roig.cat\/wp-content\/uploads\/Concurs-Punts-llibre.jpg","type":"image\/jpeg"}],"author":"administrador","twitter_card":"summary_large_image","twitter_misc":{"Escrito por":"administrador","Tiempo de lectura":"2 minutos"},"schema":{"@context":"https:\/\/schema.org","@graph":[{"@type":"Article","@id":"https:\/\/mont-roig.cat\/es\/actualitat\/noticies\/las-bibliotecas-ponen-en-marcha-el-14o-concurso-de-puntos-de-libro\/#article","isPartOf":{"@id":"https:\/\/mont-roig.cat\/es\/actualitat\/noticies\/las-bibliotecas-ponen-en-marcha-el-14o-concurso-de-puntos-de-libro\/"},"author":{"name":"administrador","@id":"https:\/\/mont-roig.cat\/es\/#\/schema\/person\/f2b111789f22b7d0c3bd6786c9128cba"},"headline":"Las bibliotecas ponen en marcha el 14\u00ba concurso de puntos de libro","datePublished":"2021-03-31T08:25:14+00:00","mainEntityOfPage":{"@id":"https:\/\/mont-roig.cat\/es\/actualitat\/noticies\/las-bibliotecas-ponen-en-marcha-el-14o-concurso-de-puntos-de-libro\/"},"wordCount":235,"image":{"@id":"https:\/\/mont-roig.cat\/es\/actualitat\/noticies\/las-bibliotecas-ponen-en-marcha-el-14o-concurso-de-puntos-de-libro\/#primaryimage"},"thumbnailUrl":"https:\/\/mont-roig.cat\/wp-content\/uploads\/Concurs-Punts-llibre.jpg","articleSection":["Cultura"],"inLanguage":"es"},{"@type":"WebPage","@id":"https:\/\/mont-roig.cat\/es\/actualitat\/noticies\/las-bibliotecas-ponen-en-marcha-el-14o-concurso-de-puntos-de-libro\/","url":"https:\/\/mont-roig.cat\/es\/actualitat\/noticies\/las-bibliotecas-ponen-en-marcha-el-14o-concurso-de-puntos-de-libro\/","name":"Las bibliotecas ponen en marcha el 14\u00ba concurso de puntos de libro - Ajuntament de Mont-roig del Camp","isPartOf":{"@id":"https:\/\/mont-roig.cat\/es\/#website"},"primaryImageOfPage":{"@id":"https:\/\/mont-roig.cat\/es\/actualitat\/noticies\/las-bibliotecas-ponen-en-marcha-el-14o-concurso-de-puntos-de-libro\/#primaryimage"},"image":{"@id":"https:\/\/mont-roig.cat\/es\/actualitat\/noticies\/las-bibliotecas-ponen-en-marcha-el-14o-concurso-de-puntos-de-libro\/#primaryimage"},"thumbnailUrl":"https:\/\/mont-roig.cat\/wp-content\/uploads\/Concurs-Punts-llibre.jpg","datePublished":"2021-03-31T08:25:14+00:00","author":{"@id":"https:\/\/mont-roig.cat\/es\/#\/schema\/person\/f2b111789f22b7d0c3bd6786c9128cba"},"breadcrumb":{"@id":"https:\/\/mont-roig.cat\/es\/actualitat\/noticies\/las-bibliotecas-ponen-en-marcha-el-14o-concurso-de-puntos-de-libro\/#breadcrumb"},"inLanguage":"es","potentialAction":[{"@type":"ReadAction","target":["https:\/\/mont-roig.cat\/es\/actualitat\/noticies\/las-bibliotecas-ponen-en-marcha-el-14o-concurso-de-puntos-de-libro\/"]}]},{"@type":"ImageObject","inLanguage":"es","@id":"https:\/\/mont-roig.cat\/es\/actualitat\/noticies\/las-bibliotecas-ponen-en-marcha-el-14o-concurso-de-puntos-de-libro\/#primaryimage","url":"https:\/\/mont-roig.cat\/wp-content\/uploads\/Concurs-Punts-llibre.jpg","contentUrl":"https:\/\/mont-roig.cat\/wp-content\/uploads\/Concurs-Punts-llibre.jpg","width":1414,"height":2000},{"@type":"BreadcrumbList","@id":"https:\/\/mont-roig.cat\/es\/actualitat\/noticies\/las-bibliotecas-ponen-en-marcha-el-14o-concurso-de-puntos-de-libro\/#breadcrumb","itemListElement":[{"@type":"ListItem","position":1,"name":"Inici","item":"https:\/\/mont-roig.cat\/es\/pagina-de-inicio\/"},{"@type":"ListItem","position":2,"name":"Las bibliotecas ponen en marcha el 14\u00ba concurso de puntos de libro"}]},{"@type":"WebSite","@id":"https:\/\/mont-roig.cat\/es\/#website","url":"https:\/\/mont-roig.cat\/es\/","name":"Ajuntament de Mont-roig del Camp","description":"Tota la informaci\u00f3 sobre la instituci\u00f3, els seus \u00f2rgans de govern, actualitat, serveis i molt m\u00e9s.","potentialAction":[{"@type":"SearchAction","target":{"@type":"EntryPoint","urlTemplate":"https:\/\/mont-roig.cat\/es\/?s={search_term_string}"},"query-input":{"@type":"PropertyValueSpecification","valueRequired":true,"valueName":"search_term_string"}}],"inLanguage":"es"},{"@type":"Person","@id":"https:\/\/mont-roig.cat\/es\/#\/schema\/person\/f2b111789f22b7d0c3bd6786c9128cba","name":"administrador","image":{"@type":"ImageObject","inLanguage":"es","@id":"https:\/\/secure.gravatar.com\/avatar\/9137aac6891e2595c9d3036fd83bcb653b4db3c946db4c7d9b9be193c3c944bb?s=96&d=mm&r=g","url":"https:\/\/secure.gravatar.com\/avatar\/9137aac6891e2595c9d3036fd83bcb653b4db3c946db4c7d9b9be193c3c944bb?s=96&d=mm&r=g","contentUrl":"https:\/\/secure.gravatar.com\/avatar\/9137aac6891e2595c9d3036fd83bcb653b4db3c946db4c7d9b9be193c3c944bb?s=96&d=mm&r=g","caption":"administrador"},"url":"https:\/\/mont-roig.cat\/es\/actualitat\/noticies\/author\/administrador\/"}]}},"_links":{"self":[{"href":"https:\/\/mont-roig.cat\/es\/wp-json\/wp\/v2\/posts\/54583","targetHints":{"allow":["GET"]}}],"collection":[{"href":"https:\/\/mont-roig.cat\/es\/wp-json\/wp\/v2\/posts"}],"about":[{"href":"https:\/\/mont-roig.cat\/es\/wp-json\/wp\/v2\/types\/post"}],"author":[{"embeddable":true,"href":"https:\/\/mont-roig.cat\/es\/wp-json\/wp\/v2\/users\/4"}],"replies":[{"embeddable":true,"href":"https:\/\/mont-roig.cat\/es\/wp-json\/wp\/v2\/comments?post=54583"}],"version-history":[{"count":2,"href":"https:\/\/mont-roig.cat\/es\/wp-json\/wp\/v2\/posts\/54583\/revisions"}],"predecessor-version":[{"id":54585,"href":"https:\/\/mont-roig.cat\/es\/wp-json\/wp\/v2\/posts\/54583\/revisions\/54585"}],"wp:featuredmedia":[{"embeddable":true,"href":"https:\/\/mont-roig.cat\/es\/wp-json\/wp\/v2\/media\/54579"}],"wp:attachment":[{"href":"https:\/\/mont-roig.cat\/es\/wp-json\/wp\/v2\/media?parent=54583"}],"wp:term":[{"taxonomy":"category","embeddable":true,"href":"https:\/\/mont-roig.cat\/es\/wp-json\/wp\/v2\/categories?post=54583"},{"taxonomy":"post_tag","embeddable":true,"href":"https:\/\/mont-roig.cat\/es\/wp-json\/wp\/v2\/tags?post=54583"}],"curies":[{"name":"wp","href":"https:\/\/api.w.org\/{rel}","templated":true}]}}