{"id":54640,"date":"2021-04-07T12:17:17","date_gmt":"2021-04-07T10:17:17","guid":{"rendered":"https:\/\/mont-roig.cat\/?p=54640"},"modified":"2021-04-07T12:17:17","modified_gmt":"2021-04-07T10:17:17","slug":"el-ayuntamiento-de-mont-roig-del-camp-inicia-trabajos-preventivos-para-frenar-la-expansion-de-la-avispa-asiatica","status":"publish","type":"post","link":"https:\/\/mont-roig.cat\/es\/actualitat\/noticies\/el-ayuntamiento-de-mont-roig-del-camp-inicia-trabajos-preventivos-para-frenar-la-expansion-de-la-avispa-asiatica\/","title":{"rendered":"El Ayuntamiento de Mont-roig del Camp inicia trabajos preventivos para frenar la expansi\u00f3n de la avispa asi\u00e0tica"},"content":{"rendered":"<ul>\n<li><strong>Se trata de una especie invasora que supone un peligro para la apicultura y la biodiversidad<\/strong><\/li>\n<li><strong> En caso de detectarse alg\u00fan ejemplar o un nido, hay que ponerse en contacto con el departamento de Medio Ambiente del Ayuntamiento al 977 83 70 05 para que se pueda activar el protocolo de actuaci\u00f3n<\/strong><\/li>\n<\/ul>\n<p>El Ayuntamiento de Mont-roig del Camp ha iniciado trabajos de prevenci\u00f3n para evitar la proliferaci\u00f3n de la avispa velutina, una especie invasora proveniente del sudeste asi\u00e1tico, que representa una amenaza grave para la biodiversidad aut\u00f3ctona.<\/p>\n<div id=\"attachment_54629\" style=\"width: 260px\" class=\"wp-caption alignright\"><a href=\"https:\/\/mont-roig.cat\/wp-content\/uploads\/trampa-vespes.jpeg\"><img loading=\"lazy\" decoding=\"async\" aria-describedby=\"caption-attachment-54629\" class=\"wp-image-54629\" src=\"https:\/\/mont-roig.cat\/wp-content\/uploads\/trampa-vespes-281x500.jpeg\" alt=\"\" width=\"250\" height=\"444\" srcset=\"https:\/\/mont-roig.cat\/wp-content\/uploads\/trampa-vespes-281x500.jpeg 281w, https:\/\/mont-roig.cat\/wp-content\/uploads\/trampa-vespes.jpeg 576w\" sizes=\"auto, (max-width: 250px) 100vw, 250px\" \/><\/a><p id=\"caption-attachment-54629\" class=\"wp-caption-text\">Se han instalado varias trampas que se controlan semanalmente<\/p><\/div>\n<p>Las acciones, que son preventivas y se llevan a cabo a trav\u00e9s de una empresa especializada, consisten en la colocaci\u00f3n de trampas para atraer las avispas reinas y cazarlas, evitando que formen nidos y desarrollen nuevas colonias. Las trampas, un total de 20 unidades, se han colocado en las zonas del municipio donde ya se han detectado algunos ejemplares los \u00faltimos dos a\u00f1os. Estos trabajos, que incluyen un control semanal de las trampas, tienen el objetivo de evitar su proliferaci\u00f3n y adelantarse a la fase de detecci\u00f3n de los ejemplares y nidos, momento en que se activan los protocolos para eliminarlas.<\/p>\n<p><strong>Llama a la colaboraci\u00f3n ciudadana para detectarla<\/strong><\/p>\n<p>Sin embargo, en caso de que alg\u00fan vecino o vecina detecte alg\u00fan nido o vea avispas de este tipo en alg\u00fan lugar del municipio se pide que se ponga en contacto de forma inmediata con el departamento de Medio Ambiente del Ayuntamiento, para que se pueda activar el protocolo de actuaci\u00f3n. El aviso al Ayuntamiento se puede hacer a trav\u00e9s del tel\u00e9fono 977 83 70 05 o bien a trav\u00e9s del correo electr\u00f3nico ajuntament@mont-roig.cat adjuntando, siempre que sea posible, fotograf\u00eda del ejemplar y referencia de la ubicaci\u00f3n.<\/p>\n<p>Una vez recibido el aviso, el Ayuntamiento se pone en contacto con los agentes rurales con quienes se trabaja para geolocalizar el nido y hacer el posterior seguimiento, evoluci\u00f3n y eliminaci\u00f3n.<\/p>\n<p><strong>Origen y presencia en el municipio<\/strong><\/p>\n<p><strong>Detectada<\/strong> en Europa en <strong>2004<\/strong>, la avispa asi\u00e1tica se est\u00e1 expandiendo r\u00e1pidamente por el continente porque no tiene ning\u00fan depredador natural y que las condiciones clim\u00e1ticas le son favorables. Las avispas adultas se alimentan de l\u00edquidos dulces (n\u00e9ctar y miel) y tambi\u00e9n de fruta madura. Las larvas se alimentan de abejas y de otros tipos de insectos que son capturados por los adultos y transportados a los nidos.<\/p>\n<p>Una de las especies m\u00e1s afectadas es la abeja de la miel que, aparte de ser importante para la apicultura, tiene un papel clave en la polinizaci\u00f3n.<\/p>\n<p>La avispa velutina instala sus nidos, preferentemente, en las ramas altas de los \u00e1rboles, tanto en las zonas urbanas como agr\u00edcolas o boscosas.<\/p>\n<div id=\"attachment_54621\" style=\"width: 260px\" class=\"wp-caption alignright\"><a href=\"https:\/\/mont-roig.cat\/wp-content\/uploads\/IMG_20210304_122722.jpg\"><img loading=\"lazy\" decoding=\"async\" aria-describedby=\"caption-attachment-54621\" class=\"wp-image-54621\" src=\"https:\/\/mont-roig.cat\/wp-content\/uploads\/IMG_20210304_122722-375x500.jpg\" alt=\"\" width=\"250\" height=\"333\" srcset=\"https:\/\/mont-roig.cat\/wp-content\/uploads\/IMG_20210304_122722-375x500.jpg 375w, https:\/\/mont-roig.cat\/wp-content\/uploads\/IMG_20210304_122722-768x1024.jpg 768w, https:\/\/mont-roig.cat\/wp-content\/uploads\/IMG_20210304_122722-1152x1536.jpg 1152w, https:\/\/mont-roig.cat\/wp-content\/uploads\/IMG_20210304_122722-scaled.jpg 1536w\" sizes=\"auto, (max-width: 250px) 100vw, 250px\" \/><\/a><p id=\"caption-attachment-54621\" class=\"wp-caption-text\">Nido localizado en la urbanizaci\u00f3n Rustical Balneari<\/p><\/div>\n<p>En Mont-roig del Camp se detect\u00f3 su presencia, por primera vez en 2019, cuando se localiz\u00f3 un nido en la urbanizaci\u00f3n Rustical Balneario. A finales de 2020 se localiz\u00f3 otro nido en la misma urbanizaci\u00f3n, a 100 metros de la anterior. En este \u00faltimo caso, estaba ubicado en un pino, a 15 metros de altura y ten\u00eda un di\u00e1metro de 90 cm.<\/p>\n<p>La llegada del calor es la \u00e9poca en que se activan las avispas reinas para empezar a formar los nidos y las colonias, momento en que es importante activar los protocolos en caso de detectarlas.<\/p>\n<p><strong>Como la podemos reconocer?<\/strong><\/p>\n<ul>\n<li>La avispa asi\u00e1tica tiene las patas amarillas y la aut\u00f3ctona marrones<\/li>\n<li>La avispa asi\u00e1tica tiene la parte central del cuerpo y buena parte de la cabeza de color negro. El aut\u00f3ctona tiende m\u00e1s al marr\u00f3n.<\/li>\n<li>La avispa asi\u00e1tica s\u00f3lo tiene el extremo del abdomen de color amarillo. El aut\u00f3ctona tiene m\u00e1s de la mitad del abdomen amarillo.<\/li>\n<li>Las avispas reinas se pasan el invierno hibernando y hasta marzo-abril que salen para empezar a construir sus nidos. En septiembre-octubre es cuando los nidos son m\u00e1s grandes y con el m\u00e1ximo de avispas dentro.<\/li>\n<\/ul>\n<p><strong><a href=\"https:\/\/mont-roig.cat\/wp-content\/uploads\/vespa.jpg\"><img loading=\"lazy\" decoding=\"async\" class=\"alignnone wp-image-54631\" src=\"https:\/\/mont-roig.cat\/wp-content\/uploads\/vespa-500x280.jpg\" alt=\"\" width=\"300\" height=\"168\" srcset=\"https:\/\/mont-roig.cat\/wp-content\/uploads\/vespa-500x280.jpg 500w, https:\/\/mont-roig.cat\/wp-content\/uploads\/vespa.jpg 750w\" sizes=\"auto, (max-width: 300px) 100vw, 300px\" \/><\/a>\u00a0 \u00a0 \u00a0 \u00a0 \u00a0 <a href=\"https:\/\/mont-roig.cat\/wp-content\/uploads\/vespes.jpg\"><img loading=\"lazy\" decoding=\"async\" class=\"alignnone wp-image-54633\" src=\"https:\/\/mont-roig.cat\/wp-content\/uploads\/vespes-500x280.jpg\" alt=\"\" width=\"300\" height=\"168\" srcset=\"https:\/\/mont-roig.cat\/wp-content\/uploads\/vespes-500x280.jpg 500w, https:\/\/mont-roig.cat\/wp-content\/uploads\/vespes.jpg 750w\" sizes=\"auto, (max-width: 300px) 100vw, 300px\" \/><\/a><\/strong><\/p>\n<p><strong>Peligros de la avispa asi\u00e1tica<\/strong><\/p>\n<ul>\n<li>Predador muy agresivo de las abejas as\u00ed como de avispas y otros polinizadores importantes.<\/li>\n<li>Grave impacto en la biodiversidad de insectos nativos y en los servicios de polinizaci\u00f3n en general.<\/li>\n<li>Da\u00f1os econ\u00f3micos a los apicultores. El 80% de la dieta son larvas de abeja.<\/li>\n<li>Efecto negativo en la polinizaci\u00f3n que puede provocar una p\u00e9rdida de producci\u00f3n &#8211; frutos.<\/li>\n<\/ul>\n<p><strong>\u00bfQu\u00e9 hacer en caso de picadura?<\/strong><\/p>\n<p>Respecto a la salud humana, su incidencia sobre la poblaci\u00f3n es similar a las otras avispas aut\u00f3ctonas. Pica en el momento en que es molestada o bien si nos acercamos a su nido.<\/p>\n<p>Las picaduras duelen por el tama\u00f1o grande del aguij\u00f3n, aunque no son m\u00e1s peligrosas que las de las avispas aut\u00f3ctonas. La mayor\u00eda de personas que reciben una picadura de una avispa asi\u00e1tica presentan s\u00edntomas locales de dolor, enrojecimiento e inflamaci\u00f3n de la zona de penetraci\u00f3n del veneno, que desaparece tras varios d\u00edas.<\/p>\n<p>En caso de picadura:<\/p>\n<ol>\n<li>Lavar la zona de la picadura con agua y jab\u00f3n y si se puede aplicar hielo o agua fr\u00eda.<\/li>\n<li>A los primeros momentos de la picadura se puede intentar desnaturalizar los componentes del veneno usando calor a la picadura, tal y como se puede hacer en la picadura de otras avispas.<\/li>\n<li>A las personas al\u00e9rgicas pueden aparecer s\u00edntomas generales como picaz\u00f3n en todo el cuerpo, subida de la temperatura corporal, bajada de la tensi\u00f3n arterial, problemas respiratorios, problemas cardiovasculares y otros s\u00edntomas graves.<\/li>\n<li>En caso de picaduras m\u00faltiples la inoculaci\u00f3n del veneno tambi\u00e9n puede provocar estos s\u00edntomas generales graves.<\/li>\n<li>Despu\u00e9s de un ataque de avispa asi\u00e1tica si se observan estos s\u00edntomas generales, hay que llamar al 061 o asistir a un centro m\u00e9dico.<\/li>\n<\/ol>\n","protected":false},"excerpt":{"rendered":"<p>Se trata de una especie invasora que supone un peligro para la apicultura y la biodiversidad En caso de detectarse alg\u00fan ejemplar o un nido, hay que ponerse en contacto con el departamento de Medio Ambiente del Ayuntamiento al 977 83 70 05 para que se pueda activar el protocolo de actuaci\u00f3n El Ayuntamiento de [&hellip;]<\/p>\n","protected":false},"author":4,"featured_media":54639,"comment_status":"closed","ping_status":"closed","sticky":false,"template":"","format":"standard","meta":{"inline_featured_image":false,"_monsterinsights_skip_tracking":false,"_monsterinsights_sitenote_active":false,"_monsterinsights_sitenote_note":"","_monsterinsights_sitenote_category":0,"footnotes":""},"categories":[98,107],"tags":[],"class_list":["post-54640","post","type-post","status-publish","format-standard","has-post-thumbnail","hentry","category-ayuntamiento","category-medio-ambiente"],"yoast_head":"<!-- This site is optimized with the Yoast SEO plugin v27.4 - https:\/\/yoast.com\/product\/yoast-seo-wordpress\/ -->\n<title>El Ayuntamiento de Mont-roig del Camp inicia trabajos preventivos para frenar la expansi\u00f3n de la avispa asi\u00e0tica - Ajuntament de Mont-roig del Camp<\/title>\n<meta name=\"robots\" content=\"index, follow, max-snippet:-1, max-image-preview:large, max-video-preview:-1\" \/>\n<link rel=\"canonical\" href=\"https:\/\/mont-roig.cat\/es\/actualitat\/noticies\/el-ayuntamiento-de-mont-roig-del-camp-inicia-trabajos-preventivos-para-frenar-la-expansion-de-la-avispa-asiatica\/\" \/>\n<meta property=\"og:locale\" content=\"es_ES\" \/>\n<meta property=\"og:type\" content=\"article\" \/>\n<meta property=\"og:title\" content=\"El Ayuntamiento de Mont-roig del Camp inicia trabajos preventivos para frenar la expansi\u00f3n de la avispa asi\u00e0tica - Ajuntament de Mont-roig del Camp\" \/>\n<meta property=\"og:description\" content=\"Se trata de una especie invasora que supone un peligro para la apicultura y la biodiversidad En caso de detectarse alg\u00fan ejemplar o un nido, hay que ponerse en contacto con el departamento de Medio Ambiente del Ayuntamiento al 977 83 70 05 para que se pueda activar el protocolo de actuaci\u00f3n El Ayuntamiento de [&hellip;]\" \/>\n<meta property=\"og:url\" content=\"https:\/\/mont-roig.cat\/es\/actualitat\/noticies\/el-ayuntamiento-de-mont-roig-del-camp-inicia-trabajos-preventivos-para-frenar-la-expansion-de-la-avispa-asiatica\/\" \/>\n<meta property=\"og:site_name\" content=\"Ajuntament de Mont-roig del Camp\" \/>\n<meta property=\"article:published_time\" content=\"2021-04-07T10:17:17+00:00\" \/>\n<meta property=\"og:image\" content=\"https:\/\/mont-roig.cat\/wp-content\/uploads\/vespa-asiatica.jpg\" \/>\n\t<meta property=\"og:image:width\" content=\"670\" \/>\n\t<meta property=\"og:image:height\" content=\"377\" \/>\n\t<meta property=\"og:image:type\" content=\"image\/jpeg\" \/>\n<meta name=\"author\" content=\"administrador\" \/>\n<meta name=\"twitter:card\" content=\"summary_large_image\" \/>\n<meta name=\"twitter:label1\" content=\"Escrito por\" \/>\n\t<meta name=\"twitter:data1\" content=\"administrador\" \/>\n\t<meta name=\"twitter:label2\" content=\"Tiempo de lectura\" \/>\n\t<meta name=\"twitter:data2\" content=\"5 minutos\" \/>\n<script type=\"application\/ld+json\" class=\"yoast-schema-graph\">{\"@context\":\"https:\\\/\\\/schema.org\",\"@graph\":[{\"@type\":\"Article\",\"@id\":\"https:\\\/\\\/mont-roig.cat\\\/es\\\/actualitat\\\/noticies\\\/el-ayuntamiento-de-mont-roig-del-camp-inicia-trabajos-preventivos-para-frenar-la-expansion-de-la-avispa-asiatica\\\/#article\",\"isPartOf\":{\"@id\":\"https:\\\/\\\/mont-roig.cat\\\/es\\\/actualitat\\\/noticies\\\/el-ayuntamiento-de-mont-roig-del-camp-inicia-trabajos-preventivos-para-frenar-la-expansion-de-la-avispa-asiatica\\\/\"},\"author\":{\"name\":\"administrador\",\"@id\":\"https:\\\/\\\/mont-roig.cat\\\/es\\\/#\\\/schema\\\/person\\\/f2b111789f22b7d0c3bd6786c9128cba\"},\"headline\":\"El Ayuntamiento de Mont-roig del Camp inicia trabajos preventivos para frenar la expansi\u00f3n de la avispa asi\u00e0tica\",\"datePublished\":\"2021-04-07T10:17:17+00:00\",\"mainEntityOfPage\":{\"@id\":\"https:\\\/\\\/mont-roig.cat\\\/es\\\/actualitat\\\/noticies\\\/el-ayuntamiento-de-mont-roig-del-camp-inicia-trabajos-preventivos-para-frenar-la-expansion-de-la-avispa-asiatica\\\/\"},\"wordCount\":1030,\"image\":{\"@id\":\"https:\\\/\\\/mont-roig.cat\\\/es\\\/actualitat\\\/noticies\\\/el-ayuntamiento-de-mont-roig-del-camp-inicia-trabajos-preventivos-para-frenar-la-expansion-de-la-avispa-asiatica\\\/#primaryimage\"},\"thumbnailUrl\":\"https:\\\/\\\/mont-roig.cat\\\/wp-content\\\/uploads\\\/vespa-asiatica.jpg\",\"articleSection\":[\"Ayuntamiento\",\"Medio Ambiente\"],\"inLanguage\":\"es\"},{\"@type\":\"WebPage\",\"@id\":\"https:\\\/\\\/mont-roig.cat\\\/es\\\/actualitat\\\/noticies\\\/el-ayuntamiento-de-mont-roig-del-camp-inicia-trabajos-preventivos-para-frenar-la-expansion-de-la-avispa-asiatica\\\/\",\"url\":\"https:\\\/\\\/mont-roig.cat\\\/es\\\/actualitat\\\/noticies\\\/el-ayuntamiento-de-mont-roig-del-camp-inicia-trabajos-preventivos-para-frenar-la-expansion-de-la-avispa-asiatica\\\/\",\"name\":\"El Ayuntamiento de Mont-roig del Camp inicia trabajos preventivos para frenar la expansi\u00f3n de la avispa asi\u00e0tica - Ajuntament de Mont-roig del Camp\",\"isPartOf\":{\"@id\":\"https:\\\/\\\/mont-roig.cat\\\/es\\\/#website\"},\"primaryImageOfPage\":{\"@id\":\"https:\\\/\\\/mont-roig.cat\\\/es\\\/actualitat\\\/noticies\\\/el-ayuntamiento-de-mont-roig-del-camp-inicia-trabajos-preventivos-para-frenar-la-expansion-de-la-avispa-asiatica\\\/#primaryimage\"},\"image\":{\"@id\":\"https:\\\/\\\/mont-roig.cat\\\/es\\\/actualitat\\\/noticies\\\/el-ayuntamiento-de-mont-roig-del-camp-inicia-trabajos-preventivos-para-frenar-la-expansion-de-la-avispa-asiatica\\\/#primaryimage\"},\"thumbnailUrl\":\"https:\\\/\\\/mont-roig.cat\\\/wp-content\\\/uploads\\\/vespa-asiatica.jpg\",\"datePublished\":\"2021-04-07T10:17:17+00:00\",\"author\":{\"@id\":\"https:\\\/\\\/mont-roig.cat\\\/es\\\/#\\\/schema\\\/person\\\/f2b111789f22b7d0c3bd6786c9128cba\"},\"breadcrumb\":{\"@id\":\"https:\\\/\\\/mont-roig.cat\\\/es\\\/actualitat\\\/noticies\\\/el-ayuntamiento-de-mont-roig-del-camp-inicia-trabajos-preventivos-para-frenar-la-expansion-de-la-avispa-asiatica\\\/#breadcrumb\"},\"inLanguage\":\"es\",\"potentialAction\":[{\"@type\":\"ReadAction\",\"target\":[\"https:\\\/\\\/mont-roig.cat\\\/es\\\/actualitat\\\/noticies\\\/el-ayuntamiento-de-mont-roig-del-camp-inicia-trabajos-preventivos-para-frenar-la-expansion-de-la-avispa-asiatica\\\/\"]}]},{\"@type\":\"ImageObject\",\"inLanguage\":\"es\",\"@id\":\"https:\\\/\\\/mont-roig.cat\\\/es\\\/actualitat\\\/noticies\\\/el-ayuntamiento-de-mont-roig-del-camp-inicia-trabajos-preventivos-para-frenar-la-expansion-de-la-avispa-asiatica\\\/#primaryimage\",\"url\":\"https:\\\/\\\/mont-roig.cat\\\/wp-content\\\/uploads\\\/vespa-asiatica.jpg\",\"contentUrl\":\"https:\\\/\\\/mont-roig.cat\\\/wp-content\\\/uploads\\\/vespa-asiatica.jpg\",\"width\":670,\"height\":377},{\"@type\":\"BreadcrumbList\",\"@id\":\"https:\\\/\\\/mont-roig.cat\\\/es\\\/actualitat\\\/noticies\\\/el-ayuntamiento-de-mont-roig-del-camp-inicia-trabajos-preventivos-para-frenar-la-expansion-de-la-avispa-asiatica\\\/#breadcrumb\",\"itemListElement\":[{\"@type\":\"ListItem\",\"position\":1,\"name\":\"Inici\",\"item\":\"https:\\\/\\\/mont-roig.cat\\\/es\\\/pagina-de-inicio\\\/\"},{\"@type\":\"ListItem\",\"position\":2,\"name\":\"El Ayuntamiento de Mont-roig del Camp inicia trabajos preventivos para frenar la expansi\u00f3n de la avispa asi\u00e0tica\"}]},{\"@type\":\"WebSite\",\"@id\":\"https:\\\/\\\/mont-roig.cat\\\/es\\\/#website\",\"url\":\"https:\\\/\\\/mont-roig.cat\\\/es\\\/\",\"name\":\"Ajuntament de Mont-roig del Camp\",\"description\":\"Tota la informaci\u00f3 sobre la instituci\u00f3, els seus \u00f2rgans de govern, actualitat, serveis i molt m\u00e9s.\",\"potentialAction\":[{\"@type\":\"SearchAction\",\"target\":{\"@type\":\"EntryPoint\",\"urlTemplate\":\"https:\\\/\\\/mont-roig.cat\\\/es\\\/?s={search_term_string}\"},\"query-input\":{\"@type\":\"PropertyValueSpecification\",\"valueRequired\":true,\"valueName\":\"search_term_string\"}}],\"inLanguage\":\"es\"},{\"@type\":\"Person\",\"@id\":\"https:\\\/\\\/mont-roig.cat\\\/es\\\/#\\\/schema\\\/person\\\/f2b111789f22b7d0c3bd6786c9128cba\",\"name\":\"administrador\",\"image\":{\"@type\":\"ImageObject\",\"inLanguage\":\"es\",\"@id\":\"https:\\\/\\\/secure.gravatar.com\\\/avatar\\\/9137aac6891e2595c9d3036fd83bcb653b4db3c946db4c7d9b9be193c3c944bb?s=96&d=mm&r=g\",\"url\":\"https:\\\/\\\/secure.gravatar.com\\\/avatar\\\/9137aac6891e2595c9d3036fd83bcb653b4db3c946db4c7d9b9be193c3c944bb?s=96&d=mm&r=g\",\"contentUrl\":\"https:\\\/\\\/secure.gravatar.com\\\/avatar\\\/9137aac6891e2595c9d3036fd83bcb653b4db3c946db4c7d9b9be193c3c944bb?s=96&d=mm&r=g\",\"caption\":\"administrador\"},\"url\":\"https:\\\/\\\/mont-roig.cat\\\/es\\\/actualitat\\\/noticies\\\/author\\\/administrador\\\/\"}]}<\/script>\n<!-- \/ Yoast SEO plugin. -->","yoast_head_json":{"title":"El Ayuntamiento de Mont-roig del Camp inicia trabajos preventivos para frenar la expansi\u00f3n de la avispa asi\u00e0tica - Ajuntament de Mont-roig del Camp","robots":{"index":"index","follow":"follow","max-snippet":"max-snippet:-1","max-image-preview":"max-image-preview:large","max-video-preview":"max-video-preview:-1"},"canonical":"https:\/\/mont-roig.cat\/es\/actualitat\/noticies\/el-ayuntamiento-de-mont-roig-del-camp-inicia-trabajos-preventivos-para-frenar-la-expansion-de-la-avispa-asiatica\/","og_locale":"es_ES","og_type":"article","og_title":"El Ayuntamiento de Mont-roig del Camp inicia trabajos preventivos para frenar la expansi\u00f3n de la avispa asi\u00e0tica - Ajuntament de Mont-roig del Camp","og_description":"Se trata de una especie invasora que supone un peligro para la apicultura y la biodiversidad En caso de detectarse alg\u00fan ejemplar o un nido, hay que ponerse en contacto con el departamento de Medio Ambiente del Ayuntamiento al 977 83 70 05 para que se pueda activar el protocolo de actuaci\u00f3n El Ayuntamiento de [&hellip;]","og_url":"https:\/\/mont-roig.cat\/es\/actualitat\/noticies\/el-ayuntamiento-de-mont-roig-del-camp-inicia-trabajos-preventivos-para-frenar-la-expansion-de-la-avispa-asiatica\/","og_site_name":"Ajuntament de Mont-roig del Camp","article_published_time":"2021-04-07T10:17:17+00:00","og_image":[{"width":670,"height":377,"url":"https:\/\/mont-roig.cat\/wp-content\/uploads\/vespa-asiatica.jpg","type":"image\/jpeg"}],"author":"administrador","twitter_card":"summary_large_image","twitter_misc":{"Escrito por":"administrador","Tiempo de lectura":"5 minutos"},"schema":{"@context":"https:\/\/schema.org","@graph":[{"@type":"Article","@id":"https:\/\/mont-roig.cat\/es\/actualitat\/noticies\/el-ayuntamiento-de-mont-roig-del-camp-inicia-trabajos-preventivos-para-frenar-la-expansion-de-la-avispa-asiatica\/#article","isPartOf":{"@id":"https:\/\/mont-roig.cat\/es\/actualitat\/noticies\/el-ayuntamiento-de-mont-roig-del-camp-inicia-trabajos-preventivos-para-frenar-la-expansion-de-la-avispa-asiatica\/"},"author":{"name":"administrador","@id":"https:\/\/mont-roig.cat\/es\/#\/schema\/person\/f2b111789f22b7d0c3bd6786c9128cba"},"headline":"El Ayuntamiento de Mont-roig del Camp inicia trabajos preventivos para frenar la expansi\u00f3n de la avispa asi\u00e0tica","datePublished":"2021-04-07T10:17:17+00:00","mainEntityOfPage":{"@id":"https:\/\/mont-roig.cat\/es\/actualitat\/noticies\/el-ayuntamiento-de-mont-roig-del-camp-inicia-trabajos-preventivos-para-frenar-la-expansion-de-la-avispa-asiatica\/"},"wordCount":1030,"image":{"@id":"https:\/\/mont-roig.cat\/es\/actualitat\/noticies\/el-ayuntamiento-de-mont-roig-del-camp-inicia-trabajos-preventivos-para-frenar-la-expansion-de-la-avispa-asiatica\/#primaryimage"},"thumbnailUrl":"https:\/\/mont-roig.cat\/wp-content\/uploads\/vespa-asiatica.jpg","articleSection":["Ayuntamiento","Medio Ambiente"],"inLanguage":"es"},{"@type":"WebPage","@id":"https:\/\/mont-roig.cat\/es\/actualitat\/noticies\/el-ayuntamiento-de-mont-roig-del-camp-inicia-trabajos-preventivos-para-frenar-la-expansion-de-la-avispa-asiatica\/","url":"https:\/\/mont-roig.cat\/es\/actualitat\/noticies\/el-ayuntamiento-de-mont-roig-del-camp-inicia-trabajos-preventivos-para-frenar-la-expansion-de-la-avispa-asiatica\/","name":"El Ayuntamiento de Mont-roig del Camp inicia trabajos preventivos para frenar la expansi\u00f3n de la avispa asi\u00e0tica - Ajuntament de Mont-roig del Camp","isPartOf":{"@id":"https:\/\/mont-roig.cat\/es\/#website"},"primaryImageOfPage":{"@id":"https:\/\/mont-roig.cat\/es\/actualitat\/noticies\/el-ayuntamiento-de-mont-roig-del-camp-inicia-trabajos-preventivos-para-frenar-la-expansion-de-la-avispa-asiatica\/#primaryimage"},"image":{"@id":"https:\/\/mont-roig.cat\/es\/actualitat\/noticies\/el-ayuntamiento-de-mont-roig-del-camp-inicia-trabajos-preventivos-para-frenar-la-expansion-de-la-avispa-asiatica\/#primaryimage"},"thumbnailUrl":"https:\/\/mont-roig.cat\/wp-content\/uploads\/vespa-asiatica.jpg","datePublished":"2021-04-07T10:17:17+00:00","author":{"@id":"https:\/\/mont-roig.cat\/es\/#\/schema\/person\/f2b111789f22b7d0c3bd6786c9128cba"},"breadcrumb":{"@id":"https:\/\/mont-roig.cat\/es\/actualitat\/noticies\/el-ayuntamiento-de-mont-roig-del-camp-inicia-trabajos-preventivos-para-frenar-la-expansion-de-la-avispa-asiatica\/#breadcrumb"},"inLanguage":"es","potentialAction":[{"@type":"ReadAction","target":["https:\/\/mont-roig.cat\/es\/actualitat\/noticies\/el-ayuntamiento-de-mont-roig-del-camp-inicia-trabajos-preventivos-para-frenar-la-expansion-de-la-avispa-asiatica\/"]}]},{"@type":"ImageObject","inLanguage":"es","@id":"https:\/\/mont-roig.cat\/es\/actualitat\/noticies\/el-ayuntamiento-de-mont-roig-del-camp-inicia-trabajos-preventivos-para-frenar-la-expansion-de-la-avispa-asiatica\/#primaryimage","url":"https:\/\/mont-roig.cat\/wp-content\/uploads\/vespa-asiatica.jpg","contentUrl":"https:\/\/mont-roig.cat\/wp-content\/uploads\/vespa-asiatica.jpg","width":670,"height":377},{"@type":"BreadcrumbList","@id":"https:\/\/mont-roig.cat\/es\/actualitat\/noticies\/el-ayuntamiento-de-mont-roig-del-camp-inicia-trabajos-preventivos-para-frenar-la-expansion-de-la-avispa-asiatica\/#breadcrumb","itemListElement":[{"@type":"ListItem","position":1,"name":"Inici","item":"https:\/\/mont-roig.cat\/es\/pagina-de-inicio\/"},{"@type":"ListItem","position":2,"name":"El Ayuntamiento de Mont-roig del Camp inicia trabajos preventivos para frenar la expansi\u00f3n de la avispa asi\u00e0tica"}]},{"@type":"WebSite","@id":"https:\/\/mont-roig.cat\/es\/#website","url":"https:\/\/mont-roig.cat\/es\/","name":"Ajuntament de Mont-roig del Camp","description":"Tota la informaci\u00f3 sobre la instituci\u00f3, els seus \u00f2rgans de govern, actualitat, serveis i molt m\u00e9s.","potentialAction":[{"@type":"SearchAction","target":{"@type":"EntryPoint","urlTemplate":"https:\/\/mont-roig.cat\/es\/?s={search_term_string}"},"query-input":{"@type":"PropertyValueSpecification","valueRequired":true,"valueName":"search_term_string"}}],"inLanguage":"es"},{"@type":"Person","@id":"https:\/\/mont-roig.cat\/es\/#\/schema\/person\/f2b111789f22b7d0c3bd6786c9128cba","name":"administrador","image":{"@type":"ImageObject","inLanguage":"es","@id":"https:\/\/secure.gravatar.com\/avatar\/9137aac6891e2595c9d3036fd83bcb653b4db3c946db4c7d9b9be193c3c944bb?s=96&d=mm&r=g","url":"https:\/\/secure.gravatar.com\/avatar\/9137aac6891e2595c9d3036fd83bcb653b4db3c946db4c7d9b9be193c3c944bb?s=96&d=mm&r=g","contentUrl":"https:\/\/secure.gravatar.com\/avatar\/9137aac6891e2595c9d3036fd83bcb653b4db3c946db4c7d9b9be193c3c944bb?s=96&d=mm&r=g","caption":"administrador"},"url":"https:\/\/mont-roig.cat\/es\/actualitat\/noticies\/author\/administrador\/"}]}},"_links":{"self":[{"href":"https:\/\/mont-roig.cat\/es\/wp-json\/wp\/v2\/posts\/54640","targetHints":{"allow":["GET"]}}],"collection":[{"href":"https:\/\/mont-roig.cat\/es\/wp-json\/wp\/v2\/posts"}],"about":[{"href":"https:\/\/mont-roig.cat\/es\/wp-json\/wp\/v2\/types\/post"}],"author":[{"embeddable":true,"href":"https:\/\/mont-roig.cat\/es\/wp-json\/wp\/v2\/users\/4"}],"replies":[{"embeddable":true,"href":"https:\/\/mont-roig.cat\/es\/wp-json\/wp\/v2\/comments?post=54640"}],"version-history":[{"count":1,"href":"https:\/\/mont-roig.cat\/es\/wp-json\/wp\/v2\/posts\/54640\/revisions"}],"predecessor-version":[{"id":54643,"href":"https:\/\/mont-roig.cat\/es\/wp-json\/wp\/v2\/posts\/54640\/revisions\/54643"}],"wp:featuredmedia":[{"embeddable":true,"href":"https:\/\/mont-roig.cat\/es\/wp-json\/wp\/v2\/media\/54639"}],"wp:attachment":[{"href":"https:\/\/mont-roig.cat\/es\/wp-json\/wp\/v2\/media?parent=54640"}],"wp:term":[{"taxonomy":"category","embeddable":true,"href":"https:\/\/mont-roig.cat\/es\/wp-json\/wp\/v2\/categories?post=54640"},{"taxonomy":"post_tag","embeddable":true,"href":"https:\/\/mont-roig.cat\/es\/wp-json\/wp\/v2\/tags?post=54640"}],"curies":[{"name":"wp","href":"https:\/\/api.w.org\/{rel}","templated":true}]}}