{"id":54989,"date":"2021-04-15T14:09:56","date_gmt":"2021-04-15T12:09:56","guid":{"rendered":"https:\/\/mont-roig.cat\/?p=54989"},"modified":"2021-04-15T14:36:45","modified_gmt":"2021-04-15T12:36:45","slug":"el-ayuntamiento-instala-un-area-de-fitness-urbana-en-el-parc-de-les-oliveres","status":"publish","type":"post","link":"https:\/\/mont-roig.cat\/es\/actualitat\/noticies\/el-ayuntamiento-instala-un-area-de-fitness-urbana-en-el-parc-de-les-oliveres\/","title":{"rendered":"El Ayuntamiento instala un \u00e1rea de fitness urbana en el &#8220;parc de les Oliveres&#8221;"},"content":{"rendered":"<ul>\n<li><strong>El nuevo equipamiento, destinando principalmente a las personas mayores, se enmarca dentro del programa del Pla de Barris de La Florida<\/strong><\/li>\n<\/ul>\n<p>Los Parque de los Olivos de Miami cuenta, desde esta semana, con una zona de fitness al aire libre. Se trata de un \u00e1rea de gimnasio urbano con varios aparatos que pueden ser utilizados para mejorar la condici\u00f3n f\u00edsica y la salud.<\/p>\n<p>El Ayuntamiento de Mont-roig del Camp ha dotado el parque con esta nueva instalaci\u00f3n a trav\u00e9s de un programa y de la financiaci\u00f3n del Pla de Barris de La Florida.<\/p>\n<p>El objetivo es fomentar la actividad f\u00edsica y la movilidad de las personas mayores para que disfruten de los beneficios del ejercicio f\u00edsico. As\u00ed a trav\u00e9s de este nuevo circuito bio saludable, que cuenta con m\u00e1s de 10 m\u00e1quinas y aparatos diferentes, se podr\u00e1 mejorar la movilidad articular, la fuerza muscular, la coordinaci\u00f3n, la funci\u00f3n respiratoria, cardiovascular y digestiva. Adem\u00e1s, est\u00e1 dise\u00f1ado para conseguir una mejora de las funciones cognitivas, sensoriales y motrices del cerebro.<\/p>\n<p><a href=\"https:\/\/mont-roig.cat\/wp-content\/uploads\/PARC-OLIVERES-01.jpeg\"><img loading=\"lazy\" decoding=\"async\" class=\"alignnone wp-image-54979\" src=\"https:\/\/mont-roig.cat\/wp-content\/uploads\/PARC-OLIVERES-01-375x500.jpeg\" alt=\"\" width=\"150\" height=\"200\" srcset=\"https:\/\/mont-roig.cat\/wp-content\/uploads\/PARC-OLIVERES-01-375x500.jpeg 375w, https:\/\/mont-roig.cat\/wp-content\/uploads\/PARC-OLIVERES-01.jpeg 768w\" sizes=\"auto, (max-width: 150px) 100vw, 150px\" \/><\/a> <a href=\"https:\/\/mont-roig.cat\/wp-content\/uploads\/PARC-OLIVERES-04.jpeg\"><img loading=\"lazy\" decoding=\"async\" class=\"alignnone wp-image-54985\" src=\"https:\/\/mont-roig.cat\/wp-content\/uploads\/PARC-OLIVERES-04-375x500.jpeg\" alt=\"\" width=\"150\" height=\"200\" srcset=\"https:\/\/mont-roig.cat\/wp-content\/uploads\/PARC-OLIVERES-04-375x500.jpeg 375w, https:\/\/mont-roig.cat\/wp-content\/uploads\/PARC-OLIVERES-04.jpeg 768w\" sizes=\"auto, (max-width: 150px) 100vw, 150px\" \/><\/a> <a href=\"https:\/\/mont-roig.cat\/wp-content\/uploads\/PARC-OLIVERES-02.jpeg\"><img loading=\"lazy\" decoding=\"async\" class=\"alignnone wp-image-54981\" src=\"https:\/\/mont-roig.cat\/wp-content\/uploads\/PARC-OLIVERES-02-375x500.jpeg\" alt=\"\" width=\"150\" height=\"200\" srcset=\"https:\/\/mont-roig.cat\/wp-content\/uploads\/PARC-OLIVERES-02-375x500.jpeg 375w, https:\/\/mont-roig.cat\/wp-content\/uploads\/PARC-OLIVERES-02.jpeg 768w\" sizes=\"auto, (max-width: 150px) 100vw, 150px\" \/><\/a> <a href=\"https:\/\/mont-roig.cat\/wp-content\/uploads\/PARC-OLIVERES-05.jpeg\"><img loading=\"lazy\" decoding=\"async\" class=\"alignnone wp-image-54992\" src=\"https:\/\/mont-roig.cat\/wp-content\/uploads\/PARC-OLIVERES-05-375x500.jpeg\" alt=\"\" width=\"150\" height=\"200\" srcset=\"https:\/\/mont-roig.cat\/wp-content\/uploads\/PARC-OLIVERES-05-375x500.jpeg 375w, https:\/\/mont-roig.cat\/wp-content\/uploads\/PARC-OLIVERES-05.jpeg 768w\" sizes=\"auto, (max-width: 150px) 100vw, 150px\" \/><\/a> <a href=\"https:\/\/mont-roig.cat\/wp-content\/uploads\/PARC-OLIVERES-06.jpeg\"><img loading=\"lazy\" decoding=\"async\" class=\"alignnone wp-image-54994\" src=\"https:\/\/mont-roig.cat\/wp-content\/uploads\/PARC-OLIVERES-06-375x500.jpeg\" alt=\"\" width=\"150\" height=\"200\" srcset=\"https:\/\/mont-roig.cat\/wp-content\/uploads\/PARC-OLIVERES-06-375x500.jpeg 375w, https:\/\/mont-roig.cat\/wp-content\/uploads\/PARC-OLIVERES-06.jpeg 768w\" sizes=\"auto, (max-width: 150px) 100vw, 150px\" \/><\/a><\/p>\n<p>Por otra parte, tambi\u00e9n se han instalado nuevos carteles de se\u00f1alizaci\u00f3n del parque.<\/p>\n<p><a href=\"https:\/\/mont-roig.cat\/wp-content\/uploads\/CARTELL-OLIVERES.jpeg\"><img loading=\"lazy\" decoding=\"async\" class=\"alignnone wp-image-54977\" src=\"https:\/\/mont-roig.cat\/wp-content\/uploads\/CARTELL-OLIVERES-500x375.jpeg\" alt=\"\" width=\"300\" height=\"225\" srcset=\"https:\/\/mont-roig.cat\/wp-content\/uploads\/CARTELL-OLIVERES-500x375.jpeg 500w, https:\/\/mont-roig.cat\/wp-content\/uploads\/CARTELL-OLIVERES-768x576.jpeg 768w, https:\/\/mont-roig.cat\/wp-content\/uploads\/CARTELL-OLIVERES-463x348.jpeg 463w, https:\/\/mont-roig.cat\/wp-content\/uploads\/CARTELL-OLIVERES.jpeg 1024w\" sizes=\"auto, (max-width: 300px) 100vw, 300px\" \/><\/a><\/p>\n","protected":false},"excerpt":{"rendered":"<p>El nuevo equipamiento, destinando principalmente a las personas mayores, se enmarca dentro del programa del Pla de Barris de La Florida Los Parque de los Olivos de Miami cuenta, desde esta semana, con una zona de fitness al aire libre. Se trata de un \u00e1rea de gimnasio urbano con varios aparatos que pueden ser utilizados [&hellip;]<\/p>\n","protected":false},"author":4,"featured_media":54981,"comment_status":"closed","ping_status":"closed","sticky":false,"template":"","format":"standard","meta":{"inline_featured_image":false,"_monsterinsights_skip_tracking":false,"_monsterinsights_sitenote_active":false,"_monsterinsights_sitenote_note":"","_monsterinsights_sitenote_category":0,"footnotes":""},"categories":[98,135],"tags":[],"class_list":["post-54989","post","type-post","status-publish","format-standard","has-post-thumbnail","hentry","category-ayuntamiento","category-plan-de-barrios-es"],"yoast_head":"<!-- This site is optimized with the Yoast SEO plugin v27.4 - https:\/\/yoast.com\/product\/yoast-seo-wordpress\/ -->\n<title>El Ayuntamiento instala un \u00e1rea de fitness urbana en el &quot;parc de les Oliveres&quot; - Ajuntament de Mont-roig del Camp<\/title>\n<meta name=\"robots\" content=\"index, follow, max-snippet:-1, max-image-preview:large, max-video-preview:-1\" \/>\n<link rel=\"canonical\" href=\"https:\/\/mont-roig.cat\/es\/actualitat\/noticies\/el-ayuntamiento-instala-un-area-de-fitness-urbana-en-el-parc-de-les-oliveres\/\" \/>\n<meta property=\"og:locale\" content=\"es_ES\" \/>\n<meta property=\"og:type\" content=\"article\" \/>\n<meta property=\"og:title\" content=\"El Ayuntamiento instala un \u00e1rea de fitness urbana en el &quot;parc de les Oliveres&quot; - Ajuntament de Mont-roig del Camp\" \/>\n<meta property=\"og:description\" content=\"El nuevo equipamiento, destinando principalmente a las personas mayores, se enmarca dentro del programa del Pla de Barris de La Florida Los Parque de los Olivos de Miami cuenta, desde esta semana, con una zona de fitness al aire libre. Se trata de un \u00e1rea de gimnasio urbano con varios aparatos que pueden ser utilizados [&hellip;]\" \/>\n<meta property=\"og:url\" content=\"https:\/\/mont-roig.cat\/es\/actualitat\/noticies\/el-ayuntamiento-instala-un-area-de-fitness-urbana-en-el-parc-de-les-oliveres\/\" \/>\n<meta property=\"og:site_name\" content=\"Ajuntament de Mont-roig del Camp\" \/>\n<meta property=\"article:published_time\" content=\"2021-04-15T12:09:56+00:00\" \/>\n<meta property=\"article:modified_time\" content=\"2021-04-15T12:36:45+00:00\" \/>\n<meta property=\"og:image\" content=\"https:\/\/mont-roig.cat\/wp-content\/uploads\/PARC-OLIVERES-02.jpeg\" \/>\n\t<meta property=\"og:image:width\" content=\"768\" \/>\n\t<meta property=\"og:image:height\" content=\"1024\" \/>\n\t<meta property=\"og:image:type\" content=\"image\/jpeg\" \/>\n<meta name=\"author\" content=\"administrador\" \/>\n<meta name=\"twitter:card\" content=\"summary_large_image\" \/>\n<meta name=\"twitter:label1\" content=\"Escrito por\" \/>\n\t<meta name=\"twitter:data1\" content=\"administrador\" \/>\n\t<meta name=\"twitter:label2\" content=\"Tiempo de lectura\" \/>\n\t<meta name=\"twitter:data2\" content=\"2 minutos\" \/>\n<script type=\"application\/ld+json\" class=\"yoast-schema-graph\">{\"@context\":\"https:\\\/\\\/schema.org\",\"@graph\":[{\"@type\":\"Article\",\"@id\":\"https:\\\/\\\/mont-roig.cat\\\/es\\\/actualitat\\\/noticies\\\/el-ayuntamiento-instala-un-area-de-fitness-urbana-en-el-parc-de-les-oliveres\\\/#article\",\"isPartOf\":{\"@id\":\"https:\\\/\\\/mont-roig.cat\\\/es\\\/actualitat\\\/noticies\\\/el-ayuntamiento-instala-un-area-de-fitness-urbana-en-el-parc-de-les-oliveres\\\/\"},\"author\":{\"name\":\"administrador\",\"@id\":\"https:\\\/\\\/mont-roig.cat\\\/es\\\/#\\\/schema\\\/person\\\/f2b111789f22b7d0c3bd6786c9128cba\"},\"headline\":\"El Ayuntamiento instala un \u00e1rea de fitness urbana en el &#8220;parc de les Oliveres&#8221;\",\"datePublished\":\"2021-04-15T12:09:56+00:00\",\"dateModified\":\"2021-04-15T12:36:45+00:00\",\"mainEntityOfPage\":{\"@id\":\"https:\\\/\\\/mont-roig.cat\\\/es\\\/actualitat\\\/noticies\\\/el-ayuntamiento-instala-un-area-de-fitness-urbana-en-el-parc-de-les-oliveres\\\/\"},\"wordCount\":211,\"image\":{\"@id\":\"https:\\\/\\\/mont-roig.cat\\\/es\\\/actualitat\\\/noticies\\\/el-ayuntamiento-instala-un-area-de-fitness-urbana-en-el-parc-de-les-oliveres\\\/#primaryimage\"},\"thumbnailUrl\":\"https:\\\/\\\/mont-roig.cat\\\/wp-content\\\/uploads\\\/PARC-OLIVERES-02.jpeg\",\"articleSection\":[\"Ayuntamiento\",\"Pla de Barris\"],\"inLanguage\":\"es\"},{\"@type\":\"WebPage\",\"@id\":\"https:\\\/\\\/mont-roig.cat\\\/es\\\/actualitat\\\/noticies\\\/el-ayuntamiento-instala-un-area-de-fitness-urbana-en-el-parc-de-les-oliveres\\\/\",\"url\":\"https:\\\/\\\/mont-roig.cat\\\/es\\\/actualitat\\\/noticies\\\/el-ayuntamiento-instala-un-area-de-fitness-urbana-en-el-parc-de-les-oliveres\\\/\",\"name\":\"El Ayuntamiento instala un \u00e1rea de fitness urbana en el \\\"parc de les Oliveres\\\" - Ajuntament de Mont-roig del Camp\",\"isPartOf\":{\"@id\":\"https:\\\/\\\/mont-roig.cat\\\/es\\\/#website\"},\"primaryImageOfPage\":{\"@id\":\"https:\\\/\\\/mont-roig.cat\\\/es\\\/actualitat\\\/noticies\\\/el-ayuntamiento-instala-un-area-de-fitness-urbana-en-el-parc-de-les-oliveres\\\/#primaryimage\"},\"image\":{\"@id\":\"https:\\\/\\\/mont-roig.cat\\\/es\\\/actualitat\\\/noticies\\\/el-ayuntamiento-instala-un-area-de-fitness-urbana-en-el-parc-de-les-oliveres\\\/#primaryimage\"},\"thumbnailUrl\":\"https:\\\/\\\/mont-roig.cat\\\/wp-content\\\/uploads\\\/PARC-OLIVERES-02.jpeg\",\"datePublished\":\"2021-04-15T12:09:56+00:00\",\"dateModified\":\"2021-04-15T12:36:45+00:00\",\"author\":{\"@id\":\"https:\\\/\\\/mont-roig.cat\\\/es\\\/#\\\/schema\\\/person\\\/f2b111789f22b7d0c3bd6786c9128cba\"},\"breadcrumb\":{\"@id\":\"https:\\\/\\\/mont-roig.cat\\\/es\\\/actualitat\\\/noticies\\\/el-ayuntamiento-instala-un-area-de-fitness-urbana-en-el-parc-de-les-oliveres\\\/#breadcrumb\"},\"inLanguage\":\"es\",\"potentialAction\":[{\"@type\":\"ReadAction\",\"target\":[\"https:\\\/\\\/mont-roig.cat\\\/es\\\/actualitat\\\/noticies\\\/el-ayuntamiento-instala-un-area-de-fitness-urbana-en-el-parc-de-les-oliveres\\\/\"]}]},{\"@type\":\"ImageObject\",\"inLanguage\":\"es\",\"@id\":\"https:\\\/\\\/mont-roig.cat\\\/es\\\/actualitat\\\/noticies\\\/el-ayuntamiento-instala-un-area-de-fitness-urbana-en-el-parc-de-les-oliveres\\\/#primaryimage\",\"url\":\"https:\\\/\\\/mont-roig.cat\\\/wp-content\\\/uploads\\\/PARC-OLIVERES-02.jpeg\",\"contentUrl\":\"https:\\\/\\\/mont-roig.cat\\\/wp-content\\\/uploads\\\/PARC-OLIVERES-02.jpeg\",\"width\":768,\"height\":1024},{\"@type\":\"BreadcrumbList\",\"@id\":\"https:\\\/\\\/mont-roig.cat\\\/es\\\/actualitat\\\/noticies\\\/el-ayuntamiento-instala-un-area-de-fitness-urbana-en-el-parc-de-les-oliveres\\\/#breadcrumb\",\"itemListElement\":[{\"@type\":\"ListItem\",\"position\":1,\"name\":\"Inici\",\"item\":\"https:\\\/\\\/mont-roig.cat\\\/es\\\/pagina-de-inicio\\\/\"},{\"@type\":\"ListItem\",\"position\":2,\"name\":\"El Ayuntamiento instala un \u00e1rea de fitness urbana en el &#8220;parc de les Oliveres&#8221;\"}]},{\"@type\":\"WebSite\",\"@id\":\"https:\\\/\\\/mont-roig.cat\\\/es\\\/#website\",\"url\":\"https:\\\/\\\/mont-roig.cat\\\/es\\\/\",\"name\":\"Ajuntament de Mont-roig del Camp\",\"description\":\"Tota la informaci\u00f3 sobre la instituci\u00f3, els seus \u00f2rgans de govern, actualitat, serveis i molt m\u00e9s.\",\"potentialAction\":[{\"@type\":\"SearchAction\",\"target\":{\"@type\":\"EntryPoint\",\"urlTemplate\":\"https:\\\/\\\/mont-roig.cat\\\/es\\\/?s={search_term_string}\"},\"query-input\":{\"@type\":\"PropertyValueSpecification\",\"valueRequired\":true,\"valueName\":\"search_term_string\"}}],\"inLanguage\":\"es\"},{\"@type\":\"Person\",\"@id\":\"https:\\\/\\\/mont-roig.cat\\\/es\\\/#\\\/schema\\\/person\\\/f2b111789f22b7d0c3bd6786c9128cba\",\"name\":\"administrador\",\"image\":{\"@type\":\"ImageObject\",\"inLanguage\":\"es\",\"@id\":\"https:\\\/\\\/secure.gravatar.com\\\/avatar\\\/9137aac6891e2595c9d3036fd83bcb653b4db3c946db4c7d9b9be193c3c944bb?s=96&d=mm&r=g\",\"url\":\"https:\\\/\\\/secure.gravatar.com\\\/avatar\\\/9137aac6891e2595c9d3036fd83bcb653b4db3c946db4c7d9b9be193c3c944bb?s=96&d=mm&r=g\",\"contentUrl\":\"https:\\\/\\\/secure.gravatar.com\\\/avatar\\\/9137aac6891e2595c9d3036fd83bcb653b4db3c946db4c7d9b9be193c3c944bb?s=96&d=mm&r=g\",\"caption\":\"administrador\"},\"url\":\"https:\\\/\\\/mont-roig.cat\\\/es\\\/actualitat\\\/noticies\\\/author\\\/administrador\\\/\"}]}<\/script>\n<!-- \/ Yoast SEO plugin. -->","yoast_head_json":{"title":"El Ayuntamiento instala un \u00e1rea de fitness urbana en el \"parc de les Oliveres\" - Ajuntament de Mont-roig del Camp","robots":{"index":"index","follow":"follow","max-snippet":"max-snippet:-1","max-image-preview":"max-image-preview:large","max-video-preview":"max-video-preview:-1"},"canonical":"https:\/\/mont-roig.cat\/es\/actualitat\/noticies\/el-ayuntamiento-instala-un-area-de-fitness-urbana-en-el-parc-de-les-oliveres\/","og_locale":"es_ES","og_type":"article","og_title":"El Ayuntamiento instala un \u00e1rea de fitness urbana en el \"parc de les Oliveres\" - Ajuntament de Mont-roig del Camp","og_description":"El nuevo equipamiento, destinando principalmente a las personas mayores, se enmarca dentro del programa del Pla de Barris de La Florida Los Parque de los Olivos de Miami cuenta, desde esta semana, con una zona de fitness al aire libre. Se trata de un \u00e1rea de gimnasio urbano con varios aparatos que pueden ser utilizados [&hellip;]","og_url":"https:\/\/mont-roig.cat\/es\/actualitat\/noticies\/el-ayuntamiento-instala-un-area-de-fitness-urbana-en-el-parc-de-les-oliveres\/","og_site_name":"Ajuntament de Mont-roig del Camp","article_published_time":"2021-04-15T12:09:56+00:00","article_modified_time":"2021-04-15T12:36:45+00:00","og_image":[{"width":768,"height":1024,"url":"https:\/\/mont-roig.cat\/wp-content\/uploads\/PARC-OLIVERES-02.jpeg","type":"image\/jpeg"}],"author":"administrador","twitter_card":"summary_large_image","twitter_misc":{"Escrito por":"administrador","Tiempo de lectura":"2 minutos"},"schema":{"@context":"https:\/\/schema.org","@graph":[{"@type":"Article","@id":"https:\/\/mont-roig.cat\/es\/actualitat\/noticies\/el-ayuntamiento-instala-un-area-de-fitness-urbana-en-el-parc-de-les-oliveres\/#article","isPartOf":{"@id":"https:\/\/mont-roig.cat\/es\/actualitat\/noticies\/el-ayuntamiento-instala-un-area-de-fitness-urbana-en-el-parc-de-les-oliveres\/"},"author":{"name":"administrador","@id":"https:\/\/mont-roig.cat\/es\/#\/schema\/person\/f2b111789f22b7d0c3bd6786c9128cba"},"headline":"El Ayuntamiento instala un \u00e1rea de fitness urbana en el &#8220;parc de les Oliveres&#8221;","datePublished":"2021-04-15T12:09:56+00:00","dateModified":"2021-04-15T12:36:45+00:00","mainEntityOfPage":{"@id":"https:\/\/mont-roig.cat\/es\/actualitat\/noticies\/el-ayuntamiento-instala-un-area-de-fitness-urbana-en-el-parc-de-les-oliveres\/"},"wordCount":211,"image":{"@id":"https:\/\/mont-roig.cat\/es\/actualitat\/noticies\/el-ayuntamiento-instala-un-area-de-fitness-urbana-en-el-parc-de-les-oliveres\/#primaryimage"},"thumbnailUrl":"https:\/\/mont-roig.cat\/wp-content\/uploads\/PARC-OLIVERES-02.jpeg","articleSection":["Ayuntamiento","Pla de Barris"],"inLanguage":"es"},{"@type":"WebPage","@id":"https:\/\/mont-roig.cat\/es\/actualitat\/noticies\/el-ayuntamiento-instala-un-area-de-fitness-urbana-en-el-parc-de-les-oliveres\/","url":"https:\/\/mont-roig.cat\/es\/actualitat\/noticies\/el-ayuntamiento-instala-un-area-de-fitness-urbana-en-el-parc-de-les-oliveres\/","name":"El Ayuntamiento instala un \u00e1rea de fitness urbana en el \"parc de les Oliveres\" - Ajuntament de Mont-roig del Camp","isPartOf":{"@id":"https:\/\/mont-roig.cat\/es\/#website"},"primaryImageOfPage":{"@id":"https:\/\/mont-roig.cat\/es\/actualitat\/noticies\/el-ayuntamiento-instala-un-area-de-fitness-urbana-en-el-parc-de-les-oliveres\/#primaryimage"},"image":{"@id":"https:\/\/mont-roig.cat\/es\/actualitat\/noticies\/el-ayuntamiento-instala-un-area-de-fitness-urbana-en-el-parc-de-les-oliveres\/#primaryimage"},"thumbnailUrl":"https:\/\/mont-roig.cat\/wp-content\/uploads\/PARC-OLIVERES-02.jpeg","datePublished":"2021-04-15T12:09:56+00:00","dateModified":"2021-04-15T12:36:45+00:00","author":{"@id":"https:\/\/mont-roig.cat\/es\/#\/schema\/person\/f2b111789f22b7d0c3bd6786c9128cba"},"breadcrumb":{"@id":"https:\/\/mont-roig.cat\/es\/actualitat\/noticies\/el-ayuntamiento-instala-un-area-de-fitness-urbana-en-el-parc-de-les-oliveres\/#breadcrumb"},"inLanguage":"es","potentialAction":[{"@type":"ReadAction","target":["https:\/\/mont-roig.cat\/es\/actualitat\/noticies\/el-ayuntamiento-instala-un-area-de-fitness-urbana-en-el-parc-de-les-oliveres\/"]}]},{"@type":"ImageObject","inLanguage":"es","@id":"https:\/\/mont-roig.cat\/es\/actualitat\/noticies\/el-ayuntamiento-instala-un-area-de-fitness-urbana-en-el-parc-de-les-oliveres\/#primaryimage","url":"https:\/\/mont-roig.cat\/wp-content\/uploads\/PARC-OLIVERES-02.jpeg","contentUrl":"https:\/\/mont-roig.cat\/wp-content\/uploads\/PARC-OLIVERES-02.jpeg","width":768,"height":1024},{"@type":"BreadcrumbList","@id":"https:\/\/mont-roig.cat\/es\/actualitat\/noticies\/el-ayuntamiento-instala-un-area-de-fitness-urbana-en-el-parc-de-les-oliveres\/#breadcrumb","itemListElement":[{"@type":"ListItem","position":1,"name":"Inici","item":"https:\/\/mont-roig.cat\/es\/pagina-de-inicio\/"},{"@type":"ListItem","position":2,"name":"El Ayuntamiento instala un \u00e1rea de fitness urbana en el &#8220;parc de les Oliveres&#8221;"}]},{"@type":"WebSite","@id":"https:\/\/mont-roig.cat\/es\/#website","url":"https:\/\/mont-roig.cat\/es\/","name":"Ajuntament de Mont-roig del Camp","description":"Tota la informaci\u00f3 sobre la instituci\u00f3, els seus \u00f2rgans de govern, actualitat, serveis i molt m\u00e9s.","potentialAction":[{"@type":"SearchAction","target":{"@type":"EntryPoint","urlTemplate":"https:\/\/mont-roig.cat\/es\/?s={search_term_string}"},"query-input":{"@type":"PropertyValueSpecification","valueRequired":true,"valueName":"search_term_string"}}],"inLanguage":"es"},{"@type":"Person","@id":"https:\/\/mont-roig.cat\/es\/#\/schema\/person\/f2b111789f22b7d0c3bd6786c9128cba","name":"administrador","image":{"@type":"ImageObject","inLanguage":"es","@id":"https:\/\/secure.gravatar.com\/avatar\/9137aac6891e2595c9d3036fd83bcb653b4db3c946db4c7d9b9be193c3c944bb?s=96&d=mm&r=g","url":"https:\/\/secure.gravatar.com\/avatar\/9137aac6891e2595c9d3036fd83bcb653b4db3c946db4c7d9b9be193c3c944bb?s=96&d=mm&r=g","contentUrl":"https:\/\/secure.gravatar.com\/avatar\/9137aac6891e2595c9d3036fd83bcb653b4db3c946db4c7d9b9be193c3c944bb?s=96&d=mm&r=g","caption":"administrador"},"url":"https:\/\/mont-roig.cat\/es\/actualitat\/noticies\/author\/administrador\/"}]}},"_links":{"self":[{"href":"https:\/\/mont-roig.cat\/es\/wp-json\/wp\/v2\/posts\/54989","targetHints":{"allow":["GET"]}}],"collection":[{"href":"https:\/\/mont-roig.cat\/es\/wp-json\/wp\/v2\/posts"}],"about":[{"href":"https:\/\/mont-roig.cat\/es\/wp-json\/wp\/v2\/types\/post"}],"author":[{"embeddable":true,"href":"https:\/\/mont-roig.cat\/es\/wp-json\/wp\/v2\/users\/4"}],"replies":[{"embeddable":true,"href":"https:\/\/mont-roig.cat\/es\/wp-json\/wp\/v2\/comments?post=54989"}],"version-history":[{"count":4,"href":"https:\/\/mont-roig.cat\/es\/wp-json\/wp\/v2\/posts\/54989\/revisions"}],"predecessor-version":[{"id":55004,"href":"https:\/\/mont-roig.cat\/es\/wp-json\/wp\/v2\/posts\/54989\/revisions\/55004"}],"wp:featuredmedia":[{"embeddable":true,"href":"https:\/\/mont-roig.cat\/es\/wp-json\/wp\/v2\/media\/54981"}],"wp:attachment":[{"href":"https:\/\/mont-roig.cat\/es\/wp-json\/wp\/v2\/media?parent=54989"}],"wp:term":[{"taxonomy":"category","embeddable":true,"href":"https:\/\/mont-roig.cat\/es\/wp-json\/wp\/v2\/categories?post=54989"},{"taxonomy":"post_tag","embeddable":true,"href":"https:\/\/mont-roig.cat\/es\/wp-json\/wp\/v2\/tags?post=54989"}],"curies":[{"name":"wp","href":"https:\/\/api.w.org\/{rel}","templated":true}]}}