{"id":55031,"date":"2021-04-16T13:28:13","date_gmt":"2021-04-16T11:28:13","guid":{"rendered":"https:\/\/mont-roig.cat\/?p=55031"},"modified":"2021-04-16T14:14:42","modified_gmt":"2021-04-16T12:14:42","slug":"el-pleno-del-ayuntamiento-nombra-jueza-de-paz-de-mont-roig-del-camp-a-m-victoria-vazquez-y-a-ariadna-marti-jueza-de-paz-sustituta","status":"publish","type":"post","link":"https:\/\/mont-roig.cat\/es\/actualitat\/noticies\/el-pleno-del-ayuntamiento-nombra-jueza-de-paz-de-mont-roig-del-camp-a-m-victoria-vazquez-y-a-ariadna-marti-jueza-de-paz-sustituta\/","title":{"rendered":"El Pleno del Ayuntamiento nombra jueza de paz de Mont-roig del Camp a M. Victoria V\u00e1zquez y a Ariadna Mart\u00ed jueza de paz sustituta"},"content":{"rendered":"<ul>\n<li><strong>La sesi\u00f3n plenaria celebrada este mi\u00e9rcoles ha contado con la emotiva despedida del concejal de Hacienda y Mantenimiento de Espacios y Equipamientos, Enrique L\u00f3pez<\/strong><\/li>\n<\/ul>\n<div id=\"attachment_55024\" style=\"width: 310px\" class=\"wp-caption alignright\"><a href=\"https:\/\/mont-roig.cat\/wp-content\/uploads\/ple-14-dabril.png\"><img loading=\"lazy\" decoding=\"async\" aria-describedby=\"caption-attachment-55024\" class=\"wp-image-55024\" src=\"https:\/\/mont-roig.cat\/wp-content\/uploads\/ple-14-dabril-500x241.png\" alt=\"\" width=\"300\" height=\"145\" srcset=\"https:\/\/mont-roig.cat\/wp-content\/uploads\/ple-14-dabril-500x241.png 500w, https:\/\/mont-roig.cat\/wp-content\/uploads\/ple-14-dabril-1024x494.png 1024w, https:\/\/mont-roig.cat\/wp-content\/uploads\/ple-14-dabril-768x371.png 768w, https:\/\/mont-roig.cat\/wp-content\/uploads\/ple-14-dabril.png 1228w\" sizes=\"auto, (max-width: 300px) 100vw, 300px\" \/><\/a><p id=\"caption-attachment-55024\" class=\"wp-caption-text\">La sesi\u00f3n se ha celebrado de forma telem\u00e1tica el 14 de abril de 2021<\/p><\/div>\n<p>El Pleno del Ayuntamiento de Mont-roig del Camp, celebrado este mi\u00e9rcoles 14 de abril, ha aprobado nombrar juez de paz de Mont-roig del Camp a M. Victoria V\u00e1zquez Salas y a Ariadna Marti Romero, juez de paz sustituta.<\/p>\n<p>La nueva juez de paz es diplomada en magisterio y cuenta con una larga trayectoria profesional vinculada con la educaci\u00f3n, ejerciendo funciones de coordinaci\u00f3n y direcci\u00f3n en educaci\u00f3n primaria pero tambi\u00e9n en escuelas de adultos. Nacida en M\u00e1laga, hace varios a\u00f1os se traslad\u00f3 a vivir a Miami Playa.<\/p>\n<p>Por otra parte, la nueva juez de paz sustituta es la Adriadna Marti Romero, nacida en Montroig del Camp. Es graduada en Derecho y cuenta con diversa formaci\u00f3n acad\u00e9mica relacionada con este \u00e1mbito. Destaca por su vinculaci\u00f3n con el asociacionismo local y en especial en el \u00e1mbito deportivo.<\/p>\n<p>Los dos nuevos cargos, que ser\u00e1n por un m\u00ednimo de 4 a\u00f1os, toman el relevo de la hasta ahora jueza de paz, Maria del Carmen D\u00edaz L\u00edria y el juez de paz sustituto, Ramiro Estage Tom\u00e1s, que tomaron posesi\u00f3n del cargo el a\u00f1o 2004.<\/p>\n<div id=\"attachment_55036\" style=\"width: 210px\" class=\"wp-caption alignnone\"><a href=\"https:\/\/mont-roig.cat\/wp-content\/uploads\/jutjat.jpeg\"><img loading=\"lazy\" decoding=\"async\" aria-describedby=\"caption-attachment-55036\" class=\"wp-image-55036\" src=\"https:\/\/mont-roig.cat\/wp-content\/uploads\/jutjat-500x375.jpeg\" alt=\"\" width=\"200\" height=\"150\" srcset=\"https:\/\/mont-roig.cat\/wp-content\/uploads\/jutjat-500x375.jpeg 500w, https:\/\/mont-roig.cat\/wp-content\/uploads\/jutjat-1024x769.jpeg 1024w, https:\/\/mont-roig.cat\/wp-content\/uploads\/jutjat-768x576.jpeg 768w, https:\/\/mont-roig.cat\/wp-content\/uploads\/jutjat-1536x1153.jpeg 1536w, https:\/\/mont-roig.cat\/wp-content\/uploads\/jutjat-463x348.jpeg 463w, https:\/\/mont-roig.cat\/wp-content\/uploads\/jutjat.jpeg 1600w\" sizes=\"auto, (max-width: 200px) 100vw, 200px\" \/><\/a><p id=\"caption-attachment-55036\" class=\"wp-caption-text\">La sede del Juzgado de Paz de Mont-roig del Camp est\u00e1 ublicada en la calle Agust\u00ed Sard\u00e0<\/p><\/div>\n<p><strong>Emotiva despedida del concejal Enrique L\u00f3pez<\/strong><\/p>\n<p>La sesi\u00f3n plenaria tambi\u00e9n ha contado con una parte muy emotiva coincidiendo con la despedida del concejal de Hacienda y Mantenimiento de Espacios y Equipamientos, Enrique L\u00f3pez. Recordemos que el regidor anunci\u00f3 el pasado 26 de marzo que renunciaba al cargo por motivos personales y con el objetivo de dedicar m\u00e1s tiempo a su familia.<\/p>\n<p>L\u00f3pez ha agradecido a todas las personas que confiaron en \u00e9l desde el primer momento y el trato recibido durante estos 6 a\u00f1os por parte de todo el personal del Ayuntamiento y Nostreserveis.<\/p>\n<p>Tambi\u00e9n ha agradecido las muestras de afecto que ha recibido estos d\u00edas y ha explicado que la decisi\u00f3n la ha tomado para poder dedicar m\u00e1s tiempo a las peque\u00f1as de su casa. Precisamente ha querido tambi\u00e9n agradecer p\u00fablicamente el apoyo que ha recibido por parte de su familia durante estos a\u00f1os de dedicaci\u00f3n personal a la pol\u00edtica municipal.<\/p>\n<p>Todos los grupos municipales han coincidido en destacar el buen trabajo realizado y le han agradecido tambi\u00e9n todo el esfuerzo y para mejorar el municipio.<\/p>\n<p><strong>Aprobaci\u00f3n de dos mociones<\/strong><\/p>\n<p>Finalmente, en el transcurso de la sesi\u00f3n plenaria tambi\u00e9n se han aprobado dos mociones presentadas por el grupo municipal ERC-MES-AM. La primera ha sido a favor del pleno reconocimiento de los derechos de las personas trans * y en apoyo de una ley trans estatal. La segunda es una moci\u00f3n para la elaboraci\u00f3n de un plan de igualdad y un protocolo de prevenci\u00f3n y detecci\u00f3n de casos de acoso sexual y por raz\u00f3n de sexo en la empresa p\u00fablica empresarial Nostraigua. En este caso, la EPE ha acordado empezar a trabajar para la redacci\u00f3n e implantaci\u00f3n de este plan y protocolo.<\/p>\n<p>La sesi\u00f3n plenaria se puede ver \u00edntegramente <a href=\"https:\/\/www.youtube.com\/watch?v=6TzeuLVjXVk&amp;t=1010s&amp;ab_channel=AjuntamentdeMont-roigdelCamp\">AQU\u00cd<\/a>.<\/p>\n","protected":false},"excerpt":{"rendered":"<p>La sesi\u00f3n plenaria celebrada este mi\u00e9rcoles ha contado con la emotiva despedida del concejal de Hacienda y Mantenimiento de Espacios y Equipamientos, Enrique L\u00f3pez El Pleno del Ayuntamiento de Mont-roig del Camp, celebrado este mi\u00e9rcoles 14 de abril, ha aprobado nombrar juez de paz de Mont-roig del Camp a M. Victoria V\u00e1zquez Salas y a [&hellip;]<\/p>\n","protected":false},"author":4,"featured_media":55036,"comment_status":"closed","ping_status":"closed","sticky":false,"template":"","format":"standard","meta":{"inline_featured_image":false,"_monsterinsights_skip_tracking":false,"_monsterinsights_sitenote_active":false,"_monsterinsights_sitenote_note":"","_monsterinsights_sitenote_category":0,"footnotes":""},"categories":[98,102],"tags":[],"class_list":["post-55031","post","type-post","status-publish","format-standard","has-post-thumbnail","hentry","category-ayuntamiento","category-destacamos"],"yoast_head":"<!-- This site is optimized with the Yoast SEO plugin v27.4 - https:\/\/yoast.com\/product\/yoast-seo-wordpress\/ -->\n<title>El Pleno del Ayuntamiento nombra jueza de paz de Mont-roig del Camp a M. Victoria V\u00e1zquez y a Ariadna Mart\u00ed jueza de paz sustituta - Ajuntament de Mont-roig del Camp<\/title>\n<meta name=\"robots\" content=\"index, follow, max-snippet:-1, max-image-preview:large, max-video-preview:-1\" \/>\n<link rel=\"canonical\" href=\"https:\/\/mont-roig.cat\/es\/actualitat\/noticies\/el-pleno-del-ayuntamiento-nombra-jueza-de-paz-de-mont-roig-del-camp-a-m-victoria-vazquez-y-a-ariadna-marti-jueza-de-paz-sustituta\/\" \/>\n<meta property=\"og:locale\" content=\"es_ES\" \/>\n<meta property=\"og:type\" content=\"article\" \/>\n<meta property=\"og:title\" content=\"El Pleno del Ayuntamiento nombra jueza de paz de Mont-roig del Camp a M. Victoria V\u00e1zquez y a Ariadna Mart\u00ed jueza de paz sustituta - Ajuntament de Mont-roig del Camp\" \/>\n<meta property=\"og:description\" content=\"La sesi\u00f3n plenaria celebrada este mi\u00e9rcoles ha contado con la emotiva despedida del concejal de Hacienda y Mantenimiento de Espacios y Equipamientos, Enrique L\u00f3pez El Pleno del Ayuntamiento de Mont-roig del Camp, celebrado este mi\u00e9rcoles 14 de abril, ha aprobado nombrar juez de paz de Mont-roig del Camp a M. Victoria V\u00e1zquez Salas y a [&hellip;]\" \/>\n<meta property=\"og:url\" content=\"https:\/\/mont-roig.cat\/es\/actualitat\/noticies\/el-pleno-del-ayuntamiento-nombra-jueza-de-paz-de-mont-roig-del-camp-a-m-victoria-vazquez-y-a-ariadna-marti-jueza-de-paz-sustituta\/\" \/>\n<meta property=\"og:site_name\" content=\"Ajuntament de Mont-roig del Camp\" \/>\n<meta property=\"article:published_time\" content=\"2021-04-16T11:28:13+00:00\" \/>\n<meta property=\"article:modified_time\" content=\"2021-04-16T12:14:42+00:00\" \/>\n<meta property=\"og:image\" content=\"https:\/\/mont-roig.cat\/wp-content\/uploads\/jutjat.jpeg\" \/>\n\t<meta property=\"og:image:width\" content=\"1600\" \/>\n\t<meta property=\"og:image:height\" content=\"1201\" \/>\n\t<meta property=\"og:image:type\" content=\"image\/jpeg\" \/>\n<meta name=\"author\" content=\"administrador\" \/>\n<meta name=\"twitter:card\" content=\"summary_large_image\" \/>\n<meta name=\"twitter:label1\" content=\"Escrito por\" \/>\n\t<meta name=\"twitter:data1\" content=\"administrador\" \/>\n\t<meta name=\"twitter:label2\" content=\"Tiempo de lectura\" \/>\n\t<meta name=\"twitter:data2\" content=\"3 minutos\" \/>\n<script type=\"application\/ld+json\" class=\"yoast-schema-graph\">{\"@context\":\"https:\\\/\\\/schema.org\",\"@graph\":[{\"@type\":\"Article\",\"@id\":\"https:\\\/\\\/mont-roig.cat\\\/es\\\/actualitat\\\/noticies\\\/el-pleno-del-ayuntamiento-nombra-jueza-de-paz-de-mont-roig-del-camp-a-m-victoria-vazquez-y-a-ariadna-marti-jueza-de-paz-sustituta\\\/#article\",\"isPartOf\":{\"@id\":\"https:\\\/\\\/mont-roig.cat\\\/es\\\/actualitat\\\/noticies\\\/el-pleno-del-ayuntamiento-nombra-jueza-de-paz-de-mont-roig-del-camp-a-m-victoria-vazquez-y-a-ariadna-marti-jueza-de-paz-sustituta\\\/\"},\"author\":{\"name\":\"administrador\",\"@id\":\"https:\\\/\\\/mont-roig.cat\\\/es\\\/#\\\/schema\\\/person\\\/f2b111789f22b7d0c3bd6786c9128cba\"},\"headline\":\"El Pleno del Ayuntamiento nombra jueza de paz de Mont-roig del Camp a M. Victoria V\u00e1zquez y a Ariadna Mart\u00ed jueza de paz sustituta\",\"datePublished\":\"2021-04-16T11:28:13+00:00\",\"dateModified\":\"2021-04-16T12:14:42+00:00\",\"mainEntityOfPage\":{\"@id\":\"https:\\\/\\\/mont-roig.cat\\\/es\\\/actualitat\\\/noticies\\\/el-pleno-del-ayuntamiento-nombra-jueza-de-paz-de-mont-roig-del-camp-a-m-victoria-vazquez-y-a-ariadna-marti-jueza-de-paz-sustituta\\\/\"},\"wordCount\":609,\"image\":{\"@id\":\"https:\\\/\\\/mont-roig.cat\\\/es\\\/actualitat\\\/noticies\\\/el-pleno-del-ayuntamiento-nombra-jueza-de-paz-de-mont-roig-del-camp-a-m-victoria-vazquez-y-a-ariadna-marti-jueza-de-paz-sustituta\\\/#primaryimage\"},\"thumbnailUrl\":\"https:\\\/\\\/mont-roig.cat\\\/wp-content\\\/uploads\\\/jutjat.jpeg\",\"articleSection\":[\"Ayuntamiento\",\"Destacamos\"],\"inLanguage\":\"es\"},{\"@type\":\"WebPage\",\"@id\":\"https:\\\/\\\/mont-roig.cat\\\/es\\\/actualitat\\\/noticies\\\/el-pleno-del-ayuntamiento-nombra-jueza-de-paz-de-mont-roig-del-camp-a-m-victoria-vazquez-y-a-ariadna-marti-jueza-de-paz-sustituta\\\/\",\"url\":\"https:\\\/\\\/mont-roig.cat\\\/es\\\/actualitat\\\/noticies\\\/el-pleno-del-ayuntamiento-nombra-jueza-de-paz-de-mont-roig-del-camp-a-m-victoria-vazquez-y-a-ariadna-marti-jueza-de-paz-sustituta\\\/\",\"name\":\"El Pleno del Ayuntamiento nombra jueza de paz de Mont-roig del Camp a M. Victoria V\u00e1zquez y a Ariadna Mart\u00ed jueza de paz sustituta - Ajuntament de Mont-roig del Camp\",\"isPartOf\":{\"@id\":\"https:\\\/\\\/mont-roig.cat\\\/es\\\/#website\"},\"primaryImageOfPage\":{\"@id\":\"https:\\\/\\\/mont-roig.cat\\\/es\\\/actualitat\\\/noticies\\\/el-pleno-del-ayuntamiento-nombra-jueza-de-paz-de-mont-roig-del-camp-a-m-victoria-vazquez-y-a-ariadna-marti-jueza-de-paz-sustituta\\\/#primaryimage\"},\"image\":{\"@id\":\"https:\\\/\\\/mont-roig.cat\\\/es\\\/actualitat\\\/noticies\\\/el-pleno-del-ayuntamiento-nombra-jueza-de-paz-de-mont-roig-del-camp-a-m-victoria-vazquez-y-a-ariadna-marti-jueza-de-paz-sustituta\\\/#primaryimage\"},\"thumbnailUrl\":\"https:\\\/\\\/mont-roig.cat\\\/wp-content\\\/uploads\\\/jutjat.jpeg\",\"datePublished\":\"2021-04-16T11:28:13+00:00\",\"dateModified\":\"2021-04-16T12:14:42+00:00\",\"author\":{\"@id\":\"https:\\\/\\\/mont-roig.cat\\\/es\\\/#\\\/schema\\\/person\\\/f2b111789f22b7d0c3bd6786c9128cba\"},\"breadcrumb\":{\"@id\":\"https:\\\/\\\/mont-roig.cat\\\/es\\\/actualitat\\\/noticies\\\/el-pleno-del-ayuntamiento-nombra-jueza-de-paz-de-mont-roig-del-camp-a-m-victoria-vazquez-y-a-ariadna-marti-jueza-de-paz-sustituta\\\/#breadcrumb\"},\"inLanguage\":\"es\",\"potentialAction\":[{\"@type\":\"ReadAction\",\"target\":[\"https:\\\/\\\/mont-roig.cat\\\/es\\\/actualitat\\\/noticies\\\/el-pleno-del-ayuntamiento-nombra-jueza-de-paz-de-mont-roig-del-camp-a-m-victoria-vazquez-y-a-ariadna-marti-jueza-de-paz-sustituta\\\/\"]}]},{\"@type\":\"ImageObject\",\"inLanguage\":\"es\",\"@id\":\"https:\\\/\\\/mont-roig.cat\\\/es\\\/actualitat\\\/noticies\\\/el-pleno-del-ayuntamiento-nombra-jueza-de-paz-de-mont-roig-del-camp-a-m-victoria-vazquez-y-a-ariadna-marti-jueza-de-paz-sustituta\\\/#primaryimage\",\"url\":\"https:\\\/\\\/mont-roig.cat\\\/wp-content\\\/uploads\\\/jutjat.jpeg\",\"contentUrl\":\"https:\\\/\\\/mont-roig.cat\\\/wp-content\\\/uploads\\\/jutjat.jpeg\",\"width\":1600,\"height\":1201},{\"@type\":\"BreadcrumbList\",\"@id\":\"https:\\\/\\\/mont-roig.cat\\\/es\\\/actualitat\\\/noticies\\\/el-pleno-del-ayuntamiento-nombra-jueza-de-paz-de-mont-roig-del-camp-a-m-victoria-vazquez-y-a-ariadna-marti-jueza-de-paz-sustituta\\\/#breadcrumb\",\"itemListElement\":[{\"@type\":\"ListItem\",\"position\":1,\"name\":\"Inici\",\"item\":\"https:\\\/\\\/mont-roig.cat\\\/es\\\/pagina-de-inicio\\\/\"},{\"@type\":\"ListItem\",\"position\":2,\"name\":\"El Pleno del Ayuntamiento nombra jueza de paz de Mont-roig del Camp a M. Victoria V\u00e1zquez y a Ariadna Mart\u00ed jueza de paz sustituta\"}]},{\"@type\":\"WebSite\",\"@id\":\"https:\\\/\\\/mont-roig.cat\\\/es\\\/#website\",\"url\":\"https:\\\/\\\/mont-roig.cat\\\/es\\\/\",\"name\":\"Ajuntament de Mont-roig del Camp\",\"description\":\"Tota la informaci\u00f3 sobre la instituci\u00f3, els seus \u00f2rgans de govern, actualitat, serveis i molt m\u00e9s.\",\"potentialAction\":[{\"@type\":\"SearchAction\",\"target\":{\"@type\":\"EntryPoint\",\"urlTemplate\":\"https:\\\/\\\/mont-roig.cat\\\/es\\\/?s={search_term_string}\"},\"query-input\":{\"@type\":\"PropertyValueSpecification\",\"valueRequired\":true,\"valueName\":\"search_term_string\"}}],\"inLanguage\":\"es\"},{\"@type\":\"Person\",\"@id\":\"https:\\\/\\\/mont-roig.cat\\\/es\\\/#\\\/schema\\\/person\\\/f2b111789f22b7d0c3bd6786c9128cba\",\"name\":\"administrador\",\"image\":{\"@type\":\"ImageObject\",\"inLanguage\":\"es\",\"@id\":\"https:\\\/\\\/secure.gravatar.com\\\/avatar\\\/9137aac6891e2595c9d3036fd83bcb653b4db3c946db4c7d9b9be193c3c944bb?s=96&d=mm&r=g\",\"url\":\"https:\\\/\\\/secure.gravatar.com\\\/avatar\\\/9137aac6891e2595c9d3036fd83bcb653b4db3c946db4c7d9b9be193c3c944bb?s=96&d=mm&r=g\",\"contentUrl\":\"https:\\\/\\\/secure.gravatar.com\\\/avatar\\\/9137aac6891e2595c9d3036fd83bcb653b4db3c946db4c7d9b9be193c3c944bb?s=96&d=mm&r=g\",\"caption\":\"administrador\"},\"url\":\"https:\\\/\\\/mont-roig.cat\\\/es\\\/actualitat\\\/noticies\\\/author\\\/administrador\\\/\"}]}<\/script>\n<!-- \/ Yoast SEO plugin. -->","yoast_head_json":{"title":"El Pleno del Ayuntamiento nombra jueza de paz de Mont-roig del Camp a M. Victoria V\u00e1zquez y a Ariadna Mart\u00ed jueza de paz sustituta - Ajuntament de Mont-roig del Camp","robots":{"index":"index","follow":"follow","max-snippet":"max-snippet:-1","max-image-preview":"max-image-preview:large","max-video-preview":"max-video-preview:-1"},"canonical":"https:\/\/mont-roig.cat\/es\/actualitat\/noticies\/el-pleno-del-ayuntamiento-nombra-jueza-de-paz-de-mont-roig-del-camp-a-m-victoria-vazquez-y-a-ariadna-marti-jueza-de-paz-sustituta\/","og_locale":"es_ES","og_type":"article","og_title":"El Pleno del Ayuntamiento nombra jueza de paz de Mont-roig del Camp a M. Victoria V\u00e1zquez y a Ariadna Mart\u00ed jueza de paz sustituta - Ajuntament de Mont-roig del Camp","og_description":"La sesi\u00f3n plenaria celebrada este mi\u00e9rcoles ha contado con la emotiva despedida del concejal de Hacienda y Mantenimiento de Espacios y Equipamientos, Enrique L\u00f3pez El Pleno del Ayuntamiento de Mont-roig del Camp, celebrado este mi\u00e9rcoles 14 de abril, ha aprobado nombrar juez de paz de Mont-roig del Camp a M. Victoria V\u00e1zquez Salas y a [&hellip;]","og_url":"https:\/\/mont-roig.cat\/es\/actualitat\/noticies\/el-pleno-del-ayuntamiento-nombra-jueza-de-paz-de-mont-roig-del-camp-a-m-victoria-vazquez-y-a-ariadna-marti-jueza-de-paz-sustituta\/","og_site_name":"Ajuntament de Mont-roig del Camp","article_published_time":"2021-04-16T11:28:13+00:00","article_modified_time":"2021-04-16T12:14:42+00:00","og_image":[{"width":1600,"height":1201,"url":"https:\/\/mont-roig.cat\/wp-content\/uploads\/jutjat.jpeg","type":"image\/jpeg"}],"author":"administrador","twitter_card":"summary_large_image","twitter_misc":{"Escrito por":"administrador","Tiempo de lectura":"3 minutos"},"schema":{"@context":"https:\/\/schema.org","@graph":[{"@type":"Article","@id":"https:\/\/mont-roig.cat\/es\/actualitat\/noticies\/el-pleno-del-ayuntamiento-nombra-jueza-de-paz-de-mont-roig-del-camp-a-m-victoria-vazquez-y-a-ariadna-marti-jueza-de-paz-sustituta\/#article","isPartOf":{"@id":"https:\/\/mont-roig.cat\/es\/actualitat\/noticies\/el-pleno-del-ayuntamiento-nombra-jueza-de-paz-de-mont-roig-del-camp-a-m-victoria-vazquez-y-a-ariadna-marti-jueza-de-paz-sustituta\/"},"author":{"name":"administrador","@id":"https:\/\/mont-roig.cat\/es\/#\/schema\/person\/f2b111789f22b7d0c3bd6786c9128cba"},"headline":"El Pleno del Ayuntamiento nombra jueza de paz de Mont-roig del Camp a M. Victoria V\u00e1zquez y a Ariadna Mart\u00ed jueza de paz sustituta","datePublished":"2021-04-16T11:28:13+00:00","dateModified":"2021-04-16T12:14:42+00:00","mainEntityOfPage":{"@id":"https:\/\/mont-roig.cat\/es\/actualitat\/noticies\/el-pleno-del-ayuntamiento-nombra-jueza-de-paz-de-mont-roig-del-camp-a-m-victoria-vazquez-y-a-ariadna-marti-jueza-de-paz-sustituta\/"},"wordCount":609,"image":{"@id":"https:\/\/mont-roig.cat\/es\/actualitat\/noticies\/el-pleno-del-ayuntamiento-nombra-jueza-de-paz-de-mont-roig-del-camp-a-m-victoria-vazquez-y-a-ariadna-marti-jueza-de-paz-sustituta\/#primaryimage"},"thumbnailUrl":"https:\/\/mont-roig.cat\/wp-content\/uploads\/jutjat.jpeg","articleSection":["Ayuntamiento","Destacamos"],"inLanguage":"es"},{"@type":"WebPage","@id":"https:\/\/mont-roig.cat\/es\/actualitat\/noticies\/el-pleno-del-ayuntamiento-nombra-jueza-de-paz-de-mont-roig-del-camp-a-m-victoria-vazquez-y-a-ariadna-marti-jueza-de-paz-sustituta\/","url":"https:\/\/mont-roig.cat\/es\/actualitat\/noticies\/el-pleno-del-ayuntamiento-nombra-jueza-de-paz-de-mont-roig-del-camp-a-m-victoria-vazquez-y-a-ariadna-marti-jueza-de-paz-sustituta\/","name":"El Pleno del Ayuntamiento nombra jueza de paz de Mont-roig del Camp a M. Victoria V\u00e1zquez y a Ariadna Mart\u00ed jueza de paz sustituta - Ajuntament de Mont-roig del Camp","isPartOf":{"@id":"https:\/\/mont-roig.cat\/es\/#website"},"primaryImageOfPage":{"@id":"https:\/\/mont-roig.cat\/es\/actualitat\/noticies\/el-pleno-del-ayuntamiento-nombra-jueza-de-paz-de-mont-roig-del-camp-a-m-victoria-vazquez-y-a-ariadna-marti-jueza-de-paz-sustituta\/#primaryimage"},"image":{"@id":"https:\/\/mont-roig.cat\/es\/actualitat\/noticies\/el-pleno-del-ayuntamiento-nombra-jueza-de-paz-de-mont-roig-del-camp-a-m-victoria-vazquez-y-a-ariadna-marti-jueza-de-paz-sustituta\/#primaryimage"},"thumbnailUrl":"https:\/\/mont-roig.cat\/wp-content\/uploads\/jutjat.jpeg","datePublished":"2021-04-16T11:28:13+00:00","dateModified":"2021-04-16T12:14:42+00:00","author":{"@id":"https:\/\/mont-roig.cat\/es\/#\/schema\/person\/f2b111789f22b7d0c3bd6786c9128cba"},"breadcrumb":{"@id":"https:\/\/mont-roig.cat\/es\/actualitat\/noticies\/el-pleno-del-ayuntamiento-nombra-jueza-de-paz-de-mont-roig-del-camp-a-m-victoria-vazquez-y-a-ariadna-marti-jueza-de-paz-sustituta\/#breadcrumb"},"inLanguage":"es","potentialAction":[{"@type":"ReadAction","target":["https:\/\/mont-roig.cat\/es\/actualitat\/noticies\/el-pleno-del-ayuntamiento-nombra-jueza-de-paz-de-mont-roig-del-camp-a-m-victoria-vazquez-y-a-ariadna-marti-jueza-de-paz-sustituta\/"]}]},{"@type":"ImageObject","inLanguage":"es","@id":"https:\/\/mont-roig.cat\/es\/actualitat\/noticies\/el-pleno-del-ayuntamiento-nombra-jueza-de-paz-de-mont-roig-del-camp-a-m-victoria-vazquez-y-a-ariadna-marti-jueza-de-paz-sustituta\/#primaryimage","url":"https:\/\/mont-roig.cat\/wp-content\/uploads\/jutjat.jpeg","contentUrl":"https:\/\/mont-roig.cat\/wp-content\/uploads\/jutjat.jpeg","width":1600,"height":1201},{"@type":"BreadcrumbList","@id":"https:\/\/mont-roig.cat\/es\/actualitat\/noticies\/el-pleno-del-ayuntamiento-nombra-jueza-de-paz-de-mont-roig-del-camp-a-m-victoria-vazquez-y-a-ariadna-marti-jueza-de-paz-sustituta\/#breadcrumb","itemListElement":[{"@type":"ListItem","position":1,"name":"Inici","item":"https:\/\/mont-roig.cat\/es\/pagina-de-inicio\/"},{"@type":"ListItem","position":2,"name":"El Pleno del Ayuntamiento nombra jueza de paz de Mont-roig del Camp a M. Victoria V\u00e1zquez y a Ariadna Mart\u00ed jueza de paz sustituta"}]},{"@type":"WebSite","@id":"https:\/\/mont-roig.cat\/es\/#website","url":"https:\/\/mont-roig.cat\/es\/","name":"Ajuntament de Mont-roig del Camp","description":"Tota la informaci\u00f3 sobre la instituci\u00f3, els seus \u00f2rgans de govern, actualitat, serveis i molt m\u00e9s.","potentialAction":[{"@type":"SearchAction","target":{"@type":"EntryPoint","urlTemplate":"https:\/\/mont-roig.cat\/es\/?s={search_term_string}"},"query-input":{"@type":"PropertyValueSpecification","valueRequired":true,"valueName":"search_term_string"}}],"inLanguage":"es"},{"@type":"Person","@id":"https:\/\/mont-roig.cat\/es\/#\/schema\/person\/f2b111789f22b7d0c3bd6786c9128cba","name":"administrador","image":{"@type":"ImageObject","inLanguage":"es","@id":"https:\/\/secure.gravatar.com\/avatar\/9137aac6891e2595c9d3036fd83bcb653b4db3c946db4c7d9b9be193c3c944bb?s=96&d=mm&r=g","url":"https:\/\/secure.gravatar.com\/avatar\/9137aac6891e2595c9d3036fd83bcb653b4db3c946db4c7d9b9be193c3c944bb?s=96&d=mm&r=g","contentUrl":"https:\/\/secure.gravatar.com\/avatar\/9137aac6891e2595c9d3036fd83bcb653b4db3c946db4c7d9b9be193c3c944bb?s=96&d=mm&r=g","caption":"administrador"},"url":"https:\/\/mont-roig.cat\/es\/actualitat\/noticies\/author\/administrador\/"}]}},"_links":{"self":[{"href":"https:\/\/mont-roig.cat\/es\/wp-json\/wp\/v2\/posts\/55031","targetHints":{"allow":["GET"]}}],"collection":[{"href":"https:\/\/mont-roig.cat\/es\/wp-json\/wp\/v2\/posts"}],"about":[{"href":"https:\/\/mont-roig.cat\/es\/wp-json\/wp\/v2\/types\/post"}],"author":[{"embeddable":true,"href":"https:\/\/mont-roig.cat\/es\/wp-json\/wp\/v2\/users\/4"}],"replies":[{"embeddable":true,"href":"https:\/\/mont-roig.cat\/es\/wp-json\/wp\/v2\/comments?post=55031"}],"version-history":[{"count":2,"href":"https:\/\/mont-roig.cat\/es\/wp-json\/wp\/v2\/posts\/55031\/revisions"}],"predecessor-version":[{"id":55038,"href":"https:\/\/mont-roig.cat\/es\/wp-json\/wp\/v2\/posts\/55031\/revisions\/55038"}],"wp:featuredmedia":[{"embeddable":true,"href":"https:\/\/mont-roig.cat\/es\/wp-json\/wp\/v2\/media\/55036"}],"wp:attachment":[{"href":"https:\/\/mont-roig.cat\/es\/wp-json\/wp\/v2\/media?parent=55031"}],"wp:term":[{"taxonomy":"category","embeddable":true,"href":"https:\/\/mont-roig.cat\/es\/wp-json\/wp\/v2\/categories?post=55031"},{"taxonomy":"post_tag","embeddable":true,"href":"https:\/\/mont-roig.cat\/es\/wp-json\/wp\/v2\/tags?post=55031"}],"curies":[{"name":"wp","href":"https:\/\/api.w.org\/{rel}","templated":true}]}}