{"id":55233,"date":"2021-05-05T11:57:42","date_gmt":"2021-05-05T09:57:42","guid":{"rendered":"https:\/\/mont-roig.cat\/?p=55233"},"modified":"2021-05-05T11:57:42","modified_gmt":"2021-05-05T09:57:42","slug":"el-ayuntamiento-construye-una-nueva-red-de-pluviales-en-la-avenida-de-cataluna","status":"publish","type":"post","link":"https:\/\/mont-roig.cat\/es\/actualitat\/noticies\/el-ayuntamiento-construye-una-nueva-red-de-pluviales-en-la-avenida-de-cataluna\/","title":{"rendered":"El Ayuntamiento construye una nueva red de pluviales en la avenida de Catalu\u00f1a"},"content":{"rendered":"<ul>\n<li><strong>Las obras, que forman parte del plan de actuaciones e inversiones de Nostraigua, pretenden recoger las aguas pluviales de la avenida Catalu\u00f1a y de la plaza Miramar y conducirlas hasta el barranco de l&#8217;Horta<\/strong><\/li>\n<li><strong>Los trabajos se iniciar\u00e1n el pr\u00f3ximo lunes 10 de mayo y afectar\u00e1n a la circulaci\u00f3n de la zona<\/strong><\/li>\n<\/ul>\n<p><a href=\"https:\/\/mont-roig.cat\/wp-content\/uploads\/planol-Fase-1-i-2.png\"><img loading=\"lazy\" decoding=\"async\" class=\"alignright wp-image-55224\" src=\"https:\/\/mont-roig.cat\/wp-content\/uploads\/planol-Fase-1-i-2-500x386.png\" alt=\"\" width=\"300\" height=\"232\" srcset=\"https:\/\/mont-roig.cat\/wp-content\/uploads\/planol-Fase-1-i-2-500x386.png 500w, https:\/\/mont-roig.cat\/wp-content\/uploads\/planol-Fase-1-i-2-1024x792.png 1024w, https:\/\/mont-roig.cat\/wp-content\/uploads\/planol-Fase-1-i-2-768x594.png 768w, https:\/\/mont-roig.cat\/wp-content\/uploads\/planol-Fase-1-i-2-1536x1187.png 1536w, https:\/\/mont-roig.cat\/wp-content\/uploads\/planol-Fase-1-i-2-2048x1583.png 2048w\" sizes=\"auto, (max-width: 300px) 100vw, 300px\" \/><\/a>El Ayuntamiento de Mont-roig del Camp, a trav\u00e9s del plan de actuaciones e inversiones de Nostraigua para el ejercicio 2021, comenzar\u00e1 la pr\u00f3xima semana las obras de construcci\u00f3n de una nueva red de pluviales en la avenida de Catalu\u00f1a de Mont-roig.<\/p>\n<p>Con esta actuaci\u00f3n se quieren recoger las aguas pluviales que actualmente discurren en superficie y conducirlas en tuber\u00eda enterrada hasta el barranco de l&#8217;Horta. Con este objetivo se instalar\u00e1 una nueva red de colectores desde la calle Cambrils hasta la avenida Catalu\u00f1a, lo que permitir\u00e1 solucionar la evacuaci\u00f3n de agua de lluvia de la plaza Miramar y de la misma avenida.<\/p>\n<p>Las obras, adjudicadas a la empresa Sociedad General de Aguas de Barcelona, \u200b\u200bSAU por 94.883,81 \u20ac, cuentan con una subvenci\u00f3n de la Diputaci\u00f3n de Tarragona de 71.796,00 \u20ac.<\/p>\n<p>Para facilitar el tr\u00e1nsito de veh\u00edculos, las obras se ejecutar\u00e1n en 2 fases y est\u00e1 previsto que tengan una duraci\u00f3n de 2 meses.<\/p>\n<p><strong>Afectaciones al tr\u00e1fico de veh\u00edculos a partir del lunes 10 de mayo<\/strong><\/p>\n<p>A partir del lunes 10 de mayo no se podr\u00e1 circular por la avenida de Catalu\u00f1a, entre el barranco del Primer Puente y la calle Industria y se dar\u00e1 paso por la calle Riudoms y el barranco de Vilanova en sentido Montbri\u00f3 y por la avenida de Reus en sentido Pratdip. Tambi\u00e9n se modificar\u00e1n los sentidos de circulaci\u00f3n en la plaza Miramar. No obstante se permitir\u00e1 el paso en el aparcamiento privado de los vecinos y vecinas de la avenida de Catalu\u00f1a.<\/p>\n<p>Una vez finalizada la primera fase se iniciar\u00e1 la siguiente que afectar\u00e1 a la calle Cambrils, que tambi\u00e9n quedar\u00e1 cortado al tr\u00e1fico de veh\u00edculos, excepto para entrar en los aparcamientos privados del vecindario.<\/p>\n<p>Desde la Direcci\u00f3n Facultativa de la obra se recomienda consultar los planos de los sentidos de circulaci\u00f3n y seguir las indicaciones de los carteles de obra.<\/p>\n<p><a href=\"https:\/\/mont-roig.cat\/wp-content\/uploads\/fase-1.png\"><img loading=\"lazy\" decoding=\"async\" class=\"alignnone wp-image-55226\" src=\"https:\/\/mont-roig.cat\/wp-content\/uploads\/fase-1-500x386.png\" alt=\"\" width=\"300\" height=\"232\" srcset=\"https:\/\/mont-roig.cat\/wp-content\/uploads\/fase-1-500x386.png 500w, https:\/\/mont-roig.cat\/wp-content\/uploads\/fase-1-1024x791.png 1024w, https:\/\/mont-roig.cat\/wp-content\/uploads\/fase-1-768x593.png 768w, https:\/\/mont-roig.cat\/wp-content\/uploads\/fase-1-1536x1187.png 1536w, https:\/\/mont-roig.cat\/wp-content\/uploads\/fase-1-2048x1582.png 2048w\" sizes=\"auto, (max-width: 300px) 100vw, 300px\" \/><\/a>\u00a0 \u00a0 \u00a0 \u00a0 \u00a0 <a href=\"https:\/\/mont-roig.cat\/wp-content\/uploads\/fase-2.png\"><img loading=\"lazy\" decoding=\"async\" class=\"alignnone wp-image-55228\" src=\"https:\/\/mont-roig.cat\/wp-content\/uploads\/fase-2-500x386.png\" alt=\"\" width=\"300\" height=\"232\" srcset=\"https:\/\/mont-roig.cat\/wp-content\/uploads\/fase-2-500x386.png 500w, https:\/\/mont-roig.cat\/wp-content\/uploads\/fase-2-1024x790.png 1024w, https:\/\/mont-roig.cat\/wp-content\/uploads\/fase-2-768x593.png 768w, https:\/\/mont-roig.cat\/wp-content\/uploads\/fase-2-1536x1186.png 1536w, https:\/\/mont-roig.cat\/wp-content\/uploads\/fase-2-2048x1581.png 2048w\" sizes=\"auto, (max-width: 300px) 100vw, 300px\" \/><\/a><\/p>\n","protected":false},"excerpt":{"rendered":"<p>Las obras, que forman parte del plan de actuaciones e inversiones de Nostraigua, pretenden recoger las aguas pluviales de la avenida Catalu\u00f1a y de la plaza Miramar y conducirlas hasta el barranco de l&#8217;Horta Los trabajos se iniciar\u00e1n el pr\u00f3ximo lunes 10 de mayo y afectar\u00e1n a la circulaci\u00f3n de la zona El Ayuntamiento de [&hellip;]<\/p>\n","protected":false},"author":4,"featured_media":55224,"comment_status":"closed","ping_status":"closed","sticky":false,"template":"","format":"standard","meta":{"inline_featured_image":false,"_monsterinsights_skip_tracking":false,"_monsterinsights_sitenote_active":false,"_monsterinsights_sitenote_note":"","_monsterinsights_sitenote_category":0,"footnotes":""},"categories":[98,108],"tags":[],"class_list":["post-55233","post","type-post","status-publish","format-standard","has-post-thumbnail","hentry","category-ayuntamiento","category-movilidad-y-transporte"],"yoast_head":"<!-- This site is optimized with the Yoast SEO plugin v27.4 - https:\/\/yoast.com\/product\/yoast-seo-wordpress\/ -->\n<title>El Ayuntamiento construye una nueva red de pluviales en la avenida de Catalu\u00f1a - Ajuntament de Mont-roig del Camp<\/title>\n<meta name=\"robots\" content=\"index, follow, max-snippet:-1, max-image-preview:large, max-video-preview:-1\" \/>\n<link rel=\"canonical\" href=\"https:\/\/mont-roig.cat\/es\/actualitat\/noticies\/el-ayuntamiento-construye-una-nueva-red-de-pluviales-en-la-avenida-de-cataluna\/\" \/>\n<meta property=\"og:locale\" content=\"es_ES\" \/>\n<meta property=\"og:type\" content=\"article\" \/>\n<meta property=\"og:title\" content=\"El Ayuntamiento construye una nueva red de pluviales en la avenida de Catalu\u00f1a - Ajuntament de Mont-roig del Camp\" \/>\n<meta property=\"og:description\" content=\"Las obras, que forman parte del plan de actuaciones e inversiones de Nostraigua, pretenden recoger las aguas pluviales de la avenida Catalu\u00f1a y de la plaza Miramar y conducirlas hasta el barranco de l&#8217;Horta Los trabajos se iniciar\u00e1n el pr\u00f3ximo lunes 10 de mayo y afectar\u00e1n a la circulaci\u00f3n de la zona El Ayuntamiento de [&hellip;]\" \/>\n<meta property=\"og:url\" content=\"https:\/\/mont-roig.cat\/es\/actualitat\/noticies\/el-ayuntamiento-construye-una-nueva-red-de-pluviales-en-la-avenida-de-cataluna\/\" \/>\n<meta property=\"og:site_name\" content=\"Ajuntament de Mont-roig del Camp\" \/>\n<meta property=\"article:published_time\" content=\"2021-05-05T09:57:42+00:00\" \/>\n<meta property=\"og:image\" content=\"https:\/\/mont-roig.cat\/wp-content\/uploads\/planol-Fase-1-i-2.png\" \/>\n\t<meta property=\"og:image:width\" content=\"2458\" \/>\n\t<meta property=\"og:image:height\" content=\"1900\" \/>\n\t<meta property=\"og:image:type\" content=\"image\/png\" \/>\n<meta name=\"author\" content=\"administrador\" \/>\n<meta name=\"twitter:card\" content=\"summary_large_image\" \/>\n<meta name=\"twitter:label1\" content=\"Escrito por\" \/>\n\t<meta name=\"twitter:data1\" content=\"administrador\" \/>\n\t<meta name=\"twitter:label2\" content=\"Tiempo de lectura\" \/>\n\t<meta name=\"twitter:data2\" content=\"3 minutos\" \/>\n<script type=\"application\/ld+json\" class=\"yoast-schema-graph\">{\"@context\":\"https:\\\/\\\/schema.org\",\"@graph\":[{\"@type\":\"Article\",\"@id\":\"https:\\\/\\\/mont-roig.cat\\\/es\\\/actualitat\\\/noticies\\\/el-ayuntamiento-construye-una-nueva-red-de-pluviales-en-la-avenida-de-cataluna\\\/#article\",\"isPartOf\":{\"@id\":\"https:\\\/\\\/mont-roig.cat\\\/es\\\/actualitat\\\/noticies\\\/el-ayuntamiento-construye-una-nueva-red-de-pluviales-en-la-avenida-de-cataluna\\\/\"},\"author\":{\"name\":\"administrador\",\"@id\":\"https:\\\/\\\/mont-roig.cat\\\/es\\\/#\\\/schema\\\/person\\\/f2b111789f22b7d0c3bd6786c9128cba\"},\"headline\":\"El Ayuntamiento construye una nueva red de pluviales en la avenida de Catalu\u00f1a\",\"datePublished\":\"2021-05-05T09:57:42+00:00\",\"mainEntityOfPage\":{\"@id\":\"https:\\\/\\\/mont-roig.cat\\\/es\\\/actualitat\\\/noticies\\\/el-ayuntamiento-construye-una-nueva-red-de-pluviales-en-la-avenida-de-cataluna\\\/\"},\"wordCount\":395,\"image\":{\"@id\":\"https:\\\/\\\/mont-roig.cat\\\/es\\\/actualitat\\\/noticies\\\/el-ayuntamiento-construye-una-nueva-red-de-pluviales-en-la-avenida-de-cataluna\\\/#primaryimage\"},\"thumbnailUrl\":\"https:\\\/\\\/mont-roig.cat\\\/wp-content\\\/uploads\\\/planol-Fase-1-i-2.png\",\"articleSection\":[\"Ayuntamiento\",\"Movilidad y transporte\"],\"inLanguage\":\"es\"},{\"@type\":\"WebPage\",\"@id\":\"https:\\\/\\\/mont-roig.cat\\\/es\\\/actualitat\\\/noticies\\\/el-ayuntamiento-construye-una-nueva-red-de-pluviales-en-la-avenida-de-cataluna\\\/\",\"url\":\"https:\\\/\\\/mont-roig.cat\\\/es\\\/actualitat\\\/noticies\\\/el-ayuntamiento-construye-una-nueva-red-de-pluviales-en-la-avenida-de-cataluna\\\/\",\"name\":\"El Ayuntamiento construye una nueva red de pluviales en la avenida de Catalu\u00f1a - Ajuntament de Mont-roig del Camp\",\"isPartOf\":{\"@id\":\"https:\\\/\\\/mont-roig.cat\\\/es\\\/#website\"},\"primaryImageOfPage\":{\"@id\":\"https:\\\/\\\/mont-roig.cat\\\/es\\\/actualitat\\\/noticies\\\/el-ayuntamiento-construye-una-nueva-red-de-pluviales-en-la-avenida-de-cataluna\\\/#primaryimage\"},\"image\":{\"@id\":\"https:\\\/\\\/mont-roig.cat\\\/es\\\/actualitat\\\/noticies\\\/el-ayuntamiento-construye-una-nueva-red-de-pluviales-en-la-avenida-de-cataluna\\\/#primaryimage\"},\"thumbnailUrl\":\"https:\\\/\\\/mont-roig.cat\\\/wp-content\\\/uploads\\\/planol-Fase-1-i-2.png\",\"datePublished\":\"2021-05-05T09:57:42+00:00\",\"author\":{\"@id\":\"https:\\\/\\\/mont-roig.cat\\\/es\\\/#\\\/schema\\\/person\\\/f2b111789f22b7d0c3bd6786c9128cba\"},\"breadcrumb\":{\"@id\":\"https:\\\/\\\/mont-roig.cat\\\/es\\\/actualitat\\\/noticies\\\/el-ayuntamiento-construye-una-nueva-red-de-pluviales-en-la-avenida-de-cataluna\\\/#breadcrumb\"},\"inLanguage\":\"es\",\"potentialAction\":[{\"@type\":\"ReadAction\",\"target\":[\"https:\\\/\\\/mont-roig.cat\\\/es\\\/actualitat\\\/noticies\\\/el-ayuntamiento-construye-una-nueva-red-de-pluviales-en-la-avenida-de-cataluna\\\/\"]}]},{\"@type\":\"ImageObject\",\"inLanguage\":\"es\",\"@id\":\"https:\\\/\\\/mont-roig.cat\\\/es\\\/actualitat\\\/noticies\\\/el-ayuntamiento-construye-una-nueva-red-de-pluviales-en-la-avenida-de-cataluna\\\/#primaryimage\",\"url\":\"https:\\\/\\\/mont-roig.cat\\\/wp-content\\\/uploads\\\/planol-Fase-1-i-2.png\",\"contentUrl\":\"https:\\\/\\\/mont-roig.cat\\\/wp-content\\\/uploads\\\/planol-Fase-1-i-2.png\",\"width\":2458,\"height\":1900},{\"@type\":\"BreadcrumbList\",\"@id\":\"https:\\\/\\\/mont-roig.cat\\\/es\\\/actualitat\\\/noticies\\\/el-ayuntamiento-construye-una-nueva-red-de-pluviales-en-la-avenida-de-cataluna\\\/#breadcrumb\",\"itemListElement\":[{\"@type\":\"ListItem\",\"position\":1,\"name\":\"Inici\",\"item\":\"https:\\\/\\\/mont-roig.cat\\\/es\\\/pagina-de-inicio\\\/\"},{\"@type\":\"ListItem\",\"position\":2,\"name\":\"El Ayuntamiento construye una nueva red de pluviales en la avenida de Catalu\u00f1a\"}]},{\"@type\":\"WebSite\",\"@id\":\"https:\\\/\\\/mont-roig.cat\\\/es\\\/#website\",\"url\":\"https:\\\/\\\/mont-roig.cat\\\/es\\\/\",\"name\":\"Ajuntament de Mont-roig del Camp\",\"description\":\"Tota la informaci\u00f3 sobre la instituci\u00f3, els seus \u00f2rgans de govern, actualitat, serveis i molt m\u00e9s.\",\"potentialAction\":[{\"@type\":\"SearchAction\",\"target\":{\"@type\":\"EntryPoint\",\"urlTemplate\":\"https:\\\/\\\/mont-roig.cat\\\/es\\\/?s={search_term_string}\"},\"query-input\":{\"@type\":\"PropertyValueSpecification\",\"valueRequired\":true,\"valueName\":\"search_term_string\"}}],\"inLanguage\":\"es\"},{\"@type\":\"Person\",\"@id\":\"https:\\\/\\\/mont-roig.cat\\\/es\\\/#\\\/schema\\\/person\\\/f2b111789f22b7d0c3bd6786c9128cba\",\"name\":\"administrador\",\"image\":{\"@type\":\"ImageObject\",\"inLanguage\":\"es\",\"@id\":\"https:\\\/\\\/secure.gravatar.com\\\/avatar\\\/9137aac6891e2595c9d3036fd83bcb653b4db3c946db4c7d9b9be193c3c944bb?s=96&d=mm&r=g\",\"url\":\"https:\\\/\\\/secure.gravatar.com\\\/avatar\\\/9137aac6891e2595c9d3036fd83bcb653b4db3c946db4c7d9b9be193c3c944bb?s=96&d=mm&r=g\",\"contentUrl\":\"https:\\\/\\\/secure.gravatar.com\\\/avatar\\\/9137aac6891e2595c9d3036fd83bcb653b4db3c946db4c7d9b9be193c3c944bb?s=96&d=mm&r=g\",\"caption\":\"administrador\"},\"url\":\"https:\\\/\\\/mont-roig.cat\\\/es\\\/actualitat\\\/noticies\\\/author\\\/administrador\\\/\"}]}<\/script>\n<!-- \/ Yoast SEO plugin. -->","yoast_head_json":{"title":"El Ayuntamiento construye una nueva red de pluviales en la avenida de Catalu\u00f1a - Ajuntament de Mont-roig del Camp","robots":{"index":"index","follow":"follow","max-snippet":"max-snippet:-1","max-image-preview":"max-image-preview:large","max-video-preview":"max-video-preview:-1"},"canonical":"https:\/\/mont-roig.cat\/es\/actualitat\/noticies\/el-ayuntamiento-construye-una-nueva-red-de-pluviales-en-la-avenida-de-cataluna\/","og_locale":"es_ES","og_type":"article","og_title":"El Ayuntamiento construye una nueva red de pluviales en la avenida de Catalu\u00f1a - Ajuntament de Mont-roig del Camp","og_description":"Las obras, que forman parte del plan de actuaciones e inversiones de Nostraigua, pretenden recoger las aguas pluviales de la avenida Catalu\u00f1a y de la plaza Miramar y conducirlas hasta el barranco de l&#8217;Horta Los trabajos se iniciar\u00e1n el pr\u00f3ximo lunes 10 de mayo y afectar\u00e1n a la circulaci\u00f3n de la zona El Ayuntamiento de [&hellip;]","og_url":"https:\/\/mont-roig.cat\/es\/actualitat\/noticies\/el-ayuntamiento-construye-una-nueva-red-de-pluviales-en-la-avenida-de-cataluna\/","og_site_name":"Ajuntament de Mont-roig del Camp","article_published_time":"2021-05-05T09:57:42+00:00","og_image":[{"width":2458,"height":1900,"url":"https:\/\/mont-roig.cat\/wp-content\/uploads\/planol-Fase-1-i-2.png","type":"image\/png"}],"author":"administrador","twitter_card":"summary_large_image","twitter_misc":{"Escrito por":"administrador","Tiempo de lectura":"3 minutos"},"schema":{"@context":"https:\/\/schema.org","@graph":[{"@type":"Article","@id":"https:\/\/mont-roig.cat\/es\/actualitat\/noticies\/el-ayuntamiento-construye-una-nueva-red-de-pluviales-en-la-avenida-de-cataluna\/#article","isPartOf":{"@id":"https:\/\/mont-roig.cat\/es\/actualitat\/noticies\/el-ayuntamiento-construye-una-nueva-red-de-pluviales-en-la-avenida-de-cataluna\/"},"author":{"name":"administrador","@id":"https:\/\/mont-roig.cat\/es\/#\/schema\/person\/f2b111789f22b7d0c3bd6786c9128cba"},"headline":"El Ayuntamiento construye una nueva red de pluviales en la avenida de Catalu\u00f1a","datePublished":"2021-05-05T09:57:42+00:00","mainEntityOfPage":{"@id":"https:\/\/mont-roig.cat\/es\/actualitat\/noticies\/el-ayuntamiento-construye-una-nueva-red-de-pluviales-en-la-avenida-de-cataluna\/"},"wordCount":395,"image":{"@id":"https:\/\/mont-roig.cat\/es\/actualitat\/noticies\/el-ayuntamiento-construye-una-nueva-red-de-pluviales-en-la-avenida-de-cataluna\/#primaryimage"},"thumbnailUrl":"https:\/\/mont-roig.cat\/wp-content\/uploads\/planol-Fase-1-i-2.png","articleSection":["Ayuntamiento","Movilidad y transporte"],"inLanguage":"es"},{"@type":"WebPage","@id":"https:\/\/mont-roig.cat\/es\/actualitat\/noticies\/el-ayuntamiento-construye-una-nueva-red-de-pluviales-en-la-avenida-de-cataluna\/","url":"https:\/\/mont-roig.cat\/es\/actualitat\/noticies\/el-ayuntamiento-construye-una-nueva-red-de-pluviales-en-la-avenida-de-cataluna\/","name":"El Ayuntamiento construye una nueva red de pluviales en la avenida de Catalu\u00f1a - Ajuntament de Mont-roig del Camp","isPartOf":{"@id":"https:\/\/mont-roig.cat\/es\/#website"},"primaryImageOfPage":{"@id":"https:\/\/mont-roig.cat\/es\/actualitat\/noticies\/el-ayuntamiento-construye-una-nueva-red-de-pluviales-en-la-avenida-de-cataluna\/#primaryimage"},"image":{"@id":"https:\/\/mont-roig.cat\/es\/actualitat\/noticies\/el-ayuntamiento-construye-una-nueva-red-de-pluviales-en-la-avenida-de-cataluna\/#primaryimage"},"thumbnailUrl":"https:\/\/mont-roig.cat\/wp-content\/uploads\/planol-Fase-1-i-2.png","datePublished":"2021-05-05T09:57:42+00:00","author":{"@id":"https:\/\/mont-roig.cat\/es\/#\/schema\/person\/f2b111789f22b7d0c3bd6786c9128cba"},"breadcrumb":{"@id":"https:\/\/mont-roig.cat\/es\/actualitat\/noticies\/el-ayuntamiento-construye-una-nueva-red-de-pluviales-en-la-avenida-de-cataluna\/#breadcrumb"},"inLanguage":"es","potentialAction":[{"@type":"ReadAction","target":["https:\/\/mont-roig.cat\/es\/actualitat\/noticies\/el-ayuntamiento-construye-una-nueva-red-de-pluviales-en-la-avenida-de-cataluna\/"]}]},{"@type":"ImageObject","inLanguage":"es","@id":"https:\/\/mont-roig.cat\/es\/actualitat\/noticies\/el-ayuntamiento-construye-una-nueva-red-de-pluviales-en-la-avenida-de-cataluna\/#primaryimage","url":"https:\/\/mont-roig.cat\/wp-content\/uploads\/planol-Fase-1-i-2.png","contentUrl":"https:\/\/mont-roig.cat\/wp-content\/uploads\/planol-Fase-1-i-2.png","width":2458,"height":1900},{"@type":"BreadcrumbList","@id":"https:\/\/mont-roig.cat\/es\/actualitat\/noticies\/el-ayuntamiento-construye-una-nueva-red-de-pluviales-en-la-avenida-de-cataluna\/#breadcrumb","itemListElement":[{"@type":"ListItem","position":1,"name":"Inici","item":"https:\/\/mont-roig.cat\/es\/pagina-de-inicio\/"},{"@type":"ListItem","position":2,"name":"El Ayuntamiento construye una nueva red de pluviales en la avenida de Catalu\u00f1a"}]},{"@type":"WebSite","@id":"https:\/\/mont-roig.cat\/es\/#website","url":"https:\/\/mont-roig.cat\/es\/","name":"Ajuntament de Mont-roig del Camp","description":"Tota la informaci\u00f3 sobre la instituci\u00f3, els seus \u00f2rgans de govern, actualitat, serveis i molt m\u00e9s.","potentialAction":[{"@type":"SearchAction","target":{"@type":"EntryPoint","urlTemplate":"https:\/\/mont-roig.cat\/es\/?s={search_term_string}"},"query-input":{"@type":"PropertyValueSpecification","valueRequired":true,"valueName":"search_term_string"}}],"inLanguage":"es"},{"@type":"Person","@id":"https:\/\/mont-roig.cat\/es\/#\/schema\/person\/f2b111789f22b7d0c3bd6786c9128cba","name":"administrador","image":{"@type":"ImageObject","inLanguage":"es","@id":"https:\/\/secure.gravatar.com\/avatar\/9137aac6891e2595c9d3036fd83bcb653b4db3c946db4c7d9b9be193c3c944bb?s=96&d=mm&r=g","url":"https:\/\/secure.gravatar.com\/avatar\/9137aac6891e2595c9d3036fd83bcb653b4db3c946db4c7d9b9be193c3c944bb?s=96&d=mm&r=g","contentUrl":"https:\/\/secure.gravatar.com\/avatar\/9137aac6891e2595c9d3036fd83bcb653b4db3c946db4c7d9b9be193c3c944bb?s=96&d=mm&r=g","caption":"administrador"},"url":"https:\/\/mont-roig.cat\/es\/actualitat\/noticies\/author\/administrador\/"}]}},"_links":{"self":[{"href":"https:\/\/mont-roig.cat\/es\/wp-json\/wp\/v2\/posts\/55233","targetHints":{"allow":["GET"]}}],"collection":[{"href":"https:\/\/mont-roig.cat\/es\/wp-json\/wp\/v2\/posts"}],"about":[{"href":"https:\/\/mont-roig.cat\/es\/wp-json\/wp\/v2\/types\/post"}],"author":[{"embeddable":true,"href":"https:\/\/mont-roig.cat\/es\/wp-json\/wp\/v2\/users\/4"}],"replies":[{"embeddable":true,"href":"https:\/\/mont-roig.cat\/es\/wp-json\/wp\/v2\/comments?post=55233"}],"version-history":[{"count":1,"href":"https:\/\/mont-roig.cat\/es\/wp-json\/wp\/v2\/posts\/55233\/revisions"}],"predecessor-version":[{"id":55234,"href":"https:\/\/mont-roig.cat\/es\/wp-json\/wp\/v2\/posts\/55233\/revisions\/55234"}],"wp:featuredmedia":[{"embeddable":true,"href":"https:\/\/mont-roig.cat\/es\/wp-json\/wp\/v2\/media\/55224"}],"wp:attachment":[{"href":"https:\/\/mont-roig.cat\/es\/wp-json\/wp\/v2\/media?parent=55233"}],"wp:term":[{"taxonomy":"category","embeddable":true,"href":"https:\/\/mont-roig.cat\/es\/wp-json\/wp\/v2\/categories?post=55233"},{"taxonomy":"post_tag","embeddable":true,"href":"https:\/\/mont-roig.cat\/es\/wp-json\/wp\/v2\/tags?post=55233"}],"curies":[{"name":"wp","href":"https:\/\/api.w.org\/{rel}","templated":true}]}}