{"id":55923,"date":"2021-06-03T13:28:44","date_gmt":"2021-06-03T11:28:44","guid":{"rendered":"https:\/\/mont-roig.cat\/?p=55923"},"modified":"2021-06-03T13:28:44","modified_gmt":"2021-06-03T11:28:44","slug":"el-ayuntamiento-impulsa-un-curso-de-microrrelatos-para-incentivar-la-participacion-en-los-premios-literarios-vila-de-mont-roig","status":"publish","type":"post","link":"https:\/\/mont-roig.cat\/es\/actualitat\/noticies\/el-ayuntamiento-impulsa-un-curso-de-microrrelatos-para-incentivar-la-participacion-en-los-premios-literarios-vila-de-mont-roig\/","title":{"rendered":"El Ayuntamiento impulsa un curso de microrrelatos para incentivar la participaci\u00f3n en los Premios Literarios Vila de Mont-roig"},"content":{"rendered":"<ul>\n<li><strong>Los talleres Microrelatitza&#8217;t ir\u00e1n a cargo de Agn\u00e8s Toda y tendr\u00e1n lugar los d\u00edas 14 y 17 de junio en las bibliotecas<\/strong><\/li>\n<\/ul>\n<p><a href=\"https:\/\/mont-roig.cat\/wp-content\/uploads\/microrelats.png\"><img loading=\"lazy\" decoding=\"async\" class=\"alignright wp-image-55919\" src=\"https:\/\/mont-roig.cat\/wp-content\/uploads\/microrelats-353x500.png\" alt=\"\" width=\"250\" height=\"354\" srcset=\"https:\/\/mont-roig.cat\/wp-content\/uploads\/microrelats-353x500.png 353w, https:\/\/mont-roig.cat\/wp-content\/uploads\/microrelats-724x1024.png 724w, https:\/\/mont-roig.cat\/wp-content\/uploads\/microrelats-768x1086.png 768w, https:\/\/mont-roig.cat\/wp-content\/uploads\/microrelats-1086x1536.png 1086w, https:\/\/mont-roig.cat\/wp-content\/uploads\/microrelats-1448x2048.png 1448w\" sizes=\"auto, (max-width: 250px) 100vw, 250px\" \/><\/a>El Departamento de Cultura del Ayuntamiento de Mont-roig del Camp ha programado durante el mes de junio dos talleres de escritura de microrrelatos con el objetivo de difundir esta nueva modalidad de premio que se convoca con motivo de los 40 a\u00f1os del Concurso de premios Literarios Villa de Mont-roig.<\/p>\n<p>Los talleres los impartir\u00e1 la fil\u00f3loga In\u00e9s Toda y Bonet que explicar\u00e1 c\u00f3mo aprender a escribir una historia que impacte y sorprenda con pocas l\u00edneas. El taller est\u00e1 dirigido a j\u00f3venes y adultos que luego podr\u00e1n presentar su microrrelato en el Concurso Vila de Mont-roig. Recordemos que hay dos modalidades, la de &#8220;Microrrelatos 40 a\u00f1os&#8221; abierto a personas mayores de 18 a\u00f1os y el &#8220;Microrrelatos juvenil&#8221; para j\u00f3venes del municipio de entre 12 y 17 a\u00f1os.<\/p>\n<p>Los talleres tendr\u00e1n lugar el lunes, 14 de junio de las 18.00 a las 19.30 en la biblioteca Miramar de Miami Platja y el jueves, 17 de junio en el mismo horario en la biblioteca Joan Mir\u00f3 de Mont-roig.<\/p>\n<p>La actividad es gratuita pero requiere inscripci\u00f3n previa a <a href=\"mailto:cultura@mont-roig.cat\">cultura@mont-roig.cat<\/a> o bien presencialmente en las mismas bibliotecas.<\/p>\n","protected":false},"excerpt":{"rendered":"<p>Los talleres Microrelatitza&#8217;t ir\u00e1n a cargo de Agn\u00e8s Toda y tendr\u00e1n lugar los d\u00edas 14 y 17 de junio en las bibliotecas El Departamento de Cultura del Ayuntamiento de Mont-roig del Camp ha programado durante el mes de junio dos talleres de escritura de microrrelatos con el objetivo de difundir esta nueva modalidad de premio [&hellip;]<\/p>\n","protected":false},"author":13,"featured_media":55921,"comment_status":"closed","ping_status":"closed","sticky":false,"template":"","format":"standard","meta":{"inline_featured_image":false,"_monsterinsights_skip_tracking":false,"_monsterinsights_sitenote_active":false,"_monsterinsights_sitenote_note":"","_monsterinsights_sitenote_category":0,"footnotes":""},"categories":[98,101],"tags":[],"class_list":["post-55923","post","type-post","status-publish","format-standard","has-post-thumbnail","hentry","category-ayuntamiento","category-cultura-es"],"yoast_head":"<!-- This site is optimized with the Yoast SEO plugin v27.4 - https:\/\/yoast.com\/product\/yoast-seo-wordpress\/ -->\n<title>El Ayuntamiento impulsa un curso de microrrelatos para incentivar la participaci\u00f3n en los Premios Literarios Vila de Mont-roig - Ajuntament de Mont-roig del Camp<\/title>\n<meta name=\"robots\" content=\"index, follow, max-snippet:-1, max-image-preview:large, max-video-preview:-1\" \/>\n<link rel=\"canonical\" href=\"https:\/\/mont-roig.cat\/es\/actualitat\/noticies\/el-ayuntamiento-impulsa-un-curso-de-microrrelatos-para-incentivar-la-participacion-en-los-premios-literarios-vila-de-mont-roig\/\" \/>\n<meta property=\"og:locale\" content=\"es_ES\" \/>\n<meta property=\"og:type\" content=\"article\" \/>\n<meta property=\"og:title\" content=\"El Ayuntamiento impulsa un curso de microrrelatos para incentivar la participaci\u00f3n en los Premios Literarios Vila de Mont-roig - Ajuntament de Mont-roig del Camp\" \/>\n<meta property=\"og:description\" content=\"Los talleres Microrelatitza&#8217;t ir\u00e1n a cargo de Agn\u00e8s Toda y tendr\u00e1n lugar los d\u00edas 14 y 17 de junio en las bibliotecas El Departamento de Cultura del Ayuntamiento de Mont-roig del Camp ha programado durante el mes de junio dos talleres de escritura de microrrelatos con el objetivo de difundir esta nueva modalidad de premio [&hellip;]\" \/>\n<meta property=\"og:url\" content=\"https:\/\/mont-roig.cat\/es\/actualitat\/noticies\/el-ayuntamiento-impulsa-un-curso-de-microrrelatos-para-incentivar-la-participacion-en-los-premios-literarios-vila-de-mont-roig\/\" \/>\n<meta property=\"og:site_name\" content=\"Ajuntament de Mont-roig del Camp\" \/>\n<meta property=\"article:published_time\" content=\"2021-06-03T11:28:44+00:00\" \/>\n<meta property=\"og:image\" content=\"https:\/\/mont-roig.cat\/wp-content\/uploads\/MM_TALLER_MICROREALTS_FACE.png\" \/>\n\t<meta property=\"og:image:width\" content=\"1200\" \/>\n\t<meta property=\"og:image:height\" content=\"630\" \/>\n\t<meta property=\"og:image:type\" content=\"image\/png\" \/>\n<meta name=\"author\" content=\"comunicacio\" \/>\n<meta name=\"twitter:card\" content=\"summary_large_image\" \/>\n<meta name=\"twitter:label1\" content=\"Escrito por\" \/>\n\t<meta name=\"twitter:data1\" content=\"comunicacio\" \/>\n\t<meta name=\"twitter:label2\" content=\"Tiempo de lectura\" \/>\n\t<meta name=\"twitter:data2\" content=\"2 minutos\" \/>\n<script type=\"application\/ld+json\" class=\"yoast-schema-graph\">{\"@context\":\"https:\\\/\\\/schema.org\",\"@graph\":[{\"@type\":\"Article\",\"@id\":\"https:\\\/\\\/mont-roig.cat\\\/es\\\/actualitat\\\/noticies\\\/el-ayuntamiento-impulsa-un-curso-de-microrrelatos-para-incentivar-la-participacion-en-los-premios-literarios-vila-de-mont-roig\\\/#article\",\"isPartOf\":{\"@id\":\"https:\\\/\\\/mont-roig.cat\\\/es\\\/actualitat\\\/noticies\\\/el-ayuntamiento-impulsa-un-curso-de-microrrelatos-para-incentivar-la-participacion-en-los-premios-literarios-vila-de-mont-roig\\\/\"},\"author\":{\"name\":\"comunicacio\",\"@id\":\"https:\\\/\\\/mont-roig.cat\\\/es\\\/#\\\/schema\\\/person\\\/1f73e7b5e6f9dd122e8a6f14f310ac5e\"},\"headline\":\"El Ayuntamiento impulsa un curso de microrrelatos para incentivar la participaci\u00f3n en los Premios Literarios Vila de Mont-roig\",\"datePublished\":\"2021-06-03T11:28:44+00:00\",\"mainEntityOfPage\":{\"@id\":\"https:\\\/\\\/mont-roig.cat\\\/es\\\/actualitat\\\/noticies\\\/el-ayuntamiento-impulsa-un-curso-de-microrrelatos-para-incentivar-la-participacion-en-los-premios-literarios-vila-de-mont-roig\\\/\"},\"wordCount\":231,\"image\":{\"@id\":\"https:\\\/\\\/mont-roig.cat\\\/es\\\/actualitat\\\/noticies\\\/el-ayuntamiento-impulsa-un-curso-de-microrrelatos-para-incentivar-la-participacion-en-los-premios-literarios-vila-de-mont-roig\\\/#primaryimage\"},\"thumbnailUrl\":\"https:\\\/\\\/mont-roig.cat\\\/wp-content\\\/uploads\\\/MM_TALLER_MICROREALTS_FACE.png\",\"articleSection\":[\"Ayuntamiento\",\"Cultura\"],\"inLanguage\":\"es\"},{\"@type\":\"WebPage\",\"@id\":\"https:\\\/\\\/mont-roig.cat\\\/es\\\/actualitat\\\/noticies\\\/el-ayuntamiento-impulsa-un-curso-de-microrrelatos-para-incentivar-la-participacion-en-los-premios-literarios-vila-de-mont-roig\\\/\",\"url\":\"https:\\\/\\\/mont-roig.cat\\\/es\\\/actualitat\\\/noticies\\\/el-ayuntamiento-impulsa-un-curso-de-microrrelatos-para-incentivar-la-participacion-en-los-premios-literarios-vila-de-mont-roig\\\/\",\"name\":\"El Ayuntamiento impulsa un curso de microrrelatos para incentivar la participaci\u00f3n en los Premios Literarios Vila de Mont-roig - Ajuntament de Mont-roig del Camp\",\"isPartOf\":{\"@id\":\"https:\\\/\\\/mont-roig.cat\\\/es\\\/#website\"},\"primaryImageOfPage\":{\"@id\":\"https:\\\/\\\/mont-roig.cat\\\/es\\\/actualitat\\\/noticies\\\/el-ayuntamiento-impulsa-un-curso-de-microrrelatos-para-incentivar-la-participacion-en-los-premios-literarios-vila-de-mont-roig\\\/#primaryimage\"},\"image\":{\"@id\":\"https:\\\/\\\/mont-roig.cat\\\/es\\\/actualitat\\\/noticies\\\/el-ayuntamiento-impulsa-un-curso-de-microrrelatos-para-incentivar-la-participacion-en-los-premios-literarios-vila-de-mont-roig\\\/#primaryimage\"},\"thumbnailUrl\":\"https:\\\/\\\/mont-roig.cat\\\/wp-content\\\/uploads\\\/MM_TALLER_MICROREALTS_FACE.png\",\"datePublished\":\"2021-06-03T11:28:44+00:00\",\"author\":{\"@id\":\"https:\\\/\\\/mont-roig.cat\\\/es\\\/#\\\/schema\\\/person\\\/1f73e7b5e6f9dd122e8a6f14f310ac5e\"},\"breadcrumb\":{\"@id\":\"https:\\\/\\\/mont-roig.cat\\\/es\\\/actualitat\\\/noticies\\\/el-ayuntamiento-impulsa-un-curso-de-microrrelatos-para-incentivar-la-participacion-en-los-premios-literarios-vila-de-mont-roig\\\/#breadcrumb\"},\"inLanguage\":\"es\",\"potentialAction\":[{\"@type\":\"ReadAction\",\"target\":[\"https:\\\/\\\/mont-roig.cat\\\/es\\\/actualitat\\\/noticies\\\/el-ayuntamiento-impulsa-un-curso-de-microrrelatos-para-incentivar-la-participacion-en-los-premios-literarios-vila-de-mont-roig\\\/\"]}]},{\"@type\":\"ImageObject\",\"inLanguage\":\"es\",\"@id\":\"https:\\\/\\\/mont-roig.cat\\\/es\\\/actualitat\\\/noticies\\\/el-ayuntamiento-impulsa-un-curso-de-microrrelatos-para-incentivar-la-participacion-en-los-premios-literarios-vila-de-mont-roig\\\/#primaryimage\",\"url\":\"https:\\\/\\\/mont-roig.cat\\\/wp-content\\\/uploads\\\/MM_TALLER_MICROREALTS_FACE.png\",\"contentUrl\":\"https:\\\/\\\/mont-roig.cat\\\/wp-content\\\/uploads\\\/MM_TALLER_MICROREALTS_FACE.png\",\"width\":1200,\"height\":630},{\"@type\":\"BreadcrumbList\",\"@id\":\"https:\\\/\\\/mont-roig.cat\\\/es\\\/actualitat\\\/noticies\\\/el-ayuntamiento-impulsa-un-curso-de-microrrelatos-para-incentivar-la-participacion-en-los-premios-literarios-vila-de-mont-roig\\\/#breadcrumb\",\"itemListElement\":[{\"@type\":\"ListItem\",\"position\":1,\"name\":\"Inici\",\"item\":\"https:\\\/\\\/mont-roig.cat\\\/es\\\/pagina-de-inicio\\\/\"},{\"@type\":\"ListItem\",\"position\":2,\"name\":\"El Ayuntamiento impulsa un curso de microrrelatos para incentivar la participaci\u00f3n en los Premios Literarios Vila de Mont-roig\"}]},{\"@type\":\"WebSite\",\"@id\":\"https:\\\/\\\/mont-roig.cat\\\/es\\\/#website\",\"url\":\"https:\\\/\\\/mont-roig.cat\\\/es\\\/\",\"name\":\"Ajuntament de Mont-roig del Camp\",\"description\":\"Tota la informaci\u00f3 sobre la instituci\u00f3, els seus \u00f2rgans de govern, actualitat, serveis i molt m\u00e9s.\",\"potentialAction\":[{\"@type\":\"SearchAction\",\"target\":{\"@type\":\"EntryPoint\",\"urlTemplate\":\"https:\\\/\\\/mont-roig.cat\\\/es\\\/?s={search_term_string}\"},\"query-input\":{\"@type\":\"PropertyValueSpecification\",\"valueRequired\":true,\"valueName\":\"search_term_string\"}}],\"inLanguage\":\"es\"},{\"@type\":\"Person\",\"@id\":\"https:\\\/\\\/mont-roig.cat\\\/es\\\/#\\\/schema\\\/person\\\/1f73e7b5e6f9dd122e8a6f14f310ac5e\",\"name\":\"comunicacio\",\"image\":{\"@type\":\"ImageObject\",\"inLanguage\":\"es\",\"@id\":\"https:\\\/\\\/secure.gravatar.com\\\/avatar\\\/98944333e7a877670a64f8d10f0cb680ab2c9ebc4efc43945ef004b52b5ad28c?s=96&d=mm&r=g\",\"url\":\"https:\\\/\\\/secure.gravatar.com\\\/avatar\\\/98944333e7a877670a64f8d10f0cb680ab2c9ebc4efc43945ef004b52b5ad28c?s=96&d=mm&r=g\",\"contentUrl\":\"https:\\\/\\\/secure.gravatar.com\\\/avatar\\\/98944333e7a877670a64f8d10f0cb680ab2c9ebc4efc43945ef004b52b5ad28c?s=96&d=mm&r=g\",\"caption\":\"comunicacio\"},\"url\":\"https:\\\/\\\/mont-roig.cat\\\/es\\\/actualitat\\\/noticies\\\/author\\\/comunicacio\\\/\"}]}<\/script>\n<!-- \/ Yoast SEO plugin. -->","yoast_head_json":{"title":"El Ayuntamiento impulsa un curso de microrrelatos para incentivar la participaci\u00f3n en los Premios Literarios Vila de Mont-roig - Ajuntament de Mont-roig del Camp","robots":{"index":"index","follow":"follow","max-snippet":"max-snippet:-1","max-image-preview":"max-image-preview:large","max-video-preview":"max-video-preview:-1"},"canonical":"https:\/\/mont-roig.cat\/es\/actualitat\/noticies\/el-ayuntamiento-impulsa-un-curso-de-microrrelatos-para-incentivar-la-participacion-en-los-premios-literarios-vila-de-mont-roig\/","og_locale":"es_ES","og_type":"article","og_title":"El Ayuntamiento impulsa un curso de microrrelatos para incentivar la participaci\u00f3n en los Premios Literarios Vila de Mont-roig - Ajuntament de Mont-roig del Camp","og_description":"Los talleres Microrelatitza&#8217;t ir\u00e1n a cargo de Agn\u00e8s Toda y tendr\u00e1n lugar los d\u00edas 14 y 17 de junio en las bibliotecas El Departamento de Cultura del Ayuntamiento de Mont-roig del Camp ha programado durante el mes de junio dos talleres de escritura de microrrelatos con el objetivo de difundir esta nueva modalidad de premio [&hellip;]","og_url":"https:\/\/mont-roig.cat\/es\/actualitat\/noticies\/el-ayuntamiento-impulsa-un-curso-de-microrrelatos-para-incentivar-la-participacion-en-los-premios-literarios-vila-de-mont-roig\/","og_site_name":"Ajuntament de Mont-roig del Camp","article_published_time":"2021-06-03T11:28:44+00:00","og_image":[{"width":1200,"height":630,"url":"https:\/\/mont-roig.cat\/wp-content\/uploads\/MM_TALLER_MICROREALTS_FACE.png","type":"image\/png"}],"author":"comunicacio","twitter_card":"summary_large_image","twitter_misc":{"Escrito por":"comunicacio","Tiempo de lectura":"2 minutos"},"schema":{"@context":"https:\/\/schema.org","@graph":[{"@type":"Article","@id":"https:\/\/mont-roig.cat\/es\/actualitat\/noticies\/el-ayuntamiento-impulsa-un-curso-de-microrrelatos-para-incentivar-la-participacion-en-los-premios-literarios-vila-de-mont-roig\/#article","isPartOf":{"@id":"https:\/\/mont-roig.cat\/es\/actualitat\/noticies\/el-ayuntamiento-impulsa-un-curso-de-microrrelatos-para-incentivar-la-participacion-en-los-premios-literarios-vila-de-mont-roig\/"},"author":{"name":"comunicacio","@id":"https:\/\/mont-roig.cat\/es\/#\/schema\/person\/1f73e7b5e6f9dd122e8a6f14f310ac5e"},"headline":"El Ayuntamiento impulsa un curso de microrrelatos para incentivar la participaci\u00f3n en los Premios Literarios Vila de Mont-roig","datePublished":"2021-06-03T11:28:44+00:00","mainEntityOfPage":{"@id":"https:\/\/mont-roig.cat\/es\/actualitat\/noticies\/el-ayuntamiento-impulsa-un-curso-de-microrrelatos-para-incentivar-la-participacion-en-los-premios-literarios-vila-de-mont-roig\/"},"wordCount":231,"image":{"@id":"https:\/\/mont-roig.cat\/es\/actualitat\/noticies\/el-ayuntamiento-impulsa-un-curso-de-microrrelatos-para-incentivar-la-participacion-en-los-premios-literarios-vila-de-mont-roig\/#primaryimage"},"thumbnailUrl":"https:\/\/mont-roig.cat\/wp-content\/uploads\/MM_TALLER_MICROREALTS_FACE.png","articleSection":["Ayuntamiento","Cultura"],"inLanguage":"es"},{"@type":"WebPage","@id":"https:\/\/mont-roig.cat\/es\/actualitat\/noticies\/el-ayuntamiento-impulsa-un-curso-de-microrrelatos-para-incentivar-la-participacion-en-los-premios-literarios-vila-de-mont-roig\/","url":"https:\/\/mont-roig.cat\/es\/actualitat\/noticies\/el-ayuntamiento-impulsa-un-curso-de-microrrelatos-para-incentivar-la-participacion-en-los-premios-literarios-vila-de-mont-roig\/","name":"El Ayuntamiento impulsa un curso de microrrelatos para incentivar la participaci\u00f3n en los Premios Literarios Vila de Mont-roig - Ajuntament de Mont-roig del Camp","isPartOf":{"@id":"https:\/\/mont-roig.cat\/es\/#website"},"primaryImageOfPage":{"@id":"https:\/\/mont-roig.cat\/es\/actualitat\/noticies\/el-ayuntamiento-impulsa-un-curso-de-microrrelatos-para-incentivar-la-participacion-en-los-premios-literarios-vila-de-mont-roig\/#primaryimage"},"image":{"@id":"https:\/\/mont-roig.cat\/es\/actualitat\/noticies\/el-ayuntamiento-impulsa-un-curso-de-microrrelatos-para-incentivar-la-participacion-en-los-premios-literarios-vila-de-mont-roig\/#primaryimage"},"thumbnailUrl":"https:\/\/mont-roig.cat\/wp-content\/uploads\/MM_TALLER_MICROREALTS_FACE.png","datePublished":"2021-06-03T11:28:44+00:00","author":{"@id":"https:\/\/mont-roig.cat\/es\/#\/schema\/person\/1f73e7b5e6f9dd122e8a6f14f310ac5e"},"breadcrumb":{"@id":"https:\/\/mont-roig.cat\/es\/actualitat\/noticies\/el-ayuntamiento-impulsa-un-curso-de-microrrelatos-para-incentivar-la-participacion-en-los-premios-literarios-vila-de-mont-roig\/#breadcrumb"},"inLanguage":"es","potentialAction":[{"@type":"ReadAction","target":["https:\/\/mont-roig.cat\/es\/actualitat\/noticies\/el-ayuntamiento-impulsa-un-curso-de-microrrelatos-para-incentivar-la-participacion-en-los-premios-literarios-vila-de-mont-roig\/"]}]},{"@type":"ImageObject","inLanguage":"es","@id":"https:\/\/mont-roig.cat\/es\/actualitat\/noticies\/el-ayuntamiento-impulsa-un-curso-de-microrrelatos-para-incentivar-la-participacion-en-los-premios-literarios-vila-de-mont-roig\/#primaryimage","url":"https:\/\/mont-roig.cat\/wp-content\/uploads\/MM_TALLER_MICROREALTS_FACE.png","contentUrl":"https:\/\/mont-roig.cat\/wp-content\/uploads\/MM_TALLER_MICROREALTS_FACE.png","width":1200,"height":630},{"@type":"BreadcrumbList","@id":"https:\/\/mont-roig.cat\/es\/actualitat\/noticies\/el-ayuntamiento-impulsa-un-curso-de-microrrelatos-para-incentivar-la-participacion-en-los-premios-literarios-vila-de-mont-roig\/#breadcrumb","itemListElement":[{"@type":"ListItem","position":1,"name":"Inici","item":"https:\/\/mont-roig.cat\/es\/pagina-de-inicio\/"},{"@type":"ListItem","position":2,"name":"El Ayuntamiento impulsa un curso de microrrelatos para incentivar la participaci\u00f3n en los Premios Literarios Vila de Mont-roig"}]},{"@type":"WebSite","@id":"https:\/\/mont-roig.cat\/es\/#website","url":"https:\/\/mont-roig.cat\/es\/","name":"Ajuntament de Mont-roig del Camp","description":"Tota la informaci\u00f3 sobre la instituci\u00f3, els seus \u00f2rgans de govern, actualitat, serveis i molt m\u00e9s.","potentialAction":[{"@type":"SearchAction","target":{"@type":"EntryPoint","urlTemplate":"https:\/\/mont-roig.cat\/es\/?s={search_term_string}"},"query-input":{"@type":"PropertyValueSpecification","valueRequired":true,"valueName":"search_term_string"}}],"inLanguage":"es"},{"@type":"Person","@id":"https:\/\/mont-roig.cat\/es\/#\/schema\/person\/1f73e7b5e6f9dd122e8a6f14f310ac5e","name":"comunicacio","image":{"@type":"ImageObject","inLanguage":"es","@id":"https:\/\/secure.gravatar.com\/avatar\/98944333e7a877670a64f8d10f0cb680ab2c9ebc4efc43945ef004b52b5ad28c?s=96&d=mm&r=g","url":"https:\/\/secure.gravatar.com\/avatar\/98944333e7a877670a64f8d10f0cb680ab2c9ebc4efc43945ef004b52b5ad28c?s=96&d=mm&r=g","contentUrl":"https:\/\/secure.gravatar.com\/avatar\/98944333e7a877670a64f8d10f0cb680ab2c9ebc4efc43945ef004b52b5ad28c?s=96&d=mm&r=g","caption":"comunicacio"},"url":"https:\/\/mont-roig.cat\/es\/actualitat\/noticies\/author\/comunicacio\/"}]}},"_links":{"self":[{"href":"https:\/\/mont-roig.cat\/es\/wp-json\/wp\/v2\/posts\/55923","targetHints":{"allow":["GET"]}}],"collection":[{"href":"https:\/\/mont-roig.cat\/es\/wp-json\/wp\/v2\/posts"}],"about":[{"href":"https:\/\/mont-roig.cat\/es\/wp-json\/wp\/v2\/types\/post"}],"author":[{"embeddable":true,"href":"https:\/\/mont-roig.cat\/es\/wp-json\/wp\/v2\/users\/13"}],"replies":[{"embeddable":true,"href":"https:\/\/mont-roig.cat\/es\/wp-json\/wp\/v2\/comments?post=55923"}],"version-history":[{"count":1,"href":"https:\/\/mont-roig.cat\/es\/wp-json\/wp\/v2\/posts\/55923\/revisions"}],"predecessor-version":[{"id":55924,"href":"https:\/\/mont-roig.cat\/es\/wp-json\/wp\/v2\/posts\/55923\/revisions\/55924"}],"wp:featuredmedia":[{"embeddable":true,"href":"https:\/\/mont-roig.cat\/es\/wp-json\/wp\/v2\/media\/55921"}],"wp:attachment":[{"href":"https:\/\/mont-roig.cat\/es\/wp-json\/wp\/v2\/media?parent=55923"}],"wp:term":[{"taxonomy":"category","embeddable":true,"href":"https:\/\/mont-roig.cat\/es\/wp-json\/wp\/v2\/categories?post=55923"},{"taxonomy":"post_tag","embeddable":true,"href":"https:\/\/mont-roig.cat\/es\/wp-json\/wp\/v2\/tags?post=55923"}],"curies":[{"name":"wp","href":"https:\/\/api.w.org\/{rel}","templated":true}]}}