{"id":56003,"date":"2021-06-08T13:35:42","date_gmt":"2021-06-08T11:35:42","guid":{"rendered":"https:\/\/mont-roig.cat\/?p=56003"},"modified":"2021-06-08T13:35:42","modified_gmt":"2021-06-08T11:35:42","slug":"el-ayuntamiento-de-mont-roig-del-camp-se-suma-a-la-iniciativa-un-arbol-por-europa-plantando-un-arbol-en-las-guarderias","status":"publish","type":"post","link":"https:\/\/mont-roig.cat\/es\/actualitat\/noticies\/el-ayuntamiento-de-mont-roig-del-camp-se-suma-a-la-iniciativa-un-arbol-por-europa-plantando-un-arbol-en-las-guarderias\/","title":{"rendered":"El Ayuntamiento de Mont-roig del Camp se suma a la iniciativa &#8216;Un \u00c1rbol por Europa&#8217; plantando un \u00e1rbol en las guarder\u00edas"},"content":{"rendered":"<div id=\"attachment_55998\" style=\"width: 310px\" class=\"wp-caption alignright\"><a href=\"https:\/\/mont-roig.cat\/wp-content\/uploads\/fbffa455-7f12-4075-9da3-19e4fd4426ff.jpg\"><img loading=\"lazy\" decoding=\"async\" aria-describedby=\"caption-attachment-55998\" class=\"wp-image-55998\" src=\"https:\/\/mont-roig.cat\/wp-content\/uploads\/fbffa455-7f12-4075-9da3-19e4fd4426ff-500x375.jpg\" alt=\"\" width=\"300\" height=\"225\" srcset=\"https:\/\/mont-roig.cat\/wp-content\/uploads\/fbffa455-7f12-4075-9da3-19e4fd4426ff-500x375.jpg 500w, https:\/\/mont-roig.cat\/wp-content\/uploads\/fbffa455-7f12-4075-9da3-19e4fd4426ff-1024x768.jpg 1024w, https:\/\/mont-roig.cat\/wp-content\/uploads\/fbffa455-7f12-4075-9da3-19e4fd4426ff-768x576.jpg 768w, https:\/\/mont-roig.cat\/wp-content\/uploads\/fbffa455-7f12-4075-9da3-19e4fd4426ff-1536x1152.jpg 1536w, https:\/\/mont-roig.cat\/wp-content\/uploads\/fbffa455-7f12-4075-9da3-19e4fd4426ff-463x348.jpg 463w, https:\/\/mont-roig.cat\/wp-content\/uploads\/fbffa455-7f12-4075-9da3-19e4fd4426ff.jpg 1600w\" sizes=\"auto, (max-width: 300px) 100vw, 300px\" \/><\/a><p id=\"caption-attachment-55998\" class=\"wp-caption-text\">Llar d&#8217;Infants M. D\u00e9u Roca<\/p><\/div>\n<ul>\n<li><strong>El objetivo de la campa\u00f1a ha sido involucrar a los m\u00e1s peque\u00f1os del municipio dando a conocer la importancia del desarrollo sostenible<\/strong><\/li>\n<\/ul>\n<p>El Ayuntamiento de Mont-roig del Camp se ha sumado a la iniciativa &#8220;Un \u00e1rbol por Europa&#8221; (#Un\u00c1rbolPorEuropa) plantando un \u00e1rbol en los patios de las guarder\u00edas Mare de D\u00e9u de la Roca y Petete e involucrando a los ni\u00f1os y ni\u00f1as en este proyecto.<\/p>\n<p>Desde las concejal\u00edas de Medio Ambiente, Participaci\u00f3n, Juventud y Educaci\u00f3n han coordinado la iniciativa, que est\u00e1 impulsada por la asociaci\u00f3n de j\u00f3venes Equipo Europa, una entidad comprometida con los valores de la Uni\u00f3n Europea, a ra\u00edz de una propuesta de David Sassoli, presidente del Parlamento Europeo.<\/p>\n<p>&#8220;Un \u00c1rbol por Europa&#8221; es una iniciativa que pretende dar visibilidad a la importancia del desarrollo sostenible en el \u00e1mbito local, involucrando a los municipios. Los ayuntamientos que se han adherido se comprometieron a plantar al menos un \u00e1rbol en su municipio. Con esta acci\u00f3n, se pretende aumentar la conciencia social sobre la sostenibilidad en el \u00e1mbito local, fomentar la colaboraci\u00f3n entre las autoridades locales y la sociedad civil, a la hora de promover el desarrollo sostenible.<\/p>\n<p>En la campa\u00f1a se han sumado m\u00e1s de 600 ayuntamientos que han plantado m\u00e1s de 25.000 \u00e1rboles en todo el estado espa\u00f1ol, entre ellos los dos \u00e1rboles de Mont-roig y Miami Platja.<\/p>\n<div id=\"attachment_55992\" style=\"width: 210px\" class=\"wp-caption alignleft\"><a href=\"https:\/\/mont-roig.cat\/wp-content\/uploads\/5.jpg\"><img loading=\"lazy\" decoding=\"async\" aria-describedby=\"caption-attachment-55992\" class=\"wp-image-55992\" src=\"https:\/\/mont-roig.cat\/wp-content\/uploads\/5-375x500.jpg\" alt=\"\" width=\"200\" height=\"267\" srcset=\"https:\/\/mont-roig.cat\/wp-content\/uploads\/5-375x500.jpg 375w, https:\/\/mont-roig.cat\/wp-content\/uploads\/5-768x1024.jpg 768w, https:\/\/mont-roig.cat\/wp-content\/uploads\/5-1152x1536.jpg 1152w, https:\/\/mont-roig.cat\/wp-content\/uploads\/5.jpg 1200w\" sizes=\"auto, (max-width: 200px) 100vw, 200px\" \/><\/a><p id=\"caption-attachment-55992\" class=\"wp-caption-text\">Llar d&#8217;Infants Petete<\/p><\/div>\n<div id=\"attachment_55994\" style=\"width: 210px\" class=\"wp-caption alignleft\"><a href=\"https:\/\/mont-roig.cat\/wp-content\/uploads\/66.jpg\"><img loading=\"lazy\" decoding=\"async\" aria-describedby=\"caption-attachment-55994\" class=\"wp-image-55994\" src=\"https:\/\/mont-roig.cat\/wp-content\/uploads\/66-375x500.jpg\" alt=\"\" width=\"200\" height=\"267\" srcset=\"https:\/\/mont-roig.cat\/wp-content\/uploads\/66-375x500.jpg 375w, https:\/\/mont-roig.cat\/wp-content\/uploads\/66-768x1024.jpg 768w, https:\/\/mont-roig.cat\/wp-content\/uploads\/66-1152x1536.jpg 1152w, https:\/\/mont-roig.cat\/wp-content\/uploads\/66.jpg 1200w\" sizes=\"auto, (max-width: 200px) 100vw, 200px\" \/><\/a><p id=\"caption-attachment-55994\" class=\"wp-caption-text\">Llar d&#8217;Infants Petete<\/p><\/div>\n<div id=\"attachment_55996\" style=\"width: 210px\" class=\"wp-caption alignleft\"><a href=\"https:\/\/mont-roig.cat\/wp-content\/uploads\/c8f37b58-01ce-4b99-ae00-f53c0f38f88e.jpg\"><img loading=\"lazy\" decoding=\"async\" aria-describedby=\"caption-attachment-55996\" class=\"wp-image-55996\" src=\"https:\/\/mont-roig.cat\/wp-content\/uploads\/c8f37b58-01ce-4b99-ae00-f53c0f38f88e-375x500.jpg\" alt=\"\" width=\"200\" height=\"267\" srcset=\"https:\/\/mont-roig.cat\/wp-content\/uploads\/c8f37b58-01ce-4b99-ae00-f53c0f38f88e-375x500.jpg 375w, https:\/\/mont-roig.cat\/wp-content\/uploads\/c8f37b58-01ce-4b99-ae00-f53c0f38f88e-768x1024.jpg 768w, https:\/\/mont-roig.cat\/wp-content\/uploads\/c8f37b58-01ce-4b99-ae00-f53c0f38f88e-1152x1536.jpg 1152w, https:\/\/mont-roig.cat\/wp-content\/uploads\/c8f37b58-01ce-4b99-ae00-f53c0f38f88e.jpg 1200w\" sizes=\"auto, (max-width: 200px) 100vw, 200px\" \/><\/a><p id=\"caption-attachment-55996\" class=\"wp-caption-text\">Llar d&#8217;Infants M. D\u00e9u Roca<\/p><\/div>\n","protected":false},"excerpt":{"rendered":"<p>El objetivo de la campa\u00f1a ha sido involucrar a los m\u00e1s peque\u00f1os del municipio dando a conocer la importancia del desarrollo sostenible El Ayuntamiento de Mont-roig del Camp se ha sumado a la iniciativa &#8220;Un \u00e1rbol por Europa&#8221; (#Un\u00c1rbolPorEuropa) plantando un \u00e1rbol en los patios de las guarder\u00edas Mare de D\u00e9u de la Roca y [&hellip;]<\/p>\n","protected":false},"author":4,"featured_media":55989,"comment_status":"closed","ping_status":"closed","sticky":false,"template":"","format":"standard","meta":{"inline_featured_image":false,"_monsterinsights_skip_tracking":false,"_monsterinsights_sitenote_active":false,"_monsterinsights_sitenote_note":"","_monsterinsights_sitenote_category":0,"footnotes":""},"categories":[103,106,107],"tags":[],"class_list":["post-56003","post","type-post","status-publish","format-standard","has-post-thumbnail","hentry","category-educacion","category-juventud","category-medio-ambiente"],"yoast_head":"<!-- This site is optimized with the Yoast SEO plugin v27.4 - https:\/\/yoast.com\/product\/yoast-seo-wordpress\/ -->\n<title>El Ayuntamiento de Mont-roig del Camp se suma a la iniciativa &#039;Un \u00c1rbol por Europa&#039; plantando un \u00e1rbol en las guarder\u00edas - Ajuntament de Mont-roig del Camp<\/title>\n<meta name=\"robots\" content=\"index, follow, max-snippet:-1, max-image-preview:large, max-video-preview:-1\" \/>\n<link rel=\"canonical\" href=\"https:\/\/mont-roig.cat\/es\/actualitat\/noticies\/el-ayuntamiento-de-mont-roig-del-camp-se-suma-a-la-iniciativa-un-arbol-por-europa-plantando-un-arbol-en-las-guarderias\/\" \/>\n<meta property=\"og:locale\" content=\"es_ES\" \/>\n<meta property=\"og:type\" content=\"article\" \/>\n<meta property=\"og:title\" content=\"El Ayuntamiento de Mont-roig del Camp se suma a la iniciativa &#039;Un \u00c1rbol por Europa&#039; plantando un \u00e1rbol en las guarder\u00edas - Ajuntament de Mont-roig del Camp\" \/>\n<meta property=\"og:description\" content=\"El objetivo de la campa\u00f1a ha sido involucrar a los m\u00e1s peque\u00f1os del municipio dando a conocer la importancia del desarrollo sostenible El Ayuntamiento de Mont-roig del Camp se ha sumado a la iniciativa &#8220;Un \u00e1rbol por Europa&#8221; (#Un\u00c1rbolPorEuropa) plantando un \u00e1rbol en los patios de las guarder\u00edas Mare de D\u00e9u de la Roca y [&hellip;]\" \/>\n<meta property=\"og:url\" content=\"https:\/\/mont-roig.cat\/es\/actualitat\/noticies\/el-ayuntamiento-de-mont-roig-del-camp-se-suma-a-la-iniciativa-un-arbol-por-europa-plantando-un-arbol-en-las-guarderias\/\" \/>\n<meta property=\"og:site_name\" content=\"Ajuntament de Mont-roig del Camp\" \/>\n<meta property=\"article:published_time\" content=\"2021-06-08T11:35:42+00:00\" \/>\n<meta property=\"og:image\" content=\"https:\/\/mont-roig.cat\/wp-content\/uploads\/Unarbolporeuropa.jpg\" \/>\n\t<meta property=\"og:image:width\" content=\"1024\" \/>\n\t<meta property=\"og:image:height\" content=\"768\" \/>\n\t<meta property=\"og:image:type\" content=\"image\/jpeg\" \/>\n<meta name=\"author\" content=\"administrador\" \/>\n<meta name=\"twitter:card\" content=\"summary_large_image\" \/>\n<meta name=\"twitter:label1\" content=\"Escrito por\" \/>\n\t<meta name=\"twitter:data1\" content=\"administrador\" \/>\n\t<meta name=\"twitter:label2\" content=\"Tiempo de lectura\" \/>\n\t<meta name=\"twitter:data2\" content=\"2 minutos\" \/>\n<script type=\"application\/ld+json\" class=\"yoast-schema-graph\">{\"@context\":\"https:\\\/\\\/schema.org\",\"@graph\":[{\"@type\":\"Article\",\"@id\":\"https:\\\/\\\/mont-roig.cat\\\/es\\\/actualitat\\\/noticies\\\/el-ayuntamiento-de-mont-roig-del-camp-se-suma-a-la-iniciativa-un-arbol-por-europa-plantando-un-arbol-en-las-guarderias\\\/#article\",\"isPartOf\":{\"@id\":\"https:\\\/\\\/mont-roig.cat\\\/es\\\/actualitat\\\/noticies\\\/el-ayuntamiento-de-mont-roig-del-camp-se-suma-a-la-iniciativa-un-arbol-por-europa-plantando-un-arbol-en-las-guarderias\\\/\"},\"author\":{\"name\":\"administrador\",\"@id\":\"https:\\\/\\\/mont-roig.cat\\\/es\\\/#\\\/schema\\\/person\\\/f2b111789f22b7d0c3bd6786c9128cba\"},\"headline\":\"El Ayuntamiento de Mont-roig del Camp se suma a la iniciativa &#8216;Un \u00c1rbol por Europa&#8217; plantando un \u00e1rbol en las guarder\u00edas\",\"datePublished\":\"2021-06-08T11:35:42+00:00\",\"mainEntityOfPage\":{\"@id\":\"https:\\\/\\\/mont-roig.cat\\\/es\\\/actualitat\\\/noticies\\\/el-ayuntamiento-de-mont-roig-del-camp-se-suma-a-la-iniciativa-un-arbol-por-europa-plantando-un-arbol-en-las-guarderias\\\/\"},\"wordCount\":308,\"image\":{\"@id\":\"https:\\\/\\\/mont-roig.cat\\\/es\\\/actualitat\\\/noticies\\\/el-ayuntamiento-de-mont-roig-del-camp-se-suma-a-la-iniciativa-un-arbol-por-europa-plantando-un-arbol-en-las-guarderias\\\/#primaryimage\"},\"thumbnailUrl\":\"https:\\\/\\\/mont-roig.cat\\\/wp-content\\\/uploads\\\/Unarbolporeuropa.jpg\",\"articleSection\":[\"Educaci\u00f3n\",\"Juventud\",\"Medio Ambiente\"],\"inLanguage\":\"es\"},{\"@type\":\"WebPage\",\"@id\":\"https:\\\/\\\/mont-roig.cat\\\/es\\\/actualitat\\\/noticies\\\/el-ayuntamiento-de-mont-roig-del-camp-se-suma-a-la-iniciativa-un-arbol-por-europa-plantando-un-arbol-en-las-guarderias\\\/\",\"url\":\"https:\\\/\\\/mont-roig.cat\\\/es\\\/actualitat\\\/noticies\\\/el-ayuntamiento-de-mont-roig-del-camp-se-suma-a-la-iniciativa-un-arbol-por-europa-plantando-un-arbol-en-las-guarderias\\\/\",\"name\":\"El Ayuntamiento de Mont-roig del Camp se suma a la iniciativa 'Un \u00c1rbol por Europa' plantando un \u00e1rbol en las guarder\u00edas - Ajuntament de Mont-roig del Camp\",\"isPartOf\":{\"@id\":\"https:\\\/\\\/mont-roig.cat\\\/es\\\/#website\"},\"primaryImageOfPage\":{\"@id\":\"https:\\\/\\\/mont-roig.cat\\\/es\\\/actualitat\\\/noticies\\\/el-ayuntamiento-de-mont-roig-del-camp-se-suma-a-la-iniciativa-un-arbol-por-europa-plantando-un-arbol-en-las-guarderias\\\/#primaryimage\"},\"image\":{\"@id\":\"https:\\\/\\\/mont-roig.cat\\\/es\\\/actualitat\\\/noticies\\\/el-ayuntamiento-de-mont-roig-del-camp-se-suma-a-la-iniciativa-un-arbol-por-europa-plantando-un-arbol-en-las-guarderias\\\/#primaryimage\"},\"thumbnailUrl\":\"https:\\\/\\\/mont-roig.cat\\\/wp-content\\\/uploads\\\/Unarbolporeuropa.jpg\",\"datePublished\":\"2021-06-08T11:35:42+00:00\",\"author\":{\"@id\":\"https:\\\/\\\/mont-roig.cat\\\/es\\\/#\\\/schema\\\/person\\\/f2b111789f22b7d0c3bd6786c9128cba\"},\"breadcrumb\":{\"@id\":\"https:\\\/\\\/mont-roig.cat\\\/es\\\/actualitat\\\/noticies\\\/el-ayuntamiento-de-mont-roig-del-camp-se-suma-a-la-iniciativa-un-arbol-por-europa-plantando-un-arbol-en-las-guarderias\\\/#breadcrumb\"},\"inLanguage\":\"es\",\"potentialAction\":[{\"@type\":\"ReadAction\",\"target\":[\"https:\\\/\\\/mont-roig.cat\\\/es\\\/actualitat\\\/noticies\\\/el-ayuntamiento-de-mont-roig-del-camp-se-suma-a-la-iniciativa-un-arbol-por-europa-plantando-un-arbol-en-las-guarderias\\\/\"]}]},{\"@type\":\"ImageObject\",\"inLanguage\":\"es\",\"@id\":\"https:\\\/\\\/mont-roig.cat\\\/es\\\/actualitat\\\/noticies\\\/el-ayuntamiento-de-mont-roig-del-camp-se-suma-a-la-iniciativa-un-arbol-por-europa-plantando-un-arbol-en-las-guarderias\\\/#primaryimage\",\"url\":\"https:\\\/\\\/mont-roig.cat\\\/wp-content\\\/uploads\\\/Unarbolporeuropa.jpg\",\"contentUrl\":\"https:\\\/\\\/mont-roig.cat\\\/wp-content\\\/uploads\\\/Unarbolporeuropa.jpg\",\"width\":1024,\"height\":768},{\"@type\":\"BreadcrumbList\",\"@id\":\"https:\\\/\\\/mont-roig.cat\\\/es\\\/actualitat\\\/noticies\\\/el-ayuntamiento-de-mont-roig-del-camp-se-suma-a-la-iniciativa-un-arbol-por-europa-plantando-un-arbol-en-las-guarderias\\\/#breadcrumb\",\"itemListElement\":[{\"@type\":\"ListItem\",\"position\":1,\"name\":\"Inici\",\"item\":\"https:\\\/\\\/mont-roig.cat\\\/es\\\/pagina-de-inicio\\\/\"},{\"@type\":\"ListItem\",\"position\":2,\"name\":\"El Ayuntamiento de Mont-roig del Camp se suma a la iniciativa &#8216;Un \u00c1rbol por Europa&#8217; plantando un \u00e1rbol en las guarder\u00edas\"}]},{\"@type\":\"WebSite\",\"@id\":\"https:\\\/\\\/mont-roig.cat\\\/es\\\/#website\",\"url\":\"https:\\\/\\\/mont-roig.cat\\\/es\\\/\",\"name\":\"Ajuntament de Mont-roig del Camp\",\"description\":\"Tota la informaci\u00f3 sobre la instituci\u00f3, els seus \u00f2rgans de govern, actualitat, serveis i molt m\u00e9s.\",\"potentialAction\":[{\"@type\":\"SearchAction\",\"target\":{\"@type\":\"EntryPoint\",\"urlTemplate\":\"https:\\\/\\\/mont-roig.cat\\\/es\\\/?s={search_term_string}\"},\"query-input\":{\"@type\":\"PropertyValueSpecification\",\"valueRequired\":true,\"valueName\":\"search_term_string\"}}],\"inLanguage\":\"es\"},{\"@type\":\"Person\",\"@id\":\"https:\\\/\\\/mont-roig.cat\\\/es\\\/#\\\/schema\\\/person\\\/f2b111789f22b7d0c3bd6786c9128cba\",\"name\":\"administrador\",\"image\":{\"@type\":\"ImageObject\",\"inLanguage\":\"es\",\"@id\":\"https:\\\/\\\/secure.gravatar.com\\\/avatar\\\/9137aac6891e2595c9d3036fd83bcb653b4db3c946db4c7d9b9be193c3c944bb?s=96&d=mm&r=g\",\"url\":\"https:\\\/\\\/secure.gravatar.com\\\/avatar\\\/9137aac6891e2595c9d3036fd83bcb653b4db3c946db4c7d9b9be193c3c944bb?s=96&d=mm&r=g\",\"contentUrl\":\"https:\\\/\\\/secure.gravatar.com\\\/avatar\\\/9137aac6891e2595c9d3036fd83bcb653b4db3c946db4c7d9b9be193c3c944bb?s=96&d=mm&r=g\",\"caption\":\"administrador\"},\"url\":\"https:\\\/\\\/mont-roig.cat\\\/es\\\/actualitat\\\/noticies\\\/author\\\/administrador\\\/\"}]}<\/script>\n<!-- \/ Yoast SEO plugin. -->","yoast_head_json":{"title":"El Ayuntamiento de Mont-roig del Camp se suma a la iniciativa 'Un \u00c1rbol por Europa' plantando un \u00e1rbol en las guarder\u00edas - Ajuntament de Mont-roig del Camp","robots":{"index":"index","follow":"follow","max-snippet":"max-snippet:-1","max-image-preview":"max-image-preview:large","max-video-preview":"max-video-preview:-1"},"canonical":"https:\/\/mont-roig.cat\/es\/actualitat\/noticies\/el-ayuntamiento-de-mont-roig-del-camp-se-suma-a-la-iniciativa-un-arbol-por-europa-plantando-un-arbol-en-las-guarderias\/","og_locale":"es_ES","og_type":"article","og_title":"El Ayuntamiento de Mont-roig del Camp se suma a la iniciativa 'Un \u00c1rbol por Europa' plantando un \u00e1rbol en las guarder\u00edas - Ajuntament de Mont-roig del Camp","og_description":"El objetivo de la campa\u00f1a ha sido involucrar a los m\u00e1s peque\u00f1os del municipio dando a conocer la importancia del desarrollo sostenible El Ayuntamiento de Mont-roig del Camp se ha sumado a la iniciativa &#8220;Un \u00e1rbol por Europa&#8221; (#Un\u00c1rbolPorEuropa) plantando un \u00e1rbol en los patios de las guarder\u00edas Mare de D\u00e9u de la Roca y [&hellip;]","og_url":"https:\/\/mont-roig.cat\/es\/actualitat\/noticies\/el-ayuntamiento-de-mont-roig-del-camp-se-suma-a-la-iniciativa-un-arbol-por-europa-plantando-un-arbol-en-las-guarderias\/","og_site_name":"Ajuntament de Mont-roig del Camp","article_published_time":"2021-06-08T11:35:42+00:00","og_image":[{"width":1024,"height":768,"url":"https:\/\/mont-roig.cat\/wp-content\/uploads\/Unarbolporeuropa.jpg","type":"image\/jpeg"}],"author":"administrador","twitter_card":"summary_large_image","twitter_misc":{"Escrito por":"administrador","Tiempo de lectura":"2 minutos"},"schema":{"@context":"https:\/\/schema.org","@graph":[{"@type":"Article","@id":"https:\/\/mont-roig.cat\/es\/actualitat\/noticies\/el-ayuntamiento-de-mont-roig-del-camp-se-suma-a-la-iniciativa-un-arbol-por-europa-plantando-un-arbol-en-las-guarderias\/#article","isPartOf":{"@id":"https:\/\/mont-roig.cat\/es\/actualitat\/noticies\/el-ayuntamiento-de-mont-roig-del-camp-se-suma-a-la-iniciativa-un-arbol-por-europa-plantando-un-arbol-en-las-guarderias\/"},"author":{"name":"administrador","@id":"https:\/\/mont-roig.cat\/es\/#\/schema\/person\/f2b111789f22b7d0c3bd6786c9128cba"},"headline":"El Ayuntamiento de Mont-roig del Camp se suma a la iniciativa &#8216;Un \u00c1rbol por Europa&#8217; plantando un \u00e1rbol en las guarder\u00edas","datePublished":"2021-06-08T11:35:42+00:00","mainEntityOfPage":{"@id":"https:\/\/mont-roig.cat\/es\/actualitat\/noticies\/el-ayuntamiento-de-mont-roig-del-camp-se-suma-a-la-iniciativa-un-arbol-por-europa-plantando-un-arbol-en-las-guarderias\/"},"wordCount":308,"image":{"@id":"https:\/\/mont-roig.cat\/es\/actualitat\/noticies\/el-ayuntamiento-de-mont-roig-del-camp-se-suma-a-la-iniciativa-un-arbol-por-europa-plantando-un-arbol-en-las-guarderias\/#primaryimage"},"thumbnailUrl":"https:\/\/mont-roig.cat\/wp-content\/uploads\/Unarbolporeuropa.jpg","articleSection":["Educaci\u00f3n","Juventud","Medio Ambiente"],"inLanguage":"es"},{"@type":"WebPage","@id":"https:\/\/mont-roig.cat\/es\/actualitat\/noticies\/el-ayuntamiento-de-mont-roig-del-camp-se-suma-a-la-iniciativa-un-arbol-por-europa-plantando-un-arbol-en-las-guarderias\/","url":"https:\/\/mont-roig.cat\/es\/actualitat\/noticies\/el-ayuntamiento-de-mont-roig-del-camp-se-suma-a-la-iniciativa-un-arbol-por-europa-plantando-un-arbol-en-las-guarderias\/","name":"El Ayuntamiento de Mont-roig del Camp se suma a la iniciativa 'Un \u00c1rbol por Europa' plantando un \u00e1rbol en las guarder\u00edas - Ajuntament de Mont-roig del Camp","isPartOf":{"@id":"https:\/\/mont-roig.cat\/es\/#website"},"primaryImageOfPage":{"@id":"https:\/\/mont-roig.cat\/es\/actualitat\/noticies\/el-ayuntamiento-de-mont-roig-del-camp-se-suma-a-la-iniciativa-un-arbol-por-europa-plantando-un-arbol-en-las-guarderias\/#primaryimage"},"image":{"@id":"https:\/\/mont-roig.cat\/es\/actualitat\/noticies\/el-ayuntamiento-de-mont-roig-del-camp-se-suma-a-la-iniciativa-un-arbol-por-europa-plantando-un-arbol-en-las-guarderias\/#primaryimage"},"thumbnailUrl":"https:\/\/mont-roig.cat\/wp-content\/uploads\/Unarbolporeuropa.jpg","datePublished":"2021-06-08T11:35:42+00:00","author":{"@id":"https:\/\/mont-roig.cat\/es\/#\/schema\/person\/f2b111789f22b7d0c3bd6786c9128cba"},"breadcrumb":{"@id":"https:\/\/mont-roig.cat\/es\/actualitat\/noticies\/el-ayuntamiento-de-mont-roig-del-camp-se-suma-a-la-iniciativa-un-arbol-por-europa-plantando-un-arbol-en-las-guarderias\/#breadcrumb"},"inLanguage":"es","potentialAction":[{"@type":"ReadAction","target":["https:\/\/mont-roig.cat\/es\/actualitat\/noticies\/el-ayuntamiento-de-mont-roig-del-camp-se-suma-a-la-iniciativa-un-arbol-por-europa-plantando-un-arbol-en-las-guarderias\/"]}]},{"@type":"ImageObject","inLanguage":"es","@id":"https:\/\/mont-roig.cat\/es\/actualitat\/noticies\/el-ayuntamiento-de-mont-roig-del-camp-se-suma-a-la-iniciativa-un-arbol-por-europa-plantando-un-arbol-en-las-guarderias\/#primaryimage","url":"https:\/\/mont-roig.cat\/wp-content\/uploads\/Unarbolporeuropa.jpg","contentUrl":"https:\/\/mont-roig.cat\/wp-content\/uploads\/Unarbolporeuropa.jpg","width":1024,"height":768},{"@type":"BreadcrumbList","@id":"https:\/\/mont-roig.cat\/es\/actualitat\/noticies\/el-ayuntamiento-de-mont-roig-del-camp-se-suma-a-la-iniciativa-un-arbol-por-europa-plantando-un-arbol-en-las-guarderias\/#breadcrumb","itemListElement":[{"@type":"ListItem","position":1,"name":"Inici","item":"https:\/\/mont-roig.cat\/es\/pagina-de-inicio\/"},{"@type":"ListItem","position":2,"name":"El Ayuntamiento de Mont-roig del Camp se suma a la iniciativa &#8216;Un \u00c1rbol por Europa&#8217; plantando un \u00e1rbol en las guarder\u00edas"}]},{"@type":"WebSite","@id":"https:\/\/mont-roig.cat\/es\/#website","url":"https:\/\/mont-roig.cat\/es\/","name":"Ajuntament de Mont-roig del Camp","description":"Tota la informaci\u00f3 sobre la instituci\u00f3, els seus \u00f2rgans de govern, actualitat, serveis i molt m\u00e9s.","potentialAction":[{"@type":"SearchAction","target":{"@type":"EntryPoint","urlTemplate":"https:\/\/mont-roig.cat\/es\/?s={search_term_string}"},"query-input":{"@type":"PropertyValueSpecification","valueRequired":true,"valueName":"search_term_string"}}],"inLanguage":"es"},{"@type":"Person","@id":"https:\/\/mont-roig.cat\/es\/#\/schema\/person\/f2b111789f22b7d0c3bd6786c9128cba","name":"administrador","image":{"@type":"ImageObject","inLanguage":"es","@id":"https:\/\/secure.gravatar.com\/avatar\/9137aac6891e2595c9d3036fd83bcb653b4db3c946db4c7d9b9be193c3c944bb?s=96&d=mm&r=g","url":"https:\/\/secure.gravatar.com\/avatar\/9137aac6891e2595c9d3036fd83bcb653b4db3c946db4c7d9b9be193c3c944bb?s=96&d=mm&r=g","contentUrl":"https:\/\/secure.gravatar.com\/avatar\/9137aac6891e2595c9d3036fd83bcb653b4db3c946db4c7d9b9be193c3c944bb?s=96&d=mm&r=g","caption":"administrador"},"url":"https:\/\/mont-roig.cat\/es\/actualitat\/noticies\/author\/administrador\/"}]}},"_links":{"self":[{"href":"https:\/\/mont-roig.cat\/es\/wp-json\/wp\/v2\/posts\/56003","targetHints":{"allow":["GET"]}}],"collection":[{"href":"https:\/\/mont-roig.cat\/es\/wp-json\/wp\/v2\/posts"}],"about":[{"href":"https:\/\/mont-roig.cat\/es\/wp-json\/wp\/v2\/types\/post"}],"author":[{"embeddable":true,"href":"https:\/\/mont-roig.cat\/es\/wp-json\/wp\/v2\/users\/4"}],"replies":[{"embeddable":true,"href":"https:\/\/mont-roig.cat\/es\/wp-json\/wp\/v2\/comments?post=56003"}],"version-history":[{"count":2,"href":"https:\/\/mont-roig.cat\/es\/wp-json\/wp\/v2\/posts\/56003\/revisions"}],"predecessor-version":[{"id":56005,"href":"https:\/\/mont-roig.cat\/es\/wp-json\/wp\/v2\/posts\/56003\/revisions\/56005"}],"wp:featuredmedia":[{"embeddable":true,"href":"https:\/\/mont-roig.cat\/es\/wp-json\/wp\/v2\/media\/55989"}],"wp:attachment":[{"href":"https:\/\/mont-roig.cat\/es\/wp-json\/wp\/v2\/media?parent=56003"}],"wp:term":[{"taxonomy":"category","embeddable":true,"href":"https:\/\/mont-roig.cat\/es\/wp-json\/wp\/v2\/categories?post=56003"},{"taxonomy":"post_tag","embeddable":true,"href":"https:\/\/mont-roig.cat\/es\/wp-json\/wp\/v2\/tags?post=56003"}],"curies":[{"name":"wp","href":"https:\/\/api.w.org\/{rel}","templated":true}]}}