{"id":56091,"date":"2021-06-11T13:19:54","date_gmt":"2021-06-11T11:19:54","guid":{"rendered":"https:\/\/mont-roig.cat\/actualitat\/noticies\/entren-en-funcionament-les-noves-oficines-daccio-social-i-gent-gran-a-lavinguda-granada-de-miami-platja\/"},"modified":"2021-06-11T13:46:31","modified_gmt":"2021-06-11T11:46:31","slug":"entren-en-funcionament-les-noves-oficines-daccio-social-i-gent-gran-a-lavinguda-granada-de-miami-platja","status":"publish","type":"post","link":"https:\/\/mont-roig.cat\/es\/actualitat\/noticies\/entren-en-funcionament-les-noves-oficines-daccio-social-i-gent-gran-a-lavinguda-granada-de-miami-platja\/","title":{"rendered":"Entran en funcionamiento las nuevas oficinas de Acci\u00f3n Social y Gente Mayor en la Avenida Granada de Miami Platja"},"content":{"rendered":"<ul>\n<li><strong><a href=\"https:\/\/mont-roig.cat\/wp-content\/uploads\/73ebfecc-8607-4fb1-8cdc-108e6b9d9e80-1.jpg\"><img loading=\"lazy\" decoding=\"async\" class=\"alignright wp-image-56079\" src=\"https:\/\/mont-roig.cat\/wp-content\/uploads\/73ebfecc-8607-4fb1-8cdc-108e6b9d9e80-1-500x375.jpg\" alt=\"\" width=\"300\" height=\"225\" srcset=\"https:\/\/mont-roig.cat\/wp-content\/uploads\/73ebfecc-8607-4fb1-8cdc-108e6b9d9e80-1-500x375.jpg 500w, https:\/\/mont-roig.cat\/wp-content\/uploads\/73ebfecc-8607-4fb1-8cdc-108e6b9d9e80-1-1024x768.jpg 1024w, https:\/\/mont-roig.cat\/wp-content\/uploads\/73ebfecc-8607-4fb1-8cdc-108e6b9d9e80-1-768x576.jpg 768w, https:\/\/mont-roig.cat\/wp-content\/uploads\/73ebfecc-8607-4fb1-8cdc-108e6b9d9e80-1-1536x1152.jpg 1536w, https:\/\/mont-roig.cat\/wp-content\/uploads\/73ebfecc-8607-4fb1-8cdc-108e6b9d9e80-1-463x348.jpg 463w, https:\/\/mont-roig.cat\/wp-content\/uploads\/73ebfecc-8607-4fb1-8cdc-108e6b9d9e80-1.jpg 2048w\" sizes=\"auto, (max-width: 300px) 100vw, 300px\" \/><\/a>\u2022 Las nuevas instalaciones, m\u00e1s amplias y con m\u00e1s despachos, permitir\u00e1n mejorar la atenci\u00f3n a la ciudadan\u00eda.<br \/>\n<\/strong><\/li>\n<\/ul>\n<p>&nbsp;<\/p>\n<p>Las nuevas oficinas del Departamento de Servicios Sociales y del Departamento de Gente Mayor del Ayuntamiento de Mont-roig del Camp, situadas en la Avenida Granada 48 de Miami Platja, han entrado en funcionamiento este viernes con el objetivo de mejorar el servicio a la ciudadan\u00eda.<\/p>\n<p>En estas nuevas instalaciones ser\u00e1 ubicado el personal t\u00e9cnico y administrativo de las dos concejal\u00edas y centralizar\u00e1 la atenci\u00f3n de servicios sociales que ofrece el consistorio.<\/p>\n<p>En este sentido, en las nuevas oficinas, m\u00e1s amplias y con m\u00e1s despachos, se podr\u00e1n atender hasta 4 personas o familias al mismo tiempo. Tambi\u00e9n permitir\u00e1n reducir el tiempo de espera de las personas que deban ser atendidas por los profesionales del departamento.<\/p>\n<p>Por otra parte, a trav\u00e9s de estas oficinas se canalizar\u00e1n directamente los registros de entrada correspondientes a los Servicios Sociales, sin necesidad de ir a las OMAC municipales.<\/p>\n<p>Precisamente para mejorar la atenci\u00f3n a los usuarios, Servicios Sociales ha incorporado un nuevo apoyo administrativo para agilizar los tr\u00e1mites, adem\u00e1s de renovar los equipos inform\u00e1ticos.<\/p>\n<p>Recordemos que el departamento de Servicios Sociales tambi\u00e9n continuar\u00e1 atendiendo a todas aquellas personas que lo necesiten en las oficinas de la calle Agust\u00ed Sard\u00e0 de Mont-roig.<\/p>\n\n\t\t<!-- MasterSlider -->\n\t\t<div id=\"P_MS69f4d133dc21d\" class=\"master-slider-parent master-slider-gallery   ms-parent-id-0\"  >\n\n\t\t\t\n\t\t\t<!-- MasterSlider Main -->\n\t\t\t<div id=\"MS69f4d133dc21d\" class=\"master-slider ms-skin-default\" >\n\t\t\t\t \t\t\t\t \n\t\t\t<div  class=\"ms-slide\" data-delay=\"3\"    >\n\t\t\t\t\t<img decoding=\"async\" src=\"https:\/\/mont-roig.cat\/wp-content\/plugins\/masterslider\/public\/assets\/css\/blank.gif\" alt=\"dc13d3f6-bb8e-4331-bc89-b3333d2c4d8f\" title=\"dc13d3f6-bb8e-4331-bc89-b3333d2c4d8f\" data-src=\"https:\/\/mont-roig.cat\/wp-content\/uploadsArray\" \/>\n\t<a href=\"http:\/\/Array\" target=\"_self\"    >dc13d3f6-bb8e-4331-bc89-b3333d2c4d8f<\/a>\n\n\t\t\t\t\t<div class=\"ms-info\">dc13d3f6-bb8e-4331-bc89-b3333d2c4d8f<\/div>\n\n\n\t<img decoding=\"async\" class=\"ms-thumb\" src=\"https:\/\/mont-roig.cat\/wp-content\/uploadsArray\" alt=\"dc13d3f6-bb8e-4331-bc89-b3333d2c4d8f\" \/>\n\t\t\t\t<\/div>\n\t\t\t<div  class=\"ms-slide\" data-delay=\"3\"    >\n\t\t\t\t\t<img decoding=\"async\" src=\"https:\/\/mont-roig.cat\/wp-content\/plugins\/masterslider\/public\/assets\/css\/blank.gif\" alt=\"53f80e0f-a317-4166-bd81-b94fe127adeb\" title=\"53f80e0f-a317-4166-bd81-b94fe127adeb\" data-src=\"https:\/\/mont-roig.cat\/wp-content\/uploadsArray\" \/>\n\t<a href=\"http:\/\/Array\" target=\"_self\"    >53f80e0f-a317-4166-bd81-b94fe127adeb<\/a>\n\n\t\t\t\t\t<div class=\"ms-info\">53f80e0f-a317-4166-bd81-b94fe127adeb<\/div>\n\n\n\t<img decoding=\"async\" class=\"ms-thumb\" src=\"https:\/\/mont-roig.cat\/wp-content\/uploadsArray\" alt=\"53f80e0f-a317-4166-bd81-b94fe127adeb\" \/>\n\t\t\t\t<\/div>\n\t\t\t<div  class=\"ms-slide\" data-delay=\"3\"    >\n\t\t\t\t\t<img decoding=\"async\" src=\"https:\/\/mont-roig.cat\/wp-content\/plugins\/masterslider\/public\/assets\/css\/blank.gif\" alt=\"649f6082-a8d6-43ba-b31a-937b0b25ad12\" title=\"649f6082-a8d6-43ba-b31a-937b0b25ad12\" data-src=\"https:\/\/mont-roig.cat\/wp-content\/uploadsArray\" \/>\n\t<a href=\"http:\/\/Array\" target=\"_self\"    >649f6082-a8d6-43ba-b31a-937b0b25ad12<\/a>\n\n\t\t\t\t\t<div class=\"ms-info\">649f6082-a8d6-43ba-b31a-937b0b25ad12<\/div>\n\n\n\t<img decoding=\"async\" class=\"ms-thumb\" src=\"https:\/\/mont-roig.cat\/wp-content\/uploadsArray\" alt=\"649f6082-a8d6-43ba-b31a-937b0b25ad12\" \/>\n\t\t\t\t<\/div>\n\t\t\t<div  class=\"ms-slide\" data-delay=\"3\"    >\n\t\t\t\t\t<img decoding=\"async\" src=\"https:\/\/mont-roig.cat\/wp-content\/plugins\/masterslider\/public\/assets\/css\/blank.gif\" alt=\"73ebfecc-8607-4fb1-8cdc-108e6b9d9e80\" title=\"73ebfecc-8607-4fb1-8cdc-108e6b9d9e80\" data-src=\"https:\/\/mont-roig.cat\/wp-content\/uploadsArray\" \/>\n\t<a href=\"http:\/\/Array\" target=\"_self\"    >73ebfecc-8607-4fb1-8cdc-108e6b9d9e80<\/a>\n\n\t\t\t\t\t<div class=\"ms-info\">73ebfecc-8607-4fb1-8cdc-108e6b9d9e80<\/div>\n\n\n\t<img decoding=\"async\" class=\"ms-thumb\" src=\"https:\/\/mont-roig.cat\/wp-content\/uploadsArray\" alt=\"73ebfecc-8607-4fb1-8cdc-108e6b9d9e80\" \/>\n\t\t\t\t<\/div>\n\t\t\t<div  class=\"ms-slide\" data-delay=\"3\"    >\n\t\t\t\t\t<img decoding=\"async\" src=\"https:\/\/mont-roig.cat\/wp-content\/plugins\/masterslider\/public\/assets\/css\/blank.gif\" alt=\"a54b08d9-69f9-4140-9722-dcc69c6b8b4d\" title=\"a54b08d9-69f9-4140-9722-dcc69c6b8b4d\" data-src=\"https:\/\/mont-roig.cat\/wp-content\/uploadsArray\" \/>\n\t<a href=\"http:\/\/Array\" target=\"_self\"    >a54b08d9-69f9-4140-9722-dcc69c6b8b4d<\/a>\n\n\t\t\t\t\t<div class=\"ms-info\">a54b08d9-69f9-4140-9722-dcc69c6b8b4d<\/div>\n\n\n\t<img decoding=\"async\" class=\"ms-thumb\" src=\"https:\/\/mont-roig.cat\/wp-content\/uploadsArray\" alt=\"a54b08d9-69f9-4140-9722-dcc69c6b8b4d\" \/>\n\t\t\t\t<\/div>\n\t\t\t<div  class=\"ms-slide\" data-delay=\"3\"    >\n\t\t\t\t\t<img decoding=\"async\" src=\"https:\/\/mont-roig.cat\/wp-content\/plugins\/masterslider\/public\/assets\/css\/blank.gif\" alt=\"d4145afd-e45e-46d7-b8eb-9da0db1d90d6\" title=\"d4145afd-e45e-46d7-b8eb-9da0db1d90d6\" data-src=\"https:\/\/mont-roig.cat\/wp-content\/uploadsArray\" \/>\n\t<a href=\"http:\/\/Array\" target=\"_self\"    >d4145afd-e45e-46d7-b8eb-9da0db1d90d6<\/a>\n\n\t\t\t\t\t<div class=\"ms-info\">d4145afd-e45e-46d7-b8eb-9da0db1d90d6<\/div>\n\n\n\t<img decoding=\"async\" class=\"ms-thumb\" src=\"https:\/\/mont-roig.cat\/wp-content\/uploadsArray\" alt=\"d4145afd-e45e-46d7-b8eb-9da0db1d90d6\" \/>\n\t\t\t\t<\/div>\n\n\t\t\t<\/div>\n\t\t\t<!-- END MasterSlider Main -->\n\n\t\t\t \n\t\t<\/div>\n\t\t<!-- END MasterSlider -->\n\n\t\t<script>\n\t\t( window.MSReady = window.MSReady || [] ).push( function( $ ) {\n\n\t\t\t\"use strict\";\n\t\t\tvar masterslider_c21d = new MasterSlider();\n\n\t\t\t\/\/ slider controls\n\t\t\tmasterslider_c21d.control('arrows'     ,{ autohide:true, overVideo:true  });\n\t\t\tmasterslider_c21d.control('thumblist'  ,{ autohide:false, overVideo:true, dir:'h', speed:17, inset:false, arrows:false, hover:false, customClass:'', align:'bottom',type:'thumbs', margin:2, width:140, height:80, space:2, fillMode:'fill'  });\n\t\t\tmasterslider_c21d.control('slideinfo'  ,{ autohide:true, overVideo:true, dir:'h', align:'bottom',inset:true , margin:80  , size:30 });\n\t\t\t\/\/ slider setup\n\t\t\tmasterslider_c21d.setup(\"MS69f4d133dc21d\", {\n\t\t\t\twidth           : 960,\n\t\t\t\theight          : 540,\n\t\t\t\tminHeight       : 0,\n\t\t\t\tspace           : 0,\n\t\t\t\tstart           : 1,\n\t\t\t\tgrabCursor      : true,\n\t\t\t\tswipe           : true,\n\t\t\t\tmouse           : true,\n\t\t\t\tkeyboard        : false,\n\t\t\t\tlayout          : \"fillwidth\",\n\t\t\t\twheel           : false,\n\t\t\t\tautoplay        : false,\n                instantStartLayers:false,\n\t\t\t\tmobileBGVideo:false,\n\t\t\t\tloop            : false,\n\t\t\t\tshuffle         : false,\n\t\t\t\tpreload         : 3,\n\t\t\t\theightLimit     : false,\n\t\t\t\tautoHeight      : false,\n\t\t\t\tsmoothHeight    : true,\n\t\t\t\tendPause        : false,\n\t\t\t\toverPause       : false,\n\t\t\t\tfillMode        : \"fill\",\n\t\t\t\tcenterControls  : true,\n\t\t\t\tstartOnAppear   : false,\n\t\t\t\tlayersMode      : \"center\",\n\t\t\t\tautofillTarget  : \"\",\n\t\t\t\thideLayers      : false,\n\t\t\t\tfullscreenMargin: 0,\n\t\t\t\tspeed           : 17,\n\t\t\t\tdir             : \"h\",\n\t\t\t\tparallaxMode    : 'swipe',\n\t\t\t\tview            : \"basic\"\n\t\t\t});\n\n\t\t\t\n\t\t\twindow.masterslider_instances = window.masterslider_instances || [];\n\t\t\twindow.masterslider_instances.push( masterslider_c21d );\n\t\t});\n\t\t<\/script>\n\n\n<p>&nbsp;<\/p>\n","protected":false},"excerpt":{"rendered":"<p>\u2022 Las nuevas instalaciones, m\u00e1s amplias y con m\u00e1s despachos, permitir\u00e1n mejorar la atenci\u00f3n a la ciudadan\u00eda. &nbsp; Las nuevas oficinas del Departamento de Servicios Sociales y del Departamento de Gente Mayor del Ayuntamiento de Mont-roig del Camp, situadas en la Avenida Granada 48 de Miami Platja, han entrado en funcionamiento este viernes con el [&hellip;]<\/p>\n","protected":false},"author":13,"featured_media":56080,"comment_status":"closed","ping_status":"closed","sticky":false,"template":"","format":"standard","meta":{"inline_featured_image":false,"_monsterinsights_skip_tracking":false,"_monsterinsights_sitenote_active":false,"_monsterinsights_sitenote_note":"","_monsterinsights_sitenote_category":0,"footnotes":""},"categories":[98,114],"tags":[],"class_list":["post-56091","post","type-post","status-publish","format-standard","has-post-thumbnail","hentry","category-ayuntamiento","category-servicios-sociales"],"yoast_head":"<!-- This site is optimized with the Yoast SEO plugin v27.4 - https:\/\/yoast.com\/product\/yoast-seo-wordpress\/ -->\n<title>Entran en funcionamiento las nuevas oficinas de Acci\u00f3n Social y Gente Mayor en la Avenida Granada de Miami Platja - Ajuntament de Mont-roig del Camp<\/title>\n<meta name=\"robots\" content=\"index, follow, max-snippet:-1, max-image-preview:large, max-video-preview:-1\" \/>\n<link rel=\"canonical\" href=\"https:\/\/mont-roig.cat\/es\/actualitat\/noticies\/entren-en-funcionament-les-noves-oficines-daccio-social-i-gent-gran-a-lavinguda-granada-de-miami-platja\/\" \/>\n<meta property=\"og:locale\" content=\"es_ES\" \/>\n<meta property=\"og:type\" content=\"article\" \/>\n<meta property=\"og:title\" content=\"Entran en funcionamiento las nuevas oficinas de Acci\u00f3n Social y Gente Mayor en la Avenida Granada de Miami Platja - Ajuntament de Mont-roig del Camp\" \/>\n<meta property=\"og:description\" content=\"\u2022 Las nuevas instalaciones, m\u00e1s amplias y con m\u00e1s despachos, permitir\u00e1n mejorar la atenci\u00f3n a la ciudadan\u00eda. &nbsp; Las nuevas oficinas del Departamento de Servicios Sociales y del Departamento de Gente Mayor del Ayuntamiento de Mont-roig del Camp, situadas en la Avenida Granada 48 de Miami Platja, han entrado en funcionamiento este viernes con el [&hellip;]\" \/>\n<meta property=\"og:url\" content=\"https:\/\/mont-roig.cat\/es\/actualitat\/noticies\/entren-en-funcionament-les-noves-oficines-daccio-social-i-gent-gran-a-lavinguda-granada-de-miami-platja\/\" \/>\n<meta property=\"og:site_name\" content=\"Ajuntament de Mont-roig del Camp\" \/>\n<meta property=\"article:published_time\" content=\"2021-06-11T11:19:54+00:00\" \/>\n<meta property=\"article:modified_time\" content=\"2021-06-11T11:46:31+00:00\" \/>\n<meta property=\"og:image\" content=\"https:\/\/mont-roig.cat\/wp-content\/uploads\/73ebfecc-8607-4fb1-8cdc-108e6b9d9e80-1.jpg\" \/>\n\t<meta property=\"og:image:width\" content=\"2048\" \/>\n\t<meta property=\"og:image:height\" content=\"1536\" \/>\n\t<meta property=\"og:image:type\" content=\"image\/jpeg\" \/>\n<meta name=\"author\" content=\"comunicacio\" \/>\n<meta name=\"twitter:card\" content=\"summary_large_image\" \/>\n<meta name=\"twitter:label1\" content=\"Escrito por\" \/>\n\t<meta name=\"twitter:data1\" content=\"comunicacio\" \/>\n\t<meta name=\"twitter:label2\" content=\"Tiempo de lectura\" \/>\n\t<meta name=\"twitter:data2\" content=\"2 minutos\" \/>\n<script type=\"application\/ld+json\" class=\"yoast-schema-graph\">{\"@context\":\"https:\\\/\\\/schema.org\",\"@graph\":[{\"@type\":\"Article\",\"@id\":\"https:\\\/\\\/mont-roig.cat\\\/es\\\/actualitat\\\/noticies\\\/entren-en-funcionament-les-noves-oficines-daccio-social-i-gent-gran-a-lavinguda-granada-de-miami-platja\\\/#article\",\"isPartOf\":{\"@id\":\"https:\\\/\\\/mont-roig.cat\\\/es\\\/actualitat\\\/noticies\\\/entren-en-funcionament-les-noves-oficines-daccio-social-i-gent-gran-a-lavinguda-granada-de-miami-platja\\\/\"},\"author\":{\"name\":\"comunicacio\",\"@id\":\"https:\\\/\\\/mont-roig.cat\\\/es\\\/#\\\/schema\\\/person\\\/1f73e7b5e6f9dd122e8a6f14f310ac5e\"},\"headline\":\"Entran en funcionamiento las nuevas oficinas de Acci\u00f3n Social y Gente Mayor en la Avenida Granada de Miami Platja\",\"datePublished\":\"2021-06-11T11:19:54+00:00\",\"dateModified\":\"2021-06-11T11:46:31+00:00\",\"mainEntityOfPage\":{\"@id\":\"https:\\\/\\\/mont-roig.cat\\\/es\\\/actualitat\\\/noticies\\\/entren-en-funcionament-les-noves-oficines-daccio-social-i-gent-gran-a-lavinguda-granada-de-miami-platja\\\/\"},\"wordCount\":261,\"image\":{\"@id\":\"https:\\\/\\\/mont-roig.cat\\\/es\\\/actualitat\\\/noticies\\\/entren-en-funcionament-les-noves-oficines-daccio-social-i-gent-gran-a-lavinguda-granada-de-miami-platja\\\/#primaryimage\"},\"thumbnailUrl\":\"https:\\\/\\\/mont-roig.cat\\\/wp-content\\\/uploads\\\/73ebfecc-8607-4fb1-8cdc-108e6b9d9e80-1.jpg\",\"articleSection\":[\"Ayuntamiento\",\"Servicios sociales\"],\"inLanguage\":\"es\"},{\"@type\":\"WebPage\",\"@id\":\"https:\\\/\\\/mont-roig.cat\\\/es\\\/actualitat\\\/noticies\\\/entren-en-funcionament-les-noves-oficines-daccio-social-i-gent-gran-a-lavinguda-granada-de-miami-platja\\\/\",\"url\":\"https:\\\/\\\/mont-roig.cat\\\/es\\\/actualitat\\\/noticies\\\/entren-en-funcionament-les-noves-oficines-daccio-social-i-gent-gran-a-lavinguda-granada-de-miami-platja\\\/\",\"name\":\"Entran en funcionamiento las nuevas oficinas de Acci\u00f3n Social y Gente Mayor en la Avenida Granada de Miami Platja - Ajuntament de Mont-roig del Camp\",\"isPartOf\":{\"@id\":\"https:\\\/\\\/mont-roig.cat\\\/es\\\/#website\"},\"primaryImageOfPage\":{\"@id\":\"https:\\\/\\\/mont-roig.cat\\\/es\\\/actualitat\\\/noticies\\\/entren-en-funcionament-les-noves-oficines-daccio-social-i-gent-gran-a-lavinguda-granada-de-miami-platja\\\/#primaryimage\"},\"image\":{\"@id\":\"https:\\\/\\\/mont-roig.cat\\\/es\\\/actualitat\\\/noticies\\\/entren-en-funcionament-les-noves-oficines-daccio-social-i-gent-gran-a-lavinguda-granada-de-miami-platja\\\/#primaryimage\"},\"thumbnailUrl\":\"https:\\\/\\\/mont-roig.cat\\\/wp-content\\\/uploads\\\/73ebfecc-8607-4fb1-8cdc-108e6b9d9e80-1.jpg\",\"datePublished\":\"2021-06-11T11:19:54+00:00\",\"dateModified\":\"2021-06-11T11:46:31+00:00\",\"author\":{\"@id\":\"https:\\\/\\\/mont-roig.cat\\\/es\\\/#\\\/schema\\\/person\\\/1f73e7b5e6f9dd122e8a6f14f310ac5e\"},\"breadcrumb\":{\"@id\":\"https:\\\/\\\/mont-roig.cat\\\/es\\\/actualitat\\\/noticies\\\/entren-en-funcionament-les-noves-oficines-daccio-social-i-gent-gran-a-lavinguda-granada-de-miami-platja\\\/#breadcrumb\"},\"inLanguage\":\"es\",\"potentialAction\":[{\"@type\":\"ReadAction\",\"target\":[\"https:\\\/\\\/mont-roig.cat\\\/es\\\/actualitat\\\/noticies\\\/entren-en-funcionament-les-noves-oficines-daccio-social-i-gent-gran-a-lavinguda-granada-de-miami-platja\\\/\"]}]},{\"@type\":\"ImageObject\",\"inLanguage\":\"es\",\"@id\":\"https:\\\/\\\/mont-roig.cat\\\/es\\\/actualitat\\\/noticies\\\/entren-en-funcionament-les-noves-oficines-daccio-social-i-gent-gran-a-lavinguda-granada-de-miami-platja\\\/#primaryimage\",\"url\":\"https:\\\/\\\/mont-roig.cat\\\/wp-content\\\/uploads\\\/73ebfecc-8607-4fb1-8cdc-108e6b9d9e80-1.jpg\",\"contentUrl\":\"https:\\\/\\\/mont-roig.cat\\\/wp-content\\\/uploads\\\/73ebfecc-8607-4fb1-8cdc-108e6b9d9e80-1.jpg\",\"width\":2048,\"height\":1536},{\"@type\":\"BreadcrumbList\",\"@id\":\"https:\\\/\\\/mont-roig.cat\\\/es\\\/actualitat\\\/noticies\\\/entren-en-funcionament-les-noves-oficines-daccio-social-i-gent-gran-a-lavinguda-granada-de-miami-platja\\\/#breadcrumb\",\"itemListElement\":[{\"@type\":\"ListItem\",\"position\":1,\"name\":\"Inici\",\"item\":\"https:\\\/\\\/mont-roig.cat\\\/es\\\/pagina-de-inicio\\\/\"},{\"@type\":\"ListItem\",\"position\":2,\"name\":\"Entran en funcionamiento las nuevas oficinas de Acci\u00f3n Social y Gente Mayor en la Avenida Granada de Miami Platja\"}]},{\"@type\":\"WebSite\",\"@id\":\"https:\\\/\\\/mont-roig.cat\\\/es\\\/#website\",\"url\":\"https:\\\/\\\/mont-roig.cat\\\/es\\\/\",\"name\":\"Ajuntament de Mont-roig del Camp\",\"description\":\"Tota la informaci\u00f3 sobre la instituci\u00f3, els seus \u00f2rgans de govern, actualitat, serveis i molt m\u00e9s.\",\"potentialAction\":[{\"@type\":\"SearchAction\",\"target\":{\"@type\":\"EntryPoint\",\"urlTemplate\":\"https:\\\/\\\/mont-roig.cat\\\/es\\\/?s={search_term_string}\"},\"query-input\":{\"@type\":\"PropertyValueSpecification\",\"valueRequired\":true,\"valueName\":\"search_term_string\"}}],\"inLanguage\":\"es\"},{\"@type\":\"Person\",\"@id\":\"https:\\\/\\\/mont-roig.cat\\\/es\\\/#\\\/schema\\\/person\\\/1f73e7b5e6f9dd122e8a6f14f310ac5e\",\"name\":\"comunicacio\",\"image\":{\"@type\":\"ImageObject\",\"inLanguage\":\"es\",\"@id\":\"https:\\\/\\\/secure.gravatar.com\\\/avatar\\\/98944333e7a877670a64f8d10f0cb680ab2c9ebc4efc43945ef004b52b5ad28c?s=96&d=mm&r=g\",\"url\":\"https:\\\/\\\/secure.gravatar.com\\\/avatar\\\/98944333e7a877670a64f8d10f0cb680ab2c9ebc4efc43945ef004b52b5ad28c?s=96&d=mm&r=g\",\"contentUrl\":\"https:\\\/\\\/secure.gravatar.com\\\/avatar\\\/98944333e7a877670a64f8d10f0cb680ab2c9ebc4efc43945ef004b52b5ad28c?s=96&d=mm&r=g\",\"caption\":\"comunicacio\"},\"url\":\"https:\\\/\\\/mont-roig.cat\\\/es\\\/actualitat\\\/noticies\\\/author\\\/comunicacio\\\/\"}]}<\/script>\n<!-- \/ Yoast SEO plugin. -->","yoast_head_json":{"title":"Entran en funcionamiento las nuevas oficinas de Acci\u00f3n Social y Gente Mayor en la Avenida Granada de Miami Platja - Ajuntament de Mont-roig del Camp","robots":{"index":"index","follow":"follow","max-snippet":"max-snippet:-1","max-image-preview":"max-image-preview:large","max-video-preview":"max-video-preview:-1"},"canonical":"https:\/\/mont-roig.cat\/es\/actualitat\/noticies\/entren-en-funcionament-les-noves-oficines-daccio-social-i-gent-gran-a-lavinguda-granada-de-miami-platja\/","og_locale":"es_ES","og_type":"article","og_title":"Entran en funcionamiento las nuevas oficinas de Acci\u00f3n Social y Gente Mayor en la Avenida Granada de Miami Platja - Ajuntament de Mont-roig del Camp","og_description":"\u2022 Las nuevas instalaciones, m\u00e1s amplias y con m\u00e1s despachos, permitir\u00e1n mejorar la atenci\u00f3n a la ciudadan\u00eda. &nbsp; Las nuevas oficinas del Departamento de Servicios Sociales y del Departamento de Gente Mayor del Ayuntamiento de Mont-roig del Camp, situadas en la Avenida Granada 48 de Miami Platja, han entrado en funcionamiento este viernes con el [&hellip;]","og_url":"https:\/\/mont-roig.cat\/es\/actualitat\/noticies\/entren-en-funcionament-les-noves-oficines-daccio-social-i-gent-gran-a-lavinguda-granada-de-miami-platja\/","og_site_name":"Ajuntament de Mont-roig del Camp","article_published_time":"2021-06-11T11:19:54+00:00","article_modified_time":"2021-06-11T11:46:31+00:00","og_image":[{"width":2048,"height":1536,"url":"https:\/\/mont-roig.cat\/wp-content\/uploads\/73ebfecc-8607-4fb1-8cdc-108e6b9d9e80-1.jpg","type":"image\/jpeg"}],"author":"comunicacio","twitter_card":"summary_large_image","twitter_misc":{"Escrito por":"comunicacio","Tiempo de lectura":"2 minutos"},"schema":{"@context":"https:\/\/schema.org","@graph":[{"@type":"Article","@id":"https:\/\/mont-roig.cat\/es\/actualitat\/noticies\/entren-en-funcionament-les-noves-oficines-daccio-social-i-gent-gran-a-lavinguda-granada-de-miami-platja\/#article","isPartOf":{"@id":"https:\/\/mont-roig.cat\/es\/actualitat\/noticies\/entren-en-funcionament-les-noves-oficines-daccio-social-i-gent-gran-a-lavinguda-granada-de-miami-platja\/"},"author":{"name":"comunicacio","@id":"https:\/\/mont-roig.cat\/es\/#\/schema\/person\/1f73e7b5e6f9dd122e8a6f14f310ac5e"},"headline":"Entran en funcionamiento las nuevas oficinas de Acci\u00f3n Social y Gente Mayor en la Avenida Granada de Miami Platja","datePublished":"2021-06-11T11:19:54+00:00","dateModified":"2021-06-11T11:46:31+00:00","mainEntityOfPage":{"@id":"https:\/\/mont-roig.cat\/es\/actualitat\/noticies\/entren-en-funcionament-les-noves-oficines-daccio-social-i-gent-gran-a-lavinguda-granada-de-miami-platja\/"},"wordCount":261,"image":{"@id":"https:\/\/mont-roig.cat\/es\/actualitat\/noticies\/entren-en-funcionament-les-noves-oficines-daccio-social-i-gent-gran-a-lavinguda-granada-de-miami-platja\/#primaryimage"},"thumbnailUrl":"https:\/\/mont-roig.cat\/wp-content\/uploads\/73ebfecc-8607-4fb1-8cdc-108e6b9d9e80-1.jpg","articleSection":["Ayuntamiento","Servicios sociales"],"inLanguage":"es"},{"@type":"WebPage","@id":"https:\/\/mont-roig.cat\/es\/actualitat\/noticies\/entren-en-funcionament-les-noves-oficines-daccio-social-i-gent-gran-a-lavinguda-granada-de-miami-platja\/","url":"https:\/\/mont-roig.cat\/es\/actualitat\/noticies\/entren-en-funcionament-les-noves-oficines-daccio-social-i-gent-gran-a-lavinguda-granada-de-miami-platja\/","name":"Entran en funcionamiento las nuevas oficinas de Acci\u00f3n Social y Gente Mayor en la Avenida Granada de Miami Platja - Ajuntament de Mont-roig del Camp","isPartOf":{"@id":"https:\/\/mont-roig.cat\/es\/#website"},"primaryImageOfPage":{"@id":"https:\/\/mont-roig.cat\/es\/actualitat\/noticies\/entren-en-funcionament-les-noves-oficines-daccio-social-i-gent-gran-a-lavinguda-granada-de-miami-platja\/#primaryimage"},"image":{"@id":"https:\/\/mont-roig.cat\/es\/actualitat\/noticies\/entren-en-funcionament-les-noves-oficines-daccio-social-i-gent-gran-a-lavinguda-granada-de-miami-platja\/#primaryimage"},"thumbnailUrl":"https:\/\/mont-roig.cat\/wp-content\/uploads\/73ebfecc-8607-4fb1-8cdc-108e6b9d9e80-1.jpg","datePublished":"2021-06-11T11:19:54+00:00","dateModified":"2021-06-11T11:46:31+00:00","author":{"@id":"https:\/\/mont-roig.cat\/es\/#\/schema\/person\/1f73e7b5e6f9dd122e8a6f14f310ac5e"},"breadcrumb":{"@id":"https:\/\/mont-roig.cat\/es\/actualitat\/noticies\/entren-en-funcionament-les-noves-oficines-daccio-social-i-gent-gran-a-lavinguda-granada-de-miami-platja\/#breadcrumb"},"inLanguage":"es","potentialAction":[{"@type":"ReadAction","target":["https:\/\/mont-roig.cat\/es\/actualitat\/noticies\/entren-en-funcionament-les-noves-oficines-daccio-social-i-gent-gran-a-lavinguda-granada-de-miami-platja\/"]}]},{"@type":"ImageObject","inLanguage":"es","@id":"https:\/\/mont-roig.cat\/es\/actualitat\/noticies\/entren-en-funcionament-les-noves-oficines-daccio-social-i-gent-gran-a-lavinguda-granada-de-miami-platja\/#primaryimage","url":"https:\/\/mont-roig.cat\/wp-content\/uploads\/73ebfecc-8607-4fb1-8cdc-108e6b9d9e80-1.jpg","contentUrl":"https:\/\/mont-roig.cat\/wp-content\/uploads\/73ebfecc-8607-4fb1-8cdc-108e6b9d9e80-1.jpg","width":2048,"height":1536},{"@type":"BreadcrumbList","@id":"https:\/\/mont-roig.cat\/es\/actualitat\/noticies\/entren-en-funcionament-les-noves-oficines-daccio-social-i-gent-gran-a-lavinguda-granada-de-miami-platja\/#breadcrumb","itemListElement":[{"@type":"ListItem","position":1,"name":"Inici","item":"https:\/\/mont-roig.cat\/es\/pagina-de-inicio\/"},{"@type":"ListItem","position":2,"name":"Entran en funcionamiento las nuevas oficinas de Acci\u00f3n Social y Gente Mayor en la Avenida Granada de Miami Platja"}]},{"@type":"WebSite","@id":"https:\/\/mont-roig.cat\/es\/#website","url":"https:\/\/mont-roig.cat\/es\/","name":"Ajuntament de Mont-roig del Camp","description":"Tota la informaci\u00f3 sobre la instituci\u00f3, els seus \u00f2rgans de govern, actualitat, serveis i molt m\u00e9s.","potentialAction":[{"@type":"SearchAction","target":{"@type":"EntryPoint","urlTemplate":"https:\/\/mont-roig.cat\/es\/?s={search_term_string}"},"query-input":{"@type":"PropertyValueSpecification","valueRequired":true,"valueName":"search_term_string"}}],"inLanguage":"es"},{"@type":"Person","@id":"https:\/\/mont-roig.cat\/es\/#\/schema\/person\/1f73e7b5e6f9dd122e8a6f14f310ac5e","name":"comunicacio","image":{"@type":"ImageObject","inLanguage":"es","@id":"https:\/\/secure.gravatar.com\/avatar\/98944333e7a877670a64f8d10f0cb680ab2c9ebc4efc43945ef004b52b5ad28c?s=96&d=mm&r=g","url":"https:\/\/secure.gravatar.com\/avatar\/98944333e7a877670a64f8d10f0cb680ab2c9ebc4efc43945ef004b52b5ad28c?s=96&d=mm&r=g","contentUrl":"https:\/\/secure.gravatar.com\/avatar\/98944333e7a877670a64f8d10f0cb680ab2c9ebc4efc43945ef004b52b5ad28c?s=96&d=mm&r=g","caption":"comunicacio"},"url":"https:\/\/mont-roig.cat\/es\/actualitat\/noticies\/author\/comunicacio\/"}]}},"_links":{"self":[{"href":"https:\/\/mont-roig.cat\/es\/wp-json\/wp\/v2\/posts\/56091","targetHints":{"allow":["GET"]}}],"collection":[{"href":"https:\/\/mont-roig.cat\/es\/wp-json\/wp\/v2\/posts"}],"about":[{"href":"https:\/\/mont-roig.cat\/es\/wp-json\/wp\/v2\/types\/post"}],"author":[{"embeddable":true,"href":"https:\/\/mont-roig.cat\/es\/wp-json\/wp\/v2\/users\/13"}],"replies":[{"embeddable":true,"href":"https:\/\/mont-roig.cat\/es\/wp-json\/wp\/v2\/comments?post=56091"}],"version-history":[{"count":2,"href":"https:\/\/mont-roig.cat\/es\/wp-json\/wp\/v2\/posts\/56091\/revisions"}],"predecessor-version":[{"id":56093,"href":"https:\/\/mont-roig.cat\/es\/wp-json\/wp\/v2\/posts\/56091\/revisions\/56093"}],"wp:featuredmedia":[{"embeddable":true,"href":"https:\/\/mont-roig.cat\/es\/wp-json\/wp\/v2\/media\/56080"}],"wp:attachment":[{"href":"https:\/\/mont-roig.cat\/es\/wp-json\/wp\/v2\/media?parent=56091"}],"wp:term":[{"taxonomy":"category","embeddable":true,"href":"https:\/\/mont-roig.cat\/es\/wp-json\/wp\/v2\/categories?post=56091"},{"taxonomy":"post_tag","embeddable":true,"href":"https:\/\/mont-roig.cat\/es\/wp-json\/wp\/v2\/tags?post=56091"}],"curies":[{"name":"wp","href":"https:\/\/api.w.org\/{rel}","templated":true}]}}