{"id":56465,"date":"2021-07-02T13:30:09","date_gmt":"2021-07-02T11:30:09","guid":{"rendered":"https:\/\/mont-roig.cat\/actualitat\/noticies\/lajuntament-prepara-una-flashmob-per-les-festes-de-sant-jaume\/"},"modified":"2022-02-08T20:58:13","modified_gmt":"2022-02-08T19:58:13","slug":"un-baile-improvisado","status":"publish","type":"post","link":"https:\/\/mont-roig.cat\/es\/actualitat\/noticies\/un-baile-improvisado\/","title":{"rendered":"El Ayuntamiento prepara un baile improvisado para las fiestas de Sant Jaume"},"content":{"rendered":"<ul>\n<li><strong>Se invita a los vecinos y vecinas a bailar una coreograf\u00eda para estrenar las fiestas de Miami Platja, que se alargar\u00e1n hasta el 26 de julio<\/strong><\/li>\n<li><strong>Las personas que quieran participar en los ensayos, que tendr\u00e1n lugar los d\u00edas 7 y 14 de julio, a las 20h, en el polideportivo municipal, deber\u00e1n inscribirse en events@mont-roig.cat<\/strong><\/li>\n<\/ul>\n<p>El Ayuntamiento de Mont-roig del Camp ya est\u00e1 preparando la celebraci\u00f3n de las fiestas de Sant Jaume de Miami Platja, con una programaci\u00f3n para todos los p\u00fablicos, que tendr\u00e1 lugar del 21 al 26 de julio. En este sentido, uno de los actos que servir\u00e1 para estrenar las fiestas ser\u00e1 un baile improvisado, el mi\u00e9rcoles 21 de julio, a las 21 h (aproximadamente) en la plaza de Tarragona.<br \/>\nLa actividad busca la participaci\u00f3n de todos aquellos vecinos y vecinas que quieran bailar de forma conjunta una coreograf\u00eda en la calle. Cabe destacar que la actividad se realizar\u00e1 siguiendo las medidas de seguridad y sanitarias marcadas por las autoridades competentes en relaci\u00f3n a la Covid19.<\/p>\n<p><strong>Inscripciones abiertas para participar en los ensayos<\/strong><br \/>\nPara que todos los participantes conozcan la coreograf\u00eda se han previsto dos d\u00edas para ensayar la m\u00fasica y los pasos que se bailar\u00e1n. Los d\u00edas de ensayo son los mi\u00e9rcoles 7 y 14 de julio, a las 8 de la tarde, en el polideportivo municipal de Miami Platja.<br \/>\nQuien quiera participar es necesario que se inscriba a trav\u00e9s del correo electr\u00f3nico events@mont-roig.cat indicando nombre, apellidos y tel\u00e9fono.<br \/>\nLa coreograf\u00eda que se bailar\u00e1 es muy f\u00e1cil y b\u00e1sica, de tal manera que personas de todas las edades, podr\u00e1n sumarse a esta acci\u00f3n organizada, colectiva, que se realizar\u00e1 en un lugar p\u00fablico, durante un breve espacio de tiempo y que se ha puesto de moda en los \u00faltimos a\u00f1os.<\/p>\n","protected":false},"excerpt":{"rendered":"<p>Se invita a los vecinos y vecinas a bailar una coreograf\u00eda para estrenar las fiestas de Miami Platja, que se alargar\u00e1n hasta el 26 de julio Las personas que quieran participar en los ensayos, que tendr\u00e1n lugar los d\u00edas 7 y 14 de julio, a las 20h, en el polideportivo municipal, deber\u00e1n inscribirse en events@mont-roig.cat [&hellip;]<\/p>\n","protected":false},"author":13,"featured_media":0,"comment_status":"closed","ping_status":"closed","sticky":false,"template":"","format":"standard","meta":{"inline_featured_image":false,"_monsterinsights_skip_tracking":false,"_monsterinsights_sitenote_active":false,"_monsterinsights_sitenote_note":"","_monsterinsights_sitenote_category":0,"footnotes":""},"categories":[98,105],"tags":[],"class_list":["post-56465","post","type-post","status-publish","format-standard","hentry","category-ayuntamiento","category-fiestas"],"yoast_head":"<!-- This site is optimized with the Yoast SEO plugin v27.4 - https:\/\/yoast.com\/product\/yoast-seo-wordpress\/ -->\n<title>El Ayuntamiento prepara un baile improvisado para las fiestas de Sant Jaume - Ajuntament de Mont-roig del Camp<\/title>\n<meta name=\"robots\" content=\"index, follow, max-snippet:-1, max-image-preview:large, max-video-preview:-1\" \/>\n<link rel=\"canonical\" href=\"https:\/\/mont-roig.cat\/es\/actualitat\/noticies\/un-baile-improvisado\/\" \/>\n<meta property=\"og:locale\" content=\"es_ES\" \/>\n<meta property=\"og:type\" content=\"article\" \/>\n<meta property=\"og:title\" content=\"El Ayuntamiento prepara un baile improvisado para las fiestas de Sant Jaume - Ajuntament de Mont-roig del Camp\" \/>\n<meta property=\"og:description\" content=\"Se invita a los vecinos y vecinas a bailar una coreograf\u00eda para estrenar las fiestas de Miami Platja, que se alargar\u00e1n hasta el 26 de julio Las personas que quieran participar en los ensayos, que tendr\u00e1n lugar los d\u00edas 7 y 14 de julio, a las 20h, en el polideportivo municipal, deber\u00e1n inscribirse en events@mont-roig.cat [&hellip;]\" \/>\n<meta property=\"og:url\" content=\"https:\/\/mont-roig.cat\/es\/actualitat\/noticies\/un-baile-improvisado\/\" \/>\n<meta property=\"og:site_name\" content=\"Ajuntament de Mont-roig del Camp\" \/>\n<meta property=\"article:published_time\" content=\"2021-07-02T11:30:09+00:00\" \/>\n<meta property=\"article:modified_time\" content=\"2022-02-08T19:58:13+00:00\" \/>\n<meta property=\"og:image\" content=\"https:\/\/mont-roig.cat\/wp-content\/uploads\/aj-mont-roig-2.jpg\" \/>\n\t<meta property=\"og:image:width\" content=\"1200\" \/>\n\t<meta property=\"og:image:height\" content=\"600\" \/>\n\t<meta property=\"og:image:type\" content=\"image\/jpeg\" \/>\n<meta name=\"author\" content=\"comunicacio\" \/>\n<meta name=\"twitter:card\" content=\"summary_large_image\" \/>\n<meta name=\"twitter:label1\" content=\"Escrito por\" \/>\n\t<meta name=\"twitter:data1\" content=\"comunicacio\" \/>\n\t<meta name=\"twitter:label2\" content=\"Tiempo de lectura\" \/>\n\t<meta name=\"twitter:data2\" content=\"2 minutos\" \/>\n<script type=\"application\/ld+json\" class=\"yoast-schema-graph\">{\"@context\":\"https:\\\/\\\/schema.org\",\"@graph\":[{\"@type\":\"Article\",\"@id\":\"https:\\\/\\\/mont-roig.cat\\\/es\\\/actualitat\\\/noticies\\\/un-baile-improvisado\\\/#article\",\"isPartOf\":{\"@id\":\"https:\\\/\\\/mont-roig.cat\\\/es\\\/actualitat\\\/noticies\\\/un-baile-improvisado\\\/\"},\"author\":{\"name\":\"comunicacio\",\"@id\":\"https:\\\/\\\/mont-roig.cat\\\/es\\\/#\\\/schema\\\/person\\\/1f73e7b5e6f9dd122e8a6f14f310ac5e\"},\"headline\":\"El Ayuntamiento prepara un baile improvisado para las fiestas de Sant Jaume\",\"datePublished\":\"2021-07-02T11:30:09+00:00\",\"dateModified\":\"2022-02-08T19:58:13+00:00\",\"mainEntityOfPage\":{\"@id\":\"https:\\\/\\\/mont-roig.cat\\\/es\\\/actualitat\\\/noticies\\\/un-baile-improvisado\\\/\"},\"wordCount\":327,\"articleSection\":[\"Ayuntamiento\",\"Festes\"],\"inLanguage\":\"es\"},{\"@type\":\"WebPage\",\"@id\":\"https:\\\/\\\/mont-roig.cat\\\/es\\\/actualitat\\\/noticies\\\/un-baile-improvisado\\\/\",\"url\":\"https:\\\/\\\/mont-roig.cat\\\/es\\\/actualitat\\\/noticies\\\/un-baile-improvisado\\\/\",\"name\":\"El Ayuntamiento prepara un baile improvisado para las fiestas de Sant Jaume - Ajuntament de Mont-roig del Camp\",\"isPartOf\":{\"@id\":\"https:\\\/\\\/mont-roig.cat\\\/es\\\/#website\"},\"datePublished\":\"2021-07-02T11:30:09+00:00\",\"dateModified\":\"2022-02-08T19:58:13+00:00\",\"author\":{\"@id\":\"https:\\\/\\\/mont-roig.cat\\\/es\\\/#\\\/schema\\\/person\\\/1f73e7b5e6f9dd122e8a6f14f310ac5e\"},\"breadcrumb\":{\"@id\":\"https:\\\/\\\/mont-roig.cat\\\/es\\\/actualitat\\\/noticies\\\/un-baile-improvisado\\\/#breadcrumb\"},\"inLanguage\":\"es\",\"potentialAction\":[{\"@type\":\"ReadAction\",\"target\":[\"https:\\\/\\\/mont-roig.cat\\\/es\\\/actualitat\\\/noticies\\\/un-baile-improvisado\\\/\"]}]},{\"@type\":\"BreadcrumbList\",\"@id\":\"https:\\\/\\\/mont-roig.cat\\\/es\\\/actualitat\\\/noticies\\\/un-baile-improvisado\\\/#breadcrumb\",\"itemListElement\":[{\"@type\":\"ListItem\",\"position\":1,\"name\":\"Inici\",\"item\":\"https:\\\/\\\/mont-roig.cat\\\/es\\\/pagina-de-inicio\\\/\"},{\"@type\":\"ListItem\",\"position\":2,\"name\":\"El Ayuntamiento prepara un baile improvisado para las fiestas de Sant Jaume\"}]},{\"@type\":\"WebSite\",\"@id\":\"https:\\\/\\\/mont-roig.cat\\\/es\\\/#website\",\"url\":\"https:\\\/\\\/mont-roig.cat\\\/es\\\/\",\"name\":\"Ajuntament de Mont-roig del Camp\",\"description\":\"Tota la informaci\u00f3 sobre la instituci\u00f3, els seus \u00f2rgans de govern, actualitat, serveis i molt m\u00e9s.\",\"potentialAction\":[{\"@type\":\"SearchAction\",\"target\":{\"@type\":\"EntryPoint\",\"urlTemplate\":\"https:\\\/\\\/mont-roig.cat\\\/es\\\/?s={search_term_string}\"},\"query-input\":{\"@type\":\"PropertyValueSpecification\",\"valueRequired\":true,\"valueName\":\"search_term_string\"}}],\"inLanguage\":\"es\"},{\"@type\":\"Person\",\"@id\":\"https:\\\/\\\/mont-roig.cat\\\/es\\\/#\\\/schema\\\/person\\\/1f73e7b5e6f9dd122e8a6f14f310ac5e\",\"name\":\"comunicacio\",\"image\":{\"@type\":\"ImageObject\",\"inLanguage\":\"es\",\"@id\":\"https:\\\/\\\/secure.gravatar.com\\\/avatar\\\/98944333e7a877670a64f8d10f0cb680ab2c9ebc4efc43945ef004b52b5ad28c?s=96&d=mm&r=g\",\"url\":\"https:\\\/\\\/secure.gravatar.com\\\/avatar\\\/98944333e7a877670a64f8d10f0cb680ab2c9ebc4efc43945ef004b52b5ad28c?s=96&d=mm&r=g\",\"contentUrl\":\"https:\\\/\\\/secure.gravatar.com\\\/avatar\\\/98944333e7a877670a64f8d10f0cb680ab2c9ebc4efc43945ef004b52b5ad28c?s=96&d=mm&r=g\",\"caption\":\"comunicacio\"},\"url\":\"https:\\\/\\\/mont-roig.cat\\\/es\\\/actualitat\\\/noticies\\\/author\\\/comunicacio\\\/\"}]}<\/script>\n<!-- \/ Yoast SEO plugin. -->","yoast_head_json":{"title":"El Ayuntamiento prepara un baile improvisado para las fiestas de Sant Jaume - Ajuntament de Mont-roig del Camp","robots":{"index":"index","follow":"follow","max-snippet":"max-snippet:-1","max-image-preview":"max-image-preview:large","max-video-preview":"max-video-preview:-1"},"canonical":"https:\/\/mont-roig.cat\/es\/actualitat\/noticies\/un-baile-improvisado\/","og_locale":"es_ES","og_type":"article","og_title":"El Ayuntamiento prepara un baile improvisado para las fiestas de Sant Jaume - Ajuntament de Mont-roig del Camp","og_description":"Se invita a los vecinos y vecinas a bailar una coreograf\u00eda para estrenar las fiestas de Miami Platja, que se alargar\u00e1n hasta el 26 de julio Las personas que quieran participar en los ensayos, que tendr\u00e1n lugar los d\u00edas 7 y 14 de julio, a las 20h, en el polideportivo municipal, deber\u00e1n inscribirse en events@mont-roig.cat [&hellip;]","og_url":"https:\/\/mont-roig.cat\/es\/actualitat\/noticies\/un-baile-improvisado\/","og_site_name":"Ajuntament de Mont-roig del Camp","article_published_time":"2021-07-02T11:30:09+00:00","article_modified_time":"2022-02-08T19:58:13+00:00","og_image":[{"width":1200,"height":600,"url":"https:\/\/mont-roig.cat\/wp-content\/uploads\/aj-mont-roig-2.jpg","type":"image\/jpeg"}],"author":"comunicacio","twitter_card":"summary_large_image","twitter_misc":{"Escrito por":"comunicacio","Tiempo de lectura":"2 minutos"},"schema":{"@context":"https:\/\/schema.org","@graph":[{"@type":"Article","@id":"https:\/\/mont-roig.cat\/es\/actualitat\/noticies\/un-baile-improvisado\/#article","isPartOf":{"@id":"https:\/\/mont-roig.cat\/es\/actualitat\/noticies\/un-baile-improvisado\/"},"author":{"name":"comunicacio","@id":"https:\/\/mont-roig.cat\/es\/#\/schema\/person\/1f73e7b5e6f9dd122e8a6f14f310ac5e"},"headline":"El Ayuntamiento prepara un baile improvisado para las fiestas de Sant Jaume","datePublished":"2021-07-02T11:30:09+00:00","dateModified":"2022-02-08T19:58:13+00:00","mainEntityOfPage":{"@id":"https:\/\/mont-roig.cat\/es\/actualitat\/noticies\/un-baile-improvisado\/"},"wordCount":327,"articleSection":["Ayuntamiento","Festes"],"inLanguage":"es"},{"@type":"WebPage","@id":"https:\/\/mont-roig.cat\/es\/actualitat\/noticies\/un-baile-improvisado\/","url":"https:\/\/mont-roig.cat\/es\/actualitat\/noticies\/un-baile-improvisado\/","name":"El Ayuntamiento prepara un baile improvisado para las fiestas de Sant Jaume - Ajuntament de Mont-roig del Camp","isPartOf":{"@id":"https:\/\/mont-roig.cat\/es\/#website"},"datePublished":"2021-07-02T11:30:09+00:00","dateModified":"2022-02-08T19:58:13+00:00","author":{"@id":"https:\/\/mont-roig.cat\/es\/#\/schema\/person\/1f73e7b5e6f9dd122e8a6f14f310ac5e"},"breadcrumb":{"@id":"https:\/\/mont-roig.cat\/es\/actualitat\/noticies\/un-baile-improvisado\/#breadcrumb"},"inLanguage":"es","potentialAction":[{"@type":"ReadAction","target":["https:\/\/mont-roig.cat\/es\/actualitat\/noticies\/un-baile-improvisado\/"]}]},{"@type":"BreadcrumbList","@id":"https:\/\/mont-roig.cat\/es\/actualitat\/noticies\/un-baile-improvisado\/#breadcrumb","itemListElement":[{"@type":"ListItem","position":1,"name":"Inici","item":"https:\/\/mont-roig.cat\/es\/pagina-de-inicio\/"},{"@type":"ListItem","position":2,"name":"El Ayuntamiento prepara un baile improvisado para las fiestas de Sant Jaume"}]},{"@type":"WebSite","@id":"https:\/\/mont-roig.cat\/es\/#website","url":"https:\/\/mont-roig.cat\/es\/","name":"Ajuntament de Mont-roig del Camp","description":"Tota la informaci\u00f3 sobre la instituci\u00f3, els seus \u00f2rgans de govern, actualitat, serveis i molt m\u00e9s.","potentialAction":[{"@type":"SearchAction","target":{"@type":"EntryPoint","urlTemplate":"https:\/\/mont-roig.cat\/es\/?s={search_term_string}"},"query-input":{"@type":"PropertyValueSpecification","valueRequired":true,"valueName":"search_term_string"}}],"inLanguage":"es"},{"@type":"Person","@id":"https:\/\/mont-roig.cat\/es\/#\/schema\/person\/1f73e7b5e6f9dd122e8a6f14f310ac5e","name":"comunicacio","image":{"@type":"ImageObject","inLanguage":"es","@id":"https:\/\/secure.gravatar.com\/avatar\/98944333e7a877670a64f8d10f0cb680ab2c9ebc4efc43945ef004b52b5ad28c?s=96&d=mm&r=g","url":"https:\/\/secure.gravatar.com\/avatar\/98944333e7a877670a64f8d10f0cb680ab2c9ebc4efc43945ef004b52b5ad28c?s=96&d=mm&r=g","contentUrl":"https:\/\/secure.gravatar.com\/avatar\/98944333e7a877670a64f8d10f0cb680ab2c9ebc4efc43945ef004b52b5ad28c?s=96&d=mm&r=g","caption":"comunicacio"},"url":"https:\/\/mont-roig.cat\/es\/actualitat\/noticies\/author\/comunicacio\/"}]}},"_links":{"self":[{"href":"https:\/\/mont-roig.cat\/es\/wp-json\/wp\/v2\/posts\/56465","targetHints":{"allow":["GET"]}}],"collection":[{"href":"https:\/\/mont-roig.cat\/es\/wp-json\/wp\/v2\/posts"}],"about":[{"href":"https:\/\/mont-roig.cat\/es\/wp-json\/wp\/v2\/types\/post"}],"author":[{"embeddable":true,"href":"https:\/\/mont-roig.cat\/es\/wp-json\/wp\/v2\/users\/13"}],"replies":[{"embeddable":true,"href":"https:\/\/mont-roig.cat\/es\/wp-json\/wp\/v2\/comments?post=56465"}],"version-history":[{"count":4,"href":"https:\/\/mont-roig.cat\/es\/wp-json\/wp\/v2\/posts\/56465\/revisions"}],"predecessor-version":[{"id":60541,"href":"https:\/\/mont-roig.cat\/es\/wp-json\/wp\/v2\/posts\/56465\/revisions\/60541"}],"wp:attachment":[{"href":"https:\/\/mont-roig.cat\/es\/wp-json\/wp\/v2\/media?parent=56465"}],"wp:term":[{"taxonomy":"category","embeddable":true,"href":"https:\/\/mont-roig.cat\/es\/wp-json\/wp\/v2\/categories?post=56465"},{"taxonomy":"post_tag","embeddable":true,"href":"https:\/\/mont-roig.cat\/es\/wp-json\/wp\/v2\/tags?post=56465"}],"curies":[{"name":"wp","href":"https:\/\/api.w.org\/{rel}","templated":true}]}}