{"id":56671,"date":"2021-07-15T10:22:05","date_gmt":"2021-07-15T08:22:05","guid":{"rendered":"https:\/\/mont-roig.cat\/actualitat\/noticies\/el-ple-de-lajuntament-aprova-una-nova-linia-dajuts-per-a-ladquisicio-de-material-escolar\/"},"modified":"2021-07-15T10:31:45","modified_gmt":"2021-07-15T08:31:45","slug":"el-pleno-del-ayuntamiento-aprueba-una-nueva-linea-de-ayudas-para-la-adquisicion-de-material-escolar","status":"publish","type":"post","link":"https:\/\/mont-roig.cat\/es\/actualitat\/noticies\/el-pleno-del-ayuntamiento-aprueba-una-nueva-linea-de-ayudas-para-la-adquisicion-de-material-escolar\/","title":{"rendered":"El Pleno del Ayuntamiento aprueba una nueva l\u00ednea de ayudas para la adquisici\u00f3n de material escolar"},"content":{"rendered":"<div id=\"attachment_56665\" style=\"width: 310px\" class=\"wp-caption alignright\"><a href=\"https:\/\/mont-roig.cat\/wp-content\/uploads\/Ple-Ajuntament_14_07_2021__.jpg\"><img loading=\"lazy\" decoding=\"async\" aria-describedby=\"caption-attachment-56665\" class=\"wp-image-56665\" src=\"https:\/\/mont-roig.cat\/wp-content\/uploads\/Ple-Ajuntament_14_07_2021__-500x278.jpg\" alt=\"\" width=\"300\" height=\"167\" srcset=\"https:\/\/mont-roig.cat\/wp-content\/uploads\/Ple-Ajuntament_14_07_2021__-500x278.jpg 500w, https:\/\/mont-roig.cat\/wp-content\/uploads\/Ple-Ajuntament_14_07_2021__-1024x570.jpg 1024w, https:\/\/mont-roig.cat\/wp-content\/uploads\/Ple-Ajuntament_14_07_2021__-768x428.jpg 768w, https:\/\/mont-roig.cat\/wp-content\/uploads\/Ple-Ajuntament_14_07_2021__-1536x855.jpg 1536w, https:\/\/mont-roig.cat\/wp-content\/uploads\/Ple-Ajuntament_14_07_2021__.jpg 2015w\" sizes=\"auto, (max-width: 300px) 100vw, 300px\" \/><\/a><p id=\"caption-attachment-56665\" class=\"wp-caption-text\">Pleno ordinario celebrado el 14 de julio de 2021<\/p><\/div>\n<ul>\n<li><strong>La nueva subvenci\u00f3n da cumplimiento a una de las acciones del Pacto de Municipio para la Recuperaci\u00f3n Econ\u00f3mica y Social y se podr\u00e1n beneficiar las familias con ni\u00f1os y ni\u00f1as que cursen estudios de primaria o secundaria en los centros educativos del municipio<\/strong><\/li>\n<li><strong>El plenario tambi\u00e9n ha aprobado los d\u00edas festivos locales para el a\u00f1o 2022 y una moci\u00f3n presentada por el grupo ERC-MES para regular el precio del alquiler<\/strong><\/li>\n<\/ul>\n<p>El Pleno del Ayuntamiento de Mont-roig del Camp, celebrado este mi\u00e9rcoles al mediod\u00eda en la Sala de Plenos de la Casa de Cultura Agust\u00ed Sard\u00e0, ha aprobado por unanimidad una nueva l\u00ednea de subvenciones en el \u00e1mbito de la educaci\u00f3n. El objetivo es ayudar a las familias de Mont-roig del Camp con hijos que cursen primaria o secundaria en los centros educativos del municipio en la adquisici\u00f3n de material escolar.<\/p>\n<p>El plenario ha aprobado las bases de las ayudas y las pr\u00f3ximas semanas se publicar\u00e1 la convocatoria donde se detallar\u00e1n los requisitos, baremos, importes y otra informaci\u00f3n necesaria para acogerse a las subvenciones.<\/p>\n<p>Esta nueva l\u00ednea de ayudas da cumplimiento a la acci\u00f3n 19 del Pacto de Municipio para la Recuperaci\u00f3n Social y Econ\u00f3mica, aprobado a ra\u00edz del estallido de la pandemia del Covid19 y a trav\u00e9s del cual se quiere dar apoyo a las nuevas necesidades de los vecinos y vecinas.<\/p>\n<p><strong>Festivos locales<\/strong><\/p>\n<p>Por otra parte, el Pleno ha aprobado tambi\u00e9n los festivos locales para el a\u00f1o 2022, se trata de los dos festivos de Mont-roig y los 2 festivos de Miami Platja. En este sentido, en Mont-roig corresponde el jueves 8 de septiembre (Mare de D\u00e9u de la Roca) y el 29 de septiembre (Sant Miquel) y en Miami Platja el lunes 21 de marzo (Sant Josep que es el 19 de marzo y cae en s\u00e1bado) y el lunes 25 de julio (Sant Jaume).<\/p>\n<p>Finalmente el plenario tambi\u00e9n ha aprobado la moci\u00f3n presentada por el grupo municipal de ERC-MES para promover la regulaci\u00f3n de los precios del alquiler en el municipio a partir de la declaraci\u00f3n de <em>\u00c0rea amb mercat d\u2019habitatge tens<\/em>, de acuerdo con la ley 11 \/ 2020 de medidas urgentes en materia de contenci\u00f3n de rentas en los contratos de arrendamiento de viviendas. Esta ley, busca limitar los precios de los alquileres en Catalu\u00f1a y permite regularlos en las zonas donde est\u00e1n especialmente disparados. La ley fija topes al alquiler en los municipios donde m\u00e1s dificultades hay para acceder a la vivienda por oferta-demanda. Son las llamadas zonas de vivienda tensa.<\/p>\n<p>En este sentido, los servicios t\u00e9cnicos del Ayuntamiento de Mont-roig del Camp han verificado que los precios del alquiler son un 30% superiores a la renta media del municipio, uno de los supuestos para poder solicitar esta declaraci\u00f3n que otorga la Generalitat y que tiene una duraci\u00f3n m\u00e1xima de cinco a\u00f1os, revisable. En base a este punto, el plenario ha acordado solicitar esta declaraci\u00f3n y que el municipio se incluya en este \u00edndice de contenci\u00f3n de precios de alquiler.<\/p>\n<p><a href=\"https:\/\/www.youtube.com\/watch?v=jlwUJPECZL4\" target=\"_blank\" rel=\"noopener\">La sesi\u00f3n plenaria \u00edntegra se puede visualizar en el Canal Youtube del Ayuntamiento.<\/a><\/p>\n","protected":false},"excerpt":{"rendered":"<p>La nueva subvenci\u00f3n da cumplimiento a una de las acciones del Pacto de Municipio para la Recuperaci\u00f3n Econ\u00f3mica y Social y se podr\u00e1n beneficiar las familias con ni\u00f1os y ni\u00f1as que cursen estudios de primaria o secundaria en los centros educativos del municipio El plenario tambi\u00e9n ha aprobado los d\u00edas festivos locales para el a\u00f1o [&hellip;]<\/p>\n","protected":false},"author":4,"featured_media":56666,"comment_status":"closed","ping_status":"closed","sticky":false,"template":"","format":"standard","meta":{"inline_featured_image":false,"_monsterinsights_skip_tracking":false,"_monsterinsights_sitenote_active":false,"_monsterinsights_sitenote_note":"","_monsterinsights_sitenote_category":0,"footnotes":""},"categories":[98,103],"tags":[],"class_list":["post-56671","post","type-post","status-publish","format-standard","has-post-thumbnail","hentry","category-ayuntamiento","category-educacion"],"yoast_head":"<!-- This site is optimized with the Yoast SEO plugin v27.4 - https:\/\/yoast.com\/product\/yoast-seo-wordpress\/ -->\n<title>El Pleno del Ayuntamiento aprueba una nueva l\u00ednea de ayudas para la adquisici\u00f3n de material escolar - Ajuntament de Mont-roig del Camp<\/title>\n<meta name=\"robots\" content=\"index, follow, max-snippet:-1, max-image-preview:large, max-video-preview:-1\" \/>\n<link rel=\"canonical\" href=\"https:\/\/mont-roig.cat\/es\/actualitat\/noticies\/el-pleno-del-ayuntamiento-aprueba-una-nueva-linea-de-ayudas-para-la-adquisicion-de-material-escolar\/\" \/>\n<meta property=\"og:locale\" content=\"es_ES\" \/>\n<meta property=\"og:type\" content=\"article\" \/>\n<meta property=\"og:title\" content=\"El Pleno del Ayuntamiento aprueba una nueva l\u00ednea de ayudas para la adquisici\u00f3n de material escolar - Ajuntament de Mont-roig del Camp\" \/>\n<meta property=\"og:description\" content=\"La nueva subvenci\u00f3n da cumplimiento a una de las acciones del Pacto de Municipio para la Recuperaci\u00f3n Econ\u00f3mica y Social y se podr\u00e1n beneficiar las familias con ni\u00f1os y ni\u00f1as que cursen estudios de primaria o secundaria en los centros educativos del municipio El plenario tambi\u00e9n ha aprobado los d\u00edas festivos locales para el a\u00f1o [&hellip;]\" \/>\n<meta property=\"og:url\" content=\"https:\/\/mont-roig.cat\/es\/actualitat\/noticies\/el-pleno-del-ayuntamiento-aprueba-una-nueva-linea-de-ayudas-para-la-adquisicion-de-material-escolar\/\" \/>\n<meta property=\"og:site_name\" content=\"Ajuntament de Mont-roig del Camp\" \/>\n<meta property=\"article:published_time\" content=\"2021-07-15T08:22:05+00:00\" \/>\n<meta property=\"article:modified_time\" content=\"2021-07-15T08:31:45+00:00\" \/>\n<meta property=\"og:image\" content=\"https:\/\/mont-roig.cat\/wp-content\/uploads\/Ple-Ajuntament_14_07_2021__.jpg\" \/>\n\t<meta property=\"og:image:width\" content=\"2015\" \/>\n\t<meta property=\"og:image:height\" content=\"1122\" \/>\n\t<meta property=\"og:image:type\" content=\"image\/jpeg\" \/>\n<meta name=\"author\" content=\"administrador\" \/>\n<meta name=\"twitter:card\" content=\"summary_large_image\" \/>\n<meta name=\"twitter:label1\" content=\"Escrito por\" \/>\n\t<meta name=\"twitter:data1\" content=\"administrador\" \/>\n\t<meta name=\"twitter:label2\" content=\"Tiempo de lectura\" \/>\n\t<meta name=\"twitter:data2\" content=\"3 minutos\" \/>\n<script type=\"application\/ld+json\" class=\"yoast-schema-graph\">{\"@context\":\"https:\\\/\\\/schema.org\",\"@graph\":[{\"@type\":\"Article\",\"@id\":\"https:\\\/\\\/mont-roig.cat\\\/es\\\/actualitat\\\/noticies\\\/el-pleno-del-ayuntamiento-aprueba-una-nueva-linea-de-ayudas-para-la-adquisicion-de-material-escolar\\\/#article\",\"isPartOf\":{\"@id\":\"https:\\\/\\\/mont-roig.cat\\\/es\\\/actualitat\\\/noticies\\\/el-pleno-del-ayuntamiento-aprueba-una-nueva-linea-de-ayudas-para-la-adquisicion-de-material-escolar\\\/\"},\"author\":{\"name\":\"administrador\",\"@id\":\"https:\\\/\\\/mont-roig.cat\\\/es\\\/#\\\/schema\\\/person\\\/f2b111789f22b7d0c3bd6786c9128cba\"},\"headline\":\"El Pleno del Ayuntamiento aprueba una nueva l\u00ednea de ayudas para la adquisici\u00f3n de material escolar\",\"datePublished\":\"2021-07-15T08:22:05+00:00\",\"dateModified\":\"2021-07-15T08:31:45+00:00\",\"mainEntityOfPage\":{\"@id\":\"https:\\\/\\\/mont-roig.cat\\\/es\\\/actualitat\\\/noticies\\\/el-pleno-del-ayuntamiento-aprueba-una-nueva-linea-de-ayudas-para-la-adquisicion-de-material-escolar\\\/\"},\"wordCount\":573,\"image\":{\"@id\":\"https:\\\/\\\/mont-roig.cat\\\/es\\\/actualitat\\\/noticies\\\/el-pleno-del-ayuntamiento-aprueba-una-nueva-linea-de-ayudas-para-la-adquisicion-de-material-escolar\\\/#primaryimage\"},\"thumbnailUrl\":\"https:\\\/\\\/mont-roig.cat\\\/wp-content\\\/uploads\\\/Ple-Ajuntament_14_07_2021__.jpg\",\"articleSection\":[\"Ayuntamiento\",\"Educaci\u00f3n\"],\"inLanguage\":\"es\"},{\"@type\":\"WebPage\",\"@id\":\"https:\\\/\\\/mont-roig.cat\\\/es\\\/actualitat\\\/noticies\\\/el-pleno-del-ayuntamiento-aprueba-una-nueva-linea-de-ayudas-para-la-adquisicion-de-material-escolar\\\/\",\"url\":\"https:\\\/\\\/mont-roig.cat\\\/es\\\/actualitat\\\/noticies\\\/el-pleno-del-ayuntamiento-aprueba-una-nueva-linea-de-ayudas-para-la-adquisicion-de-material-escolar\\\/\",\"name\":\"El Pleno del Ayuntamiento aprueba una nueva l\u00ednea de ayudas para la adquisici\u00f3n de material escolar - Ajuntament de Mont-roig del Camp\",\"isPartOf\":{\"@id\":\"https:\\\/\\\/mont-roig.cat\\\/es\\\/#website\"},\"primaryImageOfPage\":{\"@id\":\"https:\\\/\\\/mont-roig.cat\\\/es\\\/actualitat\\\/noticies\\\/el-pleno-del-ayuntamiento-aprueba-una-nueva-linea-de-ayudas-para-la-adquisicion-de-material-escolar\\\/#primaryimage\"},\"image\":{\"@id\":\"https:\\\/\\\/mont-roig.cat\\\/es\\\/actualitat\\\/noticies\\\/el-pleno-del-ayuntamiento-aprueba-una-nueva-linea-de-ayudas-para-la-adquisicion-de-material-escolar\\\/#primaryimage\"},\"thumbnailUrl\":\"https:\\\/\\\/mont-roig.cat\\\/wp-content\\\/uploads\\\/Ple-Ajuntament_14_07_2021__.jpg\",\"datePublished\":\"2021-07-15T08:22:05+00:00\",\"dateModified\":\"2021-07-15T08:31:45+00:00\",\"author\":{\"@id\":\"https:\\\/\\\/mont-roig.cat\\\/es\\\/#\\\/schema\\\/person\\\/f2b111789f22b7d0c3bd6786c9128cba\"},\"breadcrumb\":{\"@id\":\"https:\\\/\\\/mont-roig.cat\\\/es\\\/actualitat\\\/noticies\\\/el-pleno-del-ayuntamiento-aprueba-una-nueva-linea-de-ayudas-para-la-adquisicion-de-material-escolar\\\/#breadcrumb\"},\"inLanguage\":\"es\",\"potentialAction\":[{\"@type\":\"ReadAction\",\"target\":[\"https:\\\/\\\/mont-roig.cat\\\/es\\\/actualitat\\\/noticies\\\/el-pleno-del-ayuntamiento-aprueba-una-nueva-linea-de-ayudas-para-la-adquisicion-de-material-escolar\\\/\"]}]},{\"@type\":\"ImageObject\",\"inLanguage\":\"es\",\"@id\":\"https:\\\/\\\/mont-roig.cat\\\/es\\\/actualitat\\\/noticies\\\/el-pleno-del-ayuntamiento-aprueba-una-nueva-linea-de-ayudas-para-la-adquisicion-de-material-escolar\\\/#primaryimage\",\"url\":\"https:\\\/\\\/mont-roig.cat\\\/wp-content\\\/uploads\\\/Ple-Ajuntament_14_07_2021__.jpg\",\"contentUrl\":\"https:\\\/\\\/mont-roig.cat\\\/wp-content\\\/uploads\\\/Ple-Ajuntament_14_07_2021__.jpg\",\"width\":2015,\"height\":1122},{\"@type\":\"BreadcrumbList\",\"@id\":\"https:\\\/\\\/mont-roig.cat\\\/es\\\/actualitat\\\/noticies\\\/el-pleno-del-ayuntamiento-aprueba-una-nueva-linea-de-ayudas-para-la-adquisicion-de-material-escolar\\\/#breadcrumb\",\"itemListElement\":[{\"@type\":\"ListItem\",\"position\":1,\"name\":\"Inici\",\"item\":\"https:\\\/\\\/mont-roig.cat\\\/es\\\/pagina-de-inicio\\\/\"},{\"@type\":\"ListItem\",\"position\":2,\"name\":\"El Pleno del Ayuntamiento aprueba una nueva l\u00ednea de ayudas para la adquisici\u00f3n de material escolar\"}]},{\"@type\":\"WebSite\",\"@id\":\"https:\\\/\\\/mont-roig.cat\\\/es\\\/#website\",\"url\":\"https:\\\/\\\/mont-roig.cat\\\/es\\\/\",\"name\":\"Ajuntament de Mont-roig del Camp\",\"description\":\"Tota la informaci\u00f3 sobre la instituci\u00f3, els seus \u00f2rgans de govern, actualitat, serveis i molt m\u00e9s.\",\"potentialAction\":[{\"@type\":\"SearchAction\",\"target\":{\"@type\":\"EntryPoint\",\"urlTemplate\":\"https:\\\/\\\/mont-roig.cat\\\/es\\\/?s={search_term_string}\"},\"query-input\":{\"@type\":\"PropertyValueSpecification\",\"valueRequired\":true,\"valueName\":\"search_term_string\"}}],\"inLanguage\":\"es\"},{\"@type\":\"Person\",\"@id\":\"https:\\\/\\\/mont-roig.cat\\\/es\\\/#\\\/schema\\\/person\\\/f2b111789f22b7d0c3bd6786c9128cba\",\"name\":\"administrador\",\"image\":{\"@type\":\"ImageObject\",\"inLanguage\":\"es\",\"@id\":\"https:\\\/\\\/secure.gravatar.com\\\/avatar\\\/9137aac6891e2595c9d3036fd83bcb653b4db3c946db4c7d9b9be193c3c944bb?s=96&d=mm&r=g\",\"url\":\"https:\\\/\\\/secure.gravatar.com\\\/avatar\\\/9137aac6891e2595c9d3036fd83bcb653b4db3c946db4c7d9b9be193c3c944bb?s=96&d=mm&r=g\",\"contentUrl\":\"https:\\\/\\\/secure.gravatar.com\\\/avatar\\\/9137aac6891e2595c9d3036fd83bcb653b4db3c946db4c7d9b9be193c3c944bb?s=96&d=mm&r=g\",\"caption\":\"administrador\"},\"url\":\"https:\\\/\\\/mont-roig.cat\\\/es\\\/actualitat\\\/noticies\\\/author\\\/administrador\\\/\"}]}<\/script>\n<!-- \/ Yoast SEO plugin. -->","yoast_head_json":{"title":"El Pleno del Ayuntamiento aprueba una nueva l\u00ednea de ayudas para la adquisici\u00f3n de material escolar - Ajuntament de Mont-roig del Camp","robots":{"index":"index","follow":"follow","max-snippet":"max-snippet:-1","max-image-preview":"max-image-preview:large","max-video-preview":"max-video-preview:-1"},"canonical":"https:\/\/mont-roig.cat\/es\/actualitat\/noticies\/el-pleno-del-ayuntamiento-aprueba-una-nueva-linea-de-ayudas-para-la-adquisicion-de-material-escolar\/","og_locale":"es_ES","og_type":"article","og_title":"El Pleno del Ayuntamiento aprueba una nueva l\u00ednea de ayudas para la adquisici\u00f3n de material escolar - Ajuntament de Mont-roig del Camp","og_description":"La nueva subvenci\u00f3n da cumplimiento a una de las acciones del Pacto de Municipio para la Recuperaci\u00f3n Econ\u00f3mica y Social y se podr\u00e1n beneficiar las familias con ni\u00f1os y ni\u00f1as que cursen estudios de primaria o secundaria en los centros educativos del municipio El plenario tambi\u00e9n ha aprobado los d\u00edas festivos locales para el a\u00f1o [&hellip;]","og_url":"https:\/\/mont-roig.cat\/es\/actualitat\/noticies\/el-pleno-del-ayuntamiento-aprueba-una-nueva-linea-de-ayudas-para-la-adquisicion-de-material-escolar\/","og_site_name":"Ajuntament de Mont-roig del Camp","article_published_time":"2021-07-15T08:22:05+00:00","article_modified_time":"2021-07-15T08:31:45+00:00","og_image":[{"width":2015,"height":1122,"url":"https:\/\/mont-roig.cat\/wp-content\/uploads\/Ple-Ajuntament_14_07_2021__.jpg","type":"image\/jpeg"}],"author":"administrador","twitter_card":"summary_large_image","twitter_misc":{"Escrito por":"administrador","Tiempo de lectura":"3 minutos"},"schema":{"@context":"https:\/\/schema.org","@graph":[{"@type":"Article","@id":"https:\/\/mont-roig.cat\/es\/actualitat\/noticies\/el-pleno-del-ayuntamiento-aprueba-una-nueva-linea-de-ayudas-para-la-adquisicion-de-material-escolar\/#article","isPartOf":{"@id":"https:\/\/mont-roig.cat\/es\/actualitat\/noticies\/el-pleno-del-ayuntamiento-aprueba-una-nueva-linea-de-ayudas-para-la-adquisicion-de-material-escolar\/"},"author":{"name":"administrador","@id":"https:\/\/mont-roig.cat\/es\/#\/schema\/person\/f2b111789f22b7d0c3bd6786c9128cba"},"headline":"El Pleno del Ayuntamiento aprueba una nueva l\u00ednea de ayudas para la adquisici\u00f3n de material escolar","datePublished":"2021-07-15T08:22:05+00:00","dateModified":"2021-07-15T08:31:45+00:00","mainEntityOfPage":{"@id":"https:\/\/mont-roig.cat\/es\/actualitat\/noticies\/el-pleno-del-ayuntamiento-aprueba-una-nueva-linea-de-ayudas-para-la-adquisicion-de-material-escolar\/"},"wordCount":573,"image":{"@id":"https:\/\/mont-roig.cat\/es\/actualitat\/noticies\/el-pleno-del-ayuntamiento-aprueba-una-nueva-linea-de-ayudas-para-la-adquisicion-de-material-escolar\/#primaryimage"},"thumbnailUrl":"https:\/\/mont-roig.cat\/wp-content\/uploads\/Ple-Ajuntament_14_07_2021__.jpg","articleSection":["Ayuntamiento","Educaci\u00f3n"],"inLanguage":"es"},{"@type":"WebPage","@id":"https:\/\/mont-roig.cat\/es\/actualitat\/noticies\/el-pleno-del-ayuntamiento-aprueba-una-nueva-linea-de-ayudas-para-la-adquisicion-de-material-escolar\/","url":"https:\/\/mont-roig.cat\/es\/actualitat\/noticies\/el-pleno-del-ayuntamiento-aprueba-una-nueva-linea-de-ayudas-para-la-adquisicion-de-material-escolar\/","name":"El Pleno del Ayuntamiento aprueba una nueva l\u00ednea de ayudas para la adquisici\u00f3n de material escolar - Ajuntament de Mont-roig del Camp","isPartOf":{"@id":"https:\/\/mont-roig.cat\/es\/#website"},"primaryImageOfPage":{"@id":"https:\/\/mont-roig.cat\/es\/actualitat\/noticies\/el-pleno-del-ayuntamiento-aprueba-una-nueva-linea-de-ayudas-para-la-adquisicion-de-material-escolar\/#primaryimage"},"image":{"@id":"https:\/\/mont-roig.cat\/es\/actualitat\/noticies\/el-pleno-del-ayuntamiento-aprueba-una-nueva-linea-de-ayudas-para-la-adquisicion-de-material-escolar\/#primaryimage"},"thumbnailUrl":"https:\/\/mont-roig.cat\/wp-content\/uploads\/Ple-Ajuntament_14_07_2021__.jpg","datePublished":"2021-07-15T08:22:05+00:00","dateModified":"2021-07-15T08:31:45+00:00","author":{"@id":"https:\/\/mont-roig.cat\/es\/#\/schema\/person\/f2b111789f22b7d0c3bd6786c9128cba"},"breadcrumb":{"@id":"https:\/\/mont-roig.cat\/es\/actualitat\/noticies\/el-pleno-del-ayuntamiento-aprueba-una-nueva-linea-de-ayudas-para-la-adquisicion-de-material-escolar\/#breadcrumb"},"inLanguage":"es","potentialAction":[{"@type":"ReadAction","target":["https:\/\/mont-roig.cat\/es\/actualitat\/noticies\/el-pleno-del-ayuntamiento-aprueba-una-nueva-linea-de-ayudas-para-la-adquisicion-de-material-escolar\/"]}]},{"@type":"ImageObject","inLanguage":"es","@id":"https:\/\/mont-roig.cat\/es\/actualitat\/noticies\/el-pleno-del-ayuntamiento-aprueba-una-nueva-linea-de-ayudas-para-la-adquisicion-de-material-escolar\/#primaryimage","url":"https:\/\/mont-roig.cat\/wp-content\/uploads\/Ple-Ajuntament_14_07_2021__.jpg","contentUrl":"https:\/\/mont-roig.cat\/wp-content\/uploads\/Ple-Ajuntament_14_07_2021__.jpg","width":2015,"height":1122},{"@type":"BreadcrumbList","@id":"https:\/\/mont-roig.cat\/es\/actualitat\/noticies\/el-pleno-del-ayuntamiento-aprueba-una-nueva-linea-de-ayudas-para-la-adquisicion-de-material-escolar\/#breadcrumb","itemListElement":[{"@type":"ListItem","position":1,"name":"Inici","item":"https:\/\/mont-roig.cat\/es\/pagina-de-inicio\/"},{"@type":"ListItem","position":2,"name":"El Pleno del Ayuntamiento aprueba una nueva l\u00ednea de ayudas para la adquisici\u00f3n de material escolar"}]},{"@type":"WebSite","@id":"https:\/\/mont-roig.cat\/es\/#website","url":"https:\/\/mont-roig.cat\/es\/","name":"Ajuntament de Mont-roig del Camp","description":"Tota la informaci\u00f3 sobre la instituci\u00f3, els seus \u00f2rgans de govern, actualitat, serveis i molt m\u00e9s.","potentialAction":[{"@type":"SearchAction","target":{"@type":"EntryPoint","urlTemplate":"https:\/\/mont-roig.cat\/es\/?s={search_term_string}"},"query-input":{"@type":"PropertyValueSpecification","valueRequired":true,"valueName":"search_term_string"}}],"inLanguage":"es"},{"@type":"Person","@id":"https:\/\/mont-roig.cat\/es\/#\/schema\/person\/f2b111789f22b7d0c3bd6786c9128cba","name":"administrador","image":{"@type":"ImageObject","inLanguage":"es","@id":"https:\/\/secure.gravatar.com\/avatar\/9137aac6891e2595c9d3036fd83bcb653b4db3c946db4c7d9b9be193c3c944bb?s=96&d=mm&r=g","url":"https:\/\/secure.gravatar.com\/avatar\/9137aac6891e2595c9d3036fd83bcb653b4db3c946db4c7d9b9be193c3c944bb?s=96&d=mm&r=g","contentUrl":"https:\/\/secure.gravatar.com\/avatar\/9137aac6891e2595c9d3036fd83bcb653b4db3c946db4c7d9b9be193c3c944bb?s=96&d=mm&r=g","caption":"administrador"},"url":"https:\/\/mont-roig.cat\/es\/actualitat\/noticies\/author\/administrador\/"}]}},"_links":{"self":[{"href":"https:\/\/mont-roig.cat\/es\/wp-json\/wp\/v2\/posts\/56671","targetHints":{"allow":["GET"]}}],"collection":[{"href":"https:\/\/mont-roig.cat\/es\/wp-json\/wp\/v2\/posts"}],"about":[{"href":"https:\/\/mont-roig.cat\/es\/wp-json\/wp\/v2\/types\/post"}],"author":[{"embeddable":true,"href":"https:\/\/mont-roig.cat\/es\/wp-json\/wp\/v2\/users\/4"}],"replies":[{"embeddable":true,"href":"https:\/\/mont-roig.cat\/es\/wp-json\/wp\/v2\/comments?post=56671"}],"version-history":[{"count":2,"href":"https:\/\/mont-roig.cat\/es\/wp-json\/wp\/v2\/posts\/56671\/revisions"}],"predecessor-version":[{"id":56673,"href":"https:\/\/mont-roig.cat\/es\/wp-json\/wp\/v2\/posts\/56671\/revisions\/56673"}],"wp:featuredmedia":[{"embeddable":true,"href":"https:\/\/mont-roig.cat\/es\/wp-json\/wp\/v2\/media\/56666"}],"wp:attachment":[{"href":"https:\/\/mont-roig.cat\/es\/wp-json\/wp\/v2\/media?parent=56671"}],"wp:term":[{"taxonomy":"category","embeddable":true,"href":"https:\/\/mont-roig.cat\/es\/wp-json\/wp\/v2\/categories?post=56671"},{"taxonomy":"post_tag","embeddable":true,"href":"https:\/\/mont-roig.cat\/es\/wp-json\/wp\/v2\/tags?post=56671"}],"curies":[{"name":"wp","href":"https:\/\/api.w.org\/{rel}","templated":true}]}}