{"id":56684,"date":"2021-07-15T13:14:22","date_gmt":"2021-07-15T11:14:22","guid":{"rendered":"https:\/\/mont-roig.cat\/?p=56684"},"modified":"2021-07-15T13:14:22","modified_gmt":"2021-07-15T11:14:22","slug":"el-ayuntamiento-de-mont-roig-del-camp-solicita-a-la-generalitat-el-toque-de-queda","status":"publish","type":"post","link":"https:\/\/mont-roig.cat\/es\/actualitat\/noticies\/el-ayuntamiento-de-mont-roig-del-camp-solicita-a-la-generalitat-el-toque-de-queda\/","title":{"rendered":"El Ayuntamiento de Mont-roig del Camp solicita a la Generalitat el toque de queda"},"content":{"rendered":"<ul>\n<li><strong>El municipio ha quedado excluido de la propuesta a pesar de estar rodeado de localidades con alta incidencia y tener una trama urbana continuada con una de ellas<\/strong><\/li>\n<li><strong>El consistorio est\u00e1 preocupado por las consecuencias y la imposibilidad de controlar posibles aglomeraciones especialmente en las playas, en un momento, adem\u00e1s, en que la poblaci\u00f3n estacional sube a las m\u00e1s de 50.000 personas<\/strong>\n<p>&nbsp;<\/li>\n<\/ul>\n<p>El Ayuntamiento de Mont-roig del Camp solicitar\u00e1 a la Generalitat que incluya Mont-roig del Camp a la propuesta de municipios de Catalu\u00f1a que quedar\u00edan afectados por el toque de queda nocturno de 1.00 a 6.00 h. La petici\u00f3n se har\u00e1 este jueves tras conocer la propuesta del Govern de la Generalitat, pendiente del aval del Tribunal Superior de Justicia de Catalu\u00f1a, de aplicar la restricci\u00f3n horaria a 158 municipios catalanes donde hay una incidencia m\u00e1s alta del virus. En esta propuesta, Mont-roig del Camp ha quedado excluido a pesar de estar rodeado de dos municipios con alta incidencia y donde s\u00ed se aplicar\u00eda el toque de queda como es Cambrils y Vandell\u00f2s i l&#8217;Hospitalet de l&#8217;Infant, en este caso con trama urbana continuada con Miami Platja.<\/p>\n<p>En este sentido, el consistorio se muestra preocupado ante la imposibilidad de controlar las posibles aglomeraciones en las playas del municipio, recordemos que se trata de uno de los municipios de Catalu\u00f1a con m\u00e1s kil\u00f3metros de playas (hasta 12 km), as\u00ed como las consecuencias que este hecho podr\u00eda conllevar entre la poblaci\u00f3n. En esta \u00e9poca del a\u00f1o, la poblaci\u00f3n pasa de los m\u00e1s de 12.000 habitantes habituales a una poblaci\u00f3n estacional de m\u00e1s de 50.000 personas aproximadamente.<\/p>\n<p><strong>Riesgo de brote muy alto<\/strong><\/p>\n<p>En cuanto a los datos, el \u00edndice de riesgo de brote es de 1300.56, considerado muy alto, mientras que la tasa de reproducci\u00f3n de la epidemia ponderada es de 2.00 (hay que tener en cuenta que la epidemia crece si es superior a 1). En cuanto al n\u00famero de casos diagnosticados con PCR y test de ant\u00edgenos, de los 81 detectados los \u00faltimos 14 d\u00edas se ha pasado a los 57 de los \u00faltimos 7 d\u00edas, seg\u00fan datos del departament de Salut.<\/p>\n<p>En este sentido, el consistorio, que las \u00faltimas horas ya ha anunciado el aplazamiento de las fiestas de Sant Jaume para continuar velando por la salud y la seguridad de la ciudadan\u00eda hace, de nuevo, una llamada a la responsabilidad.<\/p>\n","protected":false},"excerpt":{"rendered":"<p>El municipio ha quedado excluido de la propuesta a pesar de estar rodeado de localidades con alta incidencia y tener una trama urbana continuada con una de ellas El consistorio est\u00e1 preocupado por las consecuencias y la imposibilidad de controlar posibles aglomeraciones especialmente en las playas, en un momento, adem\u00e1s, en que la poblaci\u00f3n estacional [&hellip;]<\/p>\n","protected":false},"author":4,"featured_media":0,"comment_status":"closed","ping_status":"closed","sticky":false,"template":"","format":"standard","meta":{"inline_featured_image":false,"_monsterinsights_skip_tracking":false,"_monsterinsights_sitenote_active":false,"_monsterinsights_sitenote_note":"","_monsterinsights_sitenote_category":0,"footnotes":""},"categories":[98],"tags":[],"class_list":["post-56684","post","type-post","status-publish","format-standard","hentry","category-ayuntamiento"],"yoast_head":"<!-- This site is optimized with the Yoast SEO plugin v27.4 - https:\/\/yoast.com\/product\/yoast-seo-wordpress\/ -->\n<title>El Ayuntamiento de Mont-roig del Camp solicita a la Generalitat el toque de queda - Ajuntament de Mont-roig del Camp<\/title>\n<meta name=\"robots\" content=\"index, follow, max-snippet:-1, max-image-preview:large, max-video-preview:-1\" \/>\n<link rel=\"canonical\" href=\"https:\/\/mont-roig.cat\/es\/actualitat\/noticies\/el-ayuntamiento-de-mont-roig-del-camp-solicita-a-la-generalitat-el-toque-de-queda\/\" \/>\n<meta property=\"og:locale\" content=\"es_ES\" \/>\n<meta property=\"og:type\" content=\"article\" \/>\n<meta property=\"og:title\" content=\"El Ayuntamiento de Mont-roig del Camp solicita a la Generalitat el toque de queda - Ajuntament de Mont-roig del Camp\" \/>\n<meta property=\"og:description\" content=\"El municipio ha quedado excluido de la propuesta a pesar de estar rodeado de localidades con alta incidencia y tener una trama urbana continuada con una de ellas El consistorio est\u00e1 preocupado por las consecuencias y la imposibilidad de controlar posibles aglomeraciones especialmente en las playas, en un momento, adem\u00e1s, en que la poblaci\u00f3n estacional [&hellip;]\" \/>\n<meta property=\"og:url\" content=\"https:\/\/mont-roig.cat\/es\/actualitat\/noticies\/el-ayuntamiento-de-mont-roig-del-camp-solicita-a-la-generalitat-el-toque-de-queda\/\" \/>\n<meta property=\"og:site_name\" content=\"Ajuntament de Mont-roig del Camp\" \/>\n<meta property=\"article:published_time\" content=\"2021-07-15T11:14:22+00:00\" \/>\n<meta property=\"og:image\" content=\"https:\/\/mont-roig.cat\/wp-content\/uploads\/mont-roig_logotip_2tintes.jpg\" \/>\n\t<meta property=\"og:image:width\" content=\"1134\" \/>\n\t<meta property=\"og:image:height\" content=\"806\" \/>\n\t<meta property=\"og:image:type\" content=\"image\/jpeg\" \/>\n<meta name=\"author\" content=\"administrador\" \/>\n<meta name=\"twitter:card\" content=\"summary_large_image\" \/>\n<meta name=\"twitter:label1\" content=\"Escrito por\" \/>\n\t<meta name=\"twitter:data1\" content=\"administrador\" \/>\n\t<meta name=\"twitter:label2\" content=\"Tiempo de lectura\" \/>\n\t<meta name=\"twitter:data2\" content=\"2 minutos\" \/>\n<script type=\"application\/ld+json\" class=\"yoast-schema-graph\">{\"@context\":\"https:\\\/\\\/schema.org\",\"@graph\":[{\"@type\":\"Article\",\"@id\":\"https:\\\/\\\/mont-roig.cat\\\/es\\\/actualitat\\\/noticies\\\/el-ayuntamiento-de-mont-roig-del-camp-solicita-a-la-generalitat-el-toque-de-queda\\\/#article\",\"isPartOf\":{\"@id\":\"https:\\\/\\\/mont-roig.cat\\\/es\\\/actualitat\\\/noticies\\\/el-ayuntamiento-de-mont-roig-del-camp-solicita-a-la-generalitat-el-toque-de-queda\\\/\"},\"author\":{\"name\":\"administrador\",\"@id\":\"https:\\\/\\\/mont-roig.cat\\\/es\\\/#\\\/schema\\\/person\\\/f2b111789f22b7d0c3bd6786c9128cba\"},\"headline\":\"El Ayuntamiento de Mont-roig del Camp solicita a la Generalitat el toque de queda\",\"datePublished\":\"2021-07-15T11:14:22+00:00\",\"mainEntityOfPage\":{\"@id\":\"https:\\\/\\\/mont-roig.cat\\\/es\\\/actualitat\\\/noticies\\\/el-ayuntamiento-de-mont-roig-del-camp-solicita-a-la-generalitat-el-toque-de-queda\\\/\"},\"wordCount\":421,\"articleSection\":[\"Ayuntamiento\"],\"inLanguage\":\"es\"},{\"@type\":\"WebPage\",\"@id\":\"https:\\\/\\\/mont-roig.cat\\\/es\\\/actualitat\\\/noticies\\\/el-ayuntamiento-de-mont-roig-del-camp-solicita-a-la-generalitat-el-toque-de-queda\\\/\",\"url\":\"https:\\\/\\\/mont-roig.cat\\\/es\\\/actualitat\\\/noticies\\\/el-ayuntamiento-de-mont-roig-del-camp-solicita-a-la-generalitat-el-toque-de-queda\\\/\",\"name\":\"El Ayuntamiento de Mont-roig del Camp solicita a la Generalitat el toque de queda - Ajuntament de Mont-roig del Camp\",\"isPartOf\":{\"@id\":\"https:\\\/\\\/mont-roig.cat\\\/es\\\/#website\"},\"datePublished\":\"2021-07-15T11:14:22+00:00\",\"author\":{\"@id\":\"https:\\\/\\\/mont-roig.cat\\\/es\\\/#\\\/schema\\\/person\\\/f2b111789f22b7d0c3bd6786c9128cba\"},\"breadcrumb\":{\"@id\":\"https:\\\/\\\/mont-roig.cat\\\/es\\\/actualitat\\\/noticies\\\/el-ayuntamiento-de-mont-roig-del-camp-solicita-a-la-generalitat-el-toque-de-queda\\\/#breadcrumb\"},\"inLanguage\":\"es\",\"potentialAction\":[{\"@type\":\"ReadAction\",\"target\":[\"https:\\\/\\\/mont-roig.cat\\\/es\\\/actualitat\\\/noticies\\\/el-ayuntamiento-de-mont-roig-del-camp-solicita-a-la-generalitat-el-toque-de-queda\\\/\"]}]},{\"@type\":\"BreadcrumbList\",\"@id\":\"https:\\\/\\\/mont-roig.cat\\\/es\\\/actualitat\\\/noticies\\\/el-ayuntamiento-de-mont-roig-del-camp-solicita-a-la-generalitat-el-toque-de-queda\\\/#breadcrumb\",\"itemListElement\":[{\"@type\":\"ListItem\",\"position\":1,\"name\":\"Inici\",\"item\":\"https:\\\/\\\/mont-roig.cat\\\/es\\\/pagina-de-inicio\\\/\"},{\"@type\":\"ListItem\",\"position\":2,\"name\":\"El Ayuntamiento de Mont-roig del Camp solicita a la Generalitat el toque de queda\"}]},{\"@type\":\"WebSite\",\"@id\":\"https:\\\/\\\/mont-roig.cat\\\/es\\\/#website\",\"url\":\"https:\\\/\\\/mont-roig.cat\\\/es\\\/\",\"name\":\"Ajuntament de Mont-roig del Camp\",\"description\":\"Tota la informaci\u00f3 sobre la instituci\u00f3, els seus \u00f2rgans de govern, actualitat, serveis i molt m\u00e9s.\",\"potentialAction\":[{\"@type\":\"SearchAction\",\"target\":{\"@type\":\"EntryPoint\",\"urlTemplate\":\"https:\\\/\\\/mont-roig.cat\\\/es\\\/?s={search_term_string}\"},\"query-input\":{\"@type\":\"PropertyValueSpecification\",\"valueRequired\":true,\"valueName\":\"search_term_string\"}}],\"inLanguage\":\"es\"},{\"@type\":\"Person\",\"@id\":\"https:\\\/\\\/mont-roig.cat\\\/es\\\/#\\\/schema\\\/person\\\/f2b111789f22b7d0c3bd6786c9128cba\",\"name\":\"administrador\",\"image\":{\"@type\":\"ImageObject\",\"inLanguage\":\"es\",\"@id\":\"https:\\\/\\\/secure.gravatar.com\\\/avatar\\\/9137aac6891e2595c9d3036fd83bcb653b4db3c946db4c7d9b9be193c3c944bb?s=96&d=mm&r=g\",\"url\":\"https:\\\/\\\/secure.gravatar.com\\\/avatar\\\/9137aac6891e2595c9d3036fd83bcb653b4db3c946db4c7d9b9be193c3c944bb?s=96&d=mm&r=g\",\"contentUrl\":\"https:\\\/\\\/secure.gravatar.com\\\/avatar\\\/9137aac6891e2595c9d3036fd83bcb653b4db3c946db4c7d9b9be193c3c944bb?s=96&d=mm&r=g\",\"caption\":\"administrador\"},\"url\":\"https:\\\/\\\/mont-roig.cat\\\/es\\\/actualitat\\\/noticies\\\/author\\\/administrador\\\/\"}]}<\/script>\n<!-- \/ Yoast SEO plugin. -->","yoast_head_json":{"title":"El Ayuntamiento de Mont-roig del Camp solicita a la Generalitat el toque de queda - Ajuntament de Mont-roig del Camp","robots":{"index":"index","follow":"follow","max-snippet":"max-snippet:-1","max-image-preview":"max-image-preview:large","max-video-preview":"max-video-preview:-1"},"canonical":"https:\/\/mont-roig.cat\/es\/actualitat\/noticies\/el-ayuntamiento-de-mont-roig-del-camp-solicita-a-la-generalitat-el-toque-de-queda\/","og_locale":"es_ES","og_type":"article","og_title":"El Ayuntamiento de Mont-roig del Camp solicita a la Generalitat el toque de queda - Ajuntament de Mont-roig del Camp","og_description":"El municipio ha quedado excluido de la propuesta a pesar de estar rodeado de localidades con alta incidencia y tener una trama urbana continuada con una de ellas El consistorio est\u00e1 preocupado por las consecuencias y la imposibilidad de controlar posibles aglomeraciones especialmente en las playas, en un momento, adem\u00e1s, en que la poblaci\u00f3n estacional [&hellip;]","og_url":"https:\/\/mont-roig.cat\/es\/actualitat\/noticies\/el-ayuntamiento-de-mont-roig-del-camp-solicita-a-la-generalitat-el-toque-de-queda\/","og_site_name":"Ajuntament de Mont-roig del Camp","article_published_time":"2021-07-15T11:14:22+00:00","og_image":[{"width":1134,"height":806,"url":"https:\/\/mont-roig.cat\/wp-content\/uploads\/mont-roig_logotip_2tintes.jpg","type":"image\/jpeg"}],"author":"administrador","twitter_card":"summary_large_image","twitter_misc":{"Escrito por":"administrador","Tiempo de lectura":"2 minutos"},"schema":{"@context":"https:\/\/schema.org","@graph":[{"@type":"Article","@id":"https:\/\/mont-roig.cat\/es\/actualitat\/noticies\/el-ayuntamiento-de-mont-roig-del-camp-solicita-a-la-generalitat-el-toque-de-queda\/#article","isPartOf":{"@id":"https:\/\/mont-roig.cat\/es\/actualitat\/noticies\/el-ayuntamiento-de-mont-roig-del-camp-solicita-a-la-generalitat-el-toque-de-queda\/"},"author":{"name":"administrador","@id":"https:\/\/mont-roig.cat\/es\/#\/schema\/person\/f2b111789f22b7d0c3bd6786c9128cba"},"headline":"El Ayuntamiento de Mont-roig del Camp solicita a la Generalitat el toque de queda","datePublished":"2021-07-15T11:14:22+00:00","mainEntityOfPage":{"@id":"https:\/\/mont-roig.cat\/es\/actualitat\/noticies\/el-ayuntamiento-de-mont-roig-del-camp-solicita-a-la-generalitat-el-toque-de-queda\/"},"wordCount":421,"articleSection":["Ayuntamiento"],"inLanguage":"es"},{"@type":"WebPage","@id":"https:\/\/mont-roig.cat\/es\/actualitat\/noticies\/el-ayuntamiento-de-mont-roig-del-camp-solicita-a-la-generalitat-el-toque-de-queda\/","url":"https:\/\/mont-roig.cat\/es\/actualitat\/noticies\/el-ayuntamiento-de-mont-roig-del-camp-solicita-a-la-generalitat-el-toque-de-queda\/","name":"El Ayuntamiento de Mont-roig del Camp solicita a la Generalitat el toque de queda - Ajuntament de Mont-roig del Camp","isPartOf":{"@id":"https:\/\/mont-roig.cat\/es\/#website"},"datePublished":"2021-07-15T11:14:22+00:00","author":{"@id":"https:\/\/mont-roig.cat\/es\/#\/schema\/person\/f2b111789f22b7d0c3bd6786c9128cba"},"breadcrumb":{"@id":"https:\/\/mont-roig.cat\/es\/actualitat\/noticies\/el-ayuntamiento-de-mont-roig-del-camp-solicita-a-la-generalitat-el-toque-de-queda\/#breadcrumb"},"inLanguage":"es","potentialAction":[{"@type":"ReadAction","target":["https:\/\/mont-roig.cat\/es\/actualitat\/noticies\/el-ayuntamiento-de-mont-roig-del-camp-solicita-a-la-generalitat-el-toque-de-queda\/"]}]},{"@type":"BreadcrumbList","@id":"https:\/\/mont-roig.cat\/es\/actualitat\/noticies\/el-ayuntamiento-de-mont-roig-del-camp-solicita-a-la-generalitat-el-toque-de-queda\/#breadcrumb","itemListElement":[{"@type":"ListItem","position":1,"name":"Inici","item":"https:\/\/mont-roig.cat\/es\/pagina-de-inicio\/"},{"@type":"ListItem","position":2,"name":"El Ayuntamiento de Mont-roig del Camp solicita a la Generalitat el toque de queda"}]},{"@type":"WebSite","@id":"https:\/\/mont-roig.cat\/es\/#website","url":"https:\/\/mont-roig.cat\/es\/","name":"Ajuntament de Mont-roig del Camp","description":"Tota la informaci\u00f3 sobre la instituci\u00f3, els seus \u00f2rgans de govern, actualitat, serveis i molt m\u00e9s.","potentialAction":[{"@type":"SearchAction","target":{"@type":"EntryPoint","urlTemplate":"https:\/\/mont-roig.cat\/es\/?s={search_term_string}"},"query-input":{"@type":"PropertyValueSpecification","valueRequired":true,"valueName":"search_term_string"}}],"inLanguage":"es"},{"@type":"Person","@id":"https:\/\/mont-roig.cat\/es\/#\/schema\/person\/f2b111789f22b7d0c3bd6786c9128cba","name":"administrador","image":{"@type":"ImageObject","inLanguage":"es","@id":"https:\/\/secure.gravatar.com\/avatar\/9137aac6891e2595c9d3036fd83bcb653b4db3c946db4c7d9b9be193c3c944bb?s=96&d=mm&r=g","url":"https:\/\/secure.gravatar.com\/avatar\/9137aac6891e2595c9d3036fd83bcb653b4db3c946db4c7d9b9be193c3c944bb?s=96&d=mm&r=g","contentUrl":"https:\/\/secure.gravatar.com\/avatar\/9137aac6891e2595c9d3036fd83bcb653b4db3c946db4c7d9b9be193c3c944bb?s=96&d=mm&r=g","caption":"administrador"},"url":"https:\/\/mont-roig.cat\/es\/actualitat\/noticies\/author\/administrador\/"}]}},"_links":{"self":[{"href":"https:\/\/mont-roig.cat\/es\/wp-json\/wp\/v2\/posts\/56684","targetHints":{"allow":["GET"]}}],"collection":[{"href":"https:\/\/mont-roig.cat\/es\/wp-json\/wp\/v2\/posts"}],"about":[{"href":"https:\/\/mont-roig.cat\/es\/wp-json\/wp\/v2\/types\/post"}],"author":[{"embeddable":true,"href":"https:\/\/mont-roig.cat\/es\/wp-json\/wp\/v2\/users\/4"}],"replies":[{"embeddable":true,"href":"https:\/\/mont-roig.cat\/es\/wp-json\/wp\/v2\/comments?post=56684"}],"version-history":[{"count":2,"href":"https:\/\/mont-roig.cat\/es\/wp-json\/wp\/v2\/posts\/56684\/revisions"}],"predecessor-version":[{"id":56686,"href":"https:\/\/mont-roig.cat\/es\/wp-json\/wp\/v2\/posts\/56684\/revisions\/56686"}],"wp:attachment":[{"href":"https:\/\/mont-roig.cat\/es\/wp-json\/wp\/v2\/media?parent=56684"}],"wp:term":[{"taxonomy":"category","embeddable":true,"href":"https:\/\/mont-roig.cat\/es\/wp-json\/wp\/v2\/categories?post=56684"},{"taxonomy":"post_tag","embeddable":true,"href":"https:\/\/mont-roig.cat\/es\/wp-json\/wp\/v2\/tags?post=56684"}],"curies":[{"name":"wp","href":"https:\/\/api.w.org\/{rel}","templated":true}]}}