{"id":56737,"date":"2021-07-22T10:59:08","date_gmt":"2021-07-22T08:59:08","guid":{"rendered":"https:\/\/mont-roig.cat\/?p=56737"},"modified":"2021-07-22T10:59:08","modified_gmt":"2021-07-22T08:59:08","slug":"el-ayuntamiento-anula-la-celebracion-de-la-fira-de-mont-roig","status":"publish","type":"post","link":"https:\/\/mont-roig.cat\/es\/actualitat\/noticies\/el-ayuntamiento-anula-la-celebracion-de-la-fira-de-mont-roig\/","title":{"rendered":"El Ayuntamiento anula la celebraci\u00f3n de la Fira de Mont-roig"},"content":{"rendered":"<ul>\n<li><strong>El consistorio ha tomado esta decisi\u00f3n despu\u00e9s de que las cifras de contagios en el municipio hayan empeorado de manera grave las \u00faltimas semanas y se haya confirmado el confinamiento nocturno<\/strong><\/li>\n<li><strong>Los actos que estaban previstos para los d\u00edas 6, 7 y 8 de agosto se trasladar\u00e1n a la Fiesta Mayor de Sant Miquel, que se celebrar\u00e1 a finales de septiembre<\/strong><\/li>\n<\/ul>\n<div id=\"attachment_56734\" style=\"width: 310px\" class=\"wp-caption alignright\"><a href=\"https:\/\/mont-roig.cat\/wp-content\/uploads\/Fira-Mont-roig-2019-scaled.jpg\"><img loading=\"lazy\" decoding=\"async\" aria-describedby=\"caption-attachment-56734\" class=\"wp-image-56734\" src=\"https:\/\/mont-roig.cat\/wp-content\/uploads\/Fira-Mont-roig-2019-500x375.jpg\" alt=\"\" width=\"300\" height=\"225\" srcset=\"https:\/\/mont-roig.cat\/wp-content\/uploads\/Fira-Mont-roig-2019-500x375.jpg 500w, https:\/\/mont-roig.cat\/wp-content\/uploads\/Fira-Mont-roig-2019-1024x768.jpg 1024w, https:\/\/mont-roig.cat\/wp-content\/uploads\/Fira-Mont-roig-2019-768x576.jpg 768w, https:\/\/mont-roig.cat\/wp-content\/uploads\/Fira-Mont-roig-2019-1536x1152.jpg 1536w, https:\/\/mont-roig.cat\/wp-content\/uploads\/Fira-Mont-roig-2019-scaled.jpg 2048w, https:\/\/mont-roig.cat\/wp-content\/uploads\/Fira-Mont-roig-2019-463x348.jpg 463w\" sizes=\"auto, (max-width: 300px) 100vw, 300px\" \/><\/a><p id=\"caption-attachment-56734\" class=\"wp-caption-text\">Fira de Mont-roig del Camp, edici\u00f3n 2019<\/p><\/div>\n<p>El Ayuntamiento de Mont-roig del Camp ha decidido anular la celebraci\u00f3n de la Fira de Mont-roig, que estaba prevista para los d\u00edas 6, 7 y 8 de agosto. La decisi\u00f3n se ha tomado este mi\u00e9rcoles tras valorar las cifras de contagios de Covid19 en el municipio, que han crecido exponencialmente las \u00faltimas semanas, as\u00ed como despu\u00e9s de conocer que el Govern de la Generalitat ha solicitado al Tribunal Superior de Justicia de Catalunya el aval para el confinamiento nocturno del municipio, por el hecho de haber entrado a formar parte de la lista de poblaciones de Catalu\u00f1a con m\u00e1s incidencia por la Covid19.<\/p>\n<p>Actualmente en Mont-roig del Camp constan diagnosticados 82 casos en los \u00faltimos 7 d\u00edas, mientras que los \u00faltimos 14 d\u00edas la cifra es de 123. Otra de las cifras destacadas y por la que el municipio ha entrado en la lista de las 165 localidades con confinamiento nocturno es el \u00edndice de incidencia acumulada. Forman parte los municipios de m\u00e1s de 5.000 habitantes que presentan un \u00edndice de incidencia acumulada igual o superior a 400 casos diagnosticados por 100.000 habitantes en los \u00faltimos 7 d\u00edas. En este sentido, Mont-roig del Camp tiene una incidencia de 504,2 casos. Adem\u00e1s, la tasa de reproducci\u00f3n de la epidemia ponderada semanalmente es de 01.35 (la epidemia crece si es superior a 1).<\/p>\n<p>Ante estas cifras, el consistorio ha vuelto a poner la salud de los vecinos y vecinas en primer lugar y ha tomado esta decisi\u00f3n, de nuevo, por responsabilidad y para velar por la seguridad de toda la ciudadan\u00eda. Recordemos que el pasado 13 de julio ya se anunci\u00f3 el aplazamiento de las fiestas de Sant Jaume de Miami Platja a la primera semana de septiembre, cuando se espera que la curva de contagios haya mejorado.<\/p>\n<p><strong>La programaci\u00f3n de actos se traslada a Sant Miquel<\/strong><\/p>\n<p>En cuanto a los actos que ya estaban previstos para la Fira de Mont-roig, estos se trasladar\u00e1n a la fiesta Mayor de Sant Miquel, que se celebra el 29 de septiembre. De esta forma se espera poder ofrecer un programa de actos m\u00e1s completo, en un momento en que las autoridades competentes en la materia estiman que la situaci\u00f3n pand\u00e9mica haya mejorado.<\/p>\n","protected":false},"excerpt":{"rendered":"<p>El consistorio ha tomado esta decisi\u00f3n despu\u00e9s de que las cifras de contagios en el municipio hayan empeorado de manera grave las \u00faltimas semanas y se haya confirmado el confinamiento nocturno Los actos que estaban previstos para los d\u00edas 6, 7 y 8 de agosto se trasladar\u00e1n a la Fiesta Mayor de Sant Miquel, que [&hellip;]<\/p>\n","protected":false},"author":4,"featured_media":56735,"comment_status":"closed","ping_status":"closed","sticky":false,"template":"","format":"standard","meta":{"inline_featured_image":false,"_monsterinsights_skip_tracking":false,"_monsterinsights_sitenote_active":false,"_monsterinsights_sitenote_note":"","_monsterinsights_sitenote_category":0,"footnotes":""},"categories":[98,105,169],"tags":[],"class_list":["post-56737","post","type-post","status-publish","format-standard","has-post-thumbnail","hentry","category-ayuntamiento","category-fiestas","category-impuls-economic-i-ocupacio-es"],"yoast_head":"<!-- This site is optimized with the Yoast SEO plugin v27.4 - https:\/\/yoast.com\/product\/yoast-seo-wordpress\/ -->\n<title>El Ayuntamiento anula la celebraci\u00f3n de la Fira de Mont-roig - Ajuntament de Mont-roig del Camp<\/title>\n<meta name=\"robots\" content=\"index, follow, max-snippet:-1, max-image-preview:large, max-video-preview:-1\" \/>\n<link rel=\"canonical\" href=\"https:\/\/mont-roig.cat\/es\/actualitat\/noticies\/el-ayuntamiento-anula-la-celebracion-de-la-fira-de-mont-roig\/\" \/>\n<meta property=\"og:locale\" content=\"es_ES\" \/>\n<meta property=\"og:type\" content=\"article\" \/>\n<meta property=\"og:title\" content=\"El Ayuntamiento anula la celebraci\u00f3n de la Fira de Mont-roig - Ajuntament de Mont-roig del Camp\" \/>\n<meta property=\"og:description\" content=\"El consistorio ha tomado esta decisi\u00f3n despu\u00e9s de que las cifras de contagios en el municipio hayan empeorado de manera grave las \u00faltimas semanas y se haya confirmado el confinamiento nocturno Los actos que estaban previstos para los d\u00edas 6, 7 y 8 de agosto se trasladar\u00e1n a la Fiesta Mayor de Sant Miquel, que [&hellip;]\" \/>\n<meta property=\"og:url\" content=\"https:\/\/mont-roig.cat\/es\/actualitat\/noticies\/el-ayuntamiento-anula-la-celebracion-de-la-fira-de-mont-roig\/\" \/>\n<meta property=\"og:site_name\" content=\"Ajuntament de Mont-roig del Camp\" \/>\n<meta property=\"article:published_time\" content=\"2021-07-22T08:59:08+00:00\" \/>\n<meta property=\"og:image\" content=\"https:\/\/mont-roig.cat\/wp-content\/uploads\/Fira-Mont-roig-2019-1024x768.jpg\" \/>\n\t<meta property=\"og:image:width\" content=\"1024\" \/>\n\t<meta property=\"og:image:height\" content=\"768\" \/>\n\t<meta property=\"og:image:type\" content=\"image\/jpeg\" \/>\n<meta name=\"author\" content=\"administrador\" \/>\n<meta name=\"twitter:card\" content=\"summary_large_image\" \/>\n<meta name=\"twitter:label1\" content=\"Escrito por\" \/>\n\t<meta name=\"twitter:data1\" content=\"administrador\" \/>\n\t<meta name=\"twitter:label2\" content=\"Tiempo de lectura\" \/>\n\t<meta name=\"twitter:data2\" content=\"3 minutos\" \/>\n<script type=\"application\/ld+json\" class=\"yoast-schema-graph\">{\"@context\":\"https:\\\/\\\/schema.org\",\"@graph\":[{\"@type\":\"Article\",\"@id\":\"https:\\\/\\\/mont-roig.cat\\\/es\\\/actualitat\\\/noticies\\\/el-ayuntamiento-anula-la-celebracion-de-la-fira-de-mont-roig\\\/#article\",\"isPartOf\":{\"@id\":\"https:\\\/\\\/mont-roig.cat\\\/es\\\/actualitat\\\/noticies\\\/el-ayuntamiento-anula-la-celebracion-de-la-fira-de-mont-roig\\\/\"},\"author\":{\"name\":\"administrador\",\"@id\":\"https:\\\/\\\/mont-roig.cat\\\/es\\\/#\\\/schema\\\/person\\\/f2b111789f22b7d0c3bd6786c9128cba\"},\"headline\":\"El Ayuntamiento anula la celebraci\u00f3n de la Fira de Mont-roig\",\"datePublished\":\"2021-07-22T08:59:08+00:00\",\"mainEntityOfPage\":{\"@id\":\"https:\\\/\\\/mont-roig.cat\\\/es\\\/actualitat\\\/noticies\\\/el-ayuntamiento-anula-la-celebracion-de-la-fira-de-mont-roig\\\/\"},\"wordCount\":457,\"image\":{\"@id\":\"https:\\\/\\\/mont-roig.cat\\\/es\\\/actualitat\\\/noticies\\\/el-ayuntamiento-anula-la-celebracion-de-la-fira-de-mont-roig\\\/#primaryimage\"},\"thumbnailUrl\":\"https:\\\/\\\/mont-roig.cat\\\/wp-content\\\/uploads\\\/Fira-Mont-roig-2019.jpg\",\"articleSection\":[\"Ayuntamiento\",\"Festes\",\"Impuls Econ\u00f2mic i Ocupaci\u00f3\"],\"inLanguage\":\"es\"},{\"@type\":\"WebPage\",\"@id\":\"https:\\\/\\\/mont-roig.cat\\\/es\\\/actualitat\\\/noticies\\\/el-ayuntamiento-anula-la-celebracion-de-la-fira-de-mont-roig\\\/\",\"url\":\"https:\\\/\\\/mont-roig.cat\\\/es\\\/actualitat\\\/noticies\\\/el-ayuntamiento-anula-la-celebracion-de-la-fira-de-mont-roig\\\/\",\"name\":\"El Ayuntamiento anula la celebraci\u00f3n de la Fira de Mont-roig - Ajuntament de Mont-roig del Camp\",\"isPartOf\":{\"@id\":\"https:\\\/\\\/mont-roig.cat\\\/es\\\/#website\"},\"primaryImageOfPage\":{\"@id\":\"https:\\\/\\\/mont-roig.cat\\\/es\\\/actualitat\\\/noticies\\\/el-ayuntamiento-anula-la-celebracion-de-la-fira-de-mont-roig\\\/#primaryimage\"},\"image\":{\"@id\":\"https:\\\/\\\/mont-roig.cat\\\/es\\\/actualitat\\\/noticies\\\/el-ayuntamiento-anula-la-celebracion-de-la-fira-de-mont-roig\\\/#primaryimage\"},\"thumbnailUrl\":\"https:\\\/\\\/mont-roig.cat\\\/wp-content\\\/uploads\\\/Fira-Mont-roig-2019.jpg\",\"datePublished\":\"2021-07-22T08:59:08+00:00\",\"author\":{\"@id\":\"https:\\\/\\\/mont-roig.cat\\\/es\\\/#\\\/schema\\\/person\\\/f2b111789f22b7d0c3bd6786c9128cba\"},\"breadcrumb\":{\"@id\":\"https:\\\/\\\/mont-roig.cat\\\/es\\\/actualitat\\\/noticies\\\/el-ayuntamiento-anula-la-celebracion-de-la-fira-de-mont-roig\\\/#breadcrumb\"},\"inLanguage\":\"es\",\"potentialAction\":[{\"@type\":\"ReadAction\",\"target\":[\"https:\\\/\\\/mont-roig.cat\\\/es\\\/actualitat\\\/noticies\\\/el-ayuntamiento-anula-la-celebracion-de-la-fira-de-mont-roig\\\/\"]}]},{\"@type\":\"ImageObject\",\"inLanguage\":\"es\",\"@id\":\"https:\\\/\\\/mont-roig.cat\\\/es\\\/actualitat\\\/noticies\\\/el-ayuntamiento-anula-la-celebracion-de-la-fira-de-mont-roig\\\/#primaryimage\",\"url\":\"https:\\\/\\\/mont-roig.cat\\\/wp-content\\\/uploads\\\/Fira-Mont-roig-2019.jpg\",\"contentUrl\":\"https:\\\/\\\/mont-roig.cat\\\/wp-content\\\/uploads\\\/Fira-Mont-roig-2019.jpg\",\"width\":2048,\"height\":1536},{\"@type\":\"BreadcrumbList\",\"@id\":\"https:\\\/\\\/mont-roig.cat\\\/es\\\/actualitat\\\/noticies\\\/el-ayuntamiento-anula-la-celebracion-de-la-fira-de-mont-roig\\\/#breadcrumb\",\"itemListElement\":[{\"@type\":\"ListItem\",\"position\":1,\"name\":\"Inici\",\"item\":\"https:\\\/\\\/mont-roig.cat\\\/es\\\/pagina-de-inicio\\\/\"},{\"@type\":\"ListItem\",\"position\":2,\"name\":\"El Ayuntamiento anula la celebraci\u00f3n de la Fira de Mont-roig\"}]},{\"@type\":\"WebSite\",\"@id\":\"https:\\\/\\\/mont-roig.cat\\\/es\\\/#website\",\"url\":\"https:\\\/\\\/mont-roig.cat\\\/es\\\/\",\"name\":\"Ajuntament de Mont-roig del Camp\",\"description\":\"Tota la informaci\u00f3 sobre la instituci\u00f3, els seus \u00f2rgans de govern, actualitat, serveis i molt m\u00e9s.\",\"potentialAction\":[{\"@type\":\"SearchAction\",\"target\":{\"@type\":\"EntryPoint\",\"urlTemplate\":\"https:\\\/\\\/mont-roig.cat\\\/es\\\/?s={search_term_string}\"},\"query-input\":{\"@type\":\"PropertyValueSpecification\",\"valueRequired\":true,\"valueName\":\"search_term_string\"}}],\"inLanguage\":\"es\"},{\"@type\":\"Person\",\"@id\":\"https:\\\/\\\/mont-roig.cat\\\/es\\\/#\\\/schema\\\/person\\\/f2b111789f22b7d0c3bd6786c9128cba\",\"name\":\"administrador\",\"image\":{\"@type\":\"ImageObject\",\"inLanguage\":\"es\",\"@id\":\"https:\\\/\\\/secure.gravatar.com\\\/avatar\\\/9137aac6891e2595c9d3036fd83bcb653b4db3c946db4c7d9b9be193c3c944bb?s=96&d=mm&r=g\",\"url\":\"https:\\\/\\\/secure.gravatar.com\\\/avatar\\\/9137aac6891e2595c9d3036fd83bcb653b4db3c946db4c7d9b9be193c3c944bb?s=96&d=mm&r=g\",\"contentUrl\":\"https:\\\/\\\/secure.gravatar.com\\\/avatar\\\/9137aac6891e2595c9d3036fd83bcb653b4db3c946db4c7d9b9be193c3c944bb?s=96&d=mm&r=g\",\"caption\":\"administrador\"},\"url\":\"https:\\\/\\\/mont-roig.cat\\\/es\\\/actualitat\\\/noticies\\\/author\\\/administrador\\\/\"}]}<\/script>\n<!-- \/ Yoast SEO plugin. -->","yoast_head_json":{"title":"El Ayuntamiento anula la celebraci\u00f3n de la Fira de Mont-roig - Ajuntament de Mont-roig del Camp","robots":{"index":"index","follow":"follow","max-snippet":"max-snippet:-1","max-image-preview":"max-image-preview:large","max-video-preview":"max-video-preview:-1"},"canonical":"https:\/\/mont-roig.cat\/es\/actualitat\/noticies\/el-ayuntamiento-anula-la-celebracion-de-la-fira-de-mont-roig\/","og_locale":"es_ES","og_type":"article","og_title":"El Ayuntamiento anula la celebraci\u00f3n de la Fira de Mont-roig - Ajuntament de Mont-roig del Camp","og_description":"El consistorio ha tomado esta decisi\u00f3n despu\u00e9s de que las cifras de contagios en el municipio hayan empeorado de manera grave las \u00faltimas semanas y se haya confirmado el confinamiento nocturno Los actos que estaban previstos para los d\u00edas 6, 7 y 8 de agosto se trasladar\u00e1n a la Fiesta Mayor de Sant Miquel, que [&hellip;]","og_url":"https:\/\/mont-roig.cat\/es\/actualitat\/noticies\/el-ayuntamiento-anula-la-celebracion-de-la-fira-de-mont-roig\/","og_site_name":"Ajuntament de Mont-roig del Camp","article_published_time":"2021-07-22T08:59:08+00:00","og_image":[{"width":1024,"height":768,"url":"https:\/\/mont-roig.cat\/wp-content\/uploads\/Fira-Mont-roig-2019-1024x768.jpg","type":"image\/jpeg"}],"author":"administrador","twitter_card":"summary_large_image","twitter_misc":{"Escrito por":"administrador","Tiempo de lectura":"3 minutos"},"schema":{"@context":"https:\/\/schema.org","@graph":[{"@type":"Article","@id":"https:\/\/mont-roig.cat\/es\/actualitat\/noticies\/el-ayuntamiento-anula-la-celebracion-de-la-fira-de-mont-roig\/#article","isPartOf":{"@id":"https:\/\/mont-roig.cat\/es\/actualitat\/noticies\/el-ayuntamiento-anula-la-celebracion-de-la-fira-de-mont-roig\/"},"author":{"name":"administrador","@id":"https:\/\/mont-roig.cat\/es\/#\/schema\/person\/f2b111789f22b7d0c3bd6786c9128cba"},"headline":"El Ayuntamiento anula la celebraci\u00f3n de la Fira de Mont-roig","datePublished":"2021-07-22T08:59:08+00:00","mainEntityOfPage":{"@id":"https:\/\/mont-roig.cat\/es\/actualitat\/noticies\/el-ayuntamiento-anula-la-celebracion-de-la-fira-de-mont-roig\/"},"wordCount":457,"image":{"@id":"https:\/\/mont-roig.cat\/es\/actualitat\/noticies\/el-ayuntamiento-anula-la-celebracion-de-la-fira-de-mont-roig\/#primaryimage"},"thumbnailUrl":"https:\/\/mont-roig.cat\/wp-content\/uploads\/Fira-Mont-roig-2019.jpg","articleSection":["Ayuntamiento","Festes","Impuls Econ\u00f2mic i Ocupaci\u00f3"],"inLanguage":"es"},{"@type":"WebPage","@id":"https:\/\/mont-roig.cat\/es\/actualitat\/noticies\/el-ayuntamiento-anula-la-celebracion-de-la-fira-de-mont-roig\/","url":"https:\/\/mont-roig.cat\/es\/actualitat\/noticies\/el-ayuntamiento-anula-la-celebracion-de-la-fira-de-mont-roig\/","name":"El Ayuntamiento anula la celebraci\u00f3n de la Fira de Mont-roig - Ajuntament de Mont-roig del Camp","isPartOf":{"@id":"https:\/\/mont-roig.cat\/es\/#website"},"primaryImageOfPage":{"@id":"https:\/\/mont-roig.cat\/es\/actualitat\/noticies\/el-ayuntamiento-anula-la-celebracion-de-la-fira-de-mont-roig\/#primaryimage"},"image":{"@id":"https:\/\/mont-roig.cat\/es\/actualitat\/noticies\/el-ayuntamiento-anula-la-celebracion-de-la-fira-de-mont-roig\/#primaryimage"},"thumbnailUrl":"https:\/\/mont-roig.cat\/wp-content\/uploads\/Fira-Mont-roig-2019.jpg","datePublished":"2021-07-22T08:59:08+00:00","author":{"@id":"https:\/\/mont-roig.cat\/es\/#\/schema\/person\/f2b111789f22b7d0c3bd6786c9128cba"},"breadcrumb":{"@id":"https:\/\/mont-roig.cat\/es\/actualitat\/noticies\/el-ayuntamiento-anula-la-celebracion-de-la-fira-de-mont-roig\/#breadcrumb"},"inLanguage":"es","potentialAction":[{"@type":"ReadAction","target":["https:\/\/mont-roig.cat\/es\/actualitat\/noticies\/el-ayuntamiento-anula-la-celebracion-de-la-fira-de-mont-roig\/"]}]},{"@type":"ImageObject","inLanguage":"es","@id":"https:\/\/mont-roig.cat\/es\/actualitat\/noticies\/el-ayuntamiento-anula-la-celebracion-de-la-fira-de-mont-roig\/#primaryimage","url":"https:\/\/mont-roig.cat\/wp-content\/uploads\/Fira-Mont-roig-2019.jpg","contentUrl":"https:\/\/mont-roig.cat\/wp-content\/uploads\/Fira-Mont-roig-2019.jpg","width":2048,"height":1536},{"@type":"BreadcrumbList","@id":"https:\/\/mont-roig.cat\/es\/actualitat\/noticies\/el-ayuntamiento-anula-la-celebracion-de-la-fira-de-mont-roig\/#breadcrumb","itemListElement":[{"@type":"ListItem","position":1,"name":"Inici","item":"https:\/\/mont-roig.cat\/es\/pagina-de-inicio\/"},{"@type":"ListItem","position":2,"name":"El Ayuntamiento anula la celebraci\u00f3n de la Fira de Mont-roig"}]},{"@type":"WebSite","@id":"https:\/\/mont-roig.cat\/es\/#website","url":"https:\/\/mont-roig.cat\/es\/","name":"Ajuntament de Mont-roig del Camp","description":"Tota la informaci\u00f3 sobre la instituci\u00f3, els seus \u00f2rgans de govern, actualitat, serveis i molt m\u00e9s.","potentialAction":[{"@type":"SearchAction","target":{"@type":"EntryPoint","urlTemplate":"https:\/\/mont-roig.cat\/es\/?s={search_term_string}"},"query-input":{"@type":"PropertyValueSpecification","valueRequired":true,"valueName":"search_term_string"}}],"inLanguage":"es"},{"@type":"Person","@id":"https:\/\/mont-roig.cat\/es\/#\/schema\/person\/f2b111789f22b7d0c3bd6786c9128cba","name":"administrador","image":{"@type":"ImageObject","inLanguage":"es","@id":"https:\/\/secure.gravatar.com\/avatar\/9137aac6891e2595c9d3036fd83bcb653b4db3c946db4c7d9b9be193c3c944bb?s=96&d=mm&r=g","url":"https:\/\/secure.gravatar.com\/avatar\/9137aac6891e2595c9d3036fd83bcb653b4db3c946db4c7d9b9be193c3c944bb?s=96&d=mm&r=g","contentUrl":"https:\/\/secure.gravatar.com\/avatar\/9137aac6891e2595c9d3036fd83bcb653b4db3c946db4c7d9b9be193c3c944bb?s=96&d=mm&r=g","caption":"administrador"},"url":"https:\/\/mont-roig.cat\/es\/actualitat\/noticies\/author\/administrador\/"}]}},"_links":{"self":[{"href":"https:\/\/mont-roig.cat\/es\/wp-json\/wp\/v2\/posts\/56737","targetHints":{"allow":["GET"]}}],"collection":[{"href":"https:\/\/mont-roig.cat\/es\/wp-json\/wp\/v2\/posts"}],"about":[{"href":"https:\/\/mont-roig.cat\/es\/wp-json\/wp\/v2\/types\/post"}],"author":[{"embeddable":true,"href":"https:\/\/mont-roig.cat\/es\/wp-json\/wp\/v2\/users\/4"}],"replies":[{"embeddable":true,"href":"https:\/\/mont-roig.cat\/es\/wp-json\/wp\/v2\/comments?post=56737"}],"version-history":[{"count":2,"href":"https:\/\/mont-roig.cat\/es\/wp-json\/wp\/v2\/posts\/56737\/revisions"}],"predecessor-version":[{"id":56739,"href":"https:\/\/mont-roig.cat\/es\/wp-json\/wp\/v2\/posts\/56737\/revisions\/56739"}],"wp:featuredmedia":[{"embeddable":true,"href":"https:\/\/mont-roig.cat\/es\/wp-json\/wp\/v2\/media\/56735"}],"wp:attachment":[{"href":"https:\/\/mont-roig.cat\/es\/wp-json\/wp\/v2\/media?parent=56737"}],"wp:term":[{"taxonomy":"category","embeddable":true,"href":"https:\/\/mont-roig.cat\/es\/wp-json\/wp\/v2\/categories?post=56737"},{"taxonomy":"post_tag","embeddable":true,"href":"https:\/\/mont-roig.cat\/es\/wp-json\/wp\/v2\/tags?post=56737"}],"curies":[{"name":"wp","href":"https:\/\/api.w.org\/{rel}","templated":true}]}}