{"id":56881,"date":"2021-07-30T21:52:56","date_gmt":"2021-07-30T19:52:56","guid":{"rendered":"https:\/\/mont-roig.cat\/?p=56881"},"modified":"2021-07-30T21:56:23","modified_gmt":"2021-07-30T19:56:23","slug":"emotivo-acto-de-distincion-al-hijo-ilustre-de-mont-roig-del-camp-el-maestro-antoni-benaiges-y-nogues","status":"publish","type":"post","link":"https:\/\/mont-roig.cat\/es\/actualitat\/noticies\/emotivo-acto-de-distincion-al-hijo-ilustre-de-mont-roig-del-camp-el-maestro-antoni-benaiges-y-nogues\/","title":{"rendered":"Emotivo acto de distinci\u00f3n al Hijo ilustre de Mont-roig del Camp, el maestro Antoni Benaiges y Nogu\u00e9s"},"content":{"rendered":"<div id=\"attachment_56861\" style=\"width: 310px\" class=\"wp-caption alignright\"><a href=\"https:\/\/mont-roig.cat\/wp-content\/uploads\/IMG_2186-scaled.jpg\"><img loading=\"lazy\" decoding=\"async\" aria-describedby=\"caption-attachment-56861\" class=\"wp-image-56861\" src=\"https:\/\/mont-roig.cat\/wp-content\/uploads\/IMG_2186-500x375.jpg\" alt=\"\" width=\"300\" height=\"225\" srcset=\"https:\/\/mont-roig.cat\/wp-content\/uploads\/IMG_2186-500x375.jpg 500w, https:\/\/mont-roig.cat\/wp-content\/uploads\/IMG_2186-1024x768.jpg 1024w, https:\/\/mont-roig.cat\/wp-content\/uploads\/IMG_2186-768x576.jpg 768w, https:\/\/mont-roig.cat\/wp-content\/uploads\/IMG_2186-1536x1152.jpg 1536w, https:\/\/mont-roig.cat\/wp-content\/uploads\/IMG_2186-scaled.jpg 2048w, https:\/\/mont-roig.cat\/wp-content\/uploads\/IMG_2186-463x348.jpg 463w\" sizes=\"auto, (max-width: 300px) 100vw, 300px\" \/><\/a><p id=\"caption-attachment-56861\" class=\"wp-caption-text\">Los concejales de la Corporaci\u00f3n con los familiares del maestro Benaiges delante de la casa natal<\/p><\/div>\n<ul>\n<li><strong>El Ayuntamiento ha entregado la menci\u00f3n de Hijo ilustre a los familiares y ha descubierto la placa conmemorativa que se ha instalado en su casa natal<\/strong><\/li>\n<li><strong>Seguidamente, se ha inaugurado la exposici\u00f3n <em>Desenterrant el Silenci<\/em> de Sergi Bernal en la Esgl\u00e9sia Vella y se ha proyectado un reportaje sobre la historia del maestro Benaiges a partir del testimonio de sus familiares<\/strong><\/li>\n<\/ul>\n<p>Mont-roig del Camp ha celebrado, este viernes por la noche, un emotivo acto para distinguir al primer Hijo Ilustre del municipio, el maestro Antoni Benaiges y Nogu\u00e9s. Recordemos que el Pleno del Ayuntamiento, de fecha 12 de mayo de 2021, aprob\u00f3 por unanimidad su nombramiento con el objetivo de dignificar la figura de este maestro republicano, nacido en Mont-roig en 1903 y fusilado por los sublevados fascistas en 1936.<\/p>\n<p>En el acto, que se ha celebrado en la Plaza Moss\u00e8n Gaiet\u00e0 Ivern, el alcalde Fran Morancho y la concejal de Cultura Mei Benach han entregado la distinci\u00f3n a Elisa Benaiges y Jaume Roig\u00e9, sobrinos del maestro Benaiges. El acto ha contado con la intervenci\u00f3n de Jordi Font Agull\u00f3, director del Memorial Democr\u00e0tic y del nieto de Elisa Benaiges, Enric Aragon\u00e9s Jov\u00e9 que ha dirigido unas sobrecogedoras palabras a todos los asistentes. Otro de los momentos m\u00e1s emocionantes de la tarde ha sido cuando la cantautora ebrenca Montse Castell\u00e0 ha interpretado la canci\u00f3n El maestro que prometi\u00f3 el mar, compuesta especialmente por Castell\u00e0 cuando conoci\u00f3 la historia del maestro.<\/p>\n<p>Tras el acto de distinci\u00f3n se ha descubierto la placa conmemorativa dedicada a Antoni Benaiges, que se ha colocado delante de su casa natal, en la calle Mayor, 6. Con esta intervenci\u00f3n, Mont-roig, se integra a la Xarxa d&#8217;Espapis del Memorial Democr\u00e0tic.<\/p>\n<p>Seguidamente, la familia Benaiges y el p\u00fablico asistente han entrado en el Centro Cultural Esgl\u00e9sia donde han podido visitar la exposici\u00f3n Desenterrant el silenci. Tambi\u00e9n se ha podido visualizar el v\u00eddeo Antoni Benaiges y Nogu\u00e9s, el maestro que prometi\u00f3 el mar, que recoge las entrevistas realizadas a Elisa Benaiges y Jaume Roig\u00e9 sobre la historia del maestro. El v\u00eddeo, de 5 minutos de duraci\u00f3n, est\u00e1 disponible en el <a href=\"https:\/\/www.youtube.com\/watch?v=R-4oVUkd9Ys\" target=\"_blank\" rel=\"noopener\">canal Youtube del Ayuntamiento<\/a> y las entrevistas completas se podr\u00e1n consultar haciendo una petici\u00f3n al Departamento de Cultura del Ayuntamiento.<\/p>\n<p>La exposici\u00f3n <em>Desenterrant el silenci<\/em> es un proyecto de memoria del fot\u00f3grafo Sergi Bernal. La muestra presenta una treintena de fotograf\u00edas que contribuyen a reconstruir la historia del maestro a partir de la exhumaci\u00f3n de la fosa de la Pedraja, en el verano de 2010, donde se cree que podr\u00eda haber sido enterrado con otras 103 personas fusiladas por el bando fascista. La exposici\u00f3n estar\u00e1 abierta hasta el d\u00eda 19 de septiembre de 2021, de lunes a s\u00e1bado de 10h a 13h y de 17h a 19h y el domingo de 10h a 13h.<\/p>\n<p>&nbsp;<\/p>\n<div id=\"attachment_56863\" style=\"width: 310px\" class=\"wp-caption alignleft\"><a href=\"https:\/\/mont-roig.cat\/wp-content\/uploads\/IMG_2090-scaled.jpg\"><img loading=\"lazy\" decoding=\"async\" aria-describedby=\"caption-attachment-56863\" class=\"wp-image-56863\" src=\"https:\/\/mont-roig.cat\/wp-content\/uploads\/IMG_2090-500x375.jpg\" alt=\"\" width=\"300\" height=\"225\" srcset=\"https:\/\/mont-roig.cat\/wp-content\/uploads\/IMG_2090-500x375.jpg 500w, https:\/\/mont-roig.cat\/wp-content\/uploads\/IMG_2090-1024x768.jpg 1024w, https:\/\/mont-roig.cat\/wp-content\/uploads\/IMG_2090-768x576.jpg 768w, https:\/\/mont-roig.cat\/wp-content\/uploads\/IMG_2090-1536x1152.jpg 1536w, https:\/\/mont-roig.cat\/wp-content\/uploads\/IMG_2090-scaled.jpg 2048w, https:\/\/mont-roig.cat\/wp-content\/uploads\/IMG_2090-463x348.jpg 463w\" sizes=\"auto, (max-width: 300px) 100vw, 300px\" \/><\/a><p id=\"caption-attachment-56863\" class=\"wp-caption-text\">El acto de distinci\u00f3n ha tenido lugar en la plaza Moss\u00e8n Gaiet\u00e0 Ivern<\/p><\/div>\n<div id=\"attachment_56865\" style=\"width: 310px\" class=\"wp-caption alignleft\"><a href=\"https:\/\/mont-roig.cat\/wp-content\/uploads\/IMG_2128-scaled.jpg\"><img loading=\"lazy\" decoding=\"async\" aria-describedby=\"caption-attachment-56865\" class=\"wp-image-56865\" src=\"https:\/\/mont-roig.cat\/wp-content\/uploads\/IMG_2128-500x375.jpg\" alt=\"\" width=\"300\" height=\"225\" srcset=\"https:\/\/mont-roig.cat\/wp-content\/uploads\/IMG_2128-500x375.jpg 500w, https:\/\/mont-roig.cat\/wp-content\/uploads\/IMG_2128-1024x768.jpg 1024w, https:\/\/mont-roig.cat\/wp-content\/uploads\/IMG_2128-768x576.jpg 768w, https:\/\/mont-roig.cat\/wp-content\/uploads\/IMG_2128-1536x1152.jpg 1536w, https:\/\/mont-roig.cat\/wp-content\/uploads\/IMG_2128-scaled.jpg 2048w, https:\/\/mont-roig.cat\/wp-content\/uploads\/IMG_2128-463x348.jpg 463w\" sizes=\"auto, (max-width: 300px) 100vw, 300px\" \/><\/a><p id=\"caption-attachment-56865\" class=\"wp-caption-text\">Elisa Benaiges, Jaume Roig\u00e9 y Enric Aragon\u00e9s, familiares del maestro Benaiges<\/p><\/p><\/div>\n<div id=\"attachment_56867\" style=\"width: 310px\" class=\"wp-caption alignleft\"><a href=\"https:\/\/mont-roig.cat\/wp-content\/uploads\/IMG_2132-scaled.jpg\"><img loading=\"lazy\" decoding=\"async\" aria-describedby=\"caption-attachment-56867\" class=\"wp-image-56867\" src=\"https:\/\/mont-roig.cat\/wp-content\/uploads\/IMG_2132-500x375.jpg\" alt=\"\" width=\"300\" height=\"225\" srcset=\"https:\/\/mont-roig.cat\/wp-content\/uploads\/IMG_2132-500x375.jpg 500w, https:\/\/mont-roig.cat\/wp-content\/uploads\/IMG_2132-1024x768.jpg 1024w, https:\/\/mont-roig.cat\/wp-content\/uploads\/IMG_2132-768x576.jpg 768w, https:\/\/mont-roig.cat\/wp-content\/uploads\/IMG_2132-1536x1152.jpg 1536w, https:\/\/mont-roig.cat\/wp-content\/uploads\/IMG_2132-scaled.jpg 2048w, https:\/\/mont-roig.cat\/wp-content\/uploads\/IMG_2132-463x348.jpg 463w\" sizes=\"auto, (max-width: 300px) 100vw, 300px\" \/><\/a><p id=\"caption-attachment-56867\" class=\"wp-caption-text\">Acto de entrega de la distinci\u00f3n a los familiares con el alcalde Fran Morancho; la concejal de Cultura, Mei Benach; el director del Memorial Democr\u00e0tic, Jordi Font y la t\u00e9cnica de Cultura Txell Ferr\u00e9<\/p><\/div>\n<div id=\"attachment_56869\" style=\"width: 310px\" class=\"wp-caption alignleft\"><a href=\"https:\/\/mont-roig.cat\/wp-content\/uploads\/IMG_2161-scaled.jpg\"><img loading=\"lazy\" decoding=\"async\" aria-describedby=\"caption-attachment-56869\" class=\"wp-image-56869\" src=\"https:\/\/mont-roig.cat\/wp-content\/uploads\/IMG_2161-500x375.jpg\" alt=\"\" width=\"300\" height=\"225\" srcset=\"https:\/\/mont-roig.cat\/wp-content\/uploads\/IMG_2161-500x375.jpg 500w, https:\/\/mont-roig.cat\/wp-content\/uploads\/IMG_2161-1024x768.jpg 1024w, https:\/\/mont-roig.cat\/wp-content\/uploads\/IMG_2161-768x576.jpg 768w, https:\/\/mont-roig.cat\/wp-content\/uploads\/IMG_2161-1536x1152.jpg 1536w, https:\/\/mont-roig.cat\/wp-content\/uploads\/IMG_2161-scaled.jpg 2048w, https:\/\/mont-roig.cat\/wp-content\/uploads\/IMG_2161-463x348.jpg 463w\" sizes=\"auto, (max-width: 300px) 100vw, 300px\" \/><\/a><p id=\"caption-attachment-56869\" class=\"wp-caption-text\">La cantautora Montse Castell\u00e0 interpretando la canci\u00f3n que ha dedicado al maestro Benaiges<\/p><\/p><\/div>\n<div id=\"attachment_56871\" style=\"width: 310px\" class=\"wp-caption alignleft\"><a href=\"https:\/\/mont-roig.cat\/wp-content\/uploads\/IMG_2166-scaled.jpg\"><img loading=\"lazy\" decoding=\"async\" aria-describedby=\"caption-attachment-56871\" class=\"wp-image-56871\" src=\"https:\/\/mont-roig.cat\/wp-content\/uploads\/IMG_2166-500x375.jpg\" alt=\"\" width=\"300\" height=\"225\" srcset=\"https:\/\/mont-roig.cat\/wp-content\/uploads\/IMG_2166-500x375.jpg 500w, https:\/\/mont-roig.cat\/wp-content\/uploads\/IMG_2166-1024x768.jpg 1024w, https:\/\/mont-roig.cat\/wp-content\/uploads\/IMG_2166-768x576.jpg 768w, https:\/\/mont-roig.cat\/wp-content\/uploads\/IMG_2166-1536x1152.jpg 1536w, https:\/\/mont-roig.cat\/wp-content\/uploads\/IMG_2166-scaled.jpg 2048w, https:\/\/mont-roig.cat\/wp-content\/uploads\/IMG_2166-463x348.jpg 463w\" sizes=\"auto, (max-width: 300px) 100vw, 300px\" \/><\/a><p id=\"caption-attachment-56871\" class=\"wp-caption-text\">Descubrimiento de la placa conmemorativa que se ha colocado delante de la casa natal<\/p><\/div>\n<div id=\"attachment_56875\" style=\"width: 310px\" class=\"wp-caption alignleft\"><a href=\"https:\/\/mont-roig.cat\/wp-content\/uploads\/IMG_2210-scaled.jpg\"><img loading=\"lazy\" decoding=\"async\" aria-describedby=\"caption-attachment-56875\" class=\"wp-image-56875\" src=\"https:\/\/mont-roig.cat\/wp-content\/uploads\/IMG_2210-500x375.jpg\" alt=\"\" width=\"300\" height=\"225\" srcset=\"https:\/\/mont-roig.cat\/wp-content\/uploads\/IMG_2210-500x375.jpg 500w, https:\/\/mont-roig.cat\/wp-content\/uploads\/IMG_2210-1024x768.jpg 1024w, https:\/\/mont-roig.cat\/wp-content\/uploads\/IMG_2210-768x576.jpg 768w, https:\/\/mont-roig.cat\/wp-content\/uploads\/IMG_2210-1536x1152.jpg 1536w, https:\/\/mont-roig.cat\/wp-content\/uploads\/IMG_2210-scaled.jpg 2048w, https:\/\/mont-roig.cat\/wp-content\/uploads\/IMG_2210-463x348.jpg 463w\" sizes=\"auto, (max-width: 300px) 100vw, 300px\" \/><\/a><p id=\"caption-attachment-56875\" class=\"wp-caption-text\">Inauguraci\u00f3n de la exposici\u00f3n Desenterrant el Silenci de Sergi Bernal<\/p><\/div>\n<div id=\"attachment_56877\" style=\"width: 310px\" class=\"wp-caption alignleft\"><a href=\"https:\/\/mont-roig.cat\/wp-content\/uploads\/IMG_2216-scaled.jpg\"><img loading=\"lazy\" decoding=\"async\" aria-describedby=\"caption-attachment-56877\" class=\"wp-image-56877\" src=\"https:\/\/mont-roig.cat\/wp-content\/uploads\/IMG_2216-500x375.jpg\" alt=\"\" width=\"300\" height=\"225\" srcset=\"https:\/\/mont-roig.cat\/wp-content\/uploads\/IMG_2216-500x375.jpg 500w, https:\/\/mont-roig.cat\/wp-content\/uploads\/IMG_2216-1024x768.jpg 1024w, https:\/\/mont-roig.cat\/wp-content\/uploads\/IMG_2216-768x576.jpg 768w, https:\/\/mont-roig.cat\/wp-content\/uploads\/IMG_2216-1536x1152.jpg 1536w, https:\/\/mont-roig.cat\/wp-content\/uploads\/IMG_2216-scaled.jpg 2048w, https:\/\/mont-roig.cat\/wp-content\/uploads\/IMG_2216-463x348.jpg 463w\" sizes=\"auto, (max-width: 300px) 100vw, 300px\" \/><\/a><p id=\"caption-attachment-56877\" class=\"wp-caption-text\">La exposici\u00f3n se puede visitar hasta el 19 de septiembre en la Esgl\u00e9sia Vella<\/p><\/div>\n","protected":false},"excerpt":{"rendered":"<p>El Ayuntamiento ha entregado la menci\u00f3n de Hijo ilustre a los familiares y ha descubierto la placa conmemorativa que se ha instalado en su casa natal Seguidamente, se ha inaugurado la exposici\u00f3n Desenterrant el Silenci de Sergi Bernal en la Esgl\u00e9sia Vella y se ha proyectado un reportaje sobre la historia del maestro Benaiges a [&hellip;]<\/p>\n","protected":false},"author":4,"featured_media":56862,"comment_status":"closed","ping_status":"closed","sticky":false,"template":"","format":"standard","meta":{"inline_featured_image":false,"_monsterinsights_skip_tracking":false,"_monsterinsights_sitenote_active":false,"_monsterinsights_sitenote_note":"","_monsterinsights_sitenote_category":0,"footnotes":""},"categories":[156,98,101],"tags":[],"class_list":["post-56881","post","type-post","status-publish","format-standard","has-post-thumbnail","hentry","category-alcalde-es","category-ayuntamiento","category-cultura-es"],"yoast_head":"<!-- This site is optimized with the Yoast SEO plugin v27.4 - https:\/\/yoast.com\/product\/yoast-seo-wordpress\/ -->\n<title>Emotivo acto de distinci\u00f3n al Hijo ilustre de Mont-roig del Camp, el maestro Antoni Benaiges y Nogu\u00e9s - Ajuntament de Mont-roig del Camp<\/title>\n<meta name=\"robots\" content=\"index, follow, max-snippet:-1, max-image-preview:large, max-video-preview:-1\" \/>\n<link rel=\"canonical\" href=\"https:\/\/mont-roig.cat\/es\/actualitat\/noticies\/emotivo-acto-de-distincion-al-hijo-ilustre-de-mont-roig-del-camp-el-maestro-antoni-benaiges-y-nogues\/\" \/>\n<meta property=\"og:locale\" content=\"es_ES\" \/>\n<meta property=\"og:type\" content=\"article\" \/>\n<meta property=\"og:title\" content=\"Emotivo acto de distinci\u00f3n al Hijo ilustre de Mont-roig del Camp, el maestro Antoni Benaiges y Nogu\u00e9s - Ajuntament de Mont-roig del Camp\" \/>\n<meta property=\"og:description\" content=\"El Ayuntamiento ha entregado la menci\u00f3n de Hijo ilustre a los familiares y ha descubierto la placa conmemorativa que se ha instalado en su casa natal Seguidamente, se ha inaugurado la exposici\u00f3n Desenterrant el Silenci de Sergi Bernal en la Esgl\u00e9sia Vella y se ha proyectado un reportaje sobre la historia del maestro Benaiges a [&hellip;]\" \/>\n<meta property=\"og:url\" content=\"https:\/\/mont-roig.cat\/es\/actualitat\/noticies\/emotivo-acto-de-distincion-al-hijo-ilustre-de-mont-roig-del-camp-el-maestro-antoni-benaiges-y-nogues\/\" \/>\n<meta property=\"og:site_name\" content=\"Ajuntament de Mont-roig del Camp\" \/>\n<meta property=\"article:published_time\" content=\"2021-07-30T19:52:56+00:00\" \/>\n<meta property=\"article:modified_time\" content=\"2021-07-30T19:56:23+00:00\" \/>\n<meta property=\"og:image\" content=\"https:\/\/mont-roig.cat\/wp-content\/uploads\/IMG_2186-1024x768.jpg\" \/>\n\t<meta property=\"og:image:width\" content=\"1024\" \/>\n\t<meta property=\"og:image:height\" content=\"768\" \/>\n\t<meta property=\"og:image:type\" content=\"image\/jpeg\" \/>\n<meta name=\"author\" content=\"administrador\" \/>\n<meta name=\"twitter:card\" content=\"summary_large_image\" \/>\n<meta name=\"twitter:label1\" content=\"Escrito por\" \/>\n\t<meta name=\"twitter:data1\" content=\"administrador\" \/>\n\t<meta name=\"twitter:label2\" content=\"Tiempo de lectura\" \/>\n\t<meta name=\"twitter:data2\" content=\"5 minutos\" \/>\n<script type=\"application\/ld+json\" class=\"yoast-schema-graph\">{\"@context\":\"https:\\\/\\\/schema.org\",\"@graph\":[{\"@type\":\"Article\",\"@id\":\"https:\\\/\\\/mont-roig.cat\\\/es\\\/actualitat\\\/noticies\\\/emotivo-acto-de-distincion-al-hijo-ilustre-de-mont-roig-del-camp-el-maestro-antoni-benaiges-y-nogues\\\/#article\",\"isPartOf\":{\"@id\":\"https:\\\/\\\/mont-roig.cat\\\/es\\\/actualitat\\\/noticies\\\/emotivo-acto-de-distincion-al-hijo-ilustre-de-mont-roig-del-camp-el-maestro-antoni-benaiges-y-nogues\\\/\"},\"author\":{\"name\":\"administrador\",\"@id\":\"https:\\\/\\\/mont-roig.cat\\\/es\\\/#\\\/schema\\\/person\\\/f2b111789f22b7d0c3bd6786c9128cba\"},\"headline\":\"Emotivo acto de distinci\u00f3n al Hijo ilustre de Mont-roig del Camp, el maestro Antoni Benaiges y Nogu\u00e9s\",\"datePublished\":\"2021-07-30T19:52:56+00:00\",\"dateModified\":\"2021-07-30T19:56:23+00:00\",\"mainEntityOfPage\":{\"@id\":\"https:\\\/\\\/mont-roig.cat\\\/es\\\/actualitat\\\/noticies\\\/emotivo-acto-de-distincion-al-hijo-ilustre-de-mont-roig-del-camp-el-maestro-antoni-benaiges-y-nogues\\\/\"},\"wordCount\":697,\"image\":{\"@id\":\"https:\\\/\\\/mont-roig.cat\\\/es\\\/actualitat\\\/noticies\\\/emotivo-acto-de-distincion-al-hijo-ilustre-de-mont-roig-del-camp-el-maestro-antoni-benaiges-y-nogues\\\/#primaryimage\"},\"thumbnailUrl\":\"https:\\\/\\\/mont-roig.cat\\\/wp-content\\\/uploads\\\/IMG_2186.jpg\",\"articleSection\":[\"Alcalde\",\"Ayuntamiento\",\"Cultura\"],\"inLanguage\":\"es\"},{\"@type\":\"WebPage\",\"@id\":\"https:\\\/\\\/mont-roig.cat\\\/es\\\/actualitat\\\/noticies\\\/emotivo-acto-de-distincion-al-hijo-ilustre-de-mont-roig-del-camp-el-maestro-antoni-benaiges-y-nogues\\\/\",\"url\":\"https:\\\/\\\/mont-roig.cat\\\/es\\\/actualitat\\\/noticies\\\/emotivo-acto-de-distincion-al-hijo-ilustre-de-mont-roig-del-camp-el-maestro-antoni-benaiges-y-nogues\\\/\",\"name\":\"Emotivo acto de distinci\u00f3n al Hijo ilustre de Mont-roig del Camp, el maestro Antoni Benaiges y Nogu\u00e9s - Ajuntament de Mont-roig del Camp\",\"isPartOf\":{\"@id\":\"https:\\\/\\\/mont-roig.cat\\\/es\\\/#website\"},\"primaryImageOfPage\":{\"@id\":\"https:\\\/\\\/mont-roig.cat\\\/es\\\/actualitat\\\/noticies\\\/emotivo-acto-de-distincion-al-hijo-ilustre-de-mont-roig-del-camp-el-maestro-antoni-benaiges-y-nogues\\\/#primaryimage\"},\"image\":{\"@id\":\"https:\\\/\\\/mont-roig.cat\\\/es\\\/actualitat\\\/noticies\\\/emotivo-acto-de-distincion-al-hijo-ilustre-de-mont-roig-del-camp-el-maestro-antoni-benaiges-y-nogues\\\/#primaryimage\"},\"thumbnailUrl\":\"https:\\\/\\\/mont-roig.cat\\\/wp-content\\\/uploads\\\/IMG_2186.jpg\",\"datePublished\":\"2021-07-30T19:52:56+00:00\",\"dateModified\":\"2021-07-30T19:56:23+00:00\",\"author\":{\"@id\":\"https:\\\/\\\/mont-roig.cat\\\/es\\\/#\\\/schema\\\/person\\\/f2b111789f22b7d0c3bd6786c9128cba\"},\"breadcrumb\":{\"@id\":\"https:\\\/\\\/mont-roig.cat\\\/es\\\/actualitat\\\/noticies\\\/emotivo-acto-de-distincion-al-hijo-ilustre-de-mont-roig-del-camp-el-maestro-antoni-benaiges-y-nogues\\\/#breadcrumb\"},\"inLanguage\":\"es\",\"potentialAction\":[{\"@type\":\"ReadAction\",\"target\":[\"https:\\\/\\\/mont-roig.cat\\\/es\\\/actualitat\\\/noticies\\\/emotivo-acto-de-distincion-al-hijo-ilustre-de-mont-roig-del-camp-el-maestro-antoni-benaiges-y-nogues\\\/\"]}]},{\"@type\":\"ImageObject\",\"inLanguage\":\"es\",\"@id\":\"https:\\\/\\\/mont-roig.cat\\\/es\\\/actualitat\\\/noticies\\\/emotivo-acto-de-distincion-al-hijo-ilustre-de-mont-roig-del-camp-el-maestro-antoni-benaiges-y-nogues\\\/#primaryimage\",\"url\":\"https:\\\/\\\/mont-roig.cat\\\/wp-content\\\/uploads\\\/IMG_2186.jpg\",\"contentUrl\":\"https:\\\/\\\/mont-roig.cat\\\/wp-content\\\/uploads\\\/IMG_2186.jpg\",\"width\":2048,\"height\":1536},{\"@type\":\"BreadcrumbList\",\"@id\":\"https:\\\/\\\/mont-roig.cat\\\/es\\\/actualitat\\\/noticies\\\/emotivo-acto-de-distincion-al-hijo-ilustre-de-mont-roig-del-camp-el-maestro-antoni-benaiges-y-nogues\\\/#breadcrumb\",\"itemListElement\":[{\"@type\":\"ListItem\",\"position\":1,\"name\":\"Inici\",\"item\":\"https:\\\/\\\/mont-roig.cat\\\/es\\\/pagina-de-inicio\\\/\"},{\"@type\":\"ListItem\",\"position\":2,\"name\":\"Emotivo acto de distinci\u00f3n al Hijo ilustre de Mont-roig del Camp, el maestro Antoni Benaiges y Nogu\u00e9s\"}]},{\"@type\":\"WebSite\",\"@id\":\"https:\\\/\\\/mont-roig.cat\\\/es\\\/#website\",\"url\":\"https:\\\/\\\/mont-roig.cat\\\/es\\\/\",\"name\":\"Ajuntament de Mont-roig del Camp\",\"description\":\"Tota la informaci\u00f3 sobre la instituci\u00f3, els seus \u00f2rgans de govern, actualitat, serveis i molt m\u00e9s.\",\"potentialAction\":[{\"@type\":\"SearchAction\",\"target\":{\"@type\":\"EntryPoint\",\"urlTemplate\":\"https:\\\/\\\/mont-roig.cat\\\/es\\\/?s={search_term_string}\"},\"query-input\":{\"@type\":\"PropertyValueSpecification\",\"valueRequired\":true,\"valueName\":\"search_term_string\"}}],\"inLanguage\":\"es\"},{\"@type\":\"Person\",\"@id\":\"https:\\\/\\\/mont-roig.cat\\\/es\\\/#\\\/schema\\\/person\\\/f2b111789f22b7d0c3bd6786c9128cba\",\"name\":\"administrador\",\"image\":{\"@type\":\"ImageObject\",\"inLanguage\":\"es\",\"@id\":\"https:\\\/\\\/secure.gravatar.com\\\/avatar\\\/9137aac6891e2595c9d3036fd83bcb653b4db3c946db4c7d9b9be193c3c944bb?s=96&d=mm&r=g\",\"url\":\"https:\\\/\\\/secure.gravatar.com\\\/avatar\\\/9137aac6891e2595c9d3036fd83bcb653b4db3c946db4c7d9b9be193c3c944bb?s=96&d=mm&r=g\",\"contentUrl\":\"https:\\\/\\\/secure.gravatar.com\\\/avatar\\\/9137aac6891e2595c9d3036fd83bcb653b4db3c946db4c7d9b9be193c3c944bb?s=96&d=mm&r=g\",\"caption\":\"administrador\"},\"url\":\"https:\\\/\\\/mont-roig.cat\\\/es\\\/actualitat\\\/noticies\\\/author\\\/administrador\\\/\"}]}<\/script>\n<!-- \/ Yoast SEO plugin. -->","yoast_head_json":{"title":"Emotivo acto de distinci\u00f3n al Hijo ilustre de Mont-roig del Camp, el maestro Antoni Benaiges y Nogu\u00e9s - Ajuntament de Mont-roig del Camp","robots":{"index":"index","follow":"follow","max-snippet":"max-snippet:-1","max-image-preview":"max-image-preview:large","max-video-preview":"max-video-preview:-1"},"canonical":"https:\/\/mont-roig.cat\/es\/actualitat\/noticies\/emotivo-acto-de-distincion-al-hijo-ilustre-de-mont-roig-del-camp-el-maestro-antoni-benaiges-y-nogues\/","og_locale":"es_ES","og_type":"article","og_title":"Emotivo acto de distinci\u00f3n al Hijo ilustre de Mont-roig del Camp, el maestro Antoni Benaiges y Nogu\u00e9s - Ajuntament de Mont-roig del Camp","og_description":"El Ayuntamiento ha entregado la menci\u00f3n de Hijo ilustre a los familiares y ha descubierto la placa conmemorativa que se ha instalado en su casa natal Seguidamente, se ha inaugurado la exposici\u00f3n Desenterrant el Silenci de Sergi Bernal en la Esgl\u00e9sia Vella y se ha proyectado un reportaje sobre la historia del maestro Benaiges a [&hellip;]","og_url":"https:\/\/mont-roig.cat\/es\/actualitat\/noticies\/emotivo-acto-de-distincion-al-hijo-ilustre-de-mont-roig-del-camp-el-maestro-antoni-benaiges-y-nogues\/","og_site_name":"Ajuntament de Mont-roig del Camp","article_published_time":"2021-07-30T19:52:56+00:00","article_modified_time":"2021-07-30T19:56:23+00:00","og_image":[{"width":1024,"height":768,"url":"https:\/\/mont-roig.cat\/wp-content\/uploads\/IMG_2186-1024x768.jpg","type":"image\/jpeg"}],"author":"administrador","twitter_card":"summary_large_image","twitter_misc":{"Escrito por":"administrador","Tiempo de lectura":"5 minutos"},"schema":{"@context":"https:\/\/schema.org","@graph":[{"@type":"Article","@id":"https:\/\/mont-roig.cat\/es\/actualitat\/noticies\/emotivo-acto-de-distincion-al-hijo-ilustre-de-mont-roig-del-camp-el-maestro-antoni-benaiges-y-nogues\/#article","isPartOf":{"@id":"https:\/\/mont-roig.cat\/es\/actualitat\/noticies\/emotivo-acto-de-distincion-al-hijo-ilustre-de-mont-roig-del-camp-el-maestro-antoni-benaiges-y-nogues\/"},"author":{"name":"administrador","@id":"https:\/\/mont-roig.cat\/es\/#\/schema\/person\/f2b111789f22b7d0c3bd6786c9128cba"},"headline":"Emotivo acto de distinci\u00f3n al Hijo ilustre de Mont-roig del Camp, el maestro Antoni Benaiges y Nogu\u00e9s","datePublished":"2021-07-30T19:52:56+00:00","dateModified":"2021-07-30T19:56:23+00:00","mainEntityOfPage":{"@id":"https:\/\/mont-roig.cat\/es\/actualitat\/noticies\/emotivo-acto-de-distincion-al-hijo-ilustre-de-mont-roig-del-camp-el-maestro-antoni-benaiges-y-nogues\/"},"wordCount":697,"image":{"@id":"https:\/\/mont-roig.cat\/es\/actualitat\/noticies\/emotivo-acto-de-distincion-al-hijo-ilustre-de-mont-roig-del-camp-el-maestro-antoni-benaiges-y-nogues\/#primaryimage"},"thumbnailUrl":"https:\/\/mont-roig.cat\/wp-content\/uploads\/IMG_2186.jpg","articleSection":["Alcalde","Ayuntamiento","Cultura"],"inLanguage":"es"},{"@type":"WebPage","@id":"https:\/\/mont-roig.cat\/es\/actualitat\/noticies\/emotivo-acto-de-distincion-al-hijo-ilustre-de-mont-roig-del-camp-el-maestro-antoni-benaiges-y-nogues\/","url":"https:\/\/mont-roig.cat\/es\/actualitat\/noticies\/emotivo-acto-de-distincion-al-hijo-ilustre-de-mont-roig-del-camp-el-maestro-antoni-benaiges-y-nogues\/","name":"Emotivo acto de distinci\u00f3n al Hijo ilustre de Mont-roig del Camp, el maestro Antoni Benaiges y Nogu\u00e9s - Ajuntament de Mont-roig del Camp","isPartOf":{"@id":"https:\/\/mont-roig.cat\/es\/#website"},"primaryImageOfPage":{"@id":"https:\/\/mont-roig.cat\/es\/actualitat\/noticies\/emotivo-acto-de-distincion-al-hijo-ilustre-de-mont-roig-del-camp-el-maestro-antoni-benaiges-y-nogues\/#primaryimage"},"image":{"@id":"https:\/\/mont-roig.cat\/es\/actualitat\/noticies\/emotivo-acto-de-distincion-al-hijo-ilustre-de-mont-roig-del-camp-el-maestro-antoni-benaiges-y-nogues\/#primaryimage"},"thumbnailUrl":"https:\/\/mont-roig.cat\/wp-content\/uploads\/IMG_2186.jpg","datePublished":"2021-07-30T19:52:56+00:00","dateModified":"2021-07-30T19:56:23+00:00","author":{"@id":"https:\/\/mont-roig.cat\/es\/#\/schema\/person\/f2b111789f22b7d0c3bd6786c9128cba"},"breadcrumb":{"@id":"https:\/\/mont-roig.cat\/es\/actualitat\/noticies\/emotivo-acto-de-distincion-al-hijo-ilustre-de-mont-roig-del-camp-el-maestro-antoni-benaiges-y-nogues\/#breadcrumb"},"inLanguage":"es","potentialAction":[{"@type":"ReadAction","target":["https:\/\/mont-roig.cat\/es\/actualitat\/noticies\/emotivo-acto-de-distincion-al-hijo-ilustre-de-mont-roig-del-camp-el-maestro-antoni-benaiges-y-nogues\/"]}]},{"@type":"ImageObject","inLanguage":"es","@id":"https:\/\/mont-roig.cat\/es\/actualitat\/noticies\/emotivo-acto-de-distincion-al-hijo-ilustre-de-mont-roig-del-camp-el-maestro-antoni-benaiges-y-nogues\/#primaryimage","url":"https:\/\/mont-roig.cat\/wp-content\/uploads\/IMG_2186.jpg","contentUrl":"https:\/\/mont-roig.cat\/wp-content\/uploads\/IMG_2186.jpg","width":2048,"height":1536},{"@type":"BreadcrumbList","@id":"https:\/\/mont-roig.cat\/es\/actualitat\/noticies\/emotivo-acto-de-distincion-al-hijo-ilustre-de-mont-roig-del-camp-el-maestro-antoni-benaiges-y-nogues\/#breadcrumb","itemListElement":[{"@type":"ListItem","position":1,"name":"Inici","item":"https:\/\/mont-roig.cat\/es\/pagina-de-inicio\/"},{"@type":"ListItem","position":2,"name":"Emotivo acto de distinci\u00f3n al Hijo ilustre de Mont-roig del Camp, el maestro Antoni Benaiges y Nogu\u00e9s"}]},{"@type":"WebSite","@id":"https:\/\/mont-roig.cat\/es\/#website","url":"https:\/\/mont-roig.cat\/es\/","name":"Ajuntament de Mont-roig del Camp","description":"Tota la informaci\u00f3 sobre la instituci\u00f3, els seus \u00f2rgans de govern, actualitat, serveis i molt m\u00e9s.","potentialAction":[{"@type":"SearchAction","target":{"@type":"EntryPoint","urlTemplate":"https:\/\/mont-roig.cat\/es\/?s={search_term_string}"},"query-input":{"@type":"PropertyValueSpecification","valueRequired":true,"valueName":"search_term_string"}}],"inLanguage":"es"},{"@type":"Person","@id":"https:\/\/mont-roig.cat\/es\/#\/schema\/person\/f2b111789f22b7d0c3bd6786c9128cba","name":"administrador","image":{"@type":"ImageObject","inLanguage":"es","@id":"https:\/\/secure.gravatar.com\/avatar\/9137aac6891e2595c9d3036fd83bcb653b4db3c946db4c7d9b9be193c3c944bb?s=96&d=mm&r=g","url":"https:\/\/secure.gravatar.com\/avatar\/9137aac6891e2595c9d3036fd83bcb653b4db3c946db4c7d9b9be193c3c944bb?s=96&d=mm&r=g","contentUrl":"https:\/\/secure.gravatar.com\/avatar\/9137aac6891e2595c9d3036fd83bcb653b4db3c946db4c7d9b9be193c3c944bb?s=96&d=mm&r=g","caption":"administrador"},"url":"https:\/\/mont-roig.cat\/es\/actualitat\/noticies\/author\/administrador\/"}]}},"_links":{"self":[{"href":"https:\/\/mont-roig.cat\/es\/wp-json\/wp\/v2\/posts\/56881","targetHints":{"allow":["GET"]}}],"collection":[{"href":"https:\/\/mont-roig.cat\/es\/wp-json\/wp\/v2\/posts"}],"about":[{"href":"https:\/\/mont-roig.cat\/es\/wp-json\/wp\/v2\/types\/post"}],"author":[{"embeddable":true,"href":"https:\/\/mont-roig.cat\/es\/wp-json\/wp\/v2\/users\/4"}],"replies":[{"embeddable":true,"href":"https:\/\/mont-roig.cat\/es\/wp-json\/wp\/v2\/comments?post=56881"}],"version-history":[{"count":4,"href":"https:\/\/mont-roig.cat\/es\/wp-json\/wp\/v2\/posts\/56881\/revisions"}],"predecessor-version":[{"id":56887,"href":"https:\/\/mont-roig.cat\/es\/wp-json\/wp\/v2\/posts\/56881\/revisions\/56887"}],"wp:featuredmedia":[{"embeddable":true,"href":"https:\/\/mont-roig.cat\/es\/wp-json\/wp\/v2\/media\/56862"}],"wp:attachment":[{"href":"https:\/\/mont-roig.cat\/es\/wp-json\/wp\/v2\/media?parent=56881"}],"wp:term":[{"taxonomy":"category","embeddable":true,"href":"https:\/\/mont-roig.cat\/es\/wp-json\/wp\/v2\/categories?post=56881"},{"taxonomy":"post_tag","embeddable":true,"href":"https:\/\/mont-roig.cat\/es\/wp-json\/wp\/v2\/tags?post=56881"}],"curies":[{"name":"wp","href":"https:\/\/api.w.org\/{rel}","templated":true}]}}