{"id":57061,"date":"2021-08-09T12:58:58","date_gmt":"2021-08-09T10:58:58","guid":{"rendered":"https:\/\/mont-roig.cat\/actualitat\/noticies\/aquest-agost-arriben-dues-propostes-de-cinema-familiar-a-la-fresca-a-la-pista-destiu-de-mont-roig\/"},"modified":"2021-08-09T13:02:01","modified_gmt":"2021-08-09T11:02:01","slug":"aquest-agost-arriben-dues-propostes-de-cinema-familiar-a-la-fresca-a-la-pista-destiu-de-mont-roig","status":"publish","type":"post","link":"https:\/\/mont-roig.cat\/es\/actualitat\/noticies\/aquest-agost-arriben-dues-propostes-de-cinema-familiar-a-la-fresca-a-la-pista-destiu-de-mont-roig\/","title":{"rendered":"Este agosto llegan dos propuestas de cine familiar al aire libre en la Pista d&#8217;Estiu de Mont-roig"},"content":{"rendered":"<p><strong><strong><a href=\"https:\/\/mont-roig.cat\/wp-content\/uploads\/MM_cinema_fresca.jpg\"><img loading=\"lazy\" decoding=\"async\" class=\"alignright wp-image-57053 \" src=\"https:\/\/mont-roig.cat\/wp-content\/uploads\/MM_cinema_fresca-353x500.jpg\" alt=\"\" width=\"301\" height=\"426\" srcset=\"https:\/\/mont-roig.cat\/wp-content\/uploads\/MM_cinema_fresca-353x500.jpg 353w, https:\/\/mont-roig.cat\/wp-content\/uploads\/MM_cinema_fresca-724x1024.jpg 724w, https:\/\/mont-roig.cat\/wp-content\/uploads\/MM_cinema_fresca-768x1086.jpg 768w, https:\/\/mont-roig.cat\/wp-content\/uploads\/MM_cinema_fresca.jpg 842w\" sizes=\"auto, (max-width: 301px) 100vw, 301px\" \/><\/a><\/strong><\/strong><\/p>\n<ul>\n<li><strong>Los d\u00edas 13 y 27 se proyectar\u00e1n &#8216;Padre no hay m\u00e1s que uno 2&#8217; y &#8216;Mascotas 2&#8217; con entrada gratuita pero con reserva previa<\/strong><\/li>\n<\/ul>\n<p>El Ayuntamiento de Mont-roig del Camp, a trav\u00e9s del departamento de Cultura, ha programado dos sesiones de cine al aire libre durante este mes de agosto.<\/p>\n<p>Las sesiones, centradas en propuestas aptas para toda la familia, tendr\u00e1n lugar al aire libre, aprovechando la bonanza de las noches de agosto en la Pista d&#8217;Estiu de Mont-roig.<\/p>\n<p>El viernes 13 de agosto a las 22h, se proyectar\u00e1 la pel\u00edcula <em>Padre no hay m\u00e1s que uno 2: la legada de la suegra<\/em>. Es una comedia dirigida y escrita por Santiago Segura y protagonizada por \u00e9l mismo. El film se estren\u00f3 en 2020 y es la secuela de <em>Padre no hay m\u00e1s que uno<\/em>, una pel\u00edcula que arras\u00f3 en los cines el a\u00f1o 2019.<\/p>\n<p>La segunda pel\u00edcula, que se podr\u00e1 ver el viernes 27 de agosto, tambi\u00e9n a las 22h, ser\u00e1 <em>Mascotas 2<\/em>. El filme es la continuaci\u00f3n de la historia del Max y de sus compa\u00f1eros de aventuras. La pel\u00edcula, de animaci\u00f3n 3D, explora la vida emocional de nuestras mascotas y nos descubre que hacen realmente los animales cuando no estamos en casa.<\/p>\n<p>Para asistir al cine habr\u00e1 inscripci\u00f3n previa ya que el aforo es limitado para respetar las medidas decretadas ante la Covid-19. La inscripci\u00f3n se puede hacer v\u00eda correo electr\u00f3nico a cultura@mont-roig.cat (indicando nombre, apellidos y tel\u00e9fono de contacto) o bien presencialmente de 9.00h a 13.00h en la Casa de Cultura de Mont-roig o el Centre Polivalent de Miami Platja.<\/p>\n","protected":false},"excerpt":{"rendered":"<p>Los d\u00edas 13 y 27 se proyectar\u00e1n &#8216;Padre no hay m\u00e1s que uno 2&#8217; y &#8216;Mascotas 2&#8217; con entrada gratuita pero con reserva previa El Ayuntamiento de Mont-roig del Camp, a trav\u00e9s del departamento de Cultura, ha programado dos sesiones de cine al aire libre durante este mes de agosto. Las sesiones, centradas en propuestas [&hellip;]<\/p>\n","protected":false},"author":13,"featured_media":57054,"comment_status":"closed","ping_status":"closed","sticky":false,"template":"","format":"standard","meta":{"inline_featured_image":false,"_monsterinsights_skip_tracking":false,"_monsterinsights_sitenote_active":false,"_monsterinsights_sitenote_note":"","_monsterinsights_sitenote_category":0,"footnotes":""},"categories":[98,101],"tags":[],"class_list":["post-57061","post","type-post","status-publish","format-standard","has-post-thumbnail","hentry","category-ayuntamiento","category-cultura-es"],"yoast_head":"<!-- This site is optimized with the Yoast SEO plugin v27.4 - https:\/\/yoast.com\/product\/yoast-seo-wordpress\/ -->\n<title>Este agosto llegan dos propuestas de cine familiar al aire libre en la Pista d&#039;Estiu de Mont-roig - Ajuntament de Mont-roig del Camp<\/title>\n<meta name=\"robots\" content=\"index, follow, max-snippet:-1, max-image-preview:large, max-video-preview:-1\" \/>\n<link rel=\"canonical\" href=\"https:\/\/mont-roig.cat\/es\/actualitat\/noticies\/aquest-agost-arriben-dues-propostes-de-cinema-familiar-a-la-fresca-a-la-pista-destiu-de-mont-roig\/\" \/>\n<meta property=\"og:locale\" content=\"es_ES\" \/>\n<meta property=\"og:type\" content=\"article\" \/>\n<meta property=\"og:title\" content=\"Este agosto llegan dos propuestas de cine familiar al aire libre en la Pista d&#039;Estiu de Mont-roig - Ajuntament de Mont-roig del Camp\" \/>\n<meta property=\"og:description\" content=\"Los d\u00edas 13 y 27 se proyectar\u00e1n &#8216;Padre no hay m\u00e1s que uno 2&#8217; y &#8216;Mascotas 2&#8217; con entrada gratuita pero con reserva previa El Ayuntamiento de Mont-roig del Camp, a trav\u00e9s del departamento de Cultura, ha programado dos sesiones de cine al aire libre durante este mes de agosto. Las sesiones, centradas en propuestas [&hellip;]\" \/>\n<meta property=\"og:url\" content=\"https:\/\/mont-roig.cat\/es\/actualitat\/noticies\/aquest-agost-arriben-dues-propostes-de-cinema-familiar-a-la-fresca-a-la-pista-destiu-de-mont-roig\/\" \/>\n<meta property=\"og:site_name\" content=\"Ajuntament de Mont-roig del Camp\" \/>\n<meta property=\"article:published_time\" content=\"2021-08-09T10:58:58+00:00\" \/>\n<meta property=\"article:modified_time\" content=\"2021-08-09T11:02:01+00:00\" \/>\n<meta property=\"og:image\" content=\"https:\/\/mont-roig.cat\/wp-content\/uploads\/MM_cinema_fresca.jpg\" \/>\n\t<meta property=\"og:image:width\" content=\"842\" \/>\n\t<meta property=\"og:image:height\" content=\"1191\" \/>\n\t<meta property=\"og:image:type\" content=\"image\/jpeg\" \/>\n<meta name=\"author\" content=\"comunicacio\" \/>\n<meta name=\"twitter:card\" content=\"summary_large_image\" \/>\n<meta name=\"twitter:label1\" content=\"Escrito por\" \/>\n\t<meta name=\"twitter:data1\" content=\"comunicacio\" \/>\n\t<meta name=\"twitter:label2\" content=\"Tiempo de lectura\" \/>\n\t<meta name=\"twitter:data2\" content=\"2 minutos\" \/>\n<script type=\"application\/ld+json\" class=\"yoast-schema-graph\">{\"@context\":\"https:\\\/\\\/schema.org\",\"@graph\":[{\"@type\":\"Article\",\"@id\":\"https:\\\/\\\/mont-roig.cat\\\/es\\\/actualitat\\\/noticies\\\/aquest-agost-arriben-dues-propostes-de-cinema-familiar-a-la-fresca-a-la-pista-destiu-de-mont-roig\\\/#article\",\"isPartOf\":{\"@id\":\"https:\\\/\\\/mont-roig.cat\\\/es\\\/actualitat\\\/noticies\\\/aquest-agost-arriben-dues-propostes-de-cinema-familiar-a-la-fresca-a-la-pista-destiu-de-mont-roig\\\/\"},\"author\":{\"name\":\"comunicacio\",\"@id\":\"https:\\\/\\\/mont-roig.cat\\\/es\\\/#\\\/schema\\\/person\\\/1f73e7b5e6f9dd122e8a6f14f310ac5e\"},\"headline\":\"Este agosto llegan dos propuestas de cine familiar al aire libre en la Pista d&#8217;Estiu de Mont-roig\",\"datePublished\":\"2021-08-09T10:58:58+00:00\",\"dateModified\":\"2021-08-09T11:02:01+00:00\",\"mainEntityOfPage\":{\"@id\":\"https:\\\/\\\/mont-roig.cat\\\/es\\\/actualitat\\\/noticies\\\/aquest-agost-arriben-dues-propostes-de-cinema-familiar-a-la-fresca-a-la-pista-destiu-de-mont-roig\\\/\"},\"wordCount\":295,\"image\":{\"@id\":\"https:\\\/\\\/mont-roig.cat\\\/es\\\/actualitat\\\/noticies\\\/aquest-agost-arriben-dues-propostes-de-cinema-familiar-a-la-fresca-a-la-pista-destiu-de-mont-roig\\\/#primaryimage\"},\"thumbnailUrl\":\"https:\\\/\\\/mont-roig.cat\\\/wp-content\\\/uploads\\\/MM_cinema_fresca.jpg\",\"articleSection\":[\"Ayuntamiento\",\"Cultura\"],\"inLanguage\":\"es\"},{\"@type\":\"WebPage\",\"@id\":\"https:\\\/\\\/mont-roig.cat\\\/es\\\/actualitat\\\/noticies\\\/aquest-agost-arriben-dues-propostes-de-cinema-familiar-a-la-fresca-a-la-pista-destiu-de-mont-roig\\\/\",\"url\":\"https:\\\/\\\/mont-roig.cat\\\/es\\\/actualitat\\\/noticies\\\/aquest-agost-arriben-dues-propostes-de-cinema-familiar-a-la-fresca-a-la-pista-destiu-de-mont-roig\\\/\",\"name\":\"Este agosto llegan dos propuestas de cine familiar al aire libre en la Pista d'Estiu de Mont-roig - Ajuntament de Mont-roig del Camp\",\"isPartOf\":{\"@id\":\"https:\\\/\\\/mont-roig.cat\\\/es\\\/#website\"},\"primaryImageOfPage\":{\"@id\":\"https:\\\/\\\/mont-roig.cat\\\/es\\\/actualitat\\\/noticies\\\/aquest-agost-arriben-dues-propostes-de-cinema-familiar-a-la-fresca-a-la-pista-destiu-de-mont-roig\\\/#primaryimage\"},\"image\":{\"@id\":\"https:\\\/\\\/mont-roig.cat\\\/es\\\/actualitat\\\/noticies\\\/aquest-agost-arriben-dues-propostes-de-cinema-familiar-a-la-fresca-a-la-pista-destiu-de-mont-roig\\\/#primaryimage\"},\"thumbnailUrl\":\"https:\\\/\\\/mont-roig.cat\\\/wp-content\\\/uploads\\\/MM_cinema_fresca.jpg\",\"datePublished\":\"2021-08-09T10:58:58+00:00\",\"dateModified\":\"2021-08-09T11:02:01+00:00\",\"author\":{\"@id\":\"https:\\\/\\\/mont-roig.cat\\\/es\\\/#\\\/schema\\\/person\\\/1f73e7b5e6f9dd122e8a6f14f310ac5e\"},\"breadcrumb\":{\"@id\":\"https:\\\/\\\/mont-roig.cat\\\/es\\\/actualitat\\\/noticies\\\/aquest-agost-arriben-dues-propostes-de-cinema-familiar-a-la-fresca-a-la-pista-destiu-de-mont-roig\\\/#breadcrumb\"},\"inLanguage\":\"es\",\"potentialAction\":[{\"@type\":\"ReadAction\",\"target\":[\"https:\\\/\\\/mont-roig.cat\\\/es\\\/actualitat\\\/noticies\\\/aquest-agost-arriben-dues-propostes-de-cinema-familiar-a-la-fresca-a-la-pista-destiu-de-mont-roig\\\/\"]}]},{\"@type\":\"ImageObject\",\"inLanguage\":\"es\",\"@id\":\"https:\\\/\\\/mont-roig.cat\\\/es\\\/actualitat\\\/noticies\\\/aquest-agost-arriben-dues-propostes-de-cinema-familiar-a-la-fresca-a-la-pista-destiu-de-mont-roig\\\/#primaryimage\",\"url\":\"https:\\\/\\\/mont-roig.cat\\\/wp-content\\\/uploads\\\/MM_cinema_fresca.jpg\",\"contentUrl\":\"https:\\\/\\\/mont-roig.cat\\\/wp-content\\\/uploads\\\/MM_cinema_fresca.jpg\",\"width\":842,\"height\":1191},{\"@type\":\"BreadcrumbList\",\"@id\":\"https:\\\/\\\/mont-roig.cat\\\/es\\\/actualitat\\\/noticies\\\/aquest-agost-arriben-dues-propostes-de-cinema-familiar-a-la-fresca-a-la-pista-destiu-de-mont-roig\\\/#breadcrumb\",\"itemListElement\":[{\"@type\":\"ListItem\",\"position\":1,\"name\":\"Inici\",\"item\":\"https:\\\/\\\/mont-roig.cat\\\/es\\\/pagina-de-inicio\\\/\"},{\"@type\":\"ListItem\",\"position\":2,\"name\":\"Este agosto llegan dos propuestas de cine familiar al aire libre en la Pista d&#8217;Estiu de Mont-roig\"}]},{\"@type\":\"WebSite\",\"@id\":\"https:\\\/\\\/mont-roig.cat\\\/es\\\/#website\",\"url\":\"https:\\\/\\\/mont-roig.cat\\\/es\\\/\",\"name\":\"Ajuntament de Mont-roig del Camp\",\"description\":\"Tota la informaci\u00f3 sobre la instituci\u00f3, els seus \u00f2rgans de govern, actualitat, serveis i molt m\u00e9s.\",\"potentialAction\":[{\"@type\":\"SearchAction\",\"target\":{\"@type\":\"EntryPoint\",\"urlTemplate\":\"https:\\\/\\\/mont-roig.cat\\\/es\\\/?s={search_term_string}\"},\"query-input\":{\"@type\":\"PropertyValueSpecification\",\"valueRequired\":true,\"valueName\":\"search_term_string\"}}],\"inLanguage\":\"es\"},{\"@type\":\"Person\",\"@id\":\"https:\\\/\\\/mont-roig.cat\\\/es\\\/#\\\/schema\\\/person\\\/1f73e7b5e6f9dd122e8a6f14f310ac5e\",\"name\":\"comunicacio\",\"image\":{\"@type\":\"ImageObject\",\"inLanguage\":\"es\",\"@id\":\"https:\\\/\\\/secure.gravatar.com\\\/avatar\\\/98944333e7a877670a64f8d10f0cb680ab2c9ebc4efc43945ef004b52b5ad28c?s=96&d=mm&r=g\",\"url\":\"https:\\\/\\\/secure.gravatar.com\\\/avatar\\\/98944333e7a877670a64f8d10f0cb680ab2c9ebc4efc43945ef004b52b5ad28c?s=96&d=mm&r=g\",\"contentUrl\":\"https:\\\/\\\/secure.gravatar.com\\\/avatar\\\/98944333e7a877670a64f8d10f0cb680ab2c9ebc4efc43945ef004b52b5ad28c?s=96&d=mm&r=g\",\"caption\":\"comunicacio\"},\"url\":\"https:\\\/\\\/mont-roig.cat\\\/es\\\/actualitat\\\/noticies\\\/author\\\/comunicacio\\\/\"}]}<\/script>\n<!-- \/ Yoast SEO plugin. -->","yoast_head_json":{"title":"Este agosto llegan dos propuestas de cine familiar al aire libre en la Pista d'Estiu de Mont-roig - Ajuntament de Mont-roig del Camp","robots":{"index":"index","follow":"follow","max-snippet":"max-snippet:-1","max-image-preview":"max-image-preview:large","max-video-preview":"max-video-preview:-1"},"canonical":"https:\/\/mont-roig.cat\/es\/actualitat\/noticies\/aquest-agost-arriben-dues-propostes-de-cinema-familiar-a-la-fresca-a-la-pista-destiu-de-mont-roig\/","og_locale":"es_ES","og_type":"article","og_title":"Este agosto llegan dos propuestas de cine familiar al aire libre en la Pista d'Estiu de Mont-roig - Ajuntament de Mont-roig del Camp","og_description":"Los d\u00edas 13 y 27 se proyectar\u00e1n &#8216;Padre no hay m\u00e1s que uno 2&#8217; y &#8216;Mascotas 2&#8217; con entrada gratuita pero con reserva previa El Ayuntamiento de Mont-roig del Camp, a trav\u00e9s del departamento de Cultura, ha programado dos sesiones de cine al aire libre durante este mes de agosto. Las sesiones, centradas en propuestas [&hellip;]","og_url":"https:\/\/mont-roig.cat\/es\/actualitat\/noticies\/aquest-agost-arriben-dues-propostes-de-cinema-familiar-a-la-fresca-a-la-pista-destiu-de-mont-roig\/","og_site_name":"Ajuntament de Mont-roig del Camp","article_published_time":"2021-08-09T10:58:58+00:00","article_modified_time":"2021-08-09T11:02:01+00:00","og_image":[{"width":842,"height":1191,"url":"https:\/\/mont-roig.cat\/wp-content\/uploads\/MM_cinema_fresca.jpg","type":"image\/jpeg"}],"author":"comunicacio","twitter_card":"summary_large_image","twitter_misc":{"Escrito por":"comunicacio","Tiempo de lectura":"2 minutos"},"schema":{"@context":"https:\/\/schema.org","@graph":[{"@type":"Article","@id":"https:\/\/mont-roig.cat\/es\/actualitat\/noticies\/aquest-agost-arriben-dues-propostes-de-cinema-familiar-a-la-fresca-a-la-pista-destiu-de-mont-roig\/#article","isPartOf":{"@id":"https:\/\/mont-roig.cat\/es\/actualitat\/noticies\/aquest-agost-arriben-dues-propostes-de-cinema-familiar-a-la-fresca-a-la-pista-destiu-de-mont-roig\/"},"author":{"name":"comunicacio","@id":"https:\/\/mont-roig.cat\/es\/#\/schema\/person\/1f73e7b5e6f9dd122e8a6f14f310ac5e"},"headline":"Este agosto llegan dos propuestas de cine familiar al aire libre en la Pista d&#8217;Estiu de Mont-roig","datePublished":"2021-08-09T10:58:58+00:00","dateModified":"2021-08-09T11:02:01+00:00","mainEntityOfPage":{"@id":"https:\/\/mont-roig.cat\/es\/actualitat\/noticies\/aquest-agost-arriben-dues-propostes-de-cinema-familiar-a-la-fresca-a-la-pista-destiu-de-mont-roig\/"},"wordCount":295,"image":{"@id":"https:\/\/mont-roig.cat\/es\/actualitat\/noticies\/aquest-agost-arriben-dues-propostes-de-cinema-familiar-a-la-fresca-a-la-pista-destiu-de-mont-roig\/#primaryimage"},"thumbnailUrl":"https:\/\/mont-roig.cat\/wp-content\/uploads\/MM_cinema_fresca.jpg","articleSection":["Ayuntamiento","Cultura"],"inLanguage":"es"},{"@type":"WebPage","@id":"https:\/\/mont-roig.cat\/es\/actualitat\/noticies\/aquest-agost-arriben-dues-propostes-de-cinema-familiar-a-la-fresca-a-la-pista-destiu-de-mont-roig\/","url":"https:\/\/mont-roig.cat\/es\/actualitat\/noticies\/aquest-agost-arriben-dues-propostes-de-cinema-familiar-a-la-fresca-a-la-pista-destiu-de-mont-roig\/","name":"Este agosto llegan dos propuestas de cine familiar al aire libre en la Pista d'Estiu de Mont-roig - Ajuntament de Mont-roig del Camp","isPartOf":{"@id":"https:\/\/mont-roig.cat\/es\/#website"},"primaryImageOfPage":{"@id":"https:\/\/mont-roig.cat\/es\/actualitat\/noticies\/aquest-agost-arriben-dues-propostes-de-cinema-familiar-a-la-fresca-a-la-pista-destiu-de-mont-roig\/#primaryimage"},"image":{"@id":"https:\/\/mont-roig.cat\/es\/actualitat\/noticies\/aquest-agost-arriben-dues-propostes-de-cinema-familiar-a-la-fresca-a-la-pista-destiu-de-mont-roig\/#primaryimage"},"thumbnailUrl":"https:\/\/mont-roig.cat\/wp-content\/uploads\/MM_cinema_fresca.jpg","datePublished":"2021-08-09T10:58:58+00:00","dateModified":"2021-08-09T11:02:01+00:00","author":{"@id":"https:\/\/mont-roig.cat\/es\/#\/schema\/person\/1f73e7b5e6f9dd122e8a6f14f310ac5e"},"breadcrumb":{"@id":"https:\/\/mont-roig.cat\/es\/actualitat\/noticies\/aquest-agost-arriben-dues-propostes-de-cinema-familiar-a-la-fresca-a-la-pista-destiu-de-mont-roig\/#breadcrumb"},"inLanguage":"es","potentialAction":[{"@type":"ReadAction","target":["https:\/\/mont-roig.cat\/es\/actualitat\/noticies\/aquest-agost-arriben-dues-propostes-de-cinema-familiar-a-la-fresca-a-la-pista-destiu-de-mont-roig\/"]}]},{"@type":"ImageObject","inLanguage":"es","@id":"https:\/\/mont-roig.cat\/es\/actualitat\/noticies\/aquest-agost-arriben-dues-propostes-de-cinema-familiar-a-la-fresca-a-la-pista-destiu-de-mont-roig\/#primaryimage","url":"https:\/\/mont-roig.cat\/wp-content\/uploads\/MM_cinema_fresca.jpg","contentUrl":"https:\/\/mont-roig.cat\/wp-content\/uploads\/MM_cinema_fresca.jpg","width":842,"height":1191},{"@type":"BreadcrumbList","@id":"https:\/\/mont-roig.cat\/es\/actualitat\/noticies\/aquest-agost-arriben-dues-propostes-de-cinema-familiar-a-la-fresca-a-la-pista-destiu-de-mont-roig\/#breadcrumb","itemListElement":[{"@type":"ListItem","position":1,"name":"Inici","item":"https:\/\/mont-roig.cat\/es\/pagina-de-inicio\/"},{"@type":"ListItem","position":2,"name":"Este agosto llegan dos propuestas de cine familiar al aire libre en la Pista d&#8217;Estiu de Mont-roig"}]},{"@type":"WebSite","@id":"https:\/\/mont-roig.cat\/es\/#website","url":"https:\/\/mont-roig.cat\/es\/","name":"Ajuntament de Mont-roig del Camp","description":"Tota la informaci\u00f3 sobre la instituci\u00f3, els seus \u00f2rgans de govern, actualitat, serveis i molt m\u00e9s.","potentialAction":[{"@type":"SearchAction","target":{"@type":"EntryPoint","urlTemplate":"https:\/\/mont-roig.cat\/es\/?s={search_term_string}"},"query-input":{"@type":"PropertyValueSpecification","valueRequired":true,"valueName":"search_term_string"}}],"inLanguage":"es"},{"@type":"Person","@id":"https:\/\/mont-roig.cat\/es\/#\/schema\/person\/1f73e7b5e6f9dd122e8a6f14f310ac5e","name":"comunicacio","image":{"@type":"ImageObject","inLanguage":"es","@id":"https:\/\/secure.gravatar.com\/avatar\/98944333e7a877670a64f8d10f0cb680ab2c9ebc4efc43945ef004b52b5ad28c?s=96&d=mm&r=g","url":"https:\/\/secure.gravatar.com\/avatar\/98944333e7a877670a64f8d10f0cb680ab2c9ebc4efc43945ef004b52b5ad28c?s=96&d=mm&r=g","contentUrl":"https:\/\/secure.gravatar.com\/avatar\/98944333e7a877670a64f8d10f0cb680ab2c9ebc4efc43945ef004b52b5ad28c?s=96&d=mm&r=g","caption":"comunicacio"},"url":"https:\/\/mont-roig.cat\/es\/actualitat\/noticies\/author\/comunicacio\/"}]}},"_links":{"self":[{"href":"https:\/\/mont-roig.cat\/es\/wp-json\/wp\/v2\/posts\/57061","targetHints":{"allow":["GET"]}}],"collection":[{"href":"https:\/\/mont-roig.cat\/es\/wp-json\/wp\/v2\/posts"}],"about":[{"href":"https:\/\/mont-roig.cat\/es\/wp-json\/wp\/v2\/types\/post"}],"author":[{"embeddable":true,"href":"https:\/\/mont-roig.cat\/es\/wp-json\/wp\/v2\/users\/13"}],"replies":[{"embeddable":true,"href":"https:\/\/mont-roig.cat\/es\/wp-json\/wp\/v2\/comments?post=57061"}],"version-history":[{"count":2,"href":"https:\/\/mont-roig.cat\/es\/wp-json\/wp\/v2\/posts\/57061\/revisions"}],"predecessor-version":[{"id":57063,"href":"https:\/\/mont-roig.cat\/es\/wp-json\/wp\/v2\/posts\/57061\/revisions\/57063"}],"wp:featuredmedia":[{"embeddable":true,"href":"https:\/\/mont-roig.cat\/es\/wp-json\/wp\/v2\/media\/57054"}],"wp:attachment":[{"href":"https:\/\/mont-roig.cat\/es\/wp-json\/wp\/v2\/media?parent=57061"}],"wp:term":[{"taxonomy":"category","embeddable":true,"href":"https:\/\/mont-roig.cat\/es\/wp-json\/wp\/v2\/categories?post=57061"},{"taxonomy":"post_tag","embeddable":true,"href":"https:\/\/mont-roig.cat\/es\/wp-json\/wp\/v2\/tags?post=57061"}],"curies":[{"name":"wp","href":"https:\/\/api.w.org\/{rel}","templated":true}]}}