{"id":57182,"date":"2021-08-17T13:58:27","date_gmt":"2021-08-17T11:58:27","guid":{"rendered":"https:\/\/mont-roig.cat\/actualitat\/noticies\/30-comercos-de-mont-roig-i-de-miami-platja-participen-aquest-dissabte-al-shopping-day\/"},"modified":"2021-08-17T14:40:08","modified_gmt":"2021-08-17T12:40:08","slug":"30-comercos-de-mont-roig-i-de-miami-platja-participen-aquest-dissabte-al-shopping-day","status":"publish","type":"post","link":"https:\/\/mont-roig.cat\/es\/actualitat\/noticies\/30-comercos-de-mont-roig-i-de-miami-platja-participen-aquest-dissabte-al-shopping-day\/","title":{"rendered":"30 comercios de Mont-roig y de Miami Platja participan este s\u00e1bado en el Shopping Day"},"content":{"rendered":"<p><strong><strong><a href=\"https:\/\/mont-roig.cat\/wp-content\/uploads\/shopping-day.jpg\"><img loading=\"lazy\" decoding=\"async\" class=\"alignright wp-image-57178\" src=\"https:\/\/mont-roig.cat\/wp-content\/uploads\/shopping-day-500x500.jpg\" alt=\"\" width=\"302\" height=\"302\" srcset=\"https:\/\/mont-roig.cat\/wp-content\/uploads\/shopping-day-500x500.jpg 500w, https:\/\/mont-roig.cat\/wp-content\/uploads\/shopping-day-1024x1024.jpg 1024w, https:\/\/mont-roig.cat\/wp-content\/uploads\/shopping-day-50x50.jpg 50w, https:\/\/mont-roig.cat\/wp-content\/uploads\/shopping-day-768x768.jpg 768w, https:\/\/mont-roig.cat\/wp-content\/uploads\/shopping-day-560x560.jpg 560w, https:\/\/mont-roig.cat\/wp-content\/uploads\/shopping-day-367x367.jpg 367w, https:\/\/mont-roig.cat\/wp-content\/uploads\/shopping-day-450x450.jpg 450w, https:\/\/mont-roig.cat\/wp-content\/uploads\/shopping-day-85x85.jpg 85w, https:\/\/mont-roig.cat\/wp-content\/uploads\/shopping-day-45x45.jpg 45w, https:\/\/mont-roig.cat\/wp-content\/uploads\/shopping-day.jpg 1080w\" sizes=\"auto, (max-width: 302px) 100vw, 302px\" \/><\/a><\/strong><\/strong><\/p>\n<ul>\n<li><strong>Las personas que compren o consuman participar\u00e1n en diversos sorteos<\/strong><\/li>\n<\/ul>\n<p>&nbsp;<\/p>\n<p>Este s\u00e1bado 21 de agosto se celebrar\u00e1 el Shopping Day de Mont-roig y Miami Platja\u00a0 con el objetivo de promocionar el comercio y la restauraci\u00f3n local. Finalmente han sido 30 los establecimientos que se han querido sumar a la iniciativa que impulsa la concejal\u00eda de Impulso Econ\u00f3mico del Ayuntamiento de Mont-roig del Camp.<\/p>\n<p>Los comercios que han decidido sumarse a la iniciativa son:<\/p>\n<p><strong>De Miami Platja:<\/strong><\/p>\n<table>\n<tbody>\n<tr>\n<td width=\"576\">\n<ul>\n<li><strong>Eden Jard\u00ed\u00a0<\/strong>\u00a0 \u00a0 \u00a0 \u00a0 \u00a0 \u00a0 \u00a0 \u00a0 \u00a0 \u00a0 \u00a0 \u00a0 \u00a0 \u00a0 \u00a0 Av. Barcelona, 141<\/li>\n<\/ul>\n<\/td>\n<\/tr>\n<tr>\n<td width=\"576\">\n<ul>\n<li><strong>Duna Cortines i Toldos<\/strong>\u00a0 \u00a0 \u00a0 Av. Barcelona, 5<\/li>\n<\/ul>\n<\/td>\n<\/tr>\n<tr>\n<td width=\"576\">\n<ul>\n<li><strong>Duna Moda Miami\u00a0<\/strong> \u00a0 \u00a0 \u00a0 \u00a0 \u00a0\u00a0\u00a0\u00a0\u00a0Av. Barcelona, 91<\/li>\n<\/ul>\n<\/td>\n<\/tr>\n<tr>\n<td width=\"576\">\n<ul>\n<li><strong>Anacour Outlet\u00a0 \u00a0<\/strong>\u00a0 \u00a0 \u00a0 \u00a0 \u00a0 \u00a0 \u00a0 \u00a0 \u00a0 Av. Barcelona, 180, local 1<\/li>\n<\/ul>\n<\/td>\n<\/tr>\n<tr>\n<td width=\"576\">\n<ul>\n<li><strong>Regalos Bambi\u00a0<\/strong>\u00a0 \u00a0 \u00a0 \u00a0 \u00a0 \u00a0 \u00a0 \u00a0 \u00a0 \u00a0 \u00a0Av. Barcelona, 61<\/li>\n<\/ul>\n<\/td>\n<\/tr>\n<tr>\n<td width=\"576\">\n<ul>\n<li><strong>Dulce Vida\u00a0 \u00a0<\/strong>\u00a0 \u00a0 \u00a0 \u00a0 \u00a0 \u00a0 \u00a0 \u00a0 \u00a0 \u00a0 \u00a0 \u00a0 \u00a0 \u00a0C\/ Dr. Anton Pujades Fabregat, local 2<\/li>\n<\/ul>\n<\/td>\n<\/tr>\n<tr>\n<td width=\"576\">\n<ul>\n<li><strong>Moda Glow\u00a0 \u00a0<\/strong>\u00a0 \u00a0 \u00a0 \u00a0 \u00a0 \u00a0 \u00a0 \u00a0 \u00a0 \u00a0 \u00a0 \u00a0 \u00a0 Pla\u00e7a Tarragona, 3, local 6<\/li>\n<\/ul>\n<\/td>\n<\/tr>\n<tr>\n<td width=\"576\">\n<ul>\n<li><strong>Yasso Boutique<\/strong>\u00a0 \u00a0 \u00a0 \u00a0 \u00a0 \u00a0 \u00a0 \u00a0 \u00a0 \u00a0 Pla\u00e7a Tarragona, 3, local 5<\/li>\n<\/ul>\n<\/td>\n<\/tr>\n<tr>\n<td width=\"576\">\n<ul>\n<li><strong>Be Happy\u00a0 \u00a0<\/strong>\u00a0 \u00a0 \u00a0 \u00a0 \u00a0 \u00a0 \u00a0 \u00a0 \u00a0 \u00a0 \u00a0 \u00a0 \u00a0 \u00a0 \u00a0Av. Barcelona, 116<\/li>\n<\/ul>\n<\/td>\n<\/tr>\n<tr>\n<td width=\"576\">\n<ul>\n<li><strong>Styl-2 Peluquer\u00eda\u00a0<\/strong>\u00a0 \u00a0 \u00a0 \u00a0 \u00a0 \u00a0 \u00a0 Av. Barcelona, 37<\/li>\n<\/ul>\n<\/td>\n<\/tr>\n<tr>\n<td width=\"576\">\n<ul>\n<li><strong>Ferreteria Miami\u00a0<\/strong>\u00a0 \u00a0 \u00a0 \u00a0 \u00a0 \u00a0 \u00a0Av. Barcelona, 21<\/li>\n<\/ul>\n<\/td>\n<\/tr>\n<tr>\n<td width=\"576\">\n<ul>\n<li><strong>Le Salon\u00a0<\/strong>\u00a0 \u00a0 \u00a0 \u00a0 \u00a0 \u00a0 \u00a0 \u00a0 \u00a0 \u00a0 \u00a0 \u00a0 \u00a0 \u00a0 \u00a0 \u00a0Av. Gil Vernet, 34 bis, local 6<\/li>\n<\/ul>\n<\/td>\n<\/tr>\n<tr>\n<td width=\"576\">\n<ul>\n<li><strong>Papaya Caf\u00e9\u00a0<\/strong>\u00a0 \u00a0 \u00a0 \u00a0 \u00a0 \u00a0 \u00a0 \u00a0 \u00a0 \u00a0 \u00a0 \u00a0Av. Gil Vernet, 36<\/li>\n<\/ul>\n<\/td>\n<\/tr>\n<tr>\n<td width=\"576\">\n<ul>\n<li><strong>E&#8217;la Shop\u00a0 \u00a0 \u00a0<\/strong>\u00a0 \u00a0 \u00a0 \u00a0 \u00a0 \u00a0 \u00a0 \u00a0 \u00a0 \u00a0 \u00a0 \u00a0 \u00a0Av. Barcelona, 154 bis<\/li>\n<\/ul>\n<\/td>\n<\/tr>\n<tr>\n<td width=\"576\">\n<ul>\n<li><strong>Caffe Costadoro Miami <\/strong>Av. Barcelona, 112<\/li>\n<\/ul>\n<\/td>\n<\/tr>\n<tr>\n<td width=\"576\">\n<ul>\n<li><strong>Lolitas\u00a0 \u00a0<\/strong>\u00a0 \u00a0 \u00a0 \u00a0 \u00a0 \u00a0 \u00a0 \u00a0 \u00a0 \u00a0 \u00a0 \u00a0 \u00a0 \u00a0 \u00a0 \u00a0Av. Paris, 21, local 1<\/li>\n<\/ul>\n<\/td>\n<\/tr>\n<tr>\n<td width=\"576\">\n<ul>\n<li><strong>Hostal Cafeter\u00eda Pardo\u00a0<\/strong> Av. Barcelona, 132<\/li>\n<\/ul>\n<\/td>\n<\/tr>\n<tr>\n<td width=\"576\">\n<ul>\n<li><strong>Ferreter\u00eda El Almac\u00e9n<\/strong>\u00a0 \u00a0Av. Barcelona, 170<\/li>\n<\/ul>\n<\/td>\n<\/tr>\n<tr>\n<td width=\"576\">\n<ul>\n<li><strong>Megabici\u00a0 \u00a0<\/strong>\u00a0 \u00a0 \u00a0 \u00a0 \u00a0 \u00a0 \u00a0 \u00a0 \u00a0 \u00a0 \u00a0 \u00a0 \u00a0 Av. Los \u00c1ngeles, 13<\/li>\n<\/ul>\n<\/td>\n<\/tr>\n<tr>\n<td width=\"576\">\n<ul>\n<li><strong>La Parelleta\u00a0 \u00a0<\/strong>\u00a0 \u00a0 \u00a0 \u00a0 \u00a0 \u00a0 \u00a0 \u00a0 \u00a0 \u00a0 \u00a0Av. Barcelona, 124, local 1<\/li>\n<\/ul>\n<\/td>\n<\/tr>\n<tr>\n<td width=\"576\">\n<ul>\n<li><strong>Ferreteria Arteka\u00a0<\/strong>\u00a0 \u00a0 \u00a0 \u00a0 \u00a0 \u00a0 Av. Barcelona, 246<\/li>\n<\/ul>\n<\/td>\n<\/tr>\n<\/tbody>\n<\/table>\n<p><strong>De Mont-roig:<\/strong><\/p>\n<table>\n<tbody>\n<tr>\n<td width=\"576\">\n<ul>\n<li><strong>\u00d2ptica Mont-roig\u00a0\u00a0\u00a0 \u00a0 \u00a0 \u00a0 \u00a0 \u00a0 \u00a0 \u00a0<\/strong> \u00a0C\/ de la Ind\u00fastria, 23<\/li>\n<\/ul>\n<\/td>\n<\/tr>\n<tr>\n<td width=\"576\">\n<ul>\n<li><strong>Peixateria Mont-roig\u00a0 \u00a0\u00a0 \u00a0 \u00a0 \u00a0 <\/strong>\u00a0\u00a0C\/Francesc Riba i Mestre, 32<\/li>\n<\/ul>\n<\/td>\n<\/tr>\n<tr>\n<td width=\"576\">\n<ul>\n<li><strong>Centre d&#8217;Est\u00e8tica Fanny\u00a0\u00a0 \u00a0 \u00a0<\/strong>\u00a0 Carrer del Calvari, 3 bis<\/li>\n<\/ul>\n<\/td>\n<\/tr>\n<tr>\n<td width=\"576\">\n<ul>\n<li><strong>Flors Ester\u00a0\u00a0 \u00a0 \u00a0 \u00a0 \u00a0 \u00a0 \u00a0 \u00a0 \u00a0 \u00a0 \u00a0 \u00a0 \u00a0 <\/strong>\u00a0 \u00a0 Pl. Miramar, 9<\/li>\n<\/ul>\n<\/td>\n<\/tr>\n<tr>\n<td width=\"576\">\n<ul>\n<li><strong>Forn Juncosa\u00a0 \u00a0 \u00a0 \u00a0 \u00a0 \u00a0 \u00a0 \u00a0 \u00a0 \u00a0 \u00a0 \u00a0 \u00a0 \u00a0<\/strong>Av. Catalunya, 22<\/li>\n<\/ul>\n<\/td>\n<\/tr>\n<tr>\n<td width=\"576\">\n<ul>\n<li><strong>La Primavera\u00a0\u00a0 \u00a0 \u00a0 \u00a0 \u00a0 \u00a0 \u00a0 \u00a0 \u00a0 \u00a0 \u00a0 \u00a0 <\/strong>\u00a0C\/ Agust\u00ed Sard\u00e0, 22<\/li>\n<\/ul>\n<\/td>\n<\/tr>\n<tr>\n<td width=\"576\">\n<ul>\n<li><strong>La Calaixera\u00a0\u00a0 \u00a0 \u00a0 \u00a0 \u00a0 \u00a0 \u00a0 \u00a0 \u00a0 \u00a0 \u00a0 \u00a0<\/strong> \u00a0 \u00a0C\/ Montbri\u00f3, 13<\/li>\n<\/ul>\n<\/td>\n<\/tr>\n<tr>\n<td width=\"576\">\n<ul>\n<li><strong>Pensat per a tu\u00a0 \u00a0 \u00a0 \u00a0 \u00a0 \u00a0 \u00a0 \u00a0 \u00a0 <\/strong>\u00a0 \u00a0 \u00a0 C\/ Dr. Josep Anton Sagarra, 24<\/li>\n<\/ul>\n<\/td>\n<\/tr>\n<tr>\n<td width=\"576\">\n<ul>\n<li><strong>Est\u00e8tica Ainoha\u00a0 \u00a0 \u00a0 \u00a0 \u00a0 \u00a0 \u00a0 \u00a0 \u00a0 \u00a0 \u00a0 \u00a0<\/strong>C\/ Calvari, 7<\/li>\n<\/ul>\n<\/td>\n<\/tr>\n<\/tbody>\n<\/table>\n<p>El eje central del Shopping Day ser\u00e1 un sorteo que se har\u00e1 entre la clientela que compre o consuma en los negocios participantes. Los premios ser\u00e1n vales de compra a canjear en los mismos establecimientos participantes. El sorteo tendr\u00e1 lugar el d\u00eda 25 de agosto y los ganadores se dar\u00e1n a conocer a trav\u00e9s de las redes sociales del Ayuntamiento.<\/p>\n<p>Esta acci\u00f3n promocional, que est\u00e1 dirigida a los establecimientos comerciales y de restauraci\u00f3n de Mont-roig y Miami Platja, busca contribuir a la dinamizaci\u00f3n del tejido empresarial e incentivar las compras y consumiciones durante toda la jornada, aprovechando tambi\u00e9n la gran presencia de turistas y visitantes.<\/p>\n","protected":false},"excerpt":{"rendered":"<p>Las personas que compren o consuman participar\u00e1n en diversos sorteos &nbsp; Este s\u00e1bado 21 de agosto se celebrar\u00e1 el Shopping Day de Mont-roig y Miami Platja\u00a0 con el objetivo de promocionar el comercio y la restauraci\u00f3n local. Finalmente han sido 30 los establecimientos que se han querido sumar a la iniciativa que impulsa la concejal\u00eda [&hellip;]<\/p>\n","protected":false},"author":13,"featured_media":57179,"comment_status":"closed","ping_status":"closed","sticky":false,"template":"","format":"standard","meta":{"inline_featured_image":false,"_monsterinsights_skip_tracking":false,"_monsterinsights_sitenote_active":false,"_monsterinsights_sitenote_note":"","_monsterinsights_sitenote_category":0,"footnotes":""},"categories":[98,169],"tags":[],"class_list":["post-57182","post","type-post","status-publish","format-standard","has-post-thumbnail","hentry","category-ayuntamiento","category-impuls-economic-i-ocupacio-es"],"yoast_head":"<!-- This site is optimized with the Yoast SEO plugin v27.4 - https:\/\/yoast.com\/product\/yoast-seo-wordpress\/ -->\n<title>30 comercios de Mont-roig y de Miami Platja participan este s\u00e1bado en el Shopping Day - Ajuntament de Mont-roig del Camp<\/title>\n<meta name=\"robots\" content=\"index, follow, max-snippet:-1, max-image-preview:large, max-video-preview:-1\" \/>\n<link rel=\"canonical\" href=\"https:\/\/mont-roig.cat\/es\/actualitat\/noticies\/30-comercos-de-mont-roig-i-de-miami-platja-participen-aquest-dissabte-al-shopping-day\/\" \/>\n<meta property=\"og:locale\" content=\"es_ES\" \/>\n<meta property=\"og:type\" content=\"article\" \/>\n<meta property=\"og:title\" content=\"30 comercios de Mont-roig y de Miami Platja participan este s\u00e1bado en el Shopping Day - Ajuntament de Mont-roig del Camp\" \/>\n<meta property=\"og:description\" content=\"Las personas que compren o consuman participar\u00e1n en diversos sorteos &nbsp; Este s\u00e1bado 21 de agosto se celebrar\u00e1 el Shopping Day de Mont-roig y Miami Platja\u00a0 con el objetivo de promocionar el comercio y la restauraci\u00f3n local. Finalmente han sido 30 los establecimientos que se han querido sumar a la iniciativa que impulsa la concejal\u00eda [&hellip;]\" \/>\n<meta property=\"og:url\" content=\"https:\/\/mont-roig.cat\/es\/actualitat\/noticies\/30-comercos-de-mont-roig-i-de-miami-platja-participen-aquest-dissabte-al-shopping-day\/\" \/>\n<meta property=\"og:site_name\" content=\"Ajuntament de Mont-roig del Camp\" \/>\n<meta property=\"article:published_time\" content=\"2021-08-17T11:58:27+00:00\" \/>\n<meta property=\"article:modified_time\" content=\"2021-08-17T12:40:08+00:00\" \/>\n<meta property=\"og:image\" content=\"https:\/\/mont-roig.cat\/wp-content\/uploads\/shopping-day.jpg\" \/>\n\t<meta property=\"og:image:width\" content=\"1080\" \/>\n\t<meta property=\"og:image:height\" content=\"1080\" \/>\n\t<meta property=\"og:image:type\" content=\"image\/jpeg\" \/>\n<meta name=\"author\" content=\"comunicacio\" \/>\n<meta name=\"twitter:card\" content=\"summary_large_image\" \/>\n<meta name=\"twitter:label1\" content=\"Escrito por\" \/>\n\t<meta name=\"twitter:data1\" content=\"comunicacio\" \/>\n\t<meta name=\"twitter:label2\" content=\"Tiempo de lectura\" \/>\n\t<meta name=\"twitter:data2\" content=\"2 minutos\" \/>\n<script type=\"application\/ld+json\" class=\"yoast-schema-graph\">{\"@context\":\"https:\\\/\\\/schema.org\",\"@graph\":[{\"@type\":\"Article\",\"@id\":\"https:\\\/\\\/mont-roig.cat\\\/es\\\/actualitat\\\/noticies\\\/30-comercos-de-mont-roig-i-de-miami-platja-participen-aquest-dissabte-al-shopping-day\\\/#article\",\"isPartOf\":{\"@id\":\"https:\\\/\\\/mont-roig.cat\\\/es\\\/actualitat\\\/noticies\\\/30-comercos-de-mont-roig-i-de-miami-platja-participen-aquest-dissabte-al-shopping-day\\\/\"},\"author\":{\"name\":\"comunicacio\",\"@id\":\"https:\\\/\\\/mont-roig.cat\\\/es\\\/#\\\/schema\\\/person\\\/1f73e7b5e6f9dd122e8a6f14f310ac5e\"},\"headline\":\"30 comercios de Mont-roig y de Miami Platja participan este s\u00e1bado en el Shopping Day\",\"datePublished\":\"2021-08-17T11:58:27+00:00\",\"dateModified\":\"2021-08-17T12:40:08+00:00\",\"mainEntityOfPage\":{\"@id\":\"https:\\\/\\\/mont-roig.cat\\\/es\\\/actualitat\\\/noticies\\\/30-comercos-de-mont-roig-i-de-miami-platja-participen-aquest-dissabte-al-shopping-day\\\/\"},\"wordCount\":371,\"image\":{\"@id\":\"https:\\\/\\\/mont-roig.cat\\\/es\\\/actualitat\\\/noticies\\\/30-comercos-de-mont-roig-i-de-miami-platja-participen-aquest-dissabte-al-shopping-day\\\/#primaryimage\"},\"thumbnailUrl\":\"https:\\\/\\\/mont-roig.cat\\\/wp-content\\\/uploads\\\/shopping-day.jpg\",\"articleSection\":[\"Ayuntamiento\",\"Impuls Econ\u00f2mic i Ocupaci\u00f3\"],\"inLanguage\":\"es\"},{\"@type\":\"WebPage\",\"@id\":\"https:\\\/\\\/mont-roig.cat\\\/es\\\/actualitat\\\/noticies\\\/30-comercos-de-mont-roig-i-de-miami-platja-participen-aquest-dissabte-al-shopping-day\\\/\",\"url\":\"https:\\\/\\\/mont-roig.cat\\\/es\\\/actualitat\\\/noticies\\\/30-comercos-de-mont-roig-i-de-miami-platja-participen-aquest-dissabte-al-shopping-day\\\/\",\"name\":\"30 comercios de Mont-roig y de Miami Platja participan este s\u00e1bado en el Shopping Day - Ajuntament de Mont-roig del Camp\",\"isPartOf\":{\"@id\":\"https:\\\/\\\/mont-roig.cat\\\/es\\\/#website\"},\"primaryImageOfPage\":{\"@id\":\"https:\\\/\\\/mont-roig.cat\\\/es\\\/actualitat\\\/noticies\\\/30-comercos-de-mont-roig-i-de-miami-platja-participen-aquest-dissabte-al-shopping-day\\\/#primaryimage\"},\"image\":{\"@id\":\"https:\\\/\\\/mont-roig.cat\\\/es\\\/actualitat\\\/noticies\\\/30-comercos-de-mont-roig-i-de-miami-platja-participen-aquest-dissabte-al-shopping-day\\\/#primaryimage\"},\"thumbnailUrl\":\"https:\\\/\\\/mont-roig.cat\\\/wp-content\\\/uploads\\\/shopping-day.jpg\",\"datePublished\":\"2021-08-17T11:58:27+00:00\",\"dateModified\":\"2021-08-17T12:40:08+00:00\",\"author\":{\"@id\":\"https:\\\/\\\/mont-roig.cat\\\/es\\\/#\\\/schema\\\/person\\\/1f73e7b5e6f9dd122e8a6f14f310ac5e\"},\"breadcrumb\":{\"@id\":\"https:\\\/\\\/mont-roig.cat\\\/es\\\/actualitat\\\/noticies\\\/30-comercos-de-mont-roig-i-de-miami-platja-participen-aquest-dissabte-al-shopping-day\\\/#breadcrumb\"},\"inLanguage\":\"es\",\"potentialAction\":[{\"@type\":\"ReadAction\",\"target\":[\"https:\\\/\\\/mont-roig.cat\\\/es\\\/actualitat\\\/noticies\\\/30-comercos-de-mont-roig-i-de-miami-platja-participen-aquest-dissabte-al-shopping-day\\\/\"]}]},{\"@type\":\"ImageObject\",\"inLanguage\":\"es\",\"@id\":\"https:\\\/\\\/mont-roig.cat\\\/es\\\/actualitat\\\/noticies\\\/30-comercos-de-mont-roig-i-de-miami-platja-participen-aquest-dissabte-al-shopping-day\\\/#primaryimage\",\"url\":\"https:\\\/\\\/mont-roig.cat\\\/wp-content\\\/uploads\\\/shopping-day.jpg\",\"contentUrl\":\"https:\\\/\\\/mont-roig.cat\\\/wp-content\\\/uploads\\\/shopping-day.jpg\",\"width\":1080,\"height\":1080},{\"@type\":\"BreadcrumbList\",\"@id\":\"https:\\\/\\\/mont-roig.cat\\\/es\\\/actualitat\\\/noticies\\\/30-comercos-de-mont-roig-i-de-miami-platja-participen-aquest-dissabte-al-shopping-day\\\/#breadcrumb\",\"itemListElement\":[{\"@type\":\"ListItem\",\"position\":1,\"name\":\"Inici\",\"item\":\"https:\\\/\\\/mont-roig.cat\\\/es\\\/pagina-de-inicio\\\/\"},{\"@type\":\"ListItem\",\"position\":2,\"name\":\"30 comercios de Mont-roig y de Miami Platja participan este s\u00e1bado en el Shopping Day\"}]},{\"@type\":\"WebSite\",\"@id\":\"https:\\\/\\\/mont-roig.cat\\\/es\\\/#website\",\"url\":\"https:\\\/\\\/mont-roig.cat\\\/es\\\/\",\"name\":\"Ajuntament de Mont-roig del Camp\",\"description\":\"Tota la informaci\u00f3 sobre la instituci\u00f3, els seus \u00f2rgans de govern, actualitat, serveis i molt m\u00e9s.\",\"potentialAction\":[{\"@type\":\"SearchAction\",\"target\":{\"@type\":\"EntryPoint\",\"urlTemplate\":\"https:\\\/\\\/mont-roig.cat\\\/es\\\/?s={search_term_string}\"},\"query-input\":{\"@type\":\"PropertyValueSpecification\",\"valueRequired\":true,\"valueName\":\"search_term_string\"}}],\"inLanguage\":\"es\"},{\"@type\":\"Person\",\"@id\":\"https:\\\/\\\/mont-roig.cat\\\/es\\\/#\\\/schema\\\/person\\\/1f73e7b5e6f9dd122e8a6f14f310ac5e\",\"name\":\"comunicacio\",\"image\":{\"@type\":\"ImageObject\",\"inLanguage\":\"es\",\"@id\":\"https:\\\/\\\/secure.gravatar.com\\\/avatar\\\/98944333e7a877670a64f8d10f0cb680ab2c9ebc4efc43945ef004b52b5ad28c?s=96&d=mm&r=g\",\"url\":\"https:\\\/\\\/secure.gravatar.com\\\/avatar\\\/98944333e7a877670a64f8d10f0cb680ab2c9ebc4efc43945ef004b52b5ad28c?s=96&d=mm&r=g\",\"contentUrl\":\"https:\\\/\\\/secure.gravatar.com\\\/avatar\\\/98944333e7a877670a64f8d10f0cb680ab2c9ebc4efc43945ef004b52b5ad28c?s=96&d=mm&r=g\",\"caption\":\"comunicacio\"},\"url\":\"https:\\\/\\\/mont-roig.cat\\\/es\\\/actualitat\\\/noticies\\\/author\\\/comunicacio\\\/\"}]}<\/script>\n<!-- \/ Yoast SEO plugin. -->","yoast_head_json":{"title":"30 comercios de Mont-roig y de Miami Platja participan este s\u00e1bado en el Shopping Day - Ajuntament de Mont-roig del Camp","robots":{"index":"index","follow":"follow","max-snippet":"max-snippet:-1","max-image-preview":"max-image-preview:large","max-video-preview":"max-video-preview:-1"},"canonical":"https:\/\/mont-roig.cat\/es\/actualitat\/noticies\/30-comercos-de-mont-roig-i-de-miami-platja-participen-aquest-dissabte-al-shopping-day\/","og_locale":"es_ES","og_type":"article","og_title":"30 comercios de Mont-roig y de Miami Platja participan este s\u00e1bado en el Shopping Day - Ajuntament de Mont-roig del Camp","og_description":"Las personas que compren o consuman participar\u00e1n en diversos sorteos &nbsp; Este s\u00e1bado 21 de agosto se celebrar\u00e1 el Shopping Day de Mont-roig y Miami Platja\u00a0 con el objetivo de promocionar el comercio y la restauraci\u00f3n local. Finalmente han sido 30 los establecimientos que se han querido sumar a la iniciativa que impulsa la concejal\u00eda [&hellip;]","og_url":"https:\/\/mont-roig.cat\/es\/actualitat\/noticies\/30-comercos-de-mont-roig-i-de-miami-platja-participen-aquest-dissabte-al-shopping-day\/","og_site_name":"Ajuntament de Mont-roig del Camp","article_published_time":"2021-08-17T11:58:27+00:00","article_modified_time":"2021-08-17T12:40:08+00:00","og_image":[{"width":1080,"height":1080,"url":"https:\/\/mont-roig.cat\/wp-content\/uploads\/shopping-day.jpg","type":"image\/jpeg"}],"author":"comunicacio","twitter_card":"summary_large_image","twitter_misc":{"Escrito por":"comunicacio","Tiempo de lectura":"2 minutos"},"schema":{"@context":"https:\/\/schema.org","@graph":[{"@type":"Article","@id":"https:\/\/mont-roig.cat\/es\/actualitat\/noticies\/30-comercos-de-mont-roig-i-de-miami-platja-participen-aquest-dissabte-al-shopping-day\/#article","isPartOf":{"@id":"https:\/\/mont-roig.cat\/es\/actualitat\/noticies\/30-comercos-de-mont-roig-i-de-miami-platja-participen-aquest-dissabte-al-shopping-day\/"},"author":{"name":"comunicacio","@id":"https:\/\/mont-roig.cat\/es\/#\/schema\/person\/1f73e7b5e6f9dd122e8a6f14f310ac5e"},"headline":"30 comercios de Mont-roig y de Miami Platja participan este s\u00e1bado en el Shopping Day","datePublished":"2021-08-17T11:58:27+00:00","dateModified":"2021-08-17T12:40:08+00:00","mainEntityOfPage":{"@id":"https:\/\/mont-roig.cat\/es\/actualitat\/noticies\/30-comercos-de-mont-roig-i-de-miami-platja-participen-aquest-dissabte-al-shopping-day\/"},"wordCount":371,"image":{"@id":"https:\/\/mont-roig.cat\/es\/actualitat\/noticies\/30-comercos-de-mont-roig-i-de-miami-platja-participen-aquest-dissabte-al-shopping-day\/#primaryimage"},"thumbnailUrl":"https:\/\/mont-roig.cat\/wp-content\/uploads\/shopping-day.jpg","articleSection":["Ayuntamiento","Impuls Econ\u00f2mic i Ocupaci\u00f3"],"inLanguage":"es"},{"@type":"WebPage","@id":"https:\/\/mont-roig.cat\/es\/actualitat\/noticies\/30-comercos-de-mont-roig-i-de-miami-platja-participen-aquest-dissabte-al-shopping-day\/","url":"https:\/\/mont-roig.cat\/es\/actualitat\/noticies\/30-comercos-de-mont-roig-i-de-miami-platja-participen-aquest-dissabte-al-shopping-day\/","name":"30 comercios de Mont-roig y de Miami Platja participan este s\u00e1bado en el Shopping Day - Ajuntament de Mont-roig del Camp","isPartOf":{"@id":"https:\/\/mont-roig.cat\/es\/#website"},"primaryImageOfPage":{"@id":"https:\/\/mont-roig.cat\/es\/actualitat\/noticies\/30-comercos-de-mont-roig-i-de-miami-platja-participen-aquest-dissabte-al-shopping-day\/#primaryimage"},"image":{"@id":"https:\/\/mont-roig.cat\/es\/actualitat\/noticies\/30-comercos-de-mont-roig-i-de-miami-platja-participen-aquest-dissabte-al-shopping-day\/#primaryimage"},"thumbnailUrl":"https:\/\/mont-roig.cat\/wp-content\/uploads\/shopping-day.jpg","datePublished":"2021-08-17T11:58:27+00:00","dateModified":"2021-08-17T12:40:08+00:00","author":{"@id":"https:\/\/mont-roig.cat\/es\/#\/schema\/person\/1f73e7b5e6f9dd122e8a6f14f310ac5e"},"breadcrumb":{"@id":"https:\/\/mont-roig.cat\/es\/actualitat\/noticies\/30-comercos-de-mont-roig-i-de-miami-platja-participen-aquest-dissabte-al-shopping-day\/#breadcrumb"},"inLanguage":"es","potentialAction":[{"@type":"ReadAction","target":["https:\/\/mont-roig.cat\/es\/actualitat\/noticies\/30-comercos-de-mont-roig-i-de-miami-platja-participen-aquest-dissabte-al-shopping-day\/"]}]},{"@type":"ImageObject","inLanguage":"es","@id":"https:\/\/mont-roig.cat\/es\/actualitat\/noticies\/30-comercos-de-mont-roig-i-de-miami-platja-participen-aquest-dissabte-al-shopping-day\/#primaryimage","url":"https:\/\/mont-roig.cat\/wp-content\/uploads\/shopping-day.jpg","contentUrl":"https:\/\/mont-roig.cat\/wp-content\/uploads\/shopping-day.jpg","width":1080,"height":1080},{"@type":"BreadcrumbList","@id":"https:\/\/mont-roig.cat\/es\/actualitat\/noticies\/30-comercos-de-mont-roig-i-de-miami-platja-participen-aquest-dissabte-al-shopping-day\/#breadcrumb","itemListElement":[{"@type":"ListItem","position":1,"name":"Inici","item":"https:\/\/mont-roig.cat\/es\/pagina-de-inicio\/"},{"@type":"ListItem","position":2,"name":"30 comercios de Mont-roig y de Miami Platja participan este s\u00e1bado en el Shopping Day"}]},{"@type":"WebSite","@id":"https:\/\/mont-roig.cat\/es\/#website","url":"https:\/\/mont-roig.cat\/es\/","name":"Ajuntament de Mont-roig del Camp","description":"Tota la informaci\u00f3 sobre la instituci\u00f3, els seus \u00f2rgans de govern, actualitat, serveis i molt m\u00e9s.","potentialAction":[{"@type":"SearchAction","target":{"@type":"EntryPoint","urlTemplate":"https:\/\/mont-roig.cat\/es\/?s={search_term_string}"},"query-input":{"@type":"PropertyValueSpecification","valueRequired":true,"valueName":"search_term_string"}}],"inLanguage":"es"},{"@type":"Person","@id":"https:\/\/mont-roig.cat\/es\/#\/schema\/person\/1f73e7b5e6f9dd122e8a6f14f310ac5e","name":"comunicacio","image":{"@type":"ImageObject","inLanguage":"es","@id":"https:\/\/secure.gravatar.com\/avatar\/98944333e7a877670a64f8d10f0cb680ab2c9ebc4efc43945ef004b52b5ad28c?s=96&d=mm&r=g","url":"https:\/\/secure.gravatar.com\/avatar\/98944333e7a877670a64f8d10f0cb680ab2c9ebc4efc43945ef004b52b5ad28c?s=96&d=mm&r=g","contentUrl":"https:\/\/secure.gravatar.com\/avatar\/98944333e7a877670a64f8d10f0cb680ab2c9ebc4efc43945ef004b52b5ad28c?s=96&d=mm&r=g","caption":"comunicacio"},"url":"https:\/\/mont-roig.cat\/es\/actualitat\/noticies\/author\/comunicacio\/"}]}},"_links":{"self":[{"href":"https:\/\/mont-roig.cat\/es\/wp-json\/wp\/v2\/posts\/57182","targetHints":{"allow":["GET"]}}],"collection":[{"href":"https:\/\/mont-roig.cat\/es\/wp-json\/wp\/v2\/posts"}],"about":[{"href":"https:\/\/mont-roig.cat\/es\/wp-json\/wp\/v2\/types\/post"}],"author":[{"embeddable":true,"href":"https:\/\/mont-roig.cat\/es\/wp-json\/wp\/v2\/users\/13"}],"replies":[{"embeddable":true,"href":"https:\/\/mont-roig.cat\/es\/wp-json\/wp\/v2\/comments?post=57182"}],"version-history":[{"count":4,"href":"https:\/\/mont-roig.cat\/es\/wp-json\/wp\/v2\/posts\/57182\/revisions"}],"predecessor-version":[{"id":57189,"href":"https:\/\/mont-roig.cat\/es\/wp-json\/wp\/v2\/posts\/57182\/revisions\/57189"}],"wp:featuredmedia":[{"embeddable":true,"href":"https:\/\/mont-roig.cat\/es\/wp-json\/wp\/v2\/media\/57179"}],"wp:attachment":[{"href":"https:\/\/mont-roig.cat\/es\/wp-json\/wp\/v2\/media?parent=57182"}],"wp:term":[{"taxonomy":"category","embeddable":true,"href":"https:\/\/mont-roig.cat\/es\/wp-json\/wp\/v2\/categories?post=57182"},{"taxonomy":"post_tag","embeddable":true,"href":"https:\/\/mont-roig.cat\/es\/wp-json\/wp\/v2\/tags?post=57182"}],"curies":[{"name":"wp","href":"https:\/\/api.w.org\/{rel}","templated":true}]}}