{"id":57278,"date":"2021-09-02T16:44:28","date_gmt":"2021-09-02T14:44:28","guid":{"rendered":"https:\/\/mont-roig.cat\/?p=57278"},"modified":"2021-09-02T16:44:28","modified_gmt":"2021-09-02T14:44:28","slug":"vuelve-la-festividad-de-la-mare-de-deu-de-la-roca","status":"publish","type":"post","link":"https:\/\/mont-roig.cat\/es\/actualitat\/noticies\/vuelve-la-festividad-de-la-mare-de-deu-de-la-roca\/","title":{"rendered":"Vuelve la festividad de la Mare de D\u00e9u de la Roca"},"content":{"rendered":"<ul>\n<li><a href=\"https:\/\/mont-roig.cat\/wp-content\/uploads\/Cartell-MD-de-la-Roca-scaled.jpg\"><img loading=\"lazy\" decoding=\"async\" class=\"alignright wp-image-57275\" src=\"https:\/\/mont-roig.cat\/wp-content\/uploads\/Cartell-MD-de-la-Roca-354x500.jpg\" alt=\"\" width=\"250\" height=\"353\" srcset=\"https:\/\/mont-roig.cat\/wp-content\/uploads\/Cartell-MD-de-la-Roca-354x500.jpg 354w, https:\/\/mont-roig.cat\/wp-content\/uploads\/Cartell-MD-de-la-Roca-724x1024.jpg 724w, https:\/\/mont-roig.cat\/wp-content\/uploads\/Cartell-MD-de-la-Roca-768x1086.jpg 768w, https:\/\/mont-roig.cat\/wp-content\/uploads\/Cartell-MD-de-la-Roca-1087x1536.jpg 1087w, https:\/\/mont-roig.cat\/wp-content\/uploads\/Cartell-MD-de-la-Roca-scaled.jpg 1449w\" sizes=\"auto, (max-width: 250px) 100vw, 250px\" \/><\/a><strong>La tradicional recepci\u00f3n a las M. de la Roca y Roca y el concierto de sardanas en la Ermita son algunos de los actos de la fiesta<\/strong><\/li>\n<\/ul>\n<p>El d\u00eda 8 de septiembre se celebra la festividad de la Mare de D\u00e9u de la Roca, y este a\u00f1o, aunque con aforo reducido, vuelven las actividades tradicionales en honor a la patrona de Mont-roig del Camp.<\/p>\n<p>Este s\u00e1bado, 4 de septiembre, a las 19 h, en la Casa de Cultura de Mont-roig, el Ayuntamiento celebrar\u00e1 la tradicional recepci\u00f3n a las M. de la Roca y Roca. Un acto de reconocimiento a las chicas y mujeres que llevan el nombre de esta virgen. El Ayuntamiento retoma este acto institucional, despu\u00e9s de que el a\u00f1o pasado no se pudiera celebrar debido a la situaci\u00f3n sanitaria vivida por coronavirus.<\/p>\n<p>Por otra parte, el Patronat Mare de D\u00e9u de la Roca, ha programado diversos actos con motivo de la festividad. Habr\u00e1 varias misas que se celebrar\u00e1n en la Iglesia Parroquial de Sant Miquel Arc\u00e0ngel, pero las actividades principales tendr\u00e1n lugar en la Ermita\u00a0 Mare de D\u00e9u de la Roca el mismo d\u00eda 8 de septiembre. As\u00ed, a las 12.00 h habr\u00e1 una misa solemne y a las 19.00h de la tarde se har\u00e1 el concierto de sardanas con la cobla Principal de Tarragona. El concierto de sardanas sustituye la tradicional baile de sardanas y <em>ball de coques<\/em> que se hac\u00eda cada a\u00f1o en la plaza, ya que por las medidas decretadas no se pueden celebrar encuentros de sardanas.<\/p>\n<p>Hay que tener en cuenta que el aforo al concierto de sardanas es limitado y que es necesaria inscripci\u00f3n previa al correo electr\u00f3nico del Departamento de Cultura, a cultura@mont-roig.cat.<\/p>\n<p>Se pueden consultar todos los actos en el programa que nos ha hecho llegar el Patronat de la Mare de D\u00e9u de la Roca.<\/p>\n<p>&nbsp;<\/p>\n<p>&nbsp;<\/p>\n","protected":false},"excerpt":{"rendered":"<p>La tradicional recepci\u00f3n a las M. de la Roca y Roca y el concierto de sardanas en la Ermita son algunos de los actos de la fiesta El d\u00eda 8 de septiembre se celebra la festividad de la Mare de D\u00e9u de la Roca, y este a\u00f1o, aunque con aforo reducido, vuelven las actividades tradicionales [&hellip;]<\/p>\n","protected":false},"author":4,"featured_media":57280,"comment_status":"closed","ping_status":"closed","sticky":false,"template":"","format":"standard","meta":{"inline_featured_image":false,"_monsterinsights_skip_tracking":false,"_monsterinsights_sitenote_active":false,"_monsterinsights_sitenote_note":"","_monsterinsights_sitenote_category":0,"footnotes":""},"categories":[101],"tags":[],"class_list":["post-57278","post","type-post","status-publish","format-standard","has-post-thumbnail","hentry","category-cultura-es"],"yoast_head":"<!-- This site is optimized with the Yoast SEO plugin v27.4 - https:\/\/yoast.com\/product\/yoast-seo-wordpress\/ -->\n<title>Vuelve la festividad de la Mare de D\u00e9u de la Roca - Ajuntament de Mont-roig del Camp<\/title>\n<meta name=\"robots\" content=\"index, follow, max-snippet:-1, max-image-preview:large, max-video-preview:-1\" \/>\n<link rel=\"canonical\" href=\"https:\/\/mont-roig.cat\/es\/actualitat\/noticies\/vuelve-la-festividad-de-la-mare-de-deu-de-la-roca\/\" \/>\n<meta property=\"og:locale\" content=\"es_ES\" \/>\n<meta property=\"og:type\" content=\"article\" \/>\n<meta property=\"og:title\" content=\"Vuelve la festividad de la Mare de D\u00e9u de la Roca - Ajuntament de Mont-roig del Camp\" \/>\n<meta property=\"og:description\" content=\"La tradicional recepci\u00f3n a las M. de la Roca y Roca y el concierto de sardanas en la Ermita son algunos de los actos de la fiesta El d\u00eda 8 de septiembre se celebra la festividad de la Mare de D\u00e9u de la Roca, y este a\u00f1o, aunque con aforo reducido, vuelven las actividades tradicionales [&hellip;]\" \/>\n<meta property=\"og:url\" content=\"https:\/\/mont-roig.cat\/es\/actualitat\/noticies\/vuelve-la-festividad-de-la-mare-de-deu-de-la-roca\/\" \/>\n<meta property=\"og:site_name\" content=\"Ajuntament de Mont-roig del Camp\" \/>\n<meta property=\"article:published_time\" content=\"2021-09-02T14:44:28+00:00\" \/>\n<meta property=\"og:image\" content=\"https:\/\/mont-roig.cat\/wp-content\/uploads\/Ermita-Mare-de-D\u00e9u-de-la-Roca_-1024x685.jpg\" \/>\n\t<meta property=\"og:image:width\" content=\"1024\" \/>\n\t<meta property=\"og:image:height\" content=\"685\" \/>\n\t<meta property=\"og:image:type\" content=\"image\/jpeg\" \/>\n<meta name=\"author\" content=\"administrador\" \/>\n<meta name=\"twitter:card\" content=\"summary_large_image\" \/>\n<meta name=\"twitter:label1\" content=\"Escrito por\" \/>\n\t<meta name=\"twitter:data1\" content=\"administrador\" \/>\n\t<meta name=\"twitter:label2\" content=\"Tiempo de lectura\" \/>\n\t<meta name=\"twitter:data2\" content=\"2 minutos\" \/>\n<script type=\"application\/ld+json\" class=\"yoast-schema-graph\">{\"@context\":\"https:\\\/\\\/schema.org\",\"@graph\":[{\"@type\":\"Article\",\"@id\":\"https:\\\/\\\/mont-roig.cat\\\/es\\\/actualitat\\\/noticies\\\/vuelve-la-festividad-de-la-mare-de-deu-de-la-roca\\\/#article\",\"isPartOf\":{\"@id\":\"https:\\\/\\\/mont-roig.cat\\\/es\\\/actualitat\\\/noticies\\\/vuelve-la-festividad-de-la-mare-de-deu-de-la-roca\\\/\"},\"author\":{\"name\":\"administrador\",\"@id\":\"https:\\\/\\\/mont-roig.cat\\\/es\\\/#\\\/schema\\\/person\\\/f2b111789f22b7d0c3bd6786c9128cba\"},\"headline\":\"Vuelve la festividad de la Mare de D\u00e9u de la Roca\",\"datePublished\":\"2021-09-02T14:44:28+00:00\",\"mainEntityOfPage\":{\"@id\":\"https:\\\/\\\/mont-roig.cat\\\/es\\\/actualitat\\\/noticies\\\/vuelve-la-festividad-de-la-mare-de-deu-de-la-roca\\\/\"},\"wordCount\":336,\"image\":{\"@id\":\"https:\\\/\\\/mont-roig.cat\\\/es\\\/actualitat\\\/noticies\\\/vuelve-la-festividad-de-la-mare-de-deu-de-la-roca\\\/#primaryimage\"},\"thumbnailUrl\":\"https:\\\/\\\/mont-roig.cat\\\/wp-content\\\/uploads\\\/Ermita-Mare-de-D\u00e9u-de-la-Roca_.jpg\",\"articleSection\":[\"Cultura\"],\"inLanguage\":\"es\"},{\"@type\":\"WebPage\",\"@id\":\"https:\\\/\\\/mont-roig.cat\\\/es\\\/actualitat\\\/noticies\\\/vuelve-la-festividad-de-la-mare-de-deu-de-la-roca\\\/\",\"url\":\"https:\\\/\\\/mont-roig.cat\\\/es\\\/actualitat\\\/noticies\\\/vuelve-la-festividad-de-la-mare-de-deu-de-la-roca\\\/\",\"name\":\"Vuelve la festividad de la Mare de D\u00e9u de la Roca - Ajuntament de Mont-roig del Camp\",\"isPartOf\":{\"@id\":\"https:\\\/\\\/mont-roig.cat\\\/es\\\/#website\"},\"primaryImageOfPage\":{\"@id\":\"https:\\\/\\\/mont-roig.cat\\\/es\\\/actualitat\\\/noticies\\\/vuelve-la-festividad-de-la-mare-de-deu-de-la-roca\\\/#primaryimage\"},\"image\":{\"@id\":\"https:\\\/\\\/mont-roig.cat\\\/es\\\/actualitat\\\/noticies\\\/vuelve-la-festividad-de-la-mare-de-deu-de-la-roca\\\/#primaryimage\"},\"thumbnailUrl\":\"https:\\\/\\\/mont-roig.cat\\\/wp-content\\\/uploads\\\/Ermita-Mare-de-D\u00e9u-de-la-Roca_.jpg\",\"datePublished\":\"2021-09-02T14:44:28+00:00\",\"author\":{\"@id\":\"https:\\\/\\\/mont-roig.cat\\\/es\\\/#\\\/schema\\\/person\\\/f2b111789f22b7d0c3bd6786c9128cba\"},\"breadcrumb\":{\"@id\":\"https:\\\/\\\/mont-roig.cat\\\/es\\\/actualitat\\\/noticies\\\/vuelve-la-festividad-de-la-mare-de-deu-de-la-roca\\\/#breadcrumb\"},\"inLanguage\":\"es\",\"potentialAction\":[{\"@type\":\"ReadAction\",\"target\":[\"https:\\\/\\\/mont-roig.cat\\\/es\\\/actualitat\\\/noticies\\\/vuelve-la-festividad-de-la-mare-de-deu-de-la-roca\\\/\"]}]},{\"@type\":\"ImageObject\",\"inLanguage\":\"es\",\"@id\":\"https:\\\/\\\/mont-roig.cat\\\/es\\\/actualitat\\\/noticies\\\/vuelve-la-festividad-de-la-mare-de-deu-de-la-roca\\\/#primaryimage\",\"url\":\"https:\\\/\\\/mont-roig.cat\\\/wp-content\\\/uploads\\\/Ermita-Mare-de-D\u00e9u-de-la-Roca_.jpg\",\"contentUrl\":\"https:\\\/\\\/mont-roig.cat\\\/wp-content\\\/uploads\\\/Ermita-Mare-de-D\u00e9u-de-la-Roca_.jpg\",\"width\":3872,\"height\":2592},{\"@type\":\"BreadcrumbList\",\"@id\":\"https:\\\/\\\/mont-roig.cat\\\/es\\\/actualitat\\\/noticies\\\/vuelve-la-festividad-de-la-mare-de-deu-de-la-roca\\\/#breadcrumb\",\"itemListElement\":[{\"@type\":\"ListItem\",\"position\":1,\"name\":\"Inici\",\"item\":\"https:\\\/\\\/mont-roig.cat\\\/es\\\/pagina-de-inicio\\\/\"},{\"@type\":\"ListItem\",\"position\":2,\"name\":\"Vuelve la festividad de la Mare de D\u00e9u de la Roca\"}]},{\"@type\":\"WebSite\",\"@id\":\"https:\\\/\\\/mont-roig.cat\\\/es\\\/#website\",\"url\":\"https:\\\/\\\/mont-roig.cat\\\/es\\\/\",\"name\":\"Ajuntament de Mont-roig del Camp\",\"description\":\"Tota la informaci\u00f3 sobre la instituci\u00f3, els seus \u00f2rgans de govern, actualitat, serveis i molt m\u00e9s.\",\"potentialAction\":[{\"@type\":\"SearchAction\",\"target\":{\"@type\":\"EntryPoint\",\"urlTemplate\":\"https:\\\/\\\/mont-roig.cat\\\/es\\\/?s={search_term_string}\"},\"query-input\":{\"@type\":\"PropertyValueSpecification\",\"valueRequired\":true,\"valueName\":\"search_term_string\"}}],\"inLanguage\":\"es\"},{\"@type\":\"Person\",\"@id\":\"https:\\\/\\\/mont-roig.cat\\\/es\\\/#\\\/schema\\\/person\\\/f2b111789f22b7d0c3bd6786c9128cba\",\"name\":\"administrador\",\"image\":{\"@type\":\"ImageObject\",\"inLanguage\":\"es\",\"@id\":\"https:\\\/\\\/secure.gravatar.com\\\/avatar\\\/9137aac6891e2595c9d3036fd83bcb653b4db3c946db4c7d9b9be193c3c944bb?s=96&d=mm&r=g\",\"url\":\"https:\\\/\\\/secure.gravatar.com\\\/avatar\\\/9137aac6891e2595c9d3036fd83bcb653b4db3c946db4c7d9b9be193c3c944bb?s=96&d=mm&r=g\",\"contentUrl\":\"https:\\\/\\\/secure.gravatar.com\\\/avatar\\\/9137aac6891e2595c9d3036fd83bcb653b4db3c946db4c7d9b9be193c3c944bb?s=96&d=mm&r=g\",\"caption\":\"administrador\"},\"url\":\"https:\\\/\\\/mont-roig.cat\\\/es\\\/actualitat\\\/noticies\\\/author\\\/administrador\\\/\"}]}<\/script>\n<!-- \/ Yoast SEO plugin. -->","yoast_head_json":{"title":"Vuelve la festividad de la Mare de D\u00e9u de la Roca - Ajuntament de Mont-roig del Camp","robots":{"index":"index","follow":"follow","max-snippet":"max-snippet:-1","max-image-preview":"max-image-preview:large","max-video-preview":"max-video-preview:-1"},"canonical":"https:\/\/mont-roig.cat\/es\/actualitat\/noticies\/vuelve-la-festividad-de-la-mare-de-deu-de-la-roca\/","og_locale":"es_ES","og_type":"article","og_title":"Vuelve la festividad de la Mare de D\u00e9u de la Roca - Ajuntament de Mont-roig del Camp","og_description":"La tradicional recepci\u00f3n a las M. de la Roca y Roca y el concierto de sardanas en la Ermita son algunos de los actos de la fiesta El d\u00eda 8 de septiembre se celebra la festividad de la Mare de D\u00e9u de la Roca, y este a\u00f1o, aunque con aforo reducido, vuelven las actividades tradicionales [&hellip;]","og_url":"https:\/\/mont-roig.cat\/es\/actualitat\/noticies\/vuelve-la-festividad-de-la-mare-de-deu-de-la-roca\/","og_site_name":"Ajuntament de Mont-roig del Camp","article_published_time":"2021-09-02T14:44:28+00:00","og_image":[{"width":1024,"height":685,"url":"https:\/\/mont-roig.cat\/wp-content\/uploads\/Ermita-Mare-de-D\u00e9u-de-la-Roca_-1024x685.jpg","type":"image\/jpeg"}],"author":"administrador","twitter_card":"summary_large_image","twitter_misc":{"Escrito por":"administrador","Tiempo de lectura":"2 minutos"},"schema":{"@context":"https:\/\/schema.org","@graph":[{"@type":"Article","@id":"https:\/\/mont-roig.cat\/es\/actualitat\/noticies\/vuelve-la-festividad-de-la-mare-de-deu-de-la-roca\/#article","isPartOf":{"@id":"https:\/\/mont-roig.cat\/es\/actualitat\/noticies\/vuelve-la-festividad-de-la-mare-de-deu-de-la-roca\/"},"author":{"name":"administrador","@id":"https:\/\/mont-roig.cat\/es\/#\/schema\/person\/f2b111789f22b7d0c3bd6786c9128cba"},"headline":"Vuelve la festividad de la Mare de D\u00e9u de la Roca","datePublished":"2021-09-02T14:44:28+00:00","mainEntityOfPage":{"@id":"https:\/\/mont-roig.cat\/es\/actualitat\/noticies\/vuelve-la-festividad-de-la-mare-de-deu-de-la-roca\/"},"wordCount":336,"image":{"@id":"https:\/\/mont-roig.cat\/es\/actualitat\/noticies\/vuelve-la-festividad-de-la-mare-de-deu-de-la-roca\/#primaryimage"},"thumbnailUrl":"https:\/\/mont-roig.cat\/wp-content\/uploads\/Ermita-Mare-de-D\u00e9u-de-la-Roca_.jpg","articleSection":["Cultura"],"inLanguage":"es"},{"@type":"WebPage","@id":"https:\/\/mont-roig.cat\/es\/actualitat\/noticies\/vuelve-la-festividad-de-la-mare-de-deu-de-la-roca\/","url":"https:\/\/mont-roig.cat\/es\/actualitat\/noticies\/vuelve-la-festividad-de-la-mare-de-deu-de-la-roca\/","name":"Vuelve la festividad de la Mare de D\u00e9u de la Roca - Ajuntament de Mont-roig del Camp","isPartOf":{"@id":"https:\/\/mont-roig.cat\/es\/#website"},"primaryImageOfPage":{"@id":"https:\/\/mont-roig.cat\/es\/actualitat\/noticies\/vuelve-la-festividad-de-la-mare-de-deu-de-la-roca\/#primaryimage"},"image":{"@id":"https:\/\/mont-roig.cat\/es\/actualitat\/noticies\/vuelve-la-festividad-de-la-mare-de-deu-de-la-roca\/#primaryimage"},"thumbnailUrl":"https:\/\/mont-roig.cat\/wp-content\/uploads\/Ermita-Mare-de-D\u00e9u-de-la-Roca_.jpg","datePublished":"2021-09-02T14:44:28+00:00","author":{"@id":"https:\/\/mont-roig.cat\/es\/#\/schema\/person\/f2b111789f22b7d0c3bd6786c9128cba"},"breadcrumb":{"@id":"https:\/\/mont-roig.cat\/es\/actualitat\/noticies\/vuelve-la-festividad-de-la-mare-de-deu-de-la-roca\/#breadcrumb"},"inLanguage":"es","potentialAction":[{"@type":"ReadAction","target":["https:\/\/mont-roig.cat\/es\/actualitat\/noticies\/vuelve-la-festividad-de-la-mare-de-deu-de-la-roca\/"]}]},{"@type":"ImageObject","inLanguage":"es","@id":"https:\/\/mont-roig.cat\/es\/actualitat\/noticies\/vuelve-la-festividad-de-la-mare-de-deu-de-la-roca\/#primaryimage","url":"https:\/\/mont-roig.cat\/wp-content\/uploads\/Ermita-Mare-de-D\u00e9u-de-la-Roca_.jpg","contentUrl":"https:\/\/mont-roig.cat\/wp-content\/uploads\/Ermita-Mare-de-D\u00e9u-de-la-Roca_.jpg","width":3872,"height":2592},{"@type":"BreadcrumbList","@id":"https:\/\/mont-roig.cat\/es\/actualitat\/noticies\/vuelve-la-festividad-de-la-mare-de-deu-de-la-roca\/#breadcrumb","itemListElement":[{"@type":"ListItem","position":1,"name":"Inici","item":"https:\/\/mont-roig.cat\/es\/pagina-de-inicio\/"},{"@type":"ListItem","position":2,"name":"Vuelve la festividad de la Mare de D\u00e9u de la Roca"}]},{"@type":"WebSite","@id":"https:\/\/mont-roig.cat\/es\/#website","url":"https:\/\/mont-roig.cat\/es\/","name":"Ajuntament de Mont-roig del Camp","description":"Tota la informaci\u00f3 sobre la instituci\u00f3, els seus \u00f2rgans de govern, actualitat, serveis i molt m\u00e9s.","potentialAction":[{"@type":"SearchAction","target":{"@type":"EntryPoint","urlTemplate":"https:\/\/mont-roig.cat\/es\/?s={search_term_string}"},"query-input":{"@type":"PropertyValueSpecification","valueRequired":true,"valueName":"search_term_string"}}],"inLanguage":"es"},{"@type":"Person","@id":"https:\/\/mont-roig.cat\/es\/#\/schema\/person\/f2b111789f22b7d0c3bd6786c9128cba","name":"administrador","image":{"@type":"ImageObject","inLanguage":"es","@id":"https:\/\/secure.gravatar.com\/avatar\/9137aac6891e2595c9d3036fd83bcb653b4db3c946db4c7d9b9be193c3c944bb?s=96&d=mm&r=g","url":"https:\/\/secure.gravatar.com\/avatar\/9137aac6891e2595c9d3036fd83bcb653b4db3c946db4c7d9b9be193c3c944bb?s=96&d=mm&r=g","contentUrl":"https:\/\/secure.gravatar.com\/avatar\/9137aac6891e2595c9d3036fd83bcb653b4db3c946db4c7d9b9be193c3c944bb?s=96&d=mm&r=g","caption":"administrador"},"url":"https:\/\/mont-roig.cat\/es\/actualitat\/noticies\/author\/administrador\/"}]}},"_links":{"self":[{"href":"https:\/\/mont-roig.cat\/es\/wp-json\/wp\/v2\/posts\/57278","targetHints":{"allow":["GET"]}}],"collection":[{"href":"https:\/\/mont-roig.cat\/es\/wp-json\/wp\/v2\/posts"}],"about":[{"href":"https:\/\/mont-roig.cat\/es\/wp-json\/wp\/v2\/types\/post"}],"author":[{"embeddable":true,"href":"https:\/\/mont-roig.cat\/es\/wp-json\/wp\/v2\/users\/4"}],"replies":[{"embeddable":true,"href":"https:\/\/mont-roig.cat\/es\/wp-json\/wp\/v2\/comments?post=57278"}],"version-history":[{"count":2,"href":"https:\/\/mont-roig.cat\/es\/wp-json\/wp\/v2\/posts\/57278\/revisions"}],"predecessor-version":[{"id":57281,"href":"https:\/\/mont-roig.cat\/es\/wp-json\/wp\/v2\/posts\/57278\/revisions\/57281"}],"wp:featuredmedia":[{"embeddable":true,"href":"https:\/\/mont-roig.cat\/es\/wp-json\/wp\/v2\/media\/57280"}],"wp:attachment":[{"href":"https:\/\/mont-roig.cat\/es\/wp-json\/wp\/v2\/media?parent=57278"}],"wp:term":[{"taxonomy":"category","embeddable":true,"href":"https:\/\/mont-roig.cat\/es\/wp-json\/wp\/v2\/categories?post=57278"},{"taxonomy":"post_tag","embeddable":true,"href":"https:\/\/mont-roig.cat\/es\/wp-json\/wp\/v2\/tags?post=57278"}],"curies":[{"name":"wp","href":"https:\/\/api.w.org\/{rel}","templated":true}]}}