{"id":57320,"date":"2021-09-06T12:13:09","date_gmt":"2021-09-06T10:13:09","guid":{"rendered":"https:\/\/mont-roig.cat\/?p=57320"},"modified":"2021-09-06T12:13:09","modified_gmt":"2021-09-06T10:13:09","slug":"vuelven-los-actos-conmemorativos-del-11-de-septiembre","status":"publish","type":"post","link":"https:\/\/mont-roig.cat\/es\/actualitat\/noticies\/vuelven-los-actos-conmemorativos-del-11-de-septiembre\/","title":{"rendered":"Vuelven los actos conmemorativos del 11 de septiembre"},"content":{"rendered":"<p><a href=\"https:\/\/mont-roig.cat\/wp-content\/uploads\/Diada-11-setembre-Mont-roig-i-Miami-Platja-scaled.jpg\"><img loading=\"lazy\" decoding=\"async\" class=\"alignright wp-image-57315\" src=\"https:\/\/mont-roig.cat\/wp-content\/uploads\/Diada-11-setembre-Mont-roig-i-Miami-Platja-354x500.jpg\" alt=\"\" width=\"250\" height=\"354\" srcset=\"https:\/\/mont-roig.cat\/wp-content\/uploads\/Diada-11-setembre-Mont-roig-i-Miami-Platja-354x500.jpg 354w, https:\/\/mont-roig.cat\/wp-content\/uploads\/Diada-11-setembre-Mont-roig-i-Miami-Platja-724x1024.jpg 724w, https:\/\/mont-roig.cat\/wp-content\/uploads\/Diada-11-setembre-Mont-roig-i-Miami-Platja-768x1086.jpg 768w, https:\/\/mont-roig.cat\/wp-content\/uploads\/Diada-11-setembre-Mont-roig-i-Miami-Platja-1086x1536.jpg 1086w, https:\/\/mont-roig.cat\/wp-content\/uploads\/Diada-11-setembre-Mont-roig-i-Miami-Platja-scaled.jpg 1448w\" sizes=\"auto, (max-width: 250px) 100vw, 250px\" \/><\/a><\/p>\n<p>El Ayuntamiento de Mont-roig del Camp recupera este 2021 los actos conmemorativos con motivo de la Diada, que desde el 2017 se celebran en dos puntos hist\u00f3ricos del municipio, en la plaza Joan Mir\u00f3 junto a la torre del campanario de la Esgl\u00e9sia Vella y junto al Torre\u00f3n de Miami.<\/p>\n<p>El primer acto tendr\u00e1 lugar a las 11.00 h en Mont-roig, con las ofrendas florales y el <em>Cant dels segadors<\/em> a cargo de la Coral Sant Miquel. El segundo acto se celebrar\u00e1 en Miami Platja a las 12.00h y tambi\u00e9n contar\u00e1 con las ofrendas florales y el <em>Cant dels Segadors<\/em>, en este caso, a cargo del Tr\u00edo Jenkins.<\/p>\n<p>El acto institucional con motivo de la Festa Nacional de Catalunya est\u00e1 abierto a todas las entidades municipales que quieran participar. Aquellas asociaciones que deseen realizar la ofrenda floral deben comunicarlo al Departamento de Cultura antes del d\u00eda 9 de septiembre, en el correo electr\u00f3nico: cultura@mont-roig.cat<\/p>\n<p>Cabe destacar que la celebraci\u00f3n de la Diada de Catalunya coincide con la Fiesta Mayor de Sant Jaume de Miami Platja. Los actos de la Fiesta Mayor se decidieron trasladar del 25 de julio al pr\u00f3ximo fin de semana debido a la alta incidencia de casos de Covid que hab\u00eda en la localidad durante el mes de julio. As\u00ed, tras el acto institucional de la Diada en Miami Platja habr\u00e1 actividades familiares en torno al Torre\u00f3n, como una gincana sobre la Pirata Lluna Roja, un concierto del Tr\u00edo Jenkins y un espect\u00e1culo de magia a cargo del Mago Nebur.<\/p>\n","protected":false},"excerpt":{"rendered":"<p>El Ayuntamiento de Mont-roig del Camp recupera este 2021 los actos conmemorativos con motivo de la Diada, que desde el 2017 se celebran en dos puntos hist\u00f3ricos del municipio, en la plaza Joan Mir\u00f3 junto a la torre del campanario de la Esgl\u00e9sia Vella y junto al Torre\u00f3n de Miami. El primer acto tendr\u00e1 lugar [&hellip;]<\/p>\n","protected":false},"author":4,"featured_media":57318,"comment_status":"closed","ping_status":"closed","sticky":false,"template":"","format":"standard","meta":{"inline_featured_image":false,"_monsterinsights_skip_tracking":false,"_monsterinsights_sitenote_active":false,"_monsterinsights_sitenote_note":"","_monsterinsights_sitenote_category":0,"footnotes":""},"categories":[101],"tags":[],"class_list":["post-57320","post","type-post","status-publish","format-standard","has-post-thumbnail","hentry","category-cultura-es"],"yoast_head":"<!-- This site is optimized with the Yoast SEO plugin v27.4 - https:\/\/yoast.com\/product\/yoast-seo-wordpress\/ -->\n<title>Vuelven los actos conmemorativos del 11 de septiembre - Ajuntament de Mont-roig del Camp<\/title>\n<meta name=\"robots\" content=\"index, follow, max-snippet:-1, max-image-preview:large, max-video-preview:-1\" \/>\n<link rel=\"canonical\" href=\"https:\/\/mont-roig.cat\/es\/actualitat\/noticies\/vuelven-los-actos-conmemorativos-del-11-de-septiembre\/\" \/>\n<meta property=\"og:locale\" content=\"es_ES\" \/>\n<meta property=\"og:type\" content=\"article\" \/>\n<meta property=\"og:title\" content=\"Vuelven los actos conmemorativos del 11 de septiembre - Ajuntament de Mont-roig del Camp\" \/>\n<meta property=\"og:description\" content=\"El Ayuntamiento de Mont-roig del Camp recupera este 2021 los actos conmemorativos con motivo de la Diada, que desde el 2017 se celebran en dos puntos hist\u00f3ricos del municipio, en la plaza Joan Mir\u00f3 junto a la torre del campanario de la Esgl\u00e9sia Vella y junto al Torre\u00f3n de Miami. El primer acto tendr\u00e1 lugar [&hellip;]\" \/>\n<meta property=\"og:url\" content=\"https:\/\/mont-roig.cat\/es\/actualitat\/noticies\/vuelven-los-actos-conmemorativos-del-11-de-septiembre\/\" \/>\n<meta property=\"og:site_name\" content=\"Ajuntament de Mont-roig del Camp\" \/>\n<meta property=\"article:published_time\" content=\"2021-09-06T10:13:09+00:00\" \/>\n<meta property=\"og:image\" content=\"https:\/\/mont-roig.cat\/wp-content\/uploads\/cartell_diada-2021_facebook.jpg\" \/>\n\t<meta property=\"og:image:width\" content=\"2048\" \/>\n\t<meta property=\"og:image:height\" content=\"1072\" \/>\n\t<meta property=\"og:image:type\" content=\"image\/jpeg\" \/>\n<meta name=\"author\" content=\"administrador\" \/>\n<meta name=\"twitter:card\" content=\"summary_large_image\" \/>\n<meta name=\"twitter:label1\" content=\"Escrito por\" \/>\n\t<meta name=\"twitter:data1\" content=\"administrador\" \/>\n\t<meta name=\"twitter:label2\" content=\"Tiempo de lectura\" \/>\n\t<meta name=\"twitter:data2\" content=\"1 minuto\" \/>\n<script type=\"application\/ld+json\" class=\"yoast-schema-graph\">{\"@context\":\"https:\\\/\\\/schema.org\",\"@graph\":[{\"@type\":\"Article\",\"@id\":\"https:\\\/\\\/mont-roig.cat\\\/es\\\/actualitat\\\/noticies\\\/vuelven-los-actos-conmemorativos-del-11-de-septiembre\\\/#article\",\"isPartOf\":{\"@id\":\"https:\\\/\\\/mont-roig.cat\\\/es\\\/actualitat\\\/noticies\\\/vuelven-los-actos-conmemorativos-del-11-de-septiembre\\\/\"},\"author\":{\"name\":\"administrador\",\"@id\":\"https:\\\/\\\/mont-roig.cat\\\/es\\\/#\\\/schema\\\/person\\\/f2b111789f22b7d0c3bd6786c9128cba\"},\"headline\":\"Vuelven los actos conmemorativos del 11 de septiembre\",\"datePublished\":\"2021-09-06T10:13:09+00:00\",\"mainEntityOfPage\":{\"@id\":\"https:\\\/\\\/mont-roig.cat\\\/es\\\/actualitat\\\/noticies\\\/vuelven-los-actos-conmemorativos-del-11-de-septiembre\\\/\"},\"wordCount\":270,\"image\":{\"@id\":\"https:\\\/\\\/mont-roig.cat\\\/es\\\/actualitat\\\/noticies\\\/vuelven-los-actos-conmemorativos-del-11-de-septiembre\\\/#primaryimage\"},\"thumbnailUrl\":\"https:\\\/\\\/mont-roig.cat\\\/wp-content\\\/uploads\\\/cartell_diada-2021_facebook.jpg\",\"articleSection\":[\"Cultura\"],\"inLanguage\":\"es\"},{\"@type\":\"WebPage\",\"@id\":\"https:\\\/\\\/mont-roig.cat\\\/es\\\/actualitat\\\/noticies\\\/vuelven-los-actos-conmemorativos-del-11-de-septiembre\\\/\",\"url\":\"https:\\\/\\\/mont-roig.cat\\\/es\\\/actualitat\\\/noticies\\\/vuelven-los-actos-conmemorativos-del-11-de-septiembre\\\/\",\"name\":\"Vuelven los actos conmemorativos del 11 de septiembre - Ajuntament de Mont-roig del Camp\",\"isPartOf\":{\"@id\":\"https:\\\/\\\/mont-roig.cat\\\/es\\\/#website\"},\"primaryImageOfPage\":{\"@id\":\"https:\\\/\\\/mont-roig.cat\\\/es\\\/actualitat\\\/noticies\\\/vuelven-los-actos-conmemorativos-del-11-de-septiembre\\\/#primaryimage\"},\"image\":{\"@id\":\"https:\\\/\\\/mont-roig.cat\\\/es\\\/actualitat\\\/noticies\\\/vuelven-los-actos-conmemorativos-del-11-de-septiembre\\\/#primaryimage\"},\"thumbnailUrl\":\"https:\\\/\\\/mont-roig.cat\\\/wp-content\\\/uploads\\\/cartell_diada-2021_facebook.jpg\",\"datePublished\":\"2021-09-06T10:13:09+00:00\",\"author\":{\"@id\":\"https:\\\/\\\/mont-roig.cat\\\/es\\\/#\\\/schema\\\/person\\\/f2b111789f22b7d0c3bd6786c9128cba\"},\"breadcrumb\":{\"@id\":\"https:\\\/\\\/mont-roig.cat\\\/es\\\/actualitat\\\/noticies\\\/vuelven-los-actos-conmemorativos-del-11-de-septiembre\\\/#breadcrumb\"},\"inLanguage\":\"es\",\"potentialAction\":[{\"@type\":\"ReadAction\",\"target\":[\"https:\\\/\\\/mont-roig.cat\\\/es\\\/actualitat\\\/noticies\\\/vuelven-los-actos-conmemorativos-del-11-de-septiembre\\\/\"]}]},{\"@type\":\"ImageObject\",\"inLanguage\":\"es\",\"@id\":\"https:\\\/\\\/mont-roig.cat\\\/es\\\/actualitat\\\/noticies\\\/vuelven-los-actos-conmemorativos-del-11-de-septiembre\\\/#primaryimage\",\"url\":\"https:\\\/\\\/mont-roig.cat\\\/wp-content\\\/uploads\\\/cartell_diada-2021_facebook.jpg\",\"contentUrl\":\"https:\\\/\\\/mont-roig.cat\\\/wp-content\\\/uploads\\\/cartell_diada-2021_facebook.jpg\",\"width\":2048,\"height\":1072},{\"@type\":\"BreadcrumbList\",\"@id\":\"https:\\\/\\\/mont-roig.cat\\\/es\\\/actualitat\\\/noticies\\\/vuelven-los-actos-conmemorativos-del-11-de-septiembre\\\/#breadcrumb\",\"itemListElement\":[{\"@type\":\"ListItem\",\"position\":1,\"name\":\"Inici\",\"item\":\"https:\\\/\\\/mont-roig.cat\\\/es\\\/pagina-de-inicio\\\/\"},{\"@type\":\"ListItem\",\"position\":2,\"name\":\"Vuelven los actos conmemorativos del 11 de septiembre\"}]},{\"@type\":\"WebSite\",\"@id\":\"https:\\\/\\\/mont-roig.cat\\\/es\\\/#website\",\"url\":\"https:\\\/\\\/mont-roig.cat\\\/es\\\/\",\"name\":\"Ajuntament de Mont-roig del Camp\",\"description\":\"Tota la informaci\u00f3 sobre la instituci\u00f3, els seus \u00f2rgans de govern, actualitat, serveis i molt m\u00e9s.\",\"potentialAction\":[{\"@type\":\"SearchAction\",\"target\":{\"@type\":\"EntryPoint\",\"urlTemplate\":\"https:\\\/\\\/mont-roig.cat\\\/es\\\/?s={search_term_string}\"},\"query-input\":{\"@type\":\"PropertyValueSpecification\",\"valueRequired\":true,\"valueName\":\"search_term_string\"}}],\"inLanguage\":\"es\"},{\"@type\":\"Person\",\"@id\":\"https:\\\/\\\/mont-roig.cat\\\/es\\\/#\\\/schema\\\/person\\\/f2b111789f22b7d0c3bd6786c9128cba\",\"name\":\"administrador\",\"image\":{\"@type\":\"ImageObject\",\"inLanguage\":\"es\",\"@id\":\"https:\\\/\\\/secure.gravatar.com\\\/avatar\\\/9137aac6891e2595c9d3036fd83bcb653b4db3c946db4c7d9b9be193c3c944bb?s=96&d=mm&r=g\",\"url\":\"https:\\\/\\\/secure.gravatar.com\\\/avatar\\\/9137aac6891e2595c9d3036fd83bcb653b4db3c946db4c7d9b9be193c3c944bb?s=96&d=mm&r=g\",\"contentUrl\":\"https:\\\/\\\/secure.gravatar.com\\\/avatar\\\/9137aac6891e2595c9d3036fd83bcb653b4db3c946db4c7d9b9be193c3c944bb?s=96&d=mm&r=g\",\"caption\":\"administrador\"},\"url\":\"https:\\\/\\\/mont-roig.cat\\\/es\\\/actualitat\\\/noticies\\\/author\\\/administrador\\\/\"}]}<\/script>\n<!-- \/ Yoast SEO plugin. -->","yoast_head_json":{"title":"Vuelven los actos conmemorativos del 11 de septiembre - Ajuntament de Mont-roig del Camp","robots":{"index":"index","follow":"follow","max-snippet":"max-snippet:-1","max-image-preview":"max-image-preview:large","max-video-preview":"max-video-preview:-1"},"canonical":"https:\/\/mont-roig.cat\/es\/actualitat\/noticies\/vuelven-los-actos-conmemorativos-del-11-de-septiembre\/","og_locale":"es_ES","og_type":"article","og_title":"Vuelven los actos conmemorativos del 11 de septiembre - Ajuntament de Mont-roig del Camp","og_description":"El Ayuntamiento de Mont-roig del Camp recupera este 2021 los actos conmemorativos con motivo de la Diada, que desde el 2017 se celebran en dos puntos hist\u00f3ricos del municipio, en la plaza Joan Mir\u00f3 junto a la torre del campanario de la Esgl\u00e9sia Vella y junto al Torre\u00f3n de Miami. El primer acto tendr\u00e1 lugar [&hellip;]","og_url":"https:\/\/mont-roig.cat\/es\/actualitat\/noticies\/vuelven-los-actos-conmemorativos-del-11-de-septiembre\/","og_site_name":"Ajuntament de Mont-roig del Camp","article_published_time":"2021-09-06T10:13:09+00:00","og_image":[{"width":2048,"height":1072,"url":"https:\/\/mont-roig.cat\/wp-content\/uploads\/cartell_diada-2021_facebook.jpg","type":"image\/jpeg"}],"author":"administrador","twitter_card":"summary_large_image","twitter_misc":{"Escrito por":"administrador","Tiempo de lectura":"1 minuto"},"schema":{"@context":"https:\/\/schema.org","@graph":[{"@type":"Article","@id":"https:\/\/mont-roig.cat\/es\/actualitat\/noticies\/vuelven-los-actos-conmemorativos-del-11-de-septiembre\/#article","isPartOf":{"@id":"https:\/\/mont-roig.cat\/es\/actualitat\/noticies\/vuelven-los-actos-conmemorativos-del-11-de-septiembre\/"},"author":{"name":"administrador","@id":"https:\/\/mont-roig.cat\/es\/#\/schema\/person\/f2b111789f22b7d0c3bd6786c9128cba"},"headline":"Vuelven los actos conmemorativos del 11 de septiembre","datePublished":"2021-09-06T10:13:09+00:00","mainEntityOfPage":{"@id":"https:\/\/mont-roig.cat\/es\/actualitat\/noticies\/vuelven-los-actos-conmemorativos-del-11-de-septiembre\/"},"wordCount":270,"image":{"@id":"https:\/\/mont-roig.cat\/es\/actualitat\/noticies\/vuelven-los-actos-conmemorativos-del-11-de-septiembre\/#primaryimage"},"thumbnailUrl":"https:\/\/mont-roig.cat\/wp-content\/uploads\/cartell_diada-2021_facebook.jpg","articleSection":["Cultura"],"inLanguage":"es"},{"@type":"WebPage","@id":"https:\/\/mont-roig.cat\/es\/actualitat\/noticies\/vuelven-los-actos-conmemorativos-del-11-de-septiembre\/","url":"https:\/\/mont-roig.cat\/es\/actualitat\/noticies\/vuelven-los-actos-conmemorativos-del-11-de-septiembre\/","name":"Vuelven los actos conmemorativos del 11 de septiembre - Ajuntament de Mont-roig del Camp","isPartOf":{"@id":"https:\/\/mont-roig.cat\/es\/#website"},"primaryImageOfPage":{"@id":"https:\/\/mont-roig.cat\/es\/actualitat\/noticies\/vuelven-los-actos-conmemorativos-del-11-de-septiembre\/#primaryimage"},"image":{"@id":"https:\/\/mont-roig.cat\/es\/actualitat\/noticies\/vuelven-los-actos-conmemorativos-del-11-de-septiembre\/#primaryimage"},"thumbnailUrl":"https:\/\/mont-roig.cat\/wp-content\/uploads\/cartell_diada-2021_facebook.jpg","datePublished":"2021-09-06T10:13:09+00:00","author":{"@id":"https:\/\/mont-roig.cat\/es\/#\/schema\/person\/f2b111789f22b7d0c3bd6786c9128cba"},"breadcrumb":{"@id":"https:\/\/mont-roig.cat\/es\/actualitat\/noticies\/vuelven-los-actos-conmemorativos-del-11-de-septiembre\/#breadcrumb"},"inLanguage":"es","potentialAction":[{"@type":"ReadAction","target":["https:\/\/mont-roig.cat\/es\/actualitat\/noticies\/vuelven-los-actos-conmemorativos-del-11-de-septiembre\/"]}]},{"@type":"ImageObject","inLanguage":"es","@id":"https:\/\/mont-roig.cat\/es\/actualitat\/noticies\/vuelven-los-actos-conmemorativos-del-11-de-septiembre\/#primaryimage","url":"https:\/\/mont-roig.cat\/wp-content\/uploads\/cartell_diada-2021_facebook.jpg","contentUrl":"https:\/\/mont-roig.cat\/wp-content\/uploads\/cartell_diada-2021_facebook.jpg","width":2048,"height":1072},{"@type":"BreadcrumbList","@id":"https:\/\/mont-roig.cat\/es\/actualitat\/noticies\/vuelven-los-actos-conmemorativos-del-11-de-septiembre\/#breadcrumb","itemListElement":[{"@type":"ListItem","position":1,"name":"Inici","item":"https:\/\/mont-roig.cat\/es\/pagina-de-inicio\/"},{"@type":"ListItem","position":2,"name":"Vuelven los actos conmemorativos del 11 de septiembre"}]},{"@type":"WebSite","@id":"https:\/\/mont-roig.cat\/es\/#website","url":"https:\/\/mont-roig.cat\/es\/","name":"Ajuntament de Mont-roig del Camp","description":"Tota la informaci\u00f3 sobre la instituci\u00f3, els seus \u00f2rgans de govern, actualitat, serveis i molt m\u00e9s.","potentialAction":[{"@type":"SearchAction","target":{"@type":"EntryPoint","urlTemplate":"https:\/\/mont-roig.cat\/es\/?s={search_term_string}"},"query-input":{"@type":"PropertyValueSpecification","valueRequired":true,"valueName":"search_term_string"}}],"inLanguage":"es"},{"@type":"Person","@id":"https:\/\/mont-roig.cat\/es\/#\/schema\/person\/f2b111789f22b7d0c3bd6786c9128cba","name":"administrador","image":{"@type":"ImageObject","inLanguage":"es","@id":"https:\/\/secure.gravatar.com\/avatar\/9137aac6891e2595c9d3036fd83bcb653b4db3c946db4c7d9b9be193c3c944bb?s=96&d=mm&r=g","url":"https:\/\/secure.gravatar.com\/avatar\/9137aac6891e2595c9d3036fd83bcb653b4db3c946db4c7d9b9be193c3c944bb?s=96&d=mm&r=g","contentUrl":"https:\/\/secure.gravatar.com\/avatar\/9137aac6891e2595c9d3036fd83bcb653b4db3c946db4c7d9b9be193c3c944bb?s=96&d=mm&r=g","caption":"administrador"},"url":"https:\/\/mont-roig.cat\/es\/actualitat\/noticies\/author\/administrador\/"}]}},"_links":{"self":[{"href":"https:\/\/mont-roig.cat\/es\/wp-json\/wp\/v2\/posts\/57320","targetHints":{"allow":["GET"]}}],"collection":[{"href":"https:\/\/mont-roig.cat\/es\/wp-json\/wp\/v2\/posts"}],"about":[{"href":"https:\/\/mont-roig.cat\/es\/wp-json\/wp\/v2\/types\/post"}],"author":[{"embeddable":true,"href":"https:\/\/mont-roig.cat\/es\/wp-json\/wp\/v2\/users\/4"}],"replies":[{"embeddable":true,"href":"https:\/\/mont-roig.cat\/es\/wp-json\/wp\/v2\/comments?post=57320"}],"version-history":[{"count":2,"href":"https:\/\/mont-roig.cat\/es\/wp-json\/wp\/v2\/posts\/57320\/revisions"}],"predecessor-version":[{"id":57322,"href":"https:\/\/mont-roig.cat\/es\/wp-json\/wp\/v2\/posts\/57320\/revisions\/57322"}],"wp:featuredmedia":[{"embeddable":true,"href":"https:\/\/mont-roig.cat\/es\/wp-json\/wp\/v2\/media\/57318"}],"wp:attachment":[{"href":"https:\/\/mont-roig.cat\/es\/wp-json\/wp\/v2\/media?parent=57320"}],"wp:term":[{"taxonomy":"category","embeddable":true,"href":"https:\/\/mont-roig.cat\/es\/wp-json\/wp\/v2\/categories?post=57320"},{"taxonomy":"post_tag","embeddable":true,"href":"https:\/\/mont-roig.cat\/es\/wp-json\/wp\/v2\/tags?post=57320"}],"curies":[{"name":"wp","href":"https:\/\/api.w.org\/{rel}","templated":true}]}}