{"id":57361,"date":"2021-09-08T10:09:37","date_gmt":"2021-09-08T08:09:37","guid":{"rendered":"https:\/\/mont-roig.cat\/?p=57361"},"modified":"2021-09-08T10:10:35","modified_gmt":"2021-09-08T08:10:35","slug":"el-ayuntamiento-impulsa-eagora-una-aplicacion-movil-para-fomentar-la-participacion-ciudadana","status":"publish","type":"post","link":"https:\/\/mont-roig.cat\/es\/actualitat\/noticies\/el-ayuntamiento-impulsa-eagora-una-aplicacion-movil-para-fomentar-la-participacion-ciudadana\/","title":{"rendered":"El Ayuntamiento impulsa eAgora, una aplicaci\u00f3n m\u00f3vil para fomentar la participaci\u00f3n ciudadana"},"content":{"rendered":"<ul>\n<li><strong>La nueva APP arranca inicialmente con las propuestas del departamento de Juventud y la programaci\u00f3n de las fiestas de Santiago de Miami<\/strong><\/li>\n<li><strong>Se trata de una nueva red social a trav\u00e9s de la cual la ciudadan\u00eda puede publicar iniciativas y las entidades dar a conocer su agenda de actividades<\/strong><\/li>\n<\/ul>\n<p><a href=\"https:\/\/mont-roig.cat\/wp-content\/uploads\/eAgora_es.jpg\"><img loading=\"lazy\" decoding=\"async\" class=\"alignright wp-image-57363\" src=\"https:\/\/mont-roig.cat\/wp-content\/uploads\/eAgora_es-354x500.jpg\" alt=\"\" width=\"250\" height=\"353\" srcset=\"https:\/\/mont-roig.cat\/wp-content\/uploads\/eAgora_es-354x500.jpg 354w, https:\/\/mont-roig.cat\/wp-content\/uploads\/eAgora_es-724x1024.jpg 724w, https:\/\/mont-roig.cat\/wp-content\/uploads\/eAgora_es-768x1086.jpg 768w, https:\/\/mont-roig.cat\/wp-content\/uploads\/eAgora_es.jpg 843w\" sizes=\"auto, (max-width: 250px) 100vw, 250px\" \/><\/a>El Ayuntamiento de Mont-roig del Camp contin\u00faa mejorando los canales de participaci\u00f3n ciudadana con la puesta en funcionamiento de nuevas herramientas tecnol\u00f3gicas. En esta ocasi\u00f3n con la puesta en marcha de Eagora, una nueva aplicaci\u00f3n m\u00f3vil gratuita que ya est\u00e1 disponible en las plataformas Android y IOS.<\/p>\n<p>eAgora es una red social en la que, en lugar de seguir personas, se siguen canales tem\u00e1ticos. El objetivo es generar acciones reales que ayuden a avanzar hacia un modelo de municipio m\u00e1s participativo, comprometido y sostenible. Es por ello que, a trav\u00e9s de puntos e insignias que podr\u00e1n ganar los usuarios y usuarias, se dar\u00e1 visibilidad y se reforzar\u00e1n aquellas acciones con un mayor impacto positivo en el municipio, que a su vez se relacionan directamente con la Agenda 2030 y los Objetivos de Desarrollo Sostenible.<\/p>\n<p>Adem\u00e1s es apto para todo tipo de perfiles y una herramienta muy \u00fatil para las entidades locales, ya que podr\u00e1n publicar todas las acciones que realizan y podr\u00e1n gestionar la agenda de forma directa, utilizando la APP como espacio publicitario y de comunicaci\u00f3n .<\/p>\n<p><strong>Programa de actos de Santiago y actividades de Juventud<\/strong><\/p>\n<p>La nueva aplicaci\u00f3n, que arranca inicialmente con las propuestas del departamento de Juventud, cuenta tambi\u00e9n con el programa de actos de Santiago completo, por lo que se convierte en una herramienta muy \u00fatil para tener a mano todas las actividades que se han programado durante las fiestas y que ofrece este departamento. Adem\u00e1s, para incentivar su uso, todas las personas que se la descarguen, entrar\u00e1n en el sorteo de una cena para dos personas en un restaurante del municipio.<\/p>\n<p>Por otra parte, tambi\u00e9n est\u00e1 previsto que el Ayuntamiento, junto con los creadores de la APP se re\u00fanan las pr\u00f3ximas semanas con las entidades del municipio para dar a conocer esta nueva herramienta de participaci\u00f3n, especialmente pensada para dar respuesta una de las demandas de las entidades como es contar con el apoyo del Ayuntamiento para dar a conocer sus actividades.<\/p>\n","protected":false},"excerpt":{"rendered":"<p>La nueva APP arranca inicialmente con las propuestas del departamento de Juventud y la programaci\u00f3n de las fiestas de Santiago de Miami Se trata de una nueva red social a trav\u00e9s de la cual la ciudadan\u00eda puede publicar iniciativas y las entidades dar a conocer su agenda de actividades El Ayuntamiento de Mont-roig del Camp [&hellip;]<\/p>\n","protected":false},"author":4,"featured_media":57363,"comment_status":"closed","ping_status":"closed","sticky":false,"template":"","format":"standard","meta":{"inline_featured_image":false,"_monsterinsights_skip_tracking":false,"_monsterinsights_sitenote_active":false,"_monsterinsights_sitenote_note":"","_monsterinsights_sitenote_category":0,"footnotes":""},"categories":[71,106],"tags":[],"class_list":["post-57361","post","type-post","status-publish","format-standard","has-post-thumbnail","hentry","category-general-es","category-juventud"],"yoast_head":"<!-- This site is optimized with the Yoast SEO plugin v27.4 - https:\/\/yoast.com\/product\/yoast-seo-wordpress\/ -->\n<title>El Ayuntamiento impulsa eAgora, una aplicaci\u00f3n m\u00f3vil para fomentar la participaci\u00f3n ciudadana - Ajuntament de Mont-roig del Camp<\/title>\n<meta name=\"robots\" content=\"index, follow, max-snippet:-1, max-image-preview:large, max-video-preview:-1\" \/>\n<link rel=\"canonical\" href=\"https:\/\/mont-roig.cat\/es\/actualitat\/noticies\/el-ayuntamiento-impulsa-eagora-una-aplicacion-movil-para-fomentar-la-participacion-ciudadana\/\" \/>\n<meta property=\"og:locale\" content=\"es_ES\" \/>\n<meta property=\"og:type\" content=\"article\" \/>\n<meta property=\"og:title\" content=\"El Ayuntamiento impulsa eAgora, una aplicaci\u00f3n m\u00f3vil para fomentar la participaci\u00f3n ciudadana - Ajuntament de Mont-roig del Camp\" \/>\n<meta property=\"og:description\" content=\"La nueva APP arranca inicialmente con las propuestas del departamento de Juventud y la programaci\u00f3n de las fiestas de Santiago de Miami Se trata de una nueva red social a trav\u00e9s de la cual la ciudadan\u00eda puede publicar iniciativas y las entidades dar a conocer su agenda de actividades El Ayuntamiento de Mont-roig del Camp [&hellip;]\" \/>\n<meta property=\"og:url\" content=\"https:\/\/mont-roig.cat\/es\/actualitat\/noticies\/el-ayuntamiento-impulsa-eagora-una-aplicacion-movil-para-fomentar-la-participacion-ciudadana\/\" \/>\n<meta property=\"og:site_name\" content=\"Ajuntament de Mont-roig del Camp\" \/>\n<meta property=\"article:published_time\" content=\"2021-09-08T08:09:37+00:00\" \/>\n<meta property=\"article:modified_time\" content=\"2021-09-08T08:10:35+00:00\" \/>\n<meta property=\"og:image\" content=\"https:\/\/mont-roig.cat\/wp-content\/uploads\/eAgora_es.jpg\" \/>\n\t<meta property=\"og:image:width\" content=\"843\" \/>\n\t<meta property=\"og:image:height\" content=\"1192\" \/>\n\t<meta property=\"og:image:type\" content=\"image\/jpeg\" \/>\n<meta name=\"author\" content=\"administrador\" \/>\n<meta name=\"twitter:card\" content=\"summary_large_image\" \/>\n<meta name=\"twitter:label1\" content=\"Escrito por\" \/>\n\t<meta name=\"twitter:data1\" content=\"administrador\" \/>\n\t<meta name=\"twitter:label2\" content=\"Tiempo de lectura\" \/>\n\t<meta name=\"twitter:data2\" content=\"2 minutos\" \/>\n<script type=\"application\/ld+json\" class=\"yoast-schema-graph\">{\"@context\":\"https:\\\/\\\/schema.org\",\"@graph\":[{\"@type\":\"Article\",\"@id\":\"https:\\\/\\\/mont-roig.cat\\\/es\\\/actualitat\\\/noticies\\\/el-ayuntamiento-impulsa-eagora-una-aplicacion-movil-para-fomentar-la-participacion-ciudadana\\\/#article\",\"isPartOf\":{\"@id\":\"https:\\\/\\\/mont-roig.cat\\\/es\\\/actualitat\\\/noticies\\\/el-ayuntamiento-impulsa-eagora-una-aplicacion-movil-para-fomentar-la-participacion-ciudadana\\\/\"},\"author\":{\"name\":\"administrador\",\"@id\":\"https:\\\/\\\/mont-roig.cat\\\/es\\\/#\\\/schema\\\/person\\\/f2b111789f22b7d0c3bd6786c9128cba\"},\"headline\":\"El Ayuntamiento impulsa eAgora, una aplicaci\u00f3n m\u00f3vil para fomentar la participaci\u00f3n ciudadana\",\"datePublished\":\"2021-09-08T08:09:37+00:00\",\"dateModified\":\"2021-09-08T08:10:35+00:00\",\"mainEntityOfPage\":{\"@id\":\"https:\\\/\\\/mont-roig.cat\\\/es\\\/actualitat\\\/noticies\\\/el-ayuntamiento-impulsa-eagora-una-aplicacion-movil-para-fomentar-la-participacion-ciudadana\\\/\"},\"wordCount\":415,\"image\":{\"@id\":\"https:\\\/\\\/mont-roig.cat\\\/es\\\/actualitat\\\/noticies\\\/el-ayuntamiento-impulsa-eagora-una-aplicacion-movil-para-fomentar-la-participacion-ciudadana\\\/#primaryimage\"},\"thumbnailUrl\":\"https:\\\/\\\/mont-roig.cat\\\/wp-content\\\/uploads\\\/eAgora_es.jpg\",\"articleSection\":[\"General\",\"Juventud\"],\"inLanguage\":\"es\"},{\"@type\":\"WebPage\",\"@id\":\"https:\\\/\\\/mont-roig.cat\\\/es\\\/actualitat\\\/noticies\\\/el-ayuntamiento-impulsa-eagora-una-aplicacion-movil-para-fomentar-la-participacion-ciudadana\\\/\",\"url\":\"https:\\\/\\\/mont-roig.cat\\\/es\\\/actualitat\\\/noticies\\\/el-ayuntamiento-impulsa-eagora-una-aplicacion-movil-para-fomentar-la-participacion-ciudadana\\\/\",\"name\":\"El Ayuntamiento impulsa eAgora, una aplicaci\u00f3n m\u00f3vil para fomentar la participaci\u00f3n ciudadana - Ajuntament de Mont-roig del Camp\",\"isPartOf\":{\"@id\":\"https:\\\/\\\/mont-roig.cat\\\/es\\\/#website\"},\"primaryImageOfPage\":{\"@id\":\"https:\\\/\\\/mont-roig.cat\\\/es\\\/actualitat\\\/noticies\\\/el-ayuntamiento-impulsa-eagora-una-aplicacion-movil-para-fomentar-la-participacion-ciudadana\\\/#primaryimage\"},\"image\":{\"@id\":\"https:\\\/\\\/mont-roig.cat\\\/es\\\/actualitat\\\/noticies\\\/el-ayuntamiento-impulsa-eagora-una-aplicacion-movil-para-fomentar-la-participacion-ciudadana\\\/#primaryimage\"},\"thumbnailUrl\":\"https:\\\/\\\/mont-roig.cat\\\/wp-content\\\/uploads\\\/eAgora_es.jpg\",\"datePublished\":\"2021-09-08T08:09:37+00:00\",\"dateModified\":\"2021-09-08T08:10:35+00:00\",\"author\":{\"@id\":\"https:\\\/\\\/mont-roig.cat\\\/es\\\/#\\\/schema\\\/person\\\/f2b111789f22b7d0c3bd6786c9128cba\"},\"breadcrumb\":{\"@id\":\"https:\\\/\\\/mont-roig.cat\\\/es\\\/actualitat\\\/noticies\\\/el-ayuntamiento-impulsa-eagora-una-aplicacion-movil-para-fomentar-la-participacion-ciudadana\\\/#breadcrumb\"},\"inLanguage\":\"es\",\"potentialAction\":[{\"@type\":\"ReadAction\",\"target\":[\"https:\\\/\\\/mont-roig.cat\\\/es\\\/actualitat\\\/noticies\\\/el-ayuntamiento-impulsa-eagora-una-aplicacion-movil-para-fomentar-la-participacion-ciudadana\\\/\"]}]},{\"@type\":\"ImageObject\",\"inLanguage\":\"es\",\"@id\":\"https:\\\/\\\/mont-roig.cat\\\/es\\\/actualitat\\\/noticies\\\/el-ayuntamiento-impulsa-eagora-una-aplicacion-movil-para-fomentar-la-participacion-ciudadana\\\/#primaryimage\",\"url\":\"https:\\\/\\\/mont-roig.cat\\\/wp-content\\\/uploads\\\/eAgora_es.jpg\",\"contentUrl\":\"https:\\\/\\\/mont-roig.cat\\\/wp-content\\\/uploads\\\/eAgora_es.jpg\",\"width\":843,\"height\":1192},{\"@type\":\"BreadcrumbList\",\"@id\":\"https:\\\/\\\/mont-roig.cat\\\/es\\\/actualitat\\\/noticies\\\/el-ayuntamiento-impulsa-eagora-una-aplicacion-movil-para-fomentar-la-participacion-ciudadana\\\/#breadcrumb\",\"itemListElement\":[{\"@type\":\"ListItem\",\"position\":1,\"name\":\"Inici\",\"item\":\"https:\\\/\\\/mont-roig.cat\\\/es\\\/pagina-de-inicio\\\/\"},{\"@type\":\"ListItem\",\"position\":2,\"name\":\"El Ayuntamiento impulsa eAgora, una aplicaci\u00f3n m\u00f3vil para fomentar la participaci\u00f3n ciudadana\"}]},{\"@type\":\"WebSite\",\"@id\":\"https:\\\/\\\/mont-roig.cat\\\/es\\\/#website\",\"url\":\"https:\\\/\\\/mont-roig.cat\\\/es\\\/\",\"name\":\"Ajuntament de Mont-roig del Camp\",\"description\":\"Tota la informaci\u00f3 sobre la instituci\u00f3, els seus \u00f2rgans de govern, actualitat, serveis i molt m\u00e9s.\",\"potentialAction\":[{\"@type\":\"SearchAction\",\"target\":{\"@type\":\"EntryPoint\",\"urlTemplate\":\"https:\\\/\\\/mont-roig.cat\\\/es\\\/?s={search_term_string}\"},\"query-input\":{\"@type\":\"PropertyValueSpecification\",\"valueRequired\":true,\"valueName\":\"search_term_string\"}}],\"inLanguage\":\"es\"},{\"@type\":\"Person\",\"@id\":\"https:\\\/\\\/mont-roig.cat\\\/es\\\/#\\\/schema\\\/person\\\/f2b111789f22b7d0c3bd6786c9128cba\",\"name\":\"administrador\",\"image\":{\"@type\":\"ImageObject\",\"inLanguage\":\"es\",\"@id\":\"https:\\\/\\\/secure.gravatar.com\\\/avatar\\\/9137aac6891e2595c9d3036fd83bcb653b4db3c946db4c7d9b9be193c3c944bb?s=96&d=mm&r=g\",\"url\":\"https:\\\/\\\/secure.gravatar.com\\\/avatar\\\/9137aac6891e2595c9d3036fd83bcb653b4db3c946db4c7d9b9be193c3c944bb?s=96&d=mm&r=g\",\"contentUrl\":\"https:\\\/\\\/secure.gravatar.com\\\/avatar\\\/9137aac6891e2595c9d3036fd83bcb653b4db3c946db4c7d9b9be193c3c944bb?s=96&d=mm&r=g\",\"caption\":\"administrador\"},\"url\":\"https:\\\/\\\/mont-roig.cat\\\/es\\\/actualitat\\\/noticies\\\/author\\\/administrador\\\/\"}]}<\/script>\n<!-- \/ Yoast SEO plugin. -->","yoast_head_json":{"title":"El Ayuntamiento impulsa eAgora, una aplicaci\u00f3n m\u00f3vil para fomentar la participaci\u00f3n ciudadana - Ajuntament de Mont-roig del Camp","robots":{"index":"index","follow":"follow","max-snippet":"max-snippet:-1","max-image-preview":"max-image-preview:large","max-video-preview":"max-video-preview:-1"},"canonical":"https:\/\/mont-roig.cat\/es\/actualitat\/noticies\/el-ayuntamiento-impulsa-eagora-una-aplicacion-movil-para-fomentar-la-participacion-ciudadana\/","og_locale":"es_ES","og_type":"article","og_title":"El Ayuntamiento impulsa eAgora, una aplicaci\u00f3n m\u00f3vil para fomentar la participaci\u00f3n ciudadana - Ajuntament de Mont-roig del Camp","og_description":"La nueva APP arranca inicialmente con las propuestas del departamento de Juventud y la programaci\u00f3n de las fiestas de Santiago de Miami Se trata de una nueva red social a trav\u00e9s de la cual la ciudadan\u00eda puede publicar iniciativas y las entidades dar a conocer su agenda de actividades El Ayuntamiento de Mont-roig del Camp [&hellip;]","og_url":"https:\/\/mont-roig.cat\/es\/actualitat\/noticies\/el-ayuntamiento-impulsa-eagora-una-aplicacion-movil-para-fomentar-la-participacion-ciudadana\/","og_site_name":"Ajuntament de Mont-roig del Camp","article_published_time":"2021-09-08T08:09:37+00:00","article_modified_time":"2021-09-08T08:10:35+00:00","og_image":[{"width":843,"height":1192,"url":"https:\/\/mont-roig.cat\/wp-content\/uploads\/eAgora_es.jpg","type":"image\/jpeg"}],"author":"administrador","twitter_card":"summary_large_image","twitter_misc":{"Escrito por":"administrador","Tiempo de lectura":"2 minutos"},"schema":{"@context":"https:\/\/schema.org","@graph":[{"@type":"Article","@id":"https:\/\/mont-roig.cat\/es\/actualitat\/noticies\/el-ayuntamiento-impulsa-eagora-una-aplicacion-movil-para-fomentar-la-participacion-ciudadana\/#article","isPartOf":{"@id":"https:\/\/mont-roig.cat\/es\/actualitat\/noticies\/el-ayuntamiento-impulsa-eagora-una-aplicacion-movil-para-fomentar-la-participacion-ciudadana\/"},"author":{"name":"administrador","@id":"https:\/\/mont-roig.cat\/es\/#\/schema\/person\/f2b111789f22b7d0c3bd6786c9128cba"},"headline":"El Ayuntamiento impulsa eAgora, una aplicaci\u00f3n m\u00f3vil para fomentar la participaci\u00f3n ciudadana","datePublished":"2021-09-08T08:09:37+00:00","dateModified":"2021-09-08T08:10:35+00:00","mainEntityOfPage":{"@id":"https:\/\/mont-roig.cat\/es\/actualitat\/noticies\/el-ayuntamiento-impulsa-eagora-una-aplicacion-movil-para-fomentar-la-participacion-ciudadana\/"},"wordCount":415,"image":{"@id":"https:\/\/mont-roig.cat\/es\/actualitat\/noticies\/el-ayuntamiento-impulsa-eagora-una-aplicacion-movil-para-fomentar-la-participacion-ciudadana\/#primaryimage"},"thumbnailUrl":"https:\/\/mont-roig.cat\/wp-content\/uploads\/eAgora_es.jpg","articleSection":["General","Juventud"],"inLanguage":"es"},{"@type":"WebPage","@id":"https:\/\/mont-roig.cat\/es\/actualitat\/noticies\/el-ayuntamiento-impulsa-eagora-una-aplicacion-movil-para-fomentar-la-participacion-ciudadana\/","url":"https:\/\/mont-roig.cat\/es\/actualitat\/noticies\/el-ayuntamiento-impulsa-eagora-una-aplicacion-movil-para-fomentar-la-participacion-ciudadana\/","name":"El Ayuntamiento impulsa eAgora, una aplicaci\u00f3n m\u00f3vil para fomentar la participaci\u00f3n ciudadana - Ajuntament de Mont-roig del Camp","isPartOf":{"@id":"https:\/\/mont-roig.cat\/es\/#website"},"primaryImageOfPage":{"@id":"https:\/\/mont-roig.cat\/es\/actualitat\/noticies\/el-ayuntamiento-impulsa-eagora-una-aplicacion-movil-para-fomentar-la-participacion-ciudadana\/#primaryimage"},"image":{"@id":"https:\/\/mont-roig.cat\/es\/actualitat\/noticies\/el-ayuntamiento-impulsa-eagora-una-aplicacion-movil-para-fomentar-la-participacion-ciudadana\/#primaryimage"},"thumbnailUrl":"https:\/\/mont-roig.cat\/wp-content\/uploads\/eAgora_es.jpg","datePublished":"2021-09-08T08:09:37+00:00","dateModified":"2021-09-08T08:10:35+00:00","author":{"@id":"https:\/\/mont-roig.cat\/es\/#\/schema\/person\/f2b111789f22b7d0c3bd6786c9128cba"},"breadcrumb":{"@id":"https:\/\/mont-roig.cat\/es\/actualitat\/noticies\/el-ayuntamiento-impulsa-eagora-una-aplicacion-movil-para-fomentar-la-participacion-ciudadana\/#breadcrumb"},"inLanguage":"es","potentialAction":[{"@type":"ReadAction","target":["https:\/\/mont-roig.cat\/es\/actualitat\/noticies\/el-ayuntamiento-impulsa-eagora-una-aplicacion-movil-para-fomentar-la-participacion-ciudadana\/"]}]},{"@type":"ImageObject","inLanguage":"es","@id":"https:\/\/mont-roig.cat\/es\/actualitat\/noticies\/el-ayuntamiento-impulsa-eagora-una-aplicacion-movil-para-fomentar-la-participacion-ciudadana\/#primaryimage","url":"https:\/\/mont-roig.cat\/wp-content\/uploads\/eAgora_es.jpg","contentUrl":"https:\/\/mont-roig.cat\/wp-content\/uploads\/eAgora_es.jpg","width":843,"height":1192},{"@type":"BreadcrumbList","@id":"https:\/\/mont-roig.cat\/es\/actualitat\/noticies\/el-ayuntamiento-impulsa-eagora-una-aplicacion-movil-para-fomentar-la-participacion-ciudadana\/#breadcrumb","itemListElement":[{"@type":"ListItem","position":1,"name":"Inici","item":"https:\/\/mont-roig.cat\/es\/pagina-de-inicio\/"},{"@type":"ListItem","position":2,"name":"El Ayuntamiento impulsa eAgora, una aplicaci\u00f3n m\u00f3vil para fomentar la participaci\u00f3n ciudadana"}]},{"@type":"WebSite","@id":"https:\/\/mont-roig.cat\/es\/#website","url":"https:\/\/mont-roig.cat\/es\/","name":"Ajuntament de Mont-roig del Camp","description":"Tota la informaci\u00f3 sobre la instituci\u00f3, els seus \u00f2rgans de govern, actualitat, serveis i molt m\u00e9s.","potentialAction":[{"@type":"SearchAction","target":{"@type":"EntryPoint","urlTemplate":"https:\/\/mont-roig.cat\/es\/?s={search_term_string}"},"query-input":{"@type":"PropertyValueSpecification","valueRequired":true,"valueName":"search_term_string"}}],"inLanguage":"es"},{"@type":"Person","@id":"https:\/\/mont-roig.cat\/es\/#\/schema\/person\/f2b111789f22b7d0c3bd6786c9128cba","name":"administrador","image":{"@type":"ImageObject","inLanguage":"es","@id":"https:\/\/secure.gravatar.com\/avatar\/9137aac6891e2595c9d3036fd83bcb653b4db3c946db4c7d9b9be193c3c944bb?s=96&d=mm&r=g","url":"https:\/\/secure.gravatar.com\/avatar\/9137aac6891e2595c9d3036fd83bcb653b4db3c946db4c7d9b9be193c3c944bb?s=96&d=mm&r=g","contentUrl":"https:\/\/secure.gravatar.com\/avatar\/9137aac6891e2595c9d3036fd83bcb653b4db3c946db4c7d9b9be193c3c944bb?s=96&d=mm&r=g","caption":"administrador"},"url":"https:\/\/mont-roig.cat\/es\/actualitat\/noticies\/author\/administrador\/"}]}},"_links":{"self":[{"href":"https:\/\/mont-roig.cat\/es\/wp-json\/wp\/v2\/posts\/57361","targetHints":{"allow":["GET"]}}],"collection":[{"href":"https:\/\/mont-roig.cat\/es\/wp-json\/wp\/v2\/posts"}],"about":[{"href":"https:\/\/mont-roig.cat\/es\/wp-json\/wp\/v2\/types\/post"}],"author":[{"embeddable":true,"href":"https:\/\/mont-roig.cat\/es\/wp-json\/wp\/v2\/users\/4"}],"replies":[{"embeddable":true,"href":"https:\/\/mont-roig.cat\/es\/wp-json\/wp\/v2\/comments?post=57361"}],"version-history":[{"count":2,"href":"https:\/\/mont-roig.cat\/es\/wp-json\/wp\/v2\/posts\/57361\/revisions"}],"predecessor-version":[{"id":57365,"href":"https:\/\/mont-roig.cat\/es\/wp-json\/wp\/v2\/posts\/57361\/revisions\/57365"}],"wp:featuredmedia":[{"embeddable":true,"href":"https:\/\/mont-roig.cat\/es\/wp-json\/wp\/v2\/media\/57363"}],"wp:attachment":[{"href":"https:\/\/mont-roig.cat\/es\/wp-json\/wp\/v2\/media?parent=57361"}],"wp:term":[{"taxonomy":"category","embeddable":true,"href":"https:\/\/mont-roig.cat\/es\/wp-json\/wp\/v2\/categories?post=57361"},{"taxonomy":"post_tag","embeddable":true,"href":"https:\/\/mont-roig.cat\/es\/wp-json\/wp\/v2\/tags?post=57361"}],"curies":[{"name":"wp","href":"https:\/\/api.w.org\/{rel}","templated":true}]}}