{"id":57406,"date":"2021-09-10T12:39:52","date_gmt":"2021-09-10T10:39:52","guid":{"rendered":"https:\/\/mont-roig.cat\/?p=57406"},"modified":"2021-09-10T12:41:10","modified_gmt":"2021-09-10T10:41:10","slug":"las-obras-de-mejora-de-la-avenida-del-mar-comienzan-lunes-13-de-setiembre","status":"publish","type":"post","link":"https:\/\/mont-roig.cat\/es\/actualitat\/noticies\/las-obras-de-mejora-de-la-avenida-del-mar-comienzan-lunes-13-de-setiembre\/","title":{"rendered":"Las obras de mejora de la avenida del Mar comienzan lunes 13 de setiembre"},"content":{"rendered":"<ul>\n<li><strong><em>El proyecto incluye la instalaci\u00f3n de nuevo mobiliario urbano, plantaci\u00f3n de arbolado y la creaci\u00f3n de un carril bici que enlazar\u00e1 el parque Lil\u00ed con la plaza de Tarragona<\/em><\/strong><\/li>\n<li><strong><em>El objetivo del proyecto es mejorar la accesibilidad en la v\u00eda p\u00fablica y dotar de entidad este eje que une las principales arterias de Miami Playa, la avenida Diversitat y la avenida de Barcelona<\/em><\/strong><\/li>\n<\/ul>\n<div id=\"attachment_57401\" style=\"width: 310px\" class=\"wp-caption alignright\"><a href=\"https:\/\/mont-roig.cat\/wp-content\/uploads\/Projecte-de-millora-Avinguda-del-Mar-scaled.jpg\" target=\"_blank\" rel=\"noopener\"><img loading=\"lazy\" decoding=\"async\" aria-describedby=\"caption-attachment-57401\" class=\"wp-image-57401\" src=\"https:\/\/mont-roig.cat\/wp-content\/uploads\/Projecte-de-millora-Avinguda-del-Mar-500x373.jpg\" alt=\"\" width=\"300\" height=\"224\" srcset=\"https:\/\/mont-roig.cat\/wp-content\/uploads\/Projecte-de-millora-Avinguda-del-Mar-500x373.jpg 500w, https:\/\/mont-roig.cat\/wp-content\/uploads\/Projecte-de-millora-Avinguda-del-Mar-1024x764.jpg 1024w, https:\/\/mont-roig.cat\/wp-content\/uploads\/Projecte-de-millora-Avinguda-del-Mar-768x573.jpg 768w, https:\/\/mont-roig.cat\/wp-content\/uploads\/Projecte-de-millora-Avinguda-del-Mar-1536x1145.jpg 1536w, https:\/\/mont-roig.cat\/wp-content\/uploads\/Projecte-de-millora-Avinguda-del-Mar-scaled.jpg 2048w, https:\/\/mont-roig.cat\/wp-content\/uploads\/Projecte-de-millora-Avinguda-del-Mar-463x348.jpg 463w\" sizes=\"auto, (max-width: 300px) 100vw, 300px\" \/><\/a><p id=\"caption-attachment-57401\" class=\"wp-caption-text\">Proyecto de mejora de la avenida del Mar<\/p><\/div>\n<p>El Ayuntamiento de Mont-roig del Camp iniciar\u00e1, el pr\u00f3ximo lunes 13 de setiembre, las obras de mejora de la avenida del Mar. El proyecto contempla la instalaci\u00f3n de mobiliario urbano, la plantaci\u00f3n de arbolado, as\u00ed como la creaci\u00f3n de un carril bici que unir\u00e1 el Parque deportivo Lil\u00ed \u00c1lvarez con la plaza de Tarragona.<\/p>\n<p>El proyecto tambi\u00e9n incluye la creaci\u00f3n de una medianera con arbolado que separar\u00e1 los dos carriles de la calzada. En cuanto al mobiliario urbano se instalar\u00e1n nuevos bancos y papeleras, adem\u00e1s de la creaci\u00f3n de nuevos pasos de peatones y el correspondiente repintado de la se\u00f1alizaci\u00f3n horizontal. Se aprovechar\u00e1 tambi\u00e9n para quitar algunas de las instalaciones de telefon\u00eda que no est\u00e1n en servicio.<\/p>\n<p>Las obras incluyen tambi\u00e9n la mejora de la rotonda de delante de la iglesia Santa Mar\u00eda Magdalena y las dos v\u00edas que rodean el parque deportivo y que enlazan con la avenida de la Diversitat.<\/p>\n<p>De hecho, uno de los principales objetivos del proyecto es dotar de entidad uno de los ejes verticales m\u00e1s transitados que une dos de las principales arterias de Miami Platja como son la avenida de la Diversitat y la avenida de Barcelona. Todo ello para mejorar la accesibilidad en la v\u00eda p\u00fablica y potenciar el uso del espacio p\u00fablico, haci\u00e9ndolo m\u00e1s amable y utilizable.<\/p>\n<p>Los trabajos ir\u00e1n a cargo de la empresa Tecnolog\u00eda de Firmas SA, con un presupuesto de adjudicaci\u00f3n de 192.214,80 \u20ac, IVA incluido. El plazo de ejecuci\u00f3n previsto es de dos meses y medio.<\/p>\n<p><strong>Las afectaciones de tr\u00e1fico ser\u00e1n puntuales<\/strong><\/p>\n<p>En cuanto a las afectaciones de tr\u00e1fico, \u00e9stas ser\u00e1n puntuales seg\u00fan el desarrollo de las obras. En este sentido, no se prev\u00e9 cortar el acceso completo a la avenida, sino restringir el paso de acuerdo con las necesidades de los trabajos, es por eso que se podr\u00e1 seguir accediendo a los servicios y comercios de la avenida y los vecinos tendr\u00e1n acceso a sus viviendas.<\/p>\n<p>Cabe destacar tambi\u00e9n que las obras comenzar\u00e1n por la zona alta, es decir, las v\u00edas laterales del Parque deportivo Lil\u00ed, para que la zona que est\u00e1\u00a0 m\u00e1s cerca de la avenida de Tarragona pueda acabar la temporada tur\u00edstica. Asimismo, a medida que sea necesaria la ocupaci\u00f3n de v\u00eda p\u00fablica o restricciones de circulaci\u00f3n se ir\u00e1 avisando a los vecinos y vecinas.<\/p>\n","protected":false},"excerpt":{"rendered":"<p>El proyecto incluye la instalaci\u00f3n de nuevo mobiliario urbano, plantaci\u00f3n de arbolado y la creaci\u00f3n de un carril bici que enlazar\u00e1 el parque Lil\u00ed con la plaza de Tarragona El objetivo del proyecto es mejorar la accesibilidad en la v\u00eda p\u00fablica y dotar de entidad este eje que une las principales arterias de Miami Playa, [&hellip;]<\/p>\n","protected":false},"author":4,"featured_media":57402,"comment_status":"closed","ping_status":"closed","sticky":false,"template":"","format":"standard","meta":{"inline_featured_image":false,"_monsterinsights_skip_tracking":false,"_monsterinsights_sitenote_active":false,"_monsterinsights_sitenote_note":"","_monsterinsights_sitenote_category":0,"footnotes":""},"categories":[116],"tags":[],"class_list":["post-57406","post","type-post","status-publish","format-standard","has-post-thumbnail","hentry","category-urbanismo-y-obras"],"yoast_head":"<!-- This site is optimized with the Yoast SEO plugin v27.4 - https:\/\/yoast.com\/product\/yoast-seo-wordpress\/ -->\n<title>Las obras de mejora de la avenida del Mar comienzan lunes 13 de setiembre - Ajuntament de Mont-roig del Camp<\/title>\n<meta name=\"robots\" content=\"index, follow, max-snippet:-1, max-image-preview:large, max-video-preview:-1\" \/>\n<link rel=\"canonical\" href=\"https:\/\/mont-roig.cat\/es\/actualitat\/noticies\/las-obras-de-mejora-de-la-avenida-del-mar-comienzan-lunes-13-de-setiembre\/\" \/>\n<meta property=\"og:locale\" content=\"es_ES\" \/>\n<meta property=\"og:type\" content=\"article\" \/>\n<meta property=\"og:title\" content=\"Las obras de mejora de la avenida del Mar comienzan lunes 13 de setiembre - Ajuntament de Mont-roig del Camp\" \/>\n<meta property=\"og:description\" content=\"El proyecto incluye la instalaci\u00f3n de nuevo mobiliario urbano, plantaci\u00f3n de arbolado y la creaci\u00f3n de un carril bici que enlazar\u00e1 el parque Lil\u00ed con la plaza de Tarragona El objetivo del proyecto es mejorar la accesibilidad en la v\u00eda p\u00fablica y dotar de entidad este eje que une las principales arterias de Miami Playa, [&hellip;]\" \/>\n<meta property=\"og:url\" content=\"https:\/\/mont-roig.cat\/es\/actualitat\/noticies\/las-obras-de-mejora-de-la-avenida-del-mar-comienzan-lunes-13-de-setiembre\/\" \/>\n<meta property=\"og:site_name\" content=\"Ajuntament de Mont-roig del Camp\" \/>\n<meta property=\"article:published_time\" content=\"2021-09-10T10:39:52+00:00\" \/>\n<meta property=\"article:modified_time\" content=\"2021-09-10T10:41:10+00:00\" \/>\n<meta property=\"og:image\" content=\"https:\/\/mont-roig.cat\/wp-content\/uploads\/Projecte-de-millora-Avinguda-del-Mar.jpg\" \/>\n\t<meta property=\"og:image:width\" content=\"2048\" \/>\n\t<meta property=\"og:image:height\" content=\"1527\" \/>\n\t<meta property=\"og:image:type\" content=\"image\/jpeg\" \/>\n<meta name=\"author\" content=\"administrador\" \/>\n<meta name=\"twitter:card\" content=\"summary_large_image\" \/>\n<meta name=\"twitter:label1\" content=\"Escrito por\" \/>\n\t<meta name=\"twitter:data1\" content=\"administrador\" \/>\n\t<meta name=\"twitter:label2\" content=\"Tiempo de lectura\" \/>\n\t<meta name=\"twitter:data2\" content=\"3 minutos\" \/>\n<script type=\"application\/ld+json\" class=\"yoast-schema-graph\">{\"@context\":\"https:\\\/\\\/schema.org\",\"@graph\":[{\"@type\":\"Article\",\"@id\":\"https:\\\/\\\/mont-roig.cat\\\/es\\\/actualitat\\\/noticies\\\/las-obras-de-mejora-de-la-avenida-del-mar-comienzan-lunes-13-de-setiembre\\\/#article\",\"isPartOf\":{\"@id\":\"https:\\\/\\\/mont-roig.cat\\\/es\\\/actualitat\\\/noticies\\\/las-obras-de-mejora-de-la-avenida-del-mar-comienzan-lunes-13-de-setiembre\\\/\"},\"author\":{\"name\":\"administrador\",\"@id\":\"https:\\\/\\\/mont-roig.cat\\\/es\\\/#\\\/schema\\\/person\\\/f2b111789f22b7d0c3bd6786c9128cba\"},\"headline\":\"Las obras de mejora de la avenida del Mar comienzan lunes 13 de setiembre\",\"datePublished\":\"2021-09-10T10:39:52+00:00\",\"dateModified\":\"2021-09-10T10:41:10+00:00\",\"mainEntityOfPage\":{\"@id\":\"https:\\\/\\\/mont-roig.cat\\\/es\\\/actualitat\\\/noticies\\\/las-obras-de-mejora-de-la-avenida-del-mar-comienzan-lunes-13-de-setiembre\\\/\"},\"wordCount\":516,\"image\":{\"@id\":\"https:\\\/\\\/mont-roig.cat\\\/es\\\/actualitat\\\/noticies\\\/las-obras-de-mejora-de-la-avenida-del-mar-comienzan-lunes-13-de-setiembre\\\/#primaryimage\"},\"thumbnailUrl\":\"https:\\\/\\\/mont-roig.cat\\\/wp-content\\\/uploads\\\/Projecte-de-millora-Avinguda-del-Mar.jpg\",\"articleSection\":[\"Urbanismo y obras\"],\"inLanguage\":\"es\"},{\"@type\":\"WebPage\",\"@id\":\"https:\\\/\\\/mont-roig.cat\\\/es\\\/actualitat\\\/noticies\\\/las-obras-de-mejora-de-la-avenida-del-mar-comienzan-lunes-13-de-setiembre\\\/\",\"url\":\"https:\\\/\\\/mont-roig.cat\\\/es\\\/actualitat\\\/noticies\\\/las-obras-de-mejora-de-la-avenida-del-mar-comienzan-lunes-13-de-setiembre\\\/\",\"name\":\"Las obras de mejora de la avenida del Mar comienzan lunes 13 de setiembre - Ajuntament de Mont-roig del Camp\",\"isPartOf\":{\"@id\":\"https:\\\/\\\/mont-roig.cat\\\/es\\\/#website\"},\"primaryImageOfPage\":{\"@id\":\"https:\\\/\\\/mont-roig.cat\\\/es\\\/actualitat\\\/noticies\\\/las-obras-de-mejora-de-la-avenida-del-mar-comienzan-lunes-13-de-setiembre\\\/#primaryimage\"},\"image\":{\"@id\":\"https:\\\/\\\/mont-roig.cat\\\/es\\\/actualitat\\\/noticies\\\/las-obras-de-mejora-de-la-avenida-del-mar-comienzan-lunes-13-de-setiembre\\\/#primaryimage\"},\"thumbnailUrl\":\"https:\\\/\\\/mont-roig.cat\\\/wp-content\\\/uploads\\\/Projecte-de-millora-Avinguda-del-Mar.jpg\",\"datePublished\":\"2021-09-10T10:39:52+00:00\",\"dateModified\":\"2021-09-10T10:41:10+00:00\",\"author\":{\"@id\":\"https:\\\/\\\/mont-roig.cat\\\/es\\\/#\\\/schema\\\/person\\\/f2b111789f22b7d0c3bd6786c9128cba\"},\"breadcrumb\":{\"@id\":\"https:\\\/\\\/mont-roig.cat\\\/es\\\/actualitat\\\/noticies\\\/las-obras-de-mejora-de-la-avenida-del-mar-comienzan-lunes-13-de-setiembre\\\/#breadcrumb\"},\"inLanguage\":\"es\",\"potentialAction\":[{\"@type\":\"ReadAction\",\"target\":[\"https:\\\/\\\/mont-roig.cat\\\/es\\\/actualitat\\\/noticies\\\/las-obras-de-mejora-de-la-avenida-del-mar-comienzan-lunes-13-de-setiembre\\\/\"]}]},{\"@type\":\"ImageObject\",\"inLanguage\":\"es\",\"@id\":\"https:\\\/\\\/mont-roig.cat\\\/es\\\/actualitat\\\/noticies\\\/las-obras-de-mejora-de-la-avenida-del-mar-comienzan-lunes-13-de-setiembre\\\/#primaryimage\",\"url\":\"https:\\\/\\\/mont-roig.cat\\\/wp-content\\\/uploads\\\/Projecte-de-millora-Avinguda-del-Mar.jpg\",\"contentUrl\":\"https:\\\/\\\/mont-roig.cat\\\/wp-content\\\/uploads\\\/Projecte-de-millora-Avinguda-del-Mar.jpg\",\"width\":2048,\"height\":1527},{\"@type\":\"BreadcrumbList\",\"@id\":\"https:\\\/\\\/mont-roig.cat\\\/es\\\/actualitat\\\/noticies\\\/las-obras-de-mejora-de-la-avenida-del-mar-comienzan-lunes-13-de-setiembre\\\/#breadcrumb\",\"itemListElement\":[{\"@type\":\"ListItem\",\"position\":1,\"name\":\"Inici\",\"item\":\"https:\\\/\\\/mont-roig.cat\\\/es\\\/pagina-de-inicio\\\/\"},{\"@type\":\"ListItem\",\"position\":2,\"name\":\"Las obras de mejora de la avenida del Mar comienzan lunes 13 de setiembre\"}]},{\"@type\":\"WebSite\",\"@id\":\"https:\\\/\\\/mont-roig.cat\\\/es\\\/#website\",\"url\":\"https:\\\/\\\/mont-roig.cat\\\/es\\\/\",\"name\":\"Ajuntament de Mont-roig del Camp\",\"description\":\"Tota la informaci\u00f3 sobre la instituci\u00f3, els seus \u00f2rgans de govern, actualitat, serveis i molt m\u00e9s.\",\"potentialAction\":[{\"@type\":\"SearchAction\",\"target\":{\"@type\":\"EntryPoint\",\"urlTemplate\":\"https:\\\/\\\/mont-roig.cat\\\/es\\\/?s={search_term_string}\"},\"query-input\":{\"@type\":\"PropertyValueSpecification\",\"valueRequired\":true,\"valueName\":\"search_term_string\"}}],\"inLanguage\":\"es\"},{\"@type\":\"Person\",\"@id\":\"https:\\\/\\\/mont-roig.cat\\\/es\\\/#\\\/schema\\\/person\\\/f2b111789f22b7d0c3bd6786c9128cba\",\"name\":\"administrador\",\"image\":{\"@type\":\"ImageObject\",\"inLanguage\":\"es\",\"@id\":\"https:\\\/\\\/secure.gravatar.com\\\/avatar\\\/9137aac6891e2595c9d3036fd83bcb653b4db3c946db4c7d9b9be193c3c944bb?s=96&d=mm&r=g\",\"url\":\"https:\\\/\\\/secure.gravatar.com\\\/avatar\\\/9137aac6891e2595c9d3036fd83bcb653b4db3c946db4c7d9b9be193c3c944bb?s=96&d=mm&r=g\",\"contentUrl\":\"https:\\\/\\\/secure.gravatar.com\\\/avatar\\\/9137aac6891e2595c9d3036fd83bcb653b4db3c946db4c7d9b9be193c3c944bb?s=96&d=mm&r=g\",\"caption\":\"administrador\"},\"url\":\"https:\\\/\\\/mont-roig.cat\\\/es\\\/actualitat\\\/noticies\\\/author\\\/administrador\\\/\"}]}<\/script>\n<!-- \/ Yoast SEO plugin. -->","yoast_head_json":{"title":"Las obras de mejora de la avenida del Mar comienzan lunes 13 de setiembre - Ajuntament de Mont-roig del Camp","robots":{"index":"index","follow":"follow","max-snippet":"max-snippet:-1","max-image-preview":"max-image-preview:large","max-video-preview":"max-video-preview:-1"},"canonical":"https:\/\/mont-roig.cat\/es\/actualitat\/noticies\/las-obras-de-mejora-de-la-avenida-del-mar-comienzan-lunes-13-de-setiembre\/","og_locale":"es_ES","og_type":"article","og_title":"Las obras de mejora de la avenida del Mar comienzan lunes 13 de setiembre - Ajuntament de Mont-roig del Camp","og_description":"El proyecto incluye la instalaci\u00f3n de nuevo mobiliario urbano, plantaci\u00f3n de arbolado y la creaci\u00f3n de un carril bici que enlazar\u00e1 el parque Lil\u00ed con la plaza de Tarragona El objetivo del proyecto es mejorar la accesibilidad en la v\u00eda p\u00fablica y dotar de entidad este eje que une las principales arterias de Miami Playa, [&hellip;]","og_url":"https:\/\/mont-roig.cat\/es\/actualitat\/noticies\/las-obras-de-mejora-de-la-avenida-del-mar-comienzan-lunes-13-de-setiembre\/","og_site_name":"Ajuntament de Mont-roig del Camp","article_published_time":"2021-09-10T10:39:52+00:00","article_modified_time":"2021-09-10T10:41:10+00:00","og_image":[{"width":2048,"height":1527,"url":"https:\/\/mont-roig.cat\/wp-content\/uploads\/Projecte-de-millora-Avinguda-del-Mar.jpg","type":"image\/jpeg"}],"author":"administrador","twitter_card":"summary_large_image","twitter_misc":{"Escrito por":"administrador","Tiempo de lectura":"3 minutos"},"schema":{"@context":"https:\/\/schema.org","@graph":[{"@type":"Article","@id":"https:\/\/mont-roig.cat\/es\/actualitat\/noticies\/las-obras-de-mejora-de-la-avenida-del-mar-comienzan-lunes-13-de-setiembre\/#article","isPartOf":{"@id":"https:\/\/mont-roig.cat\/es\/actualitat\/noticies\/las-obras-de-mejora-de-la-avenida-del-mar-comienzan-lunes-13-de-setiembre\/"},"author":{"name":"administrador","@id":"https:\/\/mont-roig.cat\/es\/#\/schema\/person\/f2b111789f22b7d0c3bd6786c9128cba"},"headline":"Las obras de mejora de la avenida del Mar comienzan lunes 13 de setiembre","datePublished":"2021-09-10T10:39:52+00:00","dateModified":"2021-09-10T10:41:10+00:00","mainEntityOfPage":{"@id":"https:\/\/mont-roig.cat\/es\/actualitat\/noticies\/las-obras-de-mejora-de-la-avenida-del-mar-comienzan-lunes-13-de-setiembre\/"},"wordCount":516,"image":{"@id":"https:\/\/mont-roig.cat\/es\/actualitat\/noticies\/las-obras-de-mejora-de-la-avenida-del-mar-comienzan-lunes-13-de-setiembre\/#primaryimage"},"thumbnailUrl":"https:\/\/mont-roig.cat\/wp-content\/uploads\/Projecte-de-millora-Avinguda-del-Mar.jpg","articleSection":["Urbanismo y obras"],"inLanguage":"es"},{"@type":"WebPage","@id":"https:\/\/mont-roig.cat\/es\/actualitat\/noticies\/las-obras-de-mejora-de-la-avenida-del-mar-comienzan-lunes-13-de-setiembre\/","url":"https:\/\/mont-roig.cat\/es\/actualitat\/noticies\/las-obras-de-mejora-de-la-avenida-del-mar-comienzan-lunes-13-de-setiembre\/","name":"Las obras de mejora de la avenida del Mar comienzan lunes 13 de setiembre - Ajuntament de Mont-roig del Camp","isPartOf":{"@id":"https:\/\/mont-roig.cat\/es\/#website"},"primaryImageOfPage":{"@id":"https:\/\/mont-roig.cat\/es\/actualitat\/noticies\/las-obras-de-mejora-de-la-avenida-del-mar-comienzan-lunes-13-de-setiembre\/#primaryimage"},"image":{"@id":"https:\/\/mont-roig.cat\/es\/actualitat\/noticies\/las-obras-de-mejora-de-la-avenida-del-mar-comienzan-lunes-13-de-setiembre\/#primaryimage"},"thumbnailUrl":"https:\/\/mont-roig.cat\/wp-content\/uploads\/Projecte-de-millora-Avinguda-del-Mar.jpg","datePublished":"2021-09-10T10:39:52+00:00","dateModified":"2021-09-10T10:41:10+00:00","author":{"@id":"https:\/\/mont-roig.cat\/es\/#\/schema\/person\/f2b111789f22b7d0c3bd6786c9128cba"},"breadcrumb":{"@id":"https:\/\/mont-roig.cat\/es\/actualitat\/noticies\/las-obras-de-mejora-de-la-avenida-del-mar-comienzan-lunes-13-de-setiembre\/#breadcrumb"},"inLanguage":"es","potentialAction":[{"@type":"ReadAction","target":["https:\/\/mont-roig.cat\/es\/actualitat\/noticies\/las-obras-de-mejora-de-la-avenida-del-mar-comienzan-lunes-13-de-setiembre\/"]}]},{"@type":"ImageObject","inLanguage":"es","@id":"https:\/\/mont-roig.cat\/es\/actualitat\/noticies\/las-obras-de-mejora-de-la-avenida-del-mar-comienzan-lunes-13-de-setiembre\/#primaryimage","url":"https:\/\/mont-roig.cat\/wp-content\/uploads\/Projecte-de-millora-Avinguda-del-Mar.jpg","contentUrl":"https:\/\/mont-roig.cat\/wp-content\/uploads\/Projecte-de-millora-Avinguda-del-Mar.jpg","width":2048,"height":1527},{"@type":"BreadcrumbList","@id":"https:\/\/mont-roig.cat\/es\/actualitat\/noticies\/las-obras-de-mejora-de-la-avenida-del-mar-comienzan-lunes-13-de-setiembre\/#breadcrumb","itemListElement":[{"@type":"ListItem","position":1,"name":"Inici","item":"https:\/\/mont-roig.cat\/es\/pagina-de-inicio\/"},{"@type":"ListItem","position":2,"name":"Las obras de mejora de la avenida del Mar comienzan lunes 13 de setiembre"}]},{"@type":"WebSite","@id":"https:\/\/mont-roig.cat\/es\/#website","url":"https:\/\/mont-roig.cat\/es\/","name":"Ajuntament de Mont-roig del Camp","description":"Tota la informaci\u00f3 sobre la instituci\u00f3, els seus \u00f2rgans de govern, actualitat, serveis i molt m\u00e9s.","potentialAction":[{"@type":"SearchAction","target":{"@type":"EntryPoint","urlTemplate":"https:\/\/mont-roig.cat\/es\/?s={search_term_string}"},"query-input":{"@type":"PropertyValueSpecification","valueRequired":true,"valueName":"search_term_string"}}],"inLanguage":"es"},{"@type":"Person","@id":"https:\/\/mont-roig.cat\/es\/#\/schema\/person\/f2b111789f22b7d0c3bd6786c9128cba","name":"administrador","image":{"@type":"ImageObject","inLanguage":"es","@id":"https:\/\/secure.gravatar.com\/avatar\/9137aac6891e2595c9d3036fd83bcb653b4db3c946db4c7d9b9be193c3c944bb?s=96&d=mm&r=g","url":"https:\/\/secure.gravatar.com\/avatar\/9137aac6891e2595c9d3036fd83bcb653b4db3c946db4c7d9b9be193c3c944bb?s=96&d=mm&r=g","contentUrl":"https:\/\/secure.gravatar.com\/avatar\/9137aac6891e2595c9d3036fd83bcb653b4db3c946db4c7d9b9be193c3c944bb?s=96&d=mm&r=g","caption":"administrador"},"url":"https:\/\/mont-roig.cat\/es\/actualitat\/noticies\/author\/administrador\/"}]}},"_links":{"self":[{"href":"https:\/\/mont-roig.cat\/es\/wp-json\/wp\/v2\/posts\/57406","targetHints":{"allow":["GET"]}}],"collection":[{"href":"https:\/\/mont-roig.cat\/es\/wp-json\/wp\/v2\/posts"}],"about":[{"href":"https:\/\/mont-roig.cat\/es\/wp-json\/wp\/v2\/types\/post"}],"author":[{"embeddable":true,"href":"https:\/\/mont-roig.cat\/es\/wp-json\/wp\/v2\/users\/4"}],"replies":[{"embeddable":true,"href":"https:\/\/mont-roig.cat\/es\/wp-json\/wp\/v2\/comments?post=57406"}],"version-history":[{"count":2,"href":"https:\/\/mont-roig.cat\/es\/wp-json\/wp\/v2\/posts\/57406\/revisions"}],"predecessor-version":[{"id":57409,"href":"https:\/\/mont-roig.cat\/es\/wp-json\/wp\/v2\/posts\/57406\/revisions\/57409"}],"wp:featuredmedia":[{"embeddable":true,"href":"https:\/\/mont-roig.cat\/es\/wp-json\/wp\/v2\/media\/57402"}],"wp:attachment":[{"href":"https:\/\/mont-roig.cat\/es\/wp-json\/wp\/v2\/media?parent=57406"}],"wp:term":[{"taxonomy":"category","embeddable":true,"href":"https:\/\/mont-roig.cat\/es\/wp-json\/wp\/v2\/categories?post=57406"},{"taxonomy":"post_tag","embeddable":true,"href":"https:\/\/mont-roig.cat\/es\/wp-json\/wp\/v2\/tags?post=57406"}],"curies":[{"name":"wp","href":"https:\/\/api.w.org\/{rel}","templated":true}]}}