{"id":57454,"date":"2021-09-13T13:59:04","date_gmt":"2021-09-13T11:59:04","guid":{"rendered":"https:\/\/mont-roig.cat\/actualitat\/noticies\/comenca-amb-normalitat-el-curs-escolar-2021-2022-als-centres-educatius-del-municipi\/"},"modified":"2021-09-13T14:12:02","modified_gmt":"2021-09-13T12:12:02","slug":"comenca-amb-normalitat-el-curs-escolar-2021-2022-als-centres-educatius-del-municipi","status":"publish","type":"post","link":"https:\/\/mont-roig.cat\/es\/actualitat\/noticies\/comenca-amb-normalitat-el-curs-escolar-2021-2022-als-centres-educatius-del-municipi\/","title":{"rendered":"Comienza con normalidad el curso escolar 2021-2022 en los centros educativos del municipio"},"content":{"rendered":"<ul>\n<li><strong><a href=\"https:\/\/mont-roig.cat\/wp-content\/uploads\/inici-curs.jpeg\"><img loading=\"lazy\" decoding=\"async\" class=\"alignright wp-image-57451\" src=\"https:\/\/mont-roig.cat\/wp-content\/uploads\/inici-curs-500x225.jpeg\" alt=\"\" width=\"311\" height=\"140\" srcset=\"https:\/\/mont-roig.cat\/wp-content\/uploads\/inici-curs-500x225.jpeg 500w, https:\/\/mont-roig.cat\/wp-content\/uploads\/inici-curs-1024x461.jpeg 1024w, https:\/\/mont-roig.cat\/wp-content\/uploads\/inici-curs-768x346.jpeg 768w, https:\/\/mont-roig.cat\/wp-content\/uploads\/inici-curs-1536x691.jpeg 1536w, https:\/\/mont-roig.cat\/wp-content\/uploads\/inici-curs.jpeg 1600w\" sizes=\"auto, (max-width: 311px) 100vw, 311px\" \/><\/a>Los centros escolares mantienen el grueso de las indicaciones que se establecieron el curso pasado como los grupos burbuja y el uso de la mascarilla a partir de los seis a\u00f1os<\/strong><\/li>\n<\/ul>\n<p>Un total de 1.677 alumnos han comenzado hoy, con total normalidad, el curso escolar 2021-2022 en los centros educativos del municipio, en el segundo a\u00f1o marcado por la incidencia de la Covid pero con cambios por el avance de la campa\u00f1a de vacunaci\u00f3n. Esta cifra supone un ligero incremento en el n\u00famero de escolarizaciones con relaci\u00f3n al curso anterior (1.658 alumnos). Como siempre, el proceso de matriculaci\u00f3n est\u00e1 abierto y por esto se trata de cifras aproximadas, teniendo en cuenta que durante el curso escolar puede haber cambios con nuevas matr\u00edculas que llegan de otras escuelas o con algunas bajas.<\/p>\n<p>Respecto a los protocolos para la Covid, durante este curso los centros escolares mantienen el grueso de las indicaciones que se establecieron el curso pasado como los grupos burbuja y el uso de la mascarilla a partir de los seis a\u00f1os. Sin embargo, se permite la interacci\u00f3n entre varios grupos con mascarilla y los ni\u00f1os de un mismo grupo no tendr\u00e1n que llevar en el patio. La medida m\u00e1s destacada, sin embargo, es que los alumnos que tengan la pauta completa de vacunaci\u00f3n no deber\u00e1n confinarse en caso de caso positivo en el aula. Salud prev\u00e9 que dos terceras partes de los estudiantes de m\u00e1s de 12 a\u00f1os comiencen el curso con esta pauta.<\/p>\n<p>Por centros, la escuela Mare de D\u00e9u de la Roca de Mont-roig tendr\u00e1 este curso 372 alumnos de educaci\u00f3n infantil y primaria. Todos los cursos contar\u00e1n con 2 l\u00edneas, excepto 5\u00ba que tendr\u00e1 3. La escuela Joan Mir\u00f3 de Miami Platja contar\u00e1 con 329 alumnos, tambi\u00e9n en dos l\u00edneas. Y la escuela Marcel\u00b7l\u00ed Esquius acoger\u00e1 este curso 234 alumnos de educaci\u00f3n infantil y primaria en una sola l\u00ednea excepto el curso de P4 que tendr\u00e1 dos. Cabe destacar que en las tres escuelas de primaria, un total de 101 ni\u00f1os y ni\u00f1as empezar\u00e1n el curso en las aulas de P3.<\/p>\n<p>En cuanto al Institut Antoni Ballester tiene matriculados 398 alumnos. De estos, 265 cursar\u00e1n ESO, 78 Bachillerato y 55 alumnos est\u00e1n matriculados en el Ciclo Formativo de Grado Medio de Sistemas microinform\u00e1ticos y redes (DUAL). Por otra parte, el Institut Miami tiene matriculados 242 alumnos que cursar\u00e1n ESO. Finalmente, tambi\u00e9n con matr\u00edcula viva, en septiembre la guarder\u00eda Mare de D\u00e9u de la Roca de Mont-roig comenz\u00f3 con 38 ni\u00f1os y la Petete de Miami Platja con 64. Las dos hogares cuentan todav\u00eda con plazas vacantes en algunos cursos.<\/p>\n<p><strong>Novedades en las extraescolares<\/strong><\/p>\n<p>Una de las novedades de este curso escolar que acaba de empezar es que la Escuela Municipal de M\u00fasica Baptista Nogu\u00e9s ofrecer\u00e1 las clases de sensibilizaci\u00f3n en las tres escuelas de primaria. De esta forma los ni\u00f1os y ni\u00f1as de P4 y P5 podr\u00e1n disfrutar de esta actividad extraescolar sin moverse de su centro.<\/p>\n<p>Tambi\u00e9n durante este curso escolar la actividad infantil de baloncesto, destinada a los ni\u00f1os y ni\u00f1as de categor\u00edas benjam\u00edn (nacidos en 2012-2013) y alev\u00edn (nacidos en 2010-2011), se desarrollar\u00e1 en los centros educativos de Mont-roig y Miami Platja. Con esta nueva propuesta, en la que las familias no tendr\u00e1n que trasladarse a los ni\u00f1os hasta los polideportivos municipales, se quiere incentivar la pr\u00e1ctica deportiva entre este grupo. Tambi\u00e9n la propuesta Diveresports pensada para los ni\u00f1os y ni\u00f1as de P3, P4 y P5 se realizar\u00e1 en la escuela de la Mare de D\u00e9u de la Roca en Mont-roig. En cuanto a Miami Platja, se mantiene en el polideportivo municipal.<\/p>\n<p><strong>Cambios en las direcciones de los centros<\/strong><\/p>\n<p>Tres centros educativos renuevan o han renovado el equipo de direcci\u00f3n. Se trata de la escuela Marcel\u00b7l\u00ed Esquius, donde la hasta ahora directora Montserrat Salsench Mart\u00ed da paso a la Emilia Arana Bernal. Por otra parte, tambi\u00e9n deja el cargo el director del Institut Miami, David Garc\u00eda y toma el relevo la nueva directora Montse Llebaria Cort\u00e9s. Finalmente en la escola Mare de D\u00e9u de la Roca Cristina Alberich Guinjoan ha tomado el relevo de Jordi Trepat Colom.<\/p>\n<p><strong>Escuelas abiertas y seguras<\/strong><\/p>\n<p>El Departamento de Educaci\u00f3n de la Generalitat, el Departamento de Salud, el Ayuntamiento, los equipos de coordinaci\u00f3n territorial y los equipos docentes de los centros volver\u00e1n a trabajar conjuntamente en la detecci\u00f3n precoz de casos de Covid y sospechosos, y en la gesti\u00f3n posterior, para poder mantener la actividad escolar presencial y garantizar el derecho a la educaci\u00f3n ya la socializaci\u00f3n del alumnado.<\/p>\n<p>&nbsp;<\/p>\n","protected":false},"excerpt":{"rendered":"<p>Los centros escolares mantienen el grueso de las indicaciones que se establecieron el curso pasado como los grupos burbuja y el uso de la mascarilla a partir de los seis a\u00f1os Un total de 1.677 alumnos han comenzado hoy, con total normalidad, el curso escolar 2021-2022 en los centros educativos del municipio, en el segundo [&hellip;]<\/p>\n","protected":false},"author":13,"featured_media":57451,"comment_status":"closed","ping_status":"closed","sticky":false,"template":"","format":"standard","meta":{"inline_featured_image":false,"_monsterinsights_skip_tracking":false,"_monsterinsights_sitenote_active":false,"_monsterinsights_sitenote_note":"","_monsterinsights_sitenote_category":0,"footnotes":""},"categories":[98,103],"tags":[],"class_list":["post-57454","post","type-post","status-publish","format-standard","has-post-thumbnail","hentry","category-ayuntamiento","category-educacion"],"yoast_head":"<!-- This site is optimized with the Yoast SEO plugin v27.4 - https:\/\/yoast.com\/product\/yoast-seo-wordpress\/ -->\n<title>Comienza con normalidad el curso escolar 2021-2022 en los centros educativos del municipio - Ajuntament de Mont-roig del Camp<\/title>\n<meta name=\"robots\" content=\"index, follow, max-snippet:-1, max-image-preview:large, max-video-preview:-1\" \/>\n<link rel=\"canonical\" href=\"https:\/\/mont-roig.cat\/es\/actualitat\/noticies\/comenca-amb-normalitat-el-curs-escolar-2021-2022-als-centres-educatius-del-municipi\/\" \/>\n<meta property=\"og:locale\" content=\"es_ES\" \/>\n<meta property=\"og:type\" content=\"article\" \/>\n<meta property=\"og:title\" content=\"Comienza con normalidad el curso escolar 2021-2022 en los centros educativos del municipio - Ajuntament de Mont-roig del Camp\" \/>\n<meta property=\"og:description\" content=\"Los centros escolares mantienen el grueso de las indicaciones que se establecieron el curso pasado como los grupos burbuja y el uso de la mascarilla a partir de los seis a\u00f1os Un total de 1.677 alumnos han comenzado hoy, con total normalidad, el curso escolar 2021-2022 en los centros educativos del municipio, en el segundo [&hellip;]\" \/>\n<meta property=\"og:url\" content=\"https:\/\/mont-roig.cat\/es\/actualitat\/noticies\/comenca-amb-normalitat-el-curs-escolar-2021-2022-als-centres-educatius-del-municipi\/\" \/>\n<meta property=\"og:site_name\" content=\"Ajuntament de Mont-roig del Camp\" \/>\n<meta property=\"article:published_time\" content=\"2021-09-13T11:59:04+00:00\" \/>\n<meta property=\"article:modified_time\" content=\"2021-09-13T12:12:02+00:00\" \/>\n<meta property=\"og:image\" content=\"https:\/\/mont-roig.cat\/wp-content\/uploads\/inici-curs.jpeg\" \/>\n\t<meta property=\"og:image:width\" content=\"1600\" \/>\n\t<meta property=\"og:image:height\" content=\"720\" \/>\n\t<meta property=\"og:image:type\" content=\"image\/jpeg\" \/>\n<meta name=\"author\" content=\"comunicacio\" \/>\n<meta name=\"twitter:card\" content=\"summary_large_image\" \/>\n<meta name=\"twitter:label1\" content=\"Escrito por\" \/>\n\t<meta name=\"twitter:data1\" content=\"comunicacio\" \/>\n\t<meta name=\"twitter:label2\" content=\"Tiempo de lectura\" \/>\n\t<meta name=\"twitter:data2\" content=\"4 minutos\" \/>\n<script type=\"application\/ld+json\" class=\"yoast-schema-graph\">{\"@context\":\"https:\\\/\\\/schema.org\",\"@graph\":[{\"@type\":\"Article\",\"@id\":\"https:\\\/\\\/mont-roig.cat\\\/es\\\/actualitat\\\/noticies\\\/comenca-amb-normalitat-el-curs-escolar-2021-2022-als-centres-educatius-del-municipi\\\/#article\",\"isPartOf\":{\"@id\":\"https:\\\/\\\/mont-roig.cat\\\/es\\\/actualitat\\\/noticies\\\/comenca-amb-normalitat-el-curs-escolar-2021-2022-als-centres-educatius-del-municipi\\\/\"},\"author\":{\"name\":\"comunicacio\",\"@id\":\"https:\\\/\\\/mont-roig.cat\\\/es\\\/#\\\/schema\\\/person\\\/1f73e7b5e6f9dd122e8a6f14f310ac5e\"},\"headline\":\"Comienza con normalidad el curso escolar 2021-2022 en los centros educativos del municipio\",\"datePublished\":\"2021-09-13T11:59:04+00:00\",\"dateModified\":\"2021-09-13T12:12:02+00:00\",\"mainEntityOfPage\":{\"@id\":\"https:\\\/\\\/mont-roig.cat\\\/es\\\/actualitat\\\/noticies\\\/comenca-amb-normalitat-el-curs-escolar-2021-2022-als-centres-educatius-del-municipi\\\/\"},\"wordCount\":819,\"image\":{\"@id\":\"https:\\\/\\\/mont-roig.cat\\\/es\\\/actualitat\\\/noticies\\\/comenca-amb-normalitat-el-curs-escolar-2021-2022-als-centres-educatius-del-municipi\\\/#primaryimage\"},\"thumbnailUrl\":\"https:\\\/\\\/mont-roig.cat\\\/wp-content\\\/uploads\\\/inici-curs.jpeg\",\"articleSection\":[\"Ayuntamiento\",\"Educaci\u00f3n\"],\"inLanguage\":\"es\"},{\"@type\":\"WebPage\",\"@id\":\"https:\\\/\\\/mont-roig.cat\\\/es\\\/actualitat\\\/noticies\\\/comenca-amb-normalitat-el-curs-escolar-2021-2022-als-centres-educatius-del-municipi\\\/\",\"url\":\"https:\\\/\\\/mont-roig.cat\\\/es\\\/actualitat\\\/noticies\\\/comenca-amb-normalitat-el-curs-escolar-2021-2022-als-centres-educatius-del-municipi\\\/\",\"name\":\"Comienza con normalidad el curso escolar 2021-2022 en los centros educativos del municipio - Ajuntament de Mont-roig del Camp\",\"isPartOf\":{\"@id\":\"https:\\\/\\\/mont-roig.cat\\\/es\\\/#website\"},\"primaryImageOfPage\":{\"@id\":\"https:\\\/\\\/mont-roig.cat\\\/es\\\/actualitat\\\/noticies\\\/comenca-amb-normalitat-el-curs-escolar-2021-2022-als-centres-educatius-del-municipi\\\/#primaryimage\"},\"image\":{\"@id\":\"https:\\\/\\\/mont-roig.cat\\\/es\\\/actualitat\\\/noticies\\\/comenca-amb-normalitat-el-curs-escolar-2021-2022-als-centres-educatius-del-municipi\\\/#primaryimage\"},\"thumbnailUrl\":\"https:\\\/\\\/mont-roig.cat\\\/wp-content\\\/uploads\\\/inici-curs.jpeg\",\"datePublished\":\"2021-09-13T11:59:04+00:00\",\"dateModified\":\"2021-09-13T12:12:02+00:00\",\"author\":{\"@id\":\"https:\\\/\\\/mont-roig.cat\\\/es\\\/#\\\/schema\\\/person\\\/1f73e7b5e6f9dd122e8a6f14f310ac5e\"},\"breadcrumb\":{\"@id\":\"https:\\\/\\\/mont-roig.cat\\\/es\\\/actualitat\\\/noticies\\\/comenca-amb-normalitat-el-curs-escolar-2021-2022-als-centres-educatius-del-municipi\\\/#breadcrumb\"},\"inLanguage\":\"es\",\"potentialAction\":[{\"@type\":\"ReadAction\",\"target\":[\"https:\\\/\\\/mont-roig.cat\\\/es\\\/actualitat\\\/noticies\\\/comenca-amb-normalitat-el-curs-escolar-2021-2022-als-centres-educatius-del-municipi\\\/\"]}]},{\"@type\":\"ImageObject\",\"inLanguage\":\"es\",\"@id\":\"https:\\\/\\\/mont-roig.cat\\\/es\\\/actualitat\\\/noticies\\\/comenca-amb-normalitat-el-curs-escolar-2021-2022-als-centres-educatius-del-municipi\\\/#primaryimage\",\"url\":\"https:\\\/\\\/mont-roig.cat\\\/wp-content\\\/uploads\\\/inici-curs.jpeg\",\"contentUrl\":\"https:\\\/\\\/mont-roig.cat\\\/wp-content\\\/uploads\\\/inici-curs.jpeg\",\"width\":1600,\"height\":720},{\"@type\":\"BreadcrumbList\",\"@id\":\"https:\\\/\\\/mont-roig.cat\\\/es\\\/actualitat\\\/noticies\\\/comenca-amb-normalitat-el-curs-escolar-2021-2022-als-centres-educatius-del-municipi\\\/#breadcrumb\",\"itemListElement\":[{\"@type\":\"ListItem\",\"position\":1,\"name\":\"Inici\",\"item\":\"https:\\\/\\\/mont-roig.cat\\\/es\\\/pagina-de-inicio\\\/\"},{\"@type\":\"ListItem\",\"position\":2,\"name\":\"Comienza con normalidad el curso escolar 2021-2022 en los centros educativos del municipio\"}]},{\"@type\":\"WebSite\",\"@id\":\"https:\\\/\\\/mont-roig.cat\\\/es\\\/#website\",\"url\":\"https:\\\/\\\/mont-roig.cat\\\/es\\\/\",\"name\":\"Ajuntament de Mont-roig del Camp\",\"description\":\"Tota la informaci\u00f3 sobre la instituci\u00f3, els seus \u00f2rgans de govern, actualitat, serveis i molt m\u00e9s.\",\"potentialAction\":[{\"@type\":\"SearchAction\",\"target\":{\"@type\":\"EntryPoint\",\"urlTemplate\":\"https:\\\/\\\/mont-roig.cat\\\/es\\\/?s={search_term_string}\"},\"query-input\":{\"@type\":\"PropertyValueSpecification\",\"valueRequired\":true,\"valueName\":\"search_term_string\"}}],\"inLanguage\":\"es\"},{\"@type\":\"Person\",\"@id\":\"https:\\\/\\\/mont-roig.cat\\\/es\\\/#\\\/schema\\\/person\\\/1f73e7b5e6f9dd122e8a6f14f310ac5e\",\"name\":\"comunicacio\",\"image\":{\"@type\":\"ImageObject\",\"inLanguage\":\"es\",\"@id\":\"https:\\\/\\\/secure.gravatar.com\\\/avatar\\\/98944333e7a877670a64f8d10f0cb680ab2c9ebc4efc43945ef004b52b5ad28c?s=96&d=mm&r=g\",\"url\":\"https:\\\/\\\/secure.gravatar.com\\\/avatar\\\/98944333e7a877670a64f8d10f0cb680ab2c9ebc4efc43945ef004b52b5ad28c?s=96&d=mm&r=g\",\"contentUrl\":\"https:\\\/\\\/secure.gravatar.com\\\/avatar\\\/98944333e7a877670a64f8d10f0cb680ab2c9ebc4efc43945ef004b52b5ad28c?s=96&d=mm&r=g\",\"caption\":\"comunicacio\"},\"url\":\"https:\\\/\\\/mont-roig.cat\\\/es\\\/actualitat\\\/noticies\\\/author\\\/comunicacio\\\/\"}]}<\/script>\n<!-- \/ Yoast SEO plugin. -->","yoast_head_json":{"title":"Comienza con normalidad el curso escolar 2021-2022 en los centros educativos del municipio - Ajuntament de Mont-roig del Camp","robots":{"index":"index","follow":"follow","max-snippet":"max-snippet:-1","max-image-preview":"max-image-preview:large","max-video-preview":"max-video-preview:-1"},"canonical":"https:\/\/mont-roig.cat\/es\/actualitat\/noticies\/comenca-amb-normalitat-el-curs-escolar-2021-2022-als-centres-educatius-del-municipi\/","og_locale":"es_ES","og_type":"article","og_title":"Comienza con normalidad el curso escolar 2021-2022 en los centros educativos del municipio - Ajuntament de Mont-roig del Camp","og_description":"Los centros escolares mantienen el grueso de las indicaciones que se establecieron el curso pasado como los grupos burbuja y el uso de la mascarilla a partir de los seis a\u00f1os Un total de 1.677 alumnos han comenzado hoy, con total normalidad, el curso escolar 2021-2022 en los centros educativos del municipio, en el segundo [&hellip;]","og_url":"https:\/\/mont-roig.cat\/es\/actualitat\/noticies\/comenca-amb-normalitat-el-curs-escolar-2021-2022-als-centres-educatius-del-municipi\/","og_site_name":"Ajuntament de Mont-roig del Camp","article_published_time":"2021-09-13T11:59:04+00:00","article_modified_time":"2021-09-13T12:12:02+00:00","og_image":[{"width":1600,"height":720,"url":"https:\/\/mont-roig.cat\/wp-content\/uploads\/inici-curs.jpeg","type":"image\/jpeg"}],"author":"comunicacio","twitter_card":"summary_large_image","twitter_misc":{"Escrito por":"comunicacio","Tiempo de lectura":"4 minutos"},"schema":{"@context":"https:\/\/schema.org","@graph":[{"@type":"Article","@id":"https:\/\/mont-roig.cat\/es\/actualitat\/noticies\/comenca-amb-normalitat-el-curs-escolar-2021-2022-als-centres-educatius-del-municipi\/#article","isPartOf":{"@id":"https:\/\/mont-roig.cat\/es\/actualitat\/noticies\/comenca-amb-normalitat-el-curs-escolar-2021-2022-als-centres-educatius-del-municipi\/"},"author":{"name":"comunicacio","@id":"https:\/\/mont-roig.cat\/es\/#\/schema\/person\/1f73e7b5e6f9dd122e8a6f14f310ac5e"},"headline":"Comienza con normalidad el curso escolar 2021-2022 en los centros educativos del municipio","datePublished":"2021-09-13T11:59:04+00:00","dateModified":"2021-09-13T12:12:02+00:00","mainEntityOfPage":{"@id":"https:\/\/mont-roig.cat\/es\/actualitat\/noticies\/comenca-amb-normalitat-el-curs-escolar-2021-2022-als-centres-educatius-del-municipi\/"},"wordCount":819,"image":{"@id":"https:\/\/mont-roig.cat\/es\/actualitat\/noticies\/comenca-amb-normalitat-el-curs-escolar-2021-2022-als-centres-educatius-del-municipi\/#primaryimage"},"thumbnailUrl":"https:\/\/mont-roig.cat\/wp-content\/uploads\/inici-curs.jpeg","articleSection":["Ayuntamiento","Educaci\u00f3n"],"inLanguage":"es"},{"@type":"WebPage","@id":"https:\/\/mont-roig.cat\/es\/actualitat\/noticies\/comenca-amb-normalitat-el-curs-escolar-2021-2022-als-centres-educatius-del-municipi\/","url":"https:\/\/mont-roig.cat\/es\/actualitat\/noticies\/comenca-amb-normalitat-el-curs-escolar-2021-2022-als-centres-educatius-del-municipi\/","name":"Comienza con normalidad el curso escolar 2021-2022 en los centros educativos del municipio - Ajuntament de Mont-roig del Camp","isPartOf":{"@id":"https:\/\/mont-roig.cat\/es\/#website"},"primaryImageOfPage":{"@id":"https:\/\/mont-roig.cat\/es\/actualitat\/noticies\/comenca-amb-normalitat-el-curs-escolar-2021-2022-als-centres-educatius-del-municipi\/#primaryimage"},"image":{"@id":"https:\/\/mont-roig.cat\/es\/actualitat\/noticies\/comenca-amb-normalitat-el-curs-escolar-2021-2022-als-centres-educatius-del-municipi\/#primaryimage"},"thumbnailUrl":"https:\/\/mont-roig.cat\/wp-content\/uploads\/inici-curs.jpeg","datePublished":"2021-09-13T11:59:04+00:00","dateModified":"2021-09-13T12:12:02+00:00","author":{"@id":"https:\/\/mont-roig.cat\/es\/#\/schema\/person\/1f73e7b5e6f9dd122e8a6f14f310ac5e"},"breadcrumb":{"@id":"https:\/\/mont-roig.cat\/es\/actualitat\/noticies\/comenca-amb-normalitat-el-curs-escolar-2021-2022-als-centres-educatius-del-municipi\/#breadcrumb"},"inLanguage":"es","potentialAction":[{"@type":"ReadAction","target":["https:\/\/mont-roig.cat\/es\/actualitat\/noticies\/comenca-amb-normalitat-el-curs-escolar-2021-2022-als-centres-educatius-del-municipi\/"]}]},{"@type":"ImageObject","inLanguage":"es","@id":"https:\/\/mont-roig.cat\/es\/actualitat\/noticies\/comenca-amb-normalitat-el-curs-escolar-2021-2022-als-centres-educatius-del-municipi\/#primaryimage","url":"https:\/\/mont-roig.cat\/wp-content\/uploads\/inici-curs.jpeg","contentUrl":"https:\/\/mont-roig.cat\/wp-content\/uploads\/inici-curs.jpeg","width":1600,"height":720},{"@type":"BreadcrumbList","@id":"https:\/\/mont-roig.cat\/es\/actualitat\/noticies\/comenca-amb-normalitat-el-curs-escolar-2021-2022-als-centres-educatius-del-municipi\/#breadcrumb","itemListElement":[{"@type":"ListItem","position":1,"name":"Inici","item":"https:\/\/mont-roig.cat\/es\/pagina-de-inicio\/"},{"@type":"ListItem","position":2,"name":"Comienza con normalidad el curso escolar 2021-2022 en los centros educativos del municipio"}]},{"@type":"WebSite","@id":"https:\/\/mont-roig.cat\/es\/#website","url":"https:\/\/mont-roig.cat\/es\/","name":"Ajuntament de Mont-roig del Camp","description":"Tota la informaci\u00f3 sobre la instituci\u00f3, els seus \u00f2rgans de govern, actualitat, serveis i molt m\u00e9s.","potentialAction":[{"@type":"SearchAction","target":{"@type":"EntryPoint","urlTemplate":"https:\/\/mont-roig.cat\/es\/?s={search_term_string}"},"query-input":{"@type":"PropertyValueSpecification","valueRequired":true,"valueName":"search_term_string"}}],"inLanguage":"es"},{"@type":"Person","@id":"https:\/\/mont-roig.cat\/es\/#\/schema\/person\/1f73e7b5e6f9dd122e8a6f14f310ac5e","name":"comunicacio","image":{"@type":"ImageObject","inLanguage":"es","@id":"https:\/\/secure.gravatar.com\/avatar\/98944333e7a877670a64f8d10f0cb680ab2c9ebc4efc43945ef004b52b5ad28c?s=96&d=mm&r=g","url":"https:\/\/secure.gravatar.com\/avatar\/98944333e7a877670a64f8d10f0cb680ab2c9ebc4efc43945ef004b52b5ad28c?s=96&d=mm&r=g","contentUrl":"https:\/\/secure.gravatar.com\/avatar\/98944333e7a877670a64f8d10f0cb680ab2c9ebc4efc43945ef004b52b5ad28c?s=96&d=mm&r=g","caption":"comunicacio"},"url":"https:\/\/mont-roig.cat\/es\/actualitat\/noticies\/author\/comunicacio\/"}]}},"_links":{"self":[{"href":"https:\/\/mont-roig.cat\/es\/wp-json\/wp\/v2\/posts\/57454","targetHints":{"allow":["GET"]}}],"collection":[{"href":"https:\/\/mont-roig.cat\/es\/wp-json\/wp\/v2\/posts"}],"about":[{"href":"https:\/\/mont-roig.cat\/es\/wp-json\/wp\/v2\/types\/post"}],"author":[{"embeddable":true,"href":"https:\/\/mont-roig.cat\/es\/wp-json\/wp\/v2\/users\/13"}],"replies":[{"embeddable":true,"href":"https:\/\/mont-roig.cat\/es\/wp-json\/wp\/v2\/comments?post=57454"}],"version-history":[{"count":3,"href":"https:\/\/mont-roig.cat\/es\/wp-json\/wp\/v2\/posts\/57454\/revisions"}],"predecessor-version":[{"id":57457,"href":"https:\/\/mont-roig.cat\/es\/wp-json\/wp\/v2\/posts\/57454\/revisions\/57457"}],"wp:featuredmedia":[{"embeddable":true,"href":"https:\/\/mont-roig.cat\/es\/wp-json\/wp\/v2\/media\/57451"}],"wp:attachment":[{"href":"https:\/\/mont-roig.cat\/es\/wp-json\/wp\/v2\/media?parent=57454"}],"wp:term":[{"taxonomy":"category","embeddable":true,"href":"https:\/\/mont-roig.cat\/es\/wp-json\/wp\/v2\/categories?post=57454"},{"taxonomy":"post_tag","embeddable":true,"href":"https:\/\/mont-roig.cat\/es\/wp-json\/wp\/v2\/tags?post=57454"}],"curies":[{"name":"wp","href":"https:\/\/api.w.org\/{rel}","templated":true}]}}