{"id":57585,"date":"2021-09-16T15:01:32","date_gmt":"2021-09-16T13:01:32","guid":{"rendered":"https:\/\/mont-roig.cat\/?p=57585"},"modified":"2021-09-16T15:01:32","modified_gmt":"2021-09-16T13:01:32","slug":"las-entradas-del-concierto-joven-con-dr-prats-se-ponen-a-la-venta-manana","status":"publish","type":"post","link":"https:\/\/mont-roig.cat\/es\/actualitat\/noticies\/las-entradas-del-concierto-joven-con-dr-prats-se-ponen-a-la-venta-manana\/","title":{"rendered":"Las entradas del concierto joven con Dr. Prats se ponen a la venta ma\u00f1ana"},"content":{"rendered":"<ul>\n<li><a href=\"https:\/\/mont-roig.cat\/wp-content\/uploads\/cartell-1.jpg\"><img loading=\"lazy\" decoding=\"async\" class=\"alignright wp-image-57580\" src=\"https:\/\/mont-roig.cat\/wp-content\/uploads\/cartell-1-354x500.jpg\" alt=\"\" width=\"250\" height=\"353\" srcset=\"https:\/\/mont-roig.cat\/wp-content\/uploads\/cartell-1-354x500.jpg 354w, https:\/\/mont-roig.cat\/wp-content\/uploads\/cartell-1-725x1024.jpg 725w, https:\/\/mont-roig.cat\/wp-content\/uploads\/cartell-1-768x1085.jpg 768w, https:\/\/mont-roig.cat\/wp-content\/uploads\/cartell-1.jpg 886w\" sizes=\"auto, (max-width: 250px) 100vw, 250px\" \/><\/a><strong>\u00a0Se podr\u00e1n comprar, al precio de 7 euros, en el casal Joven K1 de Mont-roig, en la oficina de turismo de Miami Playa y en taquilla antes del concierto<\/strong><\/li>\n<li><strong>El departamento de Juventud activa el tel\u00e9fono 638 223 641 en caso de que no se pueda hacer la compra presencial<\/strong><\/li>\n<\/ul>\n<p>El Ayuntamiento de Mont-roig del Camp pone a la venta, a partir de ma\u00f1ana, las entradas del concierto joven con Doctor Prats, Segonam\u00e0 y Dj OGT. Se trata de uno de los platos fuertes de la fiesta mayor de Sant Miquel que tendr\u00e1 lugar el s\u00e1bado 2 de octubre en la carpa de las fiestas, que se ubicar\u00e1 detr\u00e1s del instituto de Mont-roig.<\/p>\n<p>Las entradas se podr\u00e1n comprar de forma anticipada del 17 de septiembre por la tarde al 1 de octubre en el Casal Jove K1 (Montroig) y en la Oficina de Turismo de Miami Platja.<\/p>\n<p><strong>Horarios:<\/strong><\/p>\n<p>&#8211; De martes a viernes de 9.30 h a 13.30 h y de 16.30 h a 19.30 h.<br \/>\n&#8211; S\u00e1bado (excepto 2 de octubre) de 10 h a 13 h<\/p>\n<p><em>* El pago s\u00f3lo se podr\u00e1 hacer presencialmente y con tarjeta bancaria<\/em><\/p>\n<p>Las entradas tambi\u00e9n se podr\u00e1n comprar el mismo d\u00eda del concierto en la taquilla de la carpa de las fiestas.<\/p>\n<p><strong>Horario:<\/strong><br \/>\n&#8211; S\u00e1bado 2 de octubre, de 17 a 20 h<\/p>\n<p><em>* El pago se podr\u00e1 realizar en met\u00e1lico, aunque se aconseja realizar la compra con tarjeta bancaria.<\/em><\/p>\n<p>Por otra parte, en aquellos casos en que no sea posible comprar las entradas de forma presencial, el Ayuntamiento pone a disposici\u00f3n el tel\u00e9fono 638223641, para reservas.<\/p>\n<p>La hora prevista de inicio del concierto es a las 21.30 h con apertura de puertas desde las 19.30, aunque el horario se podr\u00e1 modificar en caso de que haya cambios en las medidas para frenar la Covid decretadas por las autoridades competentes en la materia. Cualquier cambio o modificaci\u00f3n se anunciar\u00e1 por los canales de comunicaci\u00f3n municipales.<\/p>\n","protected":false},"excerpt":{"rendered":"<p>\u00a0Se podr\u00e1n comprar, al precio de 7 euros, en el casal Joven K1 de Mont-roig, en la oficina de turismo de Miami Playa y en taquilla antes del concierto El departamento de Juventud activa el tel\u00e9fono 638 223 641 en caso de que no se pueda hacer la compra presencial El Ayuntamiento de Mont-roig del [&hellip;]<\/p>\n","protected":false},"author":4,"featured_media":57583,"comment_status":"closed","ping_status":"closed","sticky":false,"template":"","format":"standard","meta":{"inline_featured_image":false,"_monsterinsights_skip_tracking":false,"_monsterinsights_sitenote_active":false,"_monsterinsights_sitenote_note":"","_monsterinsights_sitenote_category":0,"footnotes":""},"categories":[105,106],"tags":[],"class_list":["post-57585","post","type-post","status-publish","format-standard","has-post-thumbnail","hentry","category-fiestas","category-juventud"],"yoast_head":"<!-- This site is optimized with the Yoast SEO plugin v27.4 - https:\/\/yoast.com\/product\/yoast-seo-wordpress\/ -->\n<title>Las entradas del concierto joven con Dr. Prats se ponen a la venta ma\u00f1ana - Ajuntament de Mont-roig del Camp<\/title>\n<meta name=\"robots\" content=\"index, follow, max-snippet:-1, max-image-preview:large, max-video-preview:-1\" \/>\n<link rel=\"canonical\" href=\"https:\/\/mont-roig.cat\/es\/actualitat\/noticies\/las-entradas-del-concierto-joven-con-dr-prats-se-ponen-a-la-venta-manana\/\" \/>\n<meta property=\"og:locale\" content=\"es_ES\" \/>\n<meta property=\"og:type\" content=\"article\" \/>\n<meta property=\"og:title\" content=\"Las entradas del concierto joven con Dr. Prats se ponen a la venta ma\u00f1ana - Ajuntament de Mont-roig del Camp\" \/>\n<meta property=\"og:description\" content=\"\u00a0Se podr\u00e1n comprar, al precio de 7 euros, en el casal Joven K1 de Mont-roig, en la oficina de turismo de Miami Playa y en taquilla antes del concierto El departamento de Juventud activa el tel\u00e9fono 638 223 641 en caso de que no se pueda hacer la compra presencial El Ayuntamiento de Mont-roig del [&hellip;]\" \/>\n<meta property=\"og:url\" content=\"https:\/\/mont-roig.cat\/es\/actualitat\/noticies\/las-entradas-del-concierto-joven-con-dr-prats-se-ponen-a-la-venta-manana\/\" \/>\n<meta property=\"og:site_name\" content=\"Ajuntament de Mont-roig del Camp\" \/>\n<meta property=\"article:published_time\" content=\"2021-09-16T13:01:32+00:00\" \/>\n<meta property=\"og:image\" content=\"https:\/\/mont-roig.cat\/wp-content\/uploads\/fc.jpg\" \/>\n\t<meta property=\"og:image:width\" content=\"1200\" \/>\n\t<meta property=\"og:image:height\" content=\"628\" \/>\n\t<meta property=\"og:image:type\" content=\"image\/jpeg\" \/>\n<meta name=\"author\" content=\"administrador\" \/>\n<meta name=\"twitter:card\" content=\"summary_large_image\" \/>\n<meta name=\"twitter:label1\" content=\"Escrito por\" \/>\n\t<meta name=\"twitter:data1\" content=\"administrador\" \/>\n\t<meta name=\"twitter:label2\" content=\"Tiempo de lectura\" \/>\n\t<meta name=\"twitter:data2\" content=\"2 minutos\" \/>\n<script type=\"application\/ld+json\" class=\"yoast-schema-graph\">{\"@context\":\"https:\\\/\\\/schema.org\",\"@graph\":[{\"@type\":\"Article\",\"@id\":\"https:\\\/\\\/mont-roig.cat\\\/es\\\/actualitat\\\/noticies\\\/las-entradas-del-concierto-joven-con-dr-prats-se-ponen-a-la-venta-manana\\\/#article\",\"isPartOf\":{\"@id\":\"https:\\\/\\\/mont-roig.cat\\\/es\\\/actualitat\\\/noticies\\\/las-entradas-del-concierto-joven-con-dr-prats-se-ponen-a-la-venta-manana\\\/\"},\"author\":{\"name\":\"administrador\",\"@id\":\"https:\\\/\\\/mont-roig.cat\\\/es\\\/#\\\/schema\\\/person\\\/f2b111789f22b7d0c3bd6786c9128cba\"},\"headline\":\"Las entradas del concierto joven con Dr. Prats se ponen a la venta ma\u00f1ana\",\"datePublished\":\"2021-09-16T13:01:32+00:00\",\"mainEntityOfPage\":{\"@id\":\"https:\\\/\\\/mont-roig.cat\\\/es\\\/actualitat\\\/noticies\\\/las-entradas-del-concierto-joven-con-dr-prats-se-ponen-a-la-venta-manana\\\/\"},\"wordCount\":333,\"image\":{\"@id\":\"https:\\\/\\\/mont-roig.cat\\\/es\\\/actualitat\\\/noticies\\\/las-entradas-del-concierto-joven-con-dr-prats-se-ponen-a-la-venta-manana\\\/#primaryimage\"},\"thumbnailUrl\":\"https:\\\/\\\/mont-roig.cat\\\/wp-content\\\/uploads\\\/fc.jpg\",\"articleSection\":[\"Festes\",\"Juventud\"],\"inLanguage\":\"es\"},{\"@type\":\"WebPage\",\"@id\":\"https:\\\/\\\/mont-roig.cat\\\/es\\\/actualitat\\\/noticies\\\/las-entradas-del-concierto-joven-con-dr-prats-se-ponen-a-la-venta-manana\\\/\",\"url\":\"https:\\\/\\\/mont-roig.cat\\\/es\\\/actualitat\\\/noticies\\\/las-entradas-del-concierto-joven-con-dr-prats-se-ponen-a-la-venta-manana\\\/\",\"name\":\"Las entradas del concierto joven con Dr. Prats se ponen a la venta ma\u00f1ana - Ajuntament de Mont-roig del Camp\",\"isPartOf\":{\"@id\":\"https:\\\/\\\/mont-roig.cat\\\/es\\\/#website\"},\"primaryImageOfPage\":{\"@id\":\"https:\\\/\\\/mont-roig.cat\\\/es\\\/actualitat\\\/noticies\\\/las-entradas-del-concierto-joven-con-dr-prats-se-ponen-a-la-venta-manana\\\/#primaryimage\"},\"image\":{\"@id\":\"https:\\\/\\\/mont-roig.cat\\\/es\\\/actualitat\\\/noticies\\\/las-entradas-del-concierto-joven-con-dr-prats-se-ponen-a-la-venta-manana\\\/#primaryimage\"},\"thumbnailUrl\":\"https:\\\/\\\/mont-roig.cat\\\/wp-content\\\/uploads\\\/fc.jpg\",\"datePublished\":\"2021-09-16T13:01:32+00:00\",\"author\":{\"@id\":\"https:\\\/\\\/mont-roig.cat\\\/es\\\/#\\\/schema\\\/person\\\/f2b111789f22b7d0c3bd6786c9128cba\"},\"breadcrumb\":{\"@id\":\"https:\\\/\\\/mont-roig.cat\\\/es\\\/actualitat\\\/noticies\\\/las-entradas-del-concierto-joven-con-dr-prats-se-ponen-a-la-venta-manana\\\/#breadcrumb\"},\"inLanguage\":\"es\",\"potentialAction\":[{\"@type\":\"ReadAction\",\"target\":[\"https:\\\/\\\/mont-roig.cat\\\/es\\\/actualitat\\\/noticies\\\/las-entradas-del-concierto-joven-con-dr-prats-se-ponen-a-la-venta-manana\\\/\"]}]},{\"@type\":\"ImageObject\",\"inLanguage\":\"es\",\"@id\":\"https:\\\/\\\/mont-roig.cat\\\/es\\\/actualitat\\\/noticies\\\/las-entradas-del-concierto-joven-con-dr-prats-se-ponen-a-la-venta-manana\\\/#primaryimage\",\"url\":\"https:\\\/\\\/mont-roig.cat\\\/wp-content\\\/uploads\\\/fc.jpg\",\"contentUrl\":\"https:\\\/\\\/mont-roig.cat\\\/wp-content\\\/uploads\\\/fc.jpg\",\"width\":1200,\"height\":628},{\"@type\":\"BreadcrumbList\",\"@id\":\"https:\\\/\\\/mont-roig.cat\\\/es\\\/actualitat\\\/noticies\\\/las-entradas-del-concierto-joven-con-dr-prats-se-ponen-a-la-venta-manana\\\/#breadcrumb\",\"itemListElement\":[{\"@type\":\"ListItem\",\"position\":1,\"name\":\"Inici\",\"item\":\"https:\\\/\\\/mont-roig.cat\\\/es\\\/pagina-de-inicio\\\/\"},{\"@type\":\"ListItem\",\"position\":2,\"name\":\"Las entradas del concierto joven con Dr. Prats se ponen a la venta ma\u00f1ana\"}]},{\"@type\":\"WebSite\",\"@id\":\"https:\\\/\\\/mont-roig.cat\\\/es\\\/#website\",\"url\":\"https:\\\/\\\/mont-roig.cat\\\/es\\\/\",\"name\":\"Ajuntament de Mont-roig del Camp\",\"description\":\"Tota la informaci\u00f3 sobre la instituci\u00f3, els seus \u00f2rgans de govern, actualitat, serveis i molt m\u00e9s.\",\"potentialAction\":[{\"@type\":\"SearchAction\",\"target\":{\"@type\":\"EntryPoint\",\"urlTemplate\":\"https:\\\/\\\/mont-roig.cat\\\/es\\\/?s={search_term_string}\"},\"query-input\":{\"@type\":\"PropertyValueSpecification\",\"valueRequired\":true,\"valueName\":\"search_term_string\"}}],\"inLanguage\":\"es\"},{\"@type\":\"Person\",\"@id\":\"https:\\\/\\\/mont-roig.cat\\\/es\\\/#\\\/schema\\\/person\\\/f2b111789f22b7d0c3bd6786c9128cba\",\"name\":\"administrador\",\"image\":{\"@type\":\"ImageObject\",\"inLanguage\":\"es\",\"@id\":\"https:\\\/\\\/secure.gravatar.com\\\/avatar\\\/9137aac6891e2595c9d3036fd83bcb653b4db3c946db4c7d9b9be193c3c944bb?s=96&d=mm&r=g\",\"url\":\"https:\\\/\\\/secure.gravatar.com\\\/avatar\\\/9137aac6891e2595c9d3036fd83bcb653b4db3c946db4c7d9b9be193c3c944bb?s=96&d=mm&r=g\",\"contentUrl\":\"https:\\\/\\\/secure.gravatar.com\\\/avatar\\\/9137aac6891e2595c9d3036fd83bcb653b4db3c946db4c7d9b9be193c3c944bb?s=96&d=mm&r=g\",\"caption\":\"administrador\"},\"url\":\"https:\\\/\\\/mont-roig.cat\\\/es\\\/actualitat\\\/noticies\\\/author\\\/administrador\\\/\"}]}<\/script>\n<!-- \/ Yoast SEO plugin. -->","yoast_head_json":{"title":"Las entradas del concierto joven con Dr. Prats se ponen a la venta ma\u00f1ana - Ajuntament de Mont-roig del Camp","robots":{"index":"index","follow":"follow","max-snippet":"max-snippet:-1","max-image-preview":"max-image-preview:large","max-video-preview":"max-video-preview:-1"},"canonical":"https:\/\/mont-roig.cat\/es\/actualitat\/noticies\/las-entradas-del-concierto-joven-con-dr-prats-se-ponen-a-la-venta-manana\/","og_locale":"es_ES","og_type":"article","og_title":"Las entradas del concierto joven con Dr. Prats se ponen a la venta ma\u00f1ana - Ajuntament de Mont-roig del Camp","og_description":"\u00a0Se podr\u00e1n comprar, al precio de 7 euros, en el casal Joven K1 de Mont-roig, en la oficina de turismo de Miami Playa y en taquilla antes del concierto El departamento de Juventud activa el tel\u00e9fono 638 223 641 en caso de que no se pueda hacer la compra presencial El Ayuntamiento de Mont-roig del [&hellip;]","og_url":"https:\/\/mont-roig.cat\/es\/actualitat\/noticies\/las-entradas-del-concierto-joven-con-dr-prats-se-ponen-a-la-venta-manana\/","og_site_name":"Ajuntament de Mont-roig del Camp","article_published_time":"2021-09-16T13:01:32+00:00","og_image":[{"width":1200,"height":628,"url":"https:\/\/mont-roig.cat\/wp-content\/uploads\/fc.jpg","type":"image\/jpeg"}],"author":"administrador","twitter_card":"summary_large_image","twitter_misc":{"Escrito por":"administrador","Tiempo de lectura":"2 minutos"},"schema":{"@context":"https:\/\/schema.org","@graph":[{"@type":"Article","@id":"https:\/\/mont-roig.cat\/es\/actualitat\/noticies\/las-entradas-del-concierto-joven-con-dr-prats-se-ponen-a-la-venta-manana\/#article","isPartOf":{"@id":"https:\/\/mont-roig.cat\/es\/actualitat\/noticies\/las-entradas-del-concierto-joven-con-dr-prats-se-ponen-a-la-venta-manana\/"},"author":{"name":"administrador","@id":"https:\/\/mont-roig.cat\/es\/#\/schema\/person\/f2b111789f22b7d0c3bd6786c9128cba"},"headline":"Las entradas del concierto joven con Dr. Prats se ponen a la venta ma\u00f1ana","datePublished":"2021-09-16T13:01:32+00:00","mainEntityOfPage":{"@id":"https:\/\/mont-roig.cat\/es\/actualitat\/noticies\/las-entradas-del-concierto-joven-con-dr-prats-se-ponen-a-la-venta-manana\/"},"wordCount":333,"image":{"@id":"https:\/\/mont-roig.cat\/es\/actualitat\/noticies\/las-entradas-del-concierto-joven-con-dr-prats-se-ponen-a-la-venta-manana\/#primaryimage"},"thumbnailUrl":"https:\/\/mont-roig.cat\/wp-content\/uploads\/fc.jpg","articleSection":["Festes","Juventud"],"inLanguage":"es"},{"@type":"WebPage","@id":"https:\/\/mont-roig.cat\/es\/actualitat\/noticies\/las-entradas-del-concierto-joven-con-dr-prats-se-ponen-a-la-venta-manana\/","url":"https:\/\/mont-roig.cat\/es\/actualitat\/noticies\/las-entradas-del-concierto-joven-con-dr-prats-se-ponen-a-la-venta-manana\/","name":"Las entradas del concierto joven con Dr. Prats se ponen a la venta ma\u00f1ana - Ajuntament de Mont-roig del Camp","isPartOf":{"@id":"https:\/\/mont-roig.cat\/es\/#website"},"primaryImageOfPage":{"@id":"https:\/\/mont-roig.cat\/es\/actualitat\/noticies\/las-entradas-del-concierto-joven-con-dr-prats-se-ponen-a-la-venta-manana\/#primaryimage"},"image":{"@id":"https:\/\/mont-roig.cat\/es\/actualitat\/noticies\/las-entradas-del-concierto-joven-con-dr-prats-se-ponen-a-la-venta-manana\/#primaryimage"},"thumbnailUrl":"https:\/\/mont-roig.cat\/wp-content\/uploads\/fc.jpg","datePublished":"2021-09-16T13:01:32+00:00","author":{"@id":"https:\/\/mont-roig.cat\/es\/#\/schema\/person\/f2b111789f22b7d0c3bd6786c9128cba"},"breadcrumb":{"@id":"https:\/\/mont-roig.cat\/es\/actualitat\/noticies\/las-entradas-del-concierto-joven-con-dr-prats-se-ponen-a-la-venta-manana\/#breadcrumb"},"inLanguage":"es","potentialAction":[{"@type":"ReadAction","target":["https:\/\/mont-roig.cat\/es\/actualitat\/noticies\/las-entradas-del-concierto-joven-con-dr-prats-se-ponen-a-la-venta-manana\/"]}]},{"@type":"ImageObject","inLanguage":"es","@id":"https:\/\/mont-roig.cat\/es\/actualitat\/noticies\/las-entradas-del-concierto-joven-con-dr-prats-se-ponen-a-la-venta-manana\/#primaryimage","url":"https:\/\/mont-roig.cat\/wp-content\/uploads\/fc.jpg","contentUrl":"https:\/\/mont-roig.cat\/wp-content\/uploads\/fc.jpg","width":1200,"height":628},{"@type":"BreadcrumbList","@id":"https:\/\/mont-roig.cat\/es\/actualitat\/noticies\/las-entradas-del-concierto-joven-con-dr-prats-se-ponen-a-la-venta-manana\/#breadcrumb","itemListElement":[{"@type":"ListItem","position":1,"name":"Inici","item":"https:\/\/mont-roig.cat\/es\/pagina-de-inicio\/"},{"@type":"ListItem","position":2,"name":"Las entradas del concierto joven con Dr. Prats se ponen a la venta ma\u00f1ana"}]},{"@type":"WebSite","@id":"https:\/\/mont-roig.cat\/es\/#website","url":"https:\/\/mont-roig.cat\/es\/","name":"Ajuntament de Mont-roig del Camp","description":"Tota la informaci\u00f3 sobre la instituci\u00f3, els seus \u00f2rgans de govern, actualitat, serveis i molt m\u00e9s.","potentialAction":[{"@type":"SearchAction","target":{"@type":"EntryPoint","urlTemplate":"https:\/\/mont-roig.cat\/es\/?s={search_term_string}"},"query-input":{"@type":"PropertyValueSpecification","valueRequired":true,"valueName":"search_term_string"}}],"inLanguage":"es"},{"@type":"Person","@id":"https:\/\/mont-roig.cat\/es\/#\/schema\/person\/f2b111789f22b7d0c3bd6786c9128cba","name":"administrador","image":{"@type":"ImageObject","inLanguage":"es","@id":"https:\/\/secure.gravatar.com\/avatar\/9137aac6891e2595c9d3036fd83bcb653b4db3c946db4c7d9b9be193c3c944bb?s=96&d=mm&r=g","url":"https:\/\/secure.gravatar.com\/avatar\/9137aac6891e2595c9d3036fd83bcb653b4db3c946db4c7d9b9be193c3c944bb?s=96&d=mm&r=g","contentUrl":"https:\/\/secure.gravatar.com\/avatar\/9137aac6891e2595c9d3036fd83bcb653b4db3c946db4c7d9b9be193c3c944bb?s=96&d=mm&r=g","caption":"administrador"},"url":"https:\/\/mont-roig.cat\/es\/actualitat\/noticies\/author\/administrador\/"}]}},"_links":{"self":[{"href":"https:\/\/mont-roig.cat\/es\/wp-json\/wp\/v2\/posts\/57585","targetHints":{"allow":["GET"]}}],"collection":[{"href":"https:\/\/mont-roig.cat\/es\/wp-json\/wp\/v2\/posts"}],"about":[{"href":"https:\/\/mont-roig.cat\/es\/wp-json\/wp\/v2\/types\/post"}],"author":[{"embeddable":true,"href":"https:\/\/mont-roig.cat\/es\/wp-json\/wp\/v2\/users\/4"}],"replies":[{"embeddable":true,"href":"https:\/\/mont-roig.cat\/es\/wp-json\/wp\/v2\/comments?post=57585"}],"version-history":[{"count":2,"href":"https:\/\/mont-roig.cat\/es\/wp-json\/wp\/v2\/posts\/57585\/revisions"}],"predecessor-version":[{"id":57587,"href":"https:\/\/mont-roig.cat\/es\/wp-json\/wp\/v2\/posts\/57585\/revisions\/57587"}],"wp:featuredmedia":[{"embeddable":true,"href":"https:\/\/mont-roig.cat\/es\/wp-json\/wp\/v2\/media\/57583"}],"wp:attachment":[{"href":"https:\/\/mont-roig.cat\/es\/wp-json\/wp\/v2\/media?parent=57585"}],"wp:term":[{"taxonomy":"category","embeddable":true,"href":"https:\/\/mont-roig.cat\/es\/wp-json\/wp\/v2\/categories?post=57585"},{"taxonomy":"post_tag","embeddable":true,"href":"https:\/\/mont-roig.cat\/es\/wp-json\/wp\/v2\/tags?post=57585"}],"curies":[{"name":"wp","href":"https:\/\/api.w.org\/{rel}","templated":true}]}}