{"id":57757,"date":"2021-09-27T12:07:04","date_gmt":"2021-09-27T10:07:04","guid":{"rendered":"https:\/\/mont-roig.cat\/actualitat\/noticies\/lajuntament-de-mont-roig-del-camp-es-mante-a-lexpectativa-amb-la-suspensio-de-llicencies-dedificacio-per-part-de-la-generalitat\/"},"modified":"2026-02-10T12:57:40","modified_gmt":"2026-02-10T11:57:40","slug":"lajuntament-de-mont-roig-del-camp-es-mante-a-lexpectativa-amb-la-suspensio-de-llicencies-dedificacio-per-part-de-la-generalitat","status":"publish","type":"post","link":"https:\/\/mont-roig.cat\/es\/actualitat\/noticies\/lajuntament-de-mont-roig-del-camp-es-mante-a-lexpectativa-amb-la-suspensio-de-llicencies-dedificacio-per-part-de-la-generalitat\/","title":{"rendered":"El Ayuntamiento de Mont-roig del Camp se mantiene a la expectativa con la suspensi\u00f3n de licencias de edificaci\u00f3n por parte de la Generalidad"},"content":{"rendered":"<ul>\n<li><strong>El consistorio entiende que el adelanto del Plan Director Urban\u00edstico, que afecta a casi todos los sectores no urbanizados del t\u00e9rmino municipal, es el punto de partida de una negociaci\u00f3n donde se podr\u00e1n defender los intereses del municipio<\/strong><\/li>\n<\/ul>\n<div id=\"attachment_57752\" style=\"width: 310px\" class=\"wp-caption alignright\"><a href=\"https:\/\/mont-roig.cat\/wp-content\/uploads\/foto_miami.jpg\" target=\"_blank\" rel=\"noopener\"><img loading=\"lazy\" decoding=\"async\" aria-describedby=\"caption-attachment-57752\" class=\"wp-image-57752\" src=\"https:\/\/mont-roig.cat\/wp-content\/uploads\/foto_miami-500x333.jpg\" alt=\"\" width=\"300\" height=\"200\" srcset=\"https:\/\/mont-roig.cat\/wp-content\/uploads\/foto_miami-500x333.jpg 500w, https:\/\/mont-roig.cat\/wp-content\/uploads\/foto_miami-768x511.jpg 768w, https:\/\/mont-roig.cat\/wp-content\/uploads\/foto_miami.jpg 985w\" sizes=\"auto, (max-width: 300px) 100vw, 300px\" \/><\/a><p id=\"caption-attachment-57752\" class=\"wp-caption-text\">El PDU afecta a buena parte de los sectores no desarrollados del municipio.<\/p><\/div>\n<p>El Ayuntamiento de Mont-roig del Camp espera, las pr\u00f3ximas semanas, poder reunirse con el Govern de la Generalitat de Catalunya para valorar el avance del Plan Director Urban\u00edstico (PDU) que suspende temporalmente las licencias de edificaci\u00f3n y urbanizaci\u00f3n en un total de 41 municipios litorales, entre ellos, Mont-roig del Camp.<\/p>\n<p>En el caso de Mont-roig del Camp, esta revisi\u00f3n urban\u00edstica afecta a casi todos los sectores no desarrollados del municipio, muchos de ellos con expectativas de desarrollo.<\/p>\n<p>En concreto, la moratoria afectar\u00eda a 11.360 viviendas susceptibles de ser construidos en 21 sectores del municipio, lo que representar\u00eda un 16% del total de construcciones planteadas al conjunto de la costa catalana. Entre otros sectores, destacan, por ejemplo Nou Miami, la Porquerola, Rif\u00e0 o el nuevo centro urbano Llastres, zonas donde se dibujaba el crecimiento del municipio.<\/p>\n<p>En este sentido, el alcalde del Ayuntamiento de Mont-roig del Camp, Fran Morancho ha anunciado que no se renunciar\u00e1 al plan parcial de estos sectores y no se descarta pedir da\u00f1os y perjuicios si se acaban pierden 17 millones de euros de inversiones ligados a un convenio que permitir\u00eda la construcci\u00f3n de equipamientos en la zona. Sin embargo, Morancho ha mostrado comprensivo hacia la necesidad de reordenar y proteger la costa catalana, pero ha insistido en que hay que analizar &#8220;caso por caso&#8221; para modificar el planeamiento urban\u00edstico y revisarlo sin anular todos los proyectos previstos.<\/p>\n<p>Por su parte, seg\u00fan inform\u00f3 el Govern de la Generalitat, el Departament de la Vicepresid\u00e8ncia y de Pol\u00edtiques Digitals i Territoro abrir\u00e1 ahora un periodo de audiencia a los ayuntamientos afectados para recoger sus sugerencias. Con la voluntad de escuchar a la ciudadan\u00eda desde el primer momento, a pesar de no ser obligatorio por ley tambi\u00e9n se abrir\u00e1 pr\u00f3ximamente un periodo de consulta de un mes, que se vehicular\u00e1 a trav\u00e9s del portal participa.gencat.cat.<\/p>\n<p>Todas las aportaciones que se reciban servir\u00e1n para dar forma al documento que se llevar\u00e1 a la aprobaci\u00f3n inicial de la Comissi\u00f3 de territori de Catalunya, previsiblemente durante la primavera de 2022. Posteriormente, se abrir\u00e1 el preceptivo per\u00edodo de informaci\u00f3n p\u00fablica y audiencia a los ayuntamientos para que toda la ciudadan\u00eda interesada, entidades y municipios puedan presentar alegaciones formales, que se tendr\u00e1n en cuenta para acabar de perfilar el documento. Aparte, como con todos los PDU, el Departament trabajar\u00e1 en coordinaci\u00f3n y comunicaci\u00f3n con cada ayuntamiento para definir la estrategia m\u00e1s adecuada para cada sector afectado.<\/p>\n<p>Seg\u00fan el Govern de la Generalitat con esta revisi\u00f3n, se quiere evitar que se reproduzca un modelo de urbanizaciones aisladas, lejos de los n\u00facleos urbanos, con dificultades para hacer llegar servicios por su baja densidad, gran consumo de suelo, fuerte impacto en el paisaje, vulnerable ante el cambio clim\u00e1tico y con gran dependencia del veh\u00edculo privado.<\/p>\n<p>&nbsp;<\/p>\n","protected":false},"excerpt":{"rendered":"<p>El consistorio entiende que el adelanto del Plan Director Urban\u00edstico, que afecta a casi todos los sectores no urbanizados del t\u00e9rmino municipal, es el punto de partida de una negociaci\u00f3n donde se podr\u00e1n defender los intereses del municipio El Ayuntamiento de Mont-roig del Camp espera, las pr\u00f3ximas semanas, poder reunirse con el Govern de la [&hellip;]<\/p>\n","protected":false},"author":4,"featured_media":0,"comment_status":"closed","ping_status":"closed","sticky":false,"template":"","format":"standard","meta":{"inline_featured_image":false,"_monsterinsights_skip_tracking":false,"_monsterinsights_sitenote_active":false,"_monsterinsights_sitenote_note":"","_monsterinsights_sitenote_category":0,"footnotes":""},"categories":[116],"tags":[],"class_list":["post-57757","post","type-post","status-publish","format-standard","hentry","category-urbanismo-y-obras"],"yoast_head":"<!-- This site is optimized with the Yoast SEO plugin v27.4 - https:\/\/yoast.com\/product\/yoast-seo-wordpress\/ -->\n<title>El Ayuntamiento de Mont-roig del Camp se mantiene a la expectativa con la suspensi\u00f3n de licencias de edificaci\u00f3n por parte de la Generalidad - Ajuntament de Mont-roig del Camp<\/title>\n<meta name=\"robots\" content=\"index, follow, max-snippet:-1, max-image-preview:large, max-video-preview:-1\" \/>\n<link rel=\"canonical\" href=\"https:\/\/mont-roig.cat\/es\/actualitat\/noticies\/lajuntament-de-mont-roig-del-camp-es-mante-a-lexpectativa-amb-la-suspensio-de-llicencies-dedificacio-per-part-de-la-generalitat\/\" \/>\n<meta property=\"og:locale\" content=\"es_ES\" \/>\n<meta property=\"og:type\" content=\"article\" \/>\n<meta property=\"og:title\" content=\"El Ayuntamiento de Mont-roig del Camp se mantiene a la expectativa con la suspensi\u00f3n de licencias de edificaci\u00f3n por parte de la Generalidad - Ajuntament de Mont-roig del Camp\" \/>\n<meta property=\"og:description\" content=\"El consistorio entiende que el adelanto del Plan Director Urban\u00edstico, que afecta a casi todos los sectores no urbanizados del t\u00e9rmino municipal, es el punto de partida de una negociaci\u00f3n donde se podr\u00e1n defender los intereses del municipio El Ayuntamiento de Mont-roig del Camp espera, las pr\u00f3ximas semanas, poder reunirse con el Govern de la [&hellip;]\" \/>\n<meta property=\"og:url\" content=\"https:\/\/mont-roig.cat\/es\/actualitat\/noticies\/lajuntament-de-mont-roig-del-camp-es-mante-a-lexpectativa-amb-la-suspensio-de-llicencies-dedificacio-per-part-de-la-generalitat\/\" \/>\n<meta property=\"og:site_name\" content=\"Ajuntament de Mont-roig del Camp\" \/>\n<meta property=\"article:published_time\" content=\"2021-09-27T10:07:04+00:00\" \/>\n<meta property=\"article:modified_time\" content=\"2026-02-10T11:57:40+00:00\" \/>\n<meta property=\"og:image\" content=\"https:\/\/mont-roig.cat\/wp-content\/uploads\/foto_miami.jpg\" \/>\n\t<meta property=\"og:image:width\" content=\"985\" \/>\n\t<meta property=\"og:image:height\" content=\"656\" \/>\n\t<meta property=\"og:image:type\" content=\"image\/jpeg\" \/>\n<meta name=\"author\" content=\"administrador\" \/>\n<meta name=\"twitter:card\" content=\"summary_large_image\" \/>\n<meta name=\"twitter:label1\" content=\"Escrito por\" \/>\n\t<meta name=\"twitter:data1\" content=\"administrador\" \/>\n\t<meta name=\"twitter:label2\" content=\"Tiempo de lectura\" \/>\n\t<meta name=\"twitter:data2\" content=\"4 minutos\" \/>\n<script type=\"application\/ld+json\" class=\"yoast-schema-graph\">{\"@context\":\"https:\\\/\\\/schema.org\",\"@graph\":[{\"@type\":\"Article\",\"@id\":\"https:\\\/\\\/mont-roig.cat\\\/es\\\/actualitat\\\/noticies\\\/lajuntament-de-mont-roig-del-camp-es-mante-a-lexpectativa-amb-la-suspensio-de-llicencies-dedificacio-per-part-de-la-generalitat\\\/#article\",\"isPartOf\":{\"@id\":\"https:\\\/\\\/mont-roig.cat\\\/es\\\/actualitat\\\/noticies\\\/lajuntament-de-mont-roig-del-camp-es-mante-a-lexpectativa-amb-la-suspensio-de-llicencies-dedificacio-per-part-de-la-generalitat\\\/\"},\"author\":{\"name\":\"administrador\",\"@id\":\"https:\\\/\\\/mont-roig.cat\\\/es\\\/#\\\/schema\\\/person\\\/f2b111789f22b7d0c3bd6786c9128cba\"},\"headline\":\"El Ayuntamiento de Mont-roig del Camp se mantiene a la expectativa con la suspensi\u00f3n de licencias de edificaci\u00f3n por parte de la Generalidad\",\"datePublished\":\"2021-09-27T10:07:04+00:00\",\"dateModified\":\"2026-02-10T11:57:40+00:00\",\"mainEntityOfPage\":{\"@id\":\"https:\\\/\\\/mont-roig.cat\\\/es\\\/actualitat\\\/noticies\\\/lajuntament-de-mont-roig-del-camp-es-mante-a-lexpectativa-amb-la-suspensio-de-llicencies-dedificacio-per-part-de-la-generalitat\\\/\"},\"wordCount\":575,\"image\":{\"@id\":\"https:\\\/\\\/mont-roig.cat\\\/es\\\/actualitat\\\/noticies\\\/lajuntament-de-mont-roig-del-camp-es-mante-a-lexpectativa-amb-la-suspensio-de-llicencies-dedificacio-per-part-de-la-generalitat\\\/#primaryimage\"},\"thumbnailUrl\":\"https:\\\/\\\/mont-roig.cat\\\/wp-content\\\/uploads\\\/foto_miami-500x333.jpg\",\"articleSection\":[\"Urbanismo y obras\"],\"inLanguage\":\"es\"},{\"@type\":\"WebPage\",\"@id\":\"https:\\\/\\\/mont-roig.cat\\\/es\\\/actualitat\\\/noticies\\\/lajuntament-de-mont-roig-del-camp-es-mante-a-lexpectativa-amb-la-suspensio-de-llicencies-dedificacio-per-part-de-la-generalitat\\\/\",\"url\":\"https:\\\/\\\/mont-roig.cat\\\/es\\\/actualitat\\\/noticies\\\/lajuntament-de-mont-roig-del-camp-es-mante-a-lexpectativa-amb-la-suspensio-de-llicencies-dedificacio-per-part-de-la-generalitat\\\/\",\"name\":\"El Ayuntamiento de Mont-roig del Camp se mantiene a la expectativa con la suspensi\u00f3n de licencias de edificaci\u00f3n por parte de la Generalidad - Ajuntament de Mont-roig del Camp\",\"isPartOf\":{\"@id\":\"https:\\\/\\\/mont-roig.cat\\\/es\\\/#website\"},\"primaryImageOfPage\":{\"@id\":\"https:\\\/\\\/mont-roig.cat\\\/es\\\/actualitat\\\/noticies\\\/lajuntament-de-mont-roig-del-camp-es-mante-a-lexpectativa-amb-la-suspensio-de-llicencies-dedificacio-per-part-de-la-generalitat\\\/#primaryimage\"},\"image\":{\"@id\":\"https:\\\/\\\/mont-roig.cat\\\/es\\\/actualitat\\\/noticies\\\/lajuntament-de-mont-roig-del-camp-es-mante-a-lexpectativa-amb-la-suspensio-de-llicencies-dedificacio-per-part-de-la-generalitat\\\/#primaryimage\"},\"thumbnailUrl\":\"https:\\\/\\\/mont-roig.cat\\\/wp-content\\\/uploads\\\/foto_miami-500x333.jpg\",\"datePublished\":\"2021-09-27T10:07:04+00:00\",\"dateModified\":\"2026-02-10T11:57:40+00:00\",\"author\":{\"@id\":\"https:\\\/\\\/mont-roig.cat\\\/es\\\/#\\\/schema\\\/person\\\/f2b111789f22b7d0c3bd6786c9128cba\"},\"breadcrumb\":{\"@id\":\"https:\\\/\\\/mont-roig.cat\\\/es\\\/actualitat\\\/noticies\\\/lajuntament-de-mont-roig-del-camp-es-mante-a-lexpectativa-amb-la-suspensio-de-llicencies-dedificacio-per-part-de-la-generalitat\\\/#breadcrumb\"},\"inLanguage\":\"es\",\"potentialAction\":[{\"@type\":\"ReadAction\",\"target\":[\"https:\\\/\\\/mont-roig.cat\\\/es\\\/actualitat\\\/noticies\\\/lajuntament-de-mont-roig-del-camp-es-mante-a-lexpectativa-amb-la-suspensio-de-llicencies-dedificacio-per-part-de-la-generalitat\\\/\"]}]},{\"@type\":\"ImageObject\",\"inLanguage\":\"es\",\"@id\":\"https:\\\/\\\/mont-roig.cat\\\/es\\\/actualitat\\\/noticies\\\/lajuntament-de-mont-roig-del-camp-es-mante-a-lexpectativa-amb-la-suspensio-de-llicencies-dedificacio-per-part-de-la-generalitat\\\/#primaryimage\",\"url\":\"https:\\\/\\\/mont-roig.cat\\\/wp-content\\\/uploads\\\/foto_miami-500x333.jpg\",\"contentUrl\":\"https:\\\/\\\/mont-roig.cat\\\/wp-content\\\/uploads\\\/foto_miami-500x333.jpg\"},{\"@type\":\"BreadcrumbList\",\"@id\":\"https:\\\/\\\/mont-roig.cat\\\/es\\\/actualitat\\\/noticies\\\/lajuntament-de-mont-roig-del-camp-es-mante-a-lexpectativa-amb-la-suspensio-de-llicencies-dedificacio-per-part-de-la-generalitat\\\/#breadcrumb\",\"itemListElement\":[{\"@type\":\"ListItem\",\"position\":1,\"name\":\"Inici\",\"item\":\"https:\\\/\\\/mont-roig.cat\\\/es\\\/pagina-de-inicio\\\/\"},{\"@type\":\"ListItem\",\"position\":2,\"name\":\"El Ayuntamiento de Mont-roig del Camp se mantiene a la expectativa con la suspensi\u00f3n de licencias de edificaci\u00f3n por parte de la Generalidad\"}]},{\"@type\":\"WebSite\",\"@id\":\"https:\\\/\\\/mont-roig.cat\\\/es\\\/#website\",\"url\":\"https:\\\/\\\/mont-roig.cat\\\/es\\\/\",\"name\":\"Ajuntament de Mont-roig del Camp\",\"description\":\"Tota la informaci\u00f3 sobre la instituci\u00f3, els seus \u00f2rgans de govern, actualitat, serveis i molt m\u00e9s.\",\"potentialAction\":[{\"@type\":\"SearchAction\",\"target\":{\"@type\":\"EntryPoint\",\"urlTemplate\":\"https:\\\/\\\/mont-roig.cat\\\/es\\\/?s={search_term_string}\"},\"query-input\":{\"@type\":\"PropertyValueSpecification\",\"valueRequired\":true,\"valueName\":\"search_term_string\"}}],\"inLanguage\":\"es\"},{\"@type\":\"Person\",\"@id\":\"https:\\\/\\\/mont-roig.cat\\\/es\\\/#\\\/schema\\\/person\\\/f2b111789f22b7d0c3bd6786c9128cba\",\"name\":\"administrador\",\"image\":{\"@type\":\"ImageObject\",\"inLanguage\":\"es\",\"@id\":\"https:\\\/\\\/secure.gravatar.com\\\/avatar\\\/9137aac6891e2595c9d3036fd83bcb653b4db3c946db4c7d9b9be193c3c944bb?s=96&d=mm&r=g\",\"url\":\"https:\\\/\\\/secure.gravatar.com\\\/avatar\\\/9137aac6891e2595c9d3036fd83bcb653b4db3c946db4c7d9b9be193c3c944bb?s=96&d=mm&r=g\",\"contentUrl\":\"https:\\\/\\\/secure.gravatar.com\\\/avatar\\\/9137aac6891e2595c9d3036fd83bcb653b4db3c946db4c7d9b9be193c3c944bb?s=96&d=mm&r=g\",\"caption\":\"administrador\"},\"url\":\"https:\\\/\\\/mont-roig.cat\\\/es\\\/actualitat\\\/noticies\\\/author\\\/administrador\\\/\"}]}<\/script>\n<!-- \/ Yoast SEO plugin. -->","yoast_head_json":{"title":"El Ayuntamiento de Mont-roig del Camp se mantiene a la expectativa con la suspensi\u00f3n de licencias de edificaci\u00f3n por parte de la Generalidad - Ajuntament de Mont-roig del Camp","robots":{"index":"index","follow":"follow","max-snippet":"max-snippet:-1","max-image-preview":"max-image-preview:large","max-video-preview":"max-video-preview:-1"},"canonical":"https:\/\/mont-roig.cat\/es\/actualitat\/noticies\/lajuntament-de-mont-roig-del-camp-es-mante-a-lexpectativa-amb-la-suspensio-de-llicencies-dedificacio-per-part-de-la-generalitat\/","og_locale":"es_ES","og_type":"article","og_title":"El Ayuntamiento de Mont-roig del Camp se mantiene a la expectativa con la suspensi\u00f3n de licencias de edificaci\u00f3n por parte de la Generalidad - Ajuntament de Mont-roig del Camp","og_description":"El consistorio entiende que el adelanto del Plan Director Urban\u00edstico, que afecta a casi todos los sectores no urbanizados del t\u00e9rmino municipal, es el punto de partida de una negociaci\u00f3n donde se podr\u00e1n defender los intereses del municipio El Ayuntamiento de Mont-roig del Camp espera, las pr\u00f3ximas semanas, poder reunirse con el Govern de la [&hellip;]","og_url":"https:\/\/mont-roig.cat\/es\/actualitat\/noticies\/lajuntament-de-mont-roig-del-camp-es-mante-a-lexpectativa-amb-la-suspensio-de-llicencies-dedificacio-per-part-de-la-generalitat\/","og_site_name":"Ajuntament de Mont-roig del Camp","article_published_time":"2021-09-27T10:07:04+00:00","article_modified_time":"2026-02-10T11:57:40+00:00","og_image":[{"width":985,"height":656,"url":"https:\/\/mont-roig.cat\/wp-content\/uploads\/foto_miami.jpg","type":"image\/jpeg"}],"author":"administrador","twitter_card":"summary_large_image","twitter_misc":{"Escrito por":"administrador","Tiempo de lectura":"4 minutos"},"schema":{"@context":"https:\/\/schema.org","@graph":[{"@type":"Article","@id":"https:\/\/mont-roig.cat\/es\/actualitat\/noticies\/lajuntament-de-mont-roig-del-camp-es-mante-a-lexpectativa-amb-la-suspensio-de-llicencies-dedificacio-per-part-de-la-generalitat\/#article","isPartOf":{"@id":"https:\/\/mont-roig.cat\/es\/actualitat\/noticies\/lajuntament-de-mont-roig-del-camp-es-mante-a-lexpectativa-amb-la-suspensio-de-llicencies-dedificacio-per-part-de-la-generalitat\/"},"author":{"name":"administrador","@id":"https:\/\/mont-roig.cat\/es\/#\/schema\/person\/f2b111789f22b7d0c3bd6786c9128cba"},"headline":"El Ayuntamiento de Mont-roig del Camp se mantiene a la expectativa con la suspensi\u00f3n de licencias de edificaci\u00f3n por parte de la Generalidad","datePublished":"2021-09-27T10:07:04+00:00","dateModified":"2026-02-10T11:57:40+00:00","mainEntityOfPage":{"@id":"https:\/\/mont-roig.cat\/es\/actualitat\/noticies\/lajuntament-de-mont-roig-del-camp-es-mante-a-lexpectativa-amb-la-suspensio-de-llicencies-dedificacio-per-part-de-la-generalitat\/"},"wordCount":575,"image":{"@id":"https:\/\/mont-roig.cat\/es\/actualitat\/noticies\/lajuntament-de-mont-roig-del-camp-es-mante-a-lexpectativa-amb-la-suspensio-de-llicencies-dedificacio-per-part-de-la-generalitat\/#primaryimage"},"thumbnailUrl":"https:\/\/mont-roig.cat\/wp-content\/uploads\/foto_miami-500x333.jpg","articleSection":["Urbanismo y obras"],"inLanguage":"es"},{"@type":"WebPage","@id":"https:\/\/mont-roig.cat\/es\/actualitat\/noticies\/lajuntament-de-mont-roig-del-camp-es-mante-a-lexpectativa-amb-la-suspensio-de-llicencies-dedificacio-per-part-de-la-generalitat\/","url":"https:\/\/mont-roig.cat\/es\/actualitat\/noticies\/lajuntament-de-mont-roig-del-camp-es-mante-a-lexpectativa-amb-la-suspensio-de-llicencies-dedificacio-per-part-de-la-generalitat\/","name":"El Ayuntamiento de Mont-roig del Camp se mantiene a la expectativa con la suspensi\u00f3n de licencias de edificaci\u00f3n por parte de la Generalidad - Ajuntament de Mont-roig del Camp","isPartOf":{"@id":"https:\/\/mont-roig.cat\/es\/#website"},"primaryImageOfPage":{"@id":"https:\/\/mont-roig.cat\/es\/actualitat\/noticies\/lajuntament-de-mont-roig-del-camp-es-mante-a-lexpectativa-amb-la-suspensio-de-llicencies-dedificacio-per-part-de-la-generalitat\/#primaryimage"},"image":{"@id":"https:\/\/mont-roig.cat\/es\/actualitat\/noticies\/lajuntament-de-mont-roig-del-camp-es-mante-a-lexpectativa-amb-la-suspensio-de-llicencies-dedificacio-per-part-de-la-generalitat\/#primaryimage"},"thumbnailUrl":"https:\/\/mont-roig.cat\/wp-content\/uploads\/foto_miami-500x333.jpg","datePublished":"2021-09-27T10:07:04+00:00","dateModified":"2026-02-10T11:57:40+00:00","author":{"@id":"https:\/\/mont-roig.cat\/es\/#\/schema\/person\/f2b111789f22b7d0c3bd6786c9128cba"},"breadcrumb":{"@id":"https:\/\/mont-roig.cat\/es\/actualitat\/noticies\/lajuntament-de-mont-roig-del-camp-es-mante-a-lexpectativa-amb-la-suspensio-de-llicencies-dedificacio-per-part-de-la-generalitat\/#breadcrumb"},"inLanguage":"es","potentialAction":[{"@type":"ReadAction","target":["https:\/\/mont-roig.cat\/es\/actualitat\/noticies\/lajuntament-de-mont-roig-del-camp-es-mante-a-lexpectativa-amb-la-suspensio-de-llicencies-dedificacio-per-part-de-la-generalitat\/"]}]},{"@type":"ImageObject","inLanguage":"es","@id":"https:\/\/mont-roig.cat\/es\/actualitat\/noticies\/lajuntament-de-mont-roig-del-camp-es-mante-a-lexpectativa-amb-la-suspensio-de-llicencies-dedificacio-per-part-de-la-generalitat\/#primaryimage","url":"https:\/\/mont-roig.cat\/wp-content\/uploads\/foto_miami-500x333.jpg","contentUrl":"https:\/\/mont-roig.cat\/wp-content\/uploads\/foto_miami-500x333.jpg"},{"@type":"BreadcrumbList","@id":"https:\/\/mont-roig.cat\/es\/actualitat\/noticies\/lajuntament-de-mont-roig-del-camp-es-mante-a-lexpectativa-amb-la-suspensio-de-llicencies-dedificacio-per-part-de-la-generalitat\/#breadcrumb","itemListElement":[{"@type":"ListItem","position":1,"name":"Inici","item":"https:\/\/mont-roig.cat\/es\/pagina-de-inicio\/"},{"@type":"ListItem","position":2,"name":"El Ayuntamiento de Mont-roig del Camp se mantiene a la expectativa con la suspensi\u00f3n de licencias de edificaci\u00f3n por parte de la Generalidad"}]},{"@type":"WebSite","@id":"https:\/\/mont-roig.cat\/es\/#website","url":"https:\/\/mont-roig.cat\/es\/","name":"Ajuntament de Mont-roig del Camp","description":"Tota la informaci\u00f3 sobre la instituci\u00f3, els seus \u00f2rgans de govern, actualitat, serveis i molt m\u00e9s.","potentialAction":[{"@type":"SearchAction","target":{"@type":"EntryPoint","urlTemplate":"https:\/\/mont-roig.cat\/es\/?s={search_term_string}"},"query-input":{"@type":"PropertyValueSpecification","valueRequired":true,"valueName":"search_term_string"}}],"inLanguage":"es"},{"@type":"Person","@id":"https:\/\/mont-roig.cat\/es\/#\/schema\/person\/f2b111789f22b7d0c3bd6786c9128cba","name":"administrador","image":{"@type":"ImageObject","inLanguage":"es","@id":"https:\/\/secure.gravatar.com\/avatar\/9137aac6891e2595c9d3036fd83bcb653b4db3c946db4c7d9b9be193c3c944bb?s=96&d=mm&r=g","url":"https:\/\/secure.gravatar.com\/avatar\/9137aac6891e2595c9d3036fd83bcb653b4db3c946db4c7d9b9be193c3c944bb?s=96&d=mm&r=g","contentUrl":"https:\/\/secure.gravatar.com\/avatar\/9137aac6891e2595c9d3036fd83bcb653b4db3c946db4c7d9b9be193c3c944bb?s=96&d=mm&r=g","caption":"administrador"},"url":"https:\/\/mont-roig.cat\/es\/actualitat\/noticies\/author\/administrador\/"}]}},"_links":{"self":[{"href":"https:\/\/mont-roig.cat\/es\/wp-json\/wp\/v2\/posts\/57757","targetHints":{"allow":["GET"]}}],"collection":[{"href":"https:\/\/mont-roig.cat\/es\/wp-json\/wp\/v2\/posts"}],"about":[{"href":"https:\/\/mont-roig.cat\/es\/wp-json\/wp\/v2\/types\/post"}],"author":[{"embeddable":true,"href":"https:\/\/mont-roig.cat\/es\/wp-json\/wp\/v2\/users\/4"}],"replies":[{"embeddable":true,"href":"https:\/\/mont-roig.cat\/es\/wp-json\/wp\/v2\/comments?post=57757"}],"version-history":[{"count":4,"href":"https:\/\/mont-roig.cat\/es\/wp-json\/wp\/v2\/posts\/57757\/revisions"}],"predecessor-version":[{"id":88818,"href":"https:\/\/mont-roig.cat\/es\/wp-json\/wp\/v2\/posts\/57757\/revisions\/88818"}],"wp:attachment":[{"href":"https:\/\/mont-roig.cat\/es\/wp-json\/wp\/v2\/media?parent=57757"}],"wp:term":[{"taxonomy":"category","embeddable":true,"href":"https:\/\/mont-roig.cat\/es\/wp-json\/wp\/v2\/categories?post=57757"},{"taxonomy":"post_tag","embeddable":true,"href":"https:\/\/mont-roig.cat\/es\/wp-json\/wp\/v2\/tags?post=57757"}],"curies":[{"name":"wp","href":"https:\/\/api.w.org\/{rel}","templated":true}]}}