{"id":57997,"date":"2021-10-06T13:57:48","date_gmt":"2021-10-06T11:57:48","guid":{"rendered":"https:\/\/mont-roig.cat\/actualitat\/noticies\/cinquena-edicio-de-les-jornades-gastronomiques-de-la-cuina-de-larros-de-tardor-del-8-al-24-doctubre\/"},"modified":"2021-10-06T14:06:07","modified_gmt":"2021-10-06T12:06:07","slug":"quinta-edicion-de-las-jornadas-gastronomicas-de-la-cocina-del-arroz-de-otono-del-8-al-24-de-octubre","status":"publish","type":"post","link":"https:\/\/mont-roig.cat\/es\/actualitat\/noticies\/quinta-edicion-de-las-jornadas-gastronomicas-de-la-cocina-del-arroz-de-otono-del-8-al-24-de-octubre\/","title":{"rendered":"Quinta edici\u00f3n de las Jornadas Gastron\u00f3micas de la Cocina del arroz de oto\u00f1o, del 8 al 24 de octubre"},"content":{"rendered":"<ul>\n<li><strong><a href=\"https:\/\/mont-roig.cat\/wp-content\/uploads\/MM_banner_degustacio-web_turisme-02.png\"><img loading=\"lazy\" decoding=\"async\" class=\"alignright wp-image-57972 \" src=\"https:\/\/mont-roig.cat\/wp-content\/uploads\/MM_banner_degustacio-web_turisme-02-500x326.png\" alt=\"\" width=\"302\" height=\"196\" srcset=\"https:\/\/mont-roig.cat\/wp-content\/uploads\/MM_banner_degustacio-web_turisme-02-500x326.png 500w, https:\/\/mont-roig.cat\/wp-content\/uploads\/MM_banner_degustacio-web_turisme-02-1024x667.png 1024w, https:\/\/mont-roig.cat\/wp-content\/uploads\/MM_banner_degustacio-web_turisme-02-768x500.png 768w, https:\/\/mont-roig.cat\/wp-content\/uploads\/MM_banner_degustacio-web_turisme-02-1536x1000.png 1536w, https:\/\/mont-roig.cat\/wp-content\/uploads\/MM_banner_degustacio-web_turisme-02-2048x1334.png 2048w\" sizes=\"auto, (max-width: 302px) 100vw, 302px\" \/><\/a>Doce establecimientos participar\u00e1n en la quinta edici\u00f3n de esta propuesta culinaria que combina el arroz con los productos agroalimentarios t\u00edpicos de esta \u00e9poca.<br \/>\n<\/strong><\/li>\n<li><strong>Este viernes 8 de octubre, de 19 a 22 h, se podr\u00e1 realizar una degustaci\u00f3n y maridaje del plato principal por s\u00f3lo 4 euros a 6 restaurantes.<br \/>\n<\/strong><\/li>\n<\/ul>\n<p>La quinta edici\u00f3n Jornadas Gastron\u00f3micas de la Cocina del arroz de oto\u00f1o de Mont-roig y Miami Playa, que organiza Mont-roig Miami Turisme, arrancan este viernes d\u00eda 8 de octubre con nuevas propuestas de platos y men\u00fas con el arroz y los productos agroalimentarios de temporada como principales protagonistas.<\/p>\n<p><iframe loading=\"lazy\" title=\"V Jornades Gastron\u00f2miques de la Cuina de l&#039;Arr\u00f2s de Tardor de Mont-roig del Camp i Miami Platja\" width=\"900\" height=\"506\" src=\"https:\/\/www.youtube.com\/embed\/OqgbCUvOYfc?start=5&#038;feature=oembed\" frameborder=\"0\" allow=\"accelerometer; autoplay; clipboard-write; encrypted-media; gyroscope; picture-in-picture\" allowfullscreen><\/iframe><\/p>\n<div class=\"ccvoYb\">\n<div class=\"AxqVh\">\n<div class=\"OPPzxe\">\n<div class=\"QFw9Te BLojaf\">\n<div class=\"D5aOJc vJwDU\"><\/div>\n<div class=\"hlJJmd\"><\/div>\n<\/div>\n<div class=\"FFpbKc\">\n<div data-show-delay-ms=\"250\" data-append-to-body=\"false\" data-propagate-tooltip-mouseover-events=\"true\" data-anchor-corner=\"bottom-left\" data-popup-corner=\"top-left\">\n<div class=\"VfPpkd-Bz112c-Jh9lGc\">Como punto de partida, este viernes 8 de octubre desde las 19 a las 22h, 6 restaurantes participantes en las jornadas ofrecer\u00e1n la posibilidad de hacer una degustaci\u00f3n y maridaje de su plato participante, en su establecimiento, por s\u00f3lo 4 \u20ac. Se trata de los establecimientos Eclipse (arroz meloso de bogavante y setas casado con vino blanco DO Montsant), La tasca d&#8217;en Joan (arroz bruto de Miami casado con vino blanco Raimat Vol d&#8217;\u00e0nima), Plats&amp;Co (festival de oto\u00f1o maridado con vino negro el Arnot DO Terra Alta), Casablanca Cristal (arroz de magret de pato con setas y mayonesa de trompetas de la muerte casado con vino tinto DO Montsant), Pasadera (arroz de marisco maridado con cerveza o vino blanco) y la Riviera (arroz meloso de oto\u00f1o con g\u00f3ndola casado con una copa de vino blanco verdejo).<\/div>\n<div><\/div>\n<div class=\"VfPpkd-Bz112c-Jh9lGc\"><strong> Productos de temporada<\/strong><\/div>\n<div class=\"VfPpkd-Bz112c-Jh9lGc\">El boniato, las casta\u00f1as, las alcachofas las setas, el conejo o el pulpo son algunos de los ingredientes que acompa\u00f1ar\u00e1n las diferentes propuestas de arroces que presentan los 12 establecimientos participantes en las Jornadas, poniendo de relieve tambi\u00e9n la producci\u00f3n agroalimentaria local. De la docena de restaurantes participantes 7 de ellos en formato men\u00fa y 4 como plato \u00fanico y 1 establecimiento combinando el plato y el men\u00fa. Los precios oscilan de los 12,5 a los 26&#8217;5 euros, seg\u00fan si se trata del formato plato o men\u00fa completo.<\/div>\n<div><\/div>\n<div class=\"VfPpkd-Bz112c-Jh9lGc\">Las Jornadas Gastron\u00f3micas de la Cocina del Arroz de Oto\u00f1o se podr\u00e1n disfrutar hasta el 24 de octubre en: Eclipse, Ginger Caf\u00e9, La mar salada-Camping Miramar, La tasca d&#8217;en Joan, Plats&amp;Co., Restaurante Cal Xato, Restaurante Casablanca Cristal, Restaurante la Borda de Manel, Restaurante Pasadera, Restaurante-Hotel Can Salvador, Restaurante Chez Lorenzo y Restaurante la Riviera. Adem\u00e1s, Mont-roig Miami Turismo pone en marcha un concurso en Instagram a trav\u00e9s del cual las personas participantes podr\u00e1n ganar una comida para 4 personas en uno de los restaurantes participantes y una visita al Mas Mir\u00f3 tambi\u00e9n para 4 personas. Basta degustar 2 propuestas gastron\u00f3micas en 2 restaurante de esta edici\u00f3n y publicarlo en instagram siguiendo las indicaciones de las bases del concurso que encontrar\u00e1s\u00a0 <a href=\"https:\/\/mont-roig.cat\/wp-content\/uploads\/BASES-SORTEIG-MM-2web.pdf\" target=\"_blank\" rel=\"noopener\">en este enlace. <\/a><\/div>\n<div><\/div>\n<div class=\"VfPpkd-Bz112c-Jh9lGc\">Toda la informaci\u00f3n sobre los restaurantes, los men\u00fas, los platos y los precios <a href=\"https:\/\/mont-roig.cat\/wp-content\/uploads\/MM_ARRO\u0300S_PROGRAMA_2021_okweb-1-1.pdf\" target=\"_blank\" rel=\"noopener\">en este folleto. <\/a><\/div>\n<\/div>\n<\/div>\n<\/div>\n<\/div>\n<\/div>\n","protected":false},"excerpt":{"rendered":"<p>Doce establecimientos participar\u00e1n en la quinta edici\u00f3n de esta propuesta culinaria que combina el arroz con los productos agroalimentarios t\u00edpicos de esta \u00e9poca. Este viernes 8 de octubre, de 19 a 22 h, se podr\u00e1 realizar una degustaci\u00f3n y maridaje del plato principal por s\u00f3lo 4 euros a 6 restaurantes. La quinta edici\u00f3n Jornadas Gastron\u00f3micas [&hellip;]<\/p>\n","protected":false},"author":13,"featured_media":57971,"comment_status":"closed","ping_status":"closed","sticky":false,"template":"","format":"standard","meta":{"inline_featured_image":false,"_monsterinsights_skip_tracking":false,"_monsterinsights_sitenote_active":false,"_monsterinsights_sitenote_note":"","_monsterinsights_sitenote_category":0,"footnotes":""},"categories":[98,115],"tags":[],"class_list":["post-57997","post","type-post","status-publish","format-standard","has-post-thumbnail","hentry","category-ayuntamiento","category-turismo"],"yoast_head":"<!-- This site is optimized with the Yoast SEO plugin v27.4 - https:\/\/yoast.com\/product\/yoast-seo-wordpress\/ -->\n<title>Quinta edici\u00f3n de las Jornadas Gastron\u00f3micas de la Cocina del arroz de oto\u00f1o, del 8 al 24 de octubre - Ajuntament de Mont-roig del Camp<\/title>\n<meta name=\"robots\" content=\"index, follow, max-snippet:-1, max-image-preview:large, max-video-preview:-1\" \/>\n<link rel=\"canonical\" href=\"https:\/\/mont-roig.cat\/es\/actualitat\/noticies\/quinta-edicion-de-las-jornadas-gastronomicas-de-la-cocina-del-arroz-de-otono-del-8-al-24-de-octubre\/\" \/>\n<meta property=\"og:locale\" content=\"es_ES\" \/>\n<meta property=\"og:type\" content=\"article\" \/>\n<meta property=\"og:title\" content=\"Quinta edici\u00f3n de las Jornadas Gastron\u00f3micas de la Cocina del arroz de oto\u00f1o, del 8 al 24 de octubre - Ajuntament de Mont-roig del Camp\" \/>\n<meta property=\"og:description\" content=\"Doce establecimientos participar\u00e1n en la quinta edici\u00f3n de esta propuesta culinaria que combina el arroz con los productos agroalimentarios t\u00edpicos de esta \u00e9poca. Este viernes 8 de octubre, de 19 a 22 h, se podr\u00e1 realizar una degustaci\u00f3n y maridaje del plato principal por s\u00f3lo 4 euros a 6 restaurantes. La quinta edici\u00f3n Jornadas Gastron\u00f3micas [&hellip;]\" \/>\n<meta property=\"og:url\" content=\"https:\/\/mont-roig.cat\/es\/actualitat\/noticies\/quinta-edicion-de-las-jornadas-gastronomicas-de-la-cocina-del-arroz-de-otono-del-8-al-24-de-octubre\/\" \/>\n<meta property=\"og:site_name\" content=\"Ajuntament de Mont-roig del Camp\" \/>\n<meta property=\"article:published_time\" content=\"2021-10-06T11:57:48+00:00\" \/>\n<meta property=\"article:modified_time\" content=\"2021-10-06T12:06:07+00:00\" \/>\n<meta property=\"og:image\" content=\"https:\/\/mont-roig.cat\/wp-content\/uploads\/MM_banner_degustacio-web_turisme-02.png\" \/>\n\t<meta property=\"og:image:width\" content=\"2048\" \/>\n\t<meta property=\"og:image:height\" content=\"1334\" \/>\n\t<meta property=\"og:image:type\" content=\"image\/png\" \/>\n<meta name=\"author\" content=\"comunicacio\" \/>\n<meta name=\"twitter:card\" content=\"summary_large_image\" \/>\n<meta name=\"twitter:label1\" content=\"Escrito por\" \/>\n\t<meta name=\"twitter:data1\" content=\"comunicacio\" \/>\n\t<meta name=\"twitter:label2\" content=\"Tiempo de lectura\" \/>\n\t<meta name=\"twitter:data2\" content=\"3 minutos\" \/>\n<script type=\"application\/ld+json\" class=\"yoast-schema-graph\">{\"@context\":\"https:\\\/\\\/schema.org\",\"@graph\":[{\"@type\":\"Article\",\"@id\":\"https:\\\/\\\/mont-roig.cat\\\/es\\\/actualitat\\\/noticies\\\/quinta-edicion-de-las-jornadas-gastronomicas-de-la-cocina-del-arroz-de-otono-del-8-al-24-de-octubre\\\/#article\",\"isPartOf\":{\"@id\":\"https:\\\/\\\/mont-roig.cat\\\/es\\\/actualitat\\\/noticies\\\/quinta-edicion-de-las-jornadas-gastronomicas-de-la-cocina-del-arroz-de-otono-del-8-al-24-de-octubre\\\/\"},\"author\":{\"name\":\"comunicacio\",\"@id\":\"https:\\\/\\\/mont-roig.cat\\\/es\\\/#\\\/schema\\\/person\\\/1f73e7b5e6f9dd122e8a6f14f310ac5e\"},\"headline\":\"Quinta edici\u00f3n de las Jornadas Gastron\u00f3micas de la Cocina del arroz de oto\u00f1o, del 8 al 24 de octubre\",\"datePublished\":\"2021-10-06T11:57:48+00:00\",\"dateModified\":\"2021-10-06T12:06:07+00:00\",\"mainEntityOfPage\":{\"@id\":\"https:\\\/\\\/mont-roig.cat\\\/es\\\/actualitat\\\/noticies\\\/quinta-edicion-de-las-jornadas-gastronomicas-de-la-cocina-del-arroz-de-otono-del-8-al-24-de-octubre\\\/\"},\"wordCount\":513,\"image\":{\"@id\":\"https:\\\/\\\/mont-roig.cat\\\/es\\\/actualitat\\\/noticies\\\/quinta-edicion-de-las-jornadas-gastronomicas-de-la-cocina-del-arroz-de-otono-del-8-al-24-de-octubre\\\/#primaryimage\"},\"thumbnailUrl\":\"https:\\\/\\\/mont-roig.cat\\\/wp-content\\\/uploads\\\/MM_banner_degustacio-web_turisme-02.png\",\"articleSection\":[\"Ayuntamiento\",\"Turismo\"],\"inLanguage\":\"es\"},{\"@type\":\"WebPage\",\"@id\":\"https:\\\/\\\/mont-roig.cat\\\/es\\\/actualitat\\\/noticies\\\/quinta-edicion-de-las-jornadas-gastronomicas-de-la-cocina-del-arroz-de-otono-del-8-al-24-de-octubre\\\/\",\"url\":\"https:\\\/\\\/mont-roig.cat\\\/es\\\/actualitat\\\/noticies\\\/quinta-edicion-de-las-jornadas-gastronomicas-de-la-cocina-del-arroz-de-otono-del-8-al-24-de-octubre\\\/\",\"name\":\"Quinta edici\u00f3n de las Jornadas Gastron\u00f3micas de la Cocina del arroz de oto\u00f1o, del 8 al 24 de octubre - Ajuntament de Mont-roig del Camp\",\"isPartOf\":{\"@id\":\"https:\\\/\\\/mont-roig.cat\\\/es\\\/#website\"},\"primaryImageOfPage\":{\"@id\":\"https:\\\/\\\/mont-roig.cat\\\/es\\\/actualitat\\\/noticies\\\/quinta-edicion-de-las-jornadas-gastronomicas-de-la-cocina-del-arroz-de-otono-del-8-al-24-de-octubre\\\/#primaryimage\"},\"image\":{\"@id\":\"https:\\\/\\\/mont-roig.cat\\\/es\\\/actualitat\\\/noticies\\\/quinta-edicion-de-las-jornadas-gastronomicas-de-la-cocina-del-arroz-de-otono-del-8-al-24-de-octubre\\\/#primaryimage\"},\"thumbnailUrl\":\"https:\\\/\\\/mont-roig.cat\\\/wp-content\\\/uploads\\\/MM_banner_degustacio-web_turisme-02.png\",\"datePublished\":\"2021-10-06T11:57:48+00:00\",\"dateModified\":\"2021-10-06T12:06:07+00:00\",\"author\":{\"@id\":\"https:\\\/\\\/mont-roig.cat\\\/es\\\/#\\\/schema\\\/person\\\/1f73e7b5e6f9dd122e8a6f14f310ac5e\"},\"breadcrumb\":{\"@id\":\"https:\\\/\\\/mont-roig.cat\\\/es\\\/actualitat\\\/noticies\\\/quinta-edicion-de-las-jornadas-gastronomicas-de-la-cocina-del-arroz-de-otono-del-8-al-24-de-octubre\\\/#breadcrumb\"},\"inLanguage\":\"es\",\"potentialAction\":[{\"@type\":\"ReadAction\",\"target\":[\"https:\\\/\\\/mont-roig.cat\\\/es\\\/actualitat\\\/noticies\\\/quinta-edicion-de-las-jornadas-gastronomicas-de-la-cocina-del-arroz-de-otono-del-8-al-24-de-octubre\\\/\"]}]},{\"@type\":\"ImageObject\",\"inLanguage\":\"es\",\"@id\":\"https:\\\/\\\/mont-roig.cat\\\/es\\\/actualitat\\\/noticies\\\/quinta-edicion-de-las-jornadas-gastronomicas-de-la-cocina-del-arroz-de-otono-del-8-al-24-de-octubre\\\/#primaryimage\",\"url\":\"https:\\\/\\\/mont-roig.cat\\\/wp-content\\\/uploads\\\/MM_banner_degustacio-web_turisme-02.png\",\"contentUrl\":\"https:\\\/\\\/mont-roig.cat\\\/wp-content\\\/uploads\\\/MM_banner_degustacio-web_turisme-02.png\",\"width\":2048,\"height\":1334},{\"@type\":\"BreadcrumbList\",\"@id\":\"https:\\\/\\\/mont-roig.cat\\\/es\\\/actualitat\\\/noticies\\\/quinta-edicion-de-las-jornadas-gastronomicas-de-la-cocina-del-arroz-de-otono-del-8-al-24-de-octubre\\\/#breadcrumb\",\"itemListElement\":[{\"@type\":\"ListItem\",\"position\":1,\"name\":\"Inici\",\"item\":\"https:\\\/\\\/mont-roig.cat\\\/es\\\/pagina-de-inicio\\\/\"},{\"@type\":\"ListItem\",\"position\":2,\"name\":\"Quinta edici\u00f3n de las Jornadas Gastron\u00f3micas de la Cocina del arroz de oto\u00f1o, del 8 al 24 de octubre\"}]},{\"@type\":\"WebSite\",\"@id\":\"https:\\\/\\\/mont-roig.cat\\\/es\\\/#website\",\"url\":\"https:\\\/\\\/mont-roig.cat\\\/es\\\/\",\"name\":\"Ajuntament de Mont-roig del Camp\",\"description\":\"Tota la informaci\u00f3 sobre la instituci\u00f3, els seus \u00f2rgans de govern, actualitat, serveis i molt m\u00e9s.\",\"potentialAction\":[{\"@type\":\"SearchAction\",\"target\":{\"@type\":\"EntryPoint\",\"urlTemplate\":\"https:\\\/\\\/mont-roig.cat\\\/es\\\/?s={search_term_string}\"},\"query-input\":{\"@type\":\"PropertyValueSpecification\",\"valueRequired\":true,\"valueName\":\"search_term_string\"}}],\"inLanguage\":\"es\"},{\"@type\":\"Person\",\"@id\":\"https:\\\/\\\/mont-roig.cat\\\/es\\\/#\\\/schema\\\/person\\\/1f73e7b5e6f9dd122e8a6f14f310ac5e\",\"name\":\"comunicacio\",\"image\":{\"@type\":\"ImageObject\",\"inLanguage\":\"es\",\"@id\":\"https:\\\/\\\/secure.gravatar.com\\\/avatar\\\/98944333e7a877670a64f8d10f0cb680ab2c9ebc4efc43945ef004b52b5ad28c?s=96&d=mm&r=g\",\"url\":\"https:\\\/\\\/secure.gravatar.com\\\/avatar\\\/98944333e7a877670a64f8d10f0cb680ab2c9ebc4efc43945ef004b52b5ad28c?s=96&d=mm&r=g\",\"contentUrl\":\"https:\\\/\\\/secure.gravatar.com\\\/avatar\\\/98944333e7a877670a64f8d10f0cb680ab2c9ebc4efc43945ef004b52b5ad28c?s=96&d=mm&r=g\",\"caption\":\"comunicacio\"},\"url\":\"https:\\\/\\\/mont-roig.cat\\\/es\\\/actualitat\\\/noticies\\\/author\\\/comunicacio\\\/\"}]}<\/script>\n<!-- \/ Yoast SEO plugin. -->","yoast_head_json":{"title":"Quinta edici\u00f3n de las Jornadas Gastron\u00f3micas de la Cocina del arroz de oto\u00f1o, del 8 al 24 de octubre - Ajuntament de Mont-roig del Camp","robots":{"index":"index","follow":"follow","max-snippet":"max-snippet:-1","max-image-preview":"max-image-preview:large","max-video-preview":"max-video-preview:-1"},"canonical":"https:\/\/mont-roig.cat\/es\/actualitat\/noticies\/quinta-edicion-de-las-jornadas-gastronomicas-de-la-cocina-del-arroz-de-otono-del-8-al-24-de-octubre\/","og_locale":"es_ES","og_type":"article","og_title":"Quinta edici\u00f3n de las Jornadas Gastron\u00f3micas de la Cocina del arroz de oto\u00f1o, del 8 al 24 de octubre - Ajuntament de Mont-roig del Camp","og_description":"Doce establecimientos participar\u00e1n en la quinta edici\u00f3n de esta propuesta culinaria que combina el arroz con los productos agroalimentarios t\u00edpicos de esta \u00e9poca. Este viernes 8 de octubre, de 19 a 22 h, se podr\u00e1 realizar una degustaci\u00f3n y maridaje del plato principal por s\u00f3lo 4 euros a 6 restaurantes. La quinta edici\u00f3n Jornadas Gastron\u00f3micas [&hellip;]","og_url":"https:\/\/mont-roig.cat\/es\/actualitat\/noticies\/quinta-edicion-de-las-jornadas-gastronomicas-de-la-cocina-del-arroz-de-otono-del-8-al-24-de-octubre\/","og_site_name":"Ajuntament de Mont-roig del Camp","article_published_time":"2021-10-06T11:57:48+00:00","article_modified_time":"2021-10-06T12:06:07+00:00","og_image":[{"width":2048,"height":1334,"url":"https:\/\/mont-roig.cat\/wp-content\/uploads\/MM_banner_degustacio-web_turisme-02.png","type":"image\/png"}],"author":"comunicacio","twitter_card":"summary_large_image","twitter_misc":{"Escrito por":"comunicacio","Tiempo de lectura":"3 minutos"},"schema":{"@context":"https:\/\/schema.org","@graph":[{"@type":"Article","@id":"https:\/\/mont-roig.cat\/es\/actualitat\/noticies\/quinta-edicion-de-las-jornadas-gastronomicas-de-la-cocina-del-arroz-de-otono-del-8-al-24-de-octubre\/#article","isPartOf":{"@id":"https:\/\/mont-roig.cat\/es\/actualitat\/noticies\/quinta-edicion-de-las-jornadas-gastronomicas-de-la-cocina-del-arroz-de-otono-del-8-al-24-de-octubre\/"},"author":{"name":"comunicacio","@id":"https:\/\/mont-roig.cat\/es\/#\/schema\/person\/1f73e7b5e6f9dd122e8a6f14f310ac5e"},"headline":"Quinta edici\u00f3n de las Jornadas Gastron\u00f3micas de la Cocina del arroz de oto\u00f1o, del 8 al 24 de octubre","datePublished":"2021-10-06T11:57:48+00:00","dateModified":"2021-10-06T12:06:07+00:00","mainEntityOfPage":{"@id":"https:\/\/mont-roig.cat\/es\/actualitat\/noticies\/quinta-edicion-de-las-jornadas-gastronomicas-de-la-cocina-del-arroz-de-otono-del-8-al-24-de-octubre\/"},"wordCount":513,"image":{"@id":"https:\/\/mont-roig.cat\/es\/actualitat\/noticies\/quinta-edicion-de-las-jornadas-gastronomicas-de-la-cocina-del-arroz-de-otono-del-8-al-24-de-octubre\/#primaryimage"},"thumbnailUrl":"https:\/\/mont-roig.cat\/wp-content\/uploads\/MM_banner_degustacio-web_turisme-02.png","articleSection":["Ayuntamiento","Turismo"],"inLanguage":"es"},{"@type":"WebPage","@id":"https:\/\/mont-roig.cat\/es\/actualitat\/noticies\/quinta-edicion-de-las-jornadas-gastronomicas-de-la-cocina-del-arroz-de-otono-del-8-al-24-de-octubre\/","url":"https:\/\/mont-roig.cat\/es\/actualitat\/noticies\/quinta-edicion-de-las-jornadas-gastronomicas-de-la-cocina-del-arroz-de-otono-del-8-al-24-de-octubre\/","name":"Quinta edici\u00f3n de las Jornadas Gastron\u00f3micas de la Cocina del arroz de oto\u00f1o, del 8 al 24 de octubre - Ajuntament de Mont-roig del Camp","isPartOf":{"@id":"https:\/\/mont-roig.cat\/es\/#website"},"primaryImageOfPage":{"@id":"https:\/\/mont-roig.cat\/es\/actualitat\/noticies\/quinta-edicion-de-las-jornadas-gastronomicas-de-la-cocina-del-arroz-de-otono-del-8-al-24-de-octubre\/#primaryimage"},"image":{"@id":"https:\/\/mont-roig.cat\/es\/actualitat\/noticies\/quinta-edicion-de-las-jornadas-gastronomicas-de-la-cocina-del-arroz-de-otono-del-8-al-24-de-octubre\/#primaryimage"},"thumbnailUrl":"https:\/\/mont-roig.cat\/wp-content\/uploads\/MM_banner_degustacio-web_turisme-02.png","datePublished":"2021-10-06T11:57:48+00:00","dateModified":"2021-10-06T12:06:07+00:00","author":{"@id":"https:\/\/mont-roig.cat\/es\/#\/schema\/person\/1f73e7b5e6f9dd122e8a6f14f310ac5e"},"breadcrumb":{"@id":"https:\/\/mont-roig.cat\/es\/actualitat\/noticies\/quinta-edicion-de-las-jornadas-gastronomicas-de-la-cocina-del-arroz-de-otono-del-8-al-24-de-octubre\/#breadcrumb"},"inLanguage":"es","potentialAction":[{"@type":"ReadAction","target":["https:\/\/mont-roig.cat\/es\/actualitat\/noticies\/quinta-edicion-de-las-jornadas-gastronomicas-de-la-cocina-del-arroz-de-otono-del-8-al-24-de-octubre\/"]}]},{"@type":"ImageObject","inLanguage":"es","@id":"https:\/\/mont-roig.cat\/es\/actualitat\/noticies\/quinta-edicion-de-las-jornadas-gastronomicas-de-la-cocina-del-arroz-de-otono-del-8-al-24-de-octubre\/#primaryimage","url":"https:\/\/mont-roig.cat\/wp-content\/uploads\/MM_banner_degustacio-web_turisme-02.png","contentUrl":"https:\/\/mont-roig.cat\/wp-content\/uploads\/MM_banner_degustacio-web_turisme-02.png","width":2048,"height":1334},{"@type":"BreadcrumbList","@id":"https:\/\/mont-roig.cat\/es\/actualitat\/noticies\/quinta-edicion-de-las-jornadas-gastronomicas-de-la-cocina-del-arroz-de-otono-del-8-al-24-de-octubre\/#breadcrumb","itemListElement":[{"@type":"ListItem","position":1,"name":"Inici","item":"https:\/\/mont-roig.cat\/es\/pagina-de-inicio\/"},{"@type":"ListItem","position":2,"name":"Quinta edici\u00f3n de las Jornadas Gastron\u00f3micas de la Cocina del arroz de oto\u00f1o, del 8 al 24 de octubre"}]},{"@type":"WebSite","@id":"https:\/\/mont-roig.cat\/es\/#website","url":"https:\/\/mont-roig.cat\/es\/","name":"Ajuntament de Mont-roig del Camp","description":"Tota la informaci\u00f3 sobre la instituci\u00f3, els seus \u00f2rgans de govern, actualitat, serveis i molt m\u00e9s.","potentialAction":[{"@type":"SearchAction","target":{"@type":"EntryPoint","urlTemplate":"https:\/\/mont-roig.cat\/es\/?s={search_term_string}"},"query-input":{"@type":"PropertyValueSpecification","valueRequired":true,"valueName":"search_term_string"}}],"inLanguage":"es"},{"@type":"Person","@id":"https:\/\/mont-roig.cat\/es\/#\/schema\/person\/1f73e7b5e6f9dd122e8a6f14f310ac5e","name":"comunicacio","image":{"@type":"ImageObject","inLanguage":"es","@id":"https:\/\/secure.gravatar.com\/avatar\/98944333e7a877670a64f8d10f0cb680ab2c9ebc4efc43945ef004b52b5ad28c?s=96&d=mm&r=g","url":"https:\/\/secure.gravatar.com\/avatar\/98944333e7a877670a64f8d10f0cb680ab2c9ebc4efc43945ef004b52b5ad28c?s=96&d=mm&r=g","contentUrl":"https:\/\/secure.gravatar.com\/avatar\/98944333e7a877670a64f8d10f0cb680ab2c9ebc4efc43945ef004b52b5ad28c?s=96&d=mm&r=g","caption":"comunicacio"},"url":"https:\/\/mont-roig.cat\/es\/actualitat\/noticies\/author\/comunicacio\/"}]}},"_links":{"self":[{"href":"https:\/\/mont-roig.cat\/es\/wp-json\/wp\/v2\/posts\/57997","targetHints":{"allow":["GET"]}}],"collection":[{"href":"https:\/\/mont-roig.cat\/es\/wp-json\/wp\/v2\/posts"}],"about":[{"href":"https:\/\/mont-roig.cat\/es\/wp-json\/wp\/v2\/types\/post"}],"author":[{"embeddable":true,"href":"https:\/\/mont-roig.cat\/es\/wp-json\/wp\/v2\/users\/13"}],"replies":[{"embeddable":true,"href":"https:\/\/mont-roig.cat\/es\/wp-json\/wp\/v2\/comments?post=57997"}],"version-history":[{"count":2,"href":"https:\/\/mont-roig.cat\/es\/wp-json\/wp\/v2\/posts\/57997\/revisions"}],"predecessor-version":[{"id":58001,"href":"https:\/\/mont-roig.cat\/es\/wp-json\/wp\/v2\/posts\/57997\/revisions\/58001"}],"wp:featuredmedia":[{"embeddable":true,"href":"https:\/\/mont-roig.cat\/es\/wp-json\/wp\/v2\/media\/57971"}],"wp:attachment":[{"href":"https:\/\/mont-roig.cat\/es\/wp-json\/wp\/v2\/media?parent=57997"}],"wp:term":[{"taxonomy":"category","embeddable":true,"href":"https:\/\/mont-roig.cat\/es\/wp-json\/wp\/v2\/categories?post=57997"},{"taxonomy":"post_tag","embeddable":true,"href":"https:\/\/mont-roig.cat\/es\/wp-json\/wp\/v2\/tags?post=57997"}],"curies":[{"name":"wp","href":"https:\/\/api.w.org\/{rel}","templated":true}]}}