{"id":58063,"date":"2021-10-07T09:55:50","date_gmt":"2021-10-07T07:55:50","guid":{"rendered":"https:\/\/mont-roig.cat\/actualitat\/noticies\/lajuntament-es-mostra-preocupat-amb-lendarreriment-de-la-construccio-del-nou-institut-miami-i-demana-a-la-generalitat-solucions-per-no-perdre-alumnat\/"},"modified":"2021-10-07T10:01:30","modified_gmt":"2021-10-07T08:01:30","slug":"el-ayuntamiento-se-muestra-preocupado-con-el-retraso-de-la-construccion-del-nuevo-instituto-miami-y-pide-a-la-generalitat-soluciones-para-no-perder-alumnado","status":"publish","type":"post","link":"https:\/\/mont-roig.cat\/es\/actualitat\/noticies\/el-ayuntamiento-se-muestra-preocupado-con-el-retraso-de-la-construccion-del-nuevo-instituto-miami-y-pide-a-la-generalitat-soluciones-para-no-perder-alumnado\/","title":{"rendered":"El Ayuntamiento se muestra preocupado con el retraso en la construcci\u00f3n del nuevo Institut Miami y pide a la Generalitat soluciones para no perder alumnado"},"content":{"rendered":"<p><strong><strong><a href=\"https:\/\/mont-roig.cat\/wp-content\/uploads\/IMG-20211006-WA0003.jpg\"><img loading=\"lazy\" decoding=\"async\" class=\"alignright wp-image-58058\" src=\"https:\/\/mont-roig.cat\/wp-content\/uploads\/IMG-20211006-WA0003-500x333.jpg\" alt=\"\" width=\"306\" height=\"204\" srcset=\"https:\/\/mont-roig.cat\/wp-content\/uploads\/IMG-20211006-WA0003-500x333.jpg 500w, https:\/\/mont-roig.cat\/wp-content\/uploads\/IMG-20211006-WA0003-1024x683.jpg 1024w, https:\/\/mont-roig.cat\/wp-content\/uploads\/IMG-20211006-WA0003-768x512.jpg 768w, https:\/\/mont-roig.cat\/wp-content\/uploads\/IMG-20211006-WA0003-1536x1024.jpg 1536w, https:\/\/mont-roig.cat\/wp-content\/uploads\/IMG-20211006-WA0003.jpg 1600w\" sizes=\"auto, (max-width: 306px) 100vw, 306px\" \/><\/a><\/strong><\/strong><\/p>\n<ul>\n<li><strong>El departamento de Ensenyament de la Generalitat ha informado que el nuevo instituto no ser\u00e1 una realidad hasta el curso 2025-2026 y se ha comprometido a ofrecer una propuesta provisional para los pr\u00f3ximos cuatro a\u00f1os<\/strong><\/li>\n<\/ul>\n<p>El Ayuntamiento de Mont-roig del Camp ha recibido con preocupaci\u00f3n el nuevo calendario propuesto por el departamento de Ensenyament de la Generalitat para la construcci\u00f3n del nuevo edificio del Istitut Miami. En este sentido, la Generalitat ha informado al Ayuntamiento que el nuevo centro no ser\u00e1 una realidad hasta el curso 2025 a 2026. El alcalde Fran Morancho y la concejala de Educaci\u00f3n, Elvira Montagud, han recibido esta fecha prevista en una reuni\u00f3n que tuvo lugar el martes con el director general de Centros P\u00fablicos, Jean Marc Segarra, la subdirectora general de Construcciones, Mantenimiento y Equipamientos de Centros P\u00fablicos, Inmaculada Buxadera y el director de Ensenyament en Tarragona, Joan Manel Aud\u00ed.<\/p>\n<p>Este retraso en la construcci\u00f3n del nuevo edificio preocupa especialmente al Ayuntamiento de Mont-roig del Camp porque supone un obst\u00e1culo en el proyecto educativo del centro, puesto en marcha en 2017 con la creaci\u00f3n del Institut Miami, que permiti\u00f3 frenar la fuga de alumnado hacia localidades vecinas como de l&#8217;Hospitalet de l&#8217;Infant o Cambrils. Recordemos que la creaci\u00f3n del Institut Miami, y el nuevo proyecto educativo, consigui\u00f3 la confianza de las familias del municipio y voltear las cifras de escolarizaci\u00f3n, que no han parado de ir al alza en los \u00faltimos a\u00f1os. Desde su creaci\u00f3n el Ayuntamiento reclama la construcci\u00f3n de un nuevo edificio que permita consolidar el proyecto educativo y eliminar los actuales barracones, que ya no tienen capacidad para m\u00e1s alumnado.<\/p>\n<p>Ante la nueva fecha que ha puesto sobre la mesa la Generalitat, el consistorio ha pedido una propuesta alternativa para los cuatro cursos que faltan, especialmente en cuanto a la soluci\u00f3n que permita acomodar todo el alumnado despu\u00e9s de que los barracones hayan superado su l\u00edmite de capacidad y hayan obligado al centro a hacer uso de espacios disponibles en la escuela Joan Mir\u00f3. El objetivo es evitar que esta demora suponga un paso atr\u00e1s en la confianza de las familias con el instituto y volver a perder alumnado.<\/p>\n<p>Fruto de esta reuni\u00f3n, el Departament d&#8217;Ensenyament de la Generalitat ha comprometido a trasladar en los pr\u00f3ximos meses en el Ayuntamiento y en las familias una propuesta para los pr\u00f3ximos cuatro cursos. Es decir, a presentar un proyecto que pueda dar respuesta a las necesidades actuales de falta de espacio que hay en los barracones del Institut Miami.<\/p>\n<p><strong>El Ayuntamiento pide ampliar la oferta de formaci\u00f3n profesional y m\u00e1s inversi\u00f3n en la escuela Mare de D\u00e9u de la Roca<\/strong><\/p>\n<p>Por otra parte, durante la reuni\u00f3n tambi\u00e9n se ha solicitado ampliar la oferta de formaci\u00f3n profesional en el municipio, especialmente para dar continuidad al Ciclo Formativo de Grado Medio de Sistemas microinform\u00e1ticos y redes dual, pero tambi\u00e9n para fomentar que los j\u00f3venes puedan quedarse en el municipio para continuar form\u00e1ndose en el \u00e1mbito profesional.<\/p>\n<p>Finalmente, el alcalde ha aprovechado la reuni\u00f3n para pedir, de nuevo, que la Generalitat contin\u00fae invirtiendo para mejorar la escuela Mare de D\u00e9u de la Roca. En este sentido ha recordado el esfuerzo que est\u00e1 haciendo el consistorio con la construcci\u00f3n de un nuevo pabell\u00f3n deportivo para el centro. Un proyecto que actualmente se encuentra en fase de redacci\u00f3n ejecutiva y que est\u00e1 previsto que pueda construirse el pr\u00f3ximo a\u00f1o.<\/p>\n","protected":false},"excerpt":{"rendered":"<p>El departamento de Ensenyament de la Generalitat ha informado que el nuevo instituto no ser\u00e1 una realidad hasta el curso 2025-2026 y se ha comprometido a ofrecer una propuesta provisional para los pr\u00f3ximos cuatro a\u00f1os El Ayuntamiento de Mont-roig del Camp ha recibido con preocupaci\u00f3n el nuevo calendario propuesto por el departamento de Ensenyament de [&hellip;]<\/p>\n","protected":false},"author":13,"featured_media":58059,"comment_status":"closed","ping_status":"closed","sticky":false,"template":"","format":"standard","meta":{"inline_featured_image":false,"_monsterinsights_skip_tracking":false,"_monsterinsights_sitenote_active":false,"_monsterinsights_sitenote_note":"","_monsterinsights_sitenote_category":0,"footnotes":""},"categories":[98,103],"tags":[],"class_list":["post-58063","post","type-post","status-publish","format-standard","has-post-thumbnail","hentry","category-ayuntamiento","category-educacion"],"yoast_head":"<!-- This site is optimized with the Yoast SEO plugin v27.4 - https:\/\/yoast.com\/product\/yoast-seo-wordpress\/ -->\n<title>El Ayuntamiento se muestra preocupado con el retraso en la construcci\u00f3n del nuevo Institut Miami y pide a la Generalitat soluciones para no perder alumnado - Ajuntament de Mont-roig del Camp<\/title>\n<meta name=\"robots\" content=\"index, follow, max-snippet:-1, max-image-preview:large, max-video-preview:-1\" \/>\n<link rel=\"canonical\" href=\"https:\/\/mont-roig.cat\/es\/actualitat\/noticies\/el-ayuntamiento-se-muestra-preocupado-con-el-retraso-de-la-construccion-del-nuevo-instituto-miami-y-pide-a-la-generalitat-soluciones-para-no-perder-alumnado\/\" \/>\n<meta property=\"og:locale\" content=\"es_ES\" \/>\n<meta property=\"og:type\" content=\"article\" \/>\n<meta property=\"og:title\" content=\"El Ayuntamiento se muestra preocupado con el retraso en la construcci\u00f3n del nuevo Institut Miami y pide a la Generalitat soluciones para no perder alumnado - Ajuntament de Mont-roig del Camp\" \/>\n<meta property=\"og:description\" content=\"El departamento de Ensenyament de la Generalitat ha informado que el nuevo instituto no ser\u00e1 una realidad hasta el curso 2025-2026 y se ha comprometido a ofrecer una propuesta provisional para los pr\u00f3ximos cuatro a\u00f1os El Ayuntamiento de Mont-roig del Camp ha recibido con preocupaci\u00f3n el nuevo calendario propuesto por el departamento de Ensenyament de [&hellip;]\" \/>\n<meta property=\"og:url\" content=\"https:\/\/mont-roig.cat\/es\/actualitat\/noticies\/el-ayuntamiento-se-muestra-preocupado-con-el-retraso-de-la-construccion-del-nuevo-instituto-miami-y-pide-a-la-generalitat-soluciones-para-no-perder-alumnado\/\" \/>\n<meta property=\"og:site_name\" content=\"Ajuntament de Mont-roig del Camp\" \/>\n<meta property=\"article:published_time\" content=\"2021-10-07T07:55:50+00:00\" \/>\n<meta property=\"article:modified_time\" content=\"2021-10-07T08:01:30+00:00\" \/>\n<meta property=\"og:image\" content=\"https:\/\/mont-roig.cat\/wp-content\/uploads\/IMG-20211006-WA0003.jpg\" \/>\n\t<meta property=\"og:image:width\" content=\"1600\" \/>\n\t<meta property=\"og:image:height\" content=\"1067\" \/>\n\t<meta property=\"og:image:type\" content=\"image\/jpeg\" \/>\n<meta name=\"author\" content=\"comunicacio\" \/>\n<meta name=\"twitter:card\" content=\"summary_large_image\" \/>\n<meta name=\"twitter:label1\" content=\"Escrito por\" \/>\n\t<meta name=\"twitter:data1\" content=\"comunicacio\" \/>\n\t<meta name=\"twitter:label2\" content=\"Tiempo de lectura\" \/>\n\t<meta name=\"twitter:data2\" content=\"3 minutos\" \/>\n<script type=\"application\/ld+json\" class=\"yoast-schema-graph\">{\"@context\":\"https:\\\/\\\/schema.org\",\"@graph\":[{\"@type\":\"Article\",\"@id\":\"https:\\\/\\\/mont-roig.cat\\\/es\\\/actualitat\\\/noticies\\\/el-ayuntamiento-se-muestra-preocupado-con-el-retraso-de-la-construccion-del-nuevo-instituto-miami-y-pide-a-la-generalitat-soluciones-para-no-perder-alumnado\\\/#article\",\"isPartOf\":{\"@id\":\"https:\\\/\\\/mont-roig.cat\\\/es\\\/actualitat\\\/noticies\\\/el-ayuntamiento-se-muestra-preocupado-con-el-retraso-de-la-construccion-del-nuevo-instituto-miami-y-pide-a-la-generalitat-soluciones-para-no-perder-alumnado\\\/\"},\"author\":{\"name\":\"comunicacio\",\"@id\":\"https:\\\/\\\/mont-roig.cat\\\/es\\\/#\\\/schema\\\/person\\\/1f73e7b5e6f9dd122e8a6f14f310ac5e\"},\"headline\":\"El Ayuntamiento se muestra preocupado con el retraso en la construcci\u00f3n del nuevo Institut Miami y pide a la Generalitat soluciones para no perder alumnado\",\"datePublished\":\"2021-10-07T07:55:50+00:00\",\"dateModified\":\"2021-10-07T08:01:30+00:00\",\"mainEntityOfPage\":{\"@id\":\"https:\\\/\\\/mont-roig.cat\\\/es\\\/actualitat\\\/noticies\\\/el-ayuntamiento-se-muestra-preocupado-con-el-retraso-de-la-construccion-del-nuevo-instituto-miami-y-pide-a-la-generalitat-soluciones-para-no-perder-alumnado\\\/\"},\"wordCount\":627,\"image\":{\"@id\":\"https:\\\/\\\/mont-roig.cat\\\/es\\\/actualitat\\\/noticies\\\/el-ayuntamiento-se-muestra-preocupado-con-el-retraso-de-la-construccion-del-nuevo-instituto-miami-y-pide-a-la-generalitat-soluciones-para-no-perder-alumnado\\\/#primaryimage\"},\"thumbnailUrl\":\"https:\\\/\\\/mont-roig.cat\\\/wp-content\\\/uploads\\\/IMG-20211006-WA0003.jpg\",\"articleSection\":[\"Ayuntamiento\",\"Educaci\u00f3n\"],\"inLanguage\":\"es\"},{\"@type\":\"WebPage\",\"@id\":\"https:\\\/\\\/mont-roig.cat\\\/es\\\/actualitat\\\/noticies\\\/el-ayuntamiento-se-muestra-preocupado-con-el-retraso-de-la-construccion-del-nuevo-instituto-miami-y-pide-a-la-generalitat-soluciones-para-no-perder-alumnado\\\/\",\"url\":\"https:\\\/\\\/mont-roig.cat\\\/es\\\/actualitat\\\/noticies\\\/el-ayuntamiento-se-muestra-preocupado-con-el-retraso-de-la-construccion-del-nuevo-instituto-miami-y-pide-a-la-generalitat-soluciones-para-no-perder-alumnado\\\/\",\"name\":\"El Ayuntamiento se muestra preocupado con el retraso en la construcci\u00f3n del nuevo Institut Miami y pide a la Generalitat soluciones para no perder alumnado - Ajuntament de Mont-roig del Camp\",\"isPartOf\":{\"@id\":\"https:\\\/\\\/mont-roig.cat\\\/es\\\/#website\"},\"primaryImageOfPage\":{\"@id\":\"https:\\\/\\\/mont-roig.cat\\\/es\\\/actualitat\\\/noticies\\\/el-ayuntamiento-se-muestra-preocupado-con-el-retraso-de-la-construccion-del-nuevo-instituto-miami-y-pide-a-la-generalitat-soluciones-para-no-perder-alumnado\\\/#primaryimage\"},\"image\":{\"@id\":\"https:\\\/\\\/mont-roig.cat\\\/es\\\/actualitat\\\/noticies\\\/el-ayuntamiento-se-muestra-preocupado-con-el-retraso-de-la-construccion-del-nuevo-instituto-miami-y-pide-a-la-generalitat-soluciones-para-no-perder-alumnado\\\/#primaryimage\"},\"thumbnailUrl\":\"https:\\\/\\\/mont-roig.cat\\\/wp-content\\\/uploads\\\/IMG-20211006-WA0003.jpg\",\"datePublished\":\"2021-10-07T07:55:50+00:00\",\"dateModified\":\"2021-10-07T08:01:30+00:00\",\"author\":{\"@id\":\"https:\\\/\\\/mont-roig.cat\\\/es\\\/#\\\/schema\\\/person\\\/1f73e7b5e6f9dd122e8a6f14f310ac5e\"},\"breadcrumb\":{\"@id\":\"https:\\\/\\\/mont-roig.cat\\\/es\\\/actualitat\\\/noticies\\\/el-ayuntamiento-se-muestra-preocupado-con-el-retraso-de-la-construccion-del-nuevo-instituto-miami-y-pide-a-la-generalitat-soluciones-para-no-perder-alumnado\\\/#breadcrumb\"},\"inLanguage\":\"es\",\"potentialAction\":[{\"@type\":\"ReadAction\",\"target\":[\"https:\\\/\\\/mont-roig.cat\\\/es\\\/actualitat\\\/noticies\\\/el-ayuntamiento-se-muestra-preocupado-con-el-retraso-de-la-construccion-del-nuevo-instituto-miami-y-pide-a-la-generalitat-soluciones-para-no-perder-alumnado\\\/\"]}]},{\"@type\":\"ImageObject\",\"inLanguage\":\"es\",\"@id\":\"https:\\\/\\\/mont-roig.cat\\\/es\\\/actualitat\\\/noticies\\\/el-ayuntamiento-se-muestra-preocupado-con-el-retraso-de-la-construccion-del-nuevo-instituto-miami-y-pide-a-la-generalitat-soluciones-para-no-perder-alumnado\\\/#primaryimage\",\"url\":\"https:\\\/\\\/mont-roig.cat\\\/wp-content\\\/uploads\\\/IMG-20211006-WA0003.jpg\",\"contentUrl\":\"https:\\\/\\\/mont-roig.cat\\\/wp-content\\\/uploads\\\/IMG-20211006-WA0003.jpg\",\"width\":1600,\"height\":1067},{\"@type\":\"BreadcrumbList\",\"@id\":\"https:\\\/\\\/mont-roig.cat\\\/es\\\/actualitat\\\/noticies\\\/el-ayuntamiento-se-muestra-preocupado-con-el-retraso-de-la-construccion-del-nuevo-instituto-miami-y-pide-a-la-generalitat-soluciones-para-no-perder-alumnado\\\/#breadcrumb\",\"itemListElement\":[{\"@type\":\"ListItem\",\"position\":1,\"name\":\"Inici\",\"item\":\"https:\\\/\\\/mont-roig.cat\\\/es\\\/pagina-de-inicio\\\/\"},{\"@type\":\"ListItem\",\"position\":2,\"name\":\"El Ayuntamiento se muestra preocupado con el retraso en la construcci\u00f3n del nuevo Institut Miami y pide a la Generalitat soluciones para no perder alumnado\"}]},{\"@type\":\"WebSite\",\"@id\":\"https:\\\/\\\/mont-roig.cat\\\/es\\\/#website\",\"url\":\"https:\\\/\\\/mont-roig.cat\\\/es\\\/\",\"name\":\"Ajuntament de Mont-roig del Camp\",\"description\":\"Tota la informaci\u00f3 sobre la instituci\u00f3, els seus \u00f2rgans de govern, actualitat, serveis i molt m\u00e9s.\",\"potentialAction\":[{\"@type\":\"SearchAction\",\"target\":{\"@type\":\"EntryPoint\",\"urlTemplate\":\"https:\\\/\\\/mont-roig.cat\\\/es\\\/?s={search_term_string}\"},\"query-input\":{\"@type\":\"PropertyValueSpecification\",\"valueRequired\":true,\"valueName\":\"search_term_string\"}}],\"inLanguage\":\"es\"},{\"@type\":\"Person\",\"@id\":\"https:\\\/\\\/mont-roig.cat\\\/es\\\/#\\\/schema\\\/person\\\/1f73e7b5e6f9dd122e8a6f14f310ac5e\",\"name\":\"comunicacio\",\"image\":{\"@type\":\"ImageObject\",\"inLanguage\":\"es\",\"@id\":\"https:\\\/\\\/secure.gravatar.com\\\/avatar\\\/98944333e7a877670a64f8d10f0cb680ab2c9ebc4efc43945ef004b52b5ad28c?s=96&d=mm&r=g\",\"url\":\"https:\\\/\\\/secure.gravatar.com\\\/avatar\\\/98944333e7a877670a64f8d10f0cb680ab2c9ebc4efc43945ef004b52b5ad28c?s=96&d=mm&r=g\",\"contentUrl\":\"https:\\\/\\\/secure.gravatar.com\\\/avatar\\\/98944333e7a877670a64f8d10f0cb680ab2c9ebc4efc43945ef004b52b5ad28c?s=96&d=mm&r=g\",\"caption\":\"comunicacio\"},\"url\":\"https:\\\/\\\/mont-roig.cat\\\/es\\\/actualitat\\\/noticies\\\/author\\\/comunicacio\\\/\"}]}<\/script>\n<!-- \/ Yoast SEO plugin. -->","yoast_head_json":{"title":"El Ayuntamiento se muestra preocupado con el retraso en la construcci\u00f3n del nuevo Institut Miami y pide a la Generalitat soluciones para no perder alumnado - Ajuntament de Mont-roig del Camp","robots":{"index":"index","follow":"follow","max-snippet":"max-snippet:-1","max-image-preview":"max-image-preview:large","max-video-preview":"max-video-preview:-1"},"canonical":"https:\/\/mont-roig.cat\/es\/actualitat\/noticies\/el-ayuntamiento-se-muestra-preocupado-con-el-retraso-de-la-construccion-del-nuevo-instituto-miami-y-pide-a-la-generalitat-soluciones-para-no-perder-alumnado\/","og_locale":"es_ES","og_type":"article","og_title":"El Ayuntamiento se muestra preocupado con el retraso en la construcci\u00f3n del nuevo Institut Miami y pide a la Generalitat soluciones para no perder alumnado - Ajuntament de Mont-roig del Camp","og_description":"El departamento de Ensenyament de la Generalitat ha informado que el nuevo instituto no ser\u00e1 una realidad hasta el curso 2025-2026 y se ha comprometido a ofrecer una propuesta provisional para los pr\u00f3ximos cuatro a\u00f1os El Ayuntamiento de Mont-roig del Camp ha recibido con preocupaci\u00f3n el nuevo calendario propuesto por el departamento de Ensenyament de [&hellip;]","og_url":"https:\/\/mont-roig.cat\/es\/actualitat\/noticies\/el-ayuntamiento-se-muestra-preocupado-con-el-retraso-de-la-construccion-del-nuevo-instituto-miami-y-pide-a-la-generalitat-soluciones-para-no-perder-alumnado\/","og_site_name":"Ajuntament de Mont-roig del Camp","article_published_time":"2021-10-07T07:55:50+00:00","article_modified_time":"2021-10-07T08:01:30+00:00","og_image":[{"width":1600,"height":1067,"url":"https:\/\/mont-roig.cat\/wp-content\/uploads\/IMG-20211006-WA0003.jpg","type":"image\/jpeg"}],"author":"comunicacio","twitter_card":"summary_large_image","twitter_misc":{"Escrito por":"comunicacio","Tiempo de lectura":"3 minutos"},"schema":{"@context":"https:\/\/schema.org","@graph":[{"@type":"Article","@id":"https:\/\/mont-roig.cat\/es\/actualitat\/noticies\/el-ayuntamiento-se-muestra-preocupado-con-el-retraso-de-la-construccion-del-nuevo-instituto-miami-y-pide-a-la-generalitat-soluciones-para-no-perder-alumnado\/#article","isPartOf":{"@id":"https:\/\/mont-roig.cat\/es\/actualitat\/noticies\/el-ayuntamiento-se-muestra-preocupado-con-el-retraso-de-la-construccion-del-nuevo-instituto-miami-y-pide-a-la-generalitat-soluciones-para-no-perder-alumnado\/"},"author":{"name":"comunicacio","@id":"https:\/\/mont-roig.cat\/es\/#\/schema\/person\/1f73e7b5e6f9dd122e8a6f14f310ac5e"},"headline":"El Ayuntamiento se muestra preocupado con el retraso en la construcci\u00f3n del nuevo Institut Miami y pide a la Generalitat soluciones para no perder alumnado","datePublished":"2021-10-07T07:55:50+00:00","dateModified":"2021-10-07T08:01:30+00:00","mainEntityOfPage":{"@id":"https:\/\/mont-roig.cat\/es\/actualitat\/noticies\/el-ayuntamiento-se-muestra-preocupado-con-el-retraso-de-la-construccion-del-nuevo-instituto-miami-y-pide-a-la-generalitat-soluciones-para-no-perder-alumnado\/"},"wordCount":627,"image":{"@id":"https:\/\/mont-roig.cat\/es\/actualitat\/noticies\/el-ayuntamiento-se-muestra-preocupado-con-el-retraso-de-la-construccion-del-nuevo-instituto-miami-y-pide-a-la-generalitat-soluciones-para-no-perder-alumnado\/#primaryimage"},"thumbnailUrl":"https:\/\/mont-roig.cat\/wp-content\/uploads\/IMG-20211006-WA0003.jpg","articleSection":["Ayuntamiento","Educaci\u00f3n"],"inLanguage":"es"},{"@type":"WebPage","@id":"https:\/\/mont-roig.cat\/es\/actualitat\/noticies\/el-ayuntamiento-se-muestra-preocupado-con-el-retraso-de-la-construccion-del-nuevo-instituto-miami-y-pide-a-la-generalitat-soluciones-para-no-perder-alumnado\/","url":"https:\/\/mont-roig.cat\/es\/actualitat\/noticies\/el-ayuntamiento-se-muestra-preocupado-con-el-retraso-de-la-construccion-del-nuevo-instituto-miami-y-pide-a-la-generalitat-soluciones-para-no-perder-alumnado\/","name":"El Ayuntamiento se muestra preocupado con el retraso en la construcci\u00f3n del nuevo Institut Miami y pide a la Generalitat soluciones para no perder alumnado - Ajuntament de Mont-roig del Camp","isPartOf":{"@id":"https:\/\/mont-roig.cat\/es\/#website"},"primaryImageOfPage":{"@id":"https:\/\/mont-roig.cat\/es\/actualitat\/noticies\/el-ayuntamiento-se-muestra-preocupado-con-el-retraso-de-la-construccion-del-nuevo-instituto-miami-y-pide-a-la-generalitat-soluciones-para-no-perder-alumnado\/#primaryimage"},"image":{"@id":"https:\/\/mont-roig.cat\/es\/actualitat\/noticies\/el-ayuntamiento-se-muestra-preocupado-con-el-retraso-de-la-construccion-del-nuevo-instituto-miami-y-pide-a-la-generalitat-soluciones-para-no-perder-alumnado\/#primaryimage"},"thumbnailUrl":"https:\/\/mont-roig.cat\/wp-content\/uploads\/IMG-20211006-WA0003.jpg","datePublished":"2021-10-07T07:55:50+00:00","dateModified":"2021-10-07T08:01:30+00:00","author":{"@id":"https:\/\/mont-roig.cat\/es\/#\/schema\/person\/1f73e7b5e6f9dd122e8a6f14f310ac5e"},"breadcrumb":{"@id":"https:\/\/mont-roig.cat\/es\/actualitat\/noticies\/el-ayuntamiento-se-muestra-preocupado-con-el-retraso-de-la-construccion-del-nuevo-instituto-miami-y-pide-a-la-generalitat-soluciones-para-no-perder-alumnado\/#breadcrumb"},"inLanguage":"es","potentialAction":[{"@type":"ReadAction","target":["https:\/\/mont-roig.cat\/es\/actualitat\/noticies\/el-ayuntamiento-se-muestra-preocupado-con-el-retraso-de-la-construccion-del-nuevo-instituto-miami-y-pide-a-la-generalitat-soluciones-para-no-perder-alumnado\/"]}]},{"@type":"ImageObject","inLanguage":"es","@id":"https:\/\/mont-roig.cat\/es\/actualitat\/noticies\/el-ayuntamiento-se-muestra-preocupado-con-el-retraso-de-la-construccion-del-nuevo-instituto-miami-y-pide-a-la-generalitat-soluciones-para-no-perder-alumnado\/#primaryimage","url":"https:\/\/mont-roig.cat\/wp-content\/uploads\/IMG-20211006-WA0003.jpg","contentUrl":"https:\/\/mont-roig.cat\/wp-content\/uploads\/IMG-20211006-WA0003.jpg","width":1600,"height":1067},{"@type":"BreadcrumbList","@id":"https:\/\/mont-roig.cat\/es\/actualitat\/noticies\/el-ayuntamiento-se-muestra-preocupado-con-el-retraso-de-la-construccion-del-nuevo-instituto-miami-y-pide-a-la-generalitat-soluciones-para-no-perder-alumnado\/#breadcrumb","itemListElement":[{"@type":"ListItem","position":1,"name":"Inici","item":"https:\/\/mont-roig.cat\/es\/pagina-de-inicio\/"},{"@type":"ListItem","position":2,"name":"El Ayuntamiento se muestra preocupado con el retraso en la construcci\u00f3n del nuevo Institut Miami y pide a la Generalitat soluciones para no perder alumnado"}]},{"@type":"WebSite","@id":"https:\/\/mont-roig.cat\/es\/#website","url":"https:\/\/mont-roig.cat\/es\/","name":"Ajuntament de Mont-roig del Camp","description":"Tota la informaci\u00f3 sobre la instituci\u00f3, els seus \u00f2rgans de govern, actualitat, serveis i molt m\u00e9s.","potentialAction":[{"@type":"SearchAction","target":{"@type":"EntryPoint","urlTemplate":"https:\/\/mont-roig.cat\/es\/?s={search_term_string}"},"query-input":{"@type":"PropertyValueSpecification","valueRequired":true,"valueName":"search_term_string"}}],"inLanguage":"es"},{"@type":"Person","@id":"https:\/\/mont-roig.cat\/es\/#\/schema\/person\/1f73e7b5e6f9dd122e8a6f14f310ac5e","name":"comunicacio","image":{"@type":"ImageObject","inLanguage":"es","@id":"https:\/\/secure.gravatar.com\/avatar\/98944333e7a877670a64f8d10f0cb680ab2c9ebc4efc43945ef004b52b5ad28c?s=96&d=mm&r=g","url":"https:\/\/secure.gravatar.com\/avatar\/98944333e7a877670a64f8d10f0cb680ab2c9ebc4efc43945ef004b52b5ad28c?s=96&d=mm&r=g","contentUrl":"https:\/\/secure.gravatar.com\/avatar\/98944333e7a877670a64f8d10f0cb680ab2c9ebc4efc43945ef004b52b5ad28c?s=96&d=mm&r=g","caption":"comunicacio"},"url":"https:\/\/mont-roig.cat\/es\/actualitat\/noticies\/author\/comunicacio\/"}]}},"_links":{"self":[{"href":"https:\/\/mont-roig.cat\/es\/wp-json\/wp\/v2\/posts\/58063","targetHints":{"allow":["GET"]}}],"collection":[{"href":"https:\/\/mont-roig.cat\/es\/wp-json\/wp\/v2\/posts"}],"about":[{"href":"https:\/\/mont-roig.cat\/es\/wp-json\/wp\/v2\/types\/post"}],"author":[{"embeddable":true,"href":"https:\/\/mont-roig.cat\/es\/wp-json\/wp\/v2\/users\/13"}],"replies":[{"embeddable":true,"href":"https:\/\/mont-roig.cat\/es\/wp-json\/wp\/v2\/comments?post=58063"}],"version-history":[{"count":2,"href":"https:\/\/mont-roig.cat\/es\/wp-json\/wp\/v2\/posts\/58063\/revisions"}],"predecessor-version":[{"id":58065,"href":"https:\/\/mont-roig.cat\/es\/wp-json\/wp\/v2\/posts\/58063\/revisions\/58065"}],"wp:featuredmedia":[{"embeddable":true,"href":"https:\/\/mont-roig.cat\/es\/wp-json\/wp\/v2\/media\/58059"}],"wp:attachment":[{"href":"https:\/\/mont-roig.cat\/es\/wp-json\/wp\/v2\/media?parent=58063"}],"wp:term":[{"taxonomy":"category","embeddable":true,"href":"https:\/\/mont-roig.cat\/es\/wp-json\/wp\/v2\/categories?post=58063"},{"taxonomy":"post_tag","embeddable":true,"href":"https:\/\/mont-roig.cat\/es\/wp-json\/wp\/v2\/tags?post=58063"}],"curies":[{"name":"wp","href":"https:\/\/api.w.org\/{rel}","templated":true}]}}