{"id":58178,"date":"2021-10-08T15:56:55","date_gmt":"2021-10-08T13:56:55","guid":{"rendered":"https:\/\/mont-roig.cat\/?p=58178"},"modified":"2021-10-08T15:56:55","modified_gmt":"2021-10-08T13:56:55","slug":"francis-ortiz-asume-las-concejalias-de-fiestas-y-participacion-ciudadana","status":"publish","type":"post","link":"https:\/\/mont-roig.cat\/es\/actualitat\/noticies\/francis-ortiz-asume-las-concejalias-de-fiestas-y-participacion-ciudadana\/","title":{"rendered":"Francis Ortiz asume las concejal\u00edas de Fiestas y Participaci\u00f3n Ciudadana"},"content":{"rendered":"<div id=\"attachment_38387\" style=\"width: 310px\" class=\"wp-caption alignright\"><a href=\"https:\/\/mont-roig.cat\/wp-content\/uploads\/Francis-Ortiz.jpg\"><img loading=\"lazy\" decoding=\"async\" aria-describedby=\"caption-attachment-38387\" class=\"wp-image-38387\" src=\"https:\/\/mont-roig.cat\/wp-content\/uploads\/Francis-Ortiz-500x500.jpg\" alt=\"\" width=\"300\" height=\"300\" srcset=\"https:\/\/mont-roig.cat\/wp-content\/uploads\/Francis-Ortiz-500x500.jpg 500w, https:\/\/mont-roig.cat\/wp-content\/uploads\/Francis-Ortiz-50x50.jpg 50w, https:\/\/mont-roig.cat\/wp-content\/uploads\/Francis-Ortiz-768x768.jpg 768w, https:\/\/mont-roig.cat\/wp-content\/uploads\/Francis-Ortiz-1024x1024.jpg 1024w, https:\/\/mont-roig.cat\/wp-content\/uploads\/Francis-Ortiz-560x560.jpg 560w, https:\/\/mont-roig.cat\/wp-content\/uploads\/Francis-Ortiz-367x367.jpg 367w, https:\/\/mont-roig.cat\/wp-content\/uploads\/Francis-Ortiz-450x450.jpg 450w, https:\/\/mont-roig.cat\/wp-content\/uploads\/Francis-Ortiz-85x85.jpg 85w, https:\/\/mont-roig.cat\/wp-content\/uploads\/Francis-Ortiz-45x45.jpg 45w, https:\/\/mont-roig.cat\/wp-content\/uploads\/Francis-Ortiz.jpg 1920w\" sizes=\"auto, (max-width: 300px) 100vw, 300px\" \/><\/a><p id=\"caption-attachment-38387\" class=\"wp-caption-text\">Francis Ortiz es la nueva concejal de Fiestas y Participaci\u00f3n Ciudadana<\/p><\/div>\n<ul>\n<li><strong>Enfrenta los nuevos retos tras la finalizaci\u00f3n del Pla de Barris y el traspaso de Educaci\u00f3n a la concejal Elvira Montagud<\/strong><\/li>\n<\/ul>\n<p>El cartapacio del Ayuntamiento de Mont-roig del Camp se ha modificado este viernes al mediod\u00eda despu\u00e9s de que el alcalde Fran Morancho haya firmado un nuevo Decreto de delegaciones de la Alcald\u00eda a los concejales\/as. Con esta modificaci\u00f3n la concejal Francis Ortiz asume las concejal\u00edas de Fiestas y Participaci\u00f3n Ciudadana, dos nuevas carteras que se suman a las de Acci\u00f3n Social y Gente Mayor que mantendr\u00e1.<\/p>\n<p>Ortiz enfrenta los nuevos retos despu\u00e9s de que este mes de septiembre haya finalizado el Pla de Barris, un programa creado por la Generalitat y que ha permitido implantar diversas acciones en el barrio de La Florida de Miami Platja los \u00faltimos 10 a\u00f1os. Tambi\u00e9n, tras el traspaso del \u00e1rea de Educaci\u00f3n a la concejal Elvira Montagud, que se incorpor\u00f3 al equipo de gobierno el pasado mes de febrero de 2021.<\/p>\n<p>Se inicia de esta forma una nueva etapa de la concejal\u00eda de Fiestas, despu\u00e9s de muchos meses sin poder ofrecer actividades presenciales debido a la Covid19 y que este mes de septiembre ha reanudado la programaci\u00f3n con las fiestas de Sant Jaume y de Sant Miquel. Un \u00e1rea que reca\u00eda en el concejal \u00c1ngel Redondo que mantiene las concejal\u00edas de Salud P\u00fablica, Entorno Natural y Deportes.<\/p>\n<p>Por su parte, la concejal Mei Benach, que hasta ahora llevaba la concejal\u00eda de Participaci\u00f3n Ciudadana contin\u00faa con las concejal\u00edas de Cultura y Pol\u00edticas de Igualdad y de las Mujeres. Precisamente esta \u00faltima es una \u00e1reas que m\u00e1s se quiere impulsar y que se espera que m\u00e1s crezca en los pr\u00f3ximos meses.<\/p>\n","protected":false},"excerpt":{"rendered":"<p>Enfrenta los nuevos retos tras la finalizaci\u00f3n del Pla de Barris y el traspaso de Educaci\u00f3n a la concejal Elvira Montagud El cartapacio del Ayuntamiento de Mont-roig del Camp se ha modificado este viernes al mediod\u00eda despu\u00e9s de que el alcalde Fran Morancho haya firmado un nuevo Decreto de delegaciones de la Alcald\u00eda a los [&hellip;]<\/p>\n","protected":false},"author":4,"featured_media":38388,"comment_status":"closed","ping_status":"closed","sticky":false,"template":"","format":"standard","meta":{"inline_featured_image":false,"_monsterinsights_skip_tracking":false,"_monsterinsights_sitenote_active":false,"_monsterinsights_sitenote_note":"","_monsterinsights_sitenote_category":0,"footnotes":""},"categories":[156,98,105],"tags":[],"class_list":["post-58178","post","type-post","status-publish","format-standard","has-post-thumbnail","hentry","category-alcalde-es","category-ayuntamiento","category-fiestas"],"yoast_head":"<!-- This site is optimized with the Yoast SEO plugin v27.4 - https:\/\/yoast.com\/product\/yoast-seo-wordpress\/ -->\n<title>Francis Ortiz asume las concejal\u00edas de Fiestas y Participaci\u00f3n Ciudadana - Ajuntament de Mont-roig del Camp<\/title>\n<meta name=\"robots\" content=\"index, follow, max-snippet:-1, max-image-preview:large, max-video-preview:-1\" \/>\n<link rel=\"canonical\" href=\"https:\/\/mont-roig.cat\/es\/actualitat\/noticies\/francis-ortiz-asume-las-concejalias-de-fiestas-y-participacion-ciudadana\/\" \/>\n<meta property=\"og:locale\" content=\"es_ES\" \/>\n<meta property=\"og:type\" content=\"article\" \/>\n<meta property=\"og:title\" content=\"Francis Ortiz asume las concejal\u00edas de Fiestas y Participaci\u00f3n Ciudadana - Ajuntament de Mont-roig del Camp\" \/>\n<meta property=\"og:description\" content=\"Enfrenta los nuevos retos tras la finalizaci\u00f3n del Pla de Barris y el traspaso de Educaci\u00f3n a la concejal Elvira Montagud El cartapacio del Ayuntamiento de Mont-roig del Camp se ha modificado este viernes al mediod\u00eda despu\u00e9s de que el alcalde Fran Morancho haya firmado un nuevo Decreto de delegaciones de la Alcald\u00eda a los [&hellip;]\" \/>\n<meta property=\"og:url\" content=\"https:\/\/mont-roig.cat\/es\/actualitat\/noticies\/francis-ortiz-asume-las-concejalias-de-fiestas-y-participacion-ciudadana\/\" \/>\n<meta property=\"og:site_name\" content=\"Ajuntament de Mont-roig del Camp\" \/>\n<meta property=\"article:published_time\" content=\"2021-10-08T13:56:55+00:00\" \/>\n<meta property=\"og:image\" content=\"https:\/\/mont-roig.cat\/wp-content\/uploads\/Francis-Ortiz.jpg\" \/>\n\t<meta property=\"og:image:width\" content=\"2250\" \/>\n\t<meta property=\"og:image:height\" content=\"2250\" \/>\n\t<meta property=\"og:image:type\" content=\"image\/jpeg\" \/>\n<meta name=\"author\" content=\"administrador\" \/>\n<meta name=\"twitter:card\" content=\"summary_large_image\" \/>\n<meta name=\"twitter:label1\" content=\"Escrito por\" \/>\n\t<meta name=\"twitter:data1\" content=\"administrador\" \/>\n\t<meta name=\"twitter:label2\" content=\"Tiempo de lectura\" \/>\n\t<meta name=\"twitter:data2\" content=\"2 minutos\" \/>\n<script type=\"application\/ld+json\" class=\"yoast-schema-graph\">{\"@context\":\"https:\\\/\\\/schema.org\",\"@graph\":[{\"@type\":\"Article\",\"@id\":\"https:\\\/\\\/mont-roig.cat\\\/es\\\/actualitat\\\/noticies\\\/francis-ortiz-asume-las-concejalias-de-fiestas-y-participacion-ciudadana\\\/#article\",\"isPartOf\":{\"@id\":\"https:\\\/\\\/mont-roig.cat\\\/es\\\/actualitat\\\/noticies\\\/francis-ortiz-asume-las-concejalias-de-fiestas-y-participacion-ciudadana\\\/\"},\"author\":{\"name\":\"administrador\",\"@id\":\"https:\\\/\\\/mont-roig.cat\\\/es\\\/#\\\/schema\\\/person\\\/f2b111789f22b7d0c3bd6786c9128cba\"},\"headline\":\"Francis Ortiz asume las concejal\u00edas de Fiestas y Participaci\u00f3n Ciudadana\",\"datePublished\":\"2021-10-08T13:56:55+00:00\",\"mainEntityOfPage\":{\"@id\":\"https:\\\/\\\/mont-roig.cat\\\/es\\\/actualitat\\\/noticies\\\/francis-ortiz-asume-las-concejalias-de-fiestas-y-participacion-ciudadana\\\/\"},\"wordCount\":333,\"image\":{\"@id\":\"https:\\\/\\\/mont-roig.cat\\\/es\\\/actualitat\\\/noticies\\\/francis-ortiz-asume-las-concejalias-de-fiestas-y-participacion-ciudadana\\\/#primaryimage\"},\"thumbnailUrl\":\"https:\\\/\\\/mont-roig.cat\\\/wp-content\\\/uploads\\\/Francis-Ortiz.jpg\",\"articleSection\":[\"Alcalde\",\"Ayuntamiento\",\"Festes\"],\"inLanguage\":\"es\"},{\"@type\":\"WebPage\",\"@id\":\"https:\\\/\\\/mont-roig.cat\\\/es\\\/actualitat\\\/noticies\\\/francis-ortiz-asume-las-concejalias-de-fiestas-y-participacion-ciudadana\\\/\",\"url\":\"https:\\\/\\\/mont-roig.cat\\\/es\\\/actualitat\\\/noticies\\\/francis-ortiz-asume-las-concejalias-de-fiestas-y-participacion-ciudadana\\\/\",\"name\":\"Francis Ortiz asume las concejal\u00edas de Fiestas y Participaci\u00f3n Ciudadana - Ajuntament de Mont-roig del Camp\",\"isPartOf\":{\"@id\":\"https:\\\/\\\/mont-roig.cat\\\/es\\\/#website\"},\"primaryImageOfPage\":{\"@id\":\"https:\\\/\\\/mont-roig.cat\\\/es\\\/actualitat\\\/noticies\\\/francis-ortiz-asume-las-concejalias-de-fiestas-y-participacion-ciudadana\\\/#primaryimage\"},\"image\":{\"@id\":\"https:\\\/\\\/mont-roig.cat\\\/es\\\/actualitat\\\/noticies\\\/francis-ortiz-asume-las-concejalias-de-fiestas-y-participacion-ciudadana\\\/#primaryimage\"},\"thumbnailUrl\":\"https:\\\/\\\/mont-roig.cat\\\/wp-content\\\/uploads\\\/Francis-Ortiz.jpg\",\"datePublished\":\"2021-10-08T13:56:55+00:00\",\"author\":{\"@id\":\"https:\\\/\\\/mont-roig.cat\\\/es\\\/#\\\/schema\\\/person\\\/f2b111789f22b7d0c3bd6786c9128cba\"},\"breadcrumb\":{\"@id\":\"https:\\\/\\\/mont-roig.cat\\\/es\\\/actualitat\\\/noticies\\\/francis-ortiz-asume-las-concejalias-de-fiestas-y-participacion-ciudadana\\\/#breadcrumb\"},\"inLanguage\":\"es\",\"potentialAction\":[{\"@type\":\"ReadAction\",\"target\":[\"https:\\\/\\\/mont-roig.cat\\\/es\\\/actualitat\\\/noticies\\\/francis-ortiz-asume-las-concejalias-de-fiestas-y-participacion-ciudadana\\\/\"]}]},{\"@type\":\"ImageObject\",\"inLanguage\":\"es\",\"@id\":\"https:\\\/\\\/mont-roig.cat\\\/es\\\/actualitat\\\/noticies\\\/francis-ortiz-asume-las-concejalias-de-fiestas-y-participacion-ciudadana\\\/#primaryimage\",\"url\":\"https:\\\/\\\/mont-roig.cat\\\/wp-content\\\/uploads\\\/Francis-Ortiz.jpg\",\"contentUrl\":\"https:\\\/\\\/mont-roig.cat\\\/wp-content\\\/uploads\\\/Francis-Ortiz.jpg\",\"width\":2250,\"height\":2250},{\"@type\":\"BreadcrumbList\",\"@id\":\"https:\\\/\\\/mont-roig.cat\\\/es\\\/actualitat\\\/noticies\\\/francis-ortiz-asume-las-concejalias-de-fiestas-y-participacion-ciudadana\\\/#breadcrumb\",\"itemListElement\":[{\"@type\":\"ListItem\",\"position\":1,\"name\":\"Inici\",\"item\":\"https:\\\/\\\/mont-roig.cat\\\/es\\\/pagina-de-inicio\\\/\"},{\"@type\":\"ListItem\",\"position\":2,\"name\":\"Francis Ortiz asume las concejal\u00edas de Fiestas y Participaci\u00f3n Ciudadana\"}]},{\"@type\":\"WebSite\",\"@id\":\"https:\\\/\\\/mont-roig.cat\\\/es\\\/#website\",\"url\":\"https:\\\/\\\/mont-roig.cat\\\/es\\\/\",\"name\":\"Ajuntament de Mont-roig del Camp\",\"description\":\"Tota la informaci\u00f3 sobre la instituci\u00f3, els seus \u00f2rgans de govern, actualitat, serveis i molt m\u00e9s.\",\"potentialAction\":[{\"@type\":\"SearchAction\",\"target\":{\"@type\":\"EntryPoint\",\"urlTemplate\":\"https:\\\/\\\/mont-roig.cat\\\/es\\\/?s={search_term_string}\"},\"query-input\":{\"@type\":\"PropertyValueSpecification\",\"valueRequired\":true,\"valueName\":\"search_term_string\"}}],\"inLanguage\":\"es\"},{\"@type\":\"Person\",\"@id\":\"https:\\\/\\\/mont-roig.cat\\\/es\\\/#\\\/schema\\\/person\\\/f2b111789f22b7d0c3bd6786c9128cba\",\"name\":\"administrador\",\"image\":{\"@type\":\"ImageObject\",\"inLanguage\":\"es\",\"@id\":\"https:\\\/\\\/secure.gravatar.com\\\/avatar\\\/9137aac6891e2595c9d3036fd83bcb653b4db3c946db4c7d9b9be193c3c944bb?s=96&d=mm&r=g\",\"url\":\"https:\\\/\\\/secure.gravatar.com\\\/avatar\\\/9137aac6891e2595c9d3036fd83bcb653b4db3c946db4c7d9b9be193c3c944bb?s=96&d=mm&r=g\",\"contentUrl\":\"https:\\\/\\\/secure.gravatar.com\\\/avatar\\\/9137aac6891e2595c9d3036fd83bcb653b4db3c946db4c7d9b9be193c3c944bb?s=96&d=mm&r=g\",\"caption\":\"administrador\"},\"url\":\"https:\\\/\\\/mont-roig.cat\\\/es\\\/actualitat\\\/noticies\\\/author\\\/administrador\\\/\"}]}<\/script>\n<!-- \/ Yoast SEO plugin. -->","yoast_head_json":{"title":"Francis Ortiz asume las concejal\u00edas de Fiestas y Participaci\u00f3n Ciudadana - Ajuntament de Mont-roig del Camp","robots":{"index":"index","follow":"follow","max-snippet":"max-snippet:-1","max-image-preview":"max-image-preview:large","max-video-preview":"max-video-preview:-1"},"canonical":"https:\/\/mont-roig.cat\/es\/actualitat\/noticies\/francis-ortiz-asume-las-concejalias-de-fiestas-y-participacion-ciudadana\/","og_locale":"es_ES","og_type":"article","og_title":"Francis Ortiz asume las concejal\u00edas de Fiestas y Participaci\u00f3n Ciudadana - Ajuntament de Mont-roig del Camp","og_description":"Enfrenta los nuevos retos tras la finalizaci\u00f3n del Pla de Barris y el traspaso de Educaci\u00f3n a la concejal Elvira Montagud El cartapacio del Ayuntamiento de Mont-roig del Camp se ha modificado este viernes al mediod\u00eda despu\u00e9s de que el alcalde Fran Morancho haya firmado un nuevo Decreto de delegaciones de la Alcald\u00eda a los [&hellip;]","og_url":"https:\/\/mont-roig.cat\/es\/actualitat\/noticies\/francis-ortiz-asume-las-concejalias-de-fiestas-y-participacion-ciudadana\/","og_site_name":"Ajuntament de Mont-roig del Camp","article_published_time":"2021-10-08T13:56:55+00:00","og_image":[{"width":2250,"height":2250,"url":"https:\/\/mont-roig.cat\/wp-content\/uploads\/Francis-Ortiz.jpg","type":"image\/jpeg"}],"author":"administrador","twitter_card":"summary_large_image","twitter_misc":{"Escrito por":"administrador","Tiempo de lectura":"2 minutos"},"schema":{"@context":"https:\/\/schema.org","@graph":[{"@type":"Article","@id":"https:\/\/mont-roig.cat\/es\/actualitat\/noticies\/francis-ortiz-asume-las-concejalias-de-fiestas-y-participacion-ciudadana\/#article","isPartOf":{"@id":"https:\/\/mont-roig.cat\/es\/actualitat\/noticies\/francis-ortiz-asume-las-concejalias-de-fiestas-y-participacion-ciudadana\/"},"author":{"name":"administrador","@id":"https:\/\/mont-roig.cat\/es\/#\/schema\/person\/f2b111789f22b7d0c3bd6786c9128cba"},"headline":"Francis Ortiz asume las concejal\u00edas de Fiestas y Participaci\u00f3n Ciudadana","datePublished":"2021-10-08T13:56:55+00:00","mainEntityOfPage":{"@id":"https:\/\/mont-roig.cat\/es\/actualitat\/noticies\/francis-ortiz-asume-las-concejalias-de-fiestas-y-participacion-ciudadana\/"},"wordCount":333,"image":{"@id":"https:\/\/mont-roig.cat\/es\/actualitat\/noticies\/francis-ortiz-asume-las-concejalias-de-fiestas-y-participacion-ciudadana\/#primaryimage"},"thumbnailUrl":"https:\/\/mont-roig.cat\/wp-content\/uploads\/Francis-Ortiz.jpg","articleSection":["Alcalde","Ayuntamiento","Festes"],"inLanguage":"es"},{"@type":"WebPage","@id":"https:\/\/mont-roig.cat\/es\/actualitat\/noticies\/francis-ortiz-asume-las-concejalias-de-fiestas-y-participacion-ciudadana\/","url":"https:\/\/mont-roig.cat\/es\/actualitat\/noticies\/francis-ortiz-asume-las-concejalias-de-fiestas-y-participacion-ciudadana\/","name":"Francis Ortiz asume las concejal\u00edas de Fiestas y Participaci\u00f3n Ciudadana - Ajuntament de Mont-roig del Camp","isPartOf":{"@id":"https:\/\/mont-roig.cat\/es\/#website"},"primaryImageOfPage":{"@id":"https:\/\/mont-roig.cat\/es\/actualitat\/noticies\/francis-ortiz-asume-las-concejalias-de-fiestas-y-participacion-ciudadana\/#primaryimage"},"image":{"@id":"https:\/\/mont-roig.cat\/es\/actualitat\/noticies\/francis-ortiz-asume-las-concejalias-de-fiestas-y-participacion-ciudadana\/#primaryimage"},"thumbnailUrl":"https:\/\/mont-roig.cat\/wp-content\/uploads\/Francis-Ortiz.jpg","datePublished":"2021-10-08T13:56:55+00:00","author":{"@id":"https:\/\/mont-roig.cat\/es\/#\/schema\/person\/f2b111789f22b7d0c3bd6786c9128cba"},"breadcrumb":{"@id":"https:\/\/mont-roig.cat\/es\/actualitat\/noticies\/francis-ortiz-asume-las-concejalias-de-fiestas-y-participacion-ciudadana\/#breadcrumb"},"inLanguage":"es","potentialAction":[{"@type":"ReadAction","target":["https:\/\/mont-roig.cat\/es\/actualitat\/noticies\/francis-ortiz-asume-las-concejalias-de-fiestas-y-participacion-ciudadana\/"]}]},{"@type":"ImageObject","inLanguage":"es","@id":"https:\/\/mont-roig.cat\/es\/actualitat\/noticies\/francis-ortiz-asume-las-concejalias-de-fiestas-y-participacion-ciudadana\/#primaryimage","url":"https:\/\/mont-roig.cat\/wp-content\/uploads\/Francis-Ortiz.jpg","contentUrl":"https:\/\/mont-roig.cat\/wp-content\/uploads\/Francis-Ortiz.jpg","width":2250,"height":2250},{"@type":"BreadcrumbList","@id":"https:\/\/mont-roig.cat\/es\/actualitat\/noticies\/francis-ortiz-asume-las-concejalias-de-fiestas-y-participacion-ciudadana\/#breadcrumb","itemListElement":[{"@type":"ListItem","position":1,"name":"Inici","item":"https:\/\/mont-roig.cat\/es\/pagina-de-inicio\/"},{"@type":"ListItem","position":2,"name":"Francis Ortiz asume las concejal\u00edas de Fiestas y Participaci\u00f3n Ciudadana"}]},{"@type":"WebSite","@id":"https:\/\/mont-roig.cat\/es\/#website","url":"https:\/\/mont-roig.cat\/es\/","name":"Ajuntament de Mont-roig del Camp","description":"Tota la informaci\u00f3 sobre la instituci\u00f3, els seus \u00f2rgans de govern, actualitat, serveis i molt m\u00e9s.","potentialAction":[{"@type":"SearchAction","target":{"@type":"EntryPoint","urlTemplate":"https:\/\/mont-roig.cat\/es\/?s={search_term_string}"},"query-input":{"@type":"PropertyValueSpecification","valueRequired":true,"valueName":"search_term_string"}}],"inLanguage":"es"},{"@type":"Person","@id":"https:\/\/mont-roig.cat\/es\/#\/schema\/person\/f2b111789f22b7d0c3bd6786c9128cba","name":"administrador","image":{"@type":"ImageObject","inLanguage":"es","@id":"https:\/\/secure.gravatar.com\/avatar\/9137aac6891e2595c9d3036fd83bcb653b4db3c946db4c7d9b9be193c3c944bb?s=96&d=mm&r=g","url":"https:\/\/secure.gravatar.com\/avatar\/9137aac6891e2595c9d3036fd83bcb653b4db3c946db4c7d9b9be193c3c944bb?s=96&d=mm&r=g","contentUrl":"https:\/\/secure.gravatar.com\/avatar\/9137aac6891e2595c9d3036fd83bcb653b4db3c946db4c7d9b9be193c3c944bb?s=96&d=mm&r=g","caption":"administrador"},"url":"https:\/\/mont-roig.cat\/es\/actualitat\/noticies\/author\/administrador\/"}]}},"_links":{"self":[{"href":"https:\/\/mont-roig.cat\/es\/wp-json\/wp\/v2\/posts\/58178","targetHints":{"allow":["GET"]}}],"collection":[{"href":"https:\/\/mont-roig.cat\/es\/wp-json\/wp\/v2\/posts"}],"about":[{"href":"https:\/\/mont-roig.cat\/es\/wp-json\/wp\/v2\/types\/post"}],"author":[{"embeddable":true,"href":"https:\/\/mont-roig.cat\/es\/wp-json\/wp\/v2\/users\/4"}],"replies":[{"embeddable":true,"href":"https:\/\/mont-roig.cat\/es\/wp-json\/wp\/v2\/comments?post=58178"}],"version-history":[{"count":2,"href":"https:\/\/mont-roig.cat\/es\/wp-json\/wp\/v2\/posts\/58178\/revisions"}],"predecessor-version":[{"id":58180,"href":"https:\/\/mont-roig.cat\/es\/wp-json\/wp\/v2\/posts\/58178\/revisions\/58180"}],"wp:featuredmedia":[{"embeddable":true,"href":"https:\/\/mont-roig.cat\/es\/wp-json\/wp\/v2\/media\/38388"}],"wp:attachment":[{"href":"https:\/\/mont-roig.cat\/es\/wp-json\/wp\/v2\/media?parent=58178"}],"wp:term":[{"taxonomy":"category","embeddable":true,"href":"https:\/\/mont-roig.cat\/es\/wp-json\/wp\/v2\/categories?post=58178"},{"taxonomy":"post_tag","embeddable":true,"href":"https:\/\/mont-roig.cat\/es\/wp-json\/wp\/v2\/tags?post=58178"}],"curies":[{"name":"wp","href":"https:\/\/api.w.org\/{rel}","templated":true}]}}