{"id":58196,"date":"2021-10-11T14:56:12","date_gmt":"2021-10-11T12:56:12","guid":{"rendered":"https:\/\/mont-roig.cat\/actualitat\/noticies\/nova-edicio-del-curs-oral-de-catala-ep-escolta-i-parla-a-mont-roig-del-camp\/"},"modified":"2021-10-11T14:59:59","modified_gmt":"2021-10-11T12:59:59","slug":"nova-edicio-del-curs-oral-de-catala-ep-escolta-i-parla-a-mont-roig-del-camp","status":"publish","type":"post","link":"https:\/\/mont-roig.cat\/es\/actualitat\/noticies\/nova-edicio-del-curs-oral-de-catala-ep-escolta-i-parla-a-mont-roig-del-camp\/","title":{"rendered":"78 \/ 5000 Resultats de traducci\u00f3 Nueva edici\u00f3n del curso oral de catal\u00e1n &#8216;Ep! Escolta i parla&#8217; en Mont-roig del Camp"},"content":{"rendered":"<div dir=\"auto\">\n<ul>\n<li><a href=\"https:\/\/mont-roig.cat\/wp-content\/uploads\/Ep-Mont-roig_2-scaled.jpg\"><img loading=\"lazy\" decoding=\"async\" class=\"alignright wp-image-58190\" src=\"https:\/\/mont-roig.cat\/wp-content\/uploads\/Ep-Mont-roig_2-500x242.jpg\" alt=\"\" width=\"306\" height=\"148\" srcset=\"https:\/\/mont-roig.cat\/wp-content\/uploads\/Ep-Mont-roig_2-500x242.jpg 500w, https:\/\/mont-roig.cat\/wp-content\/uploads\/Ep-Mont-roig_2-1024x496.jpg 1024w, https:\/\/mont-roig.cat\/wp-content\/uploads\/Ep-Mont-roig_2-768x372.jpg 768w, https:\/\/mont-roig.cat\/wp-content\/uploads\/Ep-Mont-roig_2-1536x744.jpg 1536w, https:\/\/mont-roig.cat\/wp-content\/uploads\/Ep-Mont-roig_2-scaled.jpg 2048w\" sizes=\"auto, (max-width: 306px) 100vw, 306px\" \/><\/a><strong>El curso, que cuenta con el apoyo de Servicios Sociales del Ayuntamiento de Mont-roig del Camp, se har\u00e1 entre octubre y noviembre y el inter\u00e9s por inscribirse ha sido muy alto.<\/strong><\/li>\n<\/ul>\n<p>Este mes de octubre ha comenzado un curso presencial de catal\u00e1n oral en Mont-roig del Camp organizado por el Servicio de Primera Acogida del Consell Comarcal del Baix Camp y por el Servicio Comarcal de Catal\u00e1n del Baix Camp, un curso subvencionado por la Secretar\u00eda para la igualdad, Migraciones y Ciudadan\u00eda (SIMC) que se hace en la Casa de Cultura.<br \/>\nLa mayor\u00eda de los alumnos inscritos son de Marruecos y tambi\u00e9n hay una alumna procedente de Senegal. Todos aquellos alumnos que tengan la asistencia m\u00ednima que se pide, recibir\u00e1n un certificado de asistencia al \u00faltimo d\u00eda de curso. Como en otras ocasiones, se trata de un curso oral, el<em> Ep! Escolta i parla<\/em>, que trabaja una metodolog\u00eda b\u00e1sicamente oral y muy comunicativa. En la comarca del Baix Camp, aparte de los que se ofrecen desde el Centro de Normalizaci\u00f3n Ling\u00fc\u00edstica de Reus, ya se han hecho en otros municipios como Riudoms o Vinyols.<\/p>\n<\/div>\n","protected":false},"excerpt":{"rendered":"<p>El curso, que cuenta con el apoyo de Servicios Sociales del Ayuntamiento de Mont-roig del Camp, se har\u00e1 entre octubre y noviembre y el inter\u00e9s por inscribirse ha sido muy alto. Este mes de octubre ha comenzado un curso presencial de catal\u00e1n oral en Mont-roig del Camp organizado por el Servicio de Primera Acogida del [&hellip;]<\/p>\n","protected":false},"author":13,"featured_media":58190,"comment_status":"closed","ping_status":"closed","sticky":false,"template":"","format":"standard","meta":{"inline_featured_image":false,"_monsterinsights_skip_tracking":false,"_monsterinsights_sitenote_active":false,"_monsterinsights_sitenote_note":"","_monsterinsights_sitenote_category":0,"footnotes":""},"categories":[98,114],"tags":[],"class_list":["post-58196","post","type-post","status-publish","format-standard","has-post-thumbnail","hentry","category-ayuntamiento","category-servicios-sociales"],"yoast_head":"<!-- This site is optimized with the Yoast SEO plugin v27.4 - https:\/\/yoast.com\/product\/yoast-seo-wordpress\/ -->\n<title>78 \/ 5000 Resultats de traducci\u00f3 Nueva edici\u00f3n del curso oral de catal\u00e1n &#039;Ep! Escolta i parla&#039; en Mont-roig del Camp - Ajuntament de Mont-roig del Camp<\/title>\n<meta name=\"robots\" content=\"index, follow, max-snippet:-1, max-image-preview:large, max-video-preview:-1\" \/>\n<link rel=\"canonical\" href=\"https:\/\/mont-roig.cat\/es\/actualitat\/noticies\/nova-edicio-del-curs-oral-de-catala-ep-escolta-i-parla-a-mont-roig-del-camp\/\" \/>\n<meta property=\"og:locale\" content=\"es_ES\" \/>\n<meta property=\"og:type\" content=\"article\" \/>\n<meta property=\"og:title\" content=\"78 \/ 5000 Resultats de traducci\u00f3 Nueva edici\u00f3n del curso oral de catal\u00e1n &#039;Ep! Escolta i parla&#039; en Mont-roig del Camp - Ajuntament de Mont-roig del Camp\" \/>\n<meta property=\"og:description\" content=\"El curso, que cuenta con el apoyo de Servicios Sociales del Ayuntamiento de Mont-roig del Camp, se har\u00e1 entre octubre y noviembre y el inter\u00e9s por inscribirse ha sido muy alto. Este mes de octubre ha comenzado un curso presencial de catal\u00e1n oral en Mont-roig del Camp organizado por el Servicio de Primera Acogida del [&hellip;]\" \/>\n<meta property=\"og:url\" content=\"https:\/\/mont-roig.cat\/es\/actualitat\/noticies\/nova-edicio-del-curs-oral-de-catala-ep-escolta-i-parla-a-mont-roig-del-camp\/\" \/>\n<meta property=\"og:site_name\" content=\"Ajuntament de Mont-roig del Camp\" \/>\n<meta property=\"article:published_time\" content=\"2021-10-11T12:56:12+00:00\" \/>\n<meta property=\"article:modified_time\" content=\"2021-10-11T12:59:59+00:00\" \/>\n<meta property=\"og:image\" content=\"https:\/\/mont-roig.cat\/wp-content\/uploads\/Ep-Mont-roig_2-scaled.jpg\" \/>\n\t<meta property=\"og:image:width\" content=\"2048\" \/>\n\t<meta property=\"og:image:height\" content=\"991\" \/>\n\t<meta property=\"og:image:type\" content=\"image\/jpeg\" \/>\n<meta name=\"author\" content=\"comunicacio\" \/>\n<meta name=\"twitter:card\" content=\"summary_large_image\" \/>\n<meta name=\"twitter:label1\" content=\"Escrito por\" \/>\n\t<meta name=\"twitter:data1\" content=\"comunicacio\" \/>\n\t<meta name=\"twitter:label2\" content=\"Tiempo de lectura\" \/>\n\t<meta name=\"twitter:data2\" content=\"2 minutos\" \/>\n<script type=\"application\/ld+json\" class=\"yoast-schema-graph\">{\"@context\":\"https:\\\/\\\/schema.org\",\"@graph\":[{\"@type\":\"Article\",\"@id\":\"https:\\\/\\\/mont-roig.cat\\\/es\\\/actualitat\\\/noticies\\\/nova-edicio-del-curs-oral-de-catala-ep-escolta-i-parla-a-mont-roig-del-camp\\\/#article\",\"isPartOf\":{\"@id\":\"https:\\\/\\\/mont-roig.cat\\\/es\\\/actualitat\\\/noticies\\\/nova-edicio-del-curs-oral-de-catala-ep-escolta-i-parla-a-mont-roig-del-camp\\\/\"},\"author\":{\"name\":\"comunicacio\",\"@id\":\"https:\\\/\\\/mont-roig.cat\\\/es\\\/#\\\/schema\\\/person\\\/1f73e7b5e6f9dd122e8a6f14f310ac5e\"},\"headline\":\"78 \\\/ 5000 Resultats de traducci\u00f3 Nueva edici\u00f3n del curso oral de catal\u00e1n &#8216;Ep! Escolta i parla&#8217; en Mont-roig del Camp\",\"datePublished\":\"2021-10-11T12:56:12+00:00\",\"dateModified\":\"2021-10-11T12:59:59+00:00\",\"mainEntityOfPage\":{\"@id\":\"https:\\\/\\\/mont-roig.cat\\\/es\\\/actualitat\\\/noticies\\\/nova-edicio-del-curs-oral-de-catala-ep-escolta-i-parla-a-mont-roig-del-camp\\\/\"},\"wordCount\":218,\"image\":{\"@id\":\"https:\\\/\\\/mont-roig.cat\\\/es\\\/actualitat\\\/noticies\\\/nova-edicio-del-curs-oral-de-catala-ep-escolta-i-parla-a-mont-roig-del-camp\\\/#primaryimage\"},\"thumbnailUrl\":\"https:\\\/\\\/mont-roig.cat\\\/wp-content\\\/uploads\\\/Ep-Mont-roig_2-scaled.jpg\",\"articleSection\":[\"Ayuntamiento\",\"Servicios sociales\"],\"inLanguage\":\"es\"},{\"@type\":\"WebPage\",\"@id\":\"https:\\\/\\\/mont-roig.cat\\\/es\\\/actualitat\\\/noticies\\\/nova-edicio-del-curs-oral-de-catala-ep-escolta-i-parla-a-mont-roig-del-camp\\\/\",\"url\":\"https:\\\/\\\/mont-roig.cat\\\/es\\\/actualitat\\\/noticies\\\/nova-edicio-del-curs-oral-de-catala-ep-escolta-i-parla-a-mont-roig-del-camp\\\/\",\"name\":\"78 \\\/ 5000 Resultats de traducci\u00f3 Nueva edici\u00f3n del curso oral de catal\u00e1n 'Ep! Escolta i parla' en Mont-roig del Camp - Ajuntament de Mont-roig del Camp\",\"isPartOf\":{\"@id\":\"https:\\\/\\\/mont-roig.cat\\\/es\\\/#website\"},\"primaryImageOfPage\":{\"@id\":\"https:\\\/\\\/mont-roig.cat\\\/es\\\/actualitat\\\/noticies\\\/nova-edicio-del-curs-oral-de-catala-ep-escolta-i-parla-a-mont-roig-del-camp\\\/#primaryimage\"},\"image\":{\"@id\":\"https:\\\/\\\/mont-roig.cat\\\/es\\\/actualitat\\\/noticies\\\/nova-edicio-del-curs-oral-de-catala-ep-escolta-i-parla-a-mont-roig-del-camp\\\/#primaryimage\"},\"thumbnailUrl\":\"https:\\\/\\\/mont-roig.cat\\\/wp-content\\\/uploads\\\/Ep-Mont-roig_2-scaled.jpg\",\"datePublished\":\"2021-10-11T12:56:12+00:00\",\"dateModified\":\"2021-10-11T12:59:59+00:00\",\"author\":{\"@id\":\"https:\\\/\\\/mont-roig.cat\\\/es\\\/#\\\/schema\\\/person\\\/1f73e7b5e6f9dd122e8a6f14f310ac5e\"},\"breadcrumb\":{\"@id\":\"https:\\\/\\\/mont-roig.cat\\\/es\\\/actualitat\\\/noticies\\\/nova-edicio-del-curs-oral-de-catala-ep-escolta-i-parla-a-mont-roig-del-camp\\\/#breadcrumb\"},\"inLanguage\":\"es\",\"potentialAction\":[{\"@type\":\"ReadAction\",\"target\":[\"https:\\\/\\\/mont-roig.cat\\\/es\\\/actualitat\\\/noticies\\\/nova-edicio-del-curs-oral-de-catala-ep-escolta-i-parla-a-mont-roig-del-camp\\\/\"]}]},{\"@type\":\"ImageObject\",\"inLanguage\":\"es\",\"@id\":\"https:\\\/\\\/mont-roig.cat\\\/es\\\/actualitat\\\/noticies\\\/nova-edicio-del-curs-oral-de-catala-ep-escolta-i-parla-a-mont-roig-del-camp\\\/#primaryimage\",\"url\":\"https:\\\/\\\/mont-roig.cat\\\/wp-content\\\/uploads\\\/Ep-Mont-roig_2-scaled.jpg\",\"contentUrl\":\"https:\\\/\\\/mont-roig.cat\\\/wp-content\\\/uploads\\\/Ep-Mont-roig_2-scaled.jpg\",\"width\":2048,\"height\":991,\"caption\":\"sdr\"},{\"@type\":\"BreadcrumbList\",\"@id\":\"https:\\\/\\\/mont-roig.cat\\\/es\\\/actualitat\\\/noticies\\\/nova-edicio-del-curs-oral-de-catala-ep-escolta-i-parla-a-mont-roig-del-camp\\\/#breadcrumb\",\"itemListElement\":[{\"@type\":\"ListItem\",\"position\":1,\"name\":\"Inici\",\"item\":\"https:\\\/\\\/mont-roig.cat\\\/es\\\/pagina-de-inicio\\\/\"},{\"@type\":\"ListItem\",\"position\":2,\"name\":\"78 \\\/ 5000 Resultats de traducci\u00f3 Nueva edici\u00f3n del curso oral de catal\u00e1n &#8216;Ep! Escolta i parla&#8217; en Mont-roig del Camp\"}]},{\"@type\":\"WebSite\",\"@id\":\"https:\\\/\\\/mont-roig.cat\\\/es\\\/#website\",\"url\":\"https:\\\/\\\/mont-roig.cat\\\/es\\\/\",\"name\":\"Ajuntament de Mont-roig del Camp\",\"description\":\"Tota la informaci\u00f3 sobre la instituci\u00f3, els seus \u00f2rgans de govern, actualitat, serveis i molt m\u00e9s.\",\"potentialAction\":[{\"@type\":\"SearchAction\",\"target\":{\"@type\":\"EntryPoint\",\"urlTemplate\":\"https:\\\/\\\/mont-roig.cat\\\/es\\\/?s={search_term_string}\"},\"query-input\":{\"@type\":\"PropertyValueSpecification\",\"valueRequired\":true,\"valueName\":\"search_term_string\"}}],\"inLanguage\":\"es\"},{\"@type\":\"Person\",\"@id\":\"https:\\\/\\\/mont-roig.cat\\\/es\\\/#\\\/schema\\\/person\\\/1f73e7b5e6f9dd122e8a6f14f310ac5e\",\"name\":\"comunicacio\",\"image\":{\"@type\":\"ImageObject\",\"inLanguage\":\"es\",\"@id\":\"https:\\\/\\\/secure.gravatar.com\\\/avatar\\\/98944333e7a877670a64f8d10f0cb680ab2c9ebc4efc43945ef004b52b5ad28c?s=96&d=mm&r=g\",\"url\":\"https:\\\/\\\/secure.gravatar.com\\\/avatar\\\/98944333e7a877670a64f8d10f0cb680ab2c9ebc4efc43945ef004b52b5ad28c?s=96&d=mm&r=g\",\"contentUrl\":\"https:\\\/\\\/secure.gravatar.com\\\/avatar\\\/98944333e7a877670a64f8d10f0cb680ab2c9ebc4efc43945ef004b52b5ad28c?s=96&d=mm&r=g\",\"caption\":\"comunicacio\"},\"url\":\"https:\\\/\\\/mont-roig.cat\\\/es\\\/actualitat\\\/noticies\\\/author\\\/comunicacio\\\/\"}]}<\/script>\n<!-- \/ Yoast SEO plugin. -->","yoast_head_json":{"title":"78 \/ 5000 Resultats de traducci\u00f3 Nueva edici\u00f3n del curso oral de catal\u00e1n 'Ep! Escolta i parla' en Mont-roig del Camp - Ajuntament de Mont-roig del Camp","robots":{"index":"index","follow":"follow","max-snippet":"max-snippet:-1","max-image-preview":"max-image-preview:large","max-video-preview":"max-video-preview:-1"},"canonical":"https:\/\/mont-roig.cat\/es\/actualitat\/noticies\/nova-edicio-del-curs-oral-de-catala-ep-escolta-i-parla-a-mont-roig-del-camp\/","og_locale":"es_ES","og_type":"article","og_title":"78 \/ 5000 Resultats de traducci\u00f3 Nueva edici\u00f3n del curso oral de catal\u00e1n 'Ep! Escolta i parla' en Mont-roig del Camp - Ajuntament de Mont-roig del Camp","og_description":"El curso, que cuenta con el apoyo de Servicios Sociales del Ayuntamiento de Mont-roig del Camp, se har\u00e1 entre octubre y noviembre y el inter\u00e9s por inscribirse ha sido muy alto. Este mes de octubre ha comenzado un curso presencial de catal\u00e1n oral en Mont-roig del Camp organizado por el Servicio de Primera Acogida del [&hellip;]","og_url":"https:\/\/mont-roig.cat\/es\/actualitat\/noticies\/nova-edicio-del-curs-oral-de-catala-ep-escolta-i-parla-a-mont-roig-del-camp\/","og_site_name":"Ajuntament de Mont-roig del Camp","article_published_time":"2021-10-11T12:56:12+00:00","article_modified_time":"2021-10-11T12:59:59+00:00","og_image":[{"width":2048,"height":991,"url":"https:\/\/mont-roig.cat\/wp-content\/uploads\/Ep-Mont-roig_2-scaled.jpg","type":"image\/jpeg"}],"author":"comunicacio","twitter_card":"summary_large_image","twitter_misc":{"Escrito por":"comunicacio","Tiempo de lectura":"2 minutos"},"schema":{"@context":"https:\/\/schema.org","@graph":[{"@type":"Article","@id":"https:\/\/mont-roig.cat\/es\/actualitat\/noticies\/nova-edicio-del-curs-oral-de-catala-ep-escolta-i-parla-a-mont-roig-del-camp\/#article","isPartOf":{"@id":"https:\/\/mont-roig.cat\/es\/actualitat\/noticies\/nova-edicio-del-curs-oral-de-catala-ep-escolta-i-parla-a-mont-roig-del-camp\/"},"author":{"name":"comunicacio","@id":"https:\/\/mont-roig.cat\/es\/#\/schema\/person\/1f73e7b5e6f9dd122e8a6f14f310ac5e"},"headline":"78 \/ 5000 Resultats de traducci\u00f3 Nueva edici\u00f3n del curso oral de catal\u00e1n &#8216;Ep! Escolta i parla&#8217; en Mont-roig del Camp","datePublished":"2021-10-11T12:56:12+00:00","dateModified":"2021-10-11T12:59:59+00:00","mainEntityOfPage":{"@id":"https:\/\/mont-roig.cat\/es\/actualitat\/noticies\/nova-edicio-del-curs-oral-de-catala-ep-escolta-i-parla-a-mont-roig-del-camp\/"},"wordCount":218,"image":{"@id":"https:\/\/mont-roig.cat\/es\/actualitat\/noticies\/nova-edicio-del-curs-oral-de-catala-ep-escolta-i-parla-a-mont-roig-del-camp\/#primaryimage"},"thumbnailUrl":"https:\/\/mont-roig.cat\/wp-content\/uploads\/Ep-Mont-roig_2-scaled.jpg","articleSection":["Ayuntamiento","Servicios sociales"],"inLanguage":"es"},{"@type":"WebPage","@id":"https:\/\/mont-roig.cat\/es\/actualitat\/noticies\/nova-edicio-del-curs-oral-de-catala-ep-escolta-i-parla-a-mont-roig-del-camp\/","url":"https:\/\/mont-roig.cat\/es\/actualitat\/noticies\/nova-edicio-del-curs-oral-de-catala-ep-escolta-i-parla-a-mont-roig-del-camp\/","name":"78 \/ 5000 Resultats de traducci\u00f3 Nueva edici\u00f3n del curso oral de catal\u00e1n 'Ep! Escolta i parla' en Mont-roig del Camp - Ajuntament de Mont-roig del Camp","isPartOf":{"@id":"https:\/\/mont-roig.cat\/es\/#website"},"primaryImageOfPage":{"@id":"https:\/\/mont-roig.cat\/es\/actualitat\/noticies\/nova-edicio-del-curs-oral-de-catala-ep-escolta-i-parla-a-mont-roig-del-camp\/#primaryimage"},"image":{"@id":"https:\/\/mont-roig.cat\/es\/actualitat\/noticies\/nova-edicio-del-curs-oral-de-catala-ep-escolta-i-parla-a-mont-roig-del-camp\/#primaryimage"},"thumbnailUrl":"https:\/\/mont-roig.cat\/wp-content\/uploads\/Ep-Mont-roig_2-scaled.jpg","datePublished":"2021-10-11T12:56:12+00:00","dateModified":"2021-10-11T12:59:59+00:00","author":{"@id":"https:\/\/mont-roig.cat\/es\/#\/schema\/person\/1f73e7b5e6f9dd122e8a6f14f310ac5e"},"breadcrumb":{"@id":"https:\/\/mont-roig.cat\/es\/actualitat\/noticies\/nova-edicio-del-curs-oral-de-catala-ep-escolta-i-parla-a-mont-roig-del-camp\/#breadcrumb"},"inLanguage":"es","potentialAction":[{"@type":"ReadAction","target":["https:\/\/mont-roig.cat\/es\/actualitat\/noticies\/nova-edicio-del-curs-oral-de-catala-ep-escolta-i-parla-a-mont-roig-del-camp\/"]}]},{"@type":"ImageObject","inLanguage":"es","@id":"https:\/\/mont-roig.cat\/es\/actualitat\/noticies\/nova-edicio-del-curs-oral-de-catala-ep-escolta-i-parla-a-mont-roig-del-camp\/#primaryimage","url":"https:\/\/mont-roig.cat\/wp-content\/uploads\/Ep-Mont-roig_2-scaled.jpg","contentUrl":"https:\/\/mont-roig.cat\/wp-content\/uploads\/Ep-Mont-roig_2-scaled.jpg","width":2048,"height":991,"caption":"sdr"},{"@type":"BreadcrumbList","@id":"https:\/\/mont-roig.cat\/es\/actualitat\/noticies\/nova-edicio-del-curs-oral-de-catala-ep-escolta-i-parla-a-mont-roig-del-camp\/#breadcrumb","itemListElement":[{"@type":"ListItem","position":1,"name":"Inici","item":"https:\/\/mont-roig.cat\/es\/pagina-de-inicio\/"},{"@type":"ListItem","position":2,"name":"78 \/ 5000 Resultats de traducci\u00f3 Nueva edici\u00f3n del curso oral de catal\u00e1n &#8216;Ep! Escolta i parla&#8217; en Mont-roig del Camp"}]},{"@type":"WebSite","@id":"https:\/\/mont-roig.cat\/es\/#website","url":"https:\/\/mont-roig.cat\/es\/","name":"Ajuntament de Mont-roig del Camp","description":"Tota la informaci\u00f3 sobre la instituci\u00f3, els seus \u00f2rgans de govern, actualitat, serveis i molt m\u00e9s.","potentialAction":[{"@type":"SearchAction","target":{"@type":"EntryPoint","urlTemplate":"https:\/\/mont-roig.cat\/es\/?s={search_term_string}"},"query-input":{"@type":"PropertyValueSpecification","valueRequired":true,"valueName":"search_term_string"}}],"inLanguage":"es"},{"@type":"Person","@id":"https:\/\/mont-roig.cat\/es\/#\/schema\/person\/1f73e7b5e6f9dd122e8a6f14f310ac5e","name":"comunicacio","image":{"@type":"ImageObject","inLanguage":"es","@id":"https:\/\/secure.gravatar.com\/avatar\/98944333e7a877670a64f8d10f0cb680ab2c9ebc4efc43945ef004b52b5ad28c?s=96&d=mm&r=g","url":"https:\/\/secure.gravatar.com\/avatar\/98944333e7a877670a64f8d10f0cb680ab2c9ebc4efc43945ef004b52b5ad28c?s=96&d=mm&r=g","contentUrl":"https:\/\/secure.gravatar.com\/avatar\/98944333e7a877670a64f8d10f0cb680ab2c9ebc4efc43945ef004b52b5ad28c?s=96&d=mm&r=g","caption":"comunicacio"},"url":"https:\/\/mont-roig.cat\/es\/actualitat\/noticies\/author\/comunicacio\/"}]}},"_links":{"self":[{"href":"https:\/\/mont-roig.cat\/es\/wp-json\/wp\/v2\/posts\/58196","targetHints":{"allow":["GET"]}}],"collection":[{"href":"https:\/\/mont-roig.cat\/es\/wp-json\/wp\/v2\/posts"}],"about":[{"href":"https:\/\/mont-roig.cat\/es\/wp-json\/wp\/v2\/types\/post"}],"author":[{"embeddable":true,"href":"https:\/\/mont-roig.cat\/es\/wp-json\/wp\/v2\/users\/13"}],"replies":[{"embeddable":true,"href":"https:\/\/mont-roig.cat\/es\/wp-json\/wp\/v2\/comments?post=58196"}],"version-history":[{"count":2,"href":"https:\/\/mont-roig.cat\/es\/wp-json\/wp\/v2\/posts\/58196\/revisions"}],"predecessor-version":[{"id":58198,"href":"https:\/\/mont-roig.cat\/es\/wp-json\/wp\/v2\/posts\/58196\/revisions\/58198"}],"wp:featuredmedia":[{"embeddable":true,"href":"https:\/\/mont-roig.cat\/es\/wp-json\/wp\/v2\/media\/58190"}],"wp:attachment":[{"href":"https:\/\/mont-roig.cat\/es\/wp-json\/wp\/v2\/media?parent=58196"}],"wp:term":[{"taxonomy":"category","embeddable":true,"href":"https:\/\/mont-roig.cat\/es\/wp-json\/wp\/v2\/categories?post=58196"},{"taxonomy":"post_tag","embeddable":true,"href":"https:\/\/mont-roig.cat\/es\/wp-json\/wp\/v2\/tags?post=58196"}],"curies":[{"name":"wp","href":"https:\/\/api.w.org\/{rel}","templated":true}]}}