{"id":58324,"date":"2021-10-14T15:16:20","date_gmt":"2021-10-14T13:16:20","guid":{"rendered":"https:\/\/mont-roig.cat\/?p=58324"},"modified":"2021-10-14T15:16:20","modified_gmt":"2021-10-14T13:16:20","slug":"el-pleno-del-ayuntamiento-aprueba-el-cambio-de-modalidad-de-gestion-urbanistica-de-la-ribera-paradis-nord-y-parc-mont-roig","status":"publish","type":"post","link":"https:\/\/mont-roig.cat\/es\/actualitat\/noticies\/el-pleno-del-ayuntamiento-aprueba-el-cambio-de-modalidad-de-gestion-urbanistica-de-la-ribera-paradis-nord-y-parc-mont-roig\/","title":{"rendered":"El Pleno del Ayuntamiento aprueba el cambio de modalidad de gesti\u00f3n urban\u00edstica de &#8220;La Ribera&#8221;, &#8220;Parad\u00eds Nord&#8221; y &#8220;Parc Mont-roig&#8221;"},"content":{"rendered":"<ul>\n<li><strong>El objetivo es impulsar la urbanizaci\u00f3n pendiente de estos \u00e1mbitos y permitir que el Ayuntamiento pueda recepcionarlas definitivamente<\/strong><\/li>\n<li><strong>El plenario ha aprobado tambi\u00e9n dos mociones, una para solicitar el retorno del IVA reducido de los sectores de la peluquer\u00eda, est\u00e9tica y barber\u00eda y otra contra el incremento de los precios de la electricidad<\/strong><\/li>\n<\/ul>\n<div id=\"attachment_58320\" style=\"width: 310px\" class=\"wp-caption alignright\"><a href=\"https:\/\/mont-roig.cat\/wp-content\/uploads\/Ple-ordinari-Ajuntament-Mont-roig-del-Camp.jpg\"><img loading=\"lazy\" decoding=\"async\" aria-describedby=\"caption-attachment-58320\" class=\"wp-image-58320\" src=\"https:\/\/mont-roig.cat\/wp-content\/uploads\/Ple-ordinari-Ajuntament-Mont-roig-del-Camp-500x375.jpg\" alt=\"\" width=\"300\" height=\"225\" srcset=\"https:\/\/mont-roig.cat\/wp-content\/uploads\/Ple-ordinari-Ajuntament-Mont-roig-del-Camp-500x375.jpg 500w, https:\/\/mont-roig.cat\/wp-content\/uploads\/Ple-ordinari-Ajuntament-Mont-roig-del-Camp-1024x768.jpg 1024w, https:\/\/mont-roig.cat\/wp-content\/uploads\/Ple-ordinari-Ajuntament-Mont-roig-del-Camp-768x576.jpg 768w, https:\/\/mont-roig.cat\/wp-content\/uploads\/Ple-ordinari-Ajuntament-Mont-roig-del-Camp-1536x1152.jpg 1536w, https:\/\/mont-roig.cat\/wp-content\/uploads\/Ple-ordinari-Ajuntament-Mont-roig-del-Camp-463x348.jpg 463w, https:\/\/mont-roig.cat\/wp-content\/uploads\/Ple-ordinari-Ajuntament-Mont-roig-del-Camp.jpg 2016w\" sizes=\"auto, (max-width: 300px) 100vw, 300px\" \/><\/a><p id=\"caption-attachment-58320\" class=\"wp-caption-text\">Sessi\u00f3 plen\u00e0ria ordin\u00e0ria celebrada el 13 d&#8217;octubre de 2021<\/p><\/div>\n<p>El Pleno del Ayuntamiento de Mont-roig del Camp, celebrado este mi\u00e9rcoles 13 de octubre, ha aprobado modificar el sistema de actuaci\u00f3n urban\u00edstica de los Pol\u00edgonos de Actuaci\u00f3n Urban\u00edstica PAU 6 &#8220;La Ribera&#8221;, PAU 18 &#8220;Parad\u00eds Nord&#8221; y PAU 19 &#8220;Parc de Mont-roig&#8221; que pasar\u00e1n de la modalidad de compensaci\u00f3n b\u00e1sica (sistema de actuaci\u00f3n urban\u00edstica establecido por el POUM) a la modalidad de cooperaci\u00f3n. El objetivo es acabar la urbanizaci\u00f3n que est\u00e1 pendiente en estos \u00e1mbitos desde su creaci\u00f3n, condici\u00f3n indispensable para que el Ayuntamiento pueda recepcionarlas definitivamente.<\/p>\n<p>Recordemos que las urbanizaciones del municipio delimitadas como PAU no cuentan con los proyectos de urbanizaci\u00f3n y cesiones de zonas verdes o equipamientos finalizados y que la redacci\u00f3n de los instrumentos de gesti\u00f3n urban\u00edstica y la ejecuci\u00f3n de las obras necesarias son un deber de los propietarios de los inmuebles incluidos en su \u00e1mbito.<\/p>\n<p>En estos 3 casos han transcurrido m\u00e1s de 15 a\u00f1os desde la aprobaci\u00f3n del POUM, sin que por parte de los propietarios se haya iniciado ning\u00fan tr\u00e1mite (ya sea por falta de acuerdo, voluntad o capacidad). De hecho, estos tres PAU se caracterizan por una elevada complejidad, con una estructura de la propiedad que dificulta mucho que los propietarios puedan llevarlo adelante.<\/p>\n<p>En este contexto, desde el Ayuntamiento se cree necesario modificar el sistema de actuaci\u00f3n urban\u00edstica para agilizar la gesti\u00f3n de estos pol\u00edgonos y materializar los objetivos del POUM. Con la modalidad de cooperaci\u00f3n corresponde a la administraci\u00f3n la formulaci\u00f3n del proyecto de reparcelaci\u00f3n y de urbanizaci\u00f3n, as\u00ed como la ejecuci\u00f3n de las obras de urbanizaci\u00f3n. El Ayuntamiento adelanta su coste, que posteriormente repercute a todos los propietarios de inmuebles incluidos en su \u00e1mbito. Es decir, el Ayuntamiento se ocupar\u00e1 de impulsar la gesti\u00f3n del PAU para completar las obras de urbanizaci\u00f3n pendientes (asfaltado, alcantarillado, alumbrado&#8230;) y las cesiones, que deber\u00e1n pagar los propietarios de suelos e inmuebles. Una vez finalizada la gesti\u00f3n se podr\u00e1n dar licencias de obra en estos \u00e1mbitos.<\/p>\n<p>Recordemos tambi\u00e9n que en todos los \u00e1mbitos pendientes de gesti\u00f3n urban\u00edstica: Planes parciales, planes de mejora urbana y Pol\u00edgonos de actuaci\u00f3n urban\u00edstica del Ayuntamiento no puede hacer inversiones porque las cargas econ\u00f3micas de estos \u00e1mbitos no pueden recaer en la totalidad de vecinos del municipio.<\/p>\n<p><strong>Nueva ubicaci\u00f3n del Ecoespai y aprobaci\u00f3n de dos mociones<\/strong><\/p>\n<p>El plenario tambi\u00e9n ha aprobado una modificaci\u00f3n puntual del POUM para la implantaci\u00f3n del Ecoespai en la Plaza de Girona. Con la construcci\u00f3n de este equipamiento en esta plaza se quiere dar vida y dinamizar esta zona de Miami Platja.<\/p>\n<p>Finalmente el plenario tambi\u00e9n ha aprobado dos mociones presentadas por el grupo municipal de ERC-MES. Se trata de una <a href=\"https:\/\/mont-roig.cat\/wp-content\/uploads\/10_Mocio_ERC_MES_-Retorn-IVA-reduit-perruqueries_barberies-estetica.pdf\" target=\"_blank\" rel=\"noopener\">moci\u00f3n per a solicitar el retorno del IVA reducido del 10% en los los establecimientos de est\u00e9tica, barber\u00eda y peluquer\u00eda<\/a>\u00a0 y otra <a href=\"https:\/\/mont-roig.cat\/wp-content\/uploads\/11-Mocio-_ERC_MES_contra-increment-preu-electricitat.pdf\" target=\"_blank\" rel=\"noopener\">moci\u00f3n contra el incremento de los precios de la electricidad.<\/a><\/p>\n<p>El pleno \u00edntegro <a href=\"https:\/\/youtu.be\/zlshl6f0f3Y\" target=\"_blank\" rel=\"noopener\">se puede visualizar en el siguiente enlace.<\/a><\/p>\n","protected":false},"excerpt":{"rendered":"<p>El objetivo es impulsar la urbanizaci\u00f3n pendiente de estos \u00e1mbitos y permitir que el Ayuntamiento pueda recepcionarlas definitivamente El plenario ha aprobado tambi\u00e9n dos mociones, una para solicitar el retorno del IVA reducido de los sectores de la peluquer\u00eda, est\u00e9tica y barber\u00eda y otra contra el incremento de los precios de la electricidad El Pleno [&hellip;]<\/p>\n","protected":false},"author":4,"featured_media":58321,"comment_status":"closed","ping_status":"closed","sticky":false,"template":"","format":"standard","meta":{"inline_featured_image":false,"_monsterinsights_skip_tracking":false,"_monsterinsights_sitenote_active":false,"_monsterinsights_sitenote_note":"","_monsterinsights_sitenote_category":0,"footnotes":""},"categories":[98,116],"tags":[],"class_list":["post-58324","post","type-post","status-publish","format-standard","has-post-thumbnail","hentry","category-ayuntamiento","category-urbanismo-y-obras"],"yoast_head":"<!-- This site is optimized with the Yoast SEO plugin v27.4 - https:\/\/yoast.com\/product\/yoast-seo-wordpress\/ -->\n<title>El Pleno del Ayuntamiento aprueba el cambio de modalidad de gesti\u00f3n urban\u00edstica de &quot;La Ribera&quot;, &quot;Parad\u00eds Nord&quot; y &quot;Parc Mont-roig&quot; - Ajuntament de Mont-roig del Camp<\/title>\n<meta name=\"robots\" content=\"index, follow, max-snippet:-1, max-image-preview:large, max-video-preview:-1\" \/>\n<link rel=\"canonical\" href=\"https:\/\/mont-roig.cat\/es\/actualitat\/noticies\/el-pleno-del-ayuntamiento-aprueba-el-cambio-de-modalidad-de-gestion-urbanistica-de-la-ribera-paradis-nord-y-parc-mont-roig\/\" \/>\n<meta property=\"og:locale\" content=\"es_ES\" \/>\n<meta property=\"og:type\" content=\"article\" \/>\n<meta property=\"og:title\" content=\"El Pleno del Ayuntamiento aprueba el cambio de modalidad de gesti\u00f3n urban\u00edstica de &quot;La Ribera&quot;, &quot;Parad\u00eds Nord&quot; y &quot;Parc Mont-roig&quot; - Ajuntament de Mont-roig del Camp\" \/>\n<meta property=\"og:description\" content=\"El objetivo es impulsar la urbanizaci\u00f3n pendiente de estos \u00e1mbitos y permitir que el Ayuntamiento pueda recepcionarlas definitivamente El plenario ha aprobado tambi\u00e9n dos mociones, una para solicitar el retorno del IVA reducido de los sectores de la peluquer\u00eda, est\u00e9tica y barber\u00eda y otra contra el incremento de los precios de la electricidad El Pleno [&hellip;]\" \/>\n<meta property=\"og:url\" content=\"https:\/\/mont-roig.cat\/es\/actualitat\/noticies\/el-pleno-del-ayuntamiento-aprueba-el-cambio-de-modalidad-de-gestion-urbanistica-de-la-ribera-paradis-nord-y-parc-mont-roig\/\" \/>\n<meta property=\"og:site_name\" content=\"Ajuntament de Mont-roig del Camp\" \/>\n<meta property=\"article:published_time\" content=\"2021-10-14T13:16:20+00:00\" \/>\n<meta property=\"og:image\" content=\"https:\/\/mont-roig.cat\/wp-content\/uploads\/Ple-ordinari-Ajuntament-Mont-roig-del-Camp.jpg\" \/>\n\t<meta property=\"og:image:width\" content=\"2016\" \/>\n\t<meta property=\"og:image:height\" content=\"1512\" \/>\n\t<meta property=\"og:image:type\" content=\"image\/jpeg\" \/>\n<meta name=\"author\" content=\"administrador\" \/>\n<meta name=\"twitter:card\" content=\"summary_large_image\" \/>\n<meta name=\"twitter:label1\" content=\"Escrito por\" \/>\n\t<meta name=\"twitter:data1\" content=\"administrador\" \/>\n\t<meta name=\"twitter:label2\" content=\"Tiempo de lectura\" \/>\n\t<meta name=\"twitter:data2\" content=\"3 minutos\" \/>\n<script type=\"application\/ld+json\" class=\"yoast-schema-graph\">{\"@context\":\"https:\\\/\\\/schema.org\",\"@graph\":[{\"@type\":\"Article\",\"@id\":\"https:\\\/\\\/mont-roig.cat\\\/es\\\/actualitat\\\/noticies\\\/el-pleno-del-ayuntamiento-aprueba-el-cambio-de-modalidad-de-gestion-urbanistica-de-la-ribera-paradis-nord-y-parc-mont-roig\\\/#article\",\"isPartOf\":{\"@id\":\"https:\\\/\\\/mont-roig.cat\\\/es\\\/actualitat\\\/noticies\\\/el-pleno-del-ayuntamiento-aprueba-el-cambio-de-modalidad-de-gestion-urbanistica-de-la-ribera-paradis-nord-y-parc-mont-roig\\\/\"},\"author\":{\"name\":\"administrador\",\"@id\":\"https:\\\/\\\/mont-roig.cat\\\/es\\\/#\\\/schema\\\/person\\\/f2b111789f22b7d0c3bd6786c9128cba\"},\"headline\":\"El Pleno del Ayuntamiento aprueba el cambio de modalidad de gesti\u00f3n urban\u00edstica de &#8220;La Ribera&#8221;, &#8220;Parad\u00eds Nord&#8221; y &#8220;Parc Mont-roig&#8221;\",\"datePublished\":\"2021-10-14T13:16:20+00:00\",\"mainEntityOfPage\":{\"@id\":\"https:\\\/\\\/mont-roig.cat\\\/es\\\/actualitat\\\/noticies\\\/el-pleno-del-ayuntamiento-aprueba-el-cambio-de-modalidad-de-gestion-urbanistica-de-la-ribera-paradis-nord-y-parc-mont-roig\\\/\"},\"wordCount\":630,\"image\":{\"@id\":\"https:\\\/\\\/mont-roig.cat\\\/es\\\/actualitat\\\/noticies\\\/el-pleno-del-ayuntamiento-aprueba-el-cambio-de-modalidad-de-gestion-urbanistica-de-la-ribera-paradis-nord-y-parc-mont-roig\\\/#primaryimage\"},\"thumbnailUrl\":\"https:\\\/\\\/mont-roig.cat\\\/wp-content\\\/uploads\\\/Ple-ordinari-Ajuntament-Mont-roig-del-Camp.jpg\",\"articleSection\":[\"Ayuntamiento\",\"Urbanismo y obras\"],\"inLanguage\":\"es\"},{\"@type\":\"WebPage\",\"@id\":\"https:\\\/\\\/mont-roig.cat\\\/es\\\/actualitat\\\/noticies\\\/el-pleno-del-ayuntamiento-aprueba-el-cambio-de-modalidad-de-gestion-urbanistica-de-la-ribera-paradis-nord-y-parc-mont-roig\\\/\",\"url\":\"https:\\\/\\\/mont-roig.cat\\\/es\\\/actualitat\\\/noticies\\\/el-pleno-del-ayuntamiento-aprueba-el-cambio-de-modalidad-de-gestion-urbanistica-de-la-ribera-paradis-nord-y-parc-mont-roig\\\/\",\"name\":\"El Pleno del Ayuntamiento aprueba el cambio de modalidad de gesti\u00f3n urban\u00edstica de \\\"La Ribera\\\", \\\"Parad\u00eds Nord\\\" y \\\"Parc Mont-roig\\\" - Ajuntament de Mont-roig del Camp\",\"isPartOf\":{\"@id\":\"https:\\\/\\\/mont-roig.cat\\\/es\\\/#website\"},\"primaryImageOfPage\":{\"@id\":\"https:\\\/\\\/mont-roig.cat\\\/es\\\/actualitat\\\/noticies\\\/el-pleno-del-ayuntamiento-aprueba-el-cambio-de-modalidad-de-gestion-urbanistica-de-la-ribera-paradis-nord-y-parc-mont-roig\\\/#primaryimage\"},\"image\":{\"@id\":\"https:\\\/\\\/mont-roig.cat\\\/es\\\/actualitat\\\/noticies\\\/el-pleno-del-ayuntamiento-aprueba-el-cambio-de-modalidad-de-gestion-urbanistica-de-la-ribera-paradis-nord-y-parc-mont-roig\\\/#primaryimage\"},\"thumbnailUrl\":\"https:\\\/\\\/mont-roig.cat\\\/wp-content\\\/uploads\\\/Ple-ordinari-Ajuntament-Mont-roig-del-Camp.jpg\",\"datePublished\":\"2021-10-14T13:16:20+00:00\",\"author\":{\"@id\":\"https:\\\/\\\/mont-roig.cat\\\/es\\\/#\\\/schema\\\/person\\\/f2b111789f22b7d0c3bd6786c9128cba\"},\"breadcrumb\":{\"@id\":\"https:\\\/\\\/mont-roig.cat\\\/es\\\/actualitat\\\/noticies\\\/el-pleno-del-ayuntamiento-aprueba-el-cambio-de-modalidad-de-gestion-urbanistica-de-la-ribera-paradis-nord-y-parc-mont-roig\\\/#breadcrumb\"},\"inLanguage\":\"es\",\"potentialAction\":[{\"@type\":\"ReadAction\",\"target\":[\"https:\\\/\\\/mont-roig.cat\\\/es\\\/actualitat\\\/noticies\\\/el-pleno-del-ayuntamiento-aprueba-el-cambio-de-modalidad-de-gestion-urbanistica-de-la-ribera-paradis-nord-y-parc-mont-roig\\\/\"]}]},{\"@type\":\"ImageObject\",\"inLanguage\":\"es\",\"@id\":\"https:\\\/\\\/mont-roig.cat\\\/es\\\/actualitat\\\/noticies\\\/el-pleno-del-ayuntamiento-aprueba-el-cambio-de-modalidad-de-gestion-urbanistica-de-la-ribera-paradis-nord-y-parc-mont-roig\\\/#primaryimage\",\"url\":\"https:\\\/\\\/mont-roig.cat\\\/wp-content\\\/uploads\\\/Ple-ordinari-Ajuntament-Mont-roig-del-Camp.jpg\",\"contentUrl\":\"https:\\\/\\\/mont-roig.cat\\\/wp-content\\\/uploads\\\/Ple-ordinari-Ajuntament-Mont-roig-del-Camp.jpg\",\"width\":2016,\"height\":1512},{\"@type\":\"BreadcrumbList\",\"@id\":\"https:\\\/\\\/mont-roig.cat\\\/es\\\/actualitat\\\/noticies\\\/el-pleno-del-ayuntamiento-aprueba-el-cambio-de-modalidad-de-gestion-urbanistica-de-la-ribera-paradis-nord-y-parc-mont-roig\\\/#breadcrumb\",\"itemListElement\":[{\"@type\":\"ListItem\",\"position\":1,\"name\":\"Inici\",\"item\":\"https:\\\/\\\/mont-roig.cat\\\/es\\\/pagina-de-inicio\\\/\"},{\"@type\":\"ListItem\",\"position\":2,\"name\":\"El Pleno del Ayuntamiento aprueba el cambio de modalidad de gesti\u00f3n urban\u00edstica de &#8220;La Ribera&#8221;, &#8220;Parad\u00eds Nord&#8221; y &#8220;Parc Mont-roig&#8221;\"}]},{\"@type\":\"WebSite\",\"@id\":\"https:\\\/\\\/mont-roig.cat\\\/es\\\/#website\",\"url\":\"https:\\\/\\\/mont-roig.cat\\\/es\\\/\",\"name\":\"Ajuntament de Mont-roig del Camp\",\"description\":\"Tota la informaci\u00f3 sobre la instituci\u00f3, els seus \u00f2rgans de govern, actualitat, serveis i molt m\u00e9s.\",\"potentialAction\":[{\"@type\":\"SearchAction\",\"target\":{\"@type\":\"EntryPoint\",\"urlTemplate\":\"https:\\\/\\\/mont-roig.cat\\\/es\\\/?s={search_term_string}\"},\"query-input\":{\"@type\":\"PropertyValueSpecification\",\"valueRequired\":true,\"valueName\":\"search_term_string\"}}],\"inLanguage\":\"es\"},{\"@type\":\"Person\",\"@id\":\"https:\\\/\\\/mont-roig.cat\\\/es\\\/#\\\/schema\\\/person\\\/f2b111789f22b7d0c3bd6786c9128cba\",\"name\":\"administrador\",\"image\":{\"@type\":\"ImageObject\",\"inLanguage\":\"es\",\"@id\":\"https:\\\/\\\/secure.gravatar.com\\\/avatar\\\/9137aac6891e2595c9d3036fd83bcb653b4db3c946db4c7d9b9be193c3c944bb?s=96&d=mm&r=g\",\"url\":\"https:\\\/\\\/secure.gravatar.com\\\/avatar\\\/9137aac6891e2595c9d3036fd83bcb653b4db3c946db4c7d9b9be193c3c944bb?s=96&d=mm&r=g\",\"contentUrl\":\"https:\\\/\\\/secure.gravatar.com\\\/avatar\\\/9137aac6891e2595c9d3036fd83bcb653b4db3c946db4c7d9b9be193c3c944bb?s=96&d=mm&r=g\",\"caption\":\"administrador\"},\"url\":\"https:\\\/\\\/mont-roig.cat\\\/es\\\/actualitat\\\/noticies\\\/author\\\/administrador\\\/\"}]}<\/script>\n<!-- \/ Yoast SEO plugin. -->","yoast_head_json":{"title":"El Pleno del Ayuntamiento aprueba el cambio de modalidad de gesti\u00f3n urban\u00edstica de \"La Ribera\", \"Parad\u00eds Nord\" y \"Parc Mont-roig\" - Ajuntament de Mont-roig del Camp","robots":{"index":"index","follow":"follow","max-snippet":"max-snippet:-1","max-image-preview":"max-image-preview:large","max-video-preview":"max-video-preview:-1"},"canonical":"https:\/\/mont-roig.cat\/es\/actualitat\/noticies\/el-pleno-del-ayuntamiento-aprueba-el-cambio-de-modalidad-de-gestion-urbanistica-de-la-ribera-paradis-nord-y-parc-mont-roig\/","og_locale":"es_ES","og_type":"article","og_title":"El Pleno del Ayuntamiento aprueba el cambio de modalidad de gesti\u00f3n urban\u00edstica de \"La Ribera\", \"Parad\u00eds Nord\" y \"Parc Mont-roig\" - Ajuntament de Mont-roig del Camp","og_description":"El objetivo es impulsar la urbanizaci\u00f3n pendiente de estos \u00e1mbitos y permitir que el Ayuntamiento pueda recepcionarlas definitivamente El plenario ha aprobado tambi\u00e9n dos mociones, una para solicitar el retorno del IVA reducido de los sectores de la peluquer\u00eda, est\u00e9tica y barber\u00eda y otra contra el incremento de los precios de la electricidad El Pleno [&hellip;]","og_url":"https:\/\/mont-roig.cat\/es\/actualitat\/noticies\/el-pleno-del-ayuntamiento-aprueba-el-cambio-de-modalidad-de-gestion-urbanistica-de-la-ribera-paradis-nord-y-parc-mont-roig\/","og_site_name":"Ajuntament de Mont-roig del Camp","article_published_time":"2021-10-14T13:16:20+00:00","og_image":[{"width":2016,"height":1512,"url":"https:\/\/mont-roig.cat\/wp-content\/uploads\/Ple-ordinari-Ajuntament-Mont-roig-del-Camp.jpg","type":"image\/jpeg"}],"author":"administrador","twitter_card":"summary_large_image","twitter_misc":{"Escrito por":"administrador","Tiempo de lectura":"3 minutos"},"schema":{"@context":"https:\/\/schema.org","@graph":[{"@type":"Article","@id":"https:\/\/mont-roig.cat\/es\/actualitat\/noticies\/el-pleno-del-ayuntamiento-aprueba-el-cambio-de-modalidad-de-gestion-urbanistica-de-la-ribera-paradis-nord-y-parc-mont-roig\/#article","isPartOf":{"@id":"https:\/\/mont-roig.cat\/es\/actualitat\/noticies\/el-pleno-del-ayuntamiento-aprueba-el-cambio-de-modalidad-de-gestion-urbanistica-de-la-ribera-paradis-nord-y-parc-mont-roig\/"},"author":{"name":"administrador","@id":"https:\/\/mont-roig.cat\/es\/#\/schema\/person\/f2b111789f22b7d0c3bd6786c9128cba"},"headline":"El Pleno del Ayuntamiento aprueba el cambio de modalidad de gesti\u00f3n urban\u00edstica de &#8220;La Ribera&#8221;, &#8220;Parad\u00eds Nord&#8221; y &#8220;Parc Mont-roig&#8221;","datePublished":"2021-10-14T13:16:20+00:00","mainEntityOfPage":{"@id":"https:\/\/mont-roig.cat\/es\/actualitat\/noticies\/el-pleno-del-ayuntamiento-aprueba-el-cambio-de-modalidad-de-gestion-urbanistica-de-la-ribera-paradis-nord-y-parc-mont-roig\/"},"wordCount":630,"image":{"@id":"https:\/\/mont-roig.cat\/es\/actualitat\/noticies\/el-pleno-del-ayuntamiento-aprueba-el-cambio-de-modalidad-de-gestion-urbanistica-de-la-ribera-paradis-nord-y-parc-mont-roig\/#primaryimage"},"thumbnailUrl":"https:\/\/mont-roig.cat\/wp-content\/uploads\/Ple-ordinari-Ajuntament-Mont-roig-del-Camp.jpg","articleSection":["Ayuntamiento","Urbanismo y obras"],"inLanguage":"es"},{"@type":"WebPage","@id":"https:\/\/mont-roig.cat\/es\/actualitat\/noticies\/el-pleno-del-ayuntamiento-aprueba-el-cambio-de-modalidad-de-gestion-urbanistica-de-la-ribera-paradis-nord-y-parc-mont-roig\/","url":"https:\/\/mont-roig.cat\/es\/actualitat\/noticies\/el-pleno-del-ayuntamiento-aprueba-el-cambio-de-modalidad-de-gestion-urbanistica-de-la-ribera-paradis-nord-y-parc-mont-roig\/","name":"El Pleno del Ayuntamiento aprueba el cambio de modalidad de gesti\u00f3n urban\u00edstica de \"La Ribera\", \"Parad\u00eds Nord\" y \"Parc Mont-roig\" - Ajuntament de Mont-roig del Camp","isPartOf":{"@id":"https:\/\/mont-roig.cat\/es\/#website"},"primaryImageOfPage":{"@id":"https:\/\/mont-roig.cat\/es\/actualitat\/noticies\/el-pleno-del-ayuntamiento-aprueba-el-cambio-de-modalidad-de-gestion-urbanistica-de-la-ribera-paradis-nord-y-parc-mont-roig\/#primaryimage"},"image":{"@id":"https:\/\/mont-roig.cat\/es\/actualitat\/noticies\/el-pleno-del-ayuntamiento-aprueba-el-cambio-de-modalidad-de-gestion-urbanistica-de-la-ribera-paradis-nord-y-parc-mont-roig\/#primaryimage"},"thumbnailUrl":"https:\/\/mont-roig.cat\/wp-content\/uploads\/Ple-ordinari-Ajuntament-Mont-roig-del-Camp.jpg","datePublished":"2021-10-14T13:16:20+00:00","author":{"@id":"https:\/\/mont-roig.cat\/es\/#\/schema\/person\/f2b111789f22b7d0c3bd6786c9128cba"},"breadcrumb":{"@id":"https:\/\/mont-roig.cat\/es\/actualitat\/noticies\/el-pleno-del-ayuntamiento-aprueba-el-cambio-de-modalidad-de-gestion-urbanistica-de-la-ribera-paradis-nord-y-parc-mont-roig\/#breadcrumb"},"inLanguage":"es","potentialAction":[{"@type":"ReadAction","target":["https:\/\/mont-roig.cat\/es\/actualitat\/noticies\/el-pleno-del-ayuntamiento-aprueba-el-cambio-de-modalidad-de-gestion-urbanistica-de-la-ribera-paradis-nord-y-parc-mont-roig\/"]}]},{"@type":"ImageObject","inLanguage":"es","@id":"https:\/\/mont-roig.cat\/es\/actualitat\/noticies\/el-pleno-del-ayuntamiento-aprueba-el-cambio-de-modalidad-de-gestion-urbanistica-de-la-ribera-paradis-nord-y-parc-mont-roig\/#primaryimage","url":"https:\/\/mont-roig.cat\/wp-content\/uploads\/Ple-ordinari-Ajuntament-Mont-roig-del-Camp.jpg","contentUrl":"https:\/\/mont-roig.cat\/wp-content\/uploads\/Ple-ordinari-Ajuntament-Mont-roig-del-Camp.jpg","width":2016,"height":1512},{"@type":"BreadcrumbList","@id":"https:\/\/mont-roig.cat\/es\/actualitat\/noticies\/el-pleno-del-ayuntamiento-aprueba-el-cambio-de-modalidad-de-gestion-urbanistica-de-la-ribera-paradis-nord-y-parc-mont-roig\/#breadcrumb","itemListElement":[{"@type":"ListItem","position":1,"name":"Inici","item":"https:\/\/mont-roig.cat\/es\/pagina-de-inicio\/"},{"@type":"ListItem","position":2,"name":"El Pleno del Ayuntamiento aprueba el cambio de modalidad de gesti\u00f3n urban\u00edstica de &#8220;La Ribera&#8221;, &#8220;Parad\u00eds Nord&#8221; y &#8220;Parc Mont-roig&#8221;"}]},{"@type":"WebSite","@id":"https:\/\/mont-roig.cat\/es\/#website","url":"https:\/\/mont-roig.cat\/es\/","name":"Ajuntament de Mont-roig del Camp","description":"Tota la informaci\u00f3 sobre la instituci\u00f3, els seus \u00f2rgans de govern, actualitat, serveis i molt m\u00e9s.","potentialAction":[{"@type":"SearchAction","target":{"@type":"EntryPoint","urlTemplate":"https:\/\/mont-roig.cat\/es\/?s={search_term_string}"},"query-input":{"@type":"PropertyValueSpecification","valueRequired":true,"valueName":"search_term_string"}}],"inLanguage":"es"},{"@type":"Person","@id":"https:\/\/mont-roig.cat\/es\/#\/schema\/person\/f2b111789f22b7d0c3bd6786c9128cba","name":"administrador","image":{"@type":"ImageObject","inLanguage":"es","@id":"https:\/\/secure.gravatar.com\/avatar\/9137aac6891e2595c9d3036fd83bcb653b4db3c946db4c7d9b9be193c3c944bb?s=96&d=mm&r=g","url":"https:\/\/secure.gravatar.com\/avatar\/9137aac6891e2595c9d3036fd83bcb653b4db3c946db4c7d9b9be193c3c944bb?s=96&d=mm&r=g","contentUrl":"https:\/\/secure.gravatar.com\/avatar\/9137aac6891e2595c9d3036fd83bcb653b4db3c946db4c7d9b9be193c3c944bb?s=96&d=mm&r=g","caption":"administrador"},"url":"https:\/\/mont-roig.cat\/es\/actualitat\/noticies\/author\/administrador\/"}]}},"_links":{"self":[{"href":"https:\/\/mont-roig.cat\/es\/wp-json\/wp\/v2\/posts\/58324","targetHints":{"allow":["GET"]}}],"collection":[{"href":"https:\/\/mont-roig.cat\/es\/wp-json\/wp\/v2\/posts"}],"about":[{"href":"https:\/\/mont-roig.cat\/es\/wp-json\/wp\/v2\/types\/post"}],"author":[{"embeddable":true,"href":"https:\/\/mont-roig.cat\/es\/wp-json\/wp\/v2\/users\/4"}],"replies":[{"embeddable":true,"href":"https:\/\/mont-roig.cat\/es\/wp-json\/wp\/v2\/comments?post=58324"}],"version-history":[{"count":2,"href":"https:\/\/mont-roig.cat\/es\/wp-json\/wp\/v2\/posts\/58324\/revisions"}],"predecessor-version":[{"id":58326,"href":"https:\/\/mont-roig.cat\/es\/wp-json\/wp\/v2\/posts\/58324\/revisions\/58326"}],"wp:featuredmedia":[{"embeddable":true,"href":"https:\/\/mont-roig.cat\/es\/wp-json\/wp\/v2\/media\/58321"}],"wp:attachment":[{"href":"https:\/\/mont-roig.cat\/es\/wp-json\/wp\/v2\/media?parent=58324"}],"wp:term":[{"taxonomy":"category","embeddable":true,"href":"https:\/\/mont-roig.cat\/es\/wp-json\/wp\/v2\/categories?post=58324"},{"taxonomy":"post_tag","embeddable":true,"href":"https:\/\/mont-roig.cat\/es\/wp-json\/wp\/v2\/tags?post=58324"}],"curies":[{"name":"wp","href":"https:\/\/api.w.org\/{rel}","templated":true}]}}