{"id":58733,"date":"2021-11-17T17:30:58","date_gmt":"2021-11-17T16:30:58","guid":{"rendered":"https:\/\/mont-roig.cat\/actualitat\/noticies\/lajuntament-convoca-una-subvencio-per-a-ladquisicio-de-llibres-i-material-escolar-pel-curs-2021-2022\/"},"modified":"2021-11-17T17:35:12","modified_gmt":"2021-11-17T16:35:12","slug":"el-ayuntamiento-convoca-una-subvencion-para-la-adquisicion-de-libros-y-material-escolar-para-el-curso-2021-2022","status":"publish","type":"post","link":"https:\/\/mont-roig.cat\/es\/actualitat\/noticies\/el-ayuntamiento-convoca-una-subvencion-para-la-adquisicion-de-libros-y-material-escolar-para-el-curso-2021-2022\/","title":{"rendered":"El Ayuntamiento convoca una subvenci\u00f3n para la adquisici\u00f3n de libros y material escolar para el curso 2021\/2022"},"content":{"rendered":"<div id=\"attachment_58724\" style=\"width: 269px\" class=\"wp-caption alignright\"><img loading=\"lazy\" decoding=\"async\" aria-describedby=\"caption-attachment-58724\" class=\"wp-image-58724\" src=\"https:\/\/mont-roig.cat\/wp-content\/uploads\/pexels-katerina-holmes-5905448-333x500.jpg\" alt=\"\" width=\"259\" height=\"389\" srcset=\"https:\/\/mont-roig.cat\/wp-content\/uploads\/pexels-katerina-holmes-5905448-333x500.jpg 333w, https:\/\/mont-roig.cat\/wp-content\/uploads\/pexels-katerina-holmes-5905448-683x1024.jpg 683w, https:\/\/mont-roig.cat\/wp-content\/uploads\/pexels-katerina-holmes-5905448-768x1152.jpg 768w, https:\/\/mont-roig.cat\/wp-content\/uploads\/pexels-katerina-holmes-5905448-1024x1536.jpg 1024w, https:\/\/mont-roig.cat\/wp-content\/uploads\/pexels-katerina-holmes-5905448-scaled.jpg 1365w\" sizes=\"auto, (max-width: 259px) 100vw, 259px\" \/><p id=\"caption-attachment-58724\" class=\"wp-caption-text\">Material escolar<\/p><\/div>\n<ul>\n<li><strong>Hasta el pr\u00f3ximo 30 de noviembre se pueden presentar en la sede electr\u00f3nica las solicitudes a tal fin.\u00a0 <\/strong><\/li>\n<li><strong>El Ayuntamiento destina una partida de 15.000 euros<\/strong><\/li>\n<\/ul>\n<p>El Ayuntamiento de Mont-roig del Camp ha convocado las ayudas para la adquisici\u00f3n de libros y material escolar para el curso 2021\/2022 por aquellos escolares del municipio de primaria y secundaria que cumplan una serie de requisitos. La subvenci\u00f3n se podr\u00e1 solicitar a trav\u00e9s de la sede electr\u00f3nica (<a href=\"https:\/\/mont-roig.eadministracio.cat\/catalog\/t\/57bd1139-19ae-4c35-aa00-4e67ed7c71fd\" target=\"_blank\" rel=\"noopener\"><u>https:\/\/mont-roig.eadministracio.cat\/catalog\/t\/57bd1139-19ae-4c35-aa00-4e67ed7c71fd<\/u><\/a>) hasta el pr\u00f3ximo 30 de noviembre.<\/p>\n<p>Seg\u00fan las bases, son destinatarios de la subvenci\u00f3n el alumnado de los centros escolares del municipio que est\u00e9n empadronados en Mont-roig del Camp y que cursen los estudios correspondientes a la educaci\u00f3n primaria y secundaria. Con car\u00e1cter general, para ser beneficiario de la subvenci\u00f3n es necesario que las personas solicitantes no tengan la condici\u00f3n de deudoras con el Ayuntamiento ni de los entes municipales, sin embargo tendr\u00e1n que estar al corriente de las obligaciones tributarias o frente a la Seguridad Social.<\/p>\n<p>Las subvenciones se destinan tambi\u00e9n a las familias que participen en los programas de reutilizaci\u00f3n de libros, cuyas cuotas tambi\u00e9n tendr\u00e1n consideraci\u00f3n de gasto subvencionable. Igual tratamiento recibir\u00e1n las cuotas de los centros que opten por la ense\u00f1anza por proyectos educativos, alternativa a la adquisici\u00f3n de libros de texto.<\/p>\n<p>De forma m\u00e1s espec\u00edfica, las bases manifiestan que, para recibir la ayuda es necesario tener a cargo al ni\u00f1o o adolescente a cuyo favor se formula la petici\u00f3n. Aparte tambi\u00e9n deben cumplirse los siguientes requisitos.<br \/>\n&#8211; Que la unidad familiar se encuentre empadronada y resida legalmente en el municipio.<br \/>\n&#8211; Que la unidad familiar tenga ingresos inferiores a las que dispone el apartado 8.1 de la resoluci\u00f3n o, en cualquier caso, a 16.000 \u20ac anuales. A efectos de c\u00e1lculo, se tendr\u00e1n en cuenta la totalidad de los ingresos econ\u00f3micos de las personas que componen la unidad de convivencia.<br \/>\nSeg\u00fan corresponda de la ponderaci\u00f3n de los criterios sociales y econ\u00f3micos establecidos con la convocatoria de subvenci\u00f3n, el importe bonificado oscilar\u00e1 de acuerdo con los siguientes tramos: 100%, 75%, 50% o 25%, con el l\u00edmite m\u00e1ximo de 180 \u20ac por alumno solicitante.<\/p>\n","protected":false},"excerpt":{"rendered":"<p>Hasta el pr\u00f3ximo 30 de noviembre se pueden presentar en la sede electr\u00f3nica las solicitudes a tal fin.\u00a0 El Ayuntamiento destina una partida de 15.000 euros El Ayuntamiento de Mont-roig del Camp ha convocado las ayudas para la adquisici\u00f3n de libros y material escolar para el curso 2021\/2022 por aquellos escolares del municipio de primaria [&hellip;]<\/p>\n","protected":false},"author":13,"featured_media":58724,"comment_status":"closed","ping_status":"closed","sticky":false,"template":"","format":"standard","meta":{"inline_featured_image":false,"_monsterinsights_skip_tracking":false,"_monsterinsights_sitenote_active":false,"_monsterinsights_sitenote_note":"","_monsterinsights_sitenote_category":0,"footnotes":""},"categories":[98,103],"tags":[],"class_list":["post-58733","post","type-post","status-publish","format-standard","has-post-thumbnail","hentry","category-ayuntamiento","category-educacion"],"yoast_head":"<!-- This site is optimized with the Yoast SEO plugin v27.4 - https:\/\/yoast.com\/product\/yoast-seo-wordpress\/ -->\n<title>El Ayuntamiento convoca una subvenci\u00f3n para la adquisici\u00f3n de libros y material escolar para el curso 2021\/2022 - Ajuntament de Mont-roig del Camp<\/title>\n<meta name=\"robots\" content=\"index, follow, max-snippet:-1, max-image-preview:large, max-video-preview:-1\" \/>\n<link rel=\"canonical\" href=\"https:\/\/mont-roig.cat\/es\/actualitat\/noticies\/el-ayuntamiento-convoca-una-subvencion-para-la-adquisicion-de-libros-y-material-escolar-para-el-curso-2021-2022\/\" \/>\n<meta property=\"og:locale\" content=\"es_ES\" \/>\n<meta property=\"og:type\" content=\"article\" \/>\n<meta property=\"og:title\" content=\"El Ayuntamiento convoca una subvenci\u00f3n para la adquisici\u00f3n de libros y material escolar para el curso 2021\/2022 - Ajuntament de Mont-roig del Camp\" \/>\n<meta property=\"og:description\" content=\"Hasta el pr\u00f3ximo 30 de noviembre se pueden presentar en la sede electr\u00f3nica las solicitudes a tal fin.\u00a0 El Ayuntamiento destina una partida de 15.000 euros El Ayuntamiento de Mont-roig del Camp ha convocado las ayudas para la adquisici\u00f3n de libros y material escolar para el curso 2021\/2022 por aquellos escolares del municipio de primaria [&hellip;]\" \/>\n<meta property=\"og:url\" content=\"https:\/\/mont-roig.cat\/es\/actualitat\/noticies\/el-ayuntamiento-convoca-una-subvencion-para-la-adquisicion-de-libros-y-material-escolar-para-el-curso-2021-2022\/\" \/>\n<meta property=\"og:site_name\" content=\"Ajuntament de Mont-roig del Camp\" \/>\n<meta property=\"article:published_time\" content=\"2021-11-17T16:30:58+00:00\" \/>\n<meta property=\"article:modified_time\" content=\"2021-11-17T16:35:12+00:00\" \/>\n<meta property=\"og:image\" content=\"https:\/\/mont-roig.cat\/wp-content\/uploads\/pexels-katerina-holmes-5905448-scaled.jpg\" \/>\n\t<meta property=\"og:image:width\" content=\"1365\" \/>\n\t<meta property=\"og:image:height\" content=\"2048\" \/>\n\t<meta property=\"og:image:type\" content=\"image\/jpeg\" \/>\n<meta name=\"author\" content=\"comunicacio\" \/>\n<meta name=\"twitter:card\" content=\"summary_large_image\" \/>\n<meta name=\"twitter:label1\" content=\"Escrito por\" \/>\n\t<meta name=\"twitter:data1\" content=\"comunicacio\" \/>\n\t<meta name=\"twitter:label2\" content=\"Tiempo de lectura\" \/>\n\t<meta name=\"twitter:data2\" content=\"2 minutos\" \/>\n<script type=\"application\/ld+json\" class=\"yoast-schema-graph\">{\"@context\":\"https:\\\/\\\/schema.org\",\"@graph\":[{\"@type\":\"Article\",\"@id\":\"https:\\\/\\\/mont-roig.cat\\\/es\\\/actualitat\\\/noticies\\\/el-ayuntamiento-convoca-una-subvencion-para-la-adquisicion-de-libros-y-material-escolar-para-el-curso-2021-2022\\\/#article\",\"isPartOf\":{\"@id\":\"https:\\\/\\\/mont-roig.cat\\\/es\\\/actualitat\\\/noticies\\\/el-ayuntamiento-convoca-una-subvencion-para-la-adquisicion-de-libros-y-material-escolar-para-el-curso-2021-2022\\\/\"},\"author\":{\"name\":\"comunicacio\",\"@id\":\"https:\\\/\\\/mont-roig.cat\\\/es\\\/#\\\/schema\\\/person\\\/1f73e7b5e6f9dd122e8a6f14f310ac5e\"},\"headline\":\"El Ayuntamiento convoca una subvenci\u00f3n para la adquisici\u00f3n de libros y material escolar para el curso 2021\\\/2022\",\"datePublished\":\"2021-11-17T16:30:58+00:00\",\"dateModified\":\"2021-11-17T16:35:12+00:00\",\"mainEntityOfPage\":{\"@id\":\"https:\\\/\\\/mont-roig.cat\\\/es\\\/actualitat\\\/noticies\\\/el-ayuntamiento-convoca-una-subvencion-para-la-adquisicion-de-libros-y-material-escolar-para-el-curso-2021-2022\\\/\"},\"wordCount\":418,\"image\":{\"@id\":\"https:\\\/\\\/mont-roig.cat\\\/es\\\/actualitat\\\/noticies\\\/el-ayuntamiento-convoca-una-subvencion-para-la-adquisicion-de-libros-y-material-escolar-para-el-curso-2021-2022\\\/#primaryimage\"},\"thumbnailUrl\":\"https:\\\/\\\/mont-roig.cat\\\/wp-content\\\/uploads\\\/pexels-katerina-holmes-5905448-scaled.jpg\",\"articleSection\":[\"Ayuntamiento\",\"Educaci\u00f3n\"],\"inLanguage\":\"es\"},{\"@type\":\"WebPage\",\"@id\":\"https:\\\/\\\/mont-roig.cat\\\/es\\\/actualitat\\\/noticies\\\/el-ayuntamiento-convoca-una-subvencion-para-la-adquisicion-de-libros-y-material-escolar-para-el-curso-2021-2022\\\/\",\"url\":\"https:\\\/\\\/mont-roig.cat\\\/es\\\/actualitat\\\/noticies\\\/el-ayuntamiento-convoca-una-subvencion-para-la-adquisicion-de-libros-y-material-escolar-para-el-curso-2021-2022\\\/\",\"name\":\"El Ayuntamiento convoca una subvenci\u00f3n para la adquisici\u00f3n de libros y material escolar para el curso 2021\\\/2022 - Ajuntament de Mont-roig del Camp\",\"isPartOf\":{\"@id\":\"https:\\\/\\\/mont-roig.cat\\\/es\\\/#website\"},\"primaryImageOfPage\":{\"@id\":\"https:\\\/\\\/mont-roig.cat\\\/es\\\/actualitat\\\/noticies\\\/el-ayuntamiento-convoca-una-subvencion-para-la-adquisicion-de-libros-y-material-escolar-para-el-curso-2021-2022\\\/#primaryimage\"},\"image\":{\"@id\":\"https:\\\/\\\/mont-roig.cat\\\/es\\\/actualitat\\\/noticies\\\/el-ayuntamiento-convoca-una-subvencion-para-la-adquisicion-de-libros-y-material-escolar-para-el-curso-2021-2022\\\/#primaryimage\"},\"thumbnailUrl\":\"https:\\\/\\\/mont-roig.cat\\\/wp-content\\\/uploads\\\/pexels-katerina-holmes-5905448-scaled.jpg\",\"datePublished\":\"2021-11-17T16:30:58+00:00\",\"dateModified\":\"2021-11-17T16:35:12+00:00\",\"author\":{\"@id\":\"https:\\\/\\\/mont-roig.cat\\\/es\\\/#\\\/schema\\\/person\\\/1f73e7b5e6f9dd122e8a6f14f310ac5e\"},\"breadcrumb\":{\"@id\":\"https:\\\/\\\/mont-roig.cat\\\/es\\\/actualitat\\\/noticies\\\/el-ayuntamiento-convoca-una-subvencion-para-la-adquisicion-de-libros-y-material-escolar-para-el-curso-2021-2022\\\/#breadcrumb\"},\"inLanguage\":\"es\",\"potentialAction\":[{\"@type\":\"ReadAction\",\"target\":[\"https:\\\/\\\/mont-roig.cat\\\/es\\\/actualitat\\\/noticies\\\/el-ayuntamiento-convoca-una-subvencion-para-la-adquisicion-de-libros-y-material-escolar-para-el-curso-2021-2022\\\/\"]}]},{\"@type\":\"ImageObject\",\"inLanguage\":\"es\",\"@id\":\"https:\\\/\\\/mont-roig.cat\\\/es\\\/actualitat\\\/noticies\\\/el-ayuntamiento-convoca-una-subvencion-para-la-adquisicion-de-libros-y-material-escolar-para-el-curso-2021-2022\\\/#primaryimage\",\"url\":\"https:\\\/\\\/mont-roig.cat\\\/wp-content\\\/uploads\\\/pexels-katerina-holmes-5905448-scaled.jpg\",\"contentUrl\":\"https:\\\/\\\/mont-roig.cat\\\/wp-content\\\/uploads\\\/pexels-katerina-holmes-5905448-scaled.jpg\",\"width\":1365,\"height\":2048},{\"@type\":\"BreadcrumbList\",\"@id\":\"https:\\\/\\\/mont-roig.cat\\\/es\\\/actualitat\\\/noticies\\\/el-ayuntamiento-convoca-una-subvencion-para-la-adquisicion-de-libros-y-material-escolar-para-el-curso-2021-2022\\\/#breadcrumb\",\"itemListElement\":[{\"@type\":\"ListItem\",\"position\":1,\"name\":\"Inici\",\"item\":\"https:\\\/\\\/mont-roig.cat\\\/es\\\/pagina-de-inicio\\\/\"},{\"@type\":\"ListItem\",\"position\":2,\"name\":\"El Ayuntamiento convoca una subvenci\u00f3n para la adquisici\u00f3n de libros y material escolar para el curso 2021\\\/2022\"}]},{\"@type\":\"WebSite\",\"@id\":\"https:\\\/\\\/mont-roig.cat\\\/es\\\/#website\",\"url\":\"https:\\\/\\\/mont-roig.cat\\\/es\\\/\",\"name\":\"Ajuntament de Mont-roig del Camp\",\"description\":\"Tota la informaci\u00f3 sobre la instituci\u00f3, els seus \u00f2rgans de govern, actualitat, serveis i molt m\u00e9s.\",\"potentialAction\":[{\"@type\":\"SearchAction\",\"target\":{\"@type\":\"EntryPoint\",\"urlTemplate\":\"https:\\\/\\\/mont-roig.cat\\\/es\\\/?s={search_term_string}\"},\"query-input\":{\"@type\":\"PropertyValueSpecification\",\"valueRequired\":true,\"valueName\":\"search_term_string\"}}],\"inLanguage\":\"es\"},{\"@type\":\"Person\",\"@id\":\"https:\\\/\\\/mont-roig.cat\\\/es\\\/#\\\/schema\\\/person\\\/1f73e7b5e6f9dd122e8a6f14f310ac5e\",\"name\":\"comunicacio\",\"image\":{\"@type\":\"ImageObject\",\"inLanguage\":\"es\",\"@id\":\"https:\\\/\\\/secure.gravatar.com\\\/avatar\\\/98944333e7a877670a64f8d10f0cb680ab2c9ebc4efc43945ef004b52b5ad28c?s=96&d=mm&r=g\",\"url\":\"https:\\\/\\\/secure.gravatar.com\\\/avatar\\\/98944333e7a877670a64f8d10f0cb680ab2c9ebc4efc43945ef004b52b5ad28c?s=96&d=mm&r=g\",\"contentUrl\":\"https:\\\/\\\/secure.gravatar.com\\\/avatar\\\/98944333e7a877670a64f8d10f0cb680ab2c9ebc4efc43945ef004b52b5ad28c?s=96&d=mm&r=g\",\"caption\":\"comunicacio\"},\"url\":\"https:\\\/\\\/mont-roig.cat\\\/es\\\/actualitat\\\/noticies\\\/author\\\/comunicacio\\\/\"}]}<\/script>\n<!-- \/ Yoast SEO plugin. -->","yoast_head_json":{"title":"El Ayuntamiento convoca una subvenci\u00f3n para la adquisici\u00f3n de libros y material escolar para el curso 2021\/2022 - Ajuntament de Mont-roig del Camp","robots":{"index":"index","follow":"follow","max-snippet":"max-snippet:-1","max-image-preview":"max-image-preview:large","max-video-preview":"max-video-preview:-1"},"canonical":"https:\/\/mont-roig.cat\/es\/actualitat\/noticies\/el-ayuntamiento-convoca-una-subvencion-para-la-adquisicion-de-libros-y-material-escolar-para-el-curso-2021-2022\/","og_locale":"es_ES","og_type":"article","og_title":"El Ayuntamiento convoca una subvenci\u00f3n para la adquisici\u00f3n de libros y material escolar para el curso 2021\/2022 - Ajuntament de Mont-roig del Camp","og_description":"Hasta el pr\u00f3ximo 30 de noviembre se pueden presentar en la sede electr\u00f3nica las solicitudes a tal fin.\u00a0 El Ayuntamiento destina una partida de 15.000 euros El Ayuntamiento de Mont-roig del Camp ha convocado las ayudas para la adquisici\u00f3n de libros y material escolar para el curso 2021\/2022 por aquellos escolares del municipio de primaria [&hellip;]","og_url":"https:\/\/mont-roig.cat\/es\/actualitat\/noticies\/el-ayuntamiento-convoca-una-subvencion-para-la-adquisicion-de-libros-y-material-escolar-para-el-curso-2021-2022\/","og_site_name":"Ajuntament de Mont-roig del Camp","article_published_time":"2021-11-17T16:30:58+00:00","article_modified_time":"2021-11-17T16:35:12+00:00","og_image":[{"width":1365,"height":2048,"url":"https:\/\/mont-roig.cat\/wp-content\/uploads\/pexels-katerina-holmes-5905448-scaled.jpg","type":"image\/jpeg"}],"author":"comunicacio","twitter_card":"summary_large_image","twitter_misc":{"Escrito por":"comunicacio","Tiempo de lectura":"2 minutos"},"schema":{"@context":"https:\/\/schema.org","@graph":[{"@type":"Article","@id":"https:\/\/mont-roig.cat\/es\/actualitat\/noticies\/el-ayuntamiento-convoca-una-subvencion-para-la-adquisicion-de-libros-y-material-escolar-para-el-curso-2021-2022\/#article","isPartOf":{"@id":"https:\/\/mont-roig.cat\/es\/actualitat\/noticies\/el-ayuntamiento-convoca-una-subvencion-para-la-adquisicion-de-libros-y-material-escolar-para-el-curso-2021-2022\/"},"author":{"name":"comunicacio","@id":"https:\/\/mont-roig.cat\/es\/#\/schema\/person\/1f73e7b5e6f9dd122e8a6f14f310ac5e"},"headline":"El Ayuntamiento convoca una subvenci\u00f3n para la adquisici\u00f3n de libros y material escolar para el curso 2021\/2022","datePublished":"2021-11-17T16:30:58+00:00","dateModified":"2021-11-17T16:35:12+00:00","mainEntityOfPage":{"@id":"https:\/\/mont-roig.cat\/es\/actualitat\/noticies\/el-ayuntamiento-convoca-una-subvencion-para-la-adquisicion-de-libros-y-material-escolar-para-el-curso-2021-2022\/"},"wordCount":418,"image":{"@id":"https:\/\/mont-roig.cat\/es\/actualitat\/noticies\/el-ayuntamiento-convoca-una-subvencion-para-la-adquisicion-de-libros-y-material-escolar-para-el-curso-2021-2022\/#primaryimage"},"thumbnailUrl":"https:\/\/mont-roig.cat\/wp-content\/uploads\/pexels-katerina-holmes-5905448-scaled.jpg","articleSection":["Ayuntamiento","Educaci\u00f3n"],"inLanguage":"es"},{"@type":"WebPage","@id":"https:\/\/mont-roig.cat\/es\/actualitat\/noticies\/el-ayuntamiento-convoca-una-subvencion-para-la-adquisicion-de-libros-y-material-escolar-para-el-curso-2021-2022\/","url":"https:\/\/mont-roig.cat\/es\/actualitat\/noticies\/el-ayuntamiento-convoca-una-subvencion-para-la-adquisicion-de-libros-y-material-escolar-para-el-curso-2021-2022\/","name":"El Ayuntamiento convoca una subvenci\u00f3n para la adquisici\u00f3n de libros y material escolar para el curso 2021\/2022 - Ajuntament de Mont-roig del Camp","isPartOf":{"@id":"https:\/\/mont-roig.cat\/es\/#website"},"primaryImageOfPage":{"@id":"https:\/\/mont-roig.cat\/es\/actualitat\/noticies\/el-ayuntamiento-convoca-una-subvencion-para-la-adquisicion-de-libros-y-material-escolar-para-el-curso-2021-2022\/#primaryimage"},"image":{"@id":"https:\/\/mont-roig.cat\/es\/actualitat\/noticies\/el-ayuntamiento-convoca-una-subvencion-para-la-adquisicion-de-libros-y-material-escolar-para-el-curso-2021-2022\/#primaryimage"},"thumbnailUrl":"https:\/\/mont-roig.cat\/wp-content\/uploads\/pexels-katerina-holmes-5905448-scaled.jpg","datePublished":"2021-11-17T16:30:58+00:00","dateModified":"2021-11-17T16:35:12+00:00","author":{"@id":"https:\/\/mont-roig.cat\/es\/#\/schema\/person\/1f73e7b5e6f9dd122e8a6f14f310ac5e"},"breadcrumb":{"@id":"https:\/\/mont-roig.cat\/es\/actualitat\/noticies\/el-ayuntamiento-convoca-una-subvencion-para-la-adquisicion-de-libros-y-material-escolar-para-el-curso-2021-2022\/#breadcrumb"},"inLanguage":"es","potentialAction":[{"@type":"ReadAction","target":["https:\/\/mont-roig.cat\/es\/actualitat\/noticies\/el-ayuntamiento-convoca-una-subvencion-para-la-adquisicion-de-libros-y-material-escolar-para-el-curso-2021-2022\/"]}]},{"@type":"ImageObject","inLanguage":"es","@id":"https:\/\/mont-roig.cat\/es\/actualitat\/noticies\/el-ayuntamiento-convoca-una-subvencion-para-la-adquisicion-de-libros-y-material-escolar-para-el-curso-2021-2022\/#primaryimage","url":"https:\/\/mont-roig.cat\/wp-content\/uploads\/pexels-katerina-holmes-5905448-scaled.jpg","contentUrl":"https:\/\/mont-roig.cat\/wp-content\/uploads\/pexels-katerina-holmes-5905448-scaled.jpg","width":1365,"height":2048},{"@type":"BreadcrumbList","@id":"https:\/\/mont-roig.cat\/es\/actualitat\/noticies\/el-ayuntamiento-convoca-una-subvencion-para-la-adquisicion-de-libros-y-material-escolar-para-el-curso-2021-2022\/#breadcrumb","itemListElement":[{"@type":"ListItem","position":1,"name":"Inici","item":"https:\/\/mont-roig.cat\/es\/pagina-de-inicio\/"},{"@type":"ListItem","position":2,"name":"El Ayuntamiento convoca una subvenci\u00f3n para la adquisici\u00f3n de libros y material escolar para el curso 2021\/2022"}]},{"@type":"WebSite","@id":"https:\/\/mont-roig.cat\/es\/#website","url":"https:\/\/mont-roig.cat\/es\/","name":"Ajuntament de Mont-roig del Camp","description":"Tota la informaci\u00f3 sobre la instituci\u00f3, els seus \u00f2rgans de govern, actualitat, serveis i molt m\u00e9s.","potentialAction":[{"@type":"SearchAction","target":{"@type":"EntryPoint","urlTemplate":"https:\/\/mont-roig.cat\/es\/?s={search_term_string}"},"query-input":{"@type":"PropertyValueSpecification","valueRequired":true,"valueName":"search_term_string"}}],"inLanguage":"es"},{"@type":"Person","@id":"https:\/\/mont-roig.cat\/es\/#\/schema\/person\/1f73e7b5e6f9dd122e8a6f14f310ac5e","name":"comunicacio","image":{"@type":"ImageObject","inLanguage":"es","@id":"https:\/\/secure.gravatar.com\/avatar\/98944333e7a877670a64f8d10f0cb680ab2c9ebc4efc43945ef004b52b5ad28c?s=96&d=mm&r=g","url":"https:\/\/secure.gravatar.com\/avatar\/98944333e7a877670a64f8d10f0cb680ab2c9ebc4efc43945ef004b52b5ad28c?s=96&d=mm&r=g","contentUrl":"https:\/\/secure.gravatar.com\/avatar\/98944333e7a877670a64f8d10f0cb680ab2c9ebc4efc43945ef004b52b5ad28c?s=96&d=mm&r=g","caption":"comunicacio"},"url":"https:\/\/mont-roig.cat\/es\/actualitat\/noticies\/author\/comunicacio\/"}]}},"_links":{"self":[{"href":"https:\/\/mont-roig.cat\/es\/wp-json\/wp\/v2\/posts\/58733","targetHints":{"allow":["GET"]}}],"collection":[{"href":"https:\/\/mont-roig.cat\/es\/wp-json\/wp\/v2\/posts"}],"about":[{"href":"https:\/\/mont-roig.cat\/es\/wp-json\/wp\/v2\/types\/post"}],"author":[{"embeddable":true,"href":"https:\/\/mont-roig.cat\/es\/wp-json\/wp\/v2\/users\/13"}],"replies":[{"embeddable":true,"href":"https:\/\/mont-roig.cat\/es\/wp-json\/wp\/v2\/comments?post=58733"}],"version-history":[{"count":2,"href":"https:\/\/mont-roig.cat\/es\/wp-json\/wp\/v2\/posts\/58733\/revisions"}],"predecessor-version":[{"id":58734,"href":"https:\/\/mont-roig.cat\/es\/wp-json\/wp\/v2\/posts\/58733\/revisions\/58734"}],"wp:featuredmedia":[{"embeddable":true,"href":"https:\/\/mont-roig.cat\/es\/wp-json\/wp\/v2\/media\/58724"}],"wp:attachment":[{"href":"https:\/\/mont-roig.cat\/es\/wp-json\/wp\/v2\/media?parent=58733"}],"wp:term":[{"taxonomy":"category","embeddable":true,"href":"https:\/\/mont-roig.cat\/es\/wp-json\/wp\/v2\/categories?post=58733"},{"taxonomy":"post_tag","embeddable":true,"href":"https:\/\/mont-roig.cat\/es\/wp-json\/wp\/v2\/tags?post=58733"}],"curies":[{"name":"wp","href":"https:\/\/api.w.org\/{rel}","templated":true}]}}