{"id":58821,"date":"2021-11-19T17:07:57","date_gmt":"2021-11-19T16:07:57","guid":{"rendered":"https:\/\/mont-roig.cat\/actualitat\/noticies\/lajuntament-de-mont-roig-del-camp-se-suma-un-any-mes-a-la-xiii-setmana-europea-de-la-prevencio-de-residus\/"},"modified":"2021-11-20T10:49:14","modified_gmt":"2021-11-20T09:49:14","slug":"el-ayuntamiento-de-mont-roig-del-camp-se-suma-un-ano-mas-a-la-xiii-semana-europea-de-la-prevencion-de-residuos","status":"publish","type":"post","link":"https:\/\/mont-roig.cat\/es\/actualitat\/noticies\/el-ayuntamiento-de-mont-roig-del-camp-se-suma-un-ano-mas-a-la-xiii-semana-europea-de-la-prevencion-de-residuos\/","title":{"rendered":"El Ayuntamiento de Mont-roig del Camp se suma un a\u00f1o m\u00e1s a la XIII Semana Europea de la Prevenci\u00f3n de Residuos"},"content":{"rendered":"<div id=\"attachment_58799\" style=\"width: 273px\" class=\"wp-caption alignright\"><a href=\"https:\/\/mont-roig.cat\/wp-content\/uploads\/Cartell-setmana-Europea-de-la-prevencio\u0301-de-Residus-2021_facebook.jpg\"><img loading=\"lazy\" decoding=\"async\" aria-describedby=\"caption-attachment-58799\" class=\"wp-image-58799\" src=\"https:\/\/mont-roig.cat\/wp-content\/uploads\/Cartell-setmana-Europea-de-la-prevencio\u0301-de-Residus-2021_facebook-353x500.jpg\" alt=\"\" width=\"263\" height=\"373\" srcset=\"https:\/\/mont-roig.cat\/wp-content\/uploads\/Cartell-setmana-Europea-de-la-prevencio\u0301-de-Residus-2021_facebook-353x500.jpg 353w, https:\/\/mont-roig.cat\/wp-content\/uploads\/Cartell-setmana-Europea-de-la-prevencio\u0301-de-Residus-2021_facebook-724x1024.jpg 724w, https:\/\/mont-roig.cat\/wp-content\/uploads\/Cartell-setmana-Europea-de-la-prevencio\u0301-de-Residus-2021_facebook-768x1087.jpg 768w, https:\/\/mont-roig.cat\/wp-content\/uploads\/Cartell-setmana-Europea-de-la-prevencio\u0301-de-Residus-2021_facebook-1086x1536.jpg 1086w, https:\/\/mont-roig.cat\/wp-content\/uploads\/Cartell-setmana-Europea-de-la-prevencio\u0301-de-Residus-2021_facebook.jpg 1169w\" sizes=\"auto, (max-width: 263px) 100vw, 263px\" \/><\/a><p id=\"caption-attachment-58799\" class=\"wp-caption-text\">Cartel Semana Europea de la Prevenci\u00f3n de Residuos<\/p><\/div>\n<ul>\n<li><strong>Se realizar\u00e1n diversas actividades destinadas a potenciar la econom\u00eda circular y la sostenibilidad como son las recogidas de residuos, \u00a0el aprovechamiento alimentario o el reparto de bolsas reutilizables en los comercios, entre otros.<\/strong><\/li>\n<\/ul>\n<p>El Ayuntamiento de Mont-roig del Camp colabora un a\u00f1o m\u00e1s con la Semana Europea de la Prevenci\u00f3n de Residuos, que tiene lugar del 20 al 28 de noviembre impulsada tambi\u00e9n por la Agencia de Residuos de Catalunya (ARC). El consistorio promueve diversas iniciativas con el objetivo de involucrar a la ciudadan\u00eda en acciones de prevenci\u00f3n de residuos y \u00a0concienciaci\u00f3n sobre la necesidad de preservar el medio ambiente.<\/p>\n<p>En el caso de nuestro municipio se realizar\u00e1n 2 acciones de recogida de residuos en el marco de la acci\u00f3n Let&#8217;s clean up. En concreto la primera \u00a0tendr\u00e1 lugar el s\u00e1bado 27 de noviembre de 10h a 12h en el barranco de l&#8217;Horta de Mont-roig. El punto de salida ser\u00e1n los Lavaderos de Mont-roig. La segunda jornada de la campa\u00f1a tendr\u00e1 lugar el s\u00e1bado 11 de diciembre en la punta del R\u00edo Llastres en Miami Platja y el encuentro ser\u00e1 en la p\u00e9rgola de la punta del r\u00edo. Ser\u00e1n dos acciones de limpieza del entorno natural dirigidas a todo tipo de p\u00fablico y donde los asistentes se llevar\u00e1n un obsequio residuo cero.<\/p>\n<p><strong>Llamamiento a la participaci\u00f3n de bares y restaurantes<\/strong><\/p>\n<p>Desde el Ayuntamiento de Mont-roig del Camp tambi\u00e9n se ha hecho un llamamiento a cocineros y cocineras de bares y restaurantes del municipio a involucrarse en estas jornadas para que compartan recetas de aprovechamiento para reducir el desperdicio alimentario. Estas recetas se ir\u00e1n publicando cada d\u00eda en las redes sociales del Ayuntamiento de Mont-roig del Camp, durante la pr\u00f3xima semana.<\/p>\n<p>Tambi\u00e9n, en el marco de la campa\u00f1a, se ha hecho llegar a los comercios del municipio bolsas reutilizables de algod\u00f3n para que las distribuyan entre su clientela con el objetivo de seguir eliminando las bolsas desechables y, al mismo tiempo , fomentar el comercio local. Por otra parte, tambi\u00e9n se ha hecho una campa\u00f1a de difusi\u00f3n y concienciaci\u00f3n en los centros escolares del municipio para involucrarlos en las diversas acciones ya trav\u00e9s de las cuales se ha puesto manos a la obra para colaborar con diversas acciones en pro de la prevenci\u00f3n de residuos.<\/p>\n<p><strong>Comunidades circulares<\/strong><\/p>\n<p>Cada edici\u00f3n de la Semana Europea se pone \u00e9nfasis en una tem\u00e1tica espec\u00edfica. Este a\u00f1o, el enfoque est\u00e1 en el binomio comunidades circulares y comunidades sostenibles. La idea es inspirar nuevas acciones para cambiar el h\u00e1bito de consumo y productivo de la sociedad, y apelar a la responsabilidad compartida que est\u00e1 detr\u00e1s de la prevenci\u00f3n de residuos, adem\u00e1s del papel importante que tenemos todas las personas y comunidades locales para reducir su generaci\u00f3n.<\/p>\n<p>Dado que el proceso de colaboraci\u00f3n entre la ciudadan\u00eda es clave, este a\u00f1o la Semana Europea de la Prevenci\u00f3n de Residuos arroja el reto de actuar en conjunto para dar forma a comunidades circulares, destinadas a prevenir la generaci\u00f3n de residuos.<\/p>\n<p>La promoci\u00f3n de la econom\u00eda circular y de una sociedad sostenible requiere un cambio en los patrones de consumo y producci\u00f3n mucho m\u00e1s all\u00e1 de la acci\u00f3n clim\u00e1tica. Se trata de una transici\u00f3n ecol\u00f3gica completa que debe ser dirigida y asumida como propia por las comunidades para tener \u00e9xito. Es necesario promover la solidaridad y colaboraci\u00f3n entre las comunidades \u00a0para lograr un desarrollo sostenible, manteniendo un buen equilibrio entre los pilares ambientales, sociales y econ\u00f3micos subyacentes. Las comunidades peque\u00f1as, locales, justas, inclusivas y circulares pueden desempe\u00f1ar un gran papel en el impulso de Europa hacia un futuro sostenible.<\/p>\n<p>&nbsp;<\/p>\n","protected":false},"excerpt":{"rendered":"<p>Se realizar\u00e1n diversas actividades destinadas a potenciar la econom\u00eda circular y la sostenibilidad como son las recogidas de residuos, \u00a0el aprovechamiento alimentario o el reparto de bolsas reutilizables en los comercios, entre otros. El Ayuntamiento de Mont-roig del Camp colabora un a\u00f1o m\u00e1s con la Semana Europea de la Prevenci\u00f3n de Residuos, que tiene lugar [&hellip;]<\/p>\n","protected":false},"author":13,"featured_media":58800,"comment_status":"closed","ping_status":"closed","sticky":false,"template":"","format":"standard","meta":{"inline_featured_image":false,"_monsterinsights_skip_tracking":false,"_monsterinsights_sitenote_active":false,"_monsterinsights_sitenote_note":"","_monsterinsights_sitenote_category":0,"footnotes":""},"categories":[98,143,195],"tags":[],"class_list":["post-58821","post","type-post","status-publish","format-standard","has-post-thumbnail","hentry","category-ayuntamiento","category-residuos-es","category-transicio-energetica-i-ecologica-2-es"],"yoast_head":"<!-- This site is optimized with the Yoast SEO plugin v27.4 - https:\/\/yoast.com\/product\/yoast-seo-wordpress\/ -->\n<title>El Ayuntamiento de Mont-roig del Camp se suma un a\u00f1o m\u00e1s a la XIII Semana Europea de la Prevenci\u00f3n de Residuos - Ajuntament de Mont-roig del Camp<\/title>\n<meta name=\"robots\" content=\"index, follow, max-snippet:-1, max-image-preview:large, max-video-preview:-1\" \/>\n<link rel=\"canonical\" href=\"https:\/\/mont-roig.cat\/es\/actualitat\/noticies\/el-ayuntamiento-de-mont-roig-del-camp-se-suma-un-ano-mas-a-la-xiii-semana-europea-de-la-prevencion-de-residuos\/\" \/>\n<meta property=\"og:locale\" content=\"es_ES\" \/>\n<meta property=\"og:type\" content=\"article\" \/>\n<meta property=\"og:title\" content=\"El Ayuntamiento de Mont-roig del Camp se suma un a\u00f1o m\u00e1s a la XIII Semana Europea de la Prevenci\u00f3n de Residuos - Ajuntament de Mont-roig del Camp\" \/>\n<meta property=\"og:description\" content=\"Se realizar\u00e1n diversas actividades destinadas a potenciar la econom\u00eda circular y la sostenibilidad como son las recogidas de residuos, \u00a0el aprovechamiento alimentario o el reparto de bolsas reutilizables en los comercios, entre otros. El Ayuntamiento de Mont-roig del Camp colabora un a\u00f1o m\u00e1s con la Semana Europea de la Prevenci\u00f3n de Residuos, que tiene lugar [&hellip;]\" \/>\n<meta property=\"og:url\" content=\"https:\/\/mont-roig.cat\/es\/actualitat\/noticies\/el-ayuntamiento-de-mont-roig-del-camp-se-suma-un-ano-mas-a-la-xiii-semana-europea-de-la-prevencion-de-residuos\/\" \/>\n<meta property=\"og:site_name\" content=\"Ajuntament de Mont-roig del Camp\" \/>\n<meta property=\"article:published_time\" content=\"2021-11-19T16:07:57+00:00\" \/>\n<meta property=\"article:modified_time\" content=\"2021-11-20T09:49:14+00:00\" \/>\n<meta property=\"og:image\" content=\"https:\/\/mont-roig.cat\/wp-content\/uploads\/Cartell-setmana-Europea-de-la-prevencio\u0301-de-Residus-2021_facebook.jpg\" \/>\n\t<meta property=\"og:image:width\" content=\"1169\" \/>\n\t<meta property=\"og:image:height\" content=\"1654\" \/>\n\t<meta property=\"og:image:type\" content=\"image\/jpeg\" \/>\n<meta name=\"author\" content=\"comunicacio\" \/>\n<meta name=\"twitter:card\" content=\"summary_large_image\" \/>\n<meta name=\"twitter:label1\" content=\"Escrito por\" \/>\n\t<meta name=\"twitter:data1\" content=\"comunicacio\" \/>\n\t<meta name=\"twitter:label2\" content=\"Tiempo de lectura\" \/>\n\t<meta name=\"twitter:data2\" content=\"3 minutos\" \/>\n<script type=\"application\/ld+json\" class=\"yoast-schema-graph\">{\"@context\":\"https:\\\/\\\/schema.org\",\"@graph\":[{\"@type\":\"Article\",\"@id\":\"https:\\\/\\\/mont-roig.cat\\\/es\\\/actualitat\\\/noticies\\\/el-ayuntamiento-de-mont-roig-del-camp-se-suma-un-ano-mas-a-la-xiii-semana-europea-de-la-prevencion-de-residuos\\\/#article\",\"isPartOf\":{\"@id\":\"https:\\\/\\\/mont-roig.cat\\\/es\\\/actualitat\\\/noticies\\\/el-ayuntamiento-de-mont-roig-del-camp-se-suma-un-ano-mas-a-la-xiii-semana-europea-de-la-prevencion-de-residuos\\\/\"},\"author\":{\"name\":\"comunicacio\",\"@id\":\"https:\\\/\\\/mont-roig.cat\\\/es\\\/#\\\/schema\\\/person\\\/1f73e7b5e6f9dd122e8a6f14f310ac5e\"},\"headline\":\"El Ayuntamiento de Mont-roig del Camp se suma un a\u00f1o m\u00e1s a la XIII Semana Europea de la Prevenci\u00f3n de Residuos\",\"datePublished\":\"2021-11-19T16:07:57+00:00\",\"dateModified\":\"2021-11-20T09:49:14+00:00\",\"mainEntityOfPage\":{\"@id\":\"https:\\\/\\\/mont-roig.cat\\\/es\\\/actualitat\\\/noticies\\\/el-ayuntamiento-de-mont-roig-del-camp-se-suma-un-ano-mas-a-la-xiii-semana-europea-de-la-prevencion-de-residuos\\\/\"},\"wordCount\":684,\"image\":{\"@id\":\"https:\\\/\\\/mont-roig.cat\\\/es\\\/actualitat\\\/noticies\\\/el-ayuntamiento-de-mont-roig-del-camp-se-suma-un-ano-mas-a-la-xiii-semana-europea-de-la-prevencion-de-residuos\\\/#primaryimage\"},\"thumbnailUrl\":\"https:\\\/\\\/mont-roig.cat\\\/wp-content\\\/uploads\\\/Cartell-setmana-Europea-de-la-prevencio\u0301-de-Residus-2021_facebook.jpg\",\"articleSection\":[\"Ayuntamiento\",\"Residuos\",\"Transici\u00f3 Energ\u00e8tica i Ecol\u00f2gica\"],\"inLanguage\":\"es\"},{\"@type\":\"WebPage\",\"@id\":\"https:\\\/\\\/mont-roig.cat\\\/es\\\/actualitat\\\/noticies\\\/el-ayuntamiento-de-mont-roig-del-camp-se-suma-un-ano-mas-a-la-xiii-semana-europea-de-la-prevencion-de-residuos\\\/\",\"url\":\"https:\\\/\\\/mont-roig.cat\\\/es\\\/actualitat\\\/noticies\\\/el-ayuntamiento-de-mont-roig-del-camp-se-suma-un-ano-mas-a-la-xiii-semana-europea-de-la-prevencion-de-residuos\\\/\",\"name\":\"El Ayuntamiento de Mont-roig del Camp se suma un a\u00f1o m\u00e1s a la XIII Semana Europea de la Prevenci\u00f3n de Residuos - Ajuntament de Mont-roig del Camp\",\"isPartOf\":{\"@id\":\"https:\\\/\\\/mont-roig.cat\\\/es\\\/#website\"},\"primaryImageOfPage\":{\"@id\":\"https:\\\/\\\/mont-roig.cat\\\/es\\\/actualitat\\\/noticies\\\/el-ayuntamiento-de-mont-roig-del-camp-se-suma-un-ano-mas-a-la-xiii-semana-europea-de-la-prevencion-de-residuos\\\/#primaryimage\"},\"image\":{\"@id\":\"https:\\\/\\\/mont-roig.cat\\\/es\\\/actualitat\\\/noticies\\\/el-ayuntamiento-de-mont-roig-del-camp-se-suma-un-ano-mas-a-la-xiii-semana-europea-de-la-prevencion-de-residuos\\\/#primaryimage\"},\"thumbnailUrl\":\"https:\\\/\\\/mont-roig.cat\\\/wp-content\\\/uploads\\\/Cartell-setmana-Europea-de-la-prevencio\u0301-de-Residus-2021_facebook.jpg\",\"datePublished\":\"2021-11-19T16:07:57+00:00\",\"dateModified\":\"2021-11-20T09:49:14+00:00\",\"author\":{\"@id\":\"https:\\\/\\\/mont-roig.cat\\\/es\\\/#\\\/schema\\\/person\\\/1f73e7b5e6f9dd122e8a6f14f310ac5e\"},\"breadcrumb\":{\"@id\":\"https:\\\/\\\/mont-roig.cat\\\/es\\\/actualitat\\\/noticies\\\/el-ayuntamiento-de-mont-roig-del-camp-se-suma-un-ano-mas-a-la-xiii-semana-europea-de-la-prevencion-de-residuos\\\/#breadcrumb\"},\"inLanguage\":\"es\",\"potentialAction\":[{\"@type\":\"ReadAction\",\"target\":[\"https:\\\/\\\/mont-roig.cat\\\/es\\\/actualitat\\\/noticies\\\/el-ayuntamiento-de-mont-roig-del-camp-se-suma-un-ano-mas-a-la-xiii-semana-europea-de-la-prevencion-de-residuos\\\/\"]}]},{\"@type\":\"ImageObject\",\"inLanguage\":\"es\",\"@id\":\"https:\\\/\\\/mont-roig.cat\\\/es\\\/actualitat\\\/noticies\\\/el-ayuntamiento-de-mont-roig-del-camp-se-suma-un-ano-mas-a-la-xiii-semana-europea-de-la-prevencion-de-residuos\\\/#primaryimage\",\"url\":\"https:\\\/\\\/mont-roig.cat\\\/wp-content\\\/uploads\\\/Cartell-setmana-Europea-de-la-prevencio\u0301-de-Residus-2021_facebook.jpg\",\"contentUrl\":\"https:\\\/\\\/mont-roig.cat\\\/wp-content\\\/uploads\\\/Cartell-setmana-Europea-de-la-prevencio\u0301-de-Residus-2021_facebook.jpg\",\"width\":1169,\"height\":1654},{\"@type\":\"BreadcrumbList\",\"@id\":\"https:\\\/\\\/mont-roig.cat\\\/es\\\/actualitat\\\/noticies\\\/el-ayuntamiento-de-mont-roig-del-camp-se-suma-un-ano-mas-a-la-xiii-semana-europea-de-la-prevencion-de-residuos\\\/#breadcrumb\",\"itemListElement\":[{\"@type\":\"ListItem\",\"position\":1,\"name\":\"Inici\",\"item\":\"https:\\\/\\\/mont-roig.cat\\\/es\\\/pagina-de-inicio\\\/\"},{\"@type\":\"ListItem\",\"position\":2,\"name\":\"El Ayuntamiento de Mont-roig del Camp se suma un a\u00f1o m\u00e1s a la XIII Semana Europea de la Prevenci\u00f3n de Residuos\"}]},{\"@type\":\"WebSite\",\"@id\":\"https:\\\/\\\/mont-roig.cat\\\/es\\\/#website\",\"url\":\"https:\\\/\\\/mont-roig.cat\\\/es\\\/\",\"name\":\"Ajuntament de Mont-roig del Camp\",\"description\":\"Tota la informaci\u00f3 sobre la instituci\u00f3, els seus \u00f2rgans de govern, actualitat, serveis i molt m\u00e9s.\",\"potentialAction\":[{\"@type\":\"SearchAction\",\"target\":{\"@type\":\"EntryPoint\",\"urlTemplate\":\"https:\\\/\\\/mont-roig.cat\\\/es\\\/?s={search_term_string}\"},\"query-input\":{\"@type\":\"PropertyValueSpecification\",\"valueRequired\":true,\"valueName\":\"search_term_string\"}}],\"inLanguage\":\"es\"},{\"@type\":\"Person\",\"@id\":\"https:\\\/\\\/mont-roig.cat\\\/es\\\/#\\\/schema\\\/person\\\/1f73e7b5e6f9dd122e8a6f14f310ac5e\",\"name\":\"comunicacio\",\"image\":{\"@type\":\"ImageObject\",\"inLanguage\":\"es\",\"@id\":\"https:\\\/\\\/secure.gravatar.com\\\/avatar\\\/98944333e7a877670a64f8d10f0cb680ab2c9ebc4efc43945ef004b52b5ad28c?s=96&d=mm&r=g\",\"url\":\"https:\\\/\\\/secure.gravatar.com\\\/avatar\\\/98944333e7a877670a64f8d10f0cb680ab2c9ebc4efc43945ef004b52b5ad28c?s=96&d=mm&r=g\",\"contentUrl\":\"https:\\\/\\\/secure.gravatar.com\\\/avatar\\\/98944333e7a877670a64f8d10f0cb680ab2c9ebc4efc43945ef004b52b5ad28c?s=96&d=mm&r=g\",\"caption\":\"comunicacio\"},\"url\":\"https:\\\/\\\/mont-roig.cat\\\/es\\\/actualitat\\\/noticies\\\/author\\\/comunicacio\\\/\"}]}<\/script>\n<!-- \/ Yoast SEO plugin. -->","yoast_head_json":{"title":"El Ayuntamiento de Mont-roig del Camp se suma un a\u00f1o m\u00e1s a la XIII Semana Europea de la Prevenci\u00f3n de Residuos - Ajuntament de Mont-roig del Camp","robots":{"index":"index","follow":"follow","max-snippet":"max-snippet:-1","max-image-preview":"max-image-preview:large","max-video-preview":"max-video-preview:-1"},"canonical":"https:\/\/mont-roig.cat\/es\/actualitat\/noticies\/el-ayuntamiento-de-mont-roig-del-camp-se-suma-un-ano-mas-a-la-xiii-semana-europea-de-la-prevencion-de-residuos\/","og_locale":"es_ES","og_type":"article","og_title":"El Ayuntamiento de Mont-roig del Camp se suma un a\u00f1o m\u00e1s a la XIII Semana Europea de la Prevenci\u00f3n de Residuos - Ajuntament de Mont-roig del Camp","og_description":"Se realizar\u00e1n diversas actividades destinadas a potenciar la econom\u00eda circular y la sostenibilidad como son las recogidas de residuos, \u00a0el aprovechamiento alimentario o el reparto de bolsas reutilizables en los comercios, entre otros. El Ayuntamiento de Mont-roig del Camp colabora un a\u00f1o m\u00e1s con la Semana Europea de la Prevenci\u00f3n de Residuos, que tiene lugar [&hellip;]","og_url":"https:\/\/mont-roig.cat\/es\/actualitat\/noticies\/el-ayuntamiento-de-mont-roig-del-camp-se-suma-un-ano-mas-a-la-xiii-semana-europea-de-la-prevencion-de-residuos\/","og_site_name":"Ajuntament de Mont-roig del Camp","article_published_time":"2021-11-19T16:07:57+00:00","article_modified_time":"2021-11-20T09:49:14+00:00","og_image":[{"width":1169,"height":1654,"url":"https:\/\/mont-roig.cat\/wp-content\/uploads\/Cartell-setmana-Europea-de-la-prevencio\u0301-de-Residus-2021_facebook.jpg","type":"image\/jpeg"}],"author":"comunicacio","twitter_card":"summary_large_image","twitter_misc":{"Escrito por":"comunicacio","Tiempo de lectura":"3 minutos"},"schema":{"@context":"https:\/\/schema.org","@graph":[{"@type":"Article","@id":"https:\/\/mont-roig.cat\/es\/actualitat\/noticies\/el-ayuntamiento-de-mont-roig-del-camp-se-suma-un-ano-mas-a-la-xiii-semana-europea-de-la-prevencion-de-residuos\/#article","isPartOf":{"@id":"https:\/\/mont-roig.cat\/es\/actualitat\/noticies\/el-ayuntamiento-de-mont-roig-del-camp-se-suma-un-ano-mas-a-la-xiii-semana-europea-de-la-prevencion-de-residuos\/"},"author":{"name":"comunicacio","@id":"https:\/\/mont-roig.cat\/es\/#\/schema\/person\/1f73e7b5e6f9dd122e8a6f14f310ac5e"},"headline":"El Ayuntamiento de Mont-roig del Camp se suma un a\u00f1o m\u00e1s a la XIII Semana Europea de la Prevenci\u00f3n de Residuos","datePublished":"2021-11-19T16:07:57+00:00","dateModified":"2021-11-20T09:49:14+00:00","mainEntityOfPage":{"@id":"https:\/\/mont-roig.cat\/es\/actualitat\/noticies\/el-ayuntamiento-de-mont-roig-del-camp-se-suma-un-ano-mas-a-la-xiii-semana-europea-de-la-prevencion-de-residuos\/"},"wordCount":684,"image":{"@id":"https:\/\/mont-roig.cat\/es\/actualitat\/noticies\/el-ayuntamiento-de-mont-roig-del-camp-se-suma-un-ano-mas-a-la-xiii-semana-europea-de-la-prevencion-de-residuos\/#primaryimage"},"thumbnailUrl":"https:\/\/mont-roig.cat\/wp-content\/uploads\/Cartell-setmana-Europea-de-la-prevencio\u0301-de-Residus-2021_facebook.jpg","articleSection":["Ayuntamiento","Residuos","Transici\u00f3 Energ\u00e8tica i Ecol\u00f2gica"],"inLanguage":"es"},{"@type":"WebPage","@id":"https:\/\/mont-roig.cat\/es\/actualitat\/noticies\/el-ayuntamiento-de-mont-roig-del-camp-se-suma-un-ano-mas-a-la-xiii-semana-europea-de-la-prevencion-de-residuos\/","url":"https:\/\/mont-roig.cat\/es\/actualitat\/noticies\/el-ayuntamiento-de-mont-roig-del-camp-se-suma-un-ano-mas-a-la-xiii-semana-europea-de-la-prevencion-de-residuos\/","name":"El Ayuntamiento de Mont-roig del Camp se suma un a\u00f1o m\u00e1s a la XIII Semana Europea de la Prevenci\u00f3n de Residuos - Ajuntament de Mont-roig del Camp","isPartOf":{"@id":"https:\/\/mont-roig.cat\/es\/#website"},"primaryImageOfPage":{"@id":"https:\/\/mont-roig.cat\/es\/actualitat\/noticies\/el-ayuntamiento-de-mont-roig-del-camp-se-suma-un-ano-mas-a-la-xiii-semana-europea-de-la-prevencion-de-residuos\/#primaryimage"},"image":{"@id":"https:\/\/mont-roig.cat\/es\/actualitat\/noticies\/el-ayuntamiento-de-mont-roig-del-camp-se-suma-un-ano-mas-a-la-xiii-semana-europea-de-la-prevencion-de-residuos\/#primaryimage"},"thumbnailUrl":"https:\/\/mont-roig.cat\/wp-content\/uploads\/Cartell-setmana-Europea-de-la-prevencio\u0301-de-Residus-2021_facebook.jpg","datePublished":"2021-11-19T16:07:57+00:00","dateModified":"2021-11-20T09:49:14+00:00","author":{"@id":"https:\/\/mont-roig.cat\/es\/#\/schema\/person\/1f73e7b5e6f9dd122e8a6f14f310ac5e"},"breadcrumb":{"@id":"https:\/\/mont-roig.cat\/es\/actualitat\/noticies\/el-ayuntamiento-de-mont-roig-del-camp-se-suma-un-ano-mas-a-la-xiii-semana-europea-de-la-prevencion-de-residuos\/#breadcrumb"},"inLanguage":"es","potentialAction":[{"@type":"ReadAction","target":["https:\/\/mont-roig.cat\/es\/actualitat\/noticies\/el-ayuntamiento-de-mont-roig-del-camp-se-suma-un-ano-mas-a-la-xiii-semana-europea-de-la-prevencion-de-residuos\/"]}]},{"@type":"ImageObject","inLanguage":"es","@id":"https:\/\/mont-roig.cat\/es\/actualitat\/noticies\/el-ayuntamiento-de-mont-roig-del-camp-se-suma-un-ano-mas-a-la-xiii-semana-europea-de-la-prevencion-de-residuos\/#primaryimage","url":"https:\/\/mont-roig.cat\/wp-content\/uploads\/Cartell-setmana-Europea-de-la-prevencio\u0301-de-Residus-2021_facebook.jpg","contentUrl":"https:\/\/mont-roig.cat\/wp-content\/uploads\/Cartell-setmana-Europea-de-la-prevencio\u0301-de-Residus-2021_facebook.jpg","width":1169,"height":1654},{"@type":"BreadcrumbList","@id":"https:\/\/mont-roig.cat\/es\/actualitat\/noticies\/el-ayuntamiento-de-mont-roig-del-camp-se-suma-un-ano-mas-a-la-xiii-semana-europea-de-la-prevencion-de-residuos\/#breadcrumb","itemListElement":[{"@type":"ListItem","position":1,"name":"Inici","item":"https:\/\/mont-roig.cat\/es\/pagina-de-inicio\/"},{"@type":"ListItem","position":2,"name":"El Ayuntamiento de Mont-roig del Camp se suma un a\u00f1o m\u00e1s a la XIII Semana Europea de la Prevenci\u00f3n de Residuos"}]},{"@type":"WebSite","@id":"https:\/\/mont-roig.cat\/es\/#website","url":"https:\/\/mont-roig.cat\/es\/","name":"Ajuntament de Mont-roig del Camp","description":"Tota la informaci\u00f3 sobre la instituci\u00f3, els seus \u00f2rgans de govern, actualitat, serveis i molt m\u00e9s.","potentialAction":[{"@type":"SearchAction","target":{"@type":"EntryPoint","urlTemplate":"https:\/\/mont-roig.cat\/es\/?s={search_term_string}"},"query-input":{"@type":"PropertyValueSpecification","valueRequired":true,"valueName":"search_term_string"}}],"inLanguage":"es"},{"@type":"Person","@id":"https:\/\/mont-roig.cat\/es\/#\/schema\/person\/1f73e7b5e6f9dd122e8a6f14f310ac5e","name":"comunicacio","image":{"@type":"ImageObject","inLanguage":"es","@id":"https:\/\/secure.gravatar.com\/avatar\/98944333e7a877670a64f8d10f0cb680ab2c9ebc4efc43945ef004b52b5ad28c?s=96&d=mm&r=g","url":"https:\/\/secure.gravatar.com\/avatar\/98944333e7a877670a64f8d10f0cb680ab2c9ebc4efc43945ef004b52b5ad28c?s=96&d=mm&r=g","contentUrl":"https:\/\/secure.gravatar.com\/avatar\/98944333e7a877670a64f8d10f0cb680ab2c9ebc4efc43945ef004b52b5ad28c?s=96&d=mm&r=g","caption":"comunicacio"},"url":"https:\/\/mont-roig.cat\/es\/actualitat\/noticies\/author\/comunicacio\/"}]}},"_links":{"self":[{"href":"https:\/\/mont-roig.cat\/es\/wp-json\/wp\/v2\/posts\/58821","targetHints":{"allow":["GET"]}}],"collection":[{"href":"https:\/\/mont-roig.cat\/es\/wp-json\/wp\/v2\/posts"}],"about":[{"href":"https:\/\/mont-roig.cat\/es\/wp-json\/wp\/v2\/types\/post"}],"author":[{"embeddable":true,"href":"https:\/\/mont-roig.cat\/es\/wp-json\/wp\/v2\/users\/13"}],"replies":[{"embeddable":true,"href":"https:\/\/mont-roig.cat\/es\/wp-json\/wp\/v2\/comments?post=58821"}],"version-history":[{"count":4,"href":"https:\/\/mont-roig.cat\/es\/wp-json\/wp\/v2\/posts\/58821\/revisions"}],"predecessor-version":[{"id":58827,"href":"https:\/\/mont-roig.cat\/es\/wp-json\/wp\/v2\/posts\/58821\/revisions\/58827"}],"wp:featuredmedia":[{"embeddable":true,"href":"https:\/\/mont-roig.cat\/es\/wp-json\/wp\/v2\/media\/58800"}],"wp:attachment":[{"href":"https:\/\/mont-roig.cat\/es\/wp-json\/wp\/v2\/media?parent=58821"}],"wp:term":[{"taxonomy":"category","embeddable":true,"href":"https:\/\/mont-roig.cat\/es\/wp-json\/wp\/v2\/categories?post=58821"},{"taxonomy":"post_tag","embeddable":true,"href":"https:\/\/mont-roig.cat\/es\/wp-json\/wp\/v2\/tags?post=58821"}],"curies":[{"name":"wp","href":"https:\/\/api.w.org\/{rel}","templated":true}]}}