{"id":58876,"date":"2021-11-24T17:28:43","date_gmt":"2021-11-24T16:28:43","guid":{"rendered":"https:\/\/mont-roig.cat\/?p=58876"},"modified":"2021-11-24T17:28:59","modified_gmt":"2021-11-24T16:28:59","slug":"el-ayuntamiento-de-mont-roig-del-camp-esta-trabajando-para-evitar-la-presencia-de-jabalies-en-las-zonas-urbanas","status":"publish","type":"post","link":"https:\/\/mont-roig.cat\/es\/actualitat\/noticies\/el-ayuntamiento-de-mont-roig-del-camp-esta-trabajando-para-evitar-la-presencia-de-jabalies-en-las-zonas-urbanas\/","title":{"rendered":"El Ayuntamiento de Mont-roig del Camp est\u00e1 trabajando para evitar la presencia de jabal\u00edes en las zonas urbanas"},"content":{"rendered":"<div id=\"attachment_58873\" style=\"width: 314px\" class=\"wp-caption alignright\"><a href=\"https:\/\/mont-roig.cat\/wp-content\/uploads\/3a3dab9e-69f9-4c68-976a-ca308a7789d1.jpg\"><img loading=\"lazy\" decoding=\"async\" aria-describedby=\"caption-attachment-58873\" class=\"wp-image-58873\" src=\"https:\/\/mont-roig.cat\/wp-content\/uploads\/3a3dab9e-69f9-4c68-976a-ca308a7789d1-500x375.jpg\" alt=\"\" width=\"304\" height=\"228\" srcset=\"https:\/\/mont-roig.cat\/wp-content\/uploads\/3a3dab9e-69f9-4c68-976a-ca308a7789d1-500x375.jpg 500w, https:\/\/mont-roig.cat\/wp-content\/uploads\/3a3dab9e-69f9-4c68-976a-ca308a7789d1-1024x768.jpg 1024w, https:\/\/mont-roig.cat\/wp-content\/uploads\/3a3dab9e-69f9-4c68-976a-ca308a7789d1-768x576.jpg 768w, https:\/\/mont-roig.cat\/wp-content\/uploads\/3a3dab9e-69f9-4c68-976a-ca308a7789d1-1536x1152.jpg 1536w, https:\/\/mont-roig.cat\/wp-content\/uploads\/3a3dab9e-69f9-4c68-976a-ca308a7789d1-463x348.jpg 463w, https:\/\/mont-roig.cat\/wp-content\/uploads\/3a3dab9e-69f9-4c68-976a-ca308a7789d1.jpg 2048w\" sizes=\"auto, (max-width: 304px) 100vw, 304px\" \/><\/a><p id=\"caption-attachment-58873\" class=\"wp-caption-text\">Manada de jabal\u00edes<\/p><\/div>\n<ul>\n<li><strong>\u00a0<\/strong><strong>El departamento de Entorno Natural y la Polic\u00eda Local, conjuntamente con los Agentes Rurales, el Mossos d&#8217;Esquadra y el Departamento de Acci\u00f3n Clim\u00e1tica, Alimentaci\u00f3n y Agenda Rural han puesto en marcha un conjunto de acciones para alejar la fauna salvaje de los n\u00facleos de poblaci\u00f3n.<\/strong><\/li>\n<li><strong>Se pide comunicar a entornnatural@mont-roig.cat la localizaci\u00f3n de estos animales y se recuerda que est\u00e1 prohibido darles de comer.<\/strong><\/li>\n<\/ul>\n<p>El Ayuntamiento de Mont-roig del Camp est\u00e1 trabajando para alejar la fauna salvaje de las zonas urbanas, despu\u00e9s de que en las \u00faltimas semanas se haya detectado un incremento de la presencia de jabal\u00edes cerca de los n\u00facleos de poblaci\u00f3n. En este sentido, se est\u00e1n llevando a cabo acciones coordinadas entre la concejal\u00eda de Entorno Natural, la Polic\u00eda local, los Agentes Rurales, los Mossos d&#8217;Esquadra y el Departamento de Acci\u00f3n Clim\u00e1tica, Alimentaci\u00f3n y Agenda Rural de la Generalitat. Adem\u00e1s, y de forma paralela a estas acciones, se pide a la poblaci\u00f3n que no alimente en ning\u00fan caso a estos animales porque alimentar a la fauna salvaje est\u00e1 prohibido por la ley.<\/p>\n<p>Tambi\u00e9n se recuerda que, para evitar la presencia de estos animales y, sobre todo evitar que se acostumbren a las zonas urbanas, no deben dejarse bolsas de basura fuera de los contenedores de basura.<\/p>\n<p>En caso de detectar la presencia de jabal\u00edes, zorros u otros animales, es necesario ponerse en contacto con la concejal\u00eda de Entorno Rural, indicando el lugar del avistamiento a trav\u00e9s del correo electr\u00f3nico entornnatural@mont-roig.cat o bien a trav\u00e9s del tel\u00e9fono del Ayuntamiento el 977 83 70 05. El Ayuntamiento de Mont-roig del Camp est\u00e1 trabajando para evitar la presencia de jabal\u00edes en las zonas urbanas<\/p>\n","protected":false},"excerpt":{"rendered":"<p>\u00a0El departamento de Entorno Natural y la Polic\u00eda Local, conjuntamente con los Agentes Rurales, el Mossos d&#8217;Esquadra y el Departamento de Acci\u00f3n Clim\u00e1tica, Alimentaci\u00f3n y Agenda Rural han puesto en marcha un conjunto de acciones para alejar la fauna salvaje de los n\u00facleos de poblaci\u00f3n. Se pide comunicar a entornnatural@mont-roig.cat la localizaci\u00f3n de estos animales [&hellip;]<\/p>\n","protected":false},"author":13,"featured_media":58874,"comment_status":"closed","ping_status":"closed","sticky":false,"template":"","format":"standard","meta":{"inline_featured_image":false,"_monsterinsights_skip_tracking":false,"_monsterinsights_sitenote_active":false,"_monsterinsights_sitenote_note":"","_monsterinsights_sitenote_category":0,"footnotes":""},"categories":[98],"tags":[],"class_list":["post-58876","post","type-post","status-publish","format-standard","has-post-thumbnail","hentry","category-ayuntamiento"],"yoast_head":"<!-- This site is optimized with the Yoast SEO plugin v27.4 - https:\/\/yoast.com\/product\/yoast-seo-wordpress\/ -->\n<title>El Ayuntamiento de Mont-roig del Camp est\u00e1 trabajando para evitar la presencia de jabal\u00edes en las zonas urbanas - Ajuntament de Mont-roig del Camp<\/title>\n<meta name=\"robots\" content=\"index, follow, max-snippet:-1, max-image-preview:large, max-video-preview:-1\" \/>\n<link rel=\"canonical\" href=\"https:\/\/mont-roig.cat\/es\/actualitat\/noticies\/el-ayuntamiento-de-mont-roig-del-camp-esta-trabajando-para-evitar-la-presencia-de-jabalies-en-las-zonas-urbanas\/\" \/>\n<meta property=\"og:locale\" content=\"es_ES\" \/>\n<meta property=\"og:type\" content=\"article\" \/>\n<meta property=\"og:title\" content=\"El Ayuntamiento de Mont-roig del Camp est\u00e1 trabajando para evitar la presencia de jabal\u00edes en las zonas urbanas - Ajuntament de Mont-roig del Camp\" \/>\n<meta property=\"og:description\" content=\"\u00a0El departamento de Entorno Natural y la Polic\u00eda Local, conjuntamente con los Agentes Rurales, el Mossos d&#8217;Esquadra y el Departamento de Acci\u00f3n Clim\u00e1tica, Alimentaci\u00f3n y Agenda Rural han puesto en marcha un conjunto de acciones para alejar la fauna salvaje de los n\u00facleos de poblaci\u00f3n. Se pide comunicar a entornnatural@mont-roig.cat la localizaci\u00f3n de estos animales [&hellip;]\" \/>\n<meta property=\"og:url\" content=\"https:\/\/mont-roig.cat\/es\/actualitat\/noticies\/el-ayuntamiento-de-mont-roig-del-camp-esta-trabajando-para-evitar-la-presencia-de-jabalies-en-las-zonas-urbanas\/\" \/>\n<meta property=\"og:site_name\" content=\"Ajuntament de Mont-roig del Camp\" \/>\n<meta property=\"article:published_time\" content=\"2021-11-24T16:28:43+00:00\" \/>\n<meta property=\"article:modified_time\" content=\"2021-11-24T16:28:59+00:00\" \/>\n<meta property=\"og:image\" content=\"https:\/\/mont-roig.cat\/wp-content\/uploads\/3a3dab9e-69f9-4c68-976a-ca308a7789d1.jpg\" \/>\n\t<meta property=\"og:image:width\" content=\"2048\" \/>\n\t<meta property=\"og:image:height\" content=\"1536\" \/>\n\t<meta property=\"og:image:type\" content=\"image\/jpeg\" \/>\n<meta name=\"author\" content=\"comunicacio\" \/>\n<meta name=\"twitter:card\" content=\"summary_large_image\" \/>\n<meta name=\"twitter:label1\" content=\"Escrito por\" \/>\n\t<meta name=\"twitter:data1\" content=\"comunicacio\" \/>\n\t<meta name=\"twitter:label2\" content=\"Tiempo de lectura\" \/>\n\t<meta name=\"twitter:data2\" content=\"2 minutos\" \/>\n<script type=\"application\/ld+json\" class=\"yoast-schema-graph\">{\"@context\":\"https:\\\/\\\/schema.org\",\"@graph\":[{\"@type\":\"Article\",\"@id\":\"https:\\\/\\\/mont-roig.cat\\\/es\\\/actualitat\\\/noticies\\\/el-ayuntamiento-de-mont-roig-del-camp-esta-trabajando-para-evitar-la-presencia-de-jabalies-en-las-zonas-urbanas\\\/#article\",\"isPartOf\":{\"@id\":\"https:\\\/\\\/mont-roig.cat\\\/es\\\/actualitat\\\/noticies\\\/el-ayuntamiento-de-mont-roig-del-camp-esta-trabajando-para-evitar-la-presencia-de-jabalies-en-las-zonas-urbanas\\\/\"},\"author\":{\"name\":\"comunicacio\",\"@id\":\"https:\\\/\\\/mont-roig.cat\\\/es\\\/#\\\/schema\\\/person\\\/1f73e7b5e6f9dd122e8a6f14f310ac5e\"},\"headline\":\"El Ayuntamiento de Mont-roig del Camp est\u00e1 trabajando para evitar la presencia de jabal\u00edes en las zonas urbanas\",\"datePublished\":\"2021-11-24T16:28:43+00:00\",\"dateModified\":\"2021-11-24T16:28:59+00:00\",\"mainEntityOfPage\":{\"@id\":\"https:\\\/\\\/mont-roig.cat\\\/es\\\/actualitat\\\/noticies\\\/el-ayuntamiento-de-mont-roig-del-camp-esta-trabajando-para-evitar-la-presencia-de-jabalies-en-las-zonas-urbanas\\\/\"},\"wordCount\":332,\"image\":{\"@id\":\"https:\\\/\\\/mont-roig.cat\\\/es\\\/actualitat\\\/noticies\\\/el-ayuntamiento-de-mont-roig-del-camp-esta-trabajando-para-evitar-la-presencia-de-jabalies-en-las-zonas-urbanas\\\/#primaryimage\"},\"thumbnailUrl\":\"https:\\\/\\\/mont-roig.cat\\\/wp-content\\\/uploads\\\/3a3dab9e-69f9-4c68-976a-ca308a7789d1.jpg\",\"articleSection\":[\"Ayuntamiento\"],\"inLanguage\":\"es\"},{\"@type\":\"WebPage\",\"@id\":\"https:\\\/\\\/mont-roig.cat\\\/es\\\/actualitat\\\/noticies\\\/el-ayuntamiento-de-mont-roig-del-camp-esta-trabajando-para-evitar-la-presencia-de-jabalies-en-las-zonas-urbanas\\\/\",\"url\":\"https:\\\/\\\/mont-roig.cat\\\/es\\\/actualitat\\\/noticies\\\/el-ayuntamiento-de-mont-roig-del-camp-esta-trabajando-para-evitar-la-presencia-de-jabalies-en-las-zonas-urbanas\\\/\",\"name\":\"El Ayuntamiento de Mont-roig del Camp est\u00e1 trabajando para evitar la presencia de jabal\u00edes en las zonas urbanas - Ajuntament de Mont-roig del Camp\",\"isPartOf\":{\"@id\":\"https:\\\/\\\/mont-roig.cat\\\/es\\\/#website\"},\"primaryImageOfPage\":{\"@id\":\"https:\\\/\\\/mont-roig.cat\\\/es\\\/actualitat\\\/noticies\\\/el-ayuntamiento-de-mont-roig-del-camp-esta-trabajando-para-evitar-la-presencia-de-jabalies-en-las-zonas-urbanas\\\/#primaryimage\"},\"image\":{\"@id\":\"https:\\\/\\\/mont-roig.cat\\\/es\\\/actualitat\\\/noticies\\\/el-ayuntamiento-de-mont-roig-del-camp-esta-trabajando-para-evitar-la-presencia-de-jabalies-en-las-zonas-urbanas\\\/#primaryimage\"},\"thumbnailUrl\":\"https:\\\/\\\/mont-roig.cat\\\/wp-content\\\/uploads\\\/3a3dab9e-69f9-4c68-976a-ca308a7789d1.jpg\",\"datePublished\":\"2021-11-24T16:28:43+00:00\",\"dateModified\":\"2021-11-24T16:28:59+00:00\",\"author\":{\"@id\":\"https:\\\/\\\/mont-roig.cat\\\/es\\\/#\\\/schema\\\/person\\\/1f73e7b5e6f9dd122e8a6f14f310ac5e\"},\"breadcrumb\":{\"@id\":\"https:\\\/\\\/mont-roig.cat\\\/es\\\/actualitat\\\/noticies\\\/el-ayuntamiento-de-mont-roig-del-camp-esta-trabajando-para-evitar-la-presencia-de-jabalies-en-las-zonas-urbanas\\\/#breadcrumb\"},\"inLanguage\":\"es\",\"potentialAction\":[{\"@type\":\"ReadAction\",\"target\":[\"https:\\\/\\\/mont-roig.cat\\\/es\\\/actualitat\\\/noticies\\\/el-ayuntamiento-de-mont-roig-del-camp-esta-trabajando-para-evitar-la-presencia-de-jabalies-en-las-zonas-urbanas\\\/\"]}]},{\"@type\":\"ImageObject\",\"inLanguage\":\"es\",\"@id\":\"https:\\\/\\\/mont-roig.cat\\\/es\\\/actualitat\\\/noticies\\\/el-ayuntamiento-de-mont-roig-del-camp-esta-trabajando-para-evitar-la-presencia-de-jabalies-en-las-zonas-urbanas\\\/#primaryimage\",\"url\":\"https:\\\/\\\/mont-roig.cat\\\/wp-content\\\/uploads\\\/3a3dab9e-69f9-4c68-976a-ca308a7789d1.jpg\",\"contentUrl\":\"https:\\\/\\\/mont-roig.cat\\\/wp-content\\\/uploads\\\/3a3dab9e-69f9-4c68-976a-ca308a7789d1.jpg\",\"width\":2048,\"height\":1536},{\"@type\":\"BreadcrumbList\",\"@id\":\"https:\\\/\\\/mont-roig.cat\\\/es\\\/actualitat\\\/noticies\\\/el-ayuntamiento-de-mont-roig-del-camp-esta-trabajando-para-evitar-la-presencia-de-jabalies-en-las-zonas-urbanas\\\/#breadcrumb\",\"itemListElement\":[{\"@type\":\"ListItem\",\"position\":1,\"name\":\"Inici\",\"item\":\"https:\\\/\\\/mont-roig.cat\\\/es\\\/pagina-de-inicio\\\/\"},{\"@type\":\"ListItem\",\"position\":2,\"name\":\"El Ayuntamiento de Mont-roig del Camp est\u00e1 trabajando para evitar la presencia de jabal\u00edes en las zonas urbanas\"}]},{\"@type\":\"WebSite\",\"@id\":\"https:\\\/\\\/mont-roig.cat\\\/es\\\/#website\",\"url\":\"https:\\\/\\\/mont-roig.cat\\\/es\\\/\",\"name\":\"Ajuntament de Mont-roig del Camp\",\"description\":\"Tota la informaci\u00f3 sobre la instituci\u00f3, els seus \u00f2rgans de govern, actualitat, serveis i molt m\u00e9s.\",\"potentialAction\":[{\"@type\":\"SearchAction\",\"target\":{\"@type\":\"EntryPoint\",\"urlTemplate\":\"https:\\\/\\\/mont-roig.cat\\\/es\\\/?s={search_term_string}\"},\"query-input\":{\"@type\":\"PropertyValueSpecification\",\"valueRequired\":true,\"valueName\":\"search_term_string\"}}],\"inLanguage\":\"es\"},{\"@type\":\"Person\",\"@id\":\"https:\\\/\\\/mont-roig.cat\\\/es\\\/#\\\/schema\\\/person\\\/1f73e7b5e6f9dd122e8a6f14f310ac5e\",\"name\":\"comunicacio\",\"image\":{\"@type\":\"ImageObject\",\"inLanguage\":\"es\",\"@id\":\"https:\\\/\\\/secure.gravatar.com\\\/avatar\\\/98944333e7a877670a64f8d10f0cb680ab2c9ebc4efc43945ef004b52b5ad28c?s=96&d=mm&r=g\",\"url\":\"https:\\\/\\\/secure.gravatar.com\\\/avatar\\\/98944333e7a877670a64f8d10f0cb680ab2c9ebc4efc43945ef004b52b5ad28c?s=96&d=mm&r=g\",\"contentUrl\":\"https:\\\/\\\/secure.gravatar.com\\\/avatar\\\/98944333e7a877670a64f8d10f0cb680ab2c9ebc4efc43945ef004b52b5ad28c?s=96&d=mm&r=g\",\"caption\":\"comunicacio\"},\"url\":\"https:\\\/\\\/mont-roig.cat\\\/es\\\/actualitat\\\/noticies\\\/author\\\/comunicacio\\\/\"}]}<\/script>\n<!-- \/ Yoast SEO plugin. -->","yoast_head_json":{"title":"El Ayuntamiento de Mont-roig del Camp est\u00e1 trabajando para evitar la presencia de jabal\u00edes en las zonas urbanas - Ajuntament de Mont-roig del Camp","robots":{"index":"index","follow":"follow","max-snippet":"max-snippet:-1","max-image-preview":"max-image-preview:large","max-video-preview":"max-video-preview:-1"},"canonical":"https:\/\/mont-roig.cat\/es\/actualitat\/noticies\/el-ayuntamiento-de-mont-roig-del-camp-esta-trabajando-para-evitar-la-presencia-de-jabalies-en-las-zonas-urbanas\/","og_locale":"es_ES","og_type":"article","og_title":"El Ayuntamiento de Mont-roig del Camp est\u00e1 trabajando para evitar la presencia de jabal\u00edes en las zonas urbanas - Ajuntament de Mont-roig del Camp","og_description":"\u00a0El departamento de Entorno Natural y la Polic\u00eda Local, conjuntamente con los Agentes Rurales, el Mossos d&#8217;Esquadra y el Departamento de Acci\u00f3n Clim\u00e1tica, Alimentaci\u00f3n y Agenda Rural han puesto en marcha un conjunto de acciones para alejar la fauna salvaje de los n\u00facleos de poblaci\u00f3n. Se pide comunicar a entornnatural@mont-roig.cat la localizaci\u00f3n de estos animales [&hellip;]","og_url":"https:\/\/mont-roig.cat\/es\/actualitat\/noticies\/el-ayuntamiento-de-mont-roig-del-camp-esta-trabajando-para-evitar-la-presencia-de-jabalies-en-las-zonas-urbanas\/","og_site_name":"Ajuntament de Mont-roig del Camp","article_published_time":"2021-11-24T16:28:43+00:00","article_modified_time":"2021-11-24T16:28:59+00:00","og_image":[{"width":2048,"height":1536,"url":"https:\/\/mont-roig.cat\/wp-content\/uploads\/3a3dab9e-69f9-4c68-976a-ca308a7789d1.jpg","type":"image\/jpeg"}],"author":"comunicacio","twitter_card":"summary_large_image","twitter_misc":{"Escrito por":"comunicacio","Tiempo de lectura":"2 minutos"},"schema":{"@context":"https:\/\/schema.org","@graph":[{"@type":"Article","@id":"https:\/\/mont-roig.cat\/es\/actualitat\/noticies\/el-ayuntamiento-de-mont-roig-del-camp-esta-trabajando-para-evitar-la-presencia-de-jabalies-en-las-zonas-urbanas\/#article","isPartOf":{"@id":"https:\/\/mont-roig.cat\/es\/actualitat\/noticies\/el-ayuntamiento-de-mont-roig-del-camp-esta-trabajando-para-evitar-la-presencia-de-jabalies-en-las-zonas-urbanas\/"},"author":{"name":"comunicacio","@id":"https:\/\/mont-roig.cat\/es\/#\/schema\/person\/1f73e7b5e6f9dd122e8a6f14f310ac5e"},"headline":"El Ayuntamiento de Mont-roig del Camp est\u00e1 trabajando para evitar la presencia de jabal\u00edes en las zonas urbanas","datePublished":"2021-11-24T16:28:43+00:00","dateModified":"2021-11-24T16:28:59+00:00","mainEntityOfPage":{"@id":"https:\/\/mont-roig.cat\/es\/actualitat\/noticies\/el-ayuntamiento-de-mont-roig-del-camp-esta-trabajando-para-evitar-la-presencia-de-jabalies-en-las-zonas-urbanas\/"},"wordCount":332,"image":{"@id":"https:\/\/mont-roig.cat\/es\/actualitat\/noticies\/el-ayuntamiento-de-mont-roig-del-camp-esta-trabajando-para-evitar-la-presencia-de-jabalies-en-las-zonas-urbanas\/#primaryimage"},"thumbnailUrl":"https:\/\/mont-roig.cat\/wp-content\/uploads\/3a3dab9e-69f9-4c68-976a-ca308a7789d1.jpg","articleSection":["Ayuntamiento"],"inLanguage":"es"},{"@type":"WebPage","@id":"https:\/\/mont-roig.cat\/es\/actualitat\/noticies\/el-ayuntamiento-de-mont-roig-del-camp-esta-trabajando-para-evitar-la-presencia-de-jabalies-en-las-zonas-urbanas\/","url":"https:\/\/mont-roig.cat\/es\/actualitat\/noticies\/el-ayuntamiento-de-mont-roig-del-camp-esta-trabajando-para-evitar-la-presencia-de-jabalies-en-las-zonas-urbanas\/","name":"El Ayuntamiento de Mont-roig del Camp est\u00e1 trabajando para evitar la presencia de jabal\u00edes en las zonas urbanas - Ajuntament de Mont-roig del Camp","isPartOf":{"@id":"https:\/\/mont-roig.cat\/es\/#website"},"primaryImageOfPage":{"@id":"https:\/\/mont-roig.cat\/es\/actualitat\/noticies\/el-ayuntamiento-de-mont-roig-del-camp-esta-trabajando-para-evitar-la-presencia-de-jabalies-en-las-zonas-urbanas\/#primaryimage"},"image":{"@id":"https:\/\/mont-roig.cat\/es\/actualitat\/noticies\/el-ayuntamiento-de-mont-roig-del-camp-esta-trabajando-para-evitar-la-presencia-de-jabalies-en-las-zonas-urbanas\/#primaryimage"},"thumbnailUrl":"https:\/\/mont-roig.cat\/wp-content\/uploads\/3a3dab9e-69f9-4c68-976a-ca308a7789d1.jpg","datePublished":"2021-11-24T16:28:43+00:00","dateModified":"2021-11-24T16:28:59+00:00","author":{"@id":"https:\/\/mont-roig.cat\/es\/#\/schema\/person\/1f73e7b5e6f9dd122e8a6f14f310ac5e"},"breadcrumb":{"@id":"https:\/\/mont-roig.cat\/es\/actualitat\/noticies\/el-ayuntamiento-de-mont-roig-del-camp-esta-trabajando-para-evitar-la-presencia-de-jabalies-en-las-zonas-urbanas\/#breadcrumb"},"inLanguage":"es","potentialAction":[{"@type":"ReadAction","target":["https:\/\/mont-roig.cat\/es\/actualitat\/noticies\/el-ayuntamiento-de-mont-roig-del-camp-esta-trabajando-para-evitar-la-presencia-de-jabalies-en-las-zonas-urbanas\/"]}]},{"@type":"ImageObject","inLanguage":"es","@id":"https:\/\/mont-roig.cat\/es\/actualitat\/noticies\/el-ayuntamiento-de-mont-roig-del-camp-esta-trabajando-para-evitar-la-presencia-de-jabalies-en-las-zonas-urbanas\/#primaryimage","url":"https:\/\/mont-roig.cat\/wp-content\/uploads\/3a3dab9e-69f9-4c68-976a-ca308a7789d1.jpg","contentUrl":"https:\/\/mont-roig.cat\/wp-content\/uploads\/3a3dab9e-69f9-4c68-976a-ca308a7789d1.jpg","width":2048,"height":1536},{"@type":"BreadcrumbList","@id":"https:\/\/mont-roig.cat\/es\/actualitat\/noticies\/el-ayuntamiento-de-mont-roig-del-camp-esta-trabajando-para-evitar-la-presencia-de-jabalies-en-las-zonas-urbanas\/#breadcrumb","itemListElement":[{"@type":"ListItem","position":1,"name":"Inici","item":"https:\/\/mont-roig.cat\/es\/pagina-de-inicio\/"},{"@type":"ListItem","position":2,"name":"El Ayuntamiento de Mont-roig del Camp est\u00e1 trabajando para evitar la presencia de jabal\u00edes en las zonas urbanas"}]},{"@type":"WebSite","@id":"https:\/\/mont-roig.cat\/es\/#website","url":"https:\/\/mont-roig.cat\/es\/","name":"Ajuntament de Mont-roig del Camp","description":"Tota la informaci\u00f3 sobre la instituci\u00f3, els seus \u00f2rgans de govern, actualitat, serveis i molt m\u00e9s.","potentialAction":[{"@type":"SearchAction","target":{"@type":"EntryPoint","urlTemplate":"https:\/\/mont-roig.cat\/es\/?s={search_term_string}"},"query-input":{"@type":"PropertyValueSpecification","valueRequired":true,"valueName":"search_term_string"}}],"inLanguage":"es"},{"@type":"Person","@id":"https:\/\/mont-roig.cat\/es\/#\/schema\/person\/1f73e7b5e6f9dd122e8a6f14f310ac5e","name":"comunicacio","image":{"@type":"ImageObject","inLanguage":"es","@id":"https:\/\/secure.gravatar.com\/avatar\/98944333e7a877670a64f8d10f0cb680ab2c9ebc4efc43945ef004b52b5ad28c?s=96&d=mm&r=g","url":"https:\/\/secure.gravatar.com\/avatar\/98944333e7a877670a64f8d10f0cb680ab2c9ebc4efc43945ef004b52b5ad28c?s=96&d=mm&r=g","contentUrl":"https:\/\/secure.gravatar.com\/avatar\/98944333e7a877670a64f8d10f0cb680ab2c9ebc4efc43945ef004b52b5ad28c?s=96&d=mm&r=g","caption":"comunicacio"},"url":"https:\/\/mont-roig.cat\/es\/actualitat\/noticies\/author\/comunicacio\/"}]}},"_links":{"self":[{"href":"https:\/\/mont-roig.cat\/es\/wp-json\/wp\/v2\/posts\/58876","targetHints":{"allow":["GET"]}}],"collection":[{"href":"https:\/\/mont-roig.cat\/es\/wp-json\/wp\/v2\/posts"}],"about":[{"href":"https:\/\/mont-roig.cat\/es\/wp-json\/wp\/v2\/types\/post"}],"author":[{"embeddable":true,"href":"https:\/\/mont-roig.cat\/es\/wp-json\/wp\/v2\/users\/13"}],"replies":[{"embeddable":true,"href":"https:\/\/mont-roig.cat\/es\/wp-json\/wp\/v2\/comments?post=58876"}],"version-history":[{"count":3,"href":"https:\/\/mont-roig.cat\/es\/wp-json\/wp\/v2\/posts\/58876\/revisions"}],"predecessor-version":[{"id":58880,"href":"https:\/\/mont-roig.cat\/es\/wp-json\/wp\/v2\/posts\/58876\/revisions\/58880"}],"wp:featuredmedia":[{"embeddable":true,"href":"https:\/\/mont-roig.cat\/es\/wp-json\/wp\/v2\/media\/58874"}],"wp:attachment":[{"href":"https:\/\/mont-roig.cat\/es\/wp-json\/wp\/v2\/media?parent=58876"}],"wp:term":[{"taxonomy":"category","embeddable":true,"href":"https:\/\/mont-roig.cat\/es\/wp-json\/wp\/v2\/categories?post=58876"},{"taxonomy":"post_tag","embeddable":true,"href":"https:\/\/mont-roig.cat\/es\/wp-json\/wp\/v2\/tags?post=58876"}],"curies":[{"name":"wp","href":"https:\/\/api.w.org\/{rel}","templated":true}]}}