{"id":58909,"date":"2021-11-25T14:30:00","date_gmt":"2021-11-25T13:30:00","guid":{"rendered":"https:\/\/mont-roig.cat\/actualitat\/noticies\/per-nadal-mont-roig-i-miami-platja\/"},"modified":"2021-12-02T07:48:18","modified_gmt":"2021-12-02T06:48:18","slug":"per-nadal-mont-roig-ymiami-platja","status":"publish","type":"post","link":"https:\/\/mont-roig.cat\/es\/actualitat\/noticies\/per-nadal-mont-roig-ymiami-platja\/","title":{"rendered":"Por Navidad, Mont-roig y Miami Platja"},"content":{"rendered":"<ul>\n<li>\n<div id=\"attachment_58886\" style=\"width: 310px\" class=\"wp-caption alignright\"><a href=\"https:\/\/mont-roig.cat\/wp-content\/uploads\/Xarxes-programa-Nadal-2021_facebook.jpg\"><img loading=\"lazy\" decoding=\"async\" aria-describedby=\"caption-attachment-58886\" class=\"wp-image-58886\" src=\"https:\/\/mont-roig.cat\/wp-content\/uploads\/Xarxes-programa-Nadal-2021_facebook-500x262.jpg\" alt=\"\" width=\"300\" height=\"157\" srcset=\"https:\/\/mont-roig.cat\/wp-content\/uploads\/Xarxes-programa-Nadal-2021_facebook-500x262.jpg 500w, https:\/\/mont-roig.cat\/wp-content\/uploads\/Xarxes-programa-Nadal-2021_facebook-1024x537.jpg 1024w, https:\/\/mont-roig.cat\/wp-content\/uploads\/Xarxes-programa-Nadal-2021_facebook-768x403.jpg 768w, https:\/\/mont-roig.cat\/wp-content\/uploads\/Xarxes-programa-Nadal-2021_facebook.jpg 1500w\" sizes=\"auto, (max-width: 300px) 100vw, 300px\" \/><\/a><p id=\"caption-attachment-58886\" class=\"wp-caption-text\">Cartel programa Navidad 2021<\/p><\/div>\n<p><strong>El Ayuntamiento de Mont-roig del Camp ya lo tiene todo listo para volver disfrutar de las fiestas navide\u00f1as con una programaci\u00f3n que cuenta con m\u00e1s de cuarenta propuestas.<\/strong><\/li>\n<li><strong>De nuevo, el acto de encendido del \u00e1rbol de Navidad, que tendr\u00e1 lugar el d\u00eda 3 de diciembre en Mont-roig y el d\u00eda 4 en Miami Platja, servir\u00e1 para inaugurar unas fiestas que quieren recuperar, en la medida de lo posible , la normalidad de antes de la pandemia.<\/strong><\/li>\n<\/ul>\n<p>El Ayuntamiento de Mont-roig del Camp ya lo tiene todo listo para volver a celebrar, de nuevo, las fiestas navide\u00f1as en Mont-roig y en Miami Platja. Con una programaci\u00f3n que cuenta con m\u00e1s de cuarenta propuestas, el consistorio quiere recuperar, en la medida de lo posible, la normalidad de antes de la pandemia. Por eso, no faltan actos tradicionales como los Parques infantiles de Navidad, las cabalgatas de los Reyes Magos, la Fiesta de Fin de A\u00f1o, los espect\u00e1culos y conciertos navide\u00f1os o las carreras y competiciones deportivas. Sin embargo, desde el consistorio se recuerda que la pandemia no ha terminado y que no se puede bajar la guardia, haciendo un llamamiento tambi\u00e9n a la responsabilidad de toda la ciudadan\u00eda. Asimismo, debe tenerse en cuenta que la programaci\u00f3n puede verse modificada si entran al regir nuevas medidas por parte de las autoridades sanitarias competentes.<\/p>\n<ul>\n<li><a href=\"https:\/\/mont-roig.cat\/wp-content\/uploads\/Llibret-programa-Nadal-2021_Mont-roig-web.pdf\" target=\"_blank\" rel=\"noopener\">Programa Navidad 2021_2022 Mont-roig<\/a><\/li>\n<li><a href=\"https:\/\/mont-roig.cat\/wp-content\/uploads\/Llibret-programa-Nadal-2021_2022-Miami-Platja.pdf\" target=\"_blank\" rel=\"noopener\">Programa Navidad 2021_2022 Miami Platja<\/a><\/li>\n<\/ul>\n<p><strong>Actos para inaugurar la Navidad<\/strong><\/p>\n<p>De nuevo, los actos de encendido del \u00e1rbol de Navidad servir\u00e1n para inaugurar la programaci\u00f3n navide\u00f1a. En Mont-roig tendr\u00e1 lugar el viernes 3 de diciembre, a las 19 h, en la plaza Miramar, y contar\u00e1 con las actuaciones de los ni\u00f1os de la Escuela de M\u00fasica Municipal Baptista Nogu\u00e9s y la Coral Sant Miquel de Mont-roig. El acto de inauguraci\u00f3n de la Navidad en Miami Platja tendr\u00e1 lugar el s\u00e1bado 4 de diciembre, a las 19h, en la plaza de Tarragona y contar\u00e1 con la actuaci\u00f3n del Club de R\u00edtmica Miami Platja y de la cantante Noelia Cano. Al finalizar ambos actos, habr\u00e1 chocolate caliente para todos. Adem\u00e1s, de 17.30 a 21.30 h habr\u00e1 una bola de navidad gigante para los ni\u00f1os y durante todo el d\u00eda, se instalar\u00e1 en la plaza de Tarragona, el Mercado de Navidad, que contar\u00e1 con varias paradas que ofrecer\u00e1n toda clase de productos navide\u00f1os. En Mont-roig, el Mercado de Navidad, organizado por la asociaci\u00f3n El Portal tendr\u00e1 lugar el d\u00eda 11 de diciembre en la calle Crist\u00f2for colom.<\/p>\n<p><strong>Los ni\u00f1os, los protagonistas<\/strong><\/p>\n<p>Aunque la programaci\u00f3n incluye propuestas para todas las edades, los ni\u00f1os y ni\u00f1as volver\u00e1n a ser los indiscutibles protagonistas. As\u00ed, entre los actos destinados al p\u00fablico infantil destacan los espect\u00e1culos de t\u00edteres, los recitales de villancicos, la llegada del Home dels Nassos, la celebraci\u00f3n del Ti\u00f3 popular, los parques de Navidad y la esperada llegada de los Reyes Magos de Oriente con la cabalgata. Adem\u00e1s, este a\u00f1o tambi\u00e9n podr\u00e1n disfrutar durante estas fechas de la Fiesta de la Infancia, programada para el d\u00eda 12 de diciembre.<\/p>\n<p>En cuanto a los j\u00f3venes, tienen una serie de actos para divertirse estas fiestas como diversos talleres de decoraci\u00f3n y reposter\u00eda navide\u00f1a, la salida a Port Aventura, la verbena de fin de a\u00f1o en Mont-roig o la Festa Jove en Miami Playa, el 10 de diciembre, una de las novedades del programa de este a\u00f1o.<\/p>\n<p>Tambi\u00e9n cabe destacar, en el \u00e1mbito m\u00e1s deportivo, el primer ba\u00f1o del a\u00f1o y el vermut rumbero con el cantante Paco Enlaluna o la carrera Crema Torrons, que contar\u00e1 con varias carreras solidarias e infantiles y que servir\u00e1 para cerrar la programaci\u00f3n de Navidad.<\/p>\n<p><strong>La participaci\u00f3n de las entidades<\/strong><\/p>\n<p>Tambi\u00e9n hay diversas actividades organizadas por las entidades del municipio, como los Festivales de Navidad de R\u00edtmica y de Patinaje Art\u00edstico, del Club de R\u00edtmica de Miami Platja y de la Agrupaci\u00f3n de Patinaje de Mont-roig; la tradicional Cursa\u00a0 del Pavo, organizada por la Pe\u00f1a Ciclista de Mont-roig o la Cursa dels Nassos i Nassets, que organiza el C.E. Areny.<\/p>\n<p>Tampoco faltar\u00e1 la llegada de Pap\u00e1 Noel con Els Brivalls o el Pesebre Vivent, ti\u00f3 y recogida de cartas con los alumnos de 6\u00ba de la Escola\u00a0 Mare de D\u00e9u de la Roca. Tambi\u00e9n es necesario agradecer la participaci\u00f3n de otras entidades que se involucran en las fiestas como la asociaci\u00f3n Policrom\u00eda, la Associaci\u00f3 d&#8217;Empreses i Comer\u00e7os de Mont-roig, los Kintus, la Comisi\u00f3n de Reyes y todas aquellas personas que de forma altruista hacen posible mantener las tradiciones y la ilusi\u00f3n de los m\u00e1s peque\u00f1os en estas fiestas.<\/p>\n<p><strong>Concurso de Belenes<\/strong><\/p>\n<p>Por \u00faltimo, como ya es tradicional, desde el Ayuntamiento se invita a todo el mundo a participar en el Concurso de Belenes. Una iniciativa que premia a los pesebres familiares m\u00e1s originales, art\u00edsticos y elaborados, as\u00ed como a los pesebres juveniles e infantiles. Las inscripciones ya est\u00e1n abiertas y pueden realizarse hasta el 13 de diciembre. La entrega de premios ser\u00e1 el 4 de enero.<\/p>\n","protected":false},"excerpt":{"rendered":"<p>El Ayuntamiento de Mont-roig del Camp ya lo tiene todo listo para volver disfrutar de las fiestas navide\u00f1as con una programaci\u00f3n que cuenta con m\u00e1s de cuarenta propuestas. De nuevo, el acto de encendido del \u00e1rbol de Navidad, que tendr\u00e1 lugar el d\u00eda 3 de diciembre en Mont-roig y el d\u00eda 4 en Miami Platja, [&hellip;]<\/p>\n","protected":false},"author":13,"featured_media":58886,"comment_status":"closed","ping_status":"closed","sticky":false,"template":"","format":"standard","meta":{"inline_featured_image":false,"_monsterinsights_skip_tracking":false,"_monsterinsights_sitenote_active":false,"_monsterinsights_sitenote_note":"","_monsterinsights_sitenote_category":0,"footnotes":""},"categories":[98,105],"tags":[],"class_list":["post-58909","post","type-post","status-publish","format-standard","has-post-thumbnail","hentry","category-ayuntamiento","category-fiestas"],"yoast_head":"<!-- This site is optimized with the Yoast SEO plugin v27.4 - https:\/\/yoast.com\/product\/yoast-seo-wordpress\/ -->\n<title>Por Navidad, Mont-roig y Miami Platja - Ajuntament de Mont-roig del Camp<\/title>\n<meta name=\"robots\" content=\"index, follow, max-snippet:-1, max-image-preview:large, max-video-preview:-1\" \/>\n<link rel=\"canonical\" href=\"https:\/\/mont-roig.cat\/es\/actualitat\/noticies\/per-nadal-mont-roig-ymiami-platja\/\" \/>\n<meta property=\"og:locale\" content=\"es_ES\" \/>\n<meta property=\"og:type\" content=\"article\" \/>\n<meta property=\"og:title\" content=\"Por Navidad, Mont-roig y Miami Platja - Ajuntament de Mont-roig del Camp\" \/>\n<meta property=\"og:description\" content=\"El Ayuntamiento de Mont-roig del Camp ya lo tiene todo listo para volver disfrutar de las fiestas navide\u00f1as con una programaci\u00f3n que cuenta con m\u00e1s de cuarenta propuestas. De nuevo, el acto de encendido del \u00e1rbol de Navidad, que tendr\u00e1 lugar el d\u00eda 3 de diciembre en Mont-roig y el d\u00eda 4 en Miami Platja, [&hellip;]\" \/>\n<meta property=\"og:url\" content=\"https:\/\/mont-roig.cat\/es\/actualitat\/noticies\/per-nadal-mont-roig-ymiami-platja\/\" \/>\n<meta property=\"og:site_name\" content=\"Ajuntament de Mont-roig del Camp\" \/>\n<meta property=\"article:published_time\" content=\"2021-11-25T13:30:00+00:00\" \/>\n<meta property=\"article:modified_time\" content=\"2021-12-02T06:48:18+00:00\" \/>\n<meta property=\"og:image\" content=\"https:\/\/mont-roig.cat\/wp-content\/uploads\/Xarxes-programa-Nadal-2021_facebook.jpg\" \/>\n\t<meta property=\"og:image:width\" content=\"1500\" \/>\n\t<meta property=\"og:image:height\" content=\"787\" \/>\n\t<meta property=\"og:image:type\" content=\"image\/jpeg\" \/>\n<meta name=\"author\" content=\"comunicacio\" \/>\n<meta name=\"twitter:card\" content=\"summary_large_image\" \/>\n<meta name=\"twitter:label1\" content=\"Escrito por\" \/>\n\t<meta name=\"twitter:data1\" content=\"comunicacio\" \/>\n\t<meta name=\"twitter:label2\" content=\"Tiempo de lectura\" \/>\n\t<meta name=\"twitter:data2\" content=\"4 minutos\" \/>\n<script type=\"application\/ld+json\" class=\"yoast-schema-graph\">{\"@context\":\"https:\\\/\\\/schema.org\",\"@graph\":[{\"@type\":\"Article\",\"@id\":\"https:\\\/\\\/mont-roig.cat\\\/es\\\/actualitat\\\/noticies\\\/per-nadal-mont-roig-ymiami-platja\\\/#article\",\"isPartOf\":{\"@id\":\"https:\\\/\\\/mont-roig.cat\\\/es\\\/actualitat\\\/noticies\\\/per-nadal-mont-roig-ymiami-platja\\\/\"},\"author\":{\"name\":\"comunicacio\",\"@id\":\"https:\\\/\\\/mont-roig.cat\\\/es\\\/#\\\/schema\\\/person\\\/1f73e7b5e6f9dd122e8a6f14f310ac5e\"},\"headline\":\"Por Navidad, Mont-roig y Miami Platja\",\"datePublished\":\"2021-11-25T13:30:00+00:00\",\"dateModified\":\"2021-12-02T06:48:18+00:00\",\"mainEntityOfPage\":{\"@id\":\"https:\\\/\\\/mont-roig.cat\\\/es\\\/actualitat\\\/noticies\\\/per-nadal-mont-roig-ymiami-platja\\\/\"},\"wordCount\":897,\"image\":{\"@id\":\"https:\\\/\\\/mont-roig.cat\\\/es\\\/actualitat\\\/noticies\\\/per-nadal-mont-roig-ymiami-platja\\\/#primaryimage\"},\"thumbnailUrl\":\"https:\\\/\\\/mont-roig.cat\\\/wp-content\\\/uploads\\\/Xarxes-programa-Nadal-2021_facebook.jpg\",\"articleSection\":[\"Ayuntamiento\",\"Festes\"],\"inLanguage\":\"es\"},{\"@type\":\"WebPage\",\"@id\":\"https:\\\/\\\/mont-roig.cat\\\/es\\\/actualitat\\\/noticies\\\/per-nadal-mont-roig-ymiami-platja\\\/\",\"url\":\"https:\\\/\\\/mont-roig.cat\\\/es\\\/actualitat\\\/noticies\\\/per-nadal-mont-roig-ymiami-platja\\\/\",\"name\":\"Por Navidad, Mont-roig y Miami Platja - Ajuntament de Mont-roig del Camp\",\"isPartOf\":{\"@id\":\"https:\\\/\\\/mont-roig.cat\\\/es\\\/#website\"},\"primaryImageOfPage\":{\"@id\":\"https:\\\/\\\/mont-roig.cat\\\/es\\\/actualitat\\\/noticies\\\/per-nadal-mont-roig-ymiami-platja\\\/#primaryimage\"},\"image\":{\"@id\":\"https:\\\/\\\/mont-roig.cat\\\/es\\\/actualitat\\\/noticies\\\/per-nadal-mont-roig-ymiami-platja\\\/#primaryimage\"},\"thumbnailUrl\":\"https:\\\/\\\/mont-roig.cat\\\/wp-content\\\/uploads\\\/Xarxes-programa-Nadal-2021_facebook.jpg\",\"datePublished\":\"2021-11-25T13:30:00+00:00\",\"dateModified\":\"2021-12-02T06:48:18+00:00\",\"author\":{\"@id\":\"https:\\\/\\\/mont-roig.cat\\\/es\\\/#\\\/schema\\\/person\\\/1f73e7b5e6f9dd122e8a6f14f310ac5e\"},\"breadcrumb\":{\"@id\":\"https:\\\/\\\/mont-roig.cat\\\/es\\\/actualitat\\\/noticies\\\/per-nadal-mont-roig-ymiami-platja\\\/#breadcrumb\"},\"inLanguage\":\"es\",\"potentialAction\":[{\"@type\":\"ReadAction\",\"target\":[\"https:\\\/\\\/mont-roig.cat\\\/es\\\/actualitat\\\/noticies\\\/per-nadal-mont-roig-ymiami-platja\\\/\"]}]},{\"@type\":\"ImageObject\",\"inLanguage\":\"es\",\"@id\":\"https:\\\/\\\/mont-roig.cat\\\/es\\\/actualitat\\\/noticies\\\/per-nadal-mont-roig-ymiami-platja\\\/#primaryimage\",\"url\":\"https:\\\/\\\/mont-roig.cat\\\/wp-content\\\/uploads\\\/Xarxes-programa-Nadal-2021_facebook.jpg\",\"contentUrl\":\"https:\\\/\\\/mont-roig.cat\\\/wp-content\\\/uploads\\\/Xarxes-programa-Nadal-2021_facebook.jpg\",\"width\":1500,\"height\":787},{\"@type\":\"BreadcrumbList\",\"@id\":\"https:\\\/\\\/mont-roig.cat\\\/es\\\/actualitat\\\/noticies\\\/per-nadal-mont-roig-ymiami-platja\\\/#breadcrumb\",\"itemListElement\":[{\"@type\":\"ListItem\",\"position\":1,\"name\":\"Inici\",\"item\":\"https:\\\/\\\/mont-roig.cat\\\/es\\\/pagina-de-inicio\\\/\"},{\"@type\":\"ListItem\",\"position\":2,\"name\":\"Por Navidad, Mont-roig y Miami Platja\"}]},{\"@type\":\"WebSite\",\"@id\":\"https:\\\/\\\/mont-roig.cat\\\/es\\\/#website\",\"url\":\"https:\\\/\\\/mont-roig.cat\\\/es\\\/\",\"name\":\"Ajuntament de Mont-roig del Camp\",\"description\":\"Tota la informaci\u00f3 sobre la instituci\u00f3, els seus \u00f2rgans de govern, actualitat, serveis i molt m\u00e9s.\",\"potentialAction\":[{\"@type\":\"SearchAction\",\"target\":{\"@type\":\"EntryPoint\",\"urlTemplate\":\"https:\\\/\\\/mont-roig.cat\\\/es\\\/?s={search_term_string}\"},\"query-input\":{\"@type\":\"PropertyValueSpecification\",\"valueRequired\":true,\"valueName\":\"search_term_string\"}}],\"inLanguage\":\"es\"},{\"@type\":\"Person\",\"@id\":\"https:\\\/\\\/mont-roig.cat\\\/es\\\/#\\\/schema\\\/person\\\/1f73e7b5e6f9dd122e8a6f14f310ac5e\",\"name\":\"comunicacio\",\"image\":{\"@type\":\"ImageObject\",\"inLanguage\":\"es\",\"@id\":\"https:\\\/\\\/secure.gravatar.com\\\/avatar\\\/98944333e7a877670a64f8d10f0cb680ab2c9ebc4efc43945ef004b52b5ad28c?s=96&d=mm&r=g\",\"url\":\"https:\\\/\\\/secure.gravatar.com\\\/avatar\\\/98944333e7a877670a64f8d10f0cb680ab2c9ebc4efc43945ef004b52b5ad28c?s=96&d=mm&r=g\",\"contentUrl\":\"https:\\\/\\\/secure.gravatar.com\\\/avatar\\\/98944333e7a877670a64f8d10f0cb680ab2c9ebc4efc43945ef004b52b5ad28c?s=96&d=mm&r=g\",\"caption\":\"comunicacio\"},\"url\":\"https:\\\/\\\/mont-roig.cat\\\/es\\\/actualitat\\\/noticies\\\/author\\\/comunicacio\\\/\"}]}<\/script>\n<!-- \/ Yoast SEO plugin. -->","yoast_head_json":{"title":"Por Navidad, Mont-roig y Miami Platja - Ajuntament de Mont-roig del Camp","robots":{"index":"index","follow":"follow","max-snippet":"max-snippet:-1","max-image-preview":"max-image-preview:large","max-video-preview":"max-video-preview:-1"},"canonical":"https:\/\/mont-roig.cat\/es\/actualitat\/noticies\/per-nadal-mont-roig-ymiami-platja\/","og_locale":"es_ES","og_type":"article","og_title":"Por Navidad, Mont-roig y Miami Platja - Ajuntament de Mont-roig del Camp","og_description":"El Ayuntamiento de Mont-roig del Camp ya lo tiene todo listo para volver disfrutar de las fiestas navide\u00f1as con una programaci\u00f3n que cuenta con m\u00e1s de cuarenta propuestas. De nuevo, el acto de encendido del \u00e1rbol de Navidad, que tendr\u00e1 lugar el d\u00eda 3 de diciembre en Mont-roig y el d\u00eda 4 en Miami Platja, [&hellip;]","og_url":"https:\/\/mont-roig.cat\/es\/actualitat\/noticies\/per-nadal-mont-roig-ymiami-platja\/","og_site_name":"Ajuntament de Mont-roig del Camp","article_published_time":"2021-11-25T13:30:00+00:00","article_modified_time":"2021-12-02T06:48:18+00:00","og_image":[{"width":1500,"height":787,"url":"https:\/\/mont-roig.cat\/wp-content\/uploads\/Xarxes-programa-Nadal-2021_facebook.jpg","type":"image\/jpeg"}],"author":"comunicacio","twitter_card":"summary_large_image","twitter_misc":{"Escrito por":"comunicacio","Tiempo de lectura":"4 minutos"},"schema":{"@context":"https:\/\/schema.org","@graph":[{"@type":"Article","@id":"https:\/\/mont-roig.cat\/es\/actualitat\/noticies\/per-nadal-mont-roig-ymiami-platja\/#article","isPartOf":{"@id":"https:\/\/mont-roig.cat\/es\/actualitat\/noticies\/per-nadal-mont-roig-ymiami-platja\/"},"author":{"name":"comunicacio","@id":"https:\/\/mont-roig.cat\/es\/#\/schema\/person\/1f73e7b5e6f9dd122e8a6f14f310ac5e"},"headline":"Por Navidad, Mont-roig y Miami Platja","datePublished":"2021-11-25T13:30:00+00:00","dateModified":"2021-12-02T06:48:18+00:00","mainEntityOfPage":{"@id":"https:\/\/mont-roig.cat\/es\/actualitat\/noticies\/per-nadal-mont-roig-ymiami-platja\/"},"wordCount":897,"image":{"@id":"https:\/\/mont-roig.cat\/es\/actualitat\/noticies\/per-nadal-mont-roig-ymiami-platja\/#primaryimage"},"thumbnailUrl":"https:\/\/mont-roig.cat\/wp-content\/uploads\/Xarxes-programa-Nadal-2021_facebook.jpg","articleSection":["Ayuntamiento","Festes"],"inLanguage":"es"},{"@type":"WebPage","@id":"https:\/\/mont-roig.cat\/es\/actualitat\/noticies\/per-nadal-mont-roig-ymiami-platja\/","url":"https:\/\/mont-roig.cat\/es\/actualitat\/noticies\/per-nadal-mont-roig-ymiami-platja\/","name":"Por Navidad, Mont-roig y Miami Platja - Ajuntament de Mont-roig del Camp","isPartOf":{"@id":"https:\/\/mont-roig.cat\/es\/#website"},"primaryImageOfPage":{"@id":"https:\/\/mont-roig.cat\/es\/actualitat\/noticies\/per-nadal-mont-roig-ymiami-platja\/#primaryimage"},"image":{"@id":"https:\/\/mont-roig.cat\/es\/actualitat\/noticies\/per-nadal-mont-roig-ymiami-platja\/#primaryimage"},"thumbnailUrl":"https:\/\/mont-roig.cat\/wp-content\/uploads\/Xarxes-programa-Nadal-2021_facebook.jpg","datePublished":"2021-11-25T13:30:00+00:00","dateModified":"2021-12-02T06:48:18+00:00","author":{"@id":"https:\/\/mont-roig.cat\/es\/#\/schema\/person\/1f73e7b5e6f9dd122e8a6f14f310ac5e"},"breadcrumb":{"@id":"https:\/\/mont-roig.cat\/es\/actualitat\/noticies\/per-nadal-mont-roig-ymiami-platja\/#breadcrumb"},"inLanguage":"es","potentialAction":[{"@type":"ReadAction","target":["https:\/\/mont-roig.cat\/es\/actualitat\/noticies\/per-nadal-mont-roig-ymiami-platja\/"]}]},{"@type":"ImageObject","inLanguage":"es","@id":"https:\/\/mont-roig.cat\/es\/actualitat\/noticies\/per-nadal-mont-roig-ymiami-platja\/#primaryimage","url":"https:\/\/mont-roig.cat\/wp-content\/uploads\/Xarxes-programa-Nadal-2021_facebook.jpg","contentUrl":"https:\/\/mont-roig.cat\/wp-content\/uploads\/Xarxes-programa-Nadal-2021_facebook.jpg","width":1500,"height":787},{"@type":"BreadcrumbList","@id":"https:\/\/mont-roig.cat\/es\/actualitat\/noticies\/per-nadal-mont-roig-ymiami-platja\/#breadcrumb","itemListElement":[{"@type":"ListItem","position":1,"name":"Inici","item":"https:\/\/mont-roig.cat\/es\/pagina-de-inicio\/"},{"@type":"ListItem","position":2,"name":"Por Navidad, Mont-roig y Miami Platja"}]},{"@type":"WebSite","@id":"https:\/\/mont-roig.cat\/es\/#website","url":"https:\/\/mont-roig.cat\/es\/","name":"Ajuntament de Mont-roig del Camp","description":"Tota la informaci\u00f3 sobre la instituci\u00f3, els seus \u00f2rgans de govern, actualitat, serveis i molt m\u00e9s.","potentialAction":[{"@type":"SearchAction","target":{"@type":"EntryPoint","urlTemplate":"https:\/\/mont-roig.cat\/es\/?s={search_term_string}"},"query-input":{"@type":"PropertyValueSpecification","valueRequired":true,"valueName":"search_term_string"}}],"inLanguage":"es"},{"@type":"Person","@id":"https:\/\/mont-roig.cat\/es\/#\/schema\/person\/1f73e7b5e6f9dd122e8a6f14f310ac5e","name":"comunicacio","image":{"@type":"ImageObject","inLanguage":"es","@id":"https:\/\/secure.gravatar.com\/avatar\/98944333e7a877670a64f8d10f0cb680ab2c9ebc4efc43945ef004b52b5ad28c?s=96&d=mm&r=g","url":"https:\/\/secure.gravatar.com\/avatar\/98944333e7a877670a64f8d10f0cb680ab2c9ebc4efc43945ef004b52b5ad28c?s=96&d=mm&r=g","contentUrl":"https:\/\/secure.gravatar.com\/avatar\/98944333e7a877670a64f8d10f0cb680ab2c9ebc4efc43945ef004b52b5ad28c?s=96&d=mm&r=g","caption":"comunicacio"},"url":"https:\/\/mont-roig.cat\/es\/actualitat\/noticies\/author\/comunicacio\/"}]}},"_links":{"self":[{"href":"https:\/\/mont-roig.cat\/es\/wp-json\/wp\/v2\/posts\/58909","targetHints":{"allow":["GET"]}}],"collection":[{"href":"https:\/\/mont-roig.cat\/es\/wp-json\/wp\/v2\/posts"}],"about":[{"href":"https:\/\/mont-roig.cat\/es\/wp-json\/wp\/v2\/types\/post"}],"author":[{"embeddable":true,"href":"https:\/\/mont-roig.cat\/es\/wp-json\/wp\/v2\/users\/13"}],"replies":[{"embeddable":true,"href":"https:\/\/mont-roig.cat\/es\/wp-json\/wp\/v2\/comments?post=58909"}],"version-history":[{"count":6,"href":"https:\/\/mont-roig.cat\/es\/wp-json\/wp\/v2\/posts\/58909\/revisions"}],"predecessor-version":[{"id":59053,"href":"https:\/\/mont-roig.cat\/es\/wp-json\/wp\/v2\/posts\/58909\/revisions\/59053"}],"wp:featuredmedia":[{"embeddable":true,"href":"https:\/\/mont-roig.cat\/es\/wp-json\/wp\/v2\/media\/58886"}],"wp:attachment":[{"href":"https:\/\/mont-roig.cat\/es\/wp-json\/wp\/v2\/media?parent=58909"}],"wp:term":[{"taxonomy":"category","embeddable":true,"href":"https:\/\/mont-roig.cat\/es\/wp-json\/wp\/v2\/categories?post=58909"},{"taxonomy":"post_tag","embeddable":true,"href":"https:\/\/mont-roig.cat\/es\/wp-json\/wp\/v2\/tags?post=58909"}],"curies":[{"name":"wp","href":"https:\/\/api.w.org\/{rel}","templated":true}]}}