{"id":59375,"date":"2021-12-16T17:09:50","date_gmt":"2021-12-16T16:09:50","guid":{"rendered":"https:\/\/mont-roig.cat\/actualitat\/noticies\/la-policia-local-de-mont-roig-del-camp-participa-en-la-campanya-de-transit-de-nadal-amb-controls-dalcoholemies-i-drogues\/"},"modified":"2021-12-16T20:12:12","modified_gmt":"2021-12-16T19:12:12","slug":"la-policia-local-de-mont-roig-del-camp-participa-en-la-campanya-de-transit-de-nadal-amb-controls-dalcoholemies-i-drogues","status":"publish","type":"post","link":"https:\/\/mont-roig.cat\/es\/actualitat\/noticies\/la-policia-local-de-mont-roig-del-camp-participa-en-la-campanya-de-transit-de-nadal-amb-controls-dalcoholemies-i-drogues\/","title":{"rendered":"La Polic\u00eda Local de Mont-roig del Camp participa en la campa\u00f1a de tr\u00e1fico de controles de alcoholemias y drogas"},"content":{"rendered":"<ul>\n<li>\n<div id=\"attachment_59380\" style=\"width: 310px\" class=\"wp-caption alignright\"><a href=\"https:\/\/mont-roig.cat\/wp-content\/uploads\/9a993a1f-9a10-4f84-a66c-147bfbb6cd41.jpg\"><img loading=\"lazy\" decoding=\"async\" aria-describedby=\"caption-attachment-59380\" class=\"wp-image-59380\" src=\"https:\/\/mont-roig.cat\/wp-content\/uploads\/9a993a1f-9a10-4f84-a66c-147bfbb6cd41-500x375.jpg\" alt=\"\" width=\"300\" height=\"225\" srcset=\"https:\/\/mont-roig.cat\/wp-content\/uploads\/9a993a1f-9a10-4f84-a66c-147bfbb6cd41-500x375.jpg 500w, https:\/\/mont-roig.cat\/wp-content\/uploads\/9a993a1f-9a10-4f84-a66c-147bfbb6cd41-1024x768.jpg 1024w, https:\/\/mont-roig.cat\/wp-content\/uploads\/9a993a1f-9a10-4f84-a66c-147bfbb6cd41-768x576.jpg 768w, https:\/\/mont-roig.cat\/wp-content\/uploads\/9a993a1f-9a10-4f84-a66c-147bfbb6cd41-1536x1152.jpg 1536w, https:\/\/mont-roig.cat\/wp-content\/uploads\/9a993a1f-9a10-4f84-a66c-147bfbb6cd41-463x348.jpg 463w, https:\/\/mont-roig.cat\/wp-content\/uploads\/9a993a1f-9a10-4f84-a66c-147bfbb6cd41.jpg 2000w\" sizes=\"auto, (max-width: 300px) 100vw, 300px\" \/><\/a><p id=\"caption-attachment-59380\" class=\"wp-caption-text\">Imagen de hoy de la Polic\u00eda Local en un control en Miami Platja.<\/p><\/div>\n<p><strong>Desde hoy y hasta el 23 de diciembre se llevar\u00e1n a cabo controles en varios puntos del municipio para identificar a los conductores que est\u00e1n bajo los efectos del alcohol o de sustancias estupefacientes.<\/strong><\/li>\n<li><strong>\u00a0La Polic\u00eda Local recuerda que la \u00fanica tasa segura de alcohol es el 0,0% si se debe conducir cualquier clase de veh\u00edculo, y tambi\u00e9n se pide no subir a ning\u00fan veh\u00edculo si el conductor ha consumido alcohol o drogas.<\/strong><\/li>\n<\/ul>\n<p>Del 16 al 23 de diciembre de 2021 se realizar\u00e1 una nueva campa\u00f1a de control y vigilancia del tr\u00e1fico con cargo a los efectivos de la Polic\u00eda Local. En este caso, ser\u00e1 una campa\u00f1a coordinada con los Mossos d&#8217;Esquadra en la que se controlar\u00e1 la conducci\u00f3n bajo los efectos de bebidas alcoh\u00f3licas y sustancias estupefacientes. Esta campa\u00f1a se enmarca en una campa\u00f1a que tanto en el \u00e1mbito estatal, la DGT, como en el \u00e1mbito auton\u00f3mico, el Servei Catal\u00e0 de Tr\u00e0nsit, realizan estos d\u00edas coincidiendo con el incremento de desplazamientos y de reuniones sociales justo antes de las fiestas de Navidad.<\/p>\n<p>Al igual que la DGT, desde la Polic\u00eda Local de Mont-roig del Camp, se recuerda que la \u00fanica tasa de alcohol segura es la 0,0%, ya que todav\u00eda con tasas de alcoholemia dentro de los l\u00edmites permitidos, el riesgo de sufrir un accidente se ve incrementado.<\/p>\n<p>Adem\u00e1s, la reforma de la Ley de Tr\u00e1fico y Seguridad Vial aprobada este mes de diciembre en el Congreso ya introduce la tasa de 0,0% en alcoholemias para los conductores noveles, entrando en vigor en marzo del pr\u00f3ximo a\u00f1o 2022.<\/p>\n<p>Desde la Polic\u00eda Local se recuerda tambi\u00e9n la importancia de evitar subir a ning\u00fan veh\u00edculo en el que el conductor haya consumido alcohol u otras substancias. Asimismo, se recuerda que todos los conductores de todo tipo de veh\u00edculos, incluidos los veh\u00edculos de movilidad personal, est\u00e1n obligados a someterse a las pruebas de detecci\u00f3n de alcohol y drogas y que pueden ser igualmente sancionados.<\/p>\n<p><strong>Las tasas permitidas<\/strong><\/p>\n<p>Las tasas m\u00e1ximas permitidas de alcohol en aire espirado son de 0.25 mg\/l para los conductores en general y de 0,15 mg\/l para los conductores noveles y profesionales. En cuanto al tema de sustancias estupefacientes, est\u00e1 prohibida la conducci\u00f3n de ninguna clase de veh\u00edculo con presencia de drogas en el organismo, as\u00ed que no existe una tasa concreta, s\u00f3lo con la detecci\u00f3n de estas sustancias en el organismo ya comporta una sanci\u00f3n econ\u00f3mica.<\/p>\n","protected":false},"excerpt":{"rendered":"<p>Desde hoy y hasta el 23 de diciembre se llevar\u00e1n a cabo controles en varios puntos del municipio para identificar a los conductores que est\u00e1n bajo los efectos del alcohol o de sustancias estupefacientes. \u00a0La Polic\u00eda Local recuerda que la \u00fanica tasa segura de alcohol es el 0,0% si se debe conducir cualquier clase de [&hellip;]<\/p>\n","protected":false},"author":13,"featured_media":59380,"comment_status":"closed","ping_status":"closed","sticky":false,"template":"","format":"standard","meta":{"inline_featured_image":false,"_monsterinsights_skip_tracking":false,"_monsterinsights_sitenote_active":false,"_monsterinsights_sitenote_note":"","_monsterinsights_sitenote_category":0,"footnotes":""},"categories":[98,113],"tags":[],"class_list":["post-59375","post","type-post","status-publish","format-standard","has-post-thumbnail","hentry","category-ayuntamiento","category-seguridad"],"yoast_head":"<!-- This site is optimized with the Yoast SEO plugin v27.4 - https:\/\/yoast.com\/product\/yoast-seo-wordpress\/ -->\n<title>La Polic\u00eda Local de Mont-roig del Camp participa en la campa\u00f1a de tr\u00e1fico de controles de alcoholemias y drogas - Ajuntament de Mont-roig del Camp<\/title>\n<meta name=\"robots\" content=\"index, follow, max-snippet:-1, max-image-preview:large, max-video-preview:-1\" \/>\n<link rel=\"canonical\" href=\"https:\/\/mont-roig.cat\/es\/actualitat\/noticies\/la-policia-local-de-mont-roig-del-camp-participa-en-la-campanya-de-transit-de-nadal-amb-controls-dalcoholemies-i-drogues\/\" \/>\n<meta property=\"og:locale\" content=\"es_ES\" \/>\n<meta property=\"og:type\" content=\"article\" \/>\n<meta property=\"og:title\" content=\"La Polic\u00eda Local de Mont-roig del Camp participa en la campa\u00f1a de tr\u00e1fico de controles de alcoholemias y drogas - Ajuntament de Mont-roig del Camp\" \/>\n<meta property=\"og:description\" content=\"Desde hoy y hasta el 23 de diciembre se llevar\u00e1n a cabo controles en varios puntos del municipio para identificar a los conductores que est\u00e1n bajo los efectos del alcohol o de sustancias estupefacientes. \u00a0La Polic\u00eda Local recuerda que la \u00fanica tasa segura de alcohol es el 0,0% si se debe conducir cualquier clase de [&hellip;]\" \/>\n<meta property=\"og:url\" content=\"https:\/\/mont-roig.cat\/es\/actualitat\/noticies\/la-policia-local-de-mont-roig-del-camp-participa-en-la-campanya-de-transit-de-nadal-amb-controls-dalcoholemies-i-drogues\/\" \/>\n<meta property=\"og:site_name\" content=\"Ajuntament de Mont-roig del Camp\" \/>\n<meta property=\"article:published_time\" content=\"2021-12-16T16:09:50+00:00\" \/>\n<meta property=\"article:modified_time\" content=\"2021-12-16T19:12:12+00:00\" \/>\n<meta property=\"og:image\" content=\"https:\/\/mont-roig.cat\/wp-content\/uploads\/9a993a1f-9a10-4f84-a66c-147bfbb6cd41.jpg\" \/>\n\t<meta property=\"og:image:width\" content=\"2000\" \/>\n\t<meta property=\"og:image:height\" content=\"1500\" \/>\n\t<meta property=\"og:image:type\" content=\"image\/jpeg\" \/>\n<meta name=\"author\" content=\"comunicacio\" \/>\n<meta name=\"twitter:card\" content=\"summary_large_image\" \/>\n<meta name=\"twitter:label1\" content=\"Escrito por\" \/>\n\t<meta name=\"twitter:data1\" content=\"comunicacio\" \/>\n\t<meta name=\"twitter:label2\" content=\"Tiempo de lectura\" \/>\n\t<meta name=\"twitter:data2\" content=\"3 minutos\" \/>\n<script type=\"application\/ld+json\" class=\"yoast-schema-graph\">{\"@context\":\"https:\\\/\\\/schema.org\",\"@graph\":[{\"@type\":\"Article\",\"@id\":\"https:\\\/\\\/mont-roig.cat\\\/es\\\/actualitat\\\/noticies\\\/la-policia-local-de-mont-roig-del-camp-participa-en-la-campanya-de-transit-de-nadal-amb-controls-dalcoholemies-i-drogues\\\/#article\",\"isPartOf\":{\"@id\":\"https:\\\/\\\/mont-roig.cat\\\/es\\\/actualitat\\\/noticies\\\/la-policia-local-de-mont-roig-del-camp-participa-en-la-campanya-de-transit-de-nadal-amb-controls-dalcoholemies-i-drogues\\\/\"},\"author\":{\"name\":\"comunicacio\",\"@id\":\"https:\\\/\\\/mont-roig.cat\\\/es\\\/#\\\/schema\\\/person\\\/1f73e7b5e6f9dd122e8a6f14f310ac5e\"},\"headline\":\"La Polic\u00eda Local de Mont-roig del Camp participa en la campa\u00f1a de tr\u00e1fico de controles de alcoholemias y drogas\",\"datePublished\":\"2021-12-16T16:09:50+00:00\",\"dateModified\":\"2021-12-16T19:12:12+00:00\",\"mainEntityOfPage\":{\"@id\":\"https:\\\/\\\/mont-roig.cat\\\/es\\\/actualitat\\\/noticies\\\/la-policia-local-de-mont-roig-del-camp-participa-en-la-campanya-de-transit-de-nadal-amb-controls-dalcoholemies-i-drogues\\\/\"},\"wordCount\":473,\"image\":{\"@id\":\"https:\\\/\\\/mont-roig.cat\\\/es\\\/actualitat\\\/noticies\\\/la-policia-local-de-mont-roig-del-camp-participa-en-la-campanya-de-transit-de-nadal-amb-controls-dalcoholemies-i-drogues\\\/#primaryimage\"},\"thumbnailUrl\":\"https:\\\/\\\/mont-roig.cat\\\/wp-content\\\/uploads\\\/9a993a1f-9a10-4f84-a66c-147bfbb6cd41.jpg\",\"articleSection\":[\"Ayuntamiento\",\"Seguridad\"],\"inLanguage\":\"es\"},{\"@type\":\"WebPage\",\"@id\":\"https:\\\/\\\/mont-roig.cat\\\/es\\\/actualitat\\\/noticies\\\/la-policia-local-de-mont-roig-del-camp-participa-en-la-campanya-de-transit-de-nadal-amb-controls-dalcoholemies-i-drogues\\\/\",\"url\":\"https:\\\/\\\/mont-roig.cat\\\/es\\\/actualitat\\\/noticies\\\/la-policia-local-de-mont-roig-del-camp-participa-en-la-campanya-de-transit-de-nadal-amb-controls-dalcoholemies-i-drogues\\\/\",\"name\":\"La Polic\u00eda Local de Mont-roig del Camp participa en la campa\u00f1a de tr\u00e1fico de controles de alcoholemias y drogas - Ajuntament de Mont-roig del Camp\",\"isPartOf\":{\"@id\":\"https:\\\/\\\/mont-roig.cat\\\/es\\\/#website\"},\"primaryImageOfPage\":{\"@id\":\"https:\\\/\\\/mont-roig.cat\\\/es\\\/actualitat\\\/noticies\\\/la-policia-local-de-mont-roig-del-camp-participa-en-la-campanya-de-transit-de-nadal-amb-controls-dalcoholemies-i-drogues\\\/#primaryimage\"},\"image\":{\"@id\":\"https:\\\/\\\/mont-roig.cat\\\/es\\\/actualitat\\\/noticies\\\/la-policia-local-de-mont-roig-del-camp-participa-en-la-campanya-de-transit-de-nadal-amb-controls-dalcoholemies-i-drogues\\\/#primaryimage\"},\"thumbnailUrl\":\"https:\\\/\\\/mont-roig.cat\\\/wp-content\\\/uploads\\\/9a993a1f-9a10-4f84-a66c-147bfbb6cd41.jpg\",\"datePublished\":\"2021-12-16T16:09:50+00:00\",\"dateModified\":\"2021-12-16T19:12:12+00:00\",\"author\":{\"@id\":\"https:\\\/\\\/mont-roig.cat\\\/es\\\/#\\\/schema\\\/person\\\/1f73e7b5e6f9dd122e8a6f14f310ac5e\"},\"breadcrumb\":{\"@id\":\"https:\\\/\\\/mont-roig.cat\\\/es\\\/actualitat\\\/noticies\\\/la-policia-local-de-mont-roig-del-camp-participa-en-la-campanya-de-transit-de-nadal-amb-controls-dalcoholemies-i-drogues\\\/#breadcrumb\"},\"inLanguage\":\"es\",\"potentialAction\":[{\"@type\":\"ReadAction\",\"target\":[\"https:\\\/\\\/mont-roig.cat\\\/es\\\/actualitat\\\/noticies\\\/la-policia-local-de-mont-roig-del-camp-participa-en-la-campanya-de-transit-de-nadal-amb-controls-dalcoholemies-i-drogues\\\/\"]}]},{\"@type\":\"ImageObject\",\"inLanguage\":\"es\",\"@id\":\"https:\\\/\\\/mont-roig.cat\\\/es\\\/actualitat\\\/noticies\\\/la-policia-local-de-mont-roig-del-camp-participa-en-la-campanya-de-transit-de-nadal-amb-controls-dalcoholemies-i-drogues\\\/#primaryimage\",\"url\":\"https:\\\/\\\/mont-roig.cat\\\/wp-content\\\/uploads\\\/9a993a1f-9a10-4f84-a66c-147bfbb6cd41.jpg\",\"contentUrl\":\"https:\\\/\\\/mont-roig.cat\\\/wp-content\\\/uploads\\\/9a993a1f-9a10-4f84-a66c-147bfbb6cd41.jpg\",\"width\":2000,\"height\":1500},{\"@type\":\"BreadcrumbList\",\"@id\":\"https:\\\/\\\/mont-roig.cat\\\/es\\\/actualitat\\\/noticies\\\/la-policia-local-de-mont-roig-del-camp-participa-en-la-campanya-de-transit-de-nadal-amb-controls-dalcoholemies-i-drogues\\\/#breadcrumb\",\"itemListElement\":[{\"@type\":\"ListItem\",\"position\":1,\"name\":\"Inici\",\"item\":\"https:\\\/\\\/mont-roig.cat\\\/es\\\/pagina-de-inicio\\\/\"},{\"@type\":\"ListItem\",\"position\":2,\"name\":\"La Polic\u00eda Local de Mont-roig del Camp participa en la campa\u00f1a de tr\u00e1fico de controles de alcoholemias y drogas\"}]},{\"@type\":\"WebSite\",\"@id\":\"https:\\\/\\\/mont-roig.cat\\\/es\\\/#website\",\"url\":\"https:\\\/\\\/mont-roig.cat\\\/es\\\/\",\"name\":\"Ajuntament de Mont-roig del Camp\",\"description\":\"Tota la informaci\u00f3 sobre la instituci\u00f3, els seus \u00f2rgans de govern, actualitat, serveis i molt m\u00e9s.\",\"potentialAction\":[{\"@type\":\"SearchAction\",\"target\":{\"@type\":\"EntryPoint\",\"urlTemplate\":\"https:\\\/\\\/mont-roig.cat\\\/es\\\/?s={search_term_string}\"},\"query-input\":{\"@type\":\"PropertyValueSpecification\",\"valueRequired\":true,\"valueName\":\"search_term_string\"}}],\"inLanguage\":\"es\"},{\"@type\":\"Person\",\"@id\":\"https:\\\/\\\/mont-roig.cat\\\/es\\\/#\\\/schema\\\/person\\\/1f73e7b5e6f9dd122e8a6f14f310ac5e\",\"name\":\"comunicacio\",\"image\":{\"@type\":\"ImageObject\",\"inLanguage\":\"es\",\"@id\":\"https:\\\/\\\/secure.gravatar.com\\\/avatar\\\/98944333e7a877670a64f8d10f0cb680ab2c9ebc4efc43945ef004b52b5ad28c?s=96&d=mm&r=g\",\"url\":\"https:\\\/\\\/secure.gravatar.com\\\/avatar\\\/98944333e7a877670a64f8d10f0cb680ab2c9ebc4efc43945ef004b52b5ad28c?s=96&d=mm&r=g\",\"contentUrl\":\"https:\\\/\\\/secure.gravatar.com\\\/avatar\\\/98944333e7a877670a64f8d10f0cb680ab2c9ebc4efc43945ef004b52b5ad28c?s=96&d=mm&r=g\",\"caption\":\"comunicacio\"},\"url\":\"https:\\\/\\\/mont-roig.cat\\\/es\\\/actualitat\\\/noticies\\\/author\\\/comunicacio\\\/\"}]}<\/script>\n<!-- \/ Yoast SEO plugin. -->","yoast_head_json":{"title":"La Polic\u00eda Local de Mont-roig del Camp participa en la campa\u00f1a de tr\u00e1fico de controles de alcoholemias y drogas - Ajuntament de Mont-roig del Camp","robots":{"index":"index","follow":"follow","max-snippet":"max-snippet:-1","max-image-preview":"max-image-preview:large","max-video-preview":"max-video-preview:-1"},"canonical":"https:\/\/mont-roig.cat\/es\/actualitat\/noticies\/la-policia-local-de-mont-roig-del-camp-participa-en-la-campanya-de-transit-de-nadal-amb-controls-dalcoholemies-i-drogues\/","og_locale":"es_ES","og_type":"article","og_title":"La Polic\u00eda Local de Mont-roig del Camp participa en la campa\u00f1a de tr\u00e1fico de controles de alcoholemias y drogas - Ajuntament de Mont-roig del Camp","og_description":"Desde hoy y hasta el 23 de diciembre se llevar\u00e1n a cabo controles en varios puntos del municipio para identificar a los conductores que est\u00e1n bajo los efectos del alcohol o de sustancias estupefacientes. \u00a0La Polic\u00eda Local recuerda que la \u00fanica tasa segura de alcohol es el 0,0% si se debe conducir cualquier clase de [&hellip;]","og_url":"https:\/\/mont-roig.cat\/es\/actualitat\/noticies\/la-policia-local-de-mont-roig-del-camp-participa-en-la-campanya-de-transit-de-nadal-amb-controls-dalcoholemies-i-drogues\/","og_site_name":"Ajuntament de Mont-roig del Camp","article_published_time":"2021-12-16T16:09:50+00:00","article_modified_time":"2021-12-16T19:12:12+00:00","og_image":[{"width":2000,"height":1500,"url":"https:\/\/mont-roig.cat\/wp-content\/uploads\/9a993a1f-9a10-4f84-a66c-147bfbb6cd41.jpg","type":"image\/jpeg"}],"author":"comunicacio","twitter_card":"summary_large_image","twitter_misc":{"Escrito por":"comunicacio","Tiempo de lectura":"3 minutos"},"schema":{"@context":"https:\/\/schema.org","@graph":[{"@type":"Article","@id":"https:\/\/mont-roig.cat\/es\/actualitat\/noticies\/la-policia-local-de-mont-roig-del-camp-participa-en-la-campanya-de-transit-de-nadal-amb-controls-dalcoholemies-i-drogues\/#article","isPartOf":{"@id":"https:\/\/mont-roig.cat\/es\/actualitat\/noticies\/la-policia-local-de-mont-roig-del-camp-participa-en-la-campanya-de-transit-de-nadal-amb-controls-dalcoholemies-i-drogues\/"},"author":{"name":"comunicacio","@id":"https:\/\/mont-roig.cat\/es\/#\/schema\/person\/1f73e7b5e6f9dd122e8a6f14f310ac5e"},"headline":"La Polic\u00eda Local de Mont-roig del Camp participa en la campa\u00f1a de tr\u00e1fico de controles de alcoholemias y drogas","datePublished":"2021-12-16T16:09:50+00:00","dateModified":"2021-12-16T19:12:12+00:00","mainEntityOfPage":{"@id":"https:\/\/mont-roig.cat\/es\/actualitat\/noticies\/la-policia-local-de-mont-roig-del-camp-participa-en-la-campanya-de-transit-de-nadal-amb-controls-dalcoholemies-i-drogues\/"},"wordCount":473,"image":{"@id":"https:\/\/mont-roig.cat\/es\/actualitat\/noticies\/la-policia-local-de-mont-roig-del-camp-participa-en-la-campanya-de-transit-de-nadal-amb-controls-dalcoholemies-i-drogues\/#primaryimage"},"thumbnailUrl":"https:\/\/mont-roig.cat\/wp-content\/uploads\/9a993a1f-9a10-4f84-a66c-147bfbb6cd41.jpg","articleSection":["Ayuntamiento","Seguridad"],"inLanguage":"es"},{"@type":"WebPage","@id":"https:\/\/mont-roig.cat\/es\/actualitat\/noticies\/la-policia-local-de-mont-roig-del-camp-participa-en-la-campanya-de-transit-de-nadal-amb-controls-dalcoholemies-i-drogues\/","url":"https:\/\/mont-roig.cat\/es\/actualitat\/noticies\/la-policia-local-de-mont-roig-del-camp-participa-en-la-campanya-de-transit-de-nadal-amb-controls-dalcoholemies-i-drogues\/","name":"La Polic\u00eda Local de Mont-roig del Camp participa en la campa\u00f1a de tr\u00e1fico de controles de alcoholemias y drogas - Ajuntament de Mont-roig del Camp","isPartOf":{"@id":"https:\/\/mont-roig.cat\/es\/#website"},"primaryImageOfPage":{"@id":"https:\/\/mont-roig.cat\/es\/actualitat\/noticies\/la-policia-local-de-mont-roig-del-camp-participa-en-la-campanya-de-transit-de-nadal-amb-controls-dalcoholemies-i-drogues\/#primaryimage"},"image":{"@id":"https:\/\/mont-roig.cat\/es\/actualitat\/noticies\/la-policia-local-de-mont-roig-del-camp-participa-en-la-campanya-de-transit-de-nadal-amb-controls-dalcoholemies-i-drogues\/#primaryimage"},"thumbnailUrl":"https:\/\/mont-roig.cat\/wp-content\/uploads\/9a993a1f-9a10-4f84-a66c-147bfbb6cd41.jpg","datePublished":"2021-12-16T16:09:50+00:00","dateModified":"2021-12-16T19:12:12+00:00","author":{"@id":"https:\/\/mont-roig.cat\/es\/#\/schema\/person\/1f73e7b5e6f9dd122e8a6f14f310ac5e"},"breadcrumb":{"@id":"https:\/\/mont-roig.cat\/es\/actualitat\/noticies\/la-policia-local-de-mont-roig-del-camp-participa-en-la-campanya-de-transit-de-nadal-amb-controls-dalcoholemies-i-drogues\/#breadcrumb"},"inLanguage":"es","potentialAction":[{"@type":"ReadAction","target":["https:\/\/mont-roig.cat\/es\/actualitat\/noticies\/la-policia-local-de-mont-roig-del-camp-participa-en-la-campanya-de-transit-de-nadal-amb-controls-dalcoholemies-i-drogues\/"]}]},{"@type":"ImageObject","inLanguage":"es","@id":"https:\/\/mont-roig.cat\/es\/actualitat\/noticies\/la-policia-local-de-mont-roig-del-camp-participa-en-la-campanya-de-transit-de-nadal-amb-controls-dalcoholemies-i-drogues\/#primaryimage","url":"https:\/\/mont-roig.cat\/wp-content\/uploads\/9a993a1f-9a10-4f84-a66c-147bfbb6cd41.jpg","contentUrl":"https:\/\/mont-roig.cat\/wp-content\/uploads\/9a993a1f-9a10-4f84-a66c-147bfbb6cd41.jpg","width":2000,"height":1500},{"@type":"BreadcrumbList","@id":"https:\/\/mont-roig.cat\/es\/actualitat\/noticies\/la-policia-local-de-mont-roig-del-camp-participa-en-la-campanya-de-transit-de-nadal-amb-controls-dalcoholemies-i-drogues\/#breadcrumb","itemListElement":[{"@type":"ListItem","position":1,"name":"Inici","item":"https:\/\/mont-roig.cat\/es\/pagina-de-inicio\/"},{"@type":"ListItem","position":2,"name":"La Polic\u00eda Local de Mont-roig del Camp participa en la campa\u00f1a de tr\u00e1fico de controles de alcoholemias y drogas"}]},{"@type":"WebSite","@id":"https:\/\/mont-roig.cat\/es\/#website","url":"https:\/\/mont-roig.cat\/es\/","name":"Ajuntament de Mont-roig del Camp","description":"Tota la informaci\u00f3 sobre la instituci\u00f3, els seus \u00f2rgans de govern, actualitat, serveis i molt m\u00e9s.","potentialAction":[{"@type":"SearchAction","target":{"@type":"EntryPoint","urlTemplate":"https:\/\/mont-roig.cat\/es\/?s={search_term_string}"},"query-input":{"@type":"PropertyValueSpecification","valueRequired":true,"valueName":"search_term_string"}}],"inLanguage":"es"},{"@type":"Person","@id":"https:\/\/mont-roig.cat\/es\/#\/schema\/person\/1f73e7b5e6f9dd122e8a6f14f310ac5e","name":"comunicacio","image":{"@type":"ImageObject","inLanguage":"es","@id":"https:\/\/secure.gravatar.com\/avatar\/98944333e7a877670a64f8d10f0cb680ab2c9ebc4efc43945ef004b52b5ad28c?s=96&d=mm&r=g","url":"https:\/\/secure.gravatar.com\/avatar\/98944333e7a877670a64f8d10f0cb680ab2c9ebc4efc43945ef004b52b5ad28c?s=96&d=mm&r=g","contentUrl":"https:\/\/secure.gravatar.com\/avatar\/98944333e7a877670a64f8d10f0cb680ab2c9ebc4efc43945ef004b52b5ad28c?s=96&d=mm&r=g","caption":"comunicacio"},"url":"https:\/\/mont-roig.cat\/es\/actualitat\/noticies\/author\/comunicacio\/"}]}},"_links":{"self":[{"href":"https:\/\/mont-roig.cat\/es\/wp-json\/wp\/v2\/posts\/59375","targetHints":{"allow":["GET"]}}],"collection":[{"href":"https:\/\/mont-roig.cat\/es\/wp-json\/wp\/v2\/posts"}],"about":[{"href":"https:\/\/mont-roig.cat\/es\/wp-json\/wp\/v2\/types\/post"}],"author":[{"embeddable":true,"href":"https:\/\/mont-roig.cat\/es\/wp-json\/wp\/v2\/users\/13"}],"replies":[{"embeddable":true,"href":"https:\/\/mont-roig.cat\/es\/wp-json\/wp\/v2\/comments?post=59375"}],"version-history":[{"count":4,"href":"https:\/\/mont-roig.cat\/es\/wp-json\/wp\/v2\/posts\/59375\/revisions"}],"predecessor-version":[{"id":59429,"href":"https:\/\/mont-roig.cat\/es\/wp-json\/wp\/v2\/posts\/59375\/revisions\/59429"}],"wp:featuredmedia":[{"embeddable":true,"href":"https:\/\/mont-roig.cat\/es\/wp-json\/wp\/v2\/media\/59380"}],"wp:attachment":[{"href":"https:\/\/mont-roig.cat\/es\/wp-json\/wp\/v2\/media?parent=59375"}],"wp:term":[{"taxonomy":"category","embeddable":true,"href":"https:\/\/mont-roig.cat\/es\/wp-json\/wp\/v2\/categories?post=59375"},{"taxonomy":"post_tag","embeddable":true,"href":"https:\/\/mont-roig.cat\/es\/wp-json\/wp\/v2\/tags?post=59375"}],"curies":[{"name":"wp","href":"https:\/\/api.w.org\/{rel}","templated":true}]}}