{"id":59568,"date":"2021-12-27T11:48:57","date_gmt":"2021-12-27T10:48:57","guid":{"rendered":"https:\/\/mont-roig.cat\/actualitat\/noticies\/les-neteges-dentorns-rurals-de-la-setmana-europea-de-la-prevencio-de-residus-van-recollir-530-quilos-de-residus-a-mont-roig-i-a-miami-platja\/"},"modified":"2021-12-27T12:01:42","modified_gmt":"2021-12-27T11:01:42","slug":"las-limpiezas-de-entornos-rurales-de-la-semana-europea-de-la-prevencion-de-residuos-recogieron-530-kilos-de-residuos-en-mont-roig-y-en-miami-platja","status":"publish","type":"post","link":"https:\/\/mont-roig.cat\/es\/actualitat\/noticies\/las-limpiezas-de-entornos-rurales-de-la-semana-europea-de-la-prevencion-de-residuos-recogieron-530-kilos-de-residuos-en-mont-roig-y-en-miami-platja\/","title":{"rendered":"Las limpiezas de entornos rurales de la Semana Europea de la Prevenci\u00f3n de Residuos recogieron 530 kilos de residuos en Mont-roig y en Miami Platja"},"content":{"rendered":"<ul>\n<li>\n<div id=\"attachment_59557\" style=\"width: 310px\" class=\"wp-caption alignright\"><a href=\"https:\/\/mont-roig.cat\/wp-content\/uploads\/IMG20211127110312-scaled.jpg\"><img loading=\"lazy\" decoding=\"async\" aria-describedby=\"caption-attachment-59557\" class=\"wp-image-59557\" src=\"https:\/\/mont-roig.cat\/wp-content\/uploads\/IMG20211127110312-500x375.jpg\" alt=\"\" width=\"300\" height=\"225\" srcset=\"https:\/\/mont-roig.cat\/wp-content\/uploads\/IMG20211127110312-500x375.jpg 500w, https:\/\/mont-roig.cat\/wp-content\/uploads\/IMG20211127110312-1024x768.jpg 1024w, https:\/\/mont-roig.cat\/wp-content\/uploads\/IMG20211127110312-768x576.jpg 768w, https:\/\/mont-roig.cat\/wp-content\/uploads\/IMG20211127110312-1536x1152.jpg 1536w, https:\/\/mont-roig.cat\/wp-content\/uploads\/IMG20211127110312-scaled.jpg 2048w, https:\/\/mont-roig.cat\/wp-content\/uploads\/IMG20211127110312-463x348.jpg 463w\" sizes=\"auto, (max-width: 300px) 100vw, 300px\" \/><\/a><p id=\"caption-attachment-59557\" class=\"wp-caption-text\">Cartel &#8216;Objectiu aconseguit&#8217;<\/p><\/div>\n<p><strong>Las dos convocatorias reunieron a 75 voluntarios que limpiaron el Barranco de l&#8217;Horta de Mont-roig y la Punta del R\u00edo Lastres en Miami Platja<\/strong><\/li>\n<\/ul>\n<p>En el marco de la XIII Semana Europea de la Prevenci\u00f3n de Residuos, los pasados \u200b\u200b27 de noviembre y 11 de diciembre el Ayuntamiento organiz\u00f3 dos limpiezas de entornos naturales del municipio conjuntamente con las asociaciones CEN y Al Camp Residu Zero.<\/p>\n<p>Ambas convocatorias fueron un \u00e9xito. Recogieron 75 participantes y se recogieron m\u00e1s de 530kg de residuos en total.<\/p>\n<div id=\"attachment_59556\" style=\"width: 325px\" class=\"wp-caption alignleft\"><a href=\"https:\/\/mont-roig.cat\/wp-content\/uploads\/IMG-20211211-WA0014.jpg\"><img loading=\"lazy\" decoding=\"async\" aria-describedby=\"caption-attachment-59556\" class=\"wp-image-59556 \" src=\"https:\/\/mont-roig.cat\/wp-content\/uploads\/IMG-20211211-WA0014-500x231.jpg\" alt=\"\" width=\"315\" height=\"145\" srcset=\"https:\/\/mont-roig.cat\/wp-content\/uploads\/IMG-20211211-WA0014-500x231.jpg 500w, https:\/\/mont-roig.cat\/wp-content\/uploads\/IMG-20211211-WA0014-1024x473.jpg 1024w, https:\/\/mont-roig.cat\/wp-content\/uploads\/IMG-20211211-WA0014-768x354.jpg 768w, https:\/\/mont-roig.cat\/wp-content\/uploads\/IMG-20211211-WA0014-1536x709.jpg 1536w, https:\/\/mont-roig.cat\/wp-content\/uploads\/IMG-20211211-WA0014.jpg 1599w\" sizes=\"auto, (max-width: 315px) 100vw, 315px\" \/><\/a><p id=\"caption-attachment-59556\" class=\"wp-caption-text\">Participantes limpieza Miami Playa.<\/p><\/div>\n<p>Este tipo de acciones consiste en la recogida de todo tipo de residuos que se encuentran en el entorno natural procedentes de vertidos, tra\u00eddos por el viento o las riadas o simplemente abandonados por paseantes poco concienciados.<\/p>\n<p>&nbsp;<\/p>\n<p>&nbsp;<\/p>\n<div id=\"attachment_59560\" style=\"width: 311px\" class=\"wp-caption alignright\"><a href=\"https:\/\/mont-roig.cat\/wp-content\/uploads\/IMG20211127121738.jpg\"><img loading=\"lazy\" decoding=\"async\" aria-describedby=\"caption-attachment-59560\" class=\"wp-image-59560\" src=\"https:\/\/mont-roig.cat\/wp-content\/uploads\/IMG20211127121738-500x375.jpg\" alt=\"\" width=\"301\" height=\"226\" srcset=\"https:\/\/mont-roig.cat\/wp-content\/uploads\/IMG20211127121738-500x375.jpg 500w, https:\/\/mont-roig.cat\/wp-content\/uploads\/IMG20211127121738-1024x768.jpg 1024w, https:\/\/mont-roig.cat\/wp-content\/uploads\/IMG20211127121738-768x576.jpg 768w, https:\/\/mont-roig.cat\/wp-content\/uploads\/IMG20211127121738-1536x1152.jpg 1536w, https:\/\/mont-roig.cat\/wp-content\/uploads\/IMG20211127121738-scaled.jpg 2048w, https:\/\/mont-roig.cat\/wp-content\/uploads\/IMG20211127121738-463x348.jpg 463w\" sizes=\"auto, (max-width: 301px) 100vw, 301px\" \/><\/a><p id=\"caption-attachment-59560\" class=\"wp-caption-text\">Participantes limpieza Mont-roig,<\/p><\/div>\n<p>Las limpiezas de entornos hacen visible la gran problem\u00e1tica que representa la generaci\u00f3n de residuos as\u00ed como la importancia de la prevenci\u00f3n, en primer t\u00e9rmino, y una correcta gesti\u00f3n de \u00e9stos como \u00faltima opci\u00f3n. Al mismo tiempo, son muy beneficiosas gracias a la gran cantidad de residuos que se retiran de nuestros bosques, rieras y playas pero tambi\u00e9n por la gran labor de concienciaci\u00f3n que representan tanto por las personas participantes como por el resto de la ciudadan\u00eda.<\/p>\n<p>&nbsp;<\/p>\n<p>&nbsp;<\/p>\n<p>&nbsp;<\/p>\n<ol>\n<li>\n<div id=\"attachment_59564\" style=\"width: 263px\" class=\"wp-caption alignright\"><a href=\"https:\/\/mont-roig.cat\/wp-content\/uploads\/Mont-roig.png\"><img loading=\"lazy\" decoding=\"async\" aria-describedby=\"caption-attachment-59564\" class=\"wp-image-59564\" src=\"https:\/\/mont-roig.cat\/wp-content\/uploads\/Mont-roig-500x281.png\" alt=\"\" width=\"253\" height=\"142\" srcset=\"https:\/\/mont-roig.cat\/wp-content\/uploads\/Mont-roig-500x281.png 500w, https:\/\/mont-roig.cat\/wp-content\/uploads\/Mont-roig.png 756w\" sizes=\"auto, (max-width: 253px) 100vw, 253px\" \/><\/a><p id=\"caption-attachment-59564\" class=\"wp-caption-text\">Resultado limpieza Mont-roig<\/p><\/div>\n<div id=\"attachment_59562\" style=\"width: 263px\" class=\"wp-caption alignright\"><a href=\"https:\/\/mont-roig.cat\/wp-content\/uploads\/Miami.png\"><img loading=\"lazy\" decoding=\"async\" aria-describedby=\"caption-attachment-59562\" class=\"wp-image-59562\" src=\"https:\/\/mont-roig.cat\/wp-content\/uploads\/Miami-500x281.png\" alt=\"\" width=\"253\" height=\"142\" srcset=\"https:\/\/mont-roig.cat\/wp-content\/uploads\/Miami-500x281.png 500w, https:\/\/mont-roig.cat\/wp-content\/uploads\/Miami.png 756w\" sizes=\"auto, (max-width: 253px) 100vw, 253px\" \/><\/a><p id=\"caption-attachment-59562\" class=\"wp-caption-text\">Resultados de limpieza Miami Playa.<\/p><\/div>\n<p>En la limpieza del Barrano de l&#8217;Horta participaron 50 personas y se recogieron un total de 422,66kg<\/li>\n<li>En la limpieza de la Punta del Riu Llastres participaron 25 personas y se recogieron un total de 132,62 kg<\/li>\n<\/ol>\n","protected":false},"excerpt":{"rendered":"<p>Las dos convocatorias reunieron a 75 voluntarios que limpiaron el Barranco de l&#8217;Horta de Mont-roig y la Punta del R\u00edo Lastres en Miami Platja En el marco de la XIII Semana Europea de la Prevenci\u00f3n de Residuos, los pasados \u200b\u200b27 de noviembre y 11 de diciembre el Ayuntamiento organiz\u00f3 dos limpiezas de entornos naturales del [&hellip;]<\/p>\n","protected":false},"author":13,"featured_media":59558,"comment_status":"closed","ping_status":"closed","sticky":false,"template":"","format":"standard","meta":{"inline_featured_image":false,"_monsterinsights_skip_tracking":false,"_monsterinsights_sitenote_active":false,"_monsterinsights_sitenote_note":"","_monsterinsights_sitenote_category":0,"footnotes":""},"categories":[98,143],"tags":[],"class_list":["post-59568","post","type-post","status-publish","format-standard","has-post-thumbnail","hentry","category-ayuntamiento","category-residuos-es"],"yoast_head":"<!-- This site is optimized with the Yoast SEO plugin v27.4 - https:\/\/yoast.com\/product\/yoast-seo-wordpress\/ -->\n<title>Las limpiezas de entornos rurales de la Semana Europea de la Prevenci\u00f3n de Residuos recogieron 530 kilos de residuos en Mont-roig y en Miami Platja - Ajuntament de Mont-roig del Camp<\/title>\n<meta name=\"robots\" content=\"index, follow, max-snippet:-1, max-image-preview:large, max-video-preview:-1\" \/>\n<link rel=\"canonical\" href=\"https:\/\/mont-roig.cat\/es\/actualitat\/noticies\/las-limpiezas-de-entornos-rurales-de-la-semana-europea-de-la-prevencion-de-residuos-recogieron-530-kilos-de-residuos-en-mont-roig-y-en-miami-platja\/\" \/>\n<meta property=\"og:locale\" content=\"es_ES\" \/>\n<meta property=\"og:type\" content=\"article\" \/>\n<meta property=\"og:title\" content=\"Las limpiezas de entornos rurales de la Semana Europea de la Prevenci\u00f3n de Residuos recogieron 530 kilos de residuos en Mont-roig y en Miami Platja - Ajuntament de Mont-roig del Camp\" \/>\n<meta property=\"og:description\" content=\"Las dos convocatorias reunieron a 75 voluntarios que limpiaron el Barranco de l&#8217;Horta de Mont-roig y la Punta del R\u00edo Lastres en Miami Platja En el marco de la XIII Semana Europea de la Prevenci\u00f3n de Residuos, los pasados \u200b\u200b27 de noviembre y 11 de diciembre el Ayuntamiento organiz\u00f3 dos limpiezas de entornos naturales del [&hellip;]\" \/>\n<meta property=\"og:url\" content=\"https:\/\/mont-roig.cat\/es\/actualitat\/noticies\/las-limpiezas-de-entornos-rurales-de-la-semana-europea-de-la-prevencion-de-residuos-recogieron-530-kilos-de-residuos-en-mont-roig-y-en-miami-platja\/\" \/>\n<meta property=\"og:site_name\" content=\"Ajuntament de Mont-roig del Camp\" \/>\n<meta property=\"article:published_time\" content=\"2021-12-27T10:48:57+00:00\" \/>\n<meta property=\"article:modified_time\" content=\"2021-12-27T11:01:42+00:00\" \/>\n<meta property=\"og:image\" content=\"https:\/\/mont-roig.cat\/wp-content\/uploads\/IMG20211127110312-1024x768.jpg\" \/>\n\t<meta property=\"og:image:width\" content=\"1024\" \/>\n\t<meta property=\"og:image:height\" content=\"768\" \/>\n\t<meta property=\"og:image:type\" content=\"image\/jpeg\" \/>\n<meta name=\"author\" content=\"comunicacio\" \/>\n<meta name=\"twitter:card\" content=\"summary_large_image\" \/>\n<meta name=\"twitter:label1\" content=\"Escrito por\" \/>\n\t<meta name=\"twitter:data1\" content=\"comunicacio\" \/>\n\t<meta name=\"twitter:label2\" content=\"Tiempo de lectura\" \/>\n\t<meta name=\"twitter:data2\" content=\"3 minutos\" \/>\n<script type=\"application\/ld+json\" class=\"yoast-schema-graph\">{\"@context\":\"https:\\\/\\\/schema.org\",\"@graph\":[{\"@type\":\"Article\",\"@id\":\"https:\\\/\\\/mont-roig.cat\\\/es\\\/actualitat\\\/noticies\\\/las-limpiezas-de-entornos-rurales-de-la-semana-europea-de-la-prevencion-de-residuos-recogieron-530-kilos-de-residuos-en-mont-roig-y-en-miami-platja\\\/#article\",\"isPartOf\":{\"@id\":\"https:\\\/\\\/mont-roig.cat\\\/es\\\/actualitat\\\/noticies\\\/las-limpiezas-de-entornos-rurales-de-la-semana-europea-de-la-prevencion-de-residuos-recogieron-530-kilos-de-residuos-en-mont-roig-y-en-miami-platja\\\/\"},\"author\":{\"name\":\"comunicacio\",\"@id\":\"https:\\\/\\\/mont-roig.cat\\\/es\\\/#\\\/schema\\\/person\\\/1f73e7b5e6f9dd122e8a6f14f310ac5e\"},\"headline\":\"Las limpiezas de entornos rurales de la Semana Europea de la Prevenci\u00f3n de Residuos recogieron 530 kilos de residuos en Mont-roig y en Miami Platja\",\"datePublished\":\"2021-12-27T10:48:57+00:00\",\"dateModified\":\"2021-12-27T11:01:42+00:00\",\"mainEntityOfPage\":{\"@id\":\"https:\\\/\\\/mont-roig.cat\\\/es\\\/actualitat\\\/noticies\\\/las-limpiezas-de-entornos-rurales-de-la-semana-europea-de-la-prevencion-de-residuos-recogieron-530-kilos-de-residuos-en-mont-roig-y-en-miami-platja\\\/\"},\"wordCount\":327,\"image\":{\"@id\":\"https:\\\/\\\/mont-roig.cat\\\/es\\\/actualitat\\\/noticies\\\/las-limpiezas-de-entornos-rurales-de-la-semana-europea-de-la-prevencion-de-residuos-recogieron-530-kilos-de-residuos-en-mont-roig-y-en-miami-platja\\\/#primaryimage\"},\"thumbnailUrl\":\"https:\\\/\\\/mont-roig.cat\\\/wp-content\\\/uploads\\\/IMG20211127110312.jpg\",\"articleSection\":[\"Ayuntamiento\",\"Residuos\"],\"inLanguage\":\"es\"},{\"@type\":\"WebPage\",\"@id\":\"https:\\\/\\\/mont-roig.cat\\\/es\\\/actualitat\\\/noticies\\\/las-limpiezas-de-entornos-rurales-de-la-semana-europea-de-la-prevencion-de-residuos-recogieron-530-kilos-de-residuos-en-mont-roig-y-en-miami-platja\\\/\",\"url\":\"https:\\\/\\\/mont-roig.cat\\\/es\\\/actualitat\\\/noticies\\\/las-limpiezas-de-entornos-rurales-de-la-semana-europea-de-la-prevencion-de-residuos-recogieron-530-kilos-de-residuos-en-mont-roig-y-en-miami-platja\\\/\",\"name\":\"Las limpiezas de entornos rurales de la Semana Europea de la Prevenci\u00f3n de Residuos recogieron 530 kilos de residuos en Mont-roig y en Miami Platja - Ajuntament de Mont-roig del Camp\",\"isPartOf\":{\"@id\":\"https:\\\/\\\/mont-roig.cat\\\/es\\\/#website\"},\"primaryImageOfPage\":{\"@id\":\"https:\\\/\\\/mont-roig.cat\\\/es\\\/actualitat\\\/noticies\\\/las-limpiezas-de-entornos-rurales-de-la-semana-europea-de-la-prevencion-de-residuos-recogieron-530-kilos-de-residuos-en-mont-roig-y-en-miami-platja\\\/#primaryimage\"},\"image\":{\"@id\":\"https:\\\/\\\/mont-roig.cat\\\/es\\\/actualitat\\\/noticies\\\/las-limpiezas-de-entornos-rurales-de-la-semana-europea-de-la-prevencion-de-residuos-recogieron-530-kilos-de-residuos-en-mont-roig-y-en-miami-platja\\\/#primaryimage\"},\"thumbnailUrl\":\"https:\\\/\\\/mont-roig.cat\\\/wp-content\\\/uploads\\\/IMG20211127110312.jpg\",\"datePublished\":\"2021-12-27T10:48:57+00:00\",\"dateModified\":\"2021-12-27T11:01:42+00:00\",\"author\":{\"@id\":\"https:\\\/\\\/mont-roig.cat\\\/es\\\/#\\\/schema\\\/person\\\/1f73e7b5e6f9dd122e8a6f14f310ac5e\"},\"breadcrumb\":{\"@id\":\"https:\\\/\\\/mont-roig.cat\\\/es\\\/actualitat\\\/noticies\\\/las-limpiezas-de-entornos-rurales-de-la-semana-europea-de-la-prevencion-de-residuos-recogieron-530-kilos-de-residuos-en-mont-roig-y-en-miami-platja\\\/#breadcrumb\"},\"inLanguage\":\"es\",\"potentialAction\":[{\"@type\":\"ReadAction\",\"target\":[\"https:\\\/\\\/mont-roig.cat\\\/es\\\/actualitat\\\/noticies\\\/las-limpiezas-de-entornos-rurales-de-la-semana-europea-de-la-prevencion-de-residuos-recogieron-530-kilos-de-residuos-en-mont-roig-y-en-miami-platja\\\/\"]}]},{\"@type\":\"ImageObject\",\"inLanguage\":\"es\",\"@id\":\"https:\\\/\\\/mont-roig.cat\\\/es\\\/actualitat\\\/noticies\\\/las-limpiezas-de-entornos-rurales-de-la-semana-europea-de-la-prevencion-de-residuos-recogieron-530-kilos-de-residuos-en-mont-roig-y-en-miami-platja\\\/#primaryimage\",\"url\":\"https:\\\/\\\/mont-roig.cat\\\/wp-content\\\/uploads\\\/IMG20211127110312.jpg\",\"contentUrl\":\"https:\\\/\\\/mont-roig.cat\\\/wp-content\\\/uploads\\\/IMG20211127110312.jpg\",\"width\":2048,\"height\":1536},{\"@type\":\"BreadcrumbList\",\"@id\":\"https:\\\/\\\/mont-roig.cat\\\/es\\\/actualitat\\\/noticies\\\/las-limpiezas-de-entornos-rurales-de-la-semana-europea-de-la-prevencion-de-residuos-recogieron-530-kilos-de-residuos-en-mont-roig-y-en-miami-platja\\\/#breadcrumb\",\"itemListElement\":[{\"@type\":\"ListItem\",\"position\":1,\"name\":\"Inici\",\"item\":\"https:\\\/\\\/mont-roig.cat\\\/es\\\/pagina-de-inicio\\\/\"},{\"@type\":\"ListItem\",\"position\":2,\"name\":\"Las limpiezas de entornos rurales de la Semana Europea de la Prevenci\u00f3n de Residuos recogieron 530 kilos de residuos en Mont-roig y en Miami Platja\"}]},{\"@type\":\"WebSite\",\"@id\":\"https:\\\/\\\/mont-roig.cat\\\/es\\\/#website\",\"url\":\"https:\\\/\\\/mont-roig.cat\\\/es\\\/\",\"name\":\"Ajuntament de Mont-roig del Camp\",\"description\":\"Tota la informaci\u00f3 sobre la instituci\u00f3, els seus \u00f2rgans de govern, actualitat, serveis i molt m\u00e9s.\",\"potentialAction\":[{\"@type\":\"SearchAction\",\"target\":{\"@type\":\"EntryPoint\",\"urlTemplate\":\"https:\\\/\\\/mont-roig.cat\\\/es\\\/?s={search_term_string}\"},\"query-input\":{\"@type\":\"PropertyValueSpecification\",\"valueRequired\":true,\"valueName\":\"search_term_string\"}}],\"inLanguage\":\"es\"},{\"@type\":\"Person\",\"@id\":\"https:\\\/\\\/mont-roig.cat\\\/es\\\/#\\\/schema\\\/person\\\/1f73e7b5e6f9dd122e8a6f14f310ac5e\",\"name\":\"comunicacio\",\"image\":{\"@type\":\"ImageObject\",\"inLanguage\":\"es\",\"@id\":\"https:\\\/\\\/secure.gravatar.com\\\/avatar\\\/98944333e7a877670a64f8d10f0cb680ab2c9ebc4efc43945ef004b52b5ad28c?s=96&d=mm&r=g\",\"url\":\"https:\\\/\\\/secure.gravatar.com\\\/avatar\\\/98944333e7a877670a64f8d10f0cb680ab2c9ebc4efc43945ef004b52b5ad28c?s=96&d=mm&r=g\",\"contentUrl\":\"https:\\\/\\\/secure.gravatar.com\\\/avatar\\\/98944333e7a877670a64f8d10f0cb680ab2c9ebc4efc43945ef004b52b5ad28c?s=96&d=mm&r=g\",\"caption\":\"comunicacio\"},\"url\":\"https:\\\/\\\/mont-roig.cat\\\/es\\\/actualitat\\\/noticies\\\/author\\\/comunicacio\\\/\"}]}<\/script>\n<!-- \/ Yoast SEO plugin. -->","yoast_head_json":{"title":"Las limpiezas de entornos rurales de la Semana Europea de la Prevenci\u00f3n de Residuos recogieron 530 kilos de residuos en Mont-roig y en Miami Platja - Ajuntament de Mont-roig del Camp","robots":{"index":"index","follow":"follow","max-snippet":"max-snippet:-1","max-image-preview":"max-image-preview:large","max-video-preview":"max-video-preview:-1"},"canonical":"https:\/\/mont-roig.cat\/es\/actualitat\/noticies\/las-limpiezas-de-entornos-rurales-de-la-semana-europea-de-la-prevencion-de-residuos-recogieron-530-kilos-de-residuos-en-mont-roig-y-en-miami-platja\/","og_locale":"es_ES","og_type":"article","og_title":"Las limpiezas de entornos rurales de la Semana Europea de la Prevenci\u00f3n de Residuos recogieron 530 kilos de residuos en Mont-roig y en Miami Platja - Ajuntament de Mont-roig del Camp","og_description":"Las dos convocatorias reunieron a 75 voluntarios que limpiaron el Barranco de l&#8217;Horta de Mont-roig y la Punta del R\u00edo Lastres en Miami Platja En el marco de la XIII Semana Europea de la Prevenci\u00f3n de Residuos, los pasados \u200b\u200b27 de noviembre y 11 de diciembre el Ayuntamiento organiz\u00f3 dos limpiezas de entornos naturales del [&hellip;]","og_url":"https:\/\/mont-roig.cat\/es\/actualitat\/noticies\/las-limpiezas-de-entornos-rurales-de-la-semana-europea-de-la-prevencion-de-residuos-recogieron-530-kilos-de-residuos-en-mont-roig-y-en-miami-platja\/","og_site_name":"Ajuntament de Mont-roig del Camp","article_published_time":"2021-12-27T10:48:57+00:00","article_modified_time":"2021-12-27T11:01:42+00:00","og_image":[{"width":1024,"height":768,"url":"https:\/\/mont-roig.cat\/wp-content\/uploads\/IMG20211127110312-1024x768.jpg","type":"image\/jpeg"}],"author":"comunicacio","twitter_card":"summary_large_image","twitter_misc":{"Escrito por":"comunicacio","Tiempo de lectura":"3 minutos"},"schema":{"@context":"https:\/\/schema.org","@graph":[{"@type":"Article","@id":"https:\/\/mont-roig.cat\/es\/actualitat\/noticies\/las-limpiezas-de-entornos-rurales-de-la-semana-europea-de-la-prevencion-de-residuos-recogieron-530-kilos-de-residuos-en-mont-roig-y-en-miami-platja\/#article","isPartOf":{"@id":"https:\/\/mont-roig.cat\/es\/actualitat\/noticies\/las-limpiezas-de-entornos-rurales-de-la-semana-europea-de-la-prevencion-de-residuos-recogieron-530-kilos-de-residuos-en-mont-roig-y-en-miami-platja\/"},"author":{"name":"comunicacio","@id":"https:\/\/mont-roig.cat\/es\/#\/schema\/person\/1f73e7b5e6f9dd122e8a6f14f310ac5e"},"headline":"Las limpiezas de entornos rurales de la Semana Europea de la Prevenci\u00f3n de Residuos recogieron 530 kilos de residuos en Mont-roig y en Miami Platja","datePublished":"2021-12-27T10:48:57+00:00","dateModified":"2021-12-27T11:01:42+00:00","mainEntityOfPage":{"@id":"https:\/\/mont-roig.cat\/es\/actualitat\/noticies\/las-limpiezas-de-entornos-rurales-de-la-semana-europea-de-la-prevencion-de-residuos-recogieron-530-kilos-de-residuos-en-mont-roig-y-en-miami-platja\/"},"wordCount":327,"image":{"@id":"https:\/\/mont-roig.cat\/es\/actualitat\/noticies\/las-limpiezas-de-entornos-rurales-de-la-semana-europea-de-la-prevencion-de-residuos-recogieron-530-kilos-de-residuos-en-mont-roig-y-en-miami-platja\/#primaryimage"},"thumbnailUrl":"https:\/\/mont-roig.cat\/wp-content\/uploads\/IMG20211127110312.jpg","articleSection":["Ayuntamiento","Residuos"],"inLanguage":"es"},{"@type":"WebPage","@id":"https:\/\/mont-roig.cat\/es\/actualitat\/noticies\/las-limpiezas-de-entornos-rurales-de-la-semana-europea-de-la-prevencion-de-residuos-recogieron-530-kilos-de-residuos-en-mont-roig-y-en-miami-platja\/","url":"https:\/\/mont-roig.cat\/es\/actualitat\/noticies\/las-limpiezas-de-entornos-rurales-de-la-semana-europea-de-la-prevencion-de-residuos-recogieron-530-kilos-de-residuos-en-mont-roig-y-en-miami-platja\/","name":"Las limpiezas de entornos rurales de la Semana Europea de la Prevenci\u00f3n de Residuos recogieron 530 kilos de residuos en Mont-roig y en Miami Platja - Ajuntament de Mont-roig del Camp","isPartOf":{"@id":"https:\/\/mont-roig.cat\/es\/#website"},"primaryImageOfPage":{"@id":"https:\/\/mont-roig.cat\/es\/actualitat\/noticies\/las-limpiezas-de-entornos-rurales-de-la-semana-europea-de-la-prevencion-de-residuos-recogieron-530-kilos-de-residuos-en-mont-roig-y-en-miami-platja\/#primaryimage"},"image":{"@id":"https:\/\/mont-roig.cat\/es\/actualitat\/noticies\/las-limpiezas-de-entornos-rurales-de-la-semana-europea-de-la-prevencion-de-residuos-recogieron-530-kilos-de-residuos-en-mont-roig-y-en-miami-platja\/#primaryimage"},"thumbnailUrl":"https:\/\/mont-roig.cat\/wp-content\/uploads\/IMG20211127110312.jpg","datePublished":"2021-12-27T10:48:57+00:00","dateModified":"2021-12-27T11:01:42+00:00","author":{"@id":"https:\/\/mont-roig.cat\/es\/#\/schema\/person\/1f73e7b5e6f9dd122e8a6f14f310ac5e"},"breadcrumb":{"@id":"https:\/\/mont-roig.cat\/es\/actualitat\/noticies\/las-limpiezas-de-entornos-rurales-de-la-semana-europea-de-la-prevencion-de-residuos-recogieron-530-kilos-de-residuos-en-mont-roig-y-en-miami-platja\/#breadcrumb"},"inLanguage":"es","potentialAction":[{"@type":"ReadAction","target":["https:\/\/mont-roig.cat\/es\/actualitat\/noticies\/las-limpiezas-de-entornos-rurales-de-la-semana-europea-de-la-prevencion-de-residuos-recogieron-530-kilos-de-residuos-en-mont-roig-y-en-miami-platja\/"]}]},{"@type":"ImageObject","inLanguage":"es","@id":"https:\/\/mont-roig.cat\/es\/actualitat\/noticies\/las-limpiezas-de-entornos-rurales-de-la-semana-europea-de-la-prevencion-de-residuos-recogieron-530-kilos-de-residuos-en-mont-roig-y-en-miami-platja\/#primaryimage","url":"https:\/\/mont-roig.cat\/wp-content\/uploads\/IMG20211127110312.jpg","contentUrl":"https:\/\/mont-roig.cat\/wp-content\/uploads\/IMG20211127110312.jpg","width":2048,"height":1536},{"@type":"BreadcrumbList","@id":"https:\/\/mont-roig.cat\/es\/actualitat\/noticies\/las-limpiezas-de-entornos-rurales-de-la-semana-europea-de-la-prevencion-de-residuos-recogieron-530-kilos-de-residuos-en-mont-roig-y-en-miami-platja\/#breadcrumb","itemListElement":[{"@type":"ListItem","position":1,"name":"Inici","item":"https:\/\/mont-roig.cat\/es\/pagina-de-inicio\/"},{"@type":"ListItem","position":2,"name":"Las limpiezas de entornos rurales de la Semana Europea de la Prevenci\u00f3n de Residuos recogieron 530 kilos de residuos en Mont-roig y en Miami Platja"}]},{"@type":"WebSite","@id":"https:\/\/mont-roig.cat\/es\/#website","url":"https:\/\/mont-roig.cat\/es\/","name":"Ajuntament de Mont-roig del Camp","description":"Tota la informaci\u00f3 sobre la instituci\u00f3, els seus \u00f2rgans de govern, actualitat, serveis i molt m\u00e9s.","potentialAction":[{"@type":"SearchAction","target":{"@type":"EntryPoint","urlTemplate":"https:\/\/mont-roig.cat\/es\/?s={search_term_string}"},"query-input":{"@type":"PropertyValueSpecification","valueRequired":true,"valueName":"search_term_string"}}],"inLanguage":"es"},{"@type":"Person","@id":"https:\/\/mont-roig.cat\/es\/#\/schema\/person\/1f73e7b5e6f9dd122e8a6f14f310ac5e","name":"comunicacio","image":{"@type":"ImageObject","inLanguage":"es","@id":"https:\/\/secure.gravatar.com\/avatar\/98944333e7a877670a64f8d10f0cb680ab2c9ebc4efc43945ef004b52b5ad28c?s=96&d=mm&r=g","url":"https:\/\/secure.gravatar.com\/avatar\/98944333e7a877670a64f8d10f0cb680ab2c9ebc4efc43945ef004b52b5ad28c?s=96&d=mm&r=g","contentUrl":"https:\/\/secure.gravatar.com\/avatar\/98944333e7a877670a64f8d10f0cb680ab2c9ebc4efc43945ef004b52b5ad28c?s=96&d=mm&r=g","caption":"comunicacio"},"url":"https:\/\/mont-roig.cat\/es\/actualitat\/noticies\/author\/comunicacio\/"}]}},"_links":{"self":[{"href":"https:\/\/mont-roig.cat\/es\/wp-json\/wp\/v2\/posts\/59568","targetHints":{"allow":["GET"]}}],"collection":[{"href":"https:\/\/mont-roig.cat\/es\/wp-json\/wp\/v2\/posts"}],"about":[{"href":"https:\/\/mont-roig.cat\/es\/wp-json\/wp\/v2\/types\/post"}],"author":[{"embeddable":true,"href":"https:\/\/mont-roig.cat\/es\/wp-json\/wp\/v2\/users\/13"}],"replies":[{"embeddable":true,"href":"https:\/\/mont-roig.cat\/es\/wp-json\/wp\/v2\/comments?post=59568"}],"version-history":[{"count":2,"href":"https:\/\/mont-roig.cat\/es\/wp-json\/wp\/v2\/posts\/59568\/revisions"}],"predecessor-version":[{"id":59570,"href":"https:\/\/mont-roig.cat\/es\/wp-json\/wp\/v2\/posts\/59568\/revisions\/59570"}],"wp:featuredmedia":[{"embeddable":true,"href":"https:\/\/mont-roig.cat\/es\/wp-json\/wp\/v2\/media\/59558"}],"wp:attachment":[{"href":"https:\/\/mont-roig.cat\/es\/wp-json\/wp\/v2\/media?parent=59568"}],"wp:term":[{"taxonomy":"category","embeddable":true,"href":"https:\/\/mont-roig.cat\/es\/wp-json\/wp\/v2\/categories?post=59568"},{"taxonomy":"post_tag","embeddable":true,"href":"https:\/\/mont-roig.cat\/es\/wp-json\/wp\/v2\/tags?post=59568"}],"curies":[{"name":"wp","href":"https:\/\/api.w.org\/{rel}","templated":true}]}}