{"id":59639,"date":"2022-01-04T11:09:11","date_gmt":"2022-01-04T10:09:11","guid":{"rendered":"https:\/\/mont-roig.cat\/actualitat\/noticies\/canvis-en-la-cavalcada-de-reis-a-mont-roig-i-obligatorietat-de-portar-mascaretes-als-majors-de-6-anys\/"},"modified":"2022-01-04T13:43:22","modified_gmt":"2022-01-04T12:43:22","slug":"cambios-en-la-cabalgata-de-reyes-en-mont-roig-y-obligatoriedad-de-llevar-mascarillas-a-los-mayores-de-6-anos","status":"publish","type":"post","link":"https:\/\/mont-roig.cat\/es\/actualitat\/noticies\/cambios-en-la-cabalgata-de-reyes-en-mont-roig-y-obligatoriedad-de-llevar-mascarillas-a-los-mayores-de-6-anos\/","title":{"rendered":"Cambios en la cabalgata de Reyes en Mont-roig y obligatoriedad de llevar mascarilla a los mayores de 6 a\u00f1os"},"content":{"rendered":"<div id=\"attachment_59635\" style=\"width: 305px\" class=\"wp-caption alignright\"><a href=\"https:\/\/mont-roig.cat\/wp-content\/uploads\/82029177_1752680278201161_8437202737455693824_n.jpg\"><img loading=\"lazy\" decoding=\"async\" aria-describedby=\"caption-attachment-59635\" class=\"wp-image-59635\" src=\"https:\/\/mont-roig.cat\/wp-content\/uploads\/82029177_1752680278201161_8437202737455693824_n-500x375.jpg\" alt=\"\" width=\"295\" height=\"221\" srcset=\"https:\/\/mont-roig.cat\/wp-content\/uploads\/82029177_1752680278201161_8437202737455693824_n-500x375.jpg 500w, https:\/\/mont-roig.cat\/wp-content\/uploads\/82029177_1752680278201161_8437202737455693824_n-768x576.jpg 768w, https:\/\/mont-roig.cat\/wp-content\/uploads\/82029177_1752680278201161_8437202737455693824_n-463x348.jpg 463w, https:\/\/mont-roig.cat\/wp-content\/uploads\/82029177_1752680278201161_8437202737455693824_n.jpg 960w\" sizes=\"auto, (max-width: 295px) 100vw, 295px\" \/><\/a><p id=\"caption-attachment-59635\" class=\"wp-caption-text\">Imagen de archivo de la cavalcada de Mont-roig del a\u00f1o pasado.<\/p><\/div>\n<ul>\n<li><strong>La cabalgata finalizar\u00e1 en el parque Maria Martori para evitar las aglomeraciones de la plaza de la Iglesia. En Miami Platja se mantendr\u00e0 el tradicional recorrido que finaliza en el Centre Polivalent.\u00a0<\/strong><\/li>\n<\/ul>\n<p>El Ayuntamiento \u00a0de Mont-roig \u00a0ha decidido realizar cambios en la cabalgata de Reyes de Mont-roig para adaptarse a la normativa Covid y por este motivo se ha modificado el recorrido. De esta forma, la cabalgata no se acabar\u00e1 en la Plaza de la Iglesia, ya que es peque\u00f1a y se pretende evitar aglomeraciones, y la finalizaci\u00f3n de la cabalgata ser\u00e1 en el parque Maria Martori.<\/p>\n<p>Tambi\u00e9n siguiendo las recomendaciones sanitarias, se ha decidido que este a\u00f1o los Reyes Magos no arrojar\u00e1n caramelos a los peque\u00f1os durante la cabalgata para evitar aglomeraciones.<\/p>\n<p>El nuevo recorrido de los Reyes es \u00a0la calle Cambrils, plaza Miramar, calle Crist\u00f2for Colom, calle Ind\u00fastria, y avenida Catalunya hasta llegar al Parc Maria Martori, donde est\u00e1 previsto que el alcalde d\u00e9 la bienvenida a los reyes y las llaves de todas las casas del pueblo para poder traer los regalos.<\/p>\n<p>La cabalgata de Miami \u00a0Platja quedar\u00e1 tal y como se hace habitualmente cada a\u00f1o. Saldr\u00e1n de la plaza Tarragona para continuar por la avenida de Barcelona, \u200b\u200bavenida de C\u00e1diz, calle Soria hasta el Centre Polivalent.<\/p>\n<p><strong><a href=\"https:\/\/mont-roig.cat\/wp-content\/uploads\/8a0c1f66-7aed-4d80-9f45-218f0c02171a.jpg\">\u00a0<img loading=\"lazy\" decoding=\"async\" class=\"alignnone wp-image-59633\" src=\"https:\/\/mont-roig.cat\/wp-content\/uploads\/8a0c1f66-7aed-4d80-9f45-218f0c02171a-500x500.jpg\" alt=\"\" width=\"250\" height=\"250\" srcset=\"https:\/\/mont-roig.cat\/wp-content\/uploads\/8a0c1f66-7aed-4d80-9f45-218f0c02171a-500x500.jpg 500w, https:\/\/mont-roig.cat\/wp-content\/uploads\/8a0c1f66-7aed-4d80-9f45-218f0c02171a-1024x1024.jpg 1024w, https:\/\/mont-roig.cat\/wp-content\/uploads\/8a0c1f66-7aed-4d80-9f45-218f0c02171a-50x50.jpg 50w, https:\/\/mont-roig.cat\/wp-content\/uploads\/8a0c1f66-7aed-4d80-9f45-218f0c02171a-768x768.jpg 768w, https:\/\/mont-roig.cat\/wp-content\/uploads\/8a0c1f66-7aed-4d80-9f45-218f0c02171a-560x560.jpg 560w, https:\/\/mont-roig.cat\/wp-content\/uploads\/8a0c1f66-7aed-4d80-9f45-218f0c02171a-367x367.jpg 367w, https:\/\/mont-roig.cat\/wp-content\/uploads\/8a0c1f66-7aed-4d80-9f45-218f0c02171a-450x450.jpg 450w, https:\/\/mont-roig.cat\/wp-content\/uploads\/8a0c1f66-7aed-4d80-9f45-218f0c02171a-85x85.jpg 85w, https:\/\/mont-roig.cat\/wp-content\/uploads\/8a0c1f66-7aed-4d80-9f45-218f0c02171a-45x45.jpg 45w, https:\/\/mont-roig.cat\/wp-content\/uploads\/8a0c1f66-7aed-4d80-9f45-218f0c02171a.jpg 1080w\" sizes=\"auto, (max-width: 250px) 100vw, 250px\" \/> \u00a0 <\/a><a href=\"https:\/\/mont-roig.cat\/wp-content\/uploads\/fb6d043b-f237-4200-a8d8-83a43723292d.jpg\"><img loading=\"lazy\" decoding=\"async\" class=\"alignnone wp-image-59631\" src=\"https:\/\/mont-roig.cat\/wp-content\/uploads\/fb6d043b-f237-4200-a8d8-83a43723292d-500x500.jpg\" alt=\"\" width=\"250\" height=\"250\" srcset=\"https:\/\/mont-roig.cat\/wp-content\/uploads\/fb6d043b-f237-4200-a8d8-83a43723292d-500x500.jpg 500w, https:\/\/mont-roig.cat\/wp-content\/uploads\/fb6d043b-f237-4200-a8d8-83a43723292d-1024x1024.jpg 1024w, https:\/\/mont-roig.cat\/wp-content\/uploads\/fb6d043b-f237-4200-a8d8-83a43723292d-50x50.jpg 50w, https:\/\/mont-roig.cat\/wp-content\/uploads\/fb6d043b-f237-4200-a8d8-83a43723292d-768x768.jpg 768w, https:\/\/mont-roig.cat\/wp-content\/uploads\/fb6d043b-f237-4200-a8d8-83a43723292d-560x560.jpg 560w, https:\/\/mont-roig.cat\/wp-content\/uploads\/fb6d043b-f237-4200-a8d8-83a43723292d-367x367.jpg 367w, https:\/\/mont-roig.cat\/wp-content\/uploads\/fb6d043b-f237-4200-a8d8-83a43723292d-450x450.jpg 450w, https:\/\/mont-roig.cat\/wp-content\/uploads\/fb6d043b-f237-4200-a8d8-83a43723292d-85x85.jpg 85w, https:\/\/mont-roig.cat\/wp-content\/uploads\/fb6d043b-f237-4200-a8d8-83a43723292d-45x45.jpg 45w, https:\/\/mont-roig.cat\/wp-content\/uploads\/fb6d043b-f237-4200-a8d8-83a43723292d.jpg 1080w\" sizes=\"auto, (max-width: 250px) 100vw, 250px\" \/><\/a><\/strong><\/p>\n<p>En cuanto als Enc\u00e0rrecs Especials, se mantiene el programa previsto inicialmente con el siguiente horario: De 10 a 13h en el Teatro del Centre Polivalent de Miami Platja y de 10 a 15h en el polideportivo de Mont-roig.<\/p>\n<p><strong>Mascarilla obligatoria para los mayores de seis a\u00f1os<\/strong><\/p>\n<p>Por otra parte, el departamento de Salud de la Generalitat ha presentado tambi\u00e9n el protocolo para la cabalgata que indica que los reyes magos y los pajes llevar\u00e1n mascarilla de forma obligatoria. Tambi\u00e9n ser\u00e1 obligatorio el uso de la mascarilla a los mayores de 6 a\u00f1os y recomendable a los ni\u00f1os de 3 a 5 a\u00f1os.<\/p>\n<p>Al mismo tiempo no podr\u00e1n participar en la cabalgata personas con s\u00edntomas de Covid-19, con resultado positivo, pendientes de resultado o aisladas por ser contactos estrechos. Los miembros de la comitiva que toquen instrumentos de viento, cuando no lo toquen, tendr\u00e1n que ponerse la mascarilla durante el recorrido.<\/p>\n<p>Por \u00faltimo, el departamento de Salut recuerda que \u00a0mantener la m\u00e1xima distancia posible entre la comitiva y el p\u00fablico y entre los espectadores, evitando aglomeraciones.<\/p>\n<p>&nbsp;<\/p>\n<p>&nbsp;<\/p>\n<p>&nbsp;<\/p>\n","protected":false},"excerpt":{"rendered":"<p>La cabalgata finalizar\u00e1 en el parque Maria Martori para evitar las aglomeraciones de la plaza de la Iglesia. En Miami Platja se mantendr\u00e0 el tradicional recorrido que finaliza en el Centre Polivalent.\u00a0 El Ayuntamiento \u00a0de Mont-roig \u00a0ha decidido realizar cambios en la cabalgata de Reyes de Mont-roig para adaptarse a la normativa Covid y por [&hellip;]<\/p>\n","protected":false},"author":13,"featured_media":59636,"comment_status":"closed","ping_status":"closed","sticky":false,"template":"","format":"standard","meta":{"inline_featured_image":false,"_monsterinsights_skip_tracking":false,"_monsterinsights_sitenote_active":false,"_monsterinsights_sitenote_note":"","_monsterinsights_sitenote_category":0,"footnotes":""},"categories":[98,105],"tags":[],"class_list":["post-59639","post","type-post","status-publish","format-standard","has-post-thumbnail","hentry","category-ayuntamiento","category-fiestas"],"yoast_head":"<!-- This site is optimized with the Yoast SEO plugin v27.4 - https:\/\/yoast.com\/product\/yoast-seo-wordpress\/ -->\n<title>Cambios en la cabalgata de Reyes en Mont-roig y obligatoriedad de llevar mascarilla a los mayores de 6 a\u00f1os - Ajuntament de Mont-roig del Camp<\/title>\n<meta name=\"robots\" content=\"index, follow, max-snippet:-1, max-image-preview:large, max-video-preview:-1\" \/>\n<link rel=\"canonical\" href=\"https:\/\/mont-roig.cat\/es\/actualitat\/noticies\/cambios-en-la-cabalgata-de-reyes-en-mont-roig-y-obligatoriedad-de-llevar-mascarillas-a-los-mayores-de-6-anos\/\" \/>\n<meta property=\"og:locale\" content=\"es_ES\" \/>\n<meta property=\"og:type\" content=\"article\" \/>\n<meta property=\"og:title\" content=\"Cambios en la cabalgata de Reyes en Mont-roig y obligatoriedad de llevar mascarilla a los mayores de 6 a\u00f1os - Ajuntament de Mont-roig del Camp\" \/>\n<meta property=\"og:description\" content=\"La cabalgata finalizar\u00e1 en el parque Maria Martori para evitar las aglomeraciones de la plaza de la Iglesia. En Miami Platja se mantendr\u00e0 el tradicional recorrido que finaliza en el Centre Polivalent.\u00a0 El Ayuntamiento \u00a0de Mont-roig \u00a0ha decidido realizar cambios en la cabalgata de Reyes de Mont-roig para adaptarse a la normativa Covid y por [&hellip;]\" \/>\n<meta property=\"og:url\" content=\"https:\/\/mont-roig.cat\/es\/actualitat\/noticies\/cambios-en-la-cabalgata-de-reyes-en-mont-roig-y-obligatoriedad-de-llevar-mascarillas-a-los-mayores-de-6-anos\/\" \/>\n<meta property=\"og:site_name\" content=\"Ajuntament de Mont-roig del Camp\" \/>\n<meta property=\"article:published_time\" content=\"2022-01-04T10:09:11+00:00\" \/>\n<meta property=\"article:modified_time\" content=\"2022-01-04T12:43:22+00:00\" \/>\n<meta property=\"og:image\" content=\"https:\/\/mont-roig.cat\/wp-content\/uploads\/82029177_1752680278201161_8437202737455693824_n.jpg\" \/>\n\t<meta property=\"og:image:width\" content=\"960\" \/>\n\t<meta property=\"og:image:height\" content=\"720\" \/>\n\t<meta property=\"og:image:type\" content=\"image\/jpeg\" \/>\n<meta name=\"author\" content=\"comunicacio\" \/>\n<meta name=\"twitter:card\" content=\"summary_large_image\" \/>\n<meta name=\"twitter:label1\" content=\"Escrito por\" \/>\n\t<meta name=\"twitter:data1\" content=\"comunicacio\" \/>\n\t<meta name=\"twitter:label2\" content=\"Tiempo de lectura\" \/>\n\t<meta name=\"twitter:data2\" content=\"3 minutos\" \/>\n<script type=\"application\/ld+json\" class=\"yoast-schema-graph\">{\"@context\":\"https:\\\/\\\/schema.org\",\"@graph\":[{\"@type\":\"Article\",\"@id\":\"https:\\\/\\\/mont-roig.cat\\\/es\\\/actualitat\\\/noticies\\\/cambios-en-la-cabalgata-de-reyes-en-mont-roig-y-obligatoriedad-de-llevar-mascarillas-a-los-mayores-de-6-anos\\\/#article\",\"isPartOf\":{\"@id\":\"https:\\\/\\\/mont-roig.cat\\\/es\\\/actualitat\\\/noticies\\\/cambios-en-la-cabalgata-de-reyes-en-mont-roig-y-obligatoriedad-de-llevar-mascarillas-a-los-mayores-de-6-anos\\\/\"},\"author\":{\"name\":\"comunicacio\",\"@id\":\"https:\\\/\\\/mont-roig.cat\\\/es\\\/#\\\/schema\\\/person\\\/1f73e7b5e6f9dd122e8a6f14f310ac5e\"},\"headline\":\"Cambios en la cabalgata de Reyes en Mont-roig y obligatoriedad de llevar mascarilla a los mayores de 6 a\u00f1os\",\"datePublished\":\"2022-01-04T10:09:11+00:00\",\"dateModified\":\"2022-01-04T12:43:22+00:00\",\"mainEntityOfPage\":{\"@id\":\"https:\\\/\\\/mont-roig.cat\\\/es\\\/actualitat\\\/noticies\\\/cambios-en-la-cabalgata-de-reyes-en-mont-roig-y-obligatoriedad-de-llevar-mascarillas-a-los-mayores-de-6-anos\\\/\"},\"wordCount\":447,\"image\":{\"@id\":\"https:\\\/\\\/mont-roig.cat\\\/es\\\/actualitat\\\/noticies\\\/cambios-en-la-cabalgata-de-reyes-en-mont-roig-y-obligatoriedad-de-llevar-mascarillas-a-los-mayores-de-6-anos\\\/#primaryimage\"},\"thumbnailUrl\":\"https:\\\/\\\/mont-roig.cat\\\/wp-content\\\/uploads\\\/82029177_1752680278201161_8437202737455693824_n.jpg\",\"articleSection\":[\"Ayuntamiento\",\"Festes\"],\"inLanguage\":\"es\"},{\"@type\":\"WebPage\",\"@id\":\"https:\\\/\\\/mont-roig.cat\\\/es\\\/actualitat\\\/noticies\\\/cambios-en-la-cabalgata-de-reyes-en-mont-roig-y-obligatoriedad-de-llevar-mascarillas-a-los-mayores-de-6-anos\\\/\",\"url\":\"https:\\\/\\\/mont-roig.cat\\\/es\\\/actualitat\\\/noticies\\\/cambios-en-la-cabalgata-de-reyes-en-mont-roig-y-obligatoriedad-de-llevar-mascarillas-a-los-mayores-de-6-anos\\\/\",\"name\":\"Cambios en la cabalgata de Reyes en Mont-roig y obligatoriedad de llevar mascarilla a los mayores de 6 a\u00f1os - Ajuntament de Mont-roig del Camp\",\"isPartOf\":{\"@id\":\"https:\\\/\\\/mont-roig.cat\\\/es\\\/#website\"},\"primaryImageOfPage\":{\"@id\":\"https:\\\/\\\/mont-roig.cat\\\/es\\\/actualitat\\\/noticies\\\/cambios-en-la-cabalgata-de-reyes-en-mont-roig-y-obligatoriedad-de-llevar-mascarillas-a-los-mayores-de-6-anos\\\/#primaryimage\"},\"image\":{\"@id\":\"https:\\\/\\\/mont-roig.cat\\\/es\\\/actualitat\\\/noticies\\\/cambios-en-la-cabalgata-de-reyes-en-mont-roig-y-obligatoriedad-de-llevar-mascarillas-a-los-mayores-de-6-anos\\\/#primaryimage\"},\"thumbnailUrl\":\"https:\\\/\\\/mont-roig.cat\\\/wp-content\\\/uploads\\\/82029177_1752680278201161_8437202737455693824_n.jpg\",\"datePublished\":\"2022-01-04T10:09:11+00:00\",\"dateModified\":\"2022-01-04T12:43:22+00:00\",\"author\":{\"@id\":\"https:\\\/\\\/mont-roig.cat\\\/es\\\/#\\\/schema\\\/person\\\/1f73e7b5e6f9dd122e8a6f14f310ac5e\"},\"breadcrumb\":{\"@id\":\"https:\\\/\\\/mont-roig.cat\\\/es\\\/actualitat\\\/noticies\\\/cambios-en-la-cabalgata-de-reyes-en-mont-roig-y-obligatoriedad-de-llevar-mascarillas-a-los-mayores-de-6-anos\\\/#breadcrumb\"},\"inLanguage\":\"es\",\"potentialAction\":[{\"@type\":\"ReadAction\",\"target\":[\"https:\\\/\\\/mont-roig.cat\\\/es\\\/actualitat\\\/noticies\\\/cambios-en-la-cabalgata-de-reyes-en-mont-roig-y-obligatoriedad-de-llevar-mascarillas-a-los-mayores-de-6-anos\\\/\"]}]},{\"@type\":\"ImageObject\",\"inLanguage\":\"es\",\"@id\":\"https:\\\/\\\/mont-roig.cat\\\/es\\\/actualitat\\\/noticies\\\/cambios-en-la-cabalgata-de-reyes-en-mont-roig-y-obligatoriedad-de-llevar-mascarillas-a-los-mayores-de-6-anos\\\/#primaryimage\",\"url\":\"https:\\\/\\\/mont-roig.cat\\\/wp-content\\\/uploads\\\/82029177_1752680278201161_8437202737455693824_n.jpg\",\"contentUrl\":\"https:\\\/\\\/mont-roig.cat\\\/wp-content\\\/uploads\\\/82029177_1752680278201161_8437202737455693824_n.jpg\",\"width\":960,\"height\":720},{\"@type\":\"BreadcrumbList\",\"@id\":\"https:\\\/\\\/mont-roig.cat\\\/es\\\/actualitat\\\/noticies\\\/cambios-en-la-cabalgata-de-reyes-en-mont-roig-y-obligatoriedad-de-llevar-mascarillas-a-los-mayores-de-6-anos\\\/#breadcrumb\",\"itemListElement\":[{\"@type\":\"ListItem\",\"position\":1,\"name\":\"Inici\",\"item\":\"https:\\\/\\\/mont-roig.cat\\\/es\\\/pagina-de-inicio\\\/\"},{\"@type\":\"ListItem\",\"position\":2,\"name\":\"Cambios en la cabalgata de Reyes en Mont-roig y obligatoriedad de llevar mascarilla a los mayores de 6 a\u00f1os\"}]},{\"@type\":\"WebSite\",\"@id\":\"https:\\\/\\\/mont-roig.cat\\\/es\\\/#website\",\"url\":\"https:\\\/\\\/mont-roig.cat\\\/es\\\/\",\"name\":\"Ajuntament de Mont-roig del Camp\",\"description\":\"Tota la informaci\u00f3 sobre la instituci\u00f3, els seus \u00f2rgans de govern, actualitat, serveis i molt m\u00e9s.\",\"potentialAction\":[{\"@type\":\"SearchAction\",\"target\":{\"@type\":\"EntryPoint\",\"urlTemplate\":\"https:\\\/\\\/mont-roig.cat\\\/es\\\/?s={search_term_string}\"},\"query-input\":{\"@type\":\"PropertyValueSpecification\",\"valueRequired\":true,\"valueName\":\"search_term_string\"}}],\"inLanguage\":\"es\"},{\"@type\":\"Person\",\"@id\":\"https:\\\/\\\/mont-roig.cat\\\/es\\\/#\\\/schema\\\/person\\\/1f73e7b5e6f9dd122e8a6f14f310ac5e\",\"name\":\"comunicacio\",\"image\":{\"@type\":\"ImageObject\",\"inLanguage\":\"es\",\"@id\":\"https:\\\/\\\/secure.gravatar.com\\\/avatar\\\/98944333e7a877670a64f8d10f0cb680ab2c9ebc4efc43945ef004b52b5ad28c?s=96&d=mm&r=g\",\"url\":\"https:\\\/\\\/secure.gravatar.com\\\/avatar\\\/98944333e7a877670a64f8d10f0cb680ab2c9ebc4efc43945ef004b52b5ad28c?s=96&d=mm&r=g\",\"contentUrl\":\"https:\\\/\\\/secure.gravatar.com\\\/avatar\\\/98944333e7a877670a64f8d10f0cb680ab2c9ebc4efc43945ef004b52b5ad28c?s=96&d=mm&r=g\",\"caption\":\"comunicacio\"},\"url\":\"https:\\\/\\\/mont-roig.cat\\\/es\\\/actualitat\\\/noticies\\\/author\\\/comunicacio\\\/\"}]}<\/script>\n<!-- \/ Yoast SEO plugin. -->","yoast_head_json":{"title":"Cambios en la cabalgata de Reyes en Mont-roig y obligatoriedad de llevar mascarilla a los mayores de 6 a\u00f1os - Ajuntament de Mont-roig del Camp","robots":{"index":"index","follow":"follow","max-snippet":"max-snippet:-1","max-image-preview":"max-image-preview:large","max-video-preview":"max-video-preview:-1"},"canonical":"https:\/\/mont-roig.cat\/es\/actualitat\/noticies\/cambios-en-la-cabalgata-de-reyes-en-mont-roig-y-obligatoriedad-de-llevar-mascarillas-a-los-mayores-de-6-anos\/","og_locale":"es_ES","og_type":"article","og_title":"Cambios en la cabalgata de Reyes en Mont-roig y obligatoriedad de llevar mascarilla a los mayores de 6 a\u00f1os - Ajuntament de Mont-roig del Camp","og_description":"La cabalgata finalizar\u00e1 en el parque Maria Martori para evitar las aglomeraciones de la plaza de la Iglesia. En Miami Platja se mantendr\u00e0 el tradicional recorrido que finaliza en el Centre Polivalent.\u00a0 El Ayuntamiento \u00a0de Mont-roig \u00a0ha decidido realizar cambios en la cabalgata de Reyes de Mont-roig para adaptarse a la normativa Covid y por [&hellip;]","og_url":"https:\/\/mont-roig.cat\/es\/actualitat\/noticies\/cambios-en-la-cabalgata-de-reyes-en-mont-roig-y-obligatoriedad-de-llevar-mascarillas-a-los-mayores-de-6-anos\/","og_site_name":"Ajuntament de Mont-roig del Camp","article_published_time":"2022-01-04T10:09:11+00:00","article_modified_time":"2022-01-04T12:43:22+00:00","og_image":[{"width":960,"height":720,"url":"https:\/\/mont-roig.cat\/wp-content\/uploads\/82029177_1752680278201161_8437202737455693824_n.jpg","type":"image\/jpeg"}],"author":"comunicacio","twitter_card":"summary_large_image","twitter_misc":{"Escrito por":"comunicacio","Tiempo de lectura":"3 minutos"},"schema":{"@context":"https:\/\/schema.org","@graph":[{"@type":"Article","@id":"https:\/\/mont-roig.cat\/es\/actualitat\/noticies\/cambios-en-la-cabalgata-de-reyes-en-mont-roig-y-obligatoriedad-de-llevar-mascarillas-a-los-mayores-de-6-anos\/#article","isPartOf":{"@id":"https:\/\/mont-roig.cat\/es\/actualitat\/noticies\/cambios-en-la-cabalgata-de-reyes-en-mont-roig-y-obligatoriedad-de-llevar-mascarillas-a-los-mayores-de-6-anos\/"},"author":{"name":"comunicacio","@id":"https:\/\/mont-roig.cat\/es\/#\/schema\/person\/1f73e7b5e6f9dd122e8a6f14f310ac5e"},"headline":"Cambios en la cabalgata de Reyes en Mont-roig y obligatoriedad de llevar mascarilla a los mayores de 6 a\u00f1os","datePublished":"2022-01-04T10:09:11+00:00","dateModified":"2022-01-04T12:43:22+00:00","mainEntityOfPage":{"@id":"https:\/\/mont-roig.cat\/es\/actualitat\/noticies\/cambios-en-la-cabalgata-de-reyes-en-mont-roig-y-obligatoriedad-de-llevar-mascarillas-a-los-mayores-de-6-anos\/"},"wordCount":447,"image":{"@id":"https:\/\/mont-roig.cat\/es\/actualitat\/noticies\/cambios-en-la-cabalgata-de-reyes-en-mont-roig-y-obligatoriedad-de-llevar-mascarillas-a-los-mayores-de-6-anos\/#primaryimage"},"thumbnailUrl":"https:\/\/mont-roig.cat\/wp-content\/uploads\/82029177_1752680278201161_8437202737455693824_n.jpg","articleSection":["Ayuntamiento","Festes"],"inLanguage":"es"},{"@type":"WebPage","@id":"https:\/\/mont-roig.cat\/es\/actualitat\/noticies\/cambios-en-la-cabalgata-de-reyes-en-mont-roig-y-obligatoriedad-de-llevar-mascarillas-a-los-mayores-de-6-anos\/","url":"https:\/\/mont-roig.cat\/es\/actualitat\/noticies\/cambios-en-la-cabalgata-de-reyes-en-mont-roig-y-obligatoriedad-de-llevar-mascarillas-a-los-mayores-de-6-anos\/","name":"Cambios en la cabalgata de Reyes en Mont-roig y obligatoriedad de llevar mascarilla a los mayores de 6 a\u00f1os - Ajuntament de Mont-roig del Camp","isPartOf":{"@id":"https:\/\/mont-roig.cat\/es\/#website"},"primaryImageOfPage":{"@id":"https:\/\/mont-roig.cat\/es\/actualitat\/noticies\/cambios-en-la-cabalgata-de-reyes-en-mont-roig-y-obligatoriedad-de-llevar-mascarillas-a-los-mayores-de-6-anos\/#primaryimage"},"image":{"@id":"https:\/\/mont-roig.cat\/es\/actualitat\/noticies\/cambios-en-la-cabalgata-de-reyes-en-mont-roig-y-obligatoriedad-de-llevar-mascarillas-a-los-mayores-de-6-anos\/#primaryimage"},"thumbnailUrl":"https:\/\/mont-roig.cat\/wp-content\/uploads\/82029177_1752680278201161_8437202737455693824_n.jpg","datePublished":"2022-01-04T10:09:11+00:00","dateModified":"2022-01-04T12:43:22+00:00","author":{"@id":"https:\/\/mont-roig.cat\/es\/#\/schema\/person\/1f73e7b5e6f9dd122e8a6f14f310ac5e"},"breadcrumb":{"@id":"https:\/\/mont-roig.cat\/es\/actualitat\/noticies\/cambios-en-la-cabalgata-de-reyes-en-mont-roig-y-obligatoriedad-de-llevar-mascarillas-a-los-mayores-de-6-anos\/#breadcrumb"},"inLanguage":"es","potentialAction":[{"@type":"ReadAction","target":["https:\/\/mont-roig.cat\/es\/actualitat\/noticies\/cambios-en-la-cabalgata-de-reyes-en-mont-roig-y-obligatoriedad-de-llevar-mascarillas-a-los-mayores-de-6-anos\/"]}]},{"@type":"ImageObject","inLanguage":"es","@id":"https:\/\/mont-roig.cat\/es\/actualitat\/noticies\/cambios-en-la-cabalgata-de-reyes-en-mont-roig-y-obligatoriedad-de-llevar-mascarillas-a-los-mayores-de-6-anos\/#primaryimage","url":"https:\/\/mont-roig.cat\/wp-content\/uploads\/82029177_1752680278201161_8437202737455693824_n.jpg","contentUrl":"https:\/\/mont-roig.cat\/wp-content\/uploads\/82029177_1752680278201161_8437202737455693824_n.jpg","width":960,"height":720},{"@type":"BreadcrumbList","@id":"https:\/\/mont-roig.cat\/es\/actualitat\/noticies\/cambios-en-la-cabalgata-de-reyes-en-mont-roig-y-obligatoriedad-de-llevar-mascarillas-a-los-mayores-de-6-anos\/#breadcrumb","itemListElement":[{"@type":"ListItem","position":1,"name":"Inici","item":"https:\/\/mont-roig.cat\/es\/pagina-de-inicio\/"},{"@type":"ListItem","position":2,"name":"Cambios en la cabalgata de Reyes en Mont-roig y obligatoriedad de llevar mascarilla a los mayores de 6 a\u00f1os"}]},{"@type":"WebSite","@id":"https:\/\/mont-roig.cat\/es\/#website","url":"https:\/\/mont-roig.cat\/es\/","name":"Ajuntament de Mont-roig del Camp","description":"Tota la informaci\u00f3 sobre la instituci\u00f3, els seus \u00f2rgans de govern, actualitat, serveis i molt m\u00e9s.","potentialAction":[{"@type":"SearchAction","target":{"@type":"EntryPoint","urlTemplate":"https:\/\/mont-roig.cat\/es\/?s={search_term_string}"},"query-input":{"@type":"PropertyValueSpecification","valueRequired":true,"valueName":"search_term_string"}}],"inLanguage":"es"},{"@type":"Person","@id":"https:\/\/mont-roig.cat\/es\/#\/schema\/person\/1f73e7b5e6f9dd122e8a6f14f310ac5e","name":"comunicacio","image":{"@type":"ImageObject","inLanguage":"es","@id":"https:\/\/secure.gravatar.com\/avatar\/98944333e7a877670a64f8d10f0cb680ab2c9ebc4efc43945ef004b52b5ad28c?s=96&d=mm&r=g","url":"https:\/\/secure.gravatar.com\/avatar\/98944333e7a877670a64f8d10f0cb680ab2c9ebc4efc43945ef004b52b5ad28c?s=96&d=mm&r=g","contentUrl":"https:\/\/secure.gravatar.com\/avatar\/98944333e7a877670a64f8d10f0cb680ab2c9ebc4efc43945ef004b52b5ad28c?s=96&d=mm&r=g","caption":"comunicacio"},"url":"https:\/\/mont-roig.cat\/es\/actualitat\/noticies\/author\/comunicacio\/"}]}},"_links":{"self":[{"href":"https:\/\/mont-roig.cat\/es\/wp-json\/wp\/v2\/posts\/59639","targetHints":{"allow":["GET"]}}],"collection":[{"href":"https:\/\/mont-roig.cat\/es\/wp-json\/wp\/v2\/posts"}],"about":[{"href":"https:\/\/mont-roig.cat\/es\/wp-json\/wp\/v2\/types\/post"}],"author":[{"embeddable":true,"href":"https:\/\/mont-roig.cat\/es\/wp-json\/wp\/v2\/users\/13"}],"replies":[{"embeddable":true,"href":"https:\/\/mont-roig.cat\/es\/wp-json\/wp\/v2\/comments?post=59639"}],"version-history":[{"count":5,"href":"https:\/\/mont-roig.cat\/es\/wp-json\/wp\/v2\/posts\/59639\/revisions"}],"predecessor-version":[{"id":59649,"href":"https:\/\/mont-roig.cat\/es\/wp-json\/wp\/v2\/posts\/59639\/revisions\/59649"}],"wp:featuredmedia":[{"embeddable":true,"href":"https:\/\/mont-roig.cat\/es\/wp-json\/wp\/v2\/media\/59636"}],"wp:attachment":[{"href":"https:\/\/mont-roig.cat\/es\/wp-json\/wp\/v2\/media?parent=59639"}],"wp:term":[{"taxonomy":"category","embeddable":true,"href":"https:\/\/mont-roig.cat\/es\/wp-json\/wp\/v2\/categories?post=59639"},{"taxonomy":"post_tag","embeddable":true,"href":"https:\/\/mont-roig.cat\/es\/wp-json\/wp\/v2\/tags?post=59639"}],"curies":[{"name":"wp","href":"https:\/\/api.w.org\/{rel}","templated":true}]}}