{"id":59657,"date":"2022-01-05T10:00:43","date_gmt":"2022-01-05T09:00:43","guid":{"rendered":"https:\/\/mont-roig.cat\/actualitat\/noticies\/afectacions-viaries-per-la-crema-torrons-el-diumenge-9-de-gener-a-miami-platja\/"},"modified":"2022-01-05T10:04:57","modified_gmt":"2022-01-05T09:04:57","slug":"afectaciones-viarias-por-la-crema-torrons-el-domingo-9-de-enero-en-miami-platja","status":"publish","type":"post","link":"https:\/\/mont-roig.cat\/es\/actualitat\/noticies\/afectaciones-viarias-por-la-crema-torrons-el-domingo-9-de-enero-en-miami-platja\/","title":{"rendered":"Afectaciones viarias por la Crema Torrons el domingo 9 de enero en Miami Platja"},"content":{"rendered":"<div id=\"attachment_59652\" style=\"width: 314px\" class=\"wp-caption alignright\"><a href=\"https:\/\/mont-roig.cat\/wp-content\/uploads\/Crematorrons-2022-Afectacions-de-transit_page-0001-scaled.jpg\"><img loading=\"lazy\" decoding=\"async\" aria-describedby=\"caption-attachment-59652\" class=\"wp-image-59652\" src=\"https:\/\/mont-roig.cat\/wp-content\/uploads\/Crematorrons-2022-Afectacions-de-transit_page-0001-500x354.jpg\" alt=\"\" width=\"304\" height=\"215\" srcset=\"https:\/\/mont-roig.cat\/wp-content\/uploads\/Crematorrons-2022-Afectacions-de-transit_page-0001-500x354.jpg 500w, https:\/\/mont-roig.cat\/wp-content\/uploads\/Crematorrons-2022-Afectacions-de-transit_page-0001-1024x724.jpg 1024w, https:\/\/mont-roig.cat\/wp-content\/uploads\/Crematorrons-2022-Afectacions-de-transit_page-0001-768x543.jpg 768w, https:\/\/mont-roig.cat\/wp-content\/uploads\/Crematorrons-2022-Afectacions-de-transit_page-0001-1536x1086.jpg 1536w, https:\/\/mont-roig.cat\/wp-content\/uploads\/Crematorrons-2022-Afectacions-de-transit_page-0001-scaled.jpg 2048w\" sizes=\"auto, (max-width: 304px) 100vw, 304px\" \/><\/a><p id=\"caption-attachment-59652\" class=\"wp-caption-text\">Afectaciones viarias Crema Torrons 2022<\/p><\/div>\n<ul>\n<li><strong>Con motivo de la carrera popular Crema Torrons que se celebrar\u00e1 el pr\u00f3ximo domingo 9 de enero en Miami Platja habr\u00e1 varias afectaciones de tr\u00e1fico en la zona.<\/strong><\/li>\n<\/ul>\n<p>En concreto, el paseo Mediterrani, el paseo Mar\u00edtim as\u00ed como la bajada a la Platja Cristall son algunos de los puntos que quedar\u00e1n cortados al tr\u00e1fico durante la ma\u00f1ana.<\/p>\n<p>Consulte el mapa adjunto con las afectaciones de tr\u00e1fico y los horarios previstos.<\/p>\n<p><strong>Vuelve la carrera<\/strong><\/p>\n<p>La carrera Crema Torrons que el a\u00f1o pasado tuvo que suspenderse por las restricciones de la Covid est\u00e1 organizada por el \u00c1rea de Deportes del Ayuntamiento de Mont-roig del Camp con el apoyo t\u00e9cnico de Sansi y, de nuevo , tendr\u00e1 caracteres solidario, ya que una parte de la recaudaci\u00f3n de las inscripciones ser\u00e1 por la Cruz Roja como agradecimiento por la labor realizada durante la pandemia.<\/p>\n<p>La Crema Torrons tendr\u00e1 como punto de salida la Platja Cristall de Miami Platja y el recorrido pasar\u00e1, de nuevo, por delante de las playas del municipio. Es una competici\u00f3n abierta a todas las edades y la organizaci\u00f3n ha preparado un recorrido de 10 y uno de cinco kil\u00f3metros. La \u00a0competici\u00f3n empezar\u00e1 a las 10 de la \u00a0ma\u00f1ana ya partir de las 11.30h habr\u00e1 las carreras de promoci\u00f3n para los m\u00e1s peque\u00f1os. Los participantes\u00a0 recibir\u00e1n una camiseta t\u00e9cnica de manga larga y una bolsa de obsequios de los patrocinadores.<\/p>\n<p>Las inscripciones ya est\u00e1n abiertas a trav\u00e9s de la p\u00e1gina <a href=\"http:\/\/www.crematorrons.com\" target=\"_blank\" rel=\"noopener\">www.crematorrons.com<\/a><\/p>\n<p><a href=\"http:\/\/www.crematorrons.com\" target=\"_blank\" rel=\"noopener\">www.crematorrons.com<\/a><\/p>\n","protected":false},"excerpt":{"rendered":"<p>Con motivo de la carrera popular Crema Torrons que se celebrar\u00e1 el pr\u00f3ximo domingo 9 de enero en Miami Platja habr\u00e1 varias afectaciones de tr\u00e1fico en la zona. En concreto, el paseo Mediterrani, el paseo Mar\u00edtim as\u00ed como la bajada a la Platja Cristall son algunos de los puntos que quedar\u00e1n cortados al tr\u00e1fico durante [&hellip;]<\/p>\n","protected":false},"author":13,"featured_media":59653,"comment_status":"closed","ping_status":"closed","sticky":false,"template":"","format":"standard","meta":{"inline_featured_image":false,"_monsterinsights_skip_tracking":false,"_monsterinsights_sitenote_active":false,"_monsterinsights_sitenote_note":"","_monsterinsights_sitenote_category":0,"footnotes":""},"categories":[98,104],"tags":[],"class_list":["post-59657","post","type-post","status-publish","format-standard","has-post-thumbnail","hentry","category-ayuntamiento","category-deportes"],"yoast_head":"<!-- This site is optimized with the Yoast SEO plugin v27.4 - https:\/\/yoast.com\/product\/yoast-seo-wordpress\/ -->\n<title>Afectaciones viarias por la Crema Torrons el domingo 9 de enero en Miami Platja - Ajuntament de Mont-roig del Camp<\/title>\n<meta name=\"robots\" content=\"index, follow, max-snippet:-1, max-image-preview:large, max-video-preview:-1\" \/>\n<link rel=\"canonical\" href=\"https:\/\/mont-roig.cat\/es\/actualitat\/noticies\/afectaciones-viarias-por-la-crema-torrons-el-domingo-9-de-enero-en-miami-platja\/\" \/>\n<meta property=\"og:locale\" content=\"es_ES\" \/>\n<meta property=\"og:type\" content=\"article\" \/>\n<meta property=\"og:title\" content=\"Afectaciones viarias por la Crema Torrons el domingo 9 de enero en Miami Platja - Ajuntament de Mont-roig del Camp\" \/>\n<meta property=\"og:description\" content=\"Con motivo de la carrera popular Crema Torrons que se celebrar\u00e1 el pr\u00f3ximo domingo 9 de enero en Miami Platja habr\u00e1 varias afectaciones de tr\u00e1fico en la zona. En concreto, el paseo Mediterrani, el paseo Mar\u00edtim as\u00ed como la bajada a la Platja Cristall son algunos de los puntos que quedar\u00e1n cortados al tr\u00e1fico durante [&hellip;]\" \/>\n<meta property=\"og:url\" content=\"https:\/\/mont-roig.cat\/es\/actualitat\/noticies\/afectaciones-viarias-por-la-crema-torrons-el-domingo-9-de-enero-en-miami-platja\/\" \/>\n<meta property=\"og:site_name\" content=\"Ajuntament de Mont-roig del Camp\" \/>\n<meta property=\"article:published_time\" content=\"2022-01-05T09:00:43+00:00\" \/>\n<meta property=\"article:modified_time\" content=\"2022-01-05T09:04:57+00:00\" \/>\n<meta property=\"og:image\" content=\"https:\/\/mont-roig.cat\/wp-content\/uploads\/Crematorrons-2022-Afectacions-de-transit_page-0001-1024x724.jpg\" \/>\n\t<meta property=\"og:image:width\" content=\"1024\" \/>\n\t<meta property=\"og:image:height\" content=\"724\" \/>\n\t<meta property=\"og:image:type\" content=\"image\/jpeg\" \/>\n<meta name=\"author\" content=\"comunicacio\" \/>\n<meta name=\"twitter:card\" content=\"summary_large_image\" \/>\n<meta name=\"twitter:label1\" content=\"Escrito por\" \/>\n\t<meta name=\"twitter:data1\" content=\"comunicacio\" \/>\n\t<meta name=\"twitter:label2\" content=\"Tiempo de lectura\" \/>\n\t<meta name=\"twitter:data2\" content=\"2 minutos\" \/>\n<script type=\"application\/ld+json\" class=\"yoast-schema-graph\">{\"@context\":\"https:\\\/\\\/schema.org\",\"@graph\":[{\"@type\":\"Article\",\"@id\":\"https:\\\/\\\/mont-roig.cat\\\/es\\\/actualitat\\\/noticies\\\/afectaciones-viarias-por-la-crema-torrons-el-domingo-9-de-enero-en-miami-platja\\\/#article\",\"isPartOf\":{\"@id\":\"https:\\\/\\\/mont-roig.cat\\\/es\\\/actualitat\\\/noticies\\\/afectaciones-viarias-por-la-crema-torrons-el-domingo-9-de-enero-en-miami-platja\\\/\"},\"author\":{\"name\":\"comunicacio\",\"@id\":\"https:\\\/\\\/mont-roig.cat\\\/es\\\/#\\\/schema\\\/person\\\/1f73e7b5e6f9dd122e8a6f14f310ac5e\"},\"headline\":\"Afectaciones viarias por la Crema Torrons el domingo 9 de enero en Miami Platja\",\"datePublished\":\"2022-01-05T09:00:43+00:00\",\"dateModified\":\"2022-01-05T09:04:57+00:00\",\"mainEntityOfPage\":{\"@id\":\"https:\\\/\\\/mont-roig.cat\\\/es\\\/actualitat\\\/noticies\\\/afectaciones-viarias-por-la-crema-torrons-el-domingo-9-de-enero-en-miami-platja\\\/\"},\"wordCount\":288,\"image\":{\"@id\":\"https:\\\/\\\/mont-roig.cat\\\/es\\\/actualitat\\\/noticies\\\/afectaciones-viarias-por-la-crema-torrons-el-domingo-9-de-enero-en-miami-platja\\\/#primaryimage\"},\"thumbnailUrl\":\"https:\\\/\\\/mont-roig.cat\\\/wp-content\\\/uploads\\\/Crematorrons-2022-Afectacions-de-transit_page-0001.jpg\",\"articleSection\":[\"Ayuntamiento\",\"Deportes\"],\"inLanguage\":\"es\"},{\"@type\":\"WebPage\",\"@id\":\"https:\\\/\\\/mont-roig.cat\\\/es\\\/actualitat\\\/noticies\\\/afectaciones-viarias-por-la-crema-torrons-el-domingo-9-de-enero-en-miami-platja\\\/\",\"url\":\"https:\\\/\\\/mont-roig.cat\\\/es\\\/actualitat\\\/noticies\\\/afectaciones-viarias-por-la-crema-torrons-el-domingo-9-de-enero-en-miami-platja\\\/\",\"name\":\"Afectaciones viarias por la Crema Torrons el domingo 9 de enero en Miami Platja - Ajuntament de Mont-roig del Camp\",\"isPartOf\":{\"@id\":\"https:\\\/\\\/mont-roig.cat\\\/es\\\/#website\"},\"primaryImageOfPage\":{\"@id\":\"https:\\\/\\\/mont-roig.cat\\\/es\\\/actualitat\\\/noticies\\\/afectaciones-viarias-por-la-crema-torrons-el-domingo-9-de-enero-en-miami-platja\\\/#primaryimage\"},\"image\":{\"@id\":\"https:\\\/\\\/mont-roig.cat\\\/es\\\/actualitat\\\/noticies\\\/afectaciones-viarias-por-la-crema-torrons-el-domingo-9-de-enero-en-miami-platja\\\/#primaryimage\"},\"thumbnailUrl\":\"https:\\\/\\\/mont-roig.cat\\\/wp-content\\\/uploads\\\/Crematorrons-2022-Afectacions-de-transit_page-0001.jpg\",\"datePublished\":\"2022-01-05T09:00:43+00:00\",\"dateModified\":\"2022-01-05T09:04:57+00:00\",\"author\":{\"@id\":\"https:\\\/\\\/mont-roig.cat\\\/es\\\/#\\\/schema\\\/person\\\/1f73e7b5e6f9dd122e8a6f14f310ac5e\"},\"breadcrumb\":{\"@id\":\"https:\\\/\\\/mont-roig.cat\\\/es\\\/actualitat\\\/noticies\\\/afectaciones-viarias-por-la-crema-torrons-el-domingo-9-de-enero-en-miami-platja\\\/#breadcrumb\"},\"inLanguage\":\"es\",\"potentialAction\":[{\"@type\":\"ReadAction\",\"target\":[\"https:\\\/\\\/mont-roig.cat\\\/es\\\/actualitat\\\/noticies\\\/afectaciones-viarias-por-la-crema-torrons-el-domingo-9-de-enero-en-miami-platja\\\/\"]}]},{\"@type\":\"ImageObject\",\"inLanguage\":\"es\",\"@id\":\"https:\\\/\\\/mont-roig.cat\\\/es\\\/actualitat\\\/noticies\\\/afectaciones-viarias-por-la-crema-torrons-el-domingo-9-de-enero-en-miami-platja\\\/#primaryimage\",\"url\":\"https:\\\/\\\/mont-roig.cat\\\/wp-content\\\/uploads\\\/Crematorrons-2022-Afectacions-de-transit_page-0001.jpg\",\"contentUrl\":\"https:\\\/\\\/mont-roig.cat\\\/wp-content\\\/uploads\\\/Crematorrons-2022-Afectacions-de-transit_page-0001.jpg\",\"width\":2048,\"height\":1448},{\"@type\":\"BreadcrumbList\",\"@id\":\"https:\\\/\\\/mont-roig.cat\\\/es\\\/actualitat\\\/noticies\\\/afectaciones-viarias-por-la-crema-torrons-el-domingo-9-de-enero-en-miami-platja\\\/#breadcrumb\",\"itemListElement\":[{\"@type\":\"ListItem\",\"position\":1,\"name\":\"Inici\",\"item\":\"https:\\\/\\\/mont-roig.cat\\\/es\\\/pagina-de-inicio\\\/\"},{\"@type\":\"ListItem\",\"position\":2,\"name\":\"Afectaciones viarias por la Crema Torrons el domingo 9 de enero en Miami Platja\"}]},{\"@type\":\"WebSite\",\"@id\":\"https:\\\/\\\/mont-roig.cat\\\/es\\\/#website\",\"url\":\"https:\\\/\\\/mont-roig.cat\\\/es\\\/\",\"name\":\"Ajuntament de Mont-roig del Camp\",\"description\":\"Tota la informaci\u00f3 sobre la instituci\u00f3, els seus \u00f2rgans de govern, actualitat, serveis i molt m\u00e9s.\",\"potentialAction\":[{\"@type\":\"SearchAction\",\"target\":{\"@type\":\"EntryPoint\",\"urlTemplate\":\"https:\\\/\\\/mont-roig.cat\\\/es\\\/?s={search_term_string}\"},\"query-input\":{\"@type\":\"PropertyValueSpecification\",\"valueRequired\":true,\"valueName\":\"search_term_string\"}}],\"inLanguage\":\"es\"},{\"@type\":\"Person\",\"@id\":\"https:\\\/\\\/mont-roig.cat\\\/es\\\/#\\\/schema\\\/person\\\/1f73e7b5e6f9dd122e8a6f14f310ac5e\",\"name\":\"comunicacio\",\"image\":{\"@type\":\"ImageObject\",\"inLanguage\":\"es\",\"@id\":\"https:\\\/\\\/secure.gravatar.com\\\/avatar\\\/98944333e7a877670a64f8d10f0cb680ab2c9ebc4efc43945ef004b52b5ad28c?s=96&d=mm&r=g\",\"url\":\"https:\\\/\\\/secure.gravatar.com\\\/avatar\\\/98944333e7a877670a64f8d10f0cb680ab2c9ebc4efc43945ef004b52b5ad28c?s=96&d=mm&r=g\",\"contentUrl\":\"https:\\\/\\\/secure.gravatar.com\\\/avatar\\\/98944333e7a877670a64f8d10f0cb680ab2c9ebc4efc43945ef004b52b5ad28c?s=96&d=mm&r=g\",\"caption\":\"comunicacio\"},\"url\":\"https:\\\/\\\/mont-roig.cat\\\/es\\\/actualitat\\\/noticies\\\/author\\\/comunicacio\\\/\"}]}<\/script>\n<!-- \/ Yoast SEO plugin. -->","yoast_head_json":{"title":"Afectaciones viarias por la Crema Torrons el domingo 9 de enero en Miami Platja - Ajuntament de Mont-roig del Camp","robots":{"index":"index","follow":"follow","max-snippet":"max-snippet:-1","max-image-preview":"max-image-preview:large","max-video-preview":"max-video-preview:-1"},"canonical":"https:\/\/mont-roig.cat\/es\/actualitat\/noticies\/afectaciones-viarias-por-la-crema-torrons-el-domingo-9-de-enero-en-miami-platja\/","og_locale":"es_ES","og_type":"article","og_title":"Afectaciones viarias por la Crema Torrons el domingo 9 de enero en Miami Platja - Ajuntament de Mont-roig del Camp","og_description":"Con motivo de la carrera popular Crema Torrons que se celebrar\u00e1 el pr\u00f3ximo domingo 9 de enero en Miami Platja habr\u00e1 varias afectaciones de tr\u00e1fico en la zona. En concreto, el paseo Mediterrani, el paseo Mar\u00edtim as\u00ed como la bajada a la Platja Cristall son algunos de los puntos que quedar\u00e1n cortados al tr\u00e1fico durante [&hellip;]","og_url":"https:\/\/mont-roig.cat\/es\/actualitat\/noticies\/afectaciones-viarias-por-la-crema-torrons-el-domingo-9-de-enero-en-miami-platja\/","og_site_name":"Ajuntament de Mont-roig del Camp","article_published_time":"2022-01-05T09:00:43+00:00","article_modified_time":"2022-01-05T09:04:57+00:00","og_image":[{"width":1024,"height":724,"url":"https:\/\/mont-roig.cat\/wp-content\/uploads\/Crematorrons-2022-Afectacions-de-transit_page-0001-1024x724.jpg","type":"image\/jpeg"}],"author":"comunicacio","twitter_card":"summary_large_image","twitter_misc":{"Escrito por":"comunicacio","Tiempo de lectura":"2 minutos"},"schema":{"@context":"https:\/\/schema.org","@graph":[{"@type":"Article","@id":"https:\/\/mont-roig.cat\/es\/actualitat\/noticies\/afectaciones-viarias-por-la-crema-torrons-el-domingo-9-de-enero-en-miami-platja\/#article","isPartOf":{"@id":"https:\/\/mont-roig.cat\/es\/actualitat\/noticies\/afectaciones-viarias-por-la-crema-torrons-el-domingo-9-de-enero-en-miami-platja\/"},"author":{"name":"comunicacio","@id":"https:\/\/mont-roig.cat\/es\/#\/schema\/person\/1f73e7b5e6f9dd122e8a6f14f310ac5e"},"headline":"Afectaciones viarias por la Crema Torrons el domingo 9 de enero en Miami Platja","datePublished":"2022-01-05T09:00:43+00:00","dateModified":"2022-01-05T09:04:57+00:00","mainEntityOfPage":{"@id":"https:\/\/mont-roig.cat\/es\/actualitat\/noticies\/afectaciones-viarias-por-la-crema-torrons-el-domingo-9-de-enero-en-miami-platja\/"},"wordCount":288,"image":{"@id":"https:\/\/mont-roig.cat\/es\/actualitat\/noticies\/afectaciones-viarias-por-la-crema-torrons-el-domingo-9-de-enero-en-miami-platja\/#primaryimage"},"thumbnailUrl":"https:\/\/mont-roig.cat\/wp-content\/uploads\/Crematorrons-2022-Afectacions-de-transit_page-0001.jpg","articleSection":["Ayuntamiento","Deportes"],"inLanguage":"es"},{"@type":"WebPage","@id":"https:\/\/mont-roig.cat\/es\/actualitat\/noticies\/afectaciones-viarias-por-la-crema-torrons-el-domingo-9-de-enero-en-miami-platja\/","url":"https:\/\/mont-roig.cat\/es\/actualitat\/noticies\/afectaciones-viarias-por-la-crema-torrons-el-domingo-9-de-enero-en-miami-platja\/","name":"Afectaciones viarias por la Crema Torrons el domingo 9 de enero en Miami Platja - Ajuntament de Mont-roig del Camp","isPartOf":{"@id":"https:\/\/mont-roig.cat\/es\/#website"},"primaryImageOfPage":{"@id":"https:\/\/mont-roig.cat\/es\/actualitat\/noticies\/afectaciones-viarias-por-la-crema-torrons-el-domingo-9-de-enero-en-miami-platja\/#primaryimage"},"image":{"@id":"https:\/\/mont-roig.cat\/es\/actualitat\/noticies\/afectaciones-viarias-por-la-crema-torrons-el-domingo-9-de-enero-en-miami-platja\/#primaryimage"},"thumbnailUrl":"https:\/\/mont-roig.cat\/wp-content\/uploads\/Crematorrons-2022-Afectacions-de-transit_page-0001.jpg","datePublished":"2022-01-05T09:00:43+00:00","dateModified":"2022-01-05T09:04:57+00:00","author":{"@id":"https:\/\/mont-roig.cat\/es\/#\/schema\/person\/1f73e7b5e6f9dd122e8a6f14f310ac5e"},"breadcrumb":{"@id":"https:\/\/mont-roig.cat\/es\/actualitat\/noticies\/afectaciones-viarias-por-la-crema-torrons-el-domingo-9-de-enero-en-miami-platja\/#breadcrumb"},"inLanguage":"es","potentialAction":[{"@type":"ReadAction","target":["https:\/\/mont-roig.cat\/es\/actualitat\/noticies\/afectaciones-viarias-por-la-crema-torrons-el-domingo-9-de-enero-en-miami-platja\/"]}]},{"@type":"ImageObject","inLanguage":"es","@id":"https:\/\/mont-roig.cat\/es\/actualitat\/noticies\/afectaciones-viarias-por-la-crema-torrons-el-domingo-9-de-enero-en-miami-platja\/#primaryimage","url":"https:\/\/mont-roig.cat\/wp-content\/uploads\/Crematorrons-2022-Afectacions-de-transit_page-0001.jpg","contentUrl":"https:\/\/mont-roig.cat\/wp-content\/uploads\/Crematorrons-2022-Afectacions-de-transit_page-0001.jpg","width":2048,"height":1448},{"@type":"BreadcrumbList","@id":"https:\/\/mont-roig.cat\/es\/actualitat\/noticies\/afectaciones-viarias-por-la-crema-torrons-el-domingo-9-de-enero-en-miami-platja\/#breadcrumb","itemListElement":[{"@type":"ListItem","position":1,"name":"Inici","item":"https:\/\/mont-roig.cat\/es\/pagina-de-inicio\/"},{"@type":"ListItem","position":2,"name":"Afectaciones viarias por la Crema Torrons el domingo 9 de enero en Miami Platja"}]},{"@type":"WebSite","@id":"https:\/\/mont-roig.cat\/es\/#website","url":"https:\/\/mont-roig.cat\/es\/","name":"Ajuntament de Mont-roig del Camp","description":"Tota la informaci\u00f3 sobre la instituci\u00f3, els seus \u00f2rgans de govern, actualitat, serveis i molt m\u00e9s.","potentialAction":[{"@type":"SearchAction","target":{"@type":"EntryPoint","urlTemplate":"https:\/\/mont-roig.cat\/es\/?s={search_term_string}"},"query-input":{"@type":"PropertyValueSpecification","valueRequired":true,"valueName":"search_term_string"}}],"inLanguage":"es"},{"@type":"Person","@id":"https:\/\/mont-roig.cat\/es\/#\/schema\/person\/1f73e7b5e6f9dd122e8a6f14f310ac5e","name":"comunicacio","image":{"@type":"ImageObject","inLanguage":"es","@id":"https:\/\/secure.gravatar.com\/avatar\/98944333e7a877670a64f8d10f0cb680ab2c9ebc4efc43945ef004b52b5ad28c?s=96&d=mm&r=g","url":"https:\/\/secure.gravatar.com\/avatar\/98944333e7a877670a64f8d10f0cb680ab2c9ebc4efc43945ef004b52b5ad28c?s=96&d=mm&r=g","contentUrl":"https:\/\/secure.gravatar.com\/avatar\/98944333e7a877670a64f8d10f0cb680ab2c9ebc4efc43945ef004b52b5ad28c?s=96&d=mm&r=g","caption":"comunicacio"},"url":"https:\/\/mont-roig.cat\/es\/actualitat\/noticies\/author\/comunicacio\/"}]}},"_links":{"self":[{"href":"https:\/\/mont-roig.cat\/es\/wp-json\/wp\/v2\/posts\/59657","targetHints":{"allow":["GET"]}}],"collection":[{"href":"https:\/\/mont-roig.cat\/es\/wp-json\/wp\/v2\/posts"}],"about":[{"href":"https:\/\/mont-roig.cat\/es\/wp-json\/wp\/v2\/types\/post"}],"author":[{"embeddable":true,"href":"https:\/\/mont-roig.cat\/es\/wp-json\/wp\/v2\/users\/13"}],"replies":[{"embeddable":true,"href":"https:\/\/mont-roig.cat\/es\/wp-json\/wp\/v2\/comments?post=59657"}],"version-history":[{"count":2,"href":"https:\/\/mont-roig.cat\/es\/wp-json\/wp\/v2\/posts\/59657\/revisions"}],"predecessor-version":[{"id":59659,"href":"https:\/\/mont-roig.cat\/es\/wp-json\/wp\/v2\/posts\/59657\/revisions\/59659"}],"wp:featuredmedia":[{"embeddable":true,"href":"https:\/\/mont-roig.cat\/es\/wp-json\/wp\/v2\/media\/59653"}],"wp:attachment":[{"href":"https:\/\/mont-roig.cat\/es\/wp-json\/wp\/v2\/media?parent=59657"}],"wp:term":[{"taxonomy":"category","embeddable":true,"href":"https:\/\/mont-roig.cat\/es\/wp-json\/wp\/v2\/categories?post=59657"},{"taxonomy":"post_tag","embeddable":true,"href":"https:\/\/mont-roig.cat\/es\/wp-json\/wp\/v2\/tags?post=59657"}],"curies":[{"name":"wp","href":"https:\/\/api.w.org\/{rel}","templated":true}]}}