{"id":59961,"date":"2022-01-19T14:02:33","date_gmt":"2022-01-19T13:02:33","guid":{"rendered":"https:\/\/mont-roig.cat\/actualitat\/noticies\/lajuntament-continua-apostat-per-lenergia-verda-amb-nous-punts-de-recarrega-per-a-vehicles-electrics-de-la-flota-municipal\/"},"modified":"2022-01-19T14:11:40","modified_gmt":"2022-01-19T13:11:40","slug":"el-ayuntamiento-sigue-apostado-por-la-energia-verde-con-nuevos-puntos-de-recarga-para-vehiculos-electricos-de-la-flota-municipal","status":"publish","type":"post","link":"https:\/\/mont-roig.cat\/es\/actualitat\/noticies\/el-ayuntamiento-sigue-apostado-por-la-energia-verde-con-nuevos-puntos-de-recarga-para-vehiculos-electricos-de-la-flota-municipal\/","title":{"rendered":"El Ayuntamiento sigue apostado por la energ\u00eda verde con nuevos puntos de recarga para veh\u00edculos el\u00e9ctricos de la flota municipal"},"content":{"rendered":"<div id=\"attachment_59957\" style=\"width: 317px\" class=\"wp-caption alignright\"><a href=\"https:\/\/mont-roig.cat\/wp-content\/uploads\/obres-aparcament-i-punt-recarrega-Miami-Platja.jpg\"><img loading=\"lazy\" decoding=\"async\" aria-describedby=\"caption-attachment-59957\" class=\"wp-image-59957\" src=\"https:\/\/mont-roig.cat\/wp-content\/uploads\/obres-aparcament-i-punt-recarrega-Miami-Platja-500x375.jpg\" alt=\"\" width=\"307\" height=\"230\" srcset=\"https:\/\/mont-roig.cat\/wp-content\/uploads\/obres-aparcament-i-punt-recarrega-Miami-Platja-500x375.jpg 500w, https:\/\/mont-roig.cat\/wp-content\/uploads\/obres-aparcament-i-punt-recarrega-Miami-Platja-768x576.jpg 768w, https:\/\/mont-roig.cat\/wp-content\/uploads\/obres-aparcament-i-punt-recarrega-Miami-Platja-463x348.jpg 463w, https:\/\/mont-roig.cat\/wp-content\/uploads\/obres-aparcament-i-punt-recarrega-Miami-Platja.jpg 1024w\" sizes=\"auto, (max-width: 307px) 100vw, 307px\" \/><\/a><p id=\"caption-attachment-59957\" class=\"wp-caption-text\">Obras del nuevo punto de recarga en Miami Platja.<\/p><\/div>\n<ul>\n<li><strong>Se <\/strong><strong>est\u00e1n ejecutando las obras de un nuevo aparcamiento junto a las oficinas municipales de Miami Platja que incorporar\u00e1 5 nuevas estaciones de recarga el\u00e9ctrica.<\/strong><\/li>\n<\/ul>\n<p>El Ayuntamiento de Mont-roig del Camp contin\u00faa apostando por la energ\u00eda verde y lo hace instalando 5 nuevas estaciones de recarga, con una potencia de 22 kW cada estaci\u00f3n, por la flota de veh\u00edculos municipales en un nuevo aparcamiento que se est\u00e1 construyendo en el solar que hay entre las oficinas municipales de Miami Platja y la Escola de M\u00fasica, en la calle Segovia 1.<\/p>\n<p>Este espacio, que actualmente ya se utiliza como aparcamiento para algunos veh\u00edculos municipales se pavimentar\u00e1, se\u00f1alizar\u00e1 y mejorar\u00e1 sus accesos, con el objetivo de instalar cargadores semirr\u00e1pidos para la flota de veh\u00edculos el\u00e9ctricos municipales que el Ayuntamiento tiene actualmente. La zona tambi\u00e9n se iluminar\u00e1 y habr\u00e1 un cierre perimetral y un control de acceso para garantizar la seguridad.<\/p>\n<p>La flota de veh\u00edculos el\u00e9ctricos municipales est\u00e1 previsto que crezca en los pr\u00f3ximos a\u00f1os con la aplicaci\u00f3n de las medidas del plan de transici\u00f3n energ\u00e9tica del Ayuntamiento de Mont-roig del Camp y, por este motivo se est\u00e1 trabajando paralelamente en la implantaci\u00f3n de nuevos puntos de recarga.<\/p>\n<p>Las obras del aparcamiento empezaron la semana pasada y se prev\u00e9 que est\u00e9n terminadas a mediados del mes de febrero. Las mejoras est\u00e1n subvencionadas en un 40% por el Plan Moves II, de un presupuesto total de 64.000 euros.<\/p>\n<p>La nueva estaci\u00f3n de recarga m\u00f3vil ser\u00e1 vertical y est\u00e1 dise\u00f1ada para su uso en espacios p\u00fablicos al aire libre. Permite la posibilidad de cargar 2 veh\u00edculos de forma simult\u00e1nea, minimizando los costes de instalaci\u00f3n y el impacto visual en el espacio donde se instala.<\/p>\n<p><strong>Puntos el\u00e9ctricos de recarga por los veh\u00edculos privados<\/strong><\/p>\n<p>Cabe recordar que el Ayuntamiento de Mont-roig del Camp ya hace tiempo que ha impulsado los puntos de recarga por los veh\u00edculos el\u00e9ctricos para fomentar su uso entre la ciudadan\u00eda. Actualmente hay en funcionamiento tres puntos de recarga en el municipio. Uno de ellos en el aparcamiento del Ayuntamiento en Mont-roig en el que hay 2 tomas de conexi\u00f3n tipo semirr\u00e1pido. En Miami Platja, frente a las oficinas municipales tambi\u00e9n hay 2 tomas de conexi\u00f3n semirr\u00e1pida y en la avenida del Mar de Miami Platja hay tres tomas de diversa tipolog\u00eda. El Ayuntamiento contempla en un futuro inmediato incrementar la cantidad de estos puntos de recarga una vez se presente el plan Moves \u00a0III \u00a0que permita acogerse a ellos.<\/p>\n","protected":false},"excerpt":{"rendered":"<p>Se est\u00e1n ejecutando las obras de un nuevo aparcamiento junto a las oficinas municipales de Miami Platja que incorporar\u00e1 5 nuevas estaciones de recarga el\u00e9ctrica. El Ayuntamiento de Mont-roig del Camp contin\u00faa apostando por la energ\u00eda verde y lo hace instalando 5 nuevas estaciones de recarga, con una potencia de 22 kW cada estaci\u00f3n, por [&hellip;]<\/p>\n","protected":false},"author":13,"featured_media":59956,"comment_status":"closed","ping_status":"closed","sticky":false,"template":"","format":"standard","meta":{"inline_featured_image":false,"_monsterinsights_skip_tracking":false,"_monsterinsights_sitenote_active":false,"_monsterinsights_sitenote_note":"","_monsterinsights_sitenote_category":0,"footnotes":""},"categories":[98,195,116],"tags":[],"class_list":["post-59961","post","type-post","status-publish","format-standard","has-post-thumbnail","hentry","category-ayuntamiento","category-transicio-energetica-i-ecologica-2-es","category-urbanismo-y-obras"],"yoast_head":"<!-- This site is optimized with the Yoast SEO plugin v27.4 - https:\/\/yoast.com\/product\/yoast-seo-wordpress\/ -->\n<title>El Ayuntamiento sigue apostado por la energ\u00eda verde con nuevos puntos de recarga para veh\u00edculos el\u00e9ctricos de la flota municipal - Ajuntament de Mont-roig del Camp<\/title>\n<meta name=\"robots\" content=\"index, follow, max-snippet:-1, max-image-preview:large, max-video-preview:-1\" \/>\n<link rel=\"canonical\" href=\"https:\/\/mont-roig.cat\/es\/actualitat\/noticies\/el-ayuntamiento-sigue-apostado-por-la-energia-verde-con-nuevos-puntos-de-recarga-para-vehiculos-electricos-de-la-flota-municipal\/\" \/>\n<meta property=\"og:locale\" content=\"es_ES\" \/>\n<meta property=\"og:type\" content=\"article\" \/>\n<meta property=\"og:title\" content=\"El Ayuntamiento sigue apostado por la energ\u00eda verde con nuevos puntos de recarga para veh\u00edculos el\u00e9ctricos de la flota municipal - Ajuntament de Mont-roig del Camp\" \/>\n<meta property=\"og:description\" content=\"Se est\u00e1n ejecutando las obras de un nuevo aparcamiento junto a las oficinas municipales de Miami Platja que incorporar\u00e1 5 nuevas estaciones de recarga el\u00e9ctrica. El Ayuntamiento de Mont-roig del Camp contin\u00faa apostando por la energ\u00eda verde y lo hace instalando 5 nuevas estaciones de recarga, con una potencia de 22 kW cada estaci\u00f3n, por [&hellip;]\" \/>\n<meta property=\"og:url\" content=\"https:\/\/mont-roig.cat\/es\/actualitat\/noticies\/el-ayuntamiento-sigue-apostado-por-la-energia-verde-con-nuevos-puntos-de-recarga-para-vehiculos-electricos-de-la-flota-municipal\/\" \/>\n<meta property=\"og:site_name\" content=\"Ajuntament de Mont-roig del Camp\" \/>\n<meta property=\"article:published_time\" content=\"2022-01-19T13:02:33+00:00\" \/>\n<meta property=\"article:modified_time\" content=\"2022-01-19T13:11:40+00:00\" \/>\n<meta property=\"og:image\" content=\"https:\/\/mont-roig.cat\/wp-content\/uploads\/obres-aparcament-i-punt-recarrega-Miami-Platja.jpg\" \/>\n\t<meta property=\"og:image:width\" content=\"1024\" \/>\n\t<meta property=\"og:image:height\" content=\"768\" \/>\n\t<meta property=\"og:image:type\" content=\"image\/jpeg\" \/>\n<meta name=\"author\" content=\"comunicacio\" \/>\n<meta name=\"twitter:card\" content=\"summary_large_image\" \/>\n<meta name=\"twitter:label1\" content=\"Escrito por\" \/>\n\t<meta name=\"twitter:data1\" content=\"comunicacio\" \/>\n\t<meta name=\"twitter:label2\" content=\"Tiempo de lectura\" \/>\n\t<meta name=\"twitter:data2\" content=\"3 minutos\" \/>\n<script type=\"application\/ld+json\" class=\"yoast-schema-graph\">{\"@context\":\"https:\\\/\\\/schema.org\",\"@graph\":[{\"@type\":\"Article\",\"@id\":\"https:\\\/\\\/mont-roig.cat\\\/es\\\/actualitat\\\/noticies\\\/el-ayuntamiento-sigue-apostado-por-la-energia-verde-con-nuevos-puntos-de-recarga-para-vehiculos-electricos-de-la-flota-municipal\\\/#article\",\"isPartOf\":{\"@id\":\"https:\\\/\\\/mont-roig.cat\\\/es\\\/actualitat\\\/noticies\\\/el-ayuntamiento-sigue-apostado-por-la-energia-verde-con-nuevos-puntos-de-recarga-para-vehiculos-electricos-de-la-flota-municipal\\\/\"},\"author\":{\"name\":\"comunicacio\",\"@id\":\"https:\\\/\\\/mont-roig.cat\\\/es\\\/#\\\/schema\\\/person\\\/1f73e7b5e6f9dd122e8a6f14f310ac5e\"},\"headline\":\"El Ayuntamiento sigue apostado por la energ\u00eda verde con nuevos puntos de recarga para veh\u00edculos el\u00e9ctricos de la flota municipal\",\"datePublished\":\"2022-01-19T13:02:33+00:00\",\"dateModified\":\"2022-01-19T13:11:40+00:00\",\"mainEntityOfPage\":{\"@id\":\"https:\\\/\\\/mont-roig.cat\\\/es\\\/actualitat\\\/noticies\\\/el-ayuntamiento-sigue-apostado-por-la-energia-verde-con-nuevos-puntos-de-recarga-para-vehiculos-electricos-de-la-flota-municipal\\\/\"},\"wordCount\":477,\"image\":{\"@id\":\"https:\\\/\\\/mont-roig.cat\\\/es\\\/actualitat\\\/noticies\\\/el-ayuntamiento-sigue-apostado-por-la-energia-verde-con-nuevos-puntos-de-recarga-para-vehiculos-electricos-de-la-flota-municipal\\\/#primaryimage\"},\"thumbnailUrl\":\"https:\\\/\\\/mont-roig.cat\\\/wp-content\\\/uploads\\\/obres-aparcament-i-punt-recarrega-Miami-Platja.jpg\",\"articleSection\":[\"Ayuntamiento\",\"Transici\u00f3 Energ\u00e8tica i Ecol\u00f2gica\",\"Urbanismo y obras\"],\"inLanguage\":\"es\"},{\"@type\":\"WebPage\",\"@id\":\"https:\\\/\\\/mont-roig.cat\\\/es\\\/actualitat\\\/noticies\\\/el-ayuntamiento-sigue-apostado-por-la-energia-verde-con-nuevos-puntos-de-recarga-para-vehiculos-electricos-de-la-flota-municipal\\\/\",\"url\":\"https:\\\/\\\/mont-roig.cat\\\/es\\\/actualitat\\\/noticies\\\/el-ayuntamiento-sigue-apostado-por-la-energia-verde-con-nuevos-puntos-de-recarga-para-vehiculos-electricos-de-la-flota-municipal\\\/\",\"name\":\"El Ayuntamiento sigue apostado por la energ\u00eda verde con nuevos puntos de recarga para veh\u00edculos el\u00e9ctricos de la flota municipal - Ajuntament de Mont-roig del Camp\",\"isPartOf\":{\"@id\":\"https:\\\/\\\/mont-roig.cat\\\/es\\\/#website\"},\"primaryImageOfPage\":{\"@id\":\"https:\\\/\\\/mont-roig.cat\\\/es\\\/actualitat\\\/noticies\\\/el-ayuntamiento-sigue-apostado-por-la-energia-verde-con-nuevos-puntos-de-recarga-para-vehiculos-electricos-de-la-flota-municipal\\\/#primaryimage\"},\"image\":{\"@id\":\"https:\\\/\\\/mont-roig.cat\\\/es\\\/actualitat\\\/noticies\\\/el-ayuntamiento-sigue-apostado-por-la-energia-verde-con-nuevos-puntos-de-recarga-para-vehiculos-electricos-de-la-flota-municipal\\\/#primaryimage\"},\"thumbnailUrl\":\"https:\\\/\\\/mont-roig.cat\\\/wp-content\\\/uploads\\\/obres-aparcament-i-punt-recarrega-Miami-Platja.jpg\",\"datePublished\":\"2022-01-19T13:02:33+00:00\",\"dateModified\":\"2022-01-19T13:11:40+00:00\",\"author\":{\"@id\":\"https:\\\/\\\/mont-roig.cat\\\/es\\\/#\\\/schema\\\/person\\\/1f73e7b5e6f9dd122e8a6f14f310ac5e\"},\"breadcrumb\":{\"@id\":\"https:\\\/\\\/mont-roig.cat\\\/es\\\/actualitat\\\/noticies\\\/el-ayuntamiento-sigue-apostado-por-la-energia-verde-con-nuevos-puntos-de-recarga-para-vehiculos-electricos-de-la-flota-municipal\\\/#breadcrumb\"},\"inLanguage\":\"es\",\"potentialAction\":[{\"@type\":\"ReadAction\",\"target\":[\"https:\\\/\\\/mont-roig.cat\\\/es\\\/actualitat\\\/noticies\\\/el-ayuntamiento-sigue-apostado-por-la-energia-verde-con-nuevos-puntos-de-recarga-para-vehiculos-electricos-de-la-flota-municipal\\\/\"]}]},{\"@type\":\"ImageObject\",\"inLanguage\":\"es\",\"@id\":\"https:\\\/\\\/mont-roig.cat\\\/es\\\/actualitat\\\/noticies\\\/el-ayuntamiento-sigue-apostado-por-la-energia-verde-con-nuevos-puntos-de-recarga-para-vehiculos-electricos-de-la-flota-municipal\\\/#primaryimage\",\"url\":\"https:\\\/\\\/mont-roig.cat\\\/wp-content\\\/uploads\\\/obres-aparcament-i-punt-recarrega-Miami-Platja.jpg\",\"contentUrl\":\"https:\\\/\\\/mont-roig.cat\\\/wp-content\\\/uploads\\\/obres-aparcament-i-punt-recarrega-Miami-Platja.jpg\",\"width\":1024,\"height\":768},{\"@type\":\"BreadcrumbList\",\"@id\":\"https:\\\/\\\/mont-roig.cat\\\/es\\\/actualitat\\\/noticies\\\/el-ayuntamiento-sigue-apostado-por-la-energia-verde-con-nuevos-puntos-de-recarga-para-vehiculos-electricos-de-la-flota-municipal\\\/#breadcrumb\",\"itemListElement\":[{\"@type\":\"ListItem\",\"position\":1,\"name\":\"Inici\",\"item\":\"https:\\\/\\\/mont-roig.cat\\\/es\\\/pagina-de-inicio\\\/\"},{\"@type\":\"ListItem\",\"position\":2,\"name\":\"El Ayuntamiento sigue apostado por la energ\u00eda verde con nuevos puntos de recarga para veh\u00edculos el\u00e9ctricos de la flota municipal\"}]},{\"@type\":\"WebSite\",\"@id\":\"https:\\\/\\\/mont-roig.cat\\\/es\\\/#website\",\"url\":\"https:\\\/\\\/mont-roig.cat\\\/es\\\/\",\"name\":\"Ajuntament de Mont-roig del Camp\",\"description\":\"Tota la informaci\u00f3 sobre la instituci\u00f3, els seus \u00f2rgans de govern, actualitat, serveis i molt m\u00e9s.\",\"potentialAction\":[{\"@type\":\"SearchAction\",\"target\":{\"@type\":\"EntryPoint\",\"urlTemplate\":\"https:\\\/\\\/mont-roig.cat\\\/es\\\/?s={search_term_string}\"},\"query-input\":{\"@type\":\"PropertyValueSpecification\",\"valueRequired\":true,\"valueName\":\"search_term_string\"}}],\"inLanguage\":\"es\"},{\"@type\":\"Person\",\"@id\":\"https:\\\/\\\/mont-roig.cat\\\/es\\\/#\\\/schema\\\/person\\\/1f73e7b5e6f9dd122e8a6f14f310ac5e\",\"name\":\"comunicacio\",\"image\":{\"@type\":\"ImageObject\",\"inLanguage\":\"es\",\"@id\":\"https:\\\/\\\/secure.gravatar.com\\\/avatar\\\/98944333e7a877670a64f8d10f0cb680ab2c9ebc4efc43945ef004b52b5ad28c?s=96&d=mm&r=g\",\"url\":\"https:\\\/\\\/secure.gravatar.com\\\/avatar\\\/98944333e7a877670a64f8d10f0cb680ab2c9ebc4efc43945ef004b52b5ad28c?s=96&d=mm&r=g\",\"contentUrl\":\"https:\\\/\\\/secure.gravatar.com\\\/avatar\\\/98944333e7a877670a64f8d10f0cb680ab2c9ebc4efc43945ef004b52b5ad28c?s=96&d=mm&r=g\",\"caption\":\"comunicacio\"},\"url\":\"https:\\\/\\\/mont-roig.cat\\\/es\\\/actualitat\\\/noticies\\\/author\\\/comunicacio\\\/\"}]}<\/script>\n<!-- \/ Yoast SEO plugin. -->","yoast_head_json":{"title":"El Ayuntamiento sigue apostado por la energ\u00eda verde con nuevos puntos de recarga para veh\u00edculos el\u00e9ctricos de la flota municipal - Ajuntament de Mont-roig del Camp","robots":{"index":"index","follow":"follow","max-snippet":"max-snippet:-1","max-image-preview":"max-image-preview:large","max-video-preview":"max-video-preview:-1"},"canonical":"https:\/\/mont-roig.cat\/es\/actualitat\/noticies\/el-ayuntamiento-sigue-apostado-por-la-energia-verde-con-nuevos-puntos-de-recarga-para-vehiculos-electricos-de-la-flota-municipal\/","og_locale":"es_ES","og_type":"article","og_title":"El Ayuntamiento sigue apostado por la energ\u00eda verde con nuevos puntos de recarga para veh\u00edculos el\u00e9ctricos de la flota municipal - Ajuntament de Mont-roig del Camp","og_description":"Se est\u00e1n ejecutando las obras de un nuevo aparcamiento junto a las oficinas municipales de Miami Platja que incorporar\u00e1 5 nuevas estaciones de recarga el\u00e9ctrica. El Ayuntamiento de Mont-roig del Camp contin\u00faa apostando por la energ\u00eda verde y lo hace instalando 5 nuevas estaciones de recarga, con una potencia de 22 kW cada estaci\u00f3n, por [&hellip;]","og_url":"https:\/\/mont-roig.cat\/es\/actualitat\/noticies\/el-ayuntamiento-sigue-apostado-por-la-energia-verde-con-nuevos-puntos-de-recarga-para-vehiculos-electricos-de-la-flota-municipal\/","og_site_name":"Ajuntament de Mont-roig del Camp","article_published_time":"2022-01-19T13:02:33+00:00","article_modified_time":"2022-01-19T13:11:40+00:00","og_image":[{"width":1024,"height":768,"url":"https:\/\/mont-roig.cat\/wp-content\/uploads\/obres-aparcament-i-punt-recarrega-Miami-Platja.jpg","type":"image\/jpeg"}],"author":"comunicacio","twitter_card":"summary_large_image","twitter_misc":{"Escrito por":"comunicacio","Tiempo de lectura":"3 minutos"},"schema":{"@context":"https:\/\/schema.org","@graph":[{"@type":"Article","@id":"https:\/\/mont-roig.cat\/es\/actualitat\/noticies\/el-ayuntamiento-sigue-apostado-por-la-energia-verde-con-nuevos-puntos-de-recarga-para-vehiculos-electricos-de-la-flota-municipal\/#article","isPartOf":{"@id":"https:\/\/mont-roig.cat\/es\/actualitat\/noticies\/el-ayuntamiento-sigue-apostado-por-la-energia-verde-con-nuevos-puntos-de-recarga-para-vehiculos-electricos-de-la-flota-municipal\/"},"author":{"name":"comunicacio","@id":"https:\/\/mont-roig.cat\/es\/#\/schema\/person\/1f73e7b5e6f9dd122e8a6f14f310ac5e"},"headline":"El Ayuntamiento sigue apostado por la energ\u00eda verde con nuevos puntos de recarga para veh\u00edculos el\u00e9ctricos de la flota municipal","datePublished":"2022-01-19T13:02:33+00:00","dateModified":"2022-01-19T13:11:40+00:00","mainEntityOfPage":{"@id":"https:\/\/mont-roig.cat\/es\/actualitat\/noticies\/el-ayuntamiento-sigue-apostado-por-la-energia-verde-con-nuevos-puntos-de-recarga-para-vehiculos-electricos-de-la-flota-municipal\/"},"wordCount":477,"image":{"@id":"https:\/\/mont-roig.cat\/es\/actualitat\/noticies\/el-ayuntamiento-sigue-apostado-por-la-energia-verde-con-nuevos-puntos-de-recarga-para-vehiculos-electricos-de-la-flota-municipal\/#primaryimage"},"thumbnailUrl":"https:\/\/mont-roig.cat\/wp-content\/uploads\/obres-aparcament-i-punt-recarrega-Miami-Platja.jpg","articleSection":["Ayuntamiento","Transici\u00f3 Energ\u00e8tica i Ecol\u00f2gica","Urbanismo y obras"],"inLanguage":"es"},{"@type":"WebPage","@id":"https:\/\/mont-roig.cat\/es\/actualitat\/noticies\/el-ayuntamiento-sigue-apostado-por-la-energia-verde-con-nuevos-puntos-de-recarga-para-vehiculos-electricos-de-la-flota-municipal\/","url":"https:\/\/mont-roig.cat\/es\/actualitat\/noticies\/el-ayuntamiento-sigue-apostado-por-la-energia-verde-con-nuevos-puntos-de-recarga-para-vehiculos-electricos-de-la-flota-municipal\/","name":"El Ayuntamiento sigue apostado por la energ\u00eda verde con nuevos puntos de recarga para veh\u00edculos el\u00e9ctricos de la flota municipal - Ajuntament de Mont-roig del Camp","isPartOf":{"@id":"https:\/\/mont-roig.cat\/es\/#website"},"primaryImageOfPage":{"@id":"https:\/\/mont-roig.cat\/es\/actualitat\/noticies\/el-ayuntamiento-sigue-apostado-por-la-energia-verde-con-nuevos-puntos-de-recarga-para-vehiculos-electricos-de-la-flota-municipal\/#primaryimage"},"image":{"@id":"https:\/\/mont-roig.cat\/es\/actualitat\/noticies\/el-ayuntamiento-sigue-apostado-por-la-energia-verde-con-nuevos-puntos-de-recarga-para-vehiculos-electricos-de-la-flota-municipal\/#primaryimage"},"thumbnailUrl":"https:\/\/mont-roig.cat\/wp-content\/uploads\/obres-aparcament-i-punt-recarrega-Miami-Platja.jpg","datePublished":"2022-01-19T13:02:33+00:00","dateModified":"2022-01-19T13:11:40+00:00","author":{"@id":"https:\/\/mont-roig.cat\/es\/#\/schema\/person\/1f73e7b5e6f9dd122e8a6f14f310ac5e"},"breadcrumb":{"@id":"https:\/\/mont-roig.cat\/es\/actualitat\/noticies\/el-ayuntamiento-sigue-apostado-por-la-energia-verde-con-nuevos-puntos-de-recarga-para-vehiculos-electricos-de-la-flota-municipal\/#breadcrumb"},"inLanguage":"es","potentialAction":[{"@type":"ReadAction","target":["https:\/\/mont-roig.cat\/es\/actualitat\/noticies\/el-ayuntamiento-sigue-apostado-por-la-energia-verde-con-nuevos-puntos-de-recarga-para-vehiculos-electricos-de-la-flota-municipal\/"]}]},{"@type":"ImageObject","inLanguage":"es","@id":"https:\/\/mont-roig.cat\/es\/actualitat\/noticies\/el-ayuntamiento-sigue-apostado-por-la-energia-verde-con-nuevos-puntos-de-recarga-para-vehiculos-electricos-de-la-flota-municipal\/#primaryimage","url":"https:\/\/mont-roig.cat\/wp-content\/uploads\/obres-aparcament-i-punt-recarrega-Miami-Platja.jpg","contentUrl":"https:\/\/mont-roig.cat\/wp-content\/uploads\/obres-aparcament-i-punt-recarrega-Miami-Platja.jpg","width":1024,"height":768},{"@type":"BreadcrumbList","@id":"https:\/\/mont-roig.cat\/es\/actualitat\/noticies\/el-ayuntamiento-sigue-apostado-por-la-energia-verde-con-nuevos-puntos-de-recarga-para-vehiculos-electricos-de-la-flota-municipal\/#breadcrumb","itemListElement":[{"@type":"ListItem","position":1,"name":"Inici","item":"https:\/\/mont-roig.cat\/es\/pagina-de-inicio\/"},{"@type":"ListItem","position":2,"name":"El Ayuntamiento sigue apostado por la energ\u00eda verde con nuevos puntos de recarga para veh\u00edculos el\u00e9ctricos de la flota municipal"}]},{"@type":"WebSite","@id":"https:\/\/mont-roig.cat\/es\/#website","url":"https:\/\/mont-roig.cat\/es\/","name":"Ajuntament de Mont-roig del Camp","description":"Tota la informaci\u00f3 sobre la instituci\u00f3, els seus \u00f2rgans de govern, actualitat, serveis i molt m\u00e9s.","potentialAction":[{"@type":"SearchAction","target":{"@type":"EntryPoint","urlTemplate":"https:\/\/mont-roig.cat\/es\/?s={search_term_string}"},"query-input":{"@type":"PropertyValueSpecification","valueRequired":true,"valueName":"search_term_string"}}],"inLanguage":"es"},{"@type":"Person","@id":"https:\/\/mont-roig.cat\/es\/#\/schema\/person\/1f73e7b5e6f9dd122e8a6f14f310ac5e","name":"comunicacio","image":{"@type":"ImageObject","inLanguage":"es","@id":"https:\/\/secure.gravatar.com\/avatar\/98944333e7a877670a64f8d10f0cb680ab2c9ebc4efc43945ef004b52b5ad28c?s=96&d=mm&r=g","url":"https:\/\/secure.gravatar.com\/avatar\/98944333e7a877670a64f8d10f0cb680ab2c9ebc4efc43945ef004b52b5ad28c?s=96&d=mm&r=g","contentUrl":"https:\/\/secure.gravatar.com\/avatar\/98944333e7a877670a64f8d10f0cb680ab2c9ebc4efc43945ef004b52b5ad28c?s=96&d=mm&r=g","caption":"comunicacio"},"url":"https:\/\/mont-roig.cat\/es\/actualitat\/noticies\/author\/comunicacio\/"}]}},"_links":{"self":[{"href":"https:\/\/mont-roig.cat\/es\/wp-json\/wp\/v2\/posts\/59961","targetHints":{"allow":["GET"]}}],"collection":[{"href":"https:\/\/mont-roig.cat\/es\/wp-json\/wp\/v2\/posts"}],"about":[{"href":"https:\/\/mont-roig.cat\/es\/wp-json\/wp\/v2\/types\/post"}],"author":[{"embeddable":true,"href":"https:\/\/mont-roig.cat\/es\/wp-json\/wp\/v2\/users\/13"}],"replies":[{"embeddable":true,"href":"https:\/\/mont-roig.cat\/es\/wp-json\/wp\/v2\/comments?post=59961"}],"version-history":[{"count":2,"href":"https:\/\/mont-roig.cat\/es\/wp-json\/wp\/v2\/posts\/59961\/revisions"}],"predecessor-version":[{"id":59963,"href":"https:\/\/mont-roig.cat\/es\/wp-json\/wp\/v2\/posts\/59961\/revisions\/59963"}],"wp:featuredmedia":[{"embeddable":true,"href":"https:\/\/mont-roig.cat\/es\/wp-json\/wp\/v2\/media\/59956"}],"wp:attachment":[{"href":"https:\/\/mont-roig.cat\/es\/wp-json\/wp\/v2\/media?parent=59961"}],"wp:term":[{"taxonomy":"category","embeddable":true,"href":"https:\/\/mont-roig.cat\/es\/wp-json\/wp\/v2\/categories?post=59961"},{"taxonomy":"post_tag","embeddable":true,"href":"https:\/\/mont-roig.cat\/es\/wp-json\/wp\/v2\/tags?post=59961"}],"curies":[{"name":"wp","href":"https:\/\/api.w.org\/{rel}","templated":true}]}}