{"id":60144,"date":"2022-01-21T20:23:50","date_gmt":"2022-01-21T19:23:50","guid":{"rendered":"https:\/\/mont-roig.cat\/actualitat\/noticies\/les-biblioteques-joan-miro-de-mont-roig-i-la-miramar-de-miami-platja-enceten-la-quarta-edicio-del-repte-12mesos12llibres\/"},"modified":"2022-01-21T20:41:44","modified_gmt":"2022-01-21T19:41:44","slug":"las-bibliotecas-joan-miro-de-mont-roig-y-miramar-de-miami-playa-inician-la-cuarta-edicion-del-reto-12meses12llibres","status":"publish","type":"post","link":"https:\/\/mont-roig.cat\/es\/actualitat\/noticies\/las-bibliotecas-joan-miro-de-mont-roig-y-miramar-de-miami-playa-inician-la-cuarta-edicion-del-reto-12meses12llibres\/","title":{"rendered":"Las bibliotecas Joan Mir\u00f3 de Mont-roig y Miramar de Miami Platja inician la cuarta edici\u00f3n del reto #12mesos12llibres"},"content":{"rendered":"<div id=\"attachment_60139\" style=\"width: 304px\" class=\"wp-caption alignright\"><a href=\"https:\/\/mont-roig.cat\/wp-content\/uploads\/12-mesos-12-llibres-scaled.jpg\"><img loading=\"lazy\" decoding=\"async\" aria-describedby=\"caption-attachment-60139\" class=\"wp-image-60139\" src=\"https:\/\/mont-roig.cat\/wp-content\/uploads\/12-mesos-12-llibres-500x500.jpg\" alt=\"\" width=\"294\" height=\"294\" srcset=\"https:\/\/mont-roig.cat\/wp-content\/uploads\/12-mesos-12-llibres-500x500.jpg 500w, https:\/\/mont-roig.cat\/wp-content\/uploads\/12-mesos-12-llibres-1024x1024.jpg 1024w, https:\/\/mont-roig.cat\/wp-content\/uploads\/12-mesos-12-llibres-50x50.jpg 50w, https:\/\/mont-roig.cat\/wp-content\/uploads\/12-mesos-12-llibres-768x768.jpg 768w, https:\/\/mont-roig.cat\/wp-content\/uploads\/12-mesos-12-llibres-1536x1536.jpg 1536w, https:\/\/mont-roig.cat\/wp-content\/uploads\/12-mesos-12-llibres-scaled.jpg 2048w, https:\/\/mont-roig.cat\/wp-content\/uploads\/12-mesos-12-llibres-560x560.jpg 560w, https:\/\/mont-roig.cat\/wp-content\/uploads\/12-mesos-12-llibres-367x367.jpg 367w, https:\/\/mont-roig.cat\/wp-content\/uploads\/12-mesos-12-llibres-450x450.jpg 450w, https:\/\/mont-roig.cat\/wp-content\/uploads\/12-mesos-12-llibres-85x85.jpg 85w, https:\/\/mont-roig.cat\/wp-content\/uploads\/12-mesos-12-llibres-45x45.jpg 45w\" sizes=\"auto, (max-width: 294px) 100vw, 294px\" \/><\/a><p id=\"caption-attachment-60139\" class=\"wp-caption-text\">Cartel 12 mesos 12 llibre.<\/p><\/div>\n<ul>\n<li><strong>Esta campa\u00f1a tiene como objetivo el fomento de la lectura y su difusi\u00f3n a trav\u00e9s de las redes sociales.<\/strong><\/li>\n<\/ul>\n<p>Las bibliotecas municipales Joan Mir\u00f3 de Mont-roig y Miramar de Miami Platja han impulsado de nuevo la campa\u00f1a de divulgaci\u00f3n y difusi\u00f3n de la lectura #12mesos12llibres, que este a\u00f1o ser\u00e1 el cuarto a\u00f1o que se lleva a cabo. Este reto consiste en animar a los lectores de todas las edades a leer un libro mensualmente y publicar la foto de la cubierta o un comentario en las redes sociales Facebook, Twitter e Instagram, correctamente etiquetadas con las siguientes etiquetas\u00a0\u00a0#12mesos12llibres, #BibliotecaJoanMir\u00f3 o bien # BibliotecaMiramar y el #mesiany (#gener22, #febrer22, etc)<br \/>\nCon todas estas etiquetas ser\u00e1 mucho m\u00e1s f\u00e1cil seguir a cada concursante. Las personas que completen el reto entrar\u00e1n en un sorteo de un obsequio.<\/p>\n<p>En la edici\u00f3n del a\u00f1o pasado, la tercera, empezaron el reto un total de 16 participantes entre las dos bibliotecas. Entre todos aquellos que finalizaron el reto el sorteo de los obsequios ha sido para las siguientes personas: \u00a0de la Biblioteca Joan Mir\u00f3, la ganadora ha sido Rosa P\u00e0mies; de la Biblioteca Miramar, la ganadora ha sido Raquel Albesa y en la modalidad infantil \u00c0lex De Gea Callau ha sido el ganador.<\/p>\n","protected":false},"excerpt":{"rendered":"<p>Esta campa\u00f1a tiene como objetivo el fomento de la lectura y su difusi\u00f3n a trav\u00e9s de las redes sociales. Las bibliotecas municipales Joan Mir\u00f3 de Mont-roig y Miramar de Miami Platja han impulsado de nuevo la campa\u00f1a de divulgaci\u00f3n y difusi\u00f3n de la lectura #12mesos12llibres, que este a\u00f1o ser\u00e1 el cuarto a\u00f1o que se lleva [&hellip;]<\/p>\n","protected":false},"author":13,"featured_media":60140,"comment_status":"closed","ping_status":"closed","sticky":false,"template":"","format":"standard","meta":{"inline_featured_image":false,"_monsterinsights_skip_tracking":false,"_monsterinsights_sitenote_active":false,"_monsterinsights_sitenote_note":"","_monsterinsights_sitenote_category":0,"footnotes":""},"categories":[98,101],"tags":[],"class_list":["post-60144","post","type-post","status-publish","format-standard","has-post-thumbnail","hentry","category-ayuntamiento","category-cultura-es"],"yoast_head":"<!-- This site is optimized with the Yoast SEO plugin v27.4 - https:\/\/yoast.com\/product\/yoast-seo-wordpress\/ -->\n<title>Las bibliotecas Joan Mir\u00f3 de Mont-roig y Miramar de Miami Platja inician la cuarta edici\u00f3n del reto #12mesos12llibres - Ajuntament de Mont-roig del Camp<\/title>\n<meta name=\"robots\" content=\"index, follow, max-snippet:-1, max-image-preview:large, max-video-preview:-1\" \/>\n<link rel=\"canonical\" href=\"https:\/\/mont-roig.cat\/es\/actualitat\/noticies\/las-bibliotecas-joan-miro-de-mont-roig-y-miramar-de-miami-playa-inician-la-cuarta-edicion-del-reto-12meses12llibres\/\" \/>\n<meta property=\"og:locale\" content=\"es_ES\" \/>\n<meta property=\"og:type\" content=\"article\" \/>\n<meta property=\"og:title\" content=\"Las bibliotecas Joan Mir\u00f3 de Mont-roig y Miramar de Miami Platja inician la cuarta edici\u00f3n del reto #12mesos12llibres - Ajuntament de Mont-roig del Camp\" \/>\n<meta property=\"og:description\" content=\"Esta campa\u00f1a tiene como objetivo el fomento de la lectura y su difusi\u00f3n a trav\u00e9s de las redes sociales. Las bibliotecas municipales Joan Mir\u00f3 de Mont-roig y Miramar de Miami Platja han impulsado de nuevo la campa\u00f1a de divulgaci\u00f3n y difusi\u00f3n de la lectura #12mesos12llibres, que este a\u00f1o ser\u00e1 el cuarto a\u00f1o que se lleva [&hellip;]\" \/>\n<meta property=\"og:url\" content=\"https:\/\/mont-roig.cat\/es\/actualitat\/noticies\/las-bibliotecas-joan-miro-de-mont-roig-y-miramar-de-miami-playa-inician-la-cuarta-edicion-del-reto-12meses12llibres\/\" \/>\n<meta property=\"og:site_name\" content=\"Ajuntament de Mont-roig del Camp\" \/>\n<meta property=\"article:published_time\" content=\"2022-01-21T19:23:50+00:00\" \/>\n<meta property=\"article:modified_time\" content=\"2022-01-21T19:41:44+00:00\" \/>\n<meta property=\"og:image\" content=\"https:\/\/mont-roig.cat\/wp-content\/uploads\/12-mesos-12-llibres.jpg\" \/>\n\t<meta property=\"og:image:width\" content=\"2048\" \/>\n\t<meta property=\"og:image:height\" content=\"2048\" \/>\n\t<meta property=\"og:image:type\" content=\"image\/jpeg\" \/>\n<meta name=\"author\" content=\"comunicacio\" \/>\n<meta name=\"twitter:card\" content=\"summary_large_image\" \/>\n<meta name=\"twitter:label1\" content=\"Escrito por\" \/>\n\t<meta name=\"twitter:data1\" content=\"comunicacio\" \/>\n\t<meta name=\"twitter:label2\" content=\"Tiempo de lectura\" \/>\n\t<meta name=\"twitter:data2\" content=\"2 minutos\" \/>\n<script type=\"application\/ld+json\" class=\"yoast-schema-graph\">{\"@context\":\"https:\\\/\\\/schema.org\",\"@graph\":[{\"@type\":\"Article\",\"@id\":\"https:\\\/\\\/mont-roig.cat\\\/es\\\/actualitat\\\/noticies\\\/las-bibliotecas-joan-miro-de-mont-roig-y-miramar-de-miami-playa-inician-la-cuarta-edicion-del-reto-12meses12llibres\\\/#article\",\"isPartOf\":{\"@id\":\"https:\\\/\\\/mont-roig.cat\\\/es\\\/actualitat\\\/noticies\\\/las-bibliotecas-joan-miro-de-mont-roig-y-miramar-de-miami-playa-inician-la-cuarta-edicion-del-reto-12meses12llibres\\\/\"},\"author\":{\"name\":\"comunicacio\",\"@id\":\"https:\\\/\\\/mont-roig.cat\\\/es\\\/#\\\/schema\\\/person\\\/1f73e7b5e6f9dd122e8a6f14f310ac5e\"},\"headline\":\"Las bibliotecas Joan Mir\u00f3 de Mont-roig y Miramar de Miami Platja inician la cuarta edici\u00f3n del reto #12mesos12llibres\",\"datePublished\":\"2022-01-21T19:23:50+00:00\",\"dateModified\":\"2022-01-21T19:41:44+00:00\",\"mainEntityOfPage\":{\"@id\":\"https:\\\/\\\/mont-roig.cat\\\/es\\\/actualitat\\\/noticies\\\/las-bibliotecas-joan-miro-de-mont-roig-y-miramar-de-miami-playa-inician-la-cuarta-edicion-del-reto-12meses12llibres\\\/\"},\"wordCount\":251,\"image\":{\"@id\":\"https:\\\/\\\/mont-roig.cat\\\/es\\\/actualitat\\\/noticies\\\/las-bibliotecas-joan-miro-de-mont-roig-y-miramar-de-miami-playa-inician-la-cuarta-edicion-del-reto-12meses12llibres\\\/#primaryimage\"},\"thumbnailUrl\":\"https:\\\/\\\/mont-roig.cat\\\/wp-content\\\/uploads\\\/12-mesos-12-llibres.jpg\",\"articleSection\":[\"Ayuntamiento\",\"Cultura\"],\"inLanguage\":\"es\"},{\"@type\":\"WebPage\",\"@id\":\"https:\\\/\\\/mont-roig.cat\\\/es\\\/actualitat\\\/noticies\\\/las-bibliotecas-joan-miro-de-mont-roig-y-miramar-de-miami-playa-inician-la-cuarta-edicion-del-reto-12meses12llibres\\\/\",\"url\":\"https:\\\/\\\/mont-roig.cat\\\/es\\\/actualitat\\\/noticies\\\/las-bibliotecas-joan-miro-de-mont-roig-y-miramar-de-miami-playa-inician-la-cuarta-edicion-del-reto-12meses12llibres\\\/\",\"name\":\"Las bibliotecas Joan Mir\u00f3 de Mont-roig y Miramar de Miami Platja inician la cuarta edici\u00f3n del reto #12mesos12llibres - Ajuntament de Mont-roig del Camp\",\"isPartOf\":{\"@id\":\"https:\\\/\\\/mont-roig.cat\\\/es\\\/#website\"},\"primaryImageOfPage\":{\"@id\":\"https:\\\/\\\/mont-roig.cat\\\/es\\\/actualitat\\\/noticies\\\/las-bibliotecas-joan-miro-de-mont-roig-y-miramar-de-miami-playa-inician-la-cuarta-edicion-del-reto-12meses12llibres\\\/#primaryimage\"},\"image\":{\"@id\":\"https:\\\/\\\/mont-roig.cat\\\/es\\\/actualitat\\\/noticies\\\/las-bibliotecas-joan-miro-de-mont-roig-y-miramar-de-miami-playa-inician-la-cuarta-edicion-del-reto-12meses12llibres\\\/#primaryimage\"},\"thumbnailUrl\":\"https:\\\/\\\/mont-roig.cat\\\/wp-content\\\/uploads\\\/12-mesos-12-llibres.jpg\",\"datePublished\":\"2022-01-21T19:23:50+00:00\",\"dateModified\":\"2022-01-21T19:41:44+00:00\",\"author\":{\"@id\":\"https:\\\/\\\/mont-roig.cat\\\/es\\\/#\\\/schema\\\/person\\\/1f73e7b5e6f9dd122e8a6f14f310ac5e\"},\"breadcrumb\":{\"@id\":\"https:\\\/\\\/mont-roig.cat\\\/es\\\/actualitat\\\/noticies\\\/las-bibliotecas-joan-miro-de-mont-roig-y-miramar-de-miami-playa-inician-la-cuarta-edicion-del-reto-12meses12llibres\\\/#breadcrumb\"},\"inLanguage\":\"es\",\"potentialAction\":[{\"@type\":\"ReadAction\",\"target\":[\"https:\\\/\\\/mont-roig.cat\\\/es\\\/actualitat\\\/noticies\\\/las-bibliotecas-joan-miro-de-mont-roig-y-miramar-de-miami-playa-inician-la-cuarta-edicion-del-reto-12meses12llibres\\\/\"]}]},{\"@type\":\"ImageObject\",\"inLanguage\":\"es\",\"@id\":\"https:\\\/\\\/mont-roig.cat\\\/es\\\/actualitat\\\/noticies\\\/las-bibliotecas-joan-miro-de-mont-roig-y-miramar-de-miami-playa-inician-la-cuarta-edicion-del-reto-12meses12llibres\\\/#primaryimage\",\"url\":\"https:\\\/\\\/mont-roig.cat\\\/wp-content\\\/uploads\\\/12-mesos-12-llibres.jpg\",\"contentUrl\":\"https:\\\/\\\/mont-roig.cat\\\/wp-content\\\/uploads\\\/12-mesos-12-llibres.jpg\",\"width\":2048,\"height\":2048},{\"@type\":\"BreadcrumbList\",\"@id\":\"https:\\\/\\\/mont-roig.cat\\\/es\\\/actualitat\\\/noticies\\\/las-bibliotecas-joan-miro-de-mont-roig-y-miramar-de-miami-playa-inician-la-cuarta-edicion-del-reto-12meses12llibres\\\/#breadcrumb\",\"itemListElement\":[{\"@type\":\"ListItem\",\"position\":1,\"name\":\"Inici\",\"item\":\"https:\\\/\\\/mont-roig.cat\\\/es\\\/pagina-de-inicio\\\/\"},{\"@type\":\"ListItem\",\"position\":2,\"name\":\"Las bibliotecas Joan Mir\u00f3 de Mont-roig y Miramar de Miami Platja inician la cuarta edici\u00f3n del reto #12mesos12llibres\"}]},{\"@type\":\"WebSite\",\"@id\":\"https:\\\/\\\/mont-roig.cat\\\/es\\\/#website\",\"url\":\"https:\\\/\\\/mont-roig.cat\\\/es\\\/\",\"name\":\"Ajuntament de Mont-roig del Camp\",\"description\":\"Tota la informaci\u00f3 sobre la instituci\u00f3, els seus \u00f2rgans de govern, actualitat, serveis i molt m\u00e9s.\",\"potentialAction\":[{\"@type\":\"SearchAction\",\"target\":{\"@type\":\"EntryPoint\",\"urlTemplate\":\"https:\\\/\\\/mont-roig.cat\\\/es\\\/?s={search_term_string}\"},\"query-input\":{\"@type\":\"PropertyValueSpecification\",\"valueRequired\":true,\"valueName\":\"search_term_string\"}}],\"inLanguage\":\"es\"},{\"@type\":\"Person\",\"@id\":\"https:\\\/\\\/mont-roig.cat\\\/es\\\/#\\\/schema\\\/person\\\/1f73e7b5e6f9dd122e8a6f14f310ac5e\",\"name\":\"comunicacio\",\"image\":{\"@type\":\"ImageObject\",\"inLanguage\":\"es\",\"@id\":\"https:\\\/\\\/secure.gravatar.com\\\/avatar\\\/98944333e7a877670a64f8d10f0cb680ab2c9ebc4efc43945ef004b52b5ad28c?s=96&d=mm&r=g\",\"url\":\"https:\\\/\\\/secure.gravatar.com\\\/avatar\\\/98944333e7a877670a64f8d10f0cb680ab2c9ebc4efc43945ef004b52b5ad28c?s=96&d=mm&r=g\",\"contentUrl\":\"https:\\\/\\\/secure.gravatar.com\\\/avatar\\\/98944333e7a877670a64f8d10f0cb680ab2c9ebc4efc43945ef004b52b5ad28c?s=96&d=mm&r=g\",\"caption\":\"comunicacio\"},\"url\":\"https:\\\/\\\/mont-roig.cat\\\/es\\\/actualitat\\\/noticies\\\/author\\\/comunicacio\\\/\"}]}<\/script>\n<!-- \/ Yoast SEO plugin. -->","yoast_head_json":{"title":"Las bibliotecas Joan Mir\u00f3 de Mont-roig y Miramar de Miami Platja inician la cuarta edici\u00f3n del reto #12mesos12llibres - Ajuntament de Mont-roig del Camp","robots":{"index":"index","follow":"follow","max-snippet":"max-snippet:-1","max-image-preview":"max-image-preview:large","max-video-preview":"max-video-preview:-1"},"canonical":"https:\/\/mont-roig.cat\/es\/actualitat\/noticies\/las-bibliotecas-joan-miro-de-mont-roig-y-miramar-de-miami-playa-inician-la-cuarta-edicion-del-reto-12meses12llibres\/","og_locale":"es_ES","og_type":"article","og_title":"Las bibliotecas Joan Mir\u00f3 de Mont-roig y Miramar de Miami Platja inician la cuarta edici\u00f3n del reto #12mesos12llibres - Ajuntament de Mont-roig del Camp","og_description":"Esta campa\u00f1a tiene como objetivo el fomento de la lectura y su difusi\u00f3n a trav\u00e9s de las redes sociales. Las bibliotecas municipales Joan Mir\u00f3 de Mont-roig y Miramar de Miami Platja han impulsado de nuevo la campa\u00f1a de divulgaci\u00f3n y difusi\u00f3n de la lectura #12mesos12llibres, que este a\u00f1o ser\u00e1 el cuarto a\u00f1o que se lleva [&hellip;]","og_url":"https:\/\/mont-roig.cat\/es\/actualitat\/noticies\/las-bibliotecas-joan-miro-de-mont-roig-y-miramar-de-miami-playa-inician-la-cuarta-edicion-del-reto-12meses12llibres\/","og_site_name":"Ajuntament de Mont-roig del Camp","article_published_time":"2022-01-21T19:23:50+00:00","article_modified_time":"2022-01-21T19:41:44+00:00","og_image":[{"width":2048,"height":2048,"url":"https:\/\/mont-roig.cat\/wp-content\/uploads\/12-mesos-12-llibres.jpg","type":"image\/jpeg"}],"author":"comunicacio","twitter_card":"summary_large_image","twitter_misc":{"Escrito por":"comunicacio","Tiempo de lectura":"2 minutos"},"schema":{"@context":"https:\/\/schema.org","@graph":[{"@type":"Article","@id":"https:\/\/mont-roig.cat\/es\/actualitat\/noticies\/las-bibliotecas-joan-miro-de-mont-roig-y-miramar-de-miami-playa-inician-la-cuarta-edicion-del-reto-12meses12llibres\/#article","isPartOf":{"@id":"https:\/\/mont-roig.cat\/es\/actualitat\/noticies\/las-bibliotecas-joan-miro-de-mont-roig-y-miramar-de-miami-playa-inician-la-cuarta-edicion-del-reto-12meses12llibres\/"},"author":{"name":"comunicacio","@id":"https:\/\/mont-roig.cat\/es\/#\/schema\/person\/1f73e7b5e6f9dd122e8a6f14f310ac5e"},"headline":"Las bibliotecas Joan Mir\u00f3 de Mont-roig y Miramar de Miami Platja inician la cuarta edici\u00f3n del reto #12mesos12llibres","datePublished":"2022-01-21T19:23:50+00:00","dateModified":"2022-01-21T19:41:44+00:00","mainEntityOfPage":{"@id":"https:\/\/mont-roig.cat\/es\/actualitat\/noticies\/las-bibliotecas-joan-miro-de-mont-roig-y-miramar-de-miami-playa-inician-la-cuarta-edicion-del-reto-12meses12llibres\/"},"wordCount":251,"image":{"@id":"https:\/\/mont-roig.cat\/es\/actualitat\/noticies\/las-bibliotecas-joan-miro-de-mont-roig-y-miramar-de-miami-playa-inician-la-cuarta-edicion-del-reto-12meses12llibres\/#primaryimage"},"thumbnailUrl":"https:\/\/mont-roig.cat\/wp-content\/uploads\/12-mesos-12-llibres.jpg","articleSection":["Ayuntamiento","Cultura"],"inLanguage":"es"},{"@type":"WebPage","@id":"https:\/\/mont-roig.cat\/es\/actualitat\/noticies\/las-bibliotecas-joan-miro-de-mont-roig-y-miramar-de-miami-playa-inician-la-cuarta-edicion-del-reto-12meses12llibres\/","url":"https:\/\/mont-roig.cat\/es\/actualitat\/noticies\/las-bibliotecas-joan-miro-de-mont-roig-y-miramar-de-miami-playa-inician-la-cuarta-edicion-del-reto-12meses12llibres\/","name":"Las bibliotecas Joan Mir\u00f3 de Mont-roig y Miramar de Miami Platja inician la cuarta edici\u00f3n del reto #12mesos12llibres - Ajuntament de Mont-roig del Camp","isPartOf":{"@id":"https:\/\/mont-roig.cat\/es\/#website"},"primaryImageOfPage":{"@id":"https:\/\/mont-roig.cat\/es\/actualitat\/noticies\/las-bibliotecas-joan-miro-de-mont-roig-y-miramar-de-miami-playa-inician-la-cuarta-edicion-del-reto-12meses12llibres\/#primaryimage"},"image":{"@id":"https:\/\/mont-roig.cat\/es\/actualitat\/noticies\/las-bibliotecas-joan-miro-de-mont-roig-y-miramar-de-miami-playa-inician-la-cuarta-edicion-del-reto-12meses12llibres\/#primaryimage"},"thumbnailUrl":"https:\/\/mont-roig.cat\/wp-content\/uploads\/12-mesos-12-llibres.jpg","datePublished":"2022-01-21T19:23:50+00:00","dateModified":"2022-01-21T19:41:44+00:00","author":{"@id":"https:\/\/mont-roig.cat\/es\/#\/schema\/person\/1f73e7b5e6f9dd122e8a6f14f310ac5e"},"breadcrumb":{"@id":"https:\/\/mont-roig.cat\/es\/actualitat\/noticies\/las-bibliotecas-joan-miro-de-mont-roig-y-miramar-de-miami-playa-inician-la-cuarta-edicion-del-reto-12meses12llibres\/#breadcrumb"},"inLanguage":"es","potentialAction":[{"@type":"ReadAction","target":["https:\/\/mont-roig.cat\/es\/actualitat\/noticies\/las-bibliotecas-joan-miro-de-mont-roig-y-miramar-de-miami-playa-inician-la-cuarta-edicion-del-reto-12meses12llibres\/"]}]},{"@type":"ImageObject","inLanguage":"es","@id":"https:\/\/mont-roig.cat\/es\/actualitat\/noticies\/las-bibliotecas-joan-miro-de-mont-roig-y-miramar-de-miami-playa-inician-la-cuarta-edicion-del-reto-12meses12llibres\/#primaryimage","url":"https:\/\/mont-roig.cat\/wp-content\/uploads\/12-mesos-12-llibres.jpg","contentUrl":"https:\/\/mont-roig.cat\/wp-content\/uploads\/12-mesos-12-llibres.jpg","width":2048,"height":2048},{"@type":"BreadcrumbList","@id":"https:\/\/mont-roig.cat\/es\/actualitat\/noticies\/las-bibliotecas-joan-miro-de-mont-roig-y-miramar-de-miami-playa-inician-la-cuarta-edicion-del-reto-12meses12llibres\/#breadcrumb","itemListElement":[{"@type":"ListItem","position":1,"name":"Inici","item":"https:\/\/mont-roig.cat\/es\/pagina-de-inicio\/"},{"@type":"ListItem","position":2,"name":"Las bibliotecas Joan Mir\u00f3 de Mont-roig y Miramar de Miami Platja inician la cuarta edici\u00f3n del reto #12mesos12llibres"}]},{"@type":"WebSite","@id":"https:\/\/mont-roig.cat\/es\/#website","url":"https:\/\/mont-roig.cat\/es\/","name":"Ajuntament de Mont-roig del Camp","description":"Tota la informaci\u00f3 sobre la instituci\u00f3, els seus \u00f2rgans de govern, actualitat, serveis i molt m\u00e9s.","potentialAction":[{"@type":"SearchAction","target":{"@type":"EntryPoint","urlTemplate":"https:\/\/mont-roig.cat\/es\/?s={search_term_string}"},"query-input":{"@type":"PropertyValueSpecification","valueRequired":true,"valueName":"search_term_string"}}],"inLanguage":"es"},{"@type":"Person","@id":"https:\/\/mont-roig.cat\/es\/#\/schema\/person\/1f73e7b5e6f9dd122e8a6f14f310ac5e","name":"comunicacio","image":{"@type":"ImageObject","inLanguage":"es","@id":"https:\/\/secure.gravatar.com\/avatar\/98944333e7a877670a64f8d10f0cb680ab2c9ebc4efc43945ef004b52b5ad28c?s=96&d=mm&r=g","url":"https:\/\/secure.gravatar.com\/avatar\/98944333e7a877670a64f8d10f0cb680ab2c9ebc4efc43945ef004b52b5ad28c?s=96&d=mm&r=g","contentUrl":"https:\/\/secure.gravatar.com\/avatar\/98944333e7a877670a64f8d10f0cb680ab2c9ebc4efc43945ef004b52b5ad28c?s=96&d=mm&r=g","caption":"comunicacio"},"url":"https:\/\/mont-roig.cat\/es\/actualitat\/noticies\/author\/comunicacio\/"}]}},"_links":{"self":[{"href":"https:\/\/mont-roig.cat\/es\/wp-json\/wp\/v2\/posts\/60144","targetHints":{"allow":["GET"]}}],"collection":[{"href":"https:\/\/mont-roig.cat\/es\/wp-json\/wp\/v2\/posts"}],"about":[{"href":"https:\/\/mont-roig.cat\/es\/wp-json\/wp\/v2\/types\/post"}],"author":[{"embeddable":true,"href":"https:\/\/mont-roig.cat\/es\/wp-json\/wp\/v2\/users\/13"}],"replies":[{"embeddable":true,"href":"https:\/\/mont-roig.cat\/es\/wp-json\/wp\/v2\/comments?post=60144"}],"version-history":[{"count":3,"href":"https:\/\/mont-roig.cat\/es\/wp-json\/wp\/v2\/posts\/60144\/revisions"}],"predecessor-version":[{"id":60147,"href":"https:\/\/mont-roig.cat\/es\/wp-json\/wp\/v2\/posts\/60144\/revisions\/60147"}],"wp:featuredmedia":[{"embeddable":true,"href":"https:\/\/mont-roig.cat\/es\/wp-json\/wp\/v2\/media\/60140"}],"wp:attachment":[{"href":"https:\/\/mont-roig.cat\/es\/wp-json\/wp\/v2\/media?parent=60144"}],"wp:term":[{"taxonomy":"category","embeddable":true,"href":"https:\/\/mont-roig.cat\/es\/wp-json\/wp\/v2\/categories?post=60144"},{"taxonomy":"post_tag","embeddable":true,"href":"https:\/\/mont-roig.cat\/es\/wp-json\/wp\/v2\/tags?post=60144"}],"curies":[{"name":"wp","href":"https:\/\/api.w.org\/{rel}","templated":true}]}}