{"id":60150,"date":"2022-01-24T15:49:42","date_gmt":"2022-01-24T14:49:42","guid":{"rendered":"https:\/\/mont-roig.cat\/?p=60150"},"modified":"2022-01-24T16:10:58","modified_gmt":"2022-01-24T15:10:58","slug":"el-ayuntamiento-toma-medidas-para-agilizar-el-retorno-de-avales-y-fianzas","status":"publish","type":"post","link":"https:\/\/mont-roig.cat\/es\/actualitat\/noticies\/el-ayuntamiento-toma-medidas-para-agilizar-el-retorno-de-avales-y-fianzas\/","title":{"rendered":"El Ayuntamiento toma medidas para agilizar el retorno de avales y fianzas"},"content":{"rendered":"<ul>\n<li><strong>El equipo de gobierno ha detectado que se tarda excesivamente en devolver el dinero a la ciudadan\u00eda y a las empresas en concepto de fianzas y pide disculpas a los afectados<\/strong><\/li>\n<\/ul>\n<p>El Ayuntamiento de Mont-roig del Camp ha revisado el procedimiento de retorno de los avales con el objetivo de asegurar que a partir de ahora haya m\u00e1s agilidad en el retorno de las fianzas, el dinero que ciudadan\u00eda y\/o empresas deben entregar al ayuntamiento en conceptos varios.<\/p>\n<p>Se trata de la garant\u00eda depositada en el consistorio por el cumplimiento de obras, servicios, suministros, aplazamiento o fraccionamiento de tributos, entre otros. As\u00ed, por ejemplo en el caso de las obras o las licitaciones, este dinero se solicita para asegurar el cumplimiento de las obligaciones del contratista. O en el caso de los cursos formativos, se solicitan para evitar que personas inscritas ocupen plazas y no asistan, creando un perjuicio para otras personas que se podr\u00edan quedar sin lugar. Unas fianzas o avales que deben ser devueltos o cancelados una vez transcurrido el plazo de garant\u00eda y cumplimiento satisfactoriamente del hecho que ocasion\u00f3 su constituci\u00f3n. El procedimiento para devolver o cancelar la fianza podr\u00e1 incoarse de oficio o como consecuencia de una instancia del interesado remitida al ayuntamiento en virtud de lo fijado en la normativa aplicable y en la vista de la situaci\u00f3n concreta.<\/p>\n<p><strong>El Ayuntamiento pide disculpas<\/strong><\/p>\n<p>Despu\u00e9s de algunas quejas recibidas y comprobar cu\u00e1l es el procedimiento que se llevaba a cabo para el retorno de ese dinero, el equipo de gobierno ha detectado que se trata de un tiempo excesivo y ha puesto en marcha diversas medidas para revertir esta situaci\u00f3n. Por un lado se ha abierto un expediente disciplinario y no se ha renovado el contrato a la persona responsable de Tesorer\u00eda, encargada de esta cuesti\u00f3n, que estaba paralizando el retorno de los avales y los expedientes que conten\u00edan estos importes. Por otro lado, se ha realizado una orden directa al departamento de Hacienda para que se priorice el retorno de estos importes, por lo que se estima que en unas semanas el proceso de retorno de avales est\u00e9 normalizado.<\/p>\n<p>Asimismo desde el Ayuntamiento se piden disculpas a todas aquellas personas y empresas que se han visto afectadas por esta cuesti\u00f3n y se asegura que ya se han agilizado los procesos para solucionar esta problem\u00e1tica lo antes posible.<\/p>\n","protected":false},"excerpt":{"rendered":"<p>El equipo de gobierno ha detectado que se tarda excesivamente en devolver el dinero a la ciudadan\u00eda y a las empresas en concepto de fianzas y pide disculpas a los afectados El Ayuntamiento de Mont-roig del Camp ha revisado el procedimiento de retorno de los avales con el objetivo de asegurar que a partir de [&hellip;]<\/p>\n","protected":false},"author":4,"featured_media":30107,"comment_status":"closed","ping_status":"closed","sticky":false,"template":"","format":"standard","meta":{"inline_featured_image":false,"_monsterinsights_skip_tracking":false,"_monsterinsights_sitenote_active":false,"_monsterinsights_sitenote_note":"","_monsterinsights_sitenote_category":0,"footnotes":""},"categories":[98],"tags":[],"class_list":["post-60150","post","type-post","status-publish","format-standard","has-post-thumbnail","hentry","category-ayuntamiento"],"yoast_head":"<!-- This site is optimized with the Yoast SEO plugin v27.4 - https:\/\/yoast.com\/product\/yoast-seo-wordpress\/ -->\n<title>El Ayuntamiento toma medidas para agilizar el retorno de avales y fianzas - Ajuntament de Mont-roig del Camp<\/title>\n<meta name=\"robots\" content=\"index, follow, max-snippet:-1, max-image-preview:large, max-video-preview:-1\" \/>\n<link rel=\"canonical\" href=\"https:\/\/mont-roig.cat\/es\/actualitat\/noticies\/el-ayuntamiento-toma-medidas-para-agilizar-el-retorno-de-avales-y-fianzas\/\" \/>\n<meta property=\"og:locale\" content=\"es_ES\" \/>\n<meta property=\"og:type\" content=\"article\" \/>\n<meta property=\"og:title\" content=\"El Ayuntamiento toma medidas para agilizar el retorno de avales y fianzas - Ajuntament de Mont-roig del Camp\" \/>\n<meta property=\"og:description\" content=\"El equipo de gobierno ha detectado que se tarda excesivamente en devolver el dinero a la ciudadan\u00eda y a las empresas en concepto de fianzas y pide disculpas a los afectados El Ayuntamiento de Mont-roig del Camp ha revisado el procedimiento de retorno de los avales con el objetivo de asegurar que a partir de [&hellip;]\" \/>\n<meta property=\"og:url\" content=\"https:\/\/mont-roig.cat\/es\/actualitat\/noticies\/el-ayuntamiento-toma-medidas-para-agilizar-el-retorno-de-avales-y-fianzas\/\" \/>\n<meta property=\"og:site_name\" content=\"Ajuntament de Mont-roig del Camp\" \/>\n<meta property=\"article:published_time\" content=\"2022-01-24T14:49:42+00:00\" \/>\n<meta property=\"article:modified_time\" content=\"2022-01-24T15:10:58+00:00\" \/>\n<meta property=\"og:image\" content=\"https:\/\/mont-roig.cat\/wp-content\/uploads\/Logotip-Ajuntament-de-Mont-roig-del-Camp-fons-transparent.gif\" \/>\n\t<meta property=\"og:image:width\" content=\"1129\" \/>\n\t<meta property=\"og:image:height\" content=\"800\" \/>\n\t<meta property=\"og:image:type\" content=\"image\/gif\" \/>\n<meta name=\"author\" content=\"administrador\" \/>\n<meta name=\"twitter:card\" content=\"summary_large_image\" \/>\n<meta name=\"twitter:label1\" content=\"Escrito por\" \/>\n\t<meta name=\"twitter:data1\" content=\"administrador\" \/>\n\t<meta name=\"twitter:label2\" content=\"Tiempo de lectura\" \/>\n\t<meta name=\"twitter:data2\" content=\"2 minutos\" \/>\n<script type=\"application\/ld+json\" class=\"yoast-schema-graph\">{\"@context\":\"https:\\\/\\\/schema.org\",\"@graph\":[{\"@type\":\"Article\",\"@id\":\"https:\\\/\\\/mont-roig.cat\\\/es\\\/actualitat\\\/noticies\\\/el-ayuntamiento-toma-medidas-para-agilizar-el-retorno-de-avales-y-fianzas\\\/#article\",\"isPartOf\":{\"@id\":\"https:\\\/\\\/mont-roig.cat\\\/es\\\/actualitat\\\/noticies\\\/el-ayuntamiento-toma-medidas-para-agilizar-el-retorno-de-avales-y-fianzas\\\/\"},\"author\":{\"name\":\"administrador\",\"@id\":\"https:\\\/\\\/mont-roig.cat\\\/es\\\/#\\\/schema\\\/person\\\/f2b111789f22b7d0c3bd6786c9128cba\"},\"headline\":\"El Ayuntamiento toma medidas para agilizar el retorno de avales y fianzas\",\"datePublished\":\"2022-01-24T14:49:42+00:00\",\"dateModified\":\"2022-01-24T15:10:58+00:00\",\"mainEntityOfPage\":{\"@id\":\"https:\\\/\\\/mont-roig.cat\\\/es\\\/actualitat\\\/noticies\\\/el-ayuntamiento-toma-medidas-para-agilizar-el-retorno-de-avales-y-fianzas\\\/\"},\"wordCount\":421,\"image\":{\"@id\":\"https:\\\/\\\/mont-roig.cat\\\/es\\\/actualitat\\\/noticies\\\/el-ayuntamiento-toma-medidas-para-agilizar-el-retorno-de-avales-y-fianzas\\\/#primaryimage\"},\"thumbnailUrl\":\"https:\\\/\\\/mont-roig.cat\\\/wp-content\\\/uploads\\\/Logotip-Ajuntament-de-Mont-roig-del-Camp-fons-transparent.gif\",\"articleSection\":[\"Ayuntamiento\"],\"inLanguage\":\"es\"},{\"@type\":\"WebPage\",\"@id\":\"https:\\\/\\\/mont-roig.cat\\\/es\\\/actualitat\\\/noticies\\\/el-ayuntamiento-toma-medidas-para-agilizar-el-retorno-de-avales-y-fianzas\\\/\",\"url\":\"https:\\\/\\\/mont-roig.cat\\\/es\\\/actualitat\\\/noticies\\\/el-ayuntamiento-toma-medidas-para-agilizar-el-retorno-de-avales-y-fianzas\\\/\",\"name\":\"El Ayuntamiento toma medidas para agilizar el retorno de avales y fianzas - Ajuntament de Mont-roig del Camp\",\"isPartOf\":{\"@id\":\"https:\\\/\\\/mont-roig.cat\\\/es\\\/#website\"},\"primaryImageOfPage\":{\"@id\":\"https:\\\/\\\/mont-roig.cat\\\/es\\\/actualitat\\\/noticies\\\/el-ayuntamiento-toma-medidas-para-agilizar-el-retorno-de-avales-y-fianzas\\\/#primaryimage\"},\"image\":{\"@id\":\"https:\\\/\\\/mont-roig.cat\\\/es\\\/actualitat\\\/noticies\\\/el-ayuntamiento-toma-medidas-para-agilizar-el-retorno-de-avales-y-fianzas\\\/#primaryimage\"},\"thumbnailUrl\":\"https:\\\/\\\/mont-roig.cat\\\/wp-content\\\/uploads\\\/Logotip-Ajuntament-de-Mont-roig-del-Camp-fons-transparent.gif\",\"datePublished\":\"2022-01-24T14:49:42+00:00\",\"dateModified\":\"2022-01-24T15:10:58+00:00\",\"author\":{\"@id\":\"https:\\\/\\\/mont-roig.cat\\\/es\\\/#\\\/schema\\\/person\\\/f2b111789f22b7d0c3bd6786c9128cba\"},\"breadcrumb\":{\"@id\":\"https:\\\/\\\/mont-roig.cat\\\/es\\\/actualitat\\\/noticies\\\/el-ayuntamiento-toma-medidas-para-agilizar-el-retorno-de-avales-y-fianzas\\\/#breadcrumb\"},\"inLanguage\":\"es\",\"potentialAction\":[{\"@type\":\"ReadAction\",\"target\":[\"https:\\\/\\\/mont-roig.cat\\\/es\\\/actualitat\\\/noticies\\\/el-ayuntamiento-toma-medidas-para-agilizar-el-retorno-de-avales-y-fianzas\\\/\"]}]},{\"@type\":\"ImageObject\",\"inLanguage\":\"es\",\"@id\":\"https:\\\/\\\/mont-roig.cat\\\/es\\\/actualitat\\\/noticies\\\/el-ayuntamiento-toma-medidas-para-agilizar-el-retorno-de-avales-y-fianzas\\\/#primaryimage\",\"url\":\"https:\\\/\\\/mont-roig.cat\\\/wp-content\\\/uploads\\\/Logotip-Ajuntament-de-Mont-roig-del-Camp-fons-transparent.gif\",\"contentUrl\":\"https:\\\/\\\/mont-roig.cat\\\/wp-content\\\/uploads\\\/Logotip-Ajuntament-de-Mont-roig-del-Camp-fons-transparent.gif\",\"width\":1129,\"height\":800},{\"@type\":\"BreadcrumbList\",\"@id\":\"https:\\\/\\\/mont-roig.cat\\\/es\\\/actualitat\\\/noticies\\\/el-ayuntamiento-toma-medidas-para-agilizar-el-retorno-de-avales-y-fianzas\\\/#breadcrumb\",\"itemListElement\":[{\"@type\":\"ListItem\",\"position\":1,\"name\":\"Inici\",\"item\":\"https:\\\/\\\/mont-roig.cat\\\/es\\\/pagina-de-inicio\\\/\"},{\"@type\":\"ListItem\",\"position\":2,\"name\":\"El Ayuntamiento toma medidas para agilizar el retorno de avales y fianzas\"}]},{\"@type\":\"WebSite\",\"@id\":\"https:\\\/\\\/mont-roig.cat\\\/es\\\/#website\",\"url\":\"https:\\\/\\\/mont-roig.cat\\\/es\\\/\",\"name\":\"Ajuntament de Mont-roig del Camp\",\"description\":\"Tota la informaci\u00f3 sobre la instituci\u00f3, els seus \u00f2rgans de govern, actualitat, serveis i molt m\u00e9s.\",\"potentialAction\":[{\"@type\":\"SearchAction\",\"target\":{\"@type\":\"EntryPoint\",\"urlTemplate\":\"https:\\\/\\\/mont-roig.cat\\\/es\\\/?s={search_term_string}\"},\"query-input\":{\"@type\":\"PropertyValueSpecification\",\"valueRequired\":true,\"valueName\":\"search_term_string\"}}],\"inLanguage\":\"es\"},{\"@type\":\"Person\",\"@id\":\"https:\\\/\\\/mont-roig.cat\\\/es\\\/#\\\/schema\\\/person\\\/f2b111789f22b7d0c3bd6786c9128cba\",\"name\":\"administrador\",\"image\":{\"@type\":\"ImageObject\",\"inLanguage\":\"es\",\"@id\":\"https:\\\/\\\/secure.gravatar.com\\\/avatar\\\/9137aac6891e2595c9d3036fd83bcb653b4db3c946db4c7d9b9be193c3c944bb?s=96&d=mm&r=g\",\"url\":\"https:\\\/\\\/secure.gravatar.com\\\/avatar\\\/9137aac6891e2595c9d3036fd83bcb653b4db3c946db4c7d9b9be193c3c944bb?s=96&d=mm&r=g\",\"contentUrl\":\"https:\\\/\\\/secure.gravatar.com\\\/avatar\\\/9137aac6891e2595c9d3036fd83bcb653b4db3c946db4c7d9b9be193c3c944bb?s=96&d=mm&r=g\",\"caption\":\"administrador\"},\"url\":\"https:\\\/\\\/mont-roig.cat\\\/es\\\/actualitat\\\/noticies\\\/author\\\/administrador\\\/\"}]}<\/script>\n<!-- \/ Yoast SEO plugin. -->","yoast_head_json":{"title":"El Ayuntamiento toma medidas para agilizar el retorno de avales y fianzas - Ajuntament de Mont-roig del Camp","robots":{"index":"index","follow":"follow","max-snippet":"max-snippet:-1","max-image-preview":"max-image-preview:large","max-video-preview":"max-video-preview:-1"},"canonical":"https:\/\/mont-roig.cat\/es\/actualitat\/noticies\/el-ayuntamiento-toma-medidas-para-agilizar-el-retorno-de-avales-y-fianzas\/","og_locale":"es_ES","og_type":"article","og_title":"El Ayuntamiento toma medidas para agilizar el retorno de avales y fianzas - Ajuntament de Mont-roig del Camp","og_description":"El equipo de gobierno ha detectado que se tarda excesivamente en devolver el dinero a la ciudadan\u00eda y a las empresas en concepto de fianzas y pide disculpas a los afectados El Ayuntamiento de Mont-roig del Camp ha revisado el procedimiento de retorno de los avales con el objetivo de asegurar que a partir de [&hellip;]","og_url":"https:\/\/mont-roig.cat\/es\/actualitat\/noticies\/el-ayuntamiento-toma-medidas-para-agilizar-el-retorno-de-avales-y-fianzas\/","og_site_name":"Ajuntament de Mont-roig del Camp","article_published_time":"2022-01-24T14:49:42+00:00","article_modified_time":"2022-01-24T15:10:58+00:00","og_image":[{"width":1129,"height":800,"url":"https:\/\/mont-roig.cat\/wp-content\/uploads\/Logotip-Ajuntament-de-Mont-roig-del-Camp-fons-transparent.gif","type":"image\/gif"}],"author":"administrador","twitter_card":"summary_large_image","twitter_misc":{"Escrito por":"administrador","Tiempo de lectura":"2 minutos"},"schema":{"@context":"https:\/\/schema.org","@graph":[{"@type":"Article","@id":"https:\/\/mont-roig.cat\/es\/actualitat\/noticies\/el-ayuntamiento-toma-medidas-para-agilizar-el-retorno-de-avales-y-fianzas\/#article","isPartOf":{"@id":"https:\/\/mont-roig.cat\/es\/actualitat\/noticies\/el-ayuntamiento-toma-medidas-para-agilizar-el-retorno-de-avales-y-fianzas\/"},"author":{"name":"administrador","@id":"https:\/\/mont-roig.cat\/es\/#\/schema\/person\/f2b111789f22b7d0c3bd6786c9128cba"},"headline":"El Ayuntamiento toma medidas para agilizar el retorno de avales y fianzas","datePublished":"2022-01-24T14:49:42+00:00","dateModified":"2022-01-24T15:10:58+00:00","mainEntityOfPage":{"@id":"https:\/\/mont-roig.cat\/es\/actualitat\/noticies\/el-ayuntamiento-toma-medidas-para-agilizar-el-retorno-de-avales-y-fianzas\/"},"wordCount":421,"image":{"@id":"https:\/\/mont-roig.cat\/es\/actualitat\/noticies\/el-ayuntamiento-toma-medidas-para-agilizar-el-retorno-de-avales-y-fianzas\/#primaryimage"},"thumbnailUrl":"https:\/\/mont-roig.cat\/wp-content\/uploads\/Logotip-Ajuntament-de-Mont-roig-del-Camp-fons-transparent.gif","articleSection":["Ayuntamiento"],"inLanguage":"es"},{"@type":"WebPage","@id":"https:\/\/mont-roig.cat\/es\/actualitat\/noticies\/el-ayuntamiento-toma-medidas-para-agilizar-el-retorno-de-avales-y-fianzas\/","url":"https:\/\/mont-roig.cat\/es\/actualitat\/noticies\/el-ayuntamiento-toma-medidas-para-agilizar-el-retorno-de-avales-y-fianzas\/","name":"El Ayuntamiento toma medidas para agilizar el retorno de avales y fianzas - Ajuntament de Mont-roig del Camp","isPartOf":{"@id":"https:\/\/mont-roig.cat\/es\/#website"},"primaryImageOfPage":{"@id":"https:\/\/mont-roig.cat\/es\/actualitat\/noticies\/el-ayuntamiento-toma-medidas-para-agilizar-el-retorno-de-avales-y-fianzas\/#primaryimage"},"image":{"@id":"https:\/\/mont-roig.cat\/es\/actualitat\/noticies\/el-ayuntamiento-toma-medidas-para-agilizar-el-retorno-de-avales-y-fianzas\/#primaryimage"},"thumbnailUrl":"https:\/\/mont-roig.cat\/wp-content\/uploads\/Logotip-Ajuntament-de-Mont-roig-del-Camp-fons-transparent.gif","datePublished":"2022-01-24T14:49:42+00:00","dateModified":"2022-01-24T15:10:58+00:00","author":{"@id":"https:\/\/mont-roig.cat\/es\/#\/schema\/person\/f2b111789f22b7d0c3bd6786c9128cba"},"breadcrumb":{"@id":"https:\/\/mont-roig.cat\/es\/actualitat\/noticies\/el-ayuntamiento-toma-medidas-para-agilizar-el-retorno-de-avales-y-fianzas\/#breadcrumb"},"inLanguage":"es","potentialAction":[{"@type":"ReadAction","target":["https:\/\/mont-roig.cat\/es\/actualitat\/noticies\/el-ayuntamiento-toma-medidas-para-agilizar-el-retorno-de-avales-y-fianzas\/"]}]},{"@type":"ImageObject","inLanguage":"es","@id":"https:\/\/mont-roig.cat\/es\/actualitat\/noticies\/el-ayuntamiento-toma-medidas-para-agilizar-el-retorno-de-avales-y-fianzas\/#primaryimage","url":"https:\/\/mont-roig.cat\/wp-content\/uploads\/Logotip-Ajuntament-de-Mont-roig-del-Camp-fons-transparent.gif","contentUrl":"https:\/\/mont-roig.cat\/wp-content\/uploads\/Logotip-Ajuntament-de-Mont-roig-del-Camp-fons-transparent.gif","width":1129,"height":800},{"@type":"BreadcrumbList","@id":"https:\/\/mont-roig.cat\/es\/actualitat\/noticies\/el-ayuntamiento-toma-medidas-para-agilizar-el-retorno-de-avales-y-fianzas\/#breadcrumb","itemListElement":[{"@type":"ListItem","position":1,"name":"Inici","item":"https:\/\/mont-roig.cat\/es\/pagina-de-inicio\/"},{"@type":"ListItem","position":2,"name":"El Ayuntamiento toma medidas para agilizar el retorno de avales y fianzas"}]},{"@type":"WebSite","@id":"https:\/\/mont-roig.cat\/es\/#website","url":"https:\/\/mont-roig.cat\/es\/","name":"Ajuntament de Mont-roig del Camp","description":"Tota la informaci\u00f3 sobre la instituci\u00f3, els seus \u00f2rgans de govern, actualitat, serveis i molt m\u00e9s.","potentialAction":[{"@type":"SearchAction","target":{"@type":"EntryPoint","urlTemplate":"https:\/\/mont-roig.cat\/es\/?s={search_term_string}"},"query-input":{"@type":"PropertyValueSpecification","valueRequired":true,"valueName":"search_term_string"}}],"inLanguage":"es"},{"@type":"Person","@id":"https:\/\/mont-roig.cat\/es\/#\/schema\/person\/f2b111789f22b7d0c3bd6786c9128cba","name":"administrador","image":{"@type":"ImageObject","inLanguage":"es","@id":"https:\/\/secure.gravatar.com\/avatar\/9137aac6891e2595c9d3036fd83bcb653b4db3c946db4c7d9b9be193c3c944bb?s=96&d=mm&r=g","url":"https:\/\/secure.gravatar.com\/avatar\/9137aac6891e2595c9d3036fd83bcb653b4db3c946db4c7d9b9be193c3c944bb?s=96&d=mm&r=g","contentUrl":"https:\/\/secure.gravatar.com\/avatar\/9137aac6891e2595c9d3036fd83bcb653b4db3c946db4c7d9b9be193c3c944bb?s=96&d=mm&r=g","caption":"administrador"},"url":"https:\/\/mont-roig.cat\/es\/actualitat\/noticies\/author\/administrador\/"}]}},"_links":{"self":[{"href":"https:\/\/mont-roig.cat\/es\/wp-json\/wp\/v2\/posts\/60150","targetHints":{"allow":["GET"]}}],"collection":[{"href":"https:\/\/mont-roig.cat\/es\/wp-json\/wp\/v2\/posts"}],"about":[{"href":"https:\/\/mont-roig.cat\/es\/wp-json\/wp\/v2\/types\/post"}],"author":[{"embeddable":true,"href":"https:\/\/mont-roig.cat\/es\/wp-json\/wp\/v2\/users\/4"}],"replies":[{"embeddable":true,"href":"https:\/\/mont-roig.cat\/es\/wp-json\/wp\/v2\/comments?post=60150"}],"version-history":[{"count":3,"href":"https:\/\/mont-roig.cat\/es\/wp-json\/wp\/v2\/posts\/60150\/revisions"}],"predecessor-version":[{"id":60155,"href":"https:\/\/mont-roig.cat\/es\/wp-json\/wp\/v2\/posts\/60150\/revisions\/60155"}],"wp:featuredmedia":[{"embeddable":true,"href":"https:\/\/mont-roig.cat\/es\/wp-json\/wp\/v2\/media\/30107"}],"wp:attachment":[{"href":"https:\/\/mont-roig.cat\/es\/wp-json\/wp\/v2\/media?parent=60150"}],"wp:term":[{"taxonomy":"category","embeddable":true,"href":"https:\/\/mont-roig.cat\/es\/wp-json\/wp\/v2\/categories?post=60150"},{"taxonomy":"post_tag","embeddable":true,"href":"https:\/\/mont-roig.cat\/es\/wp-json\/wp\/v2\/tags?post=60150"}],"curies":[{"name":"wp","href":"https:\/\/api.w.org\/{rel}","templated":true}]}}