{"id":60162,"date":"2022-01-25T10:44:37","date_gmt":"2022-01-25T09:44:37","guid":{"rendered":"https:\/\/mont-roig.cat\/actualitat\/noticies\/linstitut-antoni-ballester-de-mont-roig-oferira-un-nou-certificat-de-professionalitat-de-muntatge-i-reparacio-de-sistemes-microinformatics\/"},"modified":"2022-01-25T10:47:40","modified_gmt":"2022-01-25T09:47:40","slug":"el-instituto-antoni-ballester-de-mont-roig-ofrecera-un-nuevo-certificado-de-profesionalidad-de-montaje-y-reparacion-de-sistemas-microinformaticos","status":"publish","type":"post","link":"https:\/\/mont-roig.cat\/es\/actualitat\/noticies\/el-instituto-antoni-ballester-de-mont-roig-ofrecera-un-nuevo-certificado-de-profesionalidad-de-montaje-y-reparacion-de-sistemas-microinformaticos\/","title":{"rendered":"El Institut Antoni Ballester de Mont-roig ofrecer\u00e1 un nuevo certificado de profesionalidad de montaje y reparaci\u00f3n de sistemas microinform\u00e1ticos"},"content":{"rendered":"<ul>\n<li><strong><strong><a href=\"https:\/\/mont-roig.cat\/wp-content\/uploads\/unnamed-1.png\"><img loading=\"lazy\" decoding=\"async\" class=\"alignright wp-image-60158\" src=\"https:\/\/mont-roig.cat\/wp-content\/uploads\/unnamed-1-357x500.png\" alt=\"\" width=\"246\" height=\"345\" srcset=\"https:\/\/mont-roig.cat\/wp-content\/uploads\/unnamed-1-357x500.png 357w, https:\/\/mont-roig.cat\/wp-content\/uploads\/unnamed-1-731x1024.png 731w, https:\/\/mont-roig.cat\/wp-content\/uploads\/unnamed-1-768x1076.png 768w, https:\/\/mont-roig.cat\/wp-content\/uploads\/unnamed-1-1097x1536.png 1097w, https:\/\/mont-roig.cat\/wp-content\/uploads\/unnamed-1.png 1428w\" sizes=\"auto, (max-width: 246px) 100vw, 246px\" \/><\/a><\/strong>Las clases empezar\u00e1n a finales de febrero de 2022 hasta el mes de junio<\/strong><\/li>\n<li><strong>Se pueden inscribir los alumnos que quedaron fuera del Ciclo Formativo de Grado Medio y tambi\u00e9n personas en paro que quieren formarse en este \u00e1mbito<\/strong><\/li>\n<\/ul>\n<p>El Institut Antoni Ballester de Mont-roig ofrecer\u00e1 a partir de febrero un nuevo certificado de profesionalidad oficial de nivel 2. Se trata de \u201cMontaje y reparaci\u00f3n de Sistemas Microinform\u00e1ticos\u201d de 510 horas lectivas y 40 horas de pr\u00e1cticas en empresa que les ha otorgado la Generalitat a trav\u00e9s del departamento de Educaci\u00f3n.<\/p>\n<p>El curso se impartir\u00e1 hasta finales de junio en horario de 8.30 ha 15 h, de lunes a viernes. El curso est\u00e1 dirigido a todas aquellas personas que se quedaron sin entrar en el Ciclo Formativo de Gran Medio (CFGM) de Sistemas Microinform\u00e1ticos y Redes, as\u00ed como parados que desean formarse en este \u00e1mbito. Este curso, en el momento de finalizarlo, permitir\u00e1 convalidar dos m\u00f3dulos de CFGM de Sistemas Microinform\u00e1ticos y Redes.<\/p>\n<p>El curso es una muy buena oportunidad para conocer c\u00f3mo funcionan los ordenadores internamente, ensamblar componentes y configurar diferentes sistemas operativos, aprender a realizar copias de seguridad, instalar y configurar diferentes tipos de perif\u00e9ricos e identificar y resolver diferentes tipos de aver\u00edas.<\/p>\n<p><strong>Sector servicios y administraci\u00f3n<\/strong><\/p>\n<p>El curso forma parte de los itinerarios formativos encarados al sector de servicios, principalmente en los siguientes tipos de empresas: empresas dedicadas a la comercializaci\u00f3n, montaje y reparaci\u00f3n de equipos y servicios microinform\u00e1ticos, empresas que prestan servicios de asistencia t\u00e9cnica microinform\u00e1tica, redes de telecentros o en las diferentes administraciones p\u00fablicas, como parte del soporte inform\u00e1tico de la organizaci\u00f3n.<\/p>\n<p>M\u00e1s informaci\u00f3n en el correo\u00a0info@iaballester.cat<\/p>\n","protected":false},"excerpt":{"rendered":"<p>Las clases empezar\u00e1n a finales de febrero de 2022 hasta el mes de junio Se pueden inscribir los alumnos que quedaron fuera del Ciclo Formativo de Grado Medio y tambi\u00e9n personas en paro que quieren formarse en este \u00e1mbito El Institut Antoni Ballester de Mont-roig ofrecer\u00e1 a partir de febrero un nuevo certificado de profesionalidad [&hellip;]<\/p>\n","protected":false},"author":13,"featured_media":60159,"comment_status":"closed","ping_status":"closed","sticky":false,"template":"","format":"standard","meta":{"inline_featured_image":false,"_monsterinsights_skip_tracking":false,"_monsterinsights_sitenote_active":false,"_monsterinsights_sitenote_note":"","_monsterinsights_sitenote_category":0,"footnotes":""},"categories":[98,103],"tags":[],"class_list":["post-60162","post","type-post","status-publish","format-standard","has-post-thumbnail","hentry","category-ayuntamiento","category-educacion"],"yoast_head":"<!-- This site is optimized with the Yoast SEO plugin v27.4 - https:\/\/yoast.com\/product\/yoast-seo-wordpress\/ -->\n<title>El Institut Antoni Ballester de Mont-roig ofrecer\u00e1 un nuevo certificado de profesionalidad de montaje y reparaci\u00f3n de sistemas microinform\u00e1ticos - Ajuntament de Mont-roig del Camp<\/title>\n<meta name=\"robots\" content=\"index, follow, max-snippet:-1, max-image-preview:large, max-video-preview:-1\" \/>\n<link rel=\"canonical\" href=\"https:\/\/mont-roig.cat\/es\/actualitat\/noticies\/el-instituto-antoni-ballester-de-mont-roig-ofrecera-un-nuevo-certificado-de-profesionalidad-de-montaje-y-reparacion-de-sistemas-microinformaticos\/\" \/>\n<meta property=\"og:locale\" content=\"es_ES\" \/>\n<meta property=\"og:type\" content=\"article\" \/>\n<meta property=\"og:title\" content=\"El Institut Antoni Ballester de Mont-roig ofrecer\u00e1 un nuevo certificado de profesionalidad de montaje y reparaci\u00f3n de sistemas microinform\u00e1ticos - Ajuntament de Mont-roig del Camp\" \/>\n<meta property=\"og:description\" content=\"Las clases empezar\u00e1n a finales de febrero de 2022 hasta el mes de junio Se pueden inscribir los alumnos que quedaron fuera del Ciclo Formativo de Grado Medio y tambi\u00e9n personas en paro que quieren formarse en este \u00e1mbito El Institut Antoni Ballester de Mont-roig ofrecer\u00e1 a partir de febrero un nuevo certificado de profesionalidad [&hellip;]\" \/>\n<meta property=\"og:url\" content=\"https:\/\/mont-roig.cat\/es\/actualitat\/noticies\/el-instituto-antoni-ballester-de-mont-roig-ofrecera-un-nuevo-certificado-de-profesionalidad-de-montaje-y-reparacion-de-sistemas-microinformaticos\/\" \/>\n<meta property=\"og:site_name\" content=\"Ajuntament de Mont-roig del Camp\" \/>\n<meta property=\"article:published_time\" content=\"2022-01-25T09:44:37+00:00\" \/>\n<meta property=\"article:modified_time\" content=\"2022-01-25T09:47:40+00:00\" \/>\n<meta property=\"og:image\" content=\"https:\/\/mont-roig.cat\/wp-content\/uploads\/unnamed-1.png\" \/>\n\t<meta property=\"og:image:width\" content=\"1428\" \/>\n\t<meta property=\"og:image:height\" content=\"2000\" \/>\n\t<meta property=\"og:image:type\" content=\"image\/png\" \/>\n<meta name=\"author\" content=\"comunicacio\" \/>\n<meta name=\"twitter:card\" content=\"summary_large_image\" \/>\n<meta name=\"twitter:label1\" content=\"Escrito por\" \/>\n\t<meta name=\"twitter:data1\" content=\"comunicacio\" \/>\n\t<meta name=\"twitter:label2\" content=\"Tiempo de lectura\" \/>\n\t<meta name=\"twitter:data2\" content=\"2 minutos\" \/>\n<script type=\"application\/ld+json\" class=\"yoast-schema-graph\">{\"@context\":\"https:\\\/\\\/schema.org\",\"@graph\":[{\"@type\":\"Article\",\"@id\":\"https:\\\/\\\/mont-roig.cat\\\/es\\\/actualitat\\\/noticies\\\/el-instituto-antoni-ballester-de-mont-roig-ofrecera-un-nuevo-certificado-de-profesionalidad-de-montaje-y-reparacion-de-sistemas-microinformaticos\\\/#article\",\"isPartOf\":{\"@id\":\"https:\\\/\\\/mont-roig.cat\\\/es\\\/actualitat\\\/noticies\\\/el-instituto-antoni-ballester-de-mont-roig-ofrecera-un-nuevo-certificado-de-profesionalidad-de-montaje-y-reparacion-de-sistemas-microinformaticos\\\/\"},\"author\":{\"name\":\"comunicacio\",\"@id\":\"https:\\\/\\\/mont-roig.cat\\\/es\\\/#\\\/schema\\\/person\\\/1f73e7b5e6f9dd122e8a6f14f310ac5e\"},\"headline\":\"El Institut Antoni Ballester de Mont-roig ofrecer\u00e1 un nuevo certificado de profesionalidad de montaje y reparaci\u00f3n de sistemas microinform\u00e1ticos\",\"datePublished\":\"2022-01-25T09:44:37+00:00\",\"dateModified\":\"2022-01-25T09:47:40+00:00\",\"mainEntityOfPage\":{\"@id\":\"https:\\\/\\\/mont-roig.cat\\\/es\\\/actualitat\\\/noticies\\\/el-instituto-antoni-ballester-de-mont-roig-ofrecera-un-nuevo-certificado-de-profesionalidad-de-montaje-y-reparacion-de-sistemas-microinformaticos\\\/\"},\"wordCount\":314,\"image\":{\"@id\":\"https:\\\/\\\/mont-roig.cat\\\/es\\\/actualitat\\\/noticies\\\/el-instituto-antoni-ballester-de-mont-roig-ofrecera-un-nuevo-certificado-de-profesionalidad-de-montaje-y-reparacion-de-sistemas-microinformaticos\\\/#primaryimage\"},\"thumbnailUrl\":\"https:\\\/\\\/mont-roig.cat\\\/wp-content\\\/uploads\\\/unnamed-1.png\",\"articleSection\":[\"Ayuntamiento\",\"Educaci\u00f3n\"],\"inLanguage\":\"es\"},{\"@type\":\"WebPage\",\"@id\":\"https:\\\/\\\/mont-roig.cat\\\/es\\\/actualitat\\\/noticies\\\/el-instituto-antoni-ballester-de-mont-roig-ofrecera-un-nuevo-certificado-de-profesionalidad-de-montaje-y-reparacion-de-sistemas-microinformaticos\\\/\",\"url\":\"https:\\\/\\\/mont-roig.cat\\\/es\\\/actualitat\\\/noticies\\\/el-instituto-antoni-ballester-de-mont-roig-ofrecera-un-nuevo-certificado-de-profesionalidad-de-montaje-y-reparacion-de-sistemas-microinformaticos\\\/\",\"name\":\"El Institut Antoni Ballester de Mont-roig ofrecer\u00e1 un nuevo certificado de profesionalidad de montaje y reparaci\u00f3n de sistemas microinform\u00e1ticos - Ajuntament de Mont-roig del Camp\",\"isPartOf\":{\"@id\":\"https:\\\/\\\/mont-roig.cat\\\/es\\\/#website\"},\"primaryImageOfPage\":{\"@id\":\"https:\\\/\\\/mont-roig.cat\\\/es\\\/actualitat\\\/noticies\\\/el-instituto-antoni-ballester-de-mont-roig-ofrecera-un-nuevo-certificado-de-profesionalidad-de-montaje-y-reparacion-de-sistemas-microinformaticos\\\/#primaryimage\"},\"image\":{\"@id\":\"https:\\\/\\\/mont-roig.cat\\\/es\\\/actualitat\\\/noticies\\\/el-instituto-antoni-ballester-de-mont-roig-ofrecera-un-nuevo-certificado-de-profesionalidad-de-montaje-y-reparacion-de-sistemas-microinformaticos\\\/#primaryimage\"},\"thumbnailUrl\":\"https:\\\/\\\/mont-roig.cat\\\/wp-content\\\/uploads\\\/unnamed-1.png\",\"datePublished\":\"2022-01-25T09:44:37+00:00\",\"dateModified\":\"2022-01-25T09:47:40+00:00\",\"author\":{\"@id\":\"https:\\\/\\\/mont-roig.cat\\\/es\\\/#\\\/schema\\\/person\\\/1f73e7b5e6f9dd122e8a6f14f310ac5e\"},\"breadcrumb\":{\"@id\":\"https:\\\/\\\/mont-roig.cat\\\/es\\\/actualitat\\\/noticies\\\/el-instituto-antoni-ballester-de-mont-roig-ofrecera-un-nuevo-certificado-de-profesionalidad-de-montaje-y-reparacion-de-sistemas-microinformaticos\\\/#breadcrumb\"},\"inLanguage\":\"es\",\"potentialAction\":[{\"@type\":\"ReadAction\",\"target\":[\"https:\\\/\\\/mont-roig.cat\\\/es\\\/actualitat\\\/noticies\\\/el-instituto-antoni-ballester-de-mont-roig-ofrecera-un-nuevo-certificado-de-profesionalidad-de-montaje-y-reparacion-de-sistemas-microinformaticos\\\/\"]}]},{\"@type\":\"ImageObject\",\"inLanguage\":\"es\",\"@id\":\"https:\\\/\\\/mont-roig.cat\\\/es\\\/actualitat\\\/noticies\\\/el-instituto-antoni-ballester-de-mont-roig-ofrecera-un-nuevo-certificado-de-profesionalidad-de-montaje-y-reparacion-de-sistemas-microinformaticos\\\/#primaryimage\",\"url\":\"https:\\\/\\\/mont-roig.cat\\\/wp-content\\\/uploads\\\/unnamed-1.png\",\"contentUrl\":\"https:\\\/\\\/mont-roig.cat\\\/wp-content\\\/uploads\\\/unnamed-1.png\",\"width\":1428,\"height\":2000},{\"@type\":\"BreadcrumbList\",\"@id\":\"https:\\\/\\\/mont-roig.cat\\\/es\\\/actualitat\\\/noticies\\\/el-instituto-antoni-ballester-de-mont-roig-ofrecera-un-nuevo-certificado-de-profesionalidad-de-montaje-y-reparacion-de-sistemas-microinformaticos\\\/#breadcrumb\",\"itemListElement\":[{\"@type\":\"ListItem\",\"position\":1,\"name\":\"Inici\",\"item\":\"https:\\\/\\\/mont-roig.cat\\\/es\\\/pagina-de-inicio\\\/\"},{\"@type\":\"ListItem\",\"position\":2,\"name\":\"El Institut Antoni Ballester de Mont-roig ofrecer\u00e1 un nuevo certificado de profesionalidad de montaje y reparaci\u00f3n de sistemas microinform\u00e1ticos\"}]},{\"@type\":\"WebSite\",\"@id\":\"https:\\\/\\\/mont-roig.cat\\\/es\\\/#website\",\"url\":\"https:\\\/\\\/mont-roig.cat\\\/es\\\/\",\"name\":\"Ajuntament de Mont-roig del Camp\",\"description\":\"Tota la informaci\u00f3 sobre la instituci\u00f3, els seus \u00f2rgans de govern, actualitat, serveis i molt m\u00e9s.\",\"potentialAction\":[{\"@type\":\"SearchAction\",\"target\":{\"@type\":\"EntryPoint\",\"urlTemplate\":\"https:\\\/\\\/mont-roig.cat\\\/es\\\/?s={search_term_string}\"},\"query-input\":{\"@type\":\"PropertyValueSpecification\",\"valueRequired\":true,\"valueName\":\"search_term_string\"}}],\"inLanguage\":\"es\"},{\"@type\":\"Person\",\"@id\":\"https:\\\/\\\/mont-roig.cat\\\/es\\\/#\\\/schema\\\/person\\\/1f73e7b5e6f9dd122e8a6f14f310ac5e\",\"name\":\"comunicacio\",\"image\":{\"@type\":\"ImageObject\",\"inLanguage\":\"es\",\"@id\":\"https:\\\/\\\/secure.gravatar.com\\\/avatar\\\/98944333e7a877670a64f8d10f0cb680ab2c9ebc4efc43945ef004b52b5ad28c?s=96&d=mm&r=g\",\"url\":\"https:\\\/\\\/secure.gravatar.com\\\/avatar\\\/98944333e7a877670a64f8d10f0cb680ab2c9ebc4efc43945ef004b52b5ad28c?s=96&d=mm&r=g\",\"contentUrl\":\"https:\\\/\\\/secure.gravatar.com\\\/avatar\\\/98944333e7a877670a64f8d10f0cb680ab2c9ebc4efc43945ef004b52b5ad28c?s=96&d=mm&r=g\",\"caption\":\"comunicacio\"},\"url\":\"https:\\\/\\\/mont-roig.cat\\\/es\\\/actualitat\\\/noticies\\\/author\\\/comunicacio\\\/\"}]}<\/script>\n<!-- \/ Yoast SEO plugin. -->","yoast_head_json":{"title":"El Institut Antoni Ballester de Mont-roig ofrecer\u00e1 un nuevo certificado de profesionalidad de montaje y reparaci\u00f3n de sistemas microinform\u00e1ticos - Ajuntament de Mont-roig del Camp","robots":{"index":"index","follow":"follow","max-snippet":"max-snippet:-1","max-image-preview":"max-image-preview:large","max-video-preview":"max-video-preview:-1"},"canonical":"https:\/\/mont-roig.cat\/es\/actualitat\/noticies\/el-instituto-antoni-ballester-de-mont-roig-ofrecera-un-nuevo-certificado-de-profesionalidad-de-montaje-y-reparacion-de-sistemas-microinformaticos\/","og_locale":"es_ES","og_type":"article","og_title":"El Institut Antoni Ballester de Mont-roig ofrecer\u00e1 un nuevo certificado de profesionalidad de montaje y reparaci\u00f3n de sistemas microinform\u00e1ticos - Ajuntament de Mont-roig del Camp","og_description":"Las clases empezar\u00e1n a finales de febrero de 2022 hasta el mes de junio Se pueden inscribir los alumnos que quedaron fuera del Ciclo Formativo de Grado Medio y tambi\u00e9n personas en paro que quieren formarse en este \u00e1mbito El Institut Antoni Ballester de Mont-roig ofrecer\u00e1 a partir de febrero un nuevo certificado de profesionalidad [&hellip;]","og_url":"https:\/\/mont-roig.cat\/es\/actualitat\/noticies\/el-instituto-antoni-ballester-de-mont-roig-ofrecera-un-nuevo-certificado-de-profesionalidad-de-montaje-y-reparacion-de-sistemas-microinformaticos\/","og_site_name":"Ajuntament de Mont-roig del Camp","article_published_time":"2022-01-25T09:44:37+00:00","article_modified_time":"2022-01-25T09:47:40+00:00","og_image":[{"width":1428,"height":2000,"url":"https:\/\/mont-roig.cat\/wp-content\/uploads\/unnamed-1.png","type":"image\/png"}],"author":"comunicacio","twitter_card":"summary_large_image","twitter_misc":{"Escrito por":"comunicacio","Tiempo de lectura":"2 minutos"},"schema":{"@context":"https:\/\/schema.org","@graph":[{"@type":"Article","@id":"https:\/\/mont-roig.cat\/es\/actualitat\/noticies\/el-instituto-antoni-ballester-de-mont-roig-ofrecera-un-nuevo-certificado-de-profesionalidad-de-montaje-y-reparacion-de-sistemas-microinformaticos\/#article","isPartOf":{"@id":"https:\/\/mont-roig.cat\/es\/actualitat\/noticies\/el-instituto-antoni-ballester-de-mont-roig-ofrecera-un-nuevo-certificado-de-profesionalidad-de-montaje-y-reparacion-de-sistemas-microinformaticos\/"},"author":{"name":"comunicacio","@id":"https:\/\/mont-roig.cat\/es\/#\/schema\/person\/1f73e7b5e6f9dd122e8a6f14f310ac5e"},"headline":"El Institut Antoni Ballester de Mont-roig ofrecer\u00e1 un nuevo certificado de profesionalidad de montaje y reparaci\u00f3n de sistemas microinform\u00e1ticos","datePublished":"2022-01-25T09:44:37+00:00","dateModified":"2022-01-25T09:47:40+00:00","mainEntityOfPage":{"@id":"https:\/\/mont-roig.cat\/es\/actualitat\/noticies\/el-instituto-antoni-ballester-de-mont-roig-ofrecera-un-nuevo-certificado-de-profesionalidad-de-montaje-y-reparacion-de-sistemas-microinformaticos\/"},"wordCount":314,"image":{"@id":"https:\/\/mont-roig.cat\/es\/actualitat\/noticies\/el-instituto-antoni-ballester-de-mont-roig-ofrecera-un-nuevo-certificado-de-profesionalidad-de-montaje-y-reparacion-de-sistemas-microinformaticos\/#primaryimage"},"thumbnailUrl":"https:\/\/mont-roig.cat\/wp-content\/uploads\/unnamed-1.png","articleSection":["Ayuntamiento","Educaci\u00f3n"],"inLanguage":"es"},{"@type":"WebPage","@id":"https:\/\/mont-roig.cat\/es\/actualitat\/noticies\/el-instituto-antoni-ballester-de-mont-roig-ofrecera-un-nuevo-certificado-de-profesionalidad-de-montaje-y-reparacion-de-sistemas-microinformaticos\/","url":"https:\/\/mont-roig.cat\/es\/actualitat\/noticies\/el-instituto-antoni-ballester-de-mont-roig-ofrecera-un-nuevo-certificado-de-profesionalidad-de-montaje-y-reparacion-de-sistemas-microinformaticos\/","name":"El Institut Antoni Ballester de Mont-roig ofrecer\u00e1 un nuevo certificado de profesionalidad de montaje y reparaci\u00f3n de sistemas microinform\u00e1ticos - Ajuntament de Mont-roig del Camp","isPartOf":{"@id":"https:\/\/mont-roig.cat\/es\/#website"},"primaryImageOfPage":{"@id":"https:\/\/mont-roig.cat\/es\/actualitat\/noticies\/el-instituto-antoni-ballester-de-mont-roig-ofrecera-un-nuevo-certificado-de-profesionalidad-de-montaje-y-reparacion-de-sistemas-microinformaticos\/#primaryimage"},"image":{"@id":"https:\/\/mont-roig.cat\/es\/actualitat\/noticies\/el-instituto-antoni-ballester-de-mont-roig-ofrecera-un-nuevo-certificado-de-profesionalidad-de-montaje-y-reparacion-de-sistemas-microinformaticos\/#primaryimage"},"thumbnailUrl":"https:\/\/mont-roig.cat\/wp-content\/uploads\/unnamed-1.png","datePublished":"2022-01-25T09:44:37+00:00","dateModified":"2022-01-25T09:47:40+00:00","author":{"@id":"https:\/\/mont-roig.cat\/es\/#\/schema\/person\/1f73e7b5e6f9dd122e8a6f14f310ac5e"},"breadcrumb":{"@id":"https:\/\/mont-roig.cat\/es\/actualitat\/noticies\/el-instituto-antoni-ballester-de-mont-roig-ofrecera-un-nuevo-certificado-de-profesionalidad-de-montaje-y-reparacion-de-sistemas-microinformaticos\/#breadcrumb"},"inLanguage":"es","potentialAction":[{"@type":"ReadAction","target":["https:\/\/mont-roig.cat\/es\/actualitat\/noticies\/el-instituto-antoni-ballester-de-mont-roig-ofrecera-un-nuevo-certificado-de-profesionalidad-de-montaje-y-reparacion-de-sistemas-microinformaticos\/"]}]},{"@type":"ImageObject","inLanguage":"es","@id":"https:\/\/mont-roig.cat\/es\/actualitat\/noticies\/el-instituto-antoni-ballester-de-mont-roig-ofrecera-un-nuevo-certificado-de-profesionalidad-de-montaje-y-reparacion-de-sistemas-microinformaticos\/#primaryimage","url":"https:\/\/mont-roig.cat\/wp-content\/uploads\/unnamed-1.png","contentUrl":"https:\/\/mont-roig.cat\/wp-content\/uploads\/unnamed-1.png","width":1428,"height":2000},{"@type":"BreadcrumbList","@id":"https:\/\/mont-roig.cat\/es\/actualitat\/noticies\/el-instituto-antoni-ballester-de-mont-roig-ofrecera-un-nuevo-certificado-de-profesionalidad-de-montaje-y-reparacion-de-sistemas-microinformaticos\/#breadcrumb","itemListElement":[{"@type":"ListItem","position":1,"name":"Inici","item":"https:\/\/mont-roig.cat\/es\/pagina-de-inicio\/"},{"@type":"ListItem","position":2,"name":"El Institut Antoni Ballester de Mont-roig ofrecer\u00e1 un nuevo certificado de profesionalidad de montaje y reparaci\u00f3n de sistemas microinform\u00e1ticos"}]},{"@type":"WebSite","@id":"https:\/\/mont-roig.cat\/es\/#website","url":"https:\/\/mont-roig.cat\/es\/","name":"Ajuntament de Mont-roig del Camp","description":"Tota la informaci\u00f3 sobre la instituci\u00f3, els seus \u00f2rgans de govern, actualitat, serveis i molt m\u00e9s.","potentialAction":[{"@type":"SearchAction","target":{"@type":"EntryPoint","urlTemplate":"https:\/\/mont-roig.cat\/es\/?s={search_term_string}"},"query-input":{"@type":"PropertyValueSpecification","valueRequired":true,"valueName":"search_term_string"}}],"inLanguage":"es"},{"@type":"Person","@id":"https:\/\/mont-roig.cat\/es\/#\/schema\/person\/1f73e7b5e6f9dd122e8a6f14f310ac5e","name":"comunicacio","image":{"@type":"ImageObject","inLanguage":"es","@id":"https:\/\/secure.gravatar.com\/avatar\/98944333e7a877670a64f8d10f0cb680ab2c9ebc4efc43945ef004b52b5ad28c?s=96&d=mm&r=g","url":"https:\/\/secure.gravatar.com\/avatar\/98944333e7a877670a64f8d10f0cb680ab2c9ebc4efc43945ef004b52b5ad28c?s=96&d=mm&r=g","contentUrl":"https:\/\/secure.gravatar.com\/avatar\/98944333e7a877670a64f8d10f0cb680ab2c9ebc4efc43945ef004b52b5ad28c?s=96&d=mm&r=g","caption":"comunicacio"},"url":"https:\/\/mont-roig.cat\/es\/actualitat\/noticies\/author\/comunicacio\/"}]}},"_links":{"self":[{"href":"https:\/\/mont-roig.cat\/es\/wp-json\/wp\/v2\/posts\/60162","targetHints":{"allow":["GET"]}}],"collection":[{"href":"https:\/\/mont-roig.cat\/es\/wp-json\/wp\/v2\/posts"}],"about":[{"href":"https:\/\/mont-roig.cat\/es\/wp-json\/wp\/v2\/types\/post"}],"author":[{"embeddable":true,"href":"https:\/\/mont-roig.cat\/es\/wp-json\/wp\/v2\/users\/13"}],"replies":[{"embeddable":true,"href":"https:\/\/mont-roig.cat\/es\/wp-json\/wp\/v2\/comments?post=60162"}],"version-history":[{"count":2,"href":"https:\/\/mont-roig.cat\/es\/wp-json\/wp\/v2\/posts\/60162\/revisions"}],"predecessor-version":[{"id":60164,"href":"https:\/\/mont-roig.cat\/es\/wp-json\/wp\/v2\/posts\/60162\/revisions\/60164"}],"wp:featuredmedia":[{"embeddable":true,"href":"https:\/\/mont-roig.cat\/es\/wp-json\/wp\/v2\/media\/60159"}],"wp:attachment":[{"href":"https:\/\/mont-roig.cat\/es\/wp-json\/wp\/v2\/media?parent=60162"}],"wp:term":[{"taxonomy":"category","embeddable":true,"href":"https:\/\/mont-roig.cat\/es\/wp-json\/wp\/v2\/categories?post=60162"},{"taxonomy":"post_tag","embeddable":true,"href":"https:\/\/mont-roig.cat\/es\/wp-json\/wp\/v2\/tags?post=60162"}],"curies":[{"name":"wp","href":"https:\/\/api.w.org\/{rel}","templated":true}]}}