{"id":60185,"date":"2022-01-26T10:59:32","date_gmt":"2022-01-26T09:59:32","guid":{"rendered":"https:\/\/mont-roig.cat\/actualitat\/noticies\/lajuntament-i-els-amics-de-la-gent-gran-fan-una-crida-per-trobar-persones-voluntaries-que-collaborin-en-lacompanyament-emocional-de-la-gent-gran-del-municipi\/"},"modified":"2022-01-26T11:13:24","modified_gmt":"2022-01-26T10:13:24","slug":"el-ayuntamiento-y-los-amigos-de-las-personas-mayores-hacen-un-llamamiento-para-encontrar-personas-voluntarias-que-colaboren-en-el-acompanamiento-emocional-de-las-personas-mayores-del-municipio","status":"publish","type":"post","link":"https:\/\/mont-roig.cat\/es\/actualitat\/noticies\/el-ayuntamiento-y-los-amigos-de-las-personas-mayores-hacen-un-llamamiento-para-encontrar-personas-voluntarias-que-colaboren-en-el-acompanamiento-emocional-de-las-personas-mayores-del-municipio\/","title":{"rendered":"El Ayuntamiento y los Amics de la Gent Gran hacen un llamamiento para encontrar personas voluntarias que colaboren en el acompa\u00f1amiento emocional de las personas mayores del municipio"},"content":{"rendered":"<ul>\n<li>\n<div id=\"attachment_60181\" style=\"width: 262px\" class=\"wp-caption alignright\"><a href=\"https:\/\/mont-roig.cat\/wp-content\/uploads\/Cartell_PV_Miami-Platja.jpg\"><img loading=\"lazy\" decoding=\"async\" aria-describedby=\"caption-attachment-60181\" class=\"wp-image-60181\" src=\"https:\/\/mont-roig.cat\/wp-content\/uploads\/Cartell_PV_Miami-Platja-354x500.jpg\" alt=\"\" width=\"252\" height=\"356\" srcset=\"https:\/\/mont-roig.cat\/wp-content\/uploads\/Cartell_PV_Miami-Platja-354x500.jpg 354w, https:\/\/mont-roig.cat\/wp-content\/uploads\/Cartell_PV_Miami-Platja-725x1024.jpg 725w, https:\/\/mont-roig.cat\/wp-content\/uploads\/Cartell_PV_Miami-Platja-768x1085.jpg 768w, https:\/\/mont-roig.cat\/wp-content\/uploads\/Cartell_PV_Miami-Platja-1087x1536.jpg 1087w, https:\/\/mont-roig.cat\/wp-content\/uploads\/Cartell_PV_Miami-Platja.jpg 1241w\" sizes=\"auto, (max-width: 252px) 100vw, 252px\" \/><\/a><p id=\"caption-attachment-60181\" class=\"wp-caption-text\">Cartel voluntariado Amics de la Gent Gran<\/p><\/div>\n<p><strong>La tarea que debe llevar a cabo la persona voluntaria es visitar un d\u00eda a la semana durante 2 horas a la persona mayor para hacerle compa\u00f1\u00eda y compartir sus vivencias<\/strong><\/li>\n<li><strong>La iniciativa se inicia, en una primera fase, en el n\u00facleo de Miami Platja, donde vive m\u00e1s del 75% de este colectivo y con m\u00e1s problem\u00e1ticas de soledad debido a las caracter\u00edsticas urban\u00edsticas de esta zona<\/strong><\/li>\n<\/ul>\n<p>El Ayuntamiento de Mont-roig del Camp ha firmado un convenio de colaboraci\u00f3n con la Fundaci\u00f3 Amics de la Gent Gran con el objetivo de contribuir a la mejora de la calidad de vida de las personas mayores del municipio, fomentar el envejecimiento en plenitud y, al mismo tiempo, mejorar las relaciones entre vecinos y vecinas. Para poder hacerlo posible, el Ayuntamiento y los Amics de las Gent Gran hacen un llamamiento a la b\u00fasqueda de personas voluntarias mayores de 18 a\u00f1os que quieran participar en el acompa\u00f1amiento emocional de la gente mayor que vive en soledad.<\/p>\n<p><strong>El trabajo del voluntariado<\/strong><\/p>\n<p>La tarea que debe llevar a cabo la persona voluntaria es visitar un d\u00eda a la semana, durante 2 horas, la persona mayor para hacerle compa\u00f1\u00eda. Es un espacio de encuentro pensado para escuchar a la persona mayor, charlar con ella, llevar a cabo experiencias significativas juntos (no tareas asistenciales como puede ser comprar, comer o la limpieza). Tambi\u00e9n se necesitan personas voluntarias que tengan ganas de llevar a cabo tareas m\u00e1s de gesti\u00f3n, como puede ser realizar llamadas a las personas mayores, para saber c\u00f3mo se encuentran y hacer un poco de seguimiento o poder organizar actividades etc.<\/p>\n<p><strong>Mejorar la calidad de vida<\/strong><\/p>\n<p>El Ayuntamiento de Mont-roig del Camp ha decidido impulsar este programa porque se trata de un municipio con un gran n\u00famero de personas mayores de 80 a\u00f1os a causa de la longevidad y el incremento de la esperanza de vida. Este hecho genera situaciones de viudedad, soledad en los domicilios, carencia de relaciones sociales, falta de participaci\u00f3n en la vida social&#8230; que acaba desembocando en un sentimiento de soledad no deseada y aislamiento social con las graves repercusiones que conlleva en cuanto a la salud f\u00edsica y mental de quien la padece. Al mismo tiempo, esta soledad comporta un deterioro acelerado de las propias facultades y una carencia de calidad de vida.<\/p>\n<p><strong>Primera fase en Miami Platja<\/strong><\/p>\n<p>El convenio de colaboraci\u00f3n se aplicar\u00e1 inicialmente en Miami Platja, con la voluntad de extenderlo posteriormente al resto del municipio. En Miami Platja vive el 75% de los mayores de 65 a\u00f1os del municipio y es en este n\u00facleo donde la sensaci\u00f3n de soledad entre las personas mayores es m\u00e1s evidente, dadas las caracter\u00edsticas urban\u00edsticas (distancias entre vecinos, segundas residencias, urbanizaciones, etc.)<\/p>\n<p><strong>Varios colectivos implicados<\/strong><\/p>\n<p>El proyecto cuenta con la participaci\u00f3n de varios colectivos, por un lado, la entidad Amics de la Gent Gran, que dispone de una larga experiencia profesional en la gesti\u00f3n de personas voluntarias para el acompa\u00f1amiento emocional en situaciones de soledad no deseada, pero tambi\u00e9n el \u00c1rea de Personas Mayores del Ayuntamiento, el CAP y Servicios Sociales para llevar a cabo una acci\u00f3n m\u00e1s efectiva y enfocada a aquellas personas que m\u00e1s se puedan beneficiar.<\/p>\n<p><strong>\u00bfC\u00f3mo contactar?<\/strong><\/p>\n<p>Para participar en el programa de voluntariado, es necesario ponerse en contacto con el tel\u00e9fono <strong>619438132<\/strong> o el email <strong>mcivit@amicsdelagentgran.org<\/strong><\/p>\n<p>M\u00e1s informaci\u00f3n: <a href=\"http:\/\/www.amicsdelagentgran.org\" target=\"_blank\" rel=\"noopener\">www.amicsdelagentgran.org<\/a><\/p>\n<p>&nbsp;<\/p>\n<p>&nbsp;<\/p>\n","protected":false},"excerpt":{"rendered":"<p>La tarea que debe llevar a cabo la persona voluntaria es visitar un d\u00eda a la semana durante 2 horas a la persona mayor para hacerle compa\u00f1\u00eda y compartir sus vivencias La iniciativa se inicia, en una primera fase, en el n\u00facleo de Miami Platja, donde vive m\u00e1s del 75% de este colectivo y con [&hellip;]<\/p>\n","protected":false},"author":13,"featured_media":60182,"comment_status":"closed","ping_status":"closed","sticky":false,"template":"","format":"standard","meta":{"inline_featured_image":false,"_monsterinsights_skip_tracking":false,"_monsterinsights_sitenote_active":false,"_monsterinsights_sitenote_note":"","_monsterinsights_sitenote_category":0,"footnotes":""},"categories":[98,206],"tags":[],"class_list":["post-60185","post","type-post","status-publish","format-standard","has-post-thumbnail","hentry","category-ayuntamiento","category-gent-gran-es"],"yoast_head":"<!-- This site is optimized with the Yoast SEO plugin v27.4 - https:\/\/yoast.com\/product\/yoast-seo-wordpress\/ -->\n<title>El Ayuntamiento y los Amics de la Gent Gran hacen un llamamiento para encontrar personas voluntarias que colaboren en el acompa\u00f1amiento emocional de las personas mayores del municipio - Ajuntament de Mont-roig del Camp<\/title>\n<meta name=\"robots\" content=\"index, follow, max-snippet:-1, max-image-preview:large, max-video-preview:-1\" \/>\n<link rel=\"canonical\" href=\"https:\/\/mont-roig.cat\/es\/actualitat\/noticies\/el-ayuntamiento-y-los-amigos-de-las-personas-mayores-hacen-un-llamamiento-para-encontrar-personas-voluntarias-que-colaboren-en-el-acompanamiento-emocional-de-las-personas-mayores-del-municipio\/\" \/>\n<meta property=\"og:locale\" content=\"es_ES\" \/>\n<meta property=\"og:type\" content=\"article\" \/>\n<meta property=\"og:title\" content=\"El Ayuntamiento y los Amics de la Gent Gran hacen un llamamiento para encontrar personas voluntarias que colaboren en el acompa\u00f1amiento emocional de las personas mayores del municipio - Ajuntament de Mont-roig del Camp\" \/>\n<meta property=\"og:description\" content=\"La tarea que debe llevar a cabo la persona voluntaria es visitar un d\u00eda a la semana durante 2 horas a la persona mayor para hacerle compa\u00f1\u00eda y compartir sus vivencias La iniciativa se inicia, en una primera fase, en el n\u00facleo de Miami Platja, donde vive m\u00e1s del 75% de este colectivo y con [&hellip;]\" \/>\n<meta property=\"og:url\" content=\"https:\/\/mont-roig.cat\/es\/actualitat\/noticies\/el-ayuntamiento-y-los-amigos-de-las-personas-mayores-hacen-un-llamamiento-para-encontrar-personas-voluntarias-que-colaboren-en-el-acompanamiento-emocional-de-las-personas-mayores-del-municipio\/\" \/>\n<meta property=\"og:site_name\" content=\"Ajuntament de Mont-roig del Camp\" \/>\n<meta property=\"article:published_time\" content=\"2022-01-26T09:59:32+00:00\" \/>\n<meta property=\"article:modified_time\" content=\"2022-01-26T10:13:24+00:00\" \/>\n<meta property=\"og:image\" content=\"https:\/\/mont-roig.cat\/wp-content\/uploads\/Cartell_PV_Miami-Platja.jpg\" \/>\n\t<meta property=\"og:image:width\" content=\"1241\" \/>\n\t<meta property=\"og:image:height\" content=\"1754\" \/>\n\t<meta property=\"og:image:type\" content=\"image\/jpeg\" \/>\n<meta name=\"author\" content=\"comunicacio\" \/>\n<meta name=\"twitter:card\" content=\"summary_large_image\" \/>\n<meta name=\"twitter:label1\" content=\"Escrito por\" \/>\n\t<meta name=\"twitter:data1\" content=\"comunicacio\" \/>\n\t<meta name=\"twitter:label2\" content=\"Tiempo de lectura\" \/>\n\t<meta name=\"twitter:data2\" content=\"4 minutos\" \/>\n<script type=\"application\/ld+json\" class=\"yoast-schema-graph\">{\"@context\":\"https:\\\/\\\/schema.org\",\"@graph\":[{\"@type\":\"Article\",\"@id\":\"https:\\\/\\\/mont-roig.cat\\\/es\\\/actualitat\\\/noticies\\\/el-ayuntamiento-y-los-amigos-de-las-personas-mayores-hacen-un-llamamiento-para-encontrar-personas-voluntarias-que-colaboren-en-el-acompanamiento-emocional-de-las-personas-mayores-del-municipio\\\/#article\",\"isPartOf\":{\"@id\":\"https:\\\/\\\/mont-roig.cat\\\/es\\\/actualitat\\\/noticies\\\/el-ayuntamiento-y-los-amigos-de-las-personas-mayores-hacen-un-llamamiento-para-encontrar-personas-voluntarias-que-colaboren-en-el-acompanamiento-emocional-de-las-personas-mayores-del-municipio\\\/\"},\"author\":{\"name\":\"comunicacio\",\"@id\":\"https:\\\/\\\/mont-roig.cat\\\/es\\\/#\\\/schema\\\/person\\\/1f73e7b5e6f9dd122e8a6f14f310ac5e\"},\"headline\":\"El Ayuntamiento y los Amics de la Gent Gran hacen un llamamiento para encontrar personas voluntarias que colaboren en el acompa\u00f1amiento emocional de las personas mayores del municipio\",\"datePublished\":\"2022-01-26T09:59:32+00:00\",\"dateModified\":\"2022-01-26T10:13:24+00:00\",\"mainEntityOfPage\":{\"@id\":\"https:\\\/\\\/mont-roig.cat\\\/es\\\/actualitat\\\/noticies\\\/el-ayuntamiento-y-los-amigos-de-las-personas-mayores-hacen-un-llamamiento-para-encontrar-personas-voluntarias-que-colaboren-en-el-acompanamiento-emocional-de-las-personas-mayores-del-municipio\\\/\"},\"wordCount\":633,\"image\":{\"@id\":\"https:\\\/\\\/mont-roig.cat\\\/es\\\/actualitat\\\/noticies\\\/el-ayuntamiento-y-los-amigos-de-las-personas-mayores-hacen-un-llamamiento-para-encontrar-personas-voluntarias-que-colaboren-en-el-acompanamiento-emocional-de-las-personas-mayores-del-municipio\\\/#primaryimage\"},\"thumbnailUrl\":\"https:\\\/\\\/mont-roig.cat\\\/wp-content\\\/uploads\\\/Cartell_PV_Miami-Platja.jpg\",\"articleSection\":[\"Ayuntamiento\",\"Gent gran\"],\"inLanguage\":\"es\"},{\"@type\":\"WebPage\",\"@id\":\"https:\\\/\\\/mont-roig.cat\\\/es\\\/actualitat\\\/noticies\\\/el-ayuntamiento-y-los-amigos-de-las-personas-mayores-hacen-un-llamamiento-para-encontrar-personas-voluntarias-que-colaboren-en-el-acompanamiento-emocional-de-las-personas-mayores-del-municipio\\\/\",\"url\":\"https:\\\/\\\/mont-roig.cat\\\/es\\\/actualitat\\\/noticies\\\/el-ayuntamiento-y-los-amigos-de-las-personas-mayores-hacen-un-llamamiento-para-encontrar-personas-voluntarias-que-colaboren-en-el-acompanamiento-emocional-de-las-personas-mayores-del-municipio\\\/\",\"name\":\"El Ayuntamiento y los Amics de la Gent Gran hacen un llamamiento para encontrar personas voluntarias que colaboren en el acompa\u00f1amiento emocional de las personas mayores del municipio - Ajuntament de Mont-roig del Camp\",\"isPartOf\":{\"@id\":\"https:\\\/\\\/mont-roig.cat\\\/es\\\/#website\"},\"primaryImageOfPage\":{\"@id\":\"https:\\\/\\\/mont-roig.cat\\\/es\\\/actualitat\\\/noticies\\\/el-ayuntamiento-y-los-amigos-de-las-personas-mayores-hacen-un-llamamiento-para-encontrar-personas-voluntarias-que-colaboren-en-el-acompanamiento-emocional-de-las-personas-mayores-del-municipio\\\/#primaryimage\"},\"image\":{\"@id\":\"https:\\\/\\\/mont-roig.cat\\\/es\\\/actualitat\\\/noticies\\\/el-ayuntamiento-y-los-amigos-de-las-personas-mayores-hacen-un-llamamiento-para-encontrar-personas-voluntarias-que-colaboren-en-el-acompanamiento-emocional-de-las-personas-mayores-del-municipio\\\/#primaryimage\"},\"thumbnailUrl\":\"https:\\\/\\\/mont-roig.cat\\\/wp-content\\\/uploads\\\/Cartell_PV_Miami-Platja.jpg\",\"datePublished\":\"2022-01-26T09:59:32+00:00\",\"dateModified\":\"2022-01-26T10:13:24+00:00\",\"author\":{\"@id\":\"https:\\\/\\\/mont-roig.cat\\\/es\\\/#\\\/schema\\\/person\\\/1f73e7b5e6f9dd122e8a6f14f310ac5e\"},\"breadcrumb\":{\"@id\":\"https:\\\/\\\/mont-roig.cat\\\/es\\\/actualitat\\\/noticies\\\/el-ayuntamiento-y-los-amigos-de-las-personas-mayores-hacen-un-llamamiento-para-encontrar-personas-voluntarias-que-colaboren-en-el-acompanamiento-emocional-de-las-personas-mayores-del-municipio\\\/#breadcrumb\"},\"inLanguage\":\"es\",\"potentialAction\":[{\"@type\":\"ReadAction\",\"target\":[\"https:\\\/\\\/mont-roig.cat\\\/es\\\/actualitat\\\/noticies\\\/el-ayuntamiento-y-los-amigos-de-las-personas-mayores-hacen-un-llamamiento-para-encontrar-personas-voluntarias-que-colaboren-en-el-acompanamiento-emocional-de-las-personas-mayores-del-municipio\\\/\"]}]},{\"@type\":\"ImageObject\",\"inLanguage\":\"es\",\"@id\":\"https:\\\/\\\/mont-roig.cat\\\/es\\\/actualitat\\\/noticies\\\/el-ayuntamiento-y-los-amigos-de-las-personas-mayores-hacen-un-llamamiento-para-encontrar-personas-voluntarias-que-colaboren-en-el-acompanamiento-emocional-de-las-personas-mayores-del-municipio\\\/#primaryimage\",\"url\":\"https:\\\/\\\/mont-roig.cat\\\/wp-content\\\/uploads\\\/Cartell_PV_Miami-Platja.jpg\",\"contentUrl\":\"https:\\\/\\\/mont-roig.cat\\\/wp-content\\\/uploads\\\/Cartell_PV_Miami-Platja.jpg\",\"width\":1241,\"height\":1754},{\"@type\":\"BreadcrumbList\",\"@id\":\"https:\\\/\\\/mont-roig.cat\\\/es\\\/actualitat\\\/noticies\\\/el-ayuntamiento-y-los-amigos-de-las-personas-mayores-hacen-un-llamamiento-para-encontrar-personas-voluntarias-que-colaboren-en-el-acompanamiento-emocional-de-las-personas-mayores-del-municipio\\\/#breadcrumb\",\"itemListElement\":[{\"@type\":\"ListItem\",\"position\":1,\"name\":\"Inici\",\"item\":\"https:\\\/\\\/mont-roig.cat\\\/es\\\/pagina-de-inicio\\\/\"},{\"@type\":\"ListItem\",\"position\":2,\"name\":\"El Ayuntamiento y los Amics de la Gent Gran hacen un llamamiento para encontrar personas voluntarias que colaboren en el acompa\u00f1amiento emocional de las personas mayores del municipio\"}]},{\"@type\":\"WebSite\",\"@id\":\"https:\\\/\\\/mont-roig.cat\\\/es\\\/#website\",\"url\":\"https:\\\/\\\/mont-roig.cat\\\/es\\\/\",\"name\":\"Ajuntament de Mont-roig del Camp\",\"description\":\"Tota la informaci\u00f3 sobre la instituci\u00f3, els seus \u00f2rgans de govern, actualitat, serveis i molt m\u00e9s.\",\"potentialAction\":[{\"@type\":\"SearchAction\",\"target\":{\"@type\":\"EntryPoint\",\"urlTemplate\":\"https:\\\/\\\/mont-roig.cat\\\/es\\\/?s={search_term_string}\"},\"query-input\":{\"@type\":\"PropertyValueSpecification\",\"valueRequired\":true,\"valueName\":\"search_term_string\"}}],\"inLanguage\":\"es\"},{\"@type\":\"Person\",\"@id\":\"https:\\\/\\\/mont-roig.cat\\\/es\\\/#\\\/schema\\\/person\\\/1f73e7b5e6f9dd122e8a6f14f310ac5e\",\"name\":\"comunicacio\",\"image\":{\"@type\":\"ImageObject\",\"inLanguage\":\"es\",\"@id\":\"https:\\\/\\\/secure.gravatar.com\\\/avatar\\\/98944333e7a877670a64f8d10f0cb680ab2c9ebc4efc43945ef004b52b5ad28c?s=96&d=mm&r=g\",\"url\":\"https:\\\/\\\/secure.gravatar.com\\\/avatar\\\/98944333e7a877670a64f8d10f0cb680ab2c9ebc4efc43945ef004b52b5ad28c?s=96&d=mm&r=g\",\"contentUrl\":\"https:\\\/\\\/secure.gravatar.com\\\/avatar\\\/98944333e7a877670a64f8d10f0cb680ab2c9ebc4efc43945ef004b52b5ad28c?s=96&d=mm&r=g\",\"caption\":\"comunicacio\"},\"url\":\"https:\\\/\\\/mont-roig.cat\\\/es\\\/actualitat\\\/noticies\\\/author\\\/comunicacio\\\/\"}]}<\/script>\n<!-- \/ Yoast SEO plugin. -->","yoast_head_json":{"title":"El Ayuntamiento y los Amics de la Gent Gran hacen un llamamiento para encontrar personas voluntarias que colaboren en el acompa\u00f1amiento emocional de las personas mayores del municipio - Ajuntament de Mont-roig del Camp","robots":{"index":"index","follow":"follow","max-snippet":"max-snippet:-1","max-image-preview":"max-image-preview:large","max-video-preview":"max-video-preview:-1"},"canonical":"https:\/\/mont-roig.cat\/es\/actualitat\/noticies\/el-ayuntamiento-y-los-amigos-de-las-personas-mayores-hacen-un-llamamiento-para-encontrar-personas-voluntarias-que-colaboren-en-el-acompanamiento-emocional-de-las-personas-mayores-del-municipio\/","og_locale":"es_ES","og_type":"article","og_title":"El Ayuntamiento y los Amics de la Gent Gran hacen un llamamiento para encontrar personas voluntarias que colaboren en el acompa\u00f1amiento emocional de las personas mayores del municipio - Ajuntament de Mont-roig del Camp","og_description":"La tarea que debe llevar a cabo la persona voluntaria es visitar un d\u00eda a la semana durante 2 horas a la persona mayor para hacerle compa\u00f1\u00eda y compartir sus vivencias La iniciativa se inicia, en una primera fase, en el n\u00facleo de Miami Platja, donde vive m\u00e1s del 75% de este colectivo y con [&hellip;]","og_url":"https:\/\/mont-roig.cat\/es\/actualitat\/noticies\/el-ayuntamiento-y-los-amigos-de-las-personas-mayores-hacen-un-llamamiento-para-encontrar-personas-voluntarias-que-colaboren-en-el-acompanamiento-emocional-de-las-personas-mayores-del-municipio\/","og_site_name":"Ajuntament de Mont-roig del Camp","article_published_time":"2022-01-26T09:59:32+00:00","article_modified_time":"2022-01-26T10:13:24+00:00","og_image":[{"width":1241,"height":1754,"url":"https:\/\/mont-roig.cat\/wp-content\/uploads\/Cartell_PV_Miami-Platja.jpg","type":"image\/jpeg"}],"author":"comunicacio","twitter_card":"summary_large_image","twitter_misc":{"Escrito por":"comunicacio","Tiempo de lectura":"4 minutos"},"schema":{"@context":"https:\/\/schema.org","@graph":[{"@type":"Article","@id":"https:\/\/mont-roig.cat\/es\/actualitat\/noticies\/el-ayuntamiento-y-los-amigos-de-las-personas-mayores-hacen-un-llamamiento-para-encontrar-personas-voluntarias-que-colaboren-en-el-acompanamiento-emocional-de-las-personas-mayores-del-municipio\/#article","isPartOf":{"@id":"https:\/\/mont-roig.cat\/es\/actualitat\/noticies\/el-ayuntamiento-y-los-amigos-de-las-personas-mayores-hacen-un-llamamiento-para-encontrar-personas-voluntarias-que-colaboren-en-el-acompanamiento-emocional-de-las-personas-mayores-del-municipio\/"},"author":{"name":"comunicacio","@id":"https:\/\/mont-roig.cat\/es\/#\/schema\/person\/1f73e7b5e6f9dd122e8a6f14f310ac5e"},"headline":"El Ayuntamiento y los Amics de la Gent Gran hacen un llamamiento para encontrar personas voluntarias que colaboren en el acompa\u00f1amiento emocional de las personas mayores del municipio","datePublished":"2022-01-26T09:59:32+00:00","dateModified":"2022-01-26T10:13:24+00:00","mainEntityOfPage":{"@id":"https:\/\/mont-roig.cat\/es\/actualitat\/noticies\/el-ayuntamiento-y-los-amigos-de-las-personas-mayores-hacen-un-llamamiento-para-encontrar-personas-voluntarias-que-colaboren-en-el-acompanamiento-emocional-de-las-personas-mayores-del-municipio\/"},"wordCount":633,"image":{"@id":"https:\/\/mont-roig.cat\/es\/actualitat\/noticies\/el-ayuntamiento-y-los-amigos-de-las-personas-mayores-hacen-un-llamamiento-para-encontrar-personas-voluntarias-que-colaboren-en-el-acompanamiento-emocional-de-las-personas-mayores-del-municipio\/#primaryimage"},"thumbnailUrl":"https:\/\/mont-roig.cat\/wp-content\/uploads\/Cartell_PV_Miami-Platja.jpg","articleSection":["Ayuntamiento","Gent gran"],"inLanguage":"es"},{"@type":"WebPage","@id":"https:\/\/mont-roig.cat\/es\/actualitat\/noticies\/el-ayuntamiento-y-los-amigos-de-las-personas-mayores-hacen-un-llamamiento-para-encontrar-personas-voluntarias-que-colaboren-en-el-acompanamiento-emocional-de-las-personas-mayores-del-municipio\/","url":"https:\/\/mont-roig.cat\/es\/actualitat\/noticies\/el-ayuntamiento-y-los-amigos-de-las-personas-mayores-hacen-un-llamamiento-para-encontrar-personas-voluntarias-que-colaboren-en-el-acompanamiento-emocional-de-las-personas-mayores-del-municipio\/","name":"El Ayuntamiento y los Amics de la Gent Gran hacen un llamamiento para encontrar personas voluntarias que colaboren en el acompa\u00f1amiento emocional de las personas mayores del municipio - Ajuntament de Mont-roig del Camp","isPartOf":{"@id":"https:\/\/mont-roig.cat\/es\/#website"},"primaryImageOfPage":{"@id":"https:\/\/mont-roig.cat\/es\/actualitat\/noticies\/el-ayuntamiento-y-los-amigos-de-las-personas-mayores-hacen-un-llamamiento-para-encontrar-personas-voluntarias-que-colaboren-en-el-acompanamiento-emocional-de-las-personas-mayores-del-municipio\/#primaryimage"},"image":{"@id":"https:\/\/mont-roig.cat\/es\/actualitat\/noticies\/el-ayuntamiento-y-los-amigos-de-las-personas-mayores-hacen-un-llamamiento-para-encontrar-personas-voluntarias-que-colaboren-en-el-acompanamiento-emocional-de-las-personas-mayores-del-municipio\/#primaryimage"},"thumbnailUrl":"https:\/\/mont-roig.cat\/wp-content\/uploads\/Cartell_PV_Miami-Platja.jpg","datePublished":"2022-01-26T09:59:32+00:00","dateModified":"2022-01-26T10:13:24+00:00","author":{"@id":"https:\/\/mont-roig.cat\/es\/#\/schema\/person\/1f73e7b5e6f9dd122e8a6f14f310ac5e"},"breadcrumb":{"@id":"https:\/\/mont-roig.cat\/es\/actualitat\/noticies\/el-ayuntamiento-y-los-amigos-de-las-personas-mayores-hacen-un-llamamiento-para-encontrar-personas-voluntarias-que-colaboren-en-el-acompanamiento-emocional-de-las-personas-mayores-del-municipio\/#breadcrumb"},"inLanguage":"es","potentialAction":[{"@type":"ReadAction","target":["https:\/\/mont-roig.cat\/es\/actualitat\/noticies\/el-ayuntamiento-y-los-amigos-de-las-personas-mayores-hacen-un-llamamiento-para-encontrar-personas-voluntarias-que-colaboren-en-el-acompanamiento-emocional-de-las-personas-mayores-del-municipio\/"]}]},{"@type":"ImageObject","inLanguage":"es","@id":"https:\/\/mont-roig.cat\/es\/actualitat\/noticies\/el-ayuntamiento-y-los-amigos-de-las-personas-mayores-hacen-un-llamamiento-para-encontrar-personas-voluntarias-que-colaboren-en-el-acompanamiento-emocional-de-las-personas-mayores-del-municipio\/#primaryimage","url":"https:\/\/mont-roig.cat\/wp-content\/uploads\/Cartell_PV_Miami-Platja.jpg","contentUrl":"https:\/\/mont-roig.cat\/wp-content\/uploads\/Cartell_PV_Miami-Platja.jpg","width":1241,"height":1754},{"@type":"BreadcrumbList","@id":"https:\/\/mont-roig.cat\/es\/actualitat\/noticies\/el-ayuntamiento-y-los-amigos-de-las-personas-mayores-hacen-un-llamamiento-para-encontrar-personas-voluntarias-que-colaboren-en-el-acompanamiento-emocional-de-las-personas-mayores-del-municipio\/#breadcrumb","itemListElement":[{"@type":"ListItem","position":1,"name":"Inici","item":"https:\/\/mont-roig.cat\/es\/pagina-de-inicio\/"},{"@type":"ListItem","position":2,"name":"El Ayuntamiento y los Amics de la Gent Gran hacen un llamamiento para encontrar personas voluntarias que colaboren en el acompa\u00f1amiento emocional de las personas mayores del municipio"}]},{"@type":"WebSite","@id":"https:\/\/mont-roig.cat\/es\/#website","url":"https:\/\/mont-roig.cat\/es\/","name":"Ajuntament de Mont-roig del Camp","description":"Tota la informaci\u00f3 sobre la instituci\u00f3, els seus \u00f2rgans de govern, actualitat, serveis i molt m\u00e9s.","potentialAction":[{"@type":"SearchAction","target":{"@type":"EntryPoint","urlTemplate":"https:\/\/mont-roig.cat\/es\/?s={search_term_string}"},"query-input":{"@type":"PropertyValueSpecification","valueRequired":true,"valueName":"search_term_string"}}],"inLanguage":"es"},{"@type":"Person","@id":"https:\/\/mont-roig.cat\/es\/#\/schema\/person\/1f73e7b5e6f9dd122e8a6f14f310ac5e","name":"comunicacio","image":{"@type":"ImageObject","inLanguage":"es","@id":"https:\/\/secure.gravatar.com\/avatar\/98944333e7a877670a64f8d10f0cb680ab2c9ebc4efc43945ef004b52b5ad28c?s=96&d=mm&r=g","url":"https:\/\/secure.gravatar.com\/avatar\/98944333e7a877670a64f8d10f0cb680ab2c9ebc4efc43945ef004b52b5ad28c?s=96&d=mm&r=g","contentUrl":"https:\/\/secure.gravatar.com\/avatar\/98944333e7a877670a64f8d10f0cb680ab2c9ebc4efc43945ef004b52b5ad28c?s=96&d=mm&r=g","caption":"comunicacio"},"url":"https:\/\/mont-roig.cat\/es\/actualitat\/noticies\/author\/comunicacio\/"}]}},"_links":{"self":[{"href":"https:\/\/mont-roig.cat\/es\/wp-json\/wp\/v2\/posts\/60185","targetHints":{"allow":["GET"]}}],"collection":[{"href":"https:\/\/mont-roig.cat\/es\/wp-json\/wp\/v2\/posts"}],"about":[{"href":"https:\/\/mont-roig.cat\/es\/wp-json\/wp\/v2\/types\/post"}],"author":[{"embeddable":true,"href":"https:\/\/mont-roig.cat\/es\/wp-json\/wp\/v2\/users\/13"}],"replies":[{"embeddable":true,"href":"https:\/\/mont-roig.cat\/es\/wp-json\/wp\/v2\/comments?post=60185"}],"version-history":[{"count":4,"href":"https:\/\/mont-roig.cat\/es\/wp-json\/wp\/v2\/posts\/60185\/revisions"}],"predecessor-version":[{"id":60186,"href":"https:\/\/mont-roig.cat\/es\/wp-json\/wp\/v2\/posts\/60185\/revisions\/60186"}],"wp:featuredmedia":[{"embeddable":true,"href":"https:\/\/mont-roig.cat\/es\/wp-json\/wp\/v2\/media\/60182"}],"wp:attachment":[{"href":"https:\/\/mont-roig.cat\/es\/wp-json\/wp\/v2\/media?parent=60185"}],"wp:term":[{"taxonomy":"category","embeddable":true,"href":"https:\/\/mont-roig.cat\/es\/wp-json\/wp\/v2\/categories?post=60185"},{"taxonomy":"post_tag","embeddable":true,"href":"https:\/\/mont-roig.cat\/es\/wp-json\/wp\/v2\/tags?post=60185"}],"curies":[{"name":"wp","href":"https:\/\/api.w.org\/{rel}","templated":true}]}}