{"id":60216,"date":"2022-01-27T15:32:21","date_gmt":"2022-01-27T14:32:21","guid":{"rendered":"https:\/\/mont-roig.cat\/?p=60216"},"modified":"2022-01-27T16:05:51","modified_gmt":"2022-01-27T15:05:51","slug":"las-obras-de-la-nueva-oficina-de-turismo-de-plaza-tarragona-comienzan-manana","status":"publish","type":"post","link":"https:\/\/mont-roig.cat\/es\/actualitat\/noticies\/las-obras-de-la-nueva-oficina-de-turismo-de-plaza-tarragona-comienzan-manana\/","title":{"rendered":"Las obras de la nueva oficina de Turismo de plaza Tarragona comienzan ma\u00f1ana"},"content":{"rendered":"<ul>\n<li><strong>Se pretende que esta construcci\u00f3n se convierta en un punto singular de visita y foto obligada y que est\u00e9 finalizada antes de Semana Santa<\/strong><\/li>\n<li><strong>El Ayuntamiento habilita temporalmente L&#8217;Espai como punto de atenci\u00f3n al visitante y recuerda el resto de canales ya existentes, como la oficina de la Esgl\u00e9sia Vella, el tel\u00e9fono, el correo electr\u00f3nico y el portal web<\/strong><\/li>\n<\/ul>\n<div id=\"attachment_60212\" style=\"width: 310px\" class=\"wp-caption alignright\"><a href=\"https:\/\/mont-roig.cat\/wp-content\/uploads\/Oficina-turisme.png\"><img loading=\"lazy\" decoding=\"async\" aria-describedby=\"caption-attachment-60212\" class=\"wp-image-60212\" src=\"https:\/\/mont-roig.cat\/wp-content\/uploads\/Oficina-turisme-500x321.png\" alt=\"\" width=\"300\" height=\"193\" srcset=\"https:\/\/mont-roig.cat\/wp-content\/uploads\/Oficina-turisme-500x321.png 500w, https:\/\/mont-roig.cat\/wp-content\/uploads\/Oficina-turisme.png 716w\" sizes=\"auto, (max-width: 300px) 100vw, 300px\" \/><\/a><p id=\"caption-attachment-60212\" class=\"wp-caption-text\">Detalle de c\u00f3mo ser\u00e1 la nueva oficina<\/p><\/div>\n<p>Miami Platja estrenar\u00e1 pr\u00f3ximamente una nueva oficina de Turismo y atenci\u00f3n al visitante en la Plaza de Tarragona. El Ayuntamiento de Mont-roig del Camp ha adjudicado las obras a <em>Sercodelta empresa constructora<\/em> por importe de 179.372,64 euros con IVA incluido. Un importe financiado en un 50% por una subvenci\u00f3n otorgada por el Ministerio de Industria, Energ\u00eda y Turismo.<\/p>\n<p>Este jueves se ha firmado con el acto de replanteo y el inicio de las obras, que empezar\u00e1n este mismo viernes. El objetivo es que est\u00e9 operativa la pr\u00f3xima Semana Santa, a finales de marzo, para el inicio de la pr\u00f3xima temporada tur\u00edstica.<\/p>\n<p>La nueva construcci\u00f3n, que sustituir\u00e1 al actual m\u00f3dulo existente, es un domo geod\u00e9sico prefabricado de 30 metros cuadrados y recubierto por placas de PVC el\u00e1stico. Estar\u00e1 situada a 50 cent\u00edmetros de altura sobre una base que tambi\u00e9n debe instalarse, a la que se llegar\u00e1 a trav\u00e9s de una rampa en forma de espiral, facilitando el acceso a todas las personas , incluidas las que tienen movilidad reducida. El dise\u00f1o del proyecto ofrece una continuaci\u00f3n del espacio ajardinado existente, generando as\u00ed una zona verde atractiva continuada y una lectura integrada con la nueva oficina de turismo, que se convertir\u00e1 en un punto de referencia por su sorprendente dise\u00f1o. En el interior del edificio se ha diferenciado una zona de atenci\u00f3n al visitante y una zona de almacenamiento peque\u00f1a y servicios para el personal de Turismo.<\/p>\n<p><strong>Nuevo punto temporal de atenci\u00f3n al visitante<\/strong><\/p>\n<div id=\"attachment_60210\" style=\"width: 310px\" class=\"wp-caption alignright\"><a href=\"https:\/\/mont-roig.cat\/wp-content\/uploads\/Domo-implantacio-scaled.jpg\"><img loading=\"lazy\" decoding=\"async\" aria-describedby=\"caption-attachment-60210\" class=\"wp-image-60210\" src=\"https:\/\/mont-roig.cat\/wp-content\/uploads\/Domo-implantacio-500x338.jpg\" alt=\"\" width=\"300\" height=\"203\" srcset=\"https:\/\/mont-roig.cat\/wp-content\/uploads\/Domo-implantacio-500x338.jpg 500w, https:\/\/mont-roig.cat\/wp-content\/uploads\/Domo-implantacio-1024x692.jpg 1024w, https:\/\/mont-roig.cat\/wp-content\/uploads\/Domo-implantacio-768x519.jpg 768w, https:\/\/mont-roig.cat\/wp-content\/uploads\/Domo-implantacio-1536x1038.jpg 1536w, https:\/\/mont-roig.cat\/wp-content\/uploads\/Domo-implantacio-scaled.jpg 2048w\" sizes=\"auto, (max-width: 300px) 100vw, 300px\" \/><\/a><p id=\"caption-attachment-60210\" class=\"wp-caption-text\">Ser\u00e1 un punto de atracci\u00f3n tur\u00edstica en la plaza de Tarragona<\/p><\/div>\n<p>A partir de este viernes se habilita un nuevo sitio para la atenci\u00f3n al visitante de forma temporal. As\u00ed en Miami Platja, se dar\u00e1 el servicio en L&#8217;Espai, Av de M\u00e1laga, 32 en horario de lunes a viernes de 9.00 a 14.00 h.<\/p>\n<p>Cabe recordar que los visitantes tambi\u00e9n tienen a su disposici\u00f3n la Oficina de Turismo de la Iglesia Vieja de Mont-roig, en la C. Major, 2 en horario de martes a domingo de 9.30 a 13.30 y de 17.00 a 19.00 h. El domingo tarde cerrado.<\/p>\n<p>Adem\u00e1s de los canales habituales de contacto como el tel\u00e9fono 977837337, el correo electr\u00f3nico turisme@mont-roig.cat y el portal web www.mont-roigmiami.cat, con toda la informaci\u00f3n tur\u00edstica del municipio.<\/p>\n","protected":false},"excerpt":{"rendered":"<p>Se pretende que esta construcci\u00f3n se convierta en un punto singular de visita y foto obligada y que est\u00e9 finalizada antes de Semana Santa El Ayuntamiento habilita temporalmente L&#8217;Espai como punto de atenci\u00f3n al visitante y recuerda el resto de canales ya existentes, como la oficina de la Esgl\u00e9sia Vella, el tel\u00e9fono, el correo electr\u00f3nico [&hellip;]<\/p>\n","protected":false},"author":4,"featured_media":60213,"comment_status":"closed","ping_status":"closed","sticky":false,"template":"","format":"standard","meta":{"inline_featured_image":false,"_monsterinsights_skip_tracking":false,"_monsterinsights_sitenote_active":false,"_monsterinsights_sitenote_note":"","_monsterinsights_sitenote_category":0,"footnotes":""},"categories":[115],"tags":[],"class_list":["post-60216","post","type-post","status-publish","format-standard","has-post-thumbnail","hentry","category-turismo"],"yoast_head":"<!-- This site is optimized with the Yoast SEO plugin v27.4 - https:\/\/yoast.com\/product\/yoast-seo-wordpress\/ -->\n<title>Las obras de la nueva oficina de Turismo de plaza Tarragona comienzan ma\u00f1ana - Ajuntament de Mont-roig del Camp<\/title>\n<meta name=\"robots\" content=\"index, follow, max-snippet:-1, max-image-preview:large, max-video-preview:-1\" \/>\n<link rel=\"canonical\" href=\"https:\/\/mont-roig.cat\/es\/actualitat\/noticies\/las-obras-de-la-nueva-oficina-de-turismo-de-plaza-tarragona-comienzan-manana\/\" \/>\n<meta property=\"og:locale\" content=\"es_ES\" \/>\n<meta property=\"og:type\" content=\"article\" \/>\n<meta property=\"og:title\" content=\"Las obras de la nueva oficina de Turismo de plaza Tarragona comienzan ma\u00f1ana - Ajuntament de Mont-roig del Camp\" \/>\n<meta property=\"og:description\" content=\"Se pretende que esta construcci\u00f3n se convierta en un punto singular de visita y foto obligada y que est\u00e9 finalizada antes de Semana Santa El Ayuntamiento habilita temporalmente L&#8217;Espai como punto de atenci\u00f3n al visitante y recuerda el resto de canales ya existentes, como la oficina de la Esgl\u00e9sia Vella, el tel\u00e9fono, el correo electr\u00f3nico [&hellip;]\" \/>\n<meta property=\"og:url\" content=\"https:\/\/mont-roig.cat\/es\/actualitat\/noticies\/las-obras-de-la-nueva-oficina-de-turismo-de-plaza-tarragona-comienzan-manana\/\" \/>\n<meta property=\"og:site_name\" content=\"Ajuntament de Mont-roig del Camp\" \/>\n<meta property=\"article:published_time\" content=\"2022-01-27T14:32:21+00:00\" \/>\n<meta property=\"article:modified_time\" content=\"2022-01-27T15:05:51+00:00\" \/>\n<meta property=\"og:image\" content=\"https:\/\/mont-roig.cat\/wp-content\/uploads\/Oficina-turisme.png\" \/>\n\t<meta property=\"og:image:width\" content=\"716\" \/>\n\t<meta property=\"og:image:height\" content=\"460\" \/>\n\t<meta property=\"og:image:type\" content=\"image\/png\" \/>\n<meta name=\"author\" content=\"administrador\" \/>\n<meta name=\"twitter:card\" content=\"summary_large_image\" \/>\n<meta name=\"twitter:label1\" content=\"Escrito por\" \/>\n\t<meta name=\"twitter:data1\" content=\"administrador\" \/>\n\t<meta name=\"twitter:label2\" content=\"Tiempo de lectura\" \/>\n\t<meta name=\"twitter:data2\" content=\"2 minutos\" \/>\n<script type=\"application\/ld+json\" class=\"yoast-schema-graph\">{\"@context\":\"https:\\\/\\\/schema.org\",\"@graph\":[{\"@type\":\"Article\",\"@id\":\"https:\\\/\\\/mont-roig.cat\\\/es\\\/actualitat\\\/noticies\\\/las-obras-de-la-nueva-oficina-de-turismo-de-plaza-tarragona-comienzan-manana\\\/#article\",\"isPartOf\":{\"@id\":\"https:\\\/\\\/mont-roig.cat\\\/es\\\/actualitat\\\/noticies\\\/las-obras-de-la-nueva-oficina-de-turismo-de-plaza-tarragona-comienzan-manana\\\/\"},\"author\":{\"name\":\"administrador\",\"@id\":\"https:\\\/\\\/mont-roig.cat\\\/es\\\/#\\\/schema\\\/person\\\/f2b111789f22b7d0c3bd6786c9128cba\"},\"headline\":\"Las obras de la nueva oficina de Turismo de plaza Tarragona comienzan ma\u00f1ana\",\"datePublished\":\"2022-01-27T14:32:21+00:00\",\"dateModified\":\"2022-01-27T15:05:51+00:00\",\"mainEntityOfPage\":{\"@id\":\"https:\\\/\\\/mont-roig.cat\\\/es\\\/actualitat\\\/noticies\\\/las-obras-de-la-nueva-oficina-de-turismo-de-plaza-tarragona-comienzan-manana\\\/\"},\"wordCount\":490,\"image\":{\"@id\":\"https:\\\/\\\/mont-roig.cat\\\/es\\\/actualitat\\\/noticies\\\/las-obras-de-la-nueva-oficina-de-turismo-de-plaza-tarragona-comienzan-manana\\\/#primaryimage\"},\"thumbnailUrl\":\"https:\\\/\\\/mont-roig.cat\\\/wp-content\\\/uploads\\\/Oficina-turisme.png\",\"articleSection\":[\"Turismo\"],\"inLanguage\":\"es\"},{\"@type\":\"WebPage\",\"@id\":\"https:\\\/\\\/mont-roig.cat\\\/es\\\/actualitat\\\/noticies\\\/las-obras-de-la-nueva-oficina-de-turismo-de-plaza-tarragona-comienzan-manana\\\/\",\"url\":\"https:\\\/\\\/mont-roig.cat\\\/es\\\/actualitat\\\/noticies\\\/las-obras-de-la-nueva-oficina-de-turismo-de-plaza-tarragona-comienzan-manana\\\/\",\"name\":\"Las obras de la nueva oficina de Turismo de plaza Tarragona comienzan ma\u00f1ana - Ajuntament de Mont-roig del Camp\",\"isPartOf\":{\"@id\":\"https:\\\/\\\/mont-roig.cat\\\/es\\\/#website\"},\"primaryImageOfPage\":{\"@id\":\"https:\\\/\\\/mont-roig.cat\\\/es\\\/actualitat\\\/noticies\\\/las-obras-de-la-nueva-oficina-de-turismo-de-plaza-tarragona-comienzan-manana\\\/#primaryimage\"},\"image\":{\"@id\":\"https:\\\/\\\/mont-roig.cat\\\/es\\\/actualitat\\\/noticies\\\/las-obras-de-la-nueva-oficina-de-turismo-de-plaza-tarragona-comienzan-manana\\\/#primaryimage\"},\"thumbnailUrl\":\"https:\\\/\\\/mont-roig.cat\\\/wp-content\\\/uploads\\\/Oficina-turisme.png\",\"datePublished\":\"2022-01-27T14:32:21+00:00\",\"dateModified\":\"2022-01-27T15:05:51+00:00\",\"author\":{\"@id\":\"https:\\\/\\\/mont-roig.cat\\\/es\\\/#\\\/schema\\\/person\\\/f2b111789f22b7d0c3bd6786c9128cba\"},\"breadcrumb\":{\"@id\":\"https:\\\/\\\/mont-roig.cat\\\/es\\\/actualitat\\\/noticies\\\/las-obras-de-la-nueva-oficina-de-turismo-de-plaza-tarragona-comienzan-manana\\\/#breadcrumb\"},\"inLanguage\":\"es\",\"potentialAction\":[{\"@type\":\"ReadAction\",\"target\":[\"https:\\\/\\\/mont-roig.cat\\\/es\\\/actualitat\\\/noticies\\\/las-obras-de-la-nueva-oficina-de-turismo-de-plaza-tarragona-comienzan-manana\\\/\"]}]},{\"@type\":\"ImageObject\",\"inLanguage\":\"es\",\"@id\":\"https:\\\/\\\/mont-roig.cat\\\/es\\\/actualitat\\\/noticies\\\/las-obras-de-la-nueva-oficina-de-turismo-de-plaza-tarragona-comienzan-manana\\\/#primaryimage\",\"url\":\"https:\\\/\\\/mont-roig.cat\\\/wp-content\\\/uploads\\\/Oficina-turisme.png\",\"contentUrl\":\"https:\\\/\\\/mont-roig.cat\\\/wp-content\\\/uploads\\\/Oficina-turisme.png\",\"width\":716,\"height\":460},{\"@type\":\"BreadcrumbList\",\"@id\":\"https:\\\/\\\/mont-roig.cat\\\/es\\\/actualitat\\\/noticies\\\/las-obras-de-la-nueva-oficina-de-turismo-de-plaza-tarragona-comienzan-manana\\\/#breadcrumb\",\"itemListElement\":[{\"@type\":\"ListItem\",\"position\":1,\"name\":\"Inici\",\"item\":\"https:\\\/\\\/mont-roig.cat\\\/es\\\/pagina-de-inicio\\\/\"},{\"@type\":\"ListItem\",\"position\":2,\"name\":\"Las obras de la nueva oficina de Turismo de plaza Tarragona comienzan ma\u00f1ana\"}]},{\"@type\":\"WebSite\",\"@id\":\"https:\\\/\\\/mont-roig.cat\\\/es\\\/#website\",\"url\":\"https:\\\/\\\/mont-roig.cat\\\/es\\\/\",\"name\":\"Ajuntament de Mont-roig del Camp\",\"description\":\"Tota la informaci\u00f3 sobre la instituci\u00f3, els seus \u00f2rgans de govern, actualitat, serveis i molt m\u00e9s.\",\"potentialAction\":[{\"@type\":\"SearchAction\",\"target\":{\"@type\":\"EntryPoint\",\"urlTemplate\":\"https:\\\/\\\/mont-roig.cat\\\/es\\\/?s={search_term_string}\"},\"query-input\":{\"@type\":\"PropertyValueSpecification\",\"valueRequired\":true,\"valueName\":\"search_term_string\"}}],\"inLanguage\":\"es\"},{\"@type\":\"Person\",\"@id\":\"https:\\\/\\\/mont-roig.cat\\\/es\\\/#\\\/schema\\\/person\\\/f2b111789f22b7d0c3bd6786c9128cba\",\"name\":\"administrador\",\"image\":{\"@type\":\"ImageObject\",\"inLanguage\":\"es\",\"@id\":\"https:\\\/\\\/secure.gravatar.com\\\/avatar\\\/9137aac6891e2595c9d3036fd83bcb653b4db3c946db4c7d9b9be193c3c944bb?s=96&d=mm&r=g\",\"url\":\"https:\\\/\\\/secure.gravatar.com\\\/avatar\\\/9137aac6891e2595c9d3036fd83bcb653b4db3c946db4c7d9b9be193c3c944bb?s=96&d=mm&r=g\",\"contentUrl\":\"https:\\\/\\\/secure.gravatar.com\\\/avatar\\\/9137aac6891e2595c9d3036fd83bcb653b4db3c946db4c7d9b9be193c3c944bb?s=96&d=mm&r=g\",\"caption\":\"administrador\"},\"url\":\"https:\\\/\\\/mont-roig.cat\\\/es\\\/actualitat\\\/noticies\\\/author\\\/administrador\\\/\"}]}<\/script>\n<!-- \/ Yoast SEO plugin. -->","yoast_head_json":{"title":"Las obras de la nueva oficina de Turismo de plaza Tarragona comienzan ma\u00f1ana - Ajuntament de Mont-roig del Camp","robots":{"index":"index","follow":"follow","max-snippet":"max-snippet:-1","max-image-preview":"max-image-preview:large","max-video-preview":"max-video-preview:-1"},"canonical":"https:\/\/mont-roig.cat\/es\/actualitat\/noticies\/las-obras-de-la-nueva-oficina-de-turismo-de-plaza-tarragona-comienzan-manana\/","og_locale":"es_ES","og_type":"article","og_title":"Las obras de la nueva oficina de Turismo de plaza Tarragona comienzan ma\u00f1ana - Ajuntament de Mont-roig del Camp","og_description":"Se pretende que esta construcci\u00f3n se convierta en un punto singular de visita y foto obligada y que est\u00e9 finalizada antes de Semana Santa El Ayuntamiento habilita temporalmente L&#8217;Espai como punto de atenci\u00f3n al visitante y recuerda el resto de canales ya existentes, como la oficina de la Esgl\u00e9sia Vella, el tel\u00e9fono, el correo electr\u00f3nico [&hellip;]","og_url":"https:\/\/mont-roig.cat\/es\/actualitat\/noticies\/las-obras-de-la-nueva-oficina-de-turismo-de-plaza-tarragona-comienzan-manana\/","og_site_name":"Ajuntament de Mont-roig del Camp","article_published_time":"2022-01-27T14:32:21+00:00","article_modified_time":"2022-01-27T15:05:51+00:00","og_image":[{"width":716,"height":460,"url":"https:\/\/mont-roig.cat\/wp-content\/uploads\/Oficina-turisme.png","type":"image\/png"}],"author":"administrador","twitter_card":"summary_large_image","twitter_misc":{"Escrito por":"administrador","Tiempo de lectura":"2 minutos"},"schema":{"@context":"https:\/\/schema.org","@graph":[{"@type":"Article","@id":"https:\/\/mont-roig.cat\/es\/actualitat\/noticies\/las-obras-de-la-nueva-oficina-de-turismo-de-plaza-tarragona-comienzan-manana\/#article","isPartOf":{"@id":"https:\/\/mont-roig.cat\/es\/actualitat\/noticies\/las-obras-de-la-nueva-oficina-de-turismo-de-plaza-tarragona-comienzan-manana\/"},"author":{"name":"administrador","@id":"https:\/\/mont-roig.cat\/es\/#\/schema\/person\/f2b111789f22b7d0c3bd6786c9128cba"},"headline":"Las obras de la nueva oficina de Turismo de plaza Tarragona comienzan ma\u00f1ana","datePublished":"2022-01-27T14:32:21+00:00","dateModified":"2022-01-27T15:05:51+00:00","mainEntityOfPage":{"@id":"https:\/\/mont-roig.cat\/es\/actualitat\/noticies\/las-obras-de-la-nueva-oficina-de-turismo-de-plaza-tarragona-comienzan-manana\/"},"wordCount":490,"image":{"@id":"https:\/\/mont-roig.cat\/es\/actualitat\/noticies\/las-obras-de-la-nueva-oficina-de-turismo-de-plaza-tarragona-comienzan-manana\/#primaryimage"},"thumbnailUrl":"https:\/\/mont-roig.cat\/wp-content\/uploads\/Oficina-turisme.png","articleSection":["Turismo"],"inLanguage":"es"},{"@type":"WebPage","@id":"https:\/\/mont-roig.cat\/es\/actualitat\/noticies\/las-obras-de-la-nueva-oficina-de-turismo-de-plaza-tarragona-comienzan-manana\/","url":"https:\/\/mont-roig.cat\/es\/actualitat\/noticies\/las-obras-de-la-nueva-oficina-de-turismo-de-plaza-tarragona-comienzan-manana\/","name":"Las obras de la nueva oficina de Turismo de plaza Tarragona comienzan ma\u00f1ana - Ajuntament de Mont-roig del Camp","isPartOf":{"@id":"https:\/\/mont-roig.cat\/es\/#website"},"primaryImageOfPage":{"@id":"https:\/\/mont-roig.cat\/es\/actualitat\/noticies\/las-obras-de-la-nueva-oficina-de-turismo-de-plaza-tarragona-comienzan-manana\/#primaryimage"},"image":{"@id":"https:\/\/mont-roig.cat\/es\/actualitat\/noticies\/las-obras-de-la-nueva-oficina-de-turismo-de-plaza-tarragona-comienzan-manana\/#primaryimage"},"thumbnailUrl":"https:\/\/mont-roig.cat\/wp-content\/uploads\/Oficina-turisme.png","datePublished":"2022-01-27T14:32:21+00:00","dateModified":"2022-01-27T15:05:51+00:00","author":{"@id":"https:\/\/mont-roig.cat\/es\/#\/schema\/person\/f2b111789f22b7d0c3bd6786c9128cba"},"breadcrumb":{"@id":"https:\/\/mont-roig.cat\/es\/actualitat\/noticies\/las-obras-de-la-nueva-oficina-de-turismo-de-plaza-tarragona-comienzan-manana\/#breadcrumb"},"inLanguage":"es","potentialAction":[{"@type":"ReadAction","target":["https:\/\/mont-roig.cat\/es\/actualitat\/noticies\/las-obras-de-la-nueva-oficina-de-turismo-de-plaza-tarragona-comienzan-manana\/"]}]},{"@type":"ImageObject","inLanguage":"es","@id":"https:\/\/mont-roig.cat\/es\/actualitat\/noticies\/las-obras-de-la-nueva-oficina-de-turismo-de-plaza-tarragona-comienzan-manana\/#primaryimage","url":"https:\/\/mont-roig.cat\/wp-content\/uploads\/Oficina-turisme.png","contentUrl":"https:\/\/mont-roig.cat\/wp-content\/uploads\/Oficina-turisme.png","width":716,"height":460},{"@type":"BreadcrumbList","@id":"https:\/\/mont-roig.cat\/es\/actualitat\/noticies\/las-obras-de-la-nueva-oficina-de-turismo-de-plaza-tarragona-comienzan-manana\/#breadcrumb","itemListElement":[{"@type":"ListItem","position":1,"name":"Inici","item":"https:\/\/mont-roig.cat\/es\/pagina-de-inicio\/"},{"@type":"ListItem","position":2,"name":"Las obras de la nueva oficina de Turismo de plaza Tarragona comienzan ma\u00f1ana"}]},{"@type":"WebSite","@id":"https:\/\/mont-roig.cat\/es\/#website","url":"https:\/\/mont-roig.cat\/es\/","name":"Ajuntament de Mont-roig del Camp","description":"Tota la informaci\u00f3 sobre la instituci\u00f3, els seus \u00f2rgans de govern, actualitat, serveis i molt m\u00e9s.","potentialAction":[{"@type":"SearchAction","target":{"@type":"EntryPoint","urlTemplate":"https:\/\/mont-roig.cat\/es\/?s={search_term_string}"},"query-input":{"@type":"PropertyValueSpecification","valueRequired":true,"valueName":"search_term_string"}}],"inLanguage":"es"},{"@type":"Person","@id":"https:\/\/mont-roig.cat\/es\/#\/schema\/person\/f2b111789f22b7d0c3bd6786c9128cba","name":"administrador","image":{"@type":"ImageObject","inLanguage":"es","@id":"https:\/\/secure.gravatar.com\/avatar\/9137aac6891e2595c9d3036fd83bcb653b4db3c946db4c7d9b9be193c3c944bb?s=96&d=mm&r=g","url":"https:\/\/secure.gravatar.com\/avatar\/9137aac6891e2595c9d3036fd83bcb653b4db3c946db4c7d9b9be193c3c944bb?s=96&d=mm&r=g","contentUrl":"https:\/\/secure.gravatar.com\/avatar\/9137aac6891e2595c9d3036fd83bcb653b4db3c946db4c7d9b9be193c3c944bb?s=96&d=mm&r=g","caption":"administrador"},"url":"https:\/\/mont-roig.cat\/es\/actualitat\/noticies\/author\/administrador\/"}]}},"_links":{"self":[{"href":"https:\/\/mont-roig.cat\/es\/wp-json\/wp\/v2\/posts\/60216","targetHints":{"allow":["GET"]}}],"collection":[{"href":"https:\/\/mont-roig.cat\/es\/wp-json\/wp\/v2\/posts"}],"about":[{"href":"https:\/\/mont-roig.cat\/es\/wp-json\/wp\/v2\/types\/post"}],"author":[{"embeddable":true,"href":"https:\/\/mont-roig.cat\/es\/wp-json\/wp\/v2\/users\/4"}],"replies":[{"embeddable":true,"href":"https:\/\/mont-roig.cat\/es\/wp-json\/wp\/v2\/comments?post=60216"}],"version-history":[{"count":4,"href":"https:\/\/mont-roig.cat\/es\/wp-json\/wp\/v2\/posts\/60216\/revisions"}],"predecessor-version":[{"id":60221,"href":"https:\/\/mont-roig.cat\/es\/wp-json\/wp\/v2\/posts\/60216\/revisions\/60221"}],"wp:featuredmedia":[{"embeddable":true,"href":"https:\/\/mont-roig.cat\/es\/wp-json\/wp\/v2\/media\/60213"}],"wp:attachment":[{"href":"https:\/\/mont-roig.cat\/es\/wp-json\/wp\/v2\/media?parent=60216"}],"wp:term":[{"taxonomy":"category","embeddable":true,"href":"https:\/\/mont-roig.cat\/es\/wp-json\/wp\/v2\/categories?post=60216"},{"taxonomy":"post_tag","embeddable":true,"href":"https:\/\/mont-roig.cat\/es\/wp-json\/wp\/v2\/tags?post=60216"}],"curies":[{"name":"wp","href":"https:\/\/api.w.org\/{rel}","templated":true}]}}