{"id":60503,"date":"2022-02-08T09:42:40","date_gmt":"2022-02-08T08:42:40","guid":{"rendered":"https:\/\/mont-roig.cat\/actualitat\/noticies\/sintensifiquen-els-tractaments-durgencia-contra-la-processionaria-del-pi-en-diverses-zones-del-municipi\/"},"modified":"2022-02-08T09:50:12","modified_gmt":"2022-02-08T08:50:12","slug":"se-intensifican-los-tratamientos-de-urgencia-contra-la-procesionaria-del-pino-en-diversas-zonas-del-municipio","status":"publish","type":"post","link":"https:\/\/mont-roig.cat\/es\/actualitat\/noticies\/se-intensifican-los-tratamientos-de-urgencia-contra-la-procesionaria-del-pino-en-diversas-zonas-del-municipio\/","title":{"rendered":"Se intensifican los tratamientos de urgencia contra la procesionaria del pino en diversas zonas del municipio"},"content":{"rendered":"<ul>\n<li>\n<div id=\"attachment_60499\" style=\"width: 286px\" class=\"wp-caption alignright\"><a href=\"https:\/\/mont-roig.cat\/wp-content\/uploads\/processionaria8.jpeg\"><img loading=\"lazy\" decoding=\"async\" aria-describedby=\"caption-attachment-60499\" class=\"wp-image-60499\" src=\"https:\/\/mont-roig.cat\/wp-content\/uploads\/processionaria8-375x500.jpeg\" alt=\"\" width=\"276\" height=\"368\" srcset=\"https:\/\/mont-roig.cat\/wp-content\/uploads\/processionaria8-375x500.jpeg 375w, https:\/\/mont-roig.cat\/wp-content\/uploads\/processionaria8.jpeg 768w\" sizes=\"auto, (max-width: 276px) 100vw, 276px\" \/><\/a><p id=\"caption-attachment-60499\" class=\"wp-caption-text\">Uno de los t\u00e9cnicos que trabajan para eliminar los nidos de procesionaria.<\/p><\/div>\n<p><em><strong>El Ayuntamiento de Mont-roig del Camp trabaja para retirar manualmente varios nidos que han sobrevenido al tratamiento previo que se hab\u00eda llevado a cabo.<\/strong><\/em><\/li>\n<\/ul>\n<p>Como cada a\u00f1o, nos encuentran en la \u00e9poca de la salida de las orugas de procesionaria del pino de sus bolsas, que est\u00e1n extendidas por diversas partes del municipio. La proliferaci\u00f3n de la procesionaria se ha visto acentuada en los \u00faltimos a\u00f1os por el incremento de la temperatura en oto\u00f1o e invierno como consecuencia del cambio clim\u00e1tico, lo que hace cada vez m\u00e1s complicada su erradicaci\u00f3n. A pesar del esfuerzo que se ha realizado de nuevo en los \u00faltimos meses por parte del Ayuntamiento de Mont-roig del Camp y la empresa contratada para controlar la plaga con diversos tratamientos \u00a0respetuosos con el medio ambiente, \u00a0en algunos lugares estos tratamientos contratados no han tenido la eficiencia esperada.<\/p>\n<p>\u00c9ste es el caso de la zona verde situada en las calles Per\u00fa y Nicaragua de la urbanizaci\u00f3n Costa Z\u00e8fir, zonas cercanas a la escuela Marcel\u00b7l\u00ed Esquius y alguna otra zona p\u00fablica municipal. Por este motivo, en todos estos lugares antes mencionados, se han realizado dos tratamientos de urgencia, uno de endoterapia, que consiste en la inyecci\u00f3n en el \u00e1rbol un producto que evita el establecimiento de las bolsas de la procesionaria, y otro a\u00e9reo, aunque este tratamiento no ha tenido la eficacia demostrada en otras zonas.<\/p>\n<p>El Ayuntamiento de Mont-roig del Camp es plenamente consciente del peligro que estas orugas pudiendo tener por las personas y por las mascotas si entran en contacto con ellas. Por eso, en ocho zonas del municipio y antes de que empiecen a salir de las bolsas, en los \u00faltimos d\u00edas se ha empezado la retirada de nidos precisamente porque se ha detectado que no ha tenido la eficacia deseada el tratamiento previo.<\/p>\n<p>Estas zonas est\u00e1n en la calle Rep\u00fablica Argentina,12; la calle Valls 6 y 17; paseo Mediterr\u00e1neo; paseo Mar\u00edtimo la zona cercana a la antigua v\u00eda del tren, la bajada a algunas calas y la plaza de las Provincias.<\/p>\n\n\t\t<!-- MasterSlider -->\n\t\t<div id=\"P_MS69f3e6f3407d0\" class=\"master-slider-parent master-slider-gallery   ms-parent-id-0\"  >\n\n\t\t\t\n\t\t\t<!-- MasterSlider Main -->\n\t\t\t<div id=\"MS69f3e6f3407d0\" class=\"master-slider ms-skin-default\" >\n\t\t\t\t \t\t\t\t \n\t\t\t<div  class=\"ms-slide\" data-delay=\"3\"    >\n\t\t\t\t\t<img decoding=\"async\" src=\"https:\/\/mont-roig.cat\/wp-content\/plugins\/masterslider\/public\/assets\/css\/blank.gif\" alt=\"processionaria8\" title=\"processionaria8\" data-src=\"https:\/\/mont-roig.cat\/wp-content\/uploadsArray\" \/>\n\t<a href=\"http:\/\/Array\" target=\"_self\"    >processionaria8<\/a>\n\n\t\t\t\t\t<div class=\"ms-info\">processionaria8<\/div>\n\n\n\t<img decoding=\"async\" class=\"ms-thumb\" src=\"https:\/\/mont-roig.cat\/wp-content\/uploadsArray\" alt=\"processionaria8\" \/>\n\t\t\t\t<\/div>\n\t\t\t<div  class=\"ms-slide\" data-delay=\"3\"    >\n\t\t\t\t\t<img decoding=\"async\" src=\"https:\/\/mont-roig.cat\/wp-content\/plugins\/masterslider\/public\/assets\/css\/blank.gif\" alt=\"processionaria7\" title=\"processionaria7\" data-src=\"https:\/\/mont-roig.cat\/wp-content\/uploadsArray\" \/>\n\t<a href=\"http:\/\/Array\" target=\"_self\"    >processionaria7<\/a>\n\n\t\t\t\t\t<div class=\"ms-info\">processionaria7<\/div>\n\n\n\t<img decoding=\"async\" class=\"ms-thumb\" src=\"https:\/\/mont-roig.cat\/wp-content\/uploadsArray\" alt=\"processionaria7\" \/>\n\t\t\t\t<\/div>\n\t\t\t<div  class=\"ms-slide\" data-delay=\"3\"    >\n\t\t\t\t\t<img decoding=\"async\" src=\"https:\/\/mont-roig.cat\/wp-content\/plugins\/masterslider\/public\/assets\/css\/blank.gif\" alt=\"processionaria6\" title=\"processionaria6\" data-src=\"https:\/\/mont-roig.cat\/wp-content\/uploadsArray\" \/>\n\t<a href=\"http:\/\/Array\" target=\"_self\"    >processionaria6<\/a>\n\n\t\t\t\t\t<div class=\"ms-info\">processionaria6<\/div>\n\n\n\t<img decoding=\"async\" class=\"ms-thumb\" src=\"https:\/\/mont-roig.cat\/wp-content\/uploadsArray\" alt=\"processionaria6\" \/>\n\t\t\t\t<\/div>\n\t\t\t<div  class=\"ms-slide\" data-delay=\"3\"    >\n\t\t\t\t\t<img decoding=\"async\" src=\"https:\/\/mont-roig.cat\/wp-content\/plugins\/masterslider\/public\/assets\/css\/blank.gif\" alt=\"processionaria5\" title=\"processionaria5\" data-src=\"https:\/\/mont-roig.cat\/wp-content\/uploadsArray\" \/>\n\t<a href=\"http:\/\/Array\" target=\"_self\"    >processionaria5<\/a>\n\n\t\t\t\t\t<div class=\"ms-info\">processionaria5<\/div>\n\n\n\t<img decoding=\"async\" class=\"ms-thumb\" src=\"https:\/\/mont-roig.cat\/wp-content\/uploadsArray\" alt=\"processionaria5\" \/>\n\t\t\t\t<\/div>\n\t\t\t<div  class=\"ms-slide\" data-delay=\"3\"    >\n\t\t\t\t\t<img decoding=\"async\" src=\"https:\/\/mont-roig.cat\/wp-content\/plugins\/masterslider\/public\/assets\/css\/blank.gif\" alt=\"processionaria4\" title=\"processionaria4\" data-src=\"https:\/\/mont-roig.cat\/wp-content\/uploadsArray\" \/>\n\t<a href=\"http:\/\/Array\" target=\"_self\"    >processionaria4<\/a>\n\n\t\t\t\t\t<div class=\"ms-info\">processionaria4<\/div>\n\n\n\t<img decoding=\"async\" class=\"ms-thumb\" src=\"https:\/\/mont-roig.cat\/wp-content\/uploadsArray\" alt=\"processionaria4\" \/>\n\t\t\t\t<\/div>\n\t\t\t<div  class=\"ms-slide\" data-delay=\"3\"    >\n\t\t\t\t\t<img decoding=\"async\" src=\"https:\/\/mont-roig.cat\/wp-content\/plugins\/masterslider\/public\/assets\/css\/blank.gif\" alt=\"processionaria3\" title=\"processionaria3\" data-src=\"https:\/\/mont-roig.cat\/wp-content\/uploadsArray\" \/>\n\t<a href=\"http:\/\/Array\" target=\"_self\"    >processionaria3<\/a>\n\n\t\t\t\t\t<div class=\"ms-info\">processionaria3<\/div>\n\n\n\t<img decoding=\"async\" class=\"ms-thumb\" src=\"https:\/\/mont-roig.cat\/wp-content\/uploadsArray\" alt=\"processionaria3\" \/>\n\t\t\t\t<\/div>\n\t\t\t<div  class=\"ms-slide\" data-delay=\"3\"    >\n\t\t\t\t\t<img decoding=\"async\" src=\"https:\/\/mont-roig.cat\/wp-content\/plugins\/masterslider\/public\/assets\/css\/blank.gif\" alt=\"processionaria2\" title=\"processionaria2\" data-src=\"https:\/\/mont-roig.cat\/wp-content\/uploadsArray\" \/>\n\t<a href=\"http:\/\/Array\" target=\"_self\"    >processionaria2<\/a>\n\n\t\t\t\t\t<div class=\"ms-info\">processionaria2<\/div>\n\n\n\t<img decoding=\"async\" class=\"ms-thumb\" src=\"https:\/\/mont-roig.cat\/wp-content\/uploadsArray\" alt=\"processionaria2\" \/>\n\t\t\t\t<\/div>\n\t\t\t<div  class=\"ms-slide\" data-delay=\"3\"    >\n\t\t\t\t\t<img decoding=\"async\" src=\"https:\/\/mont-roig.cat\/wp-content\/plugins\/masterslider\/public\/assets\/css\/blank.gif\" alt=\"Processionaria\" title=\"Processionaria\" data-src=\"https:\/\/mont-roig.cat\/wp-content\/uploadsArray\" \/>\n\t<a href=\"http:\/\/Array\" target=\"_self\"    >Processionaria<\/a>\n\n\t\t\t\t\t<div class=\"ms-info\">Processionaria<\/div>\n\n\n\t<img decoding=\"async\" class=\"ms-thumb\" src=\"https:\/\/mont-roig.cat\/wp-content\/uploadsArray\" alt=\"Processionaria\" \/>\n\t\t\t\t<\/div>\n\n\t\t\t<\/div>\n\t\t\t<!-- END MasterSlider Main -->\n\n\t\t\t \n\t\t<\/div>\n\t\t<!-- END MasterSlider -->\n\n\t\t<script>\n\t\t( window.MSReady = window.MSReady || [] ).push( function( $ ) {\n\n\t\t\t\"use strict\";\n\t\t\tvar masterslider_07d0 = new MasterSlider();\n\n\t\t\t\/\/ slider controls\n\t\t\tmasterslider_07d0.control('arrows'     ,{ autohide:true, overVideo:true  });\n\t\t\tmasterslider_07d0.control('thumblist'  ,{ autohide:false, overVideo:true, dir:'h', speed:17, inset:false, arrows:false, hover:false, customClass:'', align:'bottom',type:'thumbs', margin:2, width:140, height:80, space:2, fillMode:'fill'  });\n\t\t\tmasterslider_07d0.control('slideinfo'  ,{ autohide:true, overVideo:true, dir:'h', align:'bottom',inset:true , margin:80  , size:30 });\n\t\t\t\/\/ slider setup\n\t\t\tmasterslider_07d0.setup(\"MS69f3e6f3407d0\", {\n\t\t\t\twidth           : 960,\n\t\t\t\theight          : 540,\n\t\t\t\tminHeight       : 0,\n\t\t\t\tspace           : 0,\n\t\t\t\tstart           : 1,\n\t\t\t\tgrabCursor      : true,\n\t\t\t\tswipe           : true,\n\t\t\t\tmouse           : true,\n\t\t\t\tkeyboard        : false,\n\t\t\t\tlayout          : \"fillwidth\",\n\t\t\t\twheel           : false,\n\t\t\t\tautoplay        : false,\n                instantStartLayers:false,\n\t\t\t\tmobileBGVideo:false,\n\t\t\t\tloop            : false,\n\t\t\t\tshuffle         : false,\n\t\t\t\tpreload         : 3,\n\t\t\t\theightLimit     : false,\n\t\t\t\tautoHeight      : false,\n\t\t\t\tsmoothHeight    : true,\n\t\t\t\tendPause        : false,\n\t\t\t\toverPause       : false,\n\t\t\t\tfillMode        : \"fill\",\n\t\t\t\tcenterControls  : true,\n\t\t\t\tstartOnAppear   : false,\n\t\t\t\tlayersMode      : \"center\",\n\t\t\t\tautofillTarget  : \"\",\n\t\t\t\thideLayers      : false,\n\t\t\t\tfullscreenMargin: 0,\n\t\t\t\tspeed           : 17,\n\t\t\t\tdir             : \"h\",\n\t\t\t\tparallaxMode    : 'swipe',\n\t\t\t\tview            : \"basic\"\n\t\t\t});\n\n\t\t\t\n\t\t\twindow.masterslider_instances = window.masterslider_instances || [];\n\t\t\twindow.masterslider_instances.push( masterslider_07d0 );\n\t\t});\n\t\t<\/script>\n\n\n","protected":false},"excerpt":{"rendered":"<p>El Ayuntamiento de Mont-roig del Camp trabaja para retirar manualmente varios nidos que han sobrevenido al tratamiento previo que se hab\u00eda llevado a cabo. Como cada a\u00f1o, nos encuentran en la \u00e9poca de la salida de las orugas de procesionaria del pino de sus bolsas, que est\u00e1n extendidas por diversas partes del municipio. La proliferaci\u00f3n [&hellip;]<\/p>\n","protected":false},"author":13,"featured_media":60500,"comment_status":"closed","ping_status":"closed","sticky":false,"template":"","format":"standard","meta":{"inline_featured_image":false,"_monsterinsights_skip_tracking":false,"_monsterinsights_sitenote_active":false,"_monsterinsights_sitenote_note":"","_monsterinsights_sitenote_category":0,"footnotes":""},"categories":[98,112],"tags":[],"class_list":["post-60503","post","type-post","status-publish","format-standard","has-post-thumbnail","hentry","category-ayuntamiento","category-sanidad-y-salud-publica"],"yoast_head":"<!-- This site is optimized with the Yoast SEO plugin v27.4 - https:\/\/yoast.com\/product\/yoast-seo-wordpress\/ -->\n<title>Se intensifican los tratamientos de urgencia contra la procesionaria del pino en diversas zonas del municipio - Ajuntament de Mont-roig del Camp<\/title>\n<meta name=\"robots\" content=\"index, follow, max-snippet:-1, max-image-preview:large, max-video-preview:-1\" \/>\n<link rel=\"canonical\" href=\"https:\/\/mont-roig.cat\/es\/actualitat\/noticies\/se-intensifican-los-tratamientos-de-urgencia-contra-la-procesionaria-del-pino-en-diversas-zonas-del-municipio\/\" \/>\n<meta property=\"og:locale\" content=\"es_ES\" \/>\n<meta property=\"og:type\" content=\"article\" \/>\n<meta property=\"og:title\" content=\"Se intensifican los tratamientos de urgencia contra la procesionaria del pino en diversas zonas del municipio - Ajuntament de Mont-roig del Camp\" \/>\n<meta property=\"og:description\" content=\"El Ayuntamiento de Mont-roig del Camp trabaja para retirar manualmente varios nidos que han sobrevenido al tratamiento previo que se hab\u00eda llevado a cabo. Como cada a\u00f1o, nos encuentran en la \u00e9poca de la salida de las orugas de procesionaria del pino de sus bolsas, que est\u00e1n extendidas por diversas partes del municipio. La proliferaci\u00f3n [&hellip;]\" \/>\n<meta property=\"og:url\" content=\"https:\/\/mont-roig.cat\/es\/actualitat\/noticies\/se-intensifican-los-tratamientos-de-urgencia-contra-la-procesionaria-del-pino-en-diversas-zonas-del-municipio\/\" \/>\n<meta property=\"og:site_name\" content=\"Ajuntament de Mont-roig del Camp\" \/>\n<meta property=\"article:published_time\" content=\"2022-02-08T08:42:40+00:00\" \/>\n<meta property=\"article:modified_time\" content=\"2022-02-08T08:50:12+00:00\" \/>\n<meta property=\"og:image\" content=\"https:\/\/mont-roig.cat\/wp-content\/uploads\/processionaria8.jpeg\" \/>\n\t<meta property=\"og:image:width\" content=\"768\" \/>\n\t<meta property=\"og:image:height\" content=\"1024\" \/>\n\t<meta property=\"og:image:type\" content=\"image\/jpeg\" \/>\n<meta name=\"author\" content=\"comunicacio\" \/>\n<meta name=\"twitter:card\" content=\"summary_large_image\" \/>\n<meta name=\"twitter:label1\" content=\"Escrito por\" \/>\n\t<meta name=\"twitter:data1\" content=\"comunicacio\" \/>\n\t<meta name=\"twitter:label2\" content=\"Tiempo de lectura\" \/>\n\t<meta name=\"twitter:data2\" content=\"3 minutos\" \/>\n<script type=\"application\/ld+json\" class=\"yoast-schema-graph\">{\"@context\":\"https:\\\/\\\/schema.org\",\"@graph\":[{\"@type\":\"Article\",\"@id\":\"https:\\\/\\\/mont-roig.cat\\\/es\\\/actualitat\\\/noticies\\\/se-intensifican-los-tratamientos-de-urgencia-contra-la-procesionaria-del-pino-en-diversas-zonas-del-municipio\\\/#article\",\"isPartOf\":{\"@id\":\"https:\\\/\\\/mont-roig.cat\\\/es\\\/actualitat\\\/noticies\\\/se-intensifican-los-tratamientos-de-urgencia-contra-la-procesionaria-del-pino-en-diversas-zonas-del-municipio\\\/\"},\"author\":{\"name\":\"comunicacio\",\"@id\":\"https:\\\/\\\/mont-roig.cat\\\/es\\\/#\\\/schema\\\/person\\\/1f73e7b5e6f9dd122e8a6f14f310ac5e\"},\"headline\":\"Se intensifican los tratamientos de urgencia contra la procesionaria del pino en diversas zonas del municipio\",\"datePublished\":\"2022-02-08T08:42:40+00:00\",\"dateModified\":\"2022-02-08T08:50:12+00:00\",\"mainEntityOfPage\":{\"@id\":\"https:\\\/\\\/mont-roig.cat\\\/es\\\/actualitat\\\/noticies\\\/se-intensifican-los-tratamientos-de-urgencia-contra-la-procesionaria-del-pino-en-diversas-zonas-del-municipio\\\/\"},\"wordCount\":399,\"image\":{\"@id\":\"https:\\\/\\\/mont-roig.cat\\\/es\\\/actualitat\\\/noticies\\\/se-intensifican-los-tratamientos-de-urgencia-contra-la-procesionaria-del-pino-en-diversas-zonas-del-municipio\\\/#primaryimage\"},\"thumbnailUrl\":\"https:\\\/\\\/mont-roig.cat\\\/wp-content\\\/uploads\\\/processionaria8.jpeg\",\"articleSection\":[\"Ayuntamiento\",\"Sanidad y Salud p\u00fablica\"],\"inLanguage\":\"es\"},{\"@type\":\"WebPage\",\"@id\":\"https:\\\/\\\/mont-roig.cat\\\/es\\\/actualitat\\\/noticies\\\/se-intensifican-los-tratamientos-de-urgencia-contra-la-procesionaria-del-pino-en-diversas-zonas-del-municipio\\\/\",\"url\":\"https:\\\/\\\/mont-roig.cat\\\/es\\\/actualitat\\\/noticies\\\/se-intensifican-los-tratamientos-de-urgencia-contra-la-procesionaria-del-pino-en-diversas-zonas-del-municipio\\\/\",\"name\":\"Se intensifican los tratamientos de urgencia contra la procesionaria del pino en diversas zonas del municipio - Ajuntament de Mont-roig del Camp\",\"isPartOf\":{\"@id\":\"https:\\\/\\\/mont-roig.cat\\\/es\\\/#website\"},\"primaryImageOfPage\":{\"@id\":\"https:\\\/\\\/mont-roig.cat\\\/es\\\/actualitat\\\/noticies\\\/se-intensifican-los-tratamientos-de-urgencia-contra-la-procesionaria-del-pino-en-diversas-zonas-del-municipio\\\/#primaryimage\"},\"image\":{\"@id\":\"https:\\\/\\\/mont-roig.cat\\\/es\\\/actualitat\\\/noticies\\\/se-intensifican-los-tratamientos-de-urgencia-contra-la-procesionaria-del-pino-en-diversas-zonas-del-municipio\\\/#primaryimage\"},\"thumbnailUrl\":\"https:\\\/\\\/mont-roig.cat\\\/wp-content\\\/uploads\\\/processionaria8.jpeg\",\"datePublished\":\"2022-02-08T08:42:40+00:00\",\"dateModified\":\"2022-02-08T08:50:12+00:00\",\"author\":{\"@id\":\"https:\\\/\\\/mont-roig.cat\\\/es\\\/#\\\/schema\\\/person\\\/1f73e7b5e6f9dd122e8a6f14f310ac5e\"},\"breadcrumb\":{\"@id\":\"https:\\\/\\\/mont-roig.cat\\\/es\\\/actualitat\\\/noticies\\\/se-intensifican-los-tratamientos-de-urgencia-contra-la-procesionaria-del-pino-en-diversas-zonas-del-municipio\\\/#breadcrumb\"},\"inLanguage\":\"es\",\"potentialAction\":[{\"@type\":\"ReadAction\",\"target\":[\"https:\\\/\\\/mont-roig.cat\\\/es\\\/actualitat\\\/noticies\\\/se-intensifican-los-tratamientos-de-urgencia-contra-la-procesionaria-del-pino-en-diversas-zonas-del-municipio\\\/\"]}]},{\"@type\":\"ImageObject\",\"inLanguage\":\"es\",\"@id\":\"https:\\\/\\\/mont-roig.cat\\\/es\\\/actualitat\\\/noticies\\\/se-intensifican-los-tratamientos-de-urgencia-contra-la-procesionaria-del-pino-en-diversas-zonas-del-municipio\\\/#primaryimage\",\"url\":\"https:\\\/\\\/mont-roig.cat\\\/wp-content\\\/uploads\\\/processionaria8.jpeg\",\"contentUrl\":\"https:\\\/\\\/mont-roig.cat\\\/wp-content\\\/uploads\\\/processionaria8.jpeg\",\"width\":768,\"height\":1024},{\"@type\":\"BreadcrumbList\",\"@id\":\"https:\\\/\\\/mont-roig.cat\\\/es\\\/actualitat\\\/noticies\\\/se-intensifican-los-tratamientos-de-urgencia-contra-la-procesionaria-del-pino-en-diversas-zonas-del-municipio\\\/#breadcrumb\",\"itemListElement\":[{\"@type\":\"ListItem\",\"position\":1,\"name\":\"Inici\",\"item\":\"https:\\\/\\\/mont-roig.cat\\\/es\\\/pagina-de-inicio\\\/\"},{\"@type\":\"ListItem\",\"position\":2,\"name\":\"Se intensifican los tratamientos de urgencia contra la procesionaria del pino en diversas zonas del municipio\"}]},{\"@type\":\"WebSite\",\"@id\":\"https:\\\/\\\/mont-roig.cat\\\/es\\\/#website\",\"url\":\"https:\\\/\\\/mont-roig.cat\\\/es\\\/\",\"name\":\"Ajuntament de Mont-roig del Camp\",\"description\":\"Tota la informaci\u00f3 sobre la instituci\u00f3, els seus \u00f2rgans de govern, actualitat, serveis i molt m\u00e9s.\",\"potentialAction\":[{\"@type\":\"SearchAction\",\"target\":{\"@type\":\"EntryPoint\",\"urlTemplate\":\"https:\\\/\\\/mont-roig.cat\\\/es\\\/?s={search_term_string}\"},\"query-input\":{\"@type\":\"PropertyValueSpecification\",\"valueRequired\":true,\"valueName\":\"search_term_string\"}}],\"inLanguage\":\"es\"},{\"@type\":\"Person\",\"@id\":\"https:\\\/\\\/mont-roig.cat\\\/es\\\/#\\\/schema\\\/person\\\/1f73e7b5e6f9dd122e8a6f14f310ac5e\",\"name\":\"comunicacio\",\"image\":{\"@type\":\"ImageObject\",\"inLanguage\":\"es\",\"@id\":\"https:\\\/\\\/secure.gravatar.com\\\/avatar\\\/98944333e7a877670a64f8d10f0cb680ab2c9ebc4efc43945ef004b52b5ad28c?s=96&d=mm&r=g\",\"url\":\"https:\\\/\\\/secure.gravatar.com\\\/avatar\\\/98944333e7a877670a64f8d10f0cb680ab2c9ebc4efc43945ef004b52b5ad28c?s=96&d=mm&r=g\",\"contentUrl\":\"https:\\\/\\\/secure.gravatar.com\\\/avatar\\\/98944333e7a877670a64f8d10f0cb680ab2c9ebc4efc43945ef004b52b5ad28c?s=96&d=mm&r=g\",\"caption\":\"comunicacio\"},\"url\":\"https:\\\/\\\/mont-roig.cat\\\/es\\\/actualitat\\\/noticies\\\/author\\\/comunicacio\\\/\"}]}<\/script>\n<!-- \/ Yoast SEO plugin. -->","yoast_head_json":{"title":"Se intensifican los tratamientos de urgencia contra la procesionaria del pino en diversas zonas del municipio - Ajuntament de Mont-roig del Camp","robots":{"index":"index","follow":"follow","max-snippet":"max-snippet:-1","max-image-preview":"max-image-preview:large","max-video-preview":"max-video-preview:-1"},"canonical":"https:\/\/mont-roig.cat\/es\/actualitat\/noticies\/se-intensifican-los-tratamientos-de-urgencia-contra-la-procesionaria-del-pino-en-diversas-zonas-del-municipio\/","og_locale":"es_ES","og_type":"article","og_title":"Se intensifican los tratamientos de urgencia contra la procesionaria del pino en diversas zonas del municipio - Ajuntament de Mont-roig del Camp","og_description":"El Ayuntamiento de Mont-roig del Camp trabaja para retirar manualmente varios nidos que han sobrevenido al tratamiento previo que se hab\u00eda llevado a cabo. Como cada a\u00f1o, nos encuentran en la \u00e9poca de la salida de las orugas de procesionaria del pino de sus bolsas, que est\u00e1n extendidas por diversas partes del municipio. La proliferaci\u00f3n [&hellip;]","og_url":"https:\/\/mont-roig.cat\/es\/actualitat\/noticies\/se-intensifican-los-tratamientos-de-urgencia-contra-la-procesionaria-del-pino-en-diversas-zonas-del-municipio\/","og_site_name":"Ajuntament de Mont-roig del Camp","article_published_time":"2022-02-08T08:42:40+00:00","article_modified_time":"2022-02-08T08:50:12+00:00","og_image":[{"width":768,"height":1024,"url":"https:\/\/mont-roig.cat\/wp-content\/uploads\/processionaria8.jpeg","type":"image\/jpeg"}],"author":"comunicacio","twitter_card":"summary_large_image","twitter_misc":{"Escrito por":"comunicacio","Tiempo de lectura":"3 minutos"},"schema":{"@context":"https:\/\/schema.org","@graph":[{"@type":"Article","@id":"https:\/\/mont-roig.cat\/es\/actualitat\/noticies\/se-intensifican-los-tratamientos-de-urgencia-contra-la-procesionaria-del-pino-en-diversas-zonas-del-municipio\/#article","isPartOf":{"@id":"https:\/\/mont-roig.cat\/es\/actualitat\/noticies\/se-intensifican-los-tratamientos-de-urgencia-contra-la-procesionaria-del-pino-en-diversas-zonas-del-municipio\/"},"author":{"name":"comunicacio","@id":"https:\/\/mont-roig.cat\/es\/#\/schema\/person\/1f73e7b5e6f9dd122e8a6f14f310ac5e"},"headline":"Se intensifican los tratamientos de urgencia contra la procesionaria del pino en diversas zonas del municipio","datePublished":"2022-02-08T08:42:40+00:00","dateModified":"2022-02-08T08:50:12+00:00","mainEntityOfPage":{"@id":"https:\/\/mont-roig.cat\/es\/actualitat\/noticies\/se-intensifican-los-tratamientos-de-urgencia-contra-la-procesionaria-del-pino-en-diversas-zonas-del-municipio\/"},"wordCount":399,"image":{"@id":"https:\/\/mont-roig.cat\/es\/actualitat\/noticies\/se-intensifican-los-tratamientos-de-urgencia-contra-la-procesionaria-del-pino-en-diversas-zonas-del-municipio\/#primaryimage"},"thumbnailUrl":"https:\/\/mont-roig.cat\/wp-content\/uploads\/processionaria8.jpeg","articleSection":["Ayuntamiento","Sanidad y Salud p\u00fablica"],"inLanguage":"es"},{"@type":"WebPage","@id":"https:\/\/mont-roig.cat\/es\/actualitat\/noticies\/se-intensifican-los-tratamientos-de-urgencia-contra-la-procesionaria-del-pino-en-diversas-zonas-del-municipio\/","url":"https:\/\/mont-roig.cat\/es\/actualitat\/noticies\/se-intensifican-los-tratamientos-de-urgencia-contra-la-procesionaria-del-pino-en-diversas-zonas-del-municipio\/","name":"Se intensifican los tratamientos de urgencia contra la procesionaria del pino en diversas zonas del municipio - Ajuntament de Mont-roig del Camp","isPartOf":{"@id":"https:\/\/mont-roig.cat\/es\/#website"},"primaryImageOfPage":{"@id":"https:\/\/mont-roig.cat\/es\/actualitat\/noticies\/se-intensifican-los-tratamientos-de-urgencia-contra-la-procesionaria-del-pino-en-diversas-zonas-del-municipio\/#primaryimage"},"image":{"@id":"https:\/\/mont-roig.cat\/es\/actualitat\/noticies\/se-intensifican-los-tratamientos-de-urgencia-contra-la-procesionaria-del-pino-en-diversas-zonas-del-municipio\/#primaryimage"},"thumbnailUrl":"https:\/\/mont-roig.cat\/wp-content\/uploads\/processionaria8.jpeg","datePublished":"2022-02-08T08:42:40+00:00","dateModified":"2022-02-08T08:50:12+00:00","author":{"@id":"https:\/\/mont-roig.cat\/es\/#\/schema\/person\/1f73e7b5e6f9dd122e8a6f14f310ac5e"},"breadcrumb":{"@id":"https:\/\/mont-roig.cat\/es\/actualitat\/noticies\/se-intensifican-los-tratamientos-de-urgencia-contra-la-procesionaria-del-pino-en-diversas-zonas-del-municipio\/#breadcrumb"},"inLanguage":"es","potentialAction":[{"@type":"ReadAction","target":["https:\/\/mont-roig.cat\/es\/actualitat\/noticies\/se-intensifican-los-tratamientos-de-urgencia-contra-la-procesionaria-del-pino-en-diversas-zonas-del-municipio\/"]}]},{"@type":"ImageObject","inLanguage":"es","@id":"https:\/\/mont-roig.cat\/es\/actualitat\/noticies\/se-intensifican-los-tratamientos-de-urgencia-contra-la-procesionaria-del-pino-en-diversas-zonas-del-municipio\/#primaryimage","url":"https:\/\/mont-roig.cat\/wp-content\/uploads\/processionaria8.jpeg","contentUrl":"https:\/\/mont-roig.cat\/wp-content\/uploads\/processionaria8.jpeg","width":768,"height":1024},{"@type":"BreadcrumbList","@id":"https:\/\/mont-roig.cat\/es\/actualitat\/noticies\/se-intensifican-los-tratamientos-de-urgencia-contra-la-procesionaria-del-pino-en-diversas-zonas-del-municipio\/#breadcrumb","itemListElement":[{"@type":"ListItem","position":1,"name":"Inici","item":"https:\/\/mont-roig.cat\/es\/pagina-de-inicio\/"},{"@type":"ListItem","position":2,"name":"Se intensifican los tratamientos de urgencia contra la procesionaria del pino en diversas zonas del municipio"}]},{"@type":"WebSite","@id":"https:\/\/mont-roig.cat\/es\/#website","url":"https:\/\/mont-roig.cat\/es\/","name":"Ajuntament de Mont-roig del Camp","description":"Tota la informaci\u00f3 sobre la instituci\u00f3, els seus \u00f2rgans de govern, actualitat, serveis i molt m\u00e9s.","potentialAction":[{"@type":"SearchAction","target":{"@type":"EntryPoint","urlTemplate":"https:\/\/mont-roig.cat\/es\/?s={search_term_string}"},"query-input":{"@type":"PropertyValueSpecification","valueRequired":true,"valueName":"search_term_string"}}],"inLanguage":"es"},{"@type":"Person","@id":"https:\/\/mont-roig.cat\/es\/#\/schema\/person\/1f73e7b5e6f9dd122e8a6f14f310ac5e","name":"comunicacio","image":{"@type":"ImageObject","inLanguage":"es","@id":"https:\/\/secure.gravatar.com\/avatar\/98944333e7a877670a64f8d10f0cb680ab2c9ebc4efc43945ef004b52b5ad28c?s=96&d=mm&r=g","url":"https:\/\/secure.gravatar.com\/avatar\/98944333e7a877670a64f8d10f0cb680ab2c9ebc4efc43945ef004b52b5ad28c?s=96&d=mm&r=g","contentUrl":"https:\/\/secure.gravatar.com\/avatar\/98944333e7a877670a64f8d10f0cb680ab2c9ebc4efc43945ef004b52b5ad28c?s=96&d=mm&r=g","caption":"comunicacio"},"url":"https:\/\/mont-roig.cat\/es\/actualitat\/noticies\/author\/comunicacio\/"}]}},"_links":{"self":[{"href":"https:\/\/mont-roig.cat\/es\/wp-json\/wp\/v2\/posts\/60503","targetHints":{"allow":["GET"]}}],"collection":[{"href":"https:\/\/mont-roig.cat\/es\/wp-json\/wp\/v2\/posts"}],"about":[{"href":"https:\/\/mont-roig.cat\/es\/wp-json\/wp\/v2\/types\/post"}],"author":[{"embeddable":true,"href":"https:\/\/mont-roig.cat\/es\/wp-json\/wp\/v2\/users\/13"}],"replies":[{"embeddable":true,"href":"https:\/\/mont-roig.cat\/es\/wp-json\/wp\/v2\/comments?post=60503"}],"version-history":[{"count":4,"href":"https:\/\/mont-roig.cat\/es\/wp-json\/wp\/v2\/posts\/60503\/revisions"}],"predecessor-version":[{"id":60509,"href":"https:\/\/mont-roig.cat\/es\/wp-json\/wp\/v2\/posts\/60503\/revisions\/60509"}],"wp:featuredmedia":[{"embeddable":true,"href":"https:\/\/mont-roig.cat\/es\/wp-json\/wp\/v2\/media\/60500"}],"wp:attachment":[{"href":"https:\/\/mont-roig.cat\/es\/wp-json\/wp\/v2\/media?parent=60503"}],"wp:term":[{"taxonomy":"category","embeddable":true,"href":"https:\/\/mont-roig.cat\/es\/wp-json\/wp\/v2\/categories?post=60503"},{"taxonomy":"post_tag","embeddable":true,"href":"https:\/\/mont-roig.cat\/es\/wp-json\/wp\/v2\/tags?post=60503"}],"curies":[{"name":"wp","href":"https:\/\/api.w.org\/{rel}","templated":true}]}}