{"id":60590,"date":"2022-02-09T12:35:26","date_gmt":"2022-02-09T11:35:26","guid":{"rendered":"https:\/\/mont-roig.cat\/actualitat\/noticies\/finalitzades-les-obres-de-reforma-de-lavinguda-del-mar\/"},"modified":"2022-02-09T12:49:50","modified_gmt":"2022-02-09T11:49:50","slug":"finalizadas-las-obras-de-reforma-de-la-avenida-del-mar","status":"publish","type":"post","link":"https:\/\/mont-roig.cat\/es\/actualitat\/noticies\/finalizadas-las-obras-de-reforma-de-la-avenida-del-mar\/","title":{"rendered":"Finalizadas las obras de reforma de la avenida del Mar"},"content":{"rendered":"<div id=\"attachment_60586\" style=\"width: 309px\" class=\"wp-caption alignright\"><a href=\"https:\/\/mont-roig.cat\/wp-content\/uploads\/principal-1.jpg\"><img loading=\"lazy\" decoding=\"async\" aria-describedby=\"caption-attachment-60586\" class=\"wp-image-60586\" src=\"https:\/\/mont-roig.cat\/wp-content\/uploads\/principal-1-500x375.jpg\" alt=\"\" width=\"299\" height=\"224\" srcset=\"https:\/\/mont-roig.cat\/wp-content\/uploads\/principal-1-500x375.jpg 500w, https:\/\/mont-roig.cat\/wp-content\/uploads\/principal-1-1024x768.jpg 1024w, https:\/\/mont-roig.cat\/wp-content\/uploads\/principal-1-768x576.jpg 768w, https:\/\/mont-roig.cat\/wp-content\/uploads\/principal-1-1536x1152.jpg 1536w, https:\/\/mont-roig.cat\/wp-content\/uploads\/principal-1-463x348.jpg 463w, https:\/\/mont-roig.cat\/wp-content\/uploads\/principal-1.jpg 1613w\" sizes=\"auto, (max-width: 299px) 100vw, 299px\" \/><\/a><p id=\"caption-attachment-60586\" class=\"wp-caption-text\">Imagen de la nueva avenida del Mar.<\/p><\/div>\n<ul>\n<li><strong>El proyecto ha incluido trabajos para mejorar la accesibilidad, la creaci\u00f3n de un carril bici y la instalaci\u00f3n de mobiliario urbano y plantaci\u00f3n de arbolado<\/strong><\/li>\n<\/ul>\n<p>La avenida del Mar de Miami Platja luce una nueva imagen despu\u00e9s de finalizarse las obras de remodelaci\u00f3n de este espacio. El objetivo principal de la reforma, que ha llevado a cabo el Ayuntamiento de Mont-roig del Camp, ha sido el de mejorar la accesibilidad a la v\u00eda p\u00fablica mediante la adaptaci\u00f3n de los pasos de peatones.<\/p>\n<p>Con las obras tambi\u00e9n se ha querido potenciar el uso del espacio p\u00fablico haci\u00e9ndolo m\u00e1s amable con la incorporaci\u00f3n de mobiliario urbano, arbolado y jardiner\u00eda. Se ha construido una media central que se ha ajardinado con especias arbustivas.<\/p>\n<p>Adem\u00e1s, y para potenciar la pr\u00e1ctica deportiva, se ha dotado al espacio de un nuevo carril bici que une la plaza de Tarrragona con el Parque deportivo Lil\u00ed \u00c1lvarez, ampliando as\u00ed la red de carril bici del barrio de la Florida.<\/p>\n<p>La actuaci\u00f3n tambi\u00e9n se ha llevado a cabo en una parte de las avenidas Zaragoza y Diputaci\u00f3, desde avenida Diversidad hasta avenida del Mar.<\/p>\n<p>As\u00ed pues, con la remodelaci\u00f3n de este espacio se mejora el acceso a la zona deportiva del Parc Lil\u00ed y se unen las dos arterias principales del n\u00facleo de Miami Platja, como son la avenida de la Diversidad y la avenida de Barcelona . La actuaci\u00f3n, que tambi\u00e9n tiene como objetivo potenciar la actividad socioecon\u00f3mica del barrio, ha tenido un presupuesto de adjudicaci\u00f3n de 158.880 \u20ac. Los trabajos los ha llevado a cabo la empresa Tecnolog\u00eda de Firmes SA.<\/p>\n\n\t\t<!-- MasterSlider -->\n\t\t<div id=\"P_MS69f30cb2ea05d\" class=\"master-slider-parent master-slider-gallery   ms-parent-id-0\"  >\n\n\t\t\t\n\t\t\t<!-- MasterSlider Main -->\n\t\t\t<div id=\"MS69f30cb2ea05d\" class=\"master-slider ms-skin-default\" >\n\t\t\t\t \t\t\t\t \n\t\t\t<div  class=\"ms-slide\" data-delay=\"3\"    >\n\t\t\t\t\t<img decoding=\"async\" src=\"https:\/\/mont-roig.cat\/wp-content\/plugins\/masterslider\/public\/assets\/css\/blank.gif\" alt=\"principal\" title=\"principal\" data-src=\"https:\/\/mont-roig.cat\/wp-content\/uploadsArray\" \/>\n\t<a href=\"http:\/\/Array\" target=\"_self\"    >principal<\/a>\n\n\t\t\t\t\t<div class=\"ms-info\">principal<\/div>\n\n\n\t<img decoding=\"async\" class=\"ms-thumb\" src=\"https:\/\/mont-roig.cat\/wp-content\/uploadsArray\" alt=\"principal\" \/>\n\t\t\t\t<\/div>\n\t\t\t<div  class=\"ms-slide\" data-delay=\"3\"    >\n\t\t\t\t\t<img decoding=\"async\" src=\"https:\/\/mont-roig.cat\/wp-content\/plugins\/masterslider\/public\/assets\/css\/blank.gif\" alt=\"9\" title=\"9\" data-src=\"https:\/\/mont-roig.cat\/wp-content\/uploadsArray\" \/>\n\t<a href=\"http:\/\/Array\" target=\"_self\"    >9<\/a>\n\n\t\t\t\t\t<div class=\"ms-info\">9<\/div>\n\n\n\t<img decoding=\"async\" class=\"ms-thumb\" src=\"https:\/\/mont-roig.cat\/wp-content\/uploadsArray\" alt=\"9\" \/>\n\t\t\t\t<\/div>\n\t\t\t<div  class=\"ms-slide\" data-delay=\"3\"    >\n\t\t\t\t\t<img decoding=\"async\" src=\"https:\/\/mont-roig.cat\/wp-content\/plugins\/masterslider\/public\/assets\/css\/blank.gif\" alt=\"7\" title=\"7\" data-src=\"https:\/\/mont-roig.cat\/wp-content\/uploadsArray\" \/>\n\t<a href=\"http:\/\/Array\" target=\"_self\"    >7<\/a>\n\n\t\t\t\t\t<div class=\"ms-info\">7<\/div>\n\n\n\t<img decoding=\"async\" class=\"ms-thumb\" src=\"https:\/\/mont-roig.cat\/wp-content\/uploadsArray\" alt=\"7\" \/>\n\t\t\t\t<\/div>\n\t\t\t<div  class=\"ms-slide\" data-delay=\"3\"    >\n\t\t\t\t\t<img decoding=\"async\" src=\"https:\/\/mont-roig.cat\/wp-content\/plugins\/masterslider\/public\/assets\/css\/blank.gif\" alt=\"6\" title=\"6\" data-src=\"https:\/\/mont-roig.cat\/wp-content\/uploadsArray\" \/>\n\t<a href=\"http:\/\/Array\" target=\"_self\"    >6<\/a>\n\n\t\t\t\t\t<div class=\"ms-info\">6<\/div>\n\n\n\t<img decoding=\"async\" class=\"ms-thumb\" src=\"https:\/\/mont-roig.cat\/wp-content\/uploadsArray\" alt=\"6\" \/>\n\t\t\t\t<\/div>\n\t\t\t<div  class=\"ms-slide\" data-delay=\"3\"    >\n\t\t\t\t\t<img decoding=\"async\" src=\"https:\/\/mont-roig.cat\/wp-content\/plugins\/masterslider\/public\/assets\/css\/blank.gif\" alt=\"5\" title=\"5\" data-src=\"https:\/\/mont-roig.cat\/wp-content\/uploadsArray\" \/>\n\t<a href=\"http:\/\/Array\" target=\"_self\"    >5<\/a>\n\n\t\t\t\t\t<div class=\"ms-info\">5<\/div>\n\n\n\t<img decoding=\"async\" class=\"ms-thumb\" src=\"https:\/\/mont-roig.cat\/wp-content\/uploadsArray\" alt=\"5\" \/>\n\t\t\t\t<\/div>\n\t\t\t<div  class=\"ms-slide\" data-delay=\"3\"    >\n\t\t\t\t\t<img decoding=\"async\" src=\"https:\/\/mont-roig.cat\/wp-content\/plugins\/masterslider\/public\/assets\/css\/blank.gif\" alt=\"principal\" title=\"principal\" data-src=\"https:\/\/mont-roig.cat\/wp-content\/uploadsArray\" \/>\n\t<a href=\"http:\/\/Array\" target=\"_self\"    >principal<\/a>\n\n\t\t\t\t\t<div class=\"ms-info\">principal<\/div>\n\n\n\t<img decoding=\"async\" class=\"ms-thumb\" src=\"https:\/\/mont-roig.cat\/wp-content\/uploadsArray\" alt=\"principal\" \/>\n\t\t\t\t<\/div>\n\t\t\t<div  class=\"ms-slide\" data-delay=\"3\"    >\n\t\t\t\t\t<img decoding=\"async\" src=\"https:\/\/mont-roig.cat\/wp-content\/plugins\/masterslider\/public\/assets\/css\/blank.gif\" alt=\"4\" title=\"4\" data-src=\"https:\/\/mont-roig.cat\/wp-content\/uploadsArray\" \/>\n\t<a href=\"http:\/\/Array\" target=\"_self\"    >4<\/a>\n\n\t\t\t\t\t<div class=\"ms-info\">4<\/div>\n\n\n\t<img decoding=\"async\" class=\"ms-thumb\" src=\"https:\/\/mont-roig.cat\/wp-content\/uploadsArray\" alt=\"4\" \/>\n\t\t\t\t<\/div>\n\t\t\t<div  class=\"ms-slide\" data-delay=\"3\"    >\n\t\t\t\t\t<img decoding=\"async\" src=\"https:\/\/mont-roig.cat\/wp-content\/plugins\/masterslider\/public\/assets\/css\/blank.gif\" alt=\"2\" title=\"2\" data-src=\"https:\/\/mont-roig.cat\/wp-content\/uploadsArray\" \/>\n\t<a href=\"http:\/\/Array\" target=\"_self\"    >2<\/a>\n\n\t\t\t\t\t<div class=\"ms-info\">2<\/div>\n\n\n\t<img decoding=\"async\" class=\"ms-thumb\" src=\"https:\/\/mont-roig.cat\/wp-content\/uploadsArray\" alt=\"2\" \/>\n\t\t\t\t<\/div>\n\t\t\t<div  class=\"ms-slide\" data-delay=\"3\"    >\n\t\t\t\t\t<img decoding=\"async\" src=\"https:\/\/mont-roig.cat\/wp-content\/plugins\/masterslider\/public\/assets\/css\/blank.gif\" alt=\"11\" title=\"11\" data-src=\"https:\/\/mont-roig.cat\/wp-content\/uploadsArray\" \/>\n\t<a href=\"http:\/\/Array\" target=\"_self\"    >11<\/a>\n\n\t\t\t\t\t<div class=\"ms-info\">11<\/div>\n\n\n\t<img decoding=\"async\" class=\"ms-thumb\" src=\"https:\/\/mont-roig.cat\/wp-content\/uploadsArray\" alt=\"11\" \/>\n\t\t\t\t<\/div>\n\n\t\t\t<\/div>\n\t\t\t<!-- END MasterSlider Main -->\n\n\t\t\t \n\t\t<\/div>\n\t\t<!-- END MasterSlider -->\n\n\t\t<script>\n\t\t( window.MSReady = window.MSReady || [] ).push( function( $ ) {\n\n\t\t\t\"use strict\";\n\t\t\tvar masterslider_a05d = new MasterSlider();\n\n\t\t\t\/\/ slider controls\n\t\t\tmasterslider_a05d.control('arrows'     ,{ autohide:true, overVideo:true  });\n\t\t\tmasterslider_a05d.control('thumblist'  ,{ autohide:false, overVideo:true, dir:'h', speed:17, inset:false, arrows:false, hover:false, customClass:'', align:'bottom',type:'thumbs', margin:2, width:140, height:80, space:2, fillMode:'fill'  });\n\t\t\tmasterslider_a05d.control('slideinfo'  ,{ autohide:true, overVideo:true, dir:'h', align:'bottom',inset:true , margin:80  , size:30 });\n\t\t\t\/\/ slider setup\n\t\t\tmasterslider_a05d.setup(\"MS69f30cb2ea05d\", {\n\t\t\t\twidth           : 960,\n\t\t\t\theight          : 540,\n\t\t\t\tminHeight       : 0,\n\t\t\t\tspace           : 0,\n\t\t\t\tstart           : 1,\n\t\t\t\tgrabCursor      : true,\n\t\t\t\tswipe           : true,\n\t\t\t\tmouse           : true,\n\t\t\t\tkeyboard        : false,\n\t\t\t\tlayout          : \"fillwidth\",\n\t\t\t\twheel           : false,\n\t\t\t\tautoplay        : false,\n                instantStartLayers:false,\n\t\t\t\tmobileBGVideo:false,\n\t\t\t\tloop            : false,\n\t\t\t\tshuffle         : false,\n\t\t\t\tpreload         : 3,\n\t\t\t\theightLimit     : false,\n\t\t\t\tautoHeight      : false,\n\t\t\t\tsmoothHeight    : true,\n\t\t\t\tendPause        : false,\n\t\t\t\toverPause       : false,\n\t\t\t\tfillMode        : \"fill\",\n\t\t\t\tcenterControls  : true,\n\t\t\t\tstartOnAppear   : false,\n\t\t\t\tlayersMode      : \"center\",\n\t\t\t\tautofillTarget  : \"\",\n\t\t\t\thideLayers      : false,\n\t\t\t\tfullscreenMargin: 0,\n\t\t\t\tspeed           : 17,\n\t\t\t\tdir             : \"h\",\n\t\t\t\tparallaxMode    : 'swipe',\n\t\t\t\tview            : \"basic\"\n\t\t\t});\n\n\t\t\t\n\t\t\twindow.masterslider_instances = window.masterslider_instances || [];\n\t\t\twindow.masterslider_instances.push( masterslider_a05d );\n\t\t});\n\t\t<\/script>\n\n\n<p>&nbsp;<\/p>\n","protected":false},"excerpt":{"rendered":"<p>El proyecto ha incluido trabajos para mejorar la accesibilidad, la creaci\u00f3n de un carril bici y la instalaci\u00f3n de mobiliario urbano y plantaci\u00f3n de arbolado La avenida del Mar de Miami Platja luce una nueva imagen despu\u00e9s de finalizarse las obras de remodelaci\u00f3n de este espacio. El objetivo principal de la reforma, que ha llevado [&hellip;]<\/p>\n","protected":false},"author":13,"featured_media":60568,"comment_status":"closed","ping_status":"closed","sticky":false,"template":"","format":"standard","meta":{"inline_featured_image":false,"_monsterinsights_skip_tracking":false,"_monsterinsights_sitenote_active":false,"_monsterinsights_sitenote_note":"","_monsterinsights_sitenote_category":0,"footnotes":""},"categories":[98,116],"tags":[],"class_list":["post-60590","post","type-post","status-publish","format-standard","has-post-thumbnail","hentry","category-ayuntamiento","category-urbanismo-y-obras"],"yoast_head":"<!-- This site is optimized with the Yoast SEO plugin v27.4 - https:\/\/yoast.com\/product\/yoast-seo-wordpress\/ -->\n<title>Finalizadas las obras de reforma de la avenida del Mar - Ajuntament de Mont-roig del Camp<\/title>\n<meta name=\"robots\" content=\"index, follow, max-snippet:-1, max-image-preview:large, max-video-preview:-1\" \/>\n<link rel=\"canonical\" href=\"https:\/\/mont-roig.cat\/es\/actualitat\/noticies\/finalizadas-las-obras-de-reforma-de-la-avenida-del-mar\/\" \/>\n<meta property=\"og:locale\" content=\"es_ES\" \/>\n<meta property=\"og:type\" content=\"article\" \/>\n<meta property=\"og:title\" content=\"Finalizadas las obras de reforma de la avenida del Mar - Ajuntament de Mont-roig del Camp\" \/>\n<meta property=\"og:description\" content=\"El proyecto ha incluido trabajos para mejorar la accesibilidad, la creaci\u00f3n de un carril bici y la instalaci\u00f3n de mobiliario urbano y plantaci\u00f3n de arbolado La avenida del Mar de Miami Platja luce una nueva imagen despu\u00e9s de finalizarse las obras de remodelaci\u00f3n de este espacio. El objetivo principal de la reforma, que ha llevado [&hellip;]\" \/>\n<meta property=\"og:url\" content=\"https:\/\/mont-roig.cat\/es\/actualitat\/noticies\/finalizadas-las-obras-de-reforma-de-la-avenida-del-mar\/\" \/>\n<meta property=\"og:site_name\" content=\"Ajuntament de Mont-roig del Camp\" \/>\n<meta property=\"article:published_time\" content=\"2022-02-09T11:35:26+00:00\" \/>\n<meta property=\"article:modified_time\" content=\"2022-02-09T11:49:50+00:00\" \/>\n<meta property=\"og:image\" content=\"https:\/\/mont-roig.cat\/wp-content\/uploads\/principal-1.jpg\" \/>\n\t<meta property=\"og:image:width\" content=\"1613\" \/>\n\t<meta property=\"og:image:height\" content=\"1210\" \/>\n\t<meta property=\"og:image:type\" content=\"image\/jpeg\" \/>\n<meta name=\"author\" content=\"comunicacio\" \/>\n<meta name=\"twitter:card\" content=\"summary_large_image\" \/>\n<meta name=\"twitter:label1\" content=\"Escrito por\" \/>\n\t<meta name=\"twitter:data1\" content=\"comunicacio\" \/>\n\t<meta name=\"twitter:label2\" content=\"Tiempo de lectura\" \/>\n\t<meta name=\"twitter:data2\" content=\"2 minutos\" \/>\n<script type=\"application\/ld+json\" class=\"yoast-schema-graph\">{\"@context\":\"https:\\\/\\\/schema.org\",\"@graph\":[{\"@type\":\"Article\",\"@id\":\"https:\\\/\\\/mont-roig.cat\\\/es\\\/actualitat\\\/noticies\\\/finalizadas-las-obras-de-reforma-de-la-avenida-del-mar\\\/#article\",\"isPartOf\":{\"@id\":\"https:\\\/\\\/mont-roig.cat\\\/es\\\/actualitat\\\/noticies\\\/finalizadas-las-obras-de-reforma-de-la-avenida-del-mar\\\/\"},\"author\":{\"name\":\"comunicacio\",\"@id\":\"https:\\\/\\\/mont-roig.cat\\\/es\\\/#\\\/schema\\\/person\\\/1f73e7b5e6f9dd122e8a6f14f310ac5e\"},\"headline\":\"Finalizadas las obras de reforma de la avenida del Mar\",\"datePublished\":\"2022-02-09T11:35:26+00:00\",\"dateModified\":\"2022-02-09T11:49:50+00:00\",\"mainEntityOfPage\":{\"@id\":\"https:\\\/\\\/mont-roig.cat\\\/es\\\/actualitat\\\/noticies\\\/finalizadas-las-obras-de-reforma-de-la-avenida-del-mar\\\/\"},\"wordCount\":318,\"image\":{\"@id\":\"https:\\\/\\\/mont-roig.cat\\\/es\\\/actualitat\\\/noticies\\\/finalizadas-las-obras-de-reforma-de-la-avenida-del-mar\\\/#primaryimage\"},\"thumbnailUrl\":\"https:\\\/\\\/mont-roig.cat\\\/wp-content\\\/uploads\\\/IMG_5043.jpg\",\"articleSection\":[\"Ayuntamiento\",\"Urbanismo y obras\"],\"inLanguage\":\"es\"},{\"@type\":\"WebPage\",\"@id\":\"https:\\\/\\\/mont-roig.cat\\\/es\\\/actualitat\\\/noticies\\\/finalizadas-las-obras-de-reforma-de-la-avenida-del-mar\\\/\",\"url\":\"https:\\\/\\\/mont-roig.cat\\\/es\\\/actualitat\\\/noticies\\\/finalizadas-las-obras-de-reforma-de-la-avenida-del-mar\\\/\",\"name\":\"Finalizadas las obras de reforma de la avenida del Mar - Ajuntament de Mont-roig del Camp\",\"isPartOf\":{\"@id\":\"https:\\\/\\\/mont-roig.cat\\\/es\\\/#website\"},\"primaryImageOfPage\":{\"@id\":\"https:\\\/\\\/mont-roig.cat\\\/es\\\/actualitat\\\/noticies\\\/finalizadas-las-obras-de-reforma-de-la-avenida-del-mar\\\/#primaryimage\"},\"image\":{\"@id\":\"https:\\\/\\\/mont-roig.cat\\\/es\\\/actualitat\\\/noticies\\\/finalizadas-las-obras-de-reforma-de-la-avenida-del-mar\\\/#primaryimage\"},\"thumbnailUrl\":\"https:\\\/\\\/mont-roig.cat\\\/wp-content\\\/uploads\\\/IMG_5043.jpg\",\"datePublished\":\"2022-02-09T11:35:26+00:00\",\"dateModified\":\"2022-02-09T11:49:50+00:00\",\"author\":{\"@id\":\"https:\\\/\\\/mont-roig.cat\\\/es\\\/#\\\/schema\\\/person\\\/1f73e7b5e6f9dd122e8a6f14f310ac5e\"},\"breadcrumb\":{\"@id\":\"https:\\\/\\\/mont-roig.cat\\\/es\\\/actualitat\\\/noticies\\\/finalizadas-las-obras-de-reforma-de-la-avenida-del-mar\\\/#breadcrumb\"},\"inLanguage\":\"es\",\"potentialAction\":[{\"@type\":\"ReadAction\",\"target\":[\"https:\\\/\\\/mont-roig.cat\\\/es\\\/actualitat\\\/noticies\\\/finalizadas-las-obras-de-reforma-de-la-avenida-del-mar\\\/\"]}]},{\"@type\":\"ImageObject\",\"inLanguage\":\"es\",\"@id\":\"https:\\\/\\\/mont-roig.cat\\\/es\\\/actualitat\\\/noticies\\\/finalizadas-las-obras-de-reforma-de-la-avenida-del-mar\\\/#primaryimage\",\"url\":\"https:\\\/\\\/mont-roig.cat\\\/wp-content\\\/uploads\\\/IMG_5043.jpg\",\"contentUrl\":\"https:\\\/\\\/mont-roig.cat\\\/wp-content\\\/uploads\\\/IMG_5043.jpg\",\"width\":2048,\"height\":1536},{\"@type\":\"BreadcrumbList\",\"@id\":\"https:\\\/\\\/mont-roig.cat\\\/es\\\/actualitat\\\/noticies\\\/finalizadas-las-obras-de-reforma-de-la-avenida-del-mar\\\/#breadcrumb\",\"itemListElement\":[{\"@type\":\"ListItem\",\"position\":1,\"name\":\"Inici\",\"item\":\"https:\\\/\\\/mont-roig.cat\\\/es\\\/pagina-de-inicio\\\/\"},{\"@type\":\"ListItem\",\"position\":2,\"name\":\"Finalizadas las obras de reforma de la avenida del Mar\"}]},{\"@type\":\"WebSite\",\"@id\":\"https:\\\/\\\/mont-roig.cat\\\/es\\\/#website\",\"url\":\"https:\\\/\\\/mont-roig.cat\\\/es\\\/\",\"name\":\"Ajuntament de Mont-roig del Camp\",\"description\":\"Tota la informaci\u00f3 sobre la instituci\u00f3, els seus \u00f2rgans de govern, actualitat, serveis i molt m\u00e9s.\",\"potentialAction\":[{\"@type\":\"SearchAction\",\"target\":{\"@type\":\"EntryPoint\",\"urlTemplate\":\"https:\\\/\\\/mont-roig.cat\\\/es\\\/?s={search_term_string}\"},\"query-input\":{\"@type\":\"PropertyValueSpecification\",\"valueRequired\":true,\"valueName\":\"search_term_string\"}}],\"inLanguage\":\"es\"},{\"@type\":\"Person\",\"@id\":\"https:\\\/\\\/mont-roig.cat\\\/es\\\/#\\\/schema\\\/person\\\/1f73e7b5e6f9dd122e8a6f14f310ac5e\",\"name\":\"comunicacio\",\"image\":{\"@type\":\"ImageObject\",\"inLanguage\":\"es\",\"@id\":\"https:\\\/\\\/secure.gravatar.com\\\/avatar\\\/98944333e7a877670a64f8d10f0cb680ab2c9ebc4efc43945ef004b52b5ad28c?s=96&d=mm&r=g\",\"url\":\"https:\\\/\\\/secure.gravatar.com\\\/avatar\\\/98944333e7a877670a64f8d10f0cb680ab2c9ebc4efc43945ef004b52b5ad28c?s=96&d=mm&r=g\",\"contentUrl\":\"https:\\\/\\\/secure.gravatar.com\\\/avatar\\\/98944333e7a877670a64f8d10f0cb680ab2c9ebc4efc43945ef004b52b5ad28c?s=96&d=mm&r=g\",\"caption\":\"comunicacio\"},\"url\":\"https:\\\/\\\/mont-roig.cat\\\/es\\\/actualitat\\\/noticies\\\/author\\\/comunicacio\\\/\"}]}<\/script>\n<!-- \/ Yoast SEO plugin. -->","yoast_head_json":{"title":"Finalizadas las obras de reforma de la avenida del Mar - Ajuntament de Mont-roig del Camp","robots":{"index":"index","follow":"follow","max-snippet":"max-snippet:-1","max-image-preview":"max-image-preview:large","max-video-preview":"max-video-preview:-1"},"canonical":"https:\/\/mont-roig.cat\/es\/actualitat\/noticies\/finalizadas-las-obras-de-reforma-de-la-avenida-del-mar\/","og_locale":"es_ES","og_type":"article","og_title":"Finalizadas las obras de reforma de la avenida del Mar - Ajuntament de Mont-roig del Camp","og_description":"El proyecto ha incluido trabajos para mejorar la accesibilidad, la creaci\u00f3n de un carril bici y la instalaci\u00f3n de mobiliario urbano y plantaci\u00f3n de arbolado La avenida del Mar de Miami Platja luce una nueva imagen despu\u00e9s de finalizarse las obras de remodelaci\u00f3n de este espacio. El objetivo principal de la reforma, que ha llevado [&hellip;]","og_url":"https:\/\/mont-roig.cat\/es\/actualitat\/noticies\/finalizadas-las-obras-de-reforma-de-la-avenida-del-mar\/","og_site_name":"Ajuntament de Mont-roig del Camp","article_published_time":"2022-02-09T11:35:26+00:00","article_modified_time":"2022-02-09T11:49:50+00:00","og_image":[{"width":1613,"height":1210,"url":"https:\/\/mont-roig.cat\/wp-content\/uploads\/principal-1.jpg","type":"image\/jpeg"}],"author":"comunicacio","twitter_card":"summary_large_image","twitter_misc":{"Escrito por":"comunicacio","Tiempo de lectura":"2 minutos"},"schema":{"@context":"https:\/\/schema.org","@graph":[{"@type":"Article","@id":"https:\/\/mont-roig.cat\/es\/actualitat\/noticies\/finalizadas-las-obras-de-reforma-de-la-avenida-del-mar\/#article","isPartOf":{"@id":"https:\/\/mont-roig.cat\/es\/actualitat\/noticies\/finalizadas-las-obras-de-reforma-de-la-avenida-del-mar\/"},"author":{"name":"comunicacio","@id":"https:\/\/mont-roig.cat\/es\/#\/schema\/person\/1f73e7b5e6f9dd122e8a6f14f310ac5e"},"headline":"Finalizadas las obras de reforma de la avenida del Mar","datePublished":"2022-02-09T11:35:26+00:00","dateModified":"2022-02-09T11:49:50+00:00","mainEntityOfPage":{"@id":"https:\/\/mont-roig.cat\/es\/actualitat\/noticies\/finalizadas-las-obras-de-reforma-de-la-avenida-del-mar\/"},"wordCount":318,"image":{"@id":"https:\/\/mont-roig.cat\/es\/actualitat\/noticies\/finalizadas-las-obras-de-reforma-de-la-avenida-del-mar\/#primaryimage"},"thumbnailUrl":"https:\/\/mont-roig.cat\/wp-content\/uploads\/IMG_5043.jpg","articleSection":["Ayuntamiento","Urbanismo y obras"],"inLanguage":"es"},{"@type":"WebPage","@id":"https:\/\/mont-roig.cat\/es\/actualitat\/noticies\/finalizadas-las-obras-de-reforma-de-la-avenida-del-mar\/","url":"https:\/\/mont-roig.cat\/es\/actualitat\/noticies\/finalizadas-las-obras-de-reforma-de-la-avenida-del-mar\/","name":"Finalizadas las obras de reforma de la avenida del Mar - Ajuntament de Mont-roig del Camp","isPartOf":{"@id":"https:\/\/mont-roig.cat\/es\/#website"},"primaryImageOfPage":{"@id":"https:\/\/mont-roig.cat\/es\/actualitat\/noticies\/finalizadas-las-obras-de-reforma-de-la-avenida-del-mar\/#primaryimage"},"image":{"@id":"https:\/\/mont-roig.cat\/es\/actualitat\/noticies\/finalizadas-las-obras-de-reforma-de-la-avenida-del-mar\/#primaryimage"},"thumbnailUrl":"https:\/\/mont-roig.cat\/wp-content\/uploads\/IMG_5043.jpg","datePublished":"2022-02-09T11:35:26+00:00","dateModified":"2022-02-09T11:49:50+00:00","author":{"@id":"https:\/\/mont-roig.cat\/es\/#\/schema\/person\/1f73e7b5e6f9dd122e8a6f14f310ac5e"},"breadcrumb":{"@id":"https:\/\/mont-roig.cat\/es\/actualitat\/noticies\/finalizadas-las-obras-de-reforma-de-la-avenida-del-mar\/#breadcrumb"},"inLanguage":"es","potentialAction":[{"@type":"ReadAction","target":["https:\/\/mont-roig.cat\/es\/actualitat\/noticies\/finalizadas-las-obras-de-reforma-de-la-avenida-del-mar\/"]}]},{"@type":"ImageObject","inLanguage":"es","@id":"https:\/\/mont-roig.cat\/es\/actualitat\/noticies\/finalizadas-las-obras-de-reforma-de-la-avenida-del-mar\/#primaryimage","url":"https:\/\/mont-roig.cat\/wp-content\/uploads\/IMG_5043.jpg","contentUrl":"https:\/\/mont-roig.cat\/wp-content\/uploads\/IMG_5043.jpg","width":2048,"height":1536},{"@type":"BreadcrumbList","@id":"https:\/\/mont-roig.cat\/es\/actualitat\/noticies\/finalizadas-las-obras-de-reforma-de-la-avenida-del-mar\/#breadcrumb","itemListElement":[{"@type":"ListItem","position":1,"name":"Inici","item":"https:\/\/mont-roig.cat\/es\/pagina-de-inicio\/"},{"@type":"ListItem","position":2,"name":"Finalizadas las obras de reforma de la avenida del Mar"}]},{"@type":"WebSite","@id":"https:\/\/mont-roig.cat\/es\/#website","url":"https:\/\/mont-roig.cat\/es\/","name":"Ajuntament de Mont-roig del Camp","description":"Tota la informaci\u00f3 sobre la instituci\u00f3, els seus \u00f2rgans de govern, actualitat, serveis i molt m\u00e9s.","potentialAction":[{"@type":"SearchAction","target":{"@type":"EntryPoint","urlTemplate":"https:\/\/mont-roig.cat\/es\/?s={search_term_string}"},"query-input":{"@type":"PropertyValueSpecification","valueRequired":true,"valueName":"search_term_string"}}],"inLanguage":"es"},{"@type":"Person","@id":"https:\/\/mont-roig.cat\/es\/#\/schema\/person\/1f73e7b5e6f9dd122e8a6f14f310ac5e","name":"comunicacio","image":{"@type":"ImageObject","inLanguage":"es","@id":"https:\/\/secure.gravatar.com\/avatar\/98944333e7a877670a64f8d10f0cb680ab2c9ebc4efc43945ef004b52b5ad28c?s=96&d=mm&r=g","url":"https:\/\/secure.gravatar.com\/avatar\/98944333e7a877670a64f8d10f0cb680ab2c9ebc4efc43945ef004b52b5ad28c?s=96&d=mm&r=g","contentUrl":"https:\/\/secure.gravatar.com\/avatar\/98944333e7a877670a64f8d10f0cb680ab2c9ebc4efc43945ef004b52b5ad28c?s=96&d=mm&r=g","caption":"comunicacio"},"url":"https:\/\/mont-roig.cat\/es\/actualitat\/noticies\/author\/comunicacio\/"}]}},"_links":{"self":[{"href":"https:\/\/mont-roig.cat\/es\/wp-json\/wp\/v2\/posts\/60590","targetHints":{"allow":["GET"]}}],"collection":[{"href":"https:\/\/mont-roig.cat\/es\/wp-json\/wp\/v2\/posts"}],"about":[{"href":"https:\/\/mont-roig.cat\/es\/wp-json\/wp\/v2\/types\/post"}],"author":[{"embeddable":true,"href":"https:\/\/mont-roig.cat\/es\/wp-json\/wp\/v2\/users\/13"}],"replies":[{"embeddable":true,"href":"https:\/\/mont-roig.cat\/es\/wp-json\/wp\/v2\/comments?post=60590"}],"version-history":[{"count":3,"href":"https:\/\/mont-roig.cat\/es\/wp-json\/wp\/v2\/posts\/60590\/revisions"}],"predecessor-version":[{"id":60593,"href":"https:\/\/mont-roig.cat\/es\/wp-json\/wp\/v2\/posts\/60590\/revisions\/60593"}],"wp:featuredmedia":[{"embeddable":true,"href":"https:\/\/mont-roig.cat\/es\/wp-json\/wp\/v2\/media\/60568"}],"wp:attachment":[{"href":"https:\/\/mont-roig.cat\/es\/wp-json\/wp\/v2\/media?parent=60590"}],"wp:term":[{"taxonomy":"category","embeddable":true,"href":"https:\/\/mont-roig.cat\/es\/wp-json\/wp\/v2\/categories?post=60590"},{"taxonomy":"post_tag","embeddable":true,"href":"https:\/\/mont-roig.cat\/es\/wp-json\/wp\/v2\/tags?post=60590"}],"curies":[{"name":"wp","href":"https:\/\/api.w.org\/{rel}","templated":true}]}}