{"id":60652,"date":"2022-02-11T13:37:27","date_gmt":"2022-02-11T12:37:27","guid":{"rendered":"https:\/\/mont-roig.cat\/actualitat\/noticies\/lajuntament-de-mont-roig-del-camp-recorda-que-llencar-residus-fora-dels-contenidors-comporta-sancions-economiques\/"},"modified":"2022-02-11T13:54:09","modified_gmt":"2022-02-11T12:54:09","slug":"lajuntament-de-mont-roig-del-camp-recorda-que-llencar-residus-fora-dels-contenidors-comporta-sancions-economiques","status":"publish","type":"post","link":"https:\/\/mont-roig.cat\/es\/actualitat\/noticies\/lajuntament-de-mont-roig-del-camp-recorda-que-llencar-residus-fora-dels-contenidors-comporta-sancions-economiques\/","title":{"rendered":"El Ayuntamiento de Mont-roig del Camp recuerda que lanzar residuos fuera de los contenedores y los puntos limpios comporta sanciones econ\u00f3micas"},"content":{"rendered":"<div id=\"attachment_60643\" style=\"width: 510px\" class=\"wp-caption alignright\"><a href=\"https:\/\/mont-roig.cat\/wp-content\/uploads\/incivisme.jpeg\"><img loading=\"lazy\" decoding=\"async\" aria-describedby=\"caption-attachment-60643\" class=\"wp-image-60643 size-medium\" src=\"https:\/\/mont-roig.cat\/wp-content\/uploads\/incivisme-500x225.jpeg\" alt=\"\" width=\"500\" height=\"225\" srcset=\"https:\/\/mont-roig.cat\/wp-content\/uploads\/incivisme-500x225.jpeg 500w, https:\/\/mont-roig.cat\/wp-content\/uploads\/incivisme-1024x461.jpeg 1024w, https:\/\/mont-roig.cat\/wp-content\/uploads\/incivisme-768x346.jpeg 768w, https:\/\/mont-roig.cat\/wp-content\/uploads\/incivisme.jpeg 1440w\" sizes=\"auto, (max-width: 500px) 100vw, 500px\" \/><\/a><p id=\"caption-attachment-60643\" class=\"wp-caption-text\">Restes vegetals a la via p\u00fablica, una acci\u00f3 incivica.<\/p><\/div>\n<ul>\n<li><strong>En los \u00faltimos seis meses se han iniciado 15 expedientes sancionadores por acciones inc\u00edvicas relacionadas con residuos y limpieza viaria que conllevan multas que pueden ir de los 400 a los 4.000 euros<\/strong><\/li>\n<\/ul>\n<p>El Ayuntamiento de Mont-roig del Camp ha abierto 15 expedientes sancionadores contra personas o empresas por temas relacionados con el incumplimiento de la normativa de residuos y limpieza viaria entre los meses de junio de 2021 y enero de 2022. Estas sanciones pueden comportar una multa de 400 euros hasta 4.000 euros, dependiendo de la tipolog\u00eda del vertido, aunque puede haber reducciones en el importe de la sanci\u00f3n si se paga antes de la resoluci\u00f3n definitiva. De los 15 expedientes iniciados, 13 son por vertidos en lugares no autorizados.<\/p>\n<p>El Ayuntamiento recuerda que aunque muchas de las acciones inc\u00edvicas llevadas a cabo por la ciudadan\u00eda o las empresas son debidas al desconocimiento o dejadez, no hay ninguna excusa por este comportamiento que es totalmente denunciable: En ning\u00fan caso se pueden dejar residuos fuera de los contenedores, no existe ninguna casu\u00edstica que lo permita.<\/p>\n<div id=\"attachment_60642\" style=\"width: 311px\" class=\"wp-caption alignright\"><a href=\"https:\/\/mont-roig.cat\/wp-content\/uploads\/incivisme-3.jpeg\"><img loading=\"lazy\" decoding=\"async\" aria-describedby=\"caption-attachment-60642\" class=\"wp-image-60642\" src=\"https:\/\/mont-roig.cat\/wp-content\/uploads\/incivisme-3-500x281.jpeg\" alt=\"\" width=\"301\" height=\"169\" srcset=\"https:\/\/mont-roig.cat\/wp-content\/uploads\/incivisme-3-500x281.jpeg 500w, https:\/\/mont-roig.cat\/wp-content\/uploads\/incivisme-3-1024x576.jpeg 1024w, https:\/\/mont-roig.cat\/wp-content\/uploads\/incivisme-3-768x432.jpeg 768w, https:\/\/mont-roig.cat\/wp-content\/uploads\/incivisme-3-1536x864.jpeg 1536w, https:\/\/mont-roig.cat\/wp-content\/uploads\/incivisme-3.jpeg 1920w\" sizes=\"auto, (max-width: 301px) 100vw, 301px\" \/><\/a><p id=\"caption-attachment-60642\" class=\"wp-caption-text\">Vertido de restos de construcci\u00f3n en el medio natural, otra acci\u00f3n penada.<\/p><\/div>\n<p>En este sentido, se recuerda que la fracci\u00f3n vegetal debe depositarse dentro de los contenedores de fracci\u00f3n vegetal o en el punto limpio, al igual que todos los dem\u00e1s residuos debe depositarse en sus contenedores respectivos. Verter poda en un descampado; escombros en una parcela o en la riera; dejar voluminosos, muebles o trastos en la calle, aunque sea junto a un \u00e1rea de contenedores; tirar residuos al suelo, tampoco colillas ni chicles, o dejar una bolsa de basura en una papelera, son actuaciones que se ven d\u00eda a d\u00eda en nuestro municipio y que son sancionables. Estas acciones inc\u00edvicas ensucian nuestras calles y plazas, adem\u00e1s de resultar una falta de respeto por nuestros vecinos y vecinas y por eso hay que evitarlas, porque la responsabilidad de mantener limpio el municipio es de todas y todos. Al mismo tiempo la limpieza de estos residuos fuera de su espacio implica un elevado coste por parte del Ayuntamiento de Mont-roig del Camp que, al fin y al cabo, recae entre toda la ciudadan\u00eda.<\/p>\n<p>&nbsp;<\/p>\n<p>&nbsp;<\/p>\n<p>&nbsp;<\/p>\n<p>&nbsp;<\/p>\n","protected":false},"excerpt":{"rendered":"<p>En los \u00faltimos seis meses se han iniciado 15 expedientes sancionadores por acciones inc\u00edvicas relacionadas con residuos y limpieza viaria que conllevan multas que pueden ir de los 400 a los 4.000 euros El Ayuntamiento de Mont-roig del Camp ha abierto 15 expedientes sancionadores contra personas o empresas por temas relacionados con el incumplimiento de [&hellip;]<\/p>\n","protected":false},"author":13,"featured_media":60644,"comment_status":"closed","ping_status":"closed","sticky":false,"template":"","format":"standard","meta":{"inline_featured_image":false,"_monsterinsights_skip_tracking":false,"_monsterinsights_sitenote_active":false,"_monsterinsights_sitenote_note":"","_monsterinsights_sitenote_category":0,"footnotes":""},"categories":[98,109,143],"tags":[],"class_list":["post-60652","post","type-post","status-publish","format-standard","has-post-thumbnail","hentry","category-ayuntamiento","category-limpieza-viaria","category-residuos-es"],"yoast_head":"<!-- This site is optimized with the Yoast SEO plugin v27.4 - https:\/\/yoast.com\/product\/yoast-seo-wordpress\/ -->\n<title>El Ayuntamiento de Mont-roig del Camp recuerda que lanzar residuos fuera de los contenedores y los puntos limpios comporta sanciones econ\u00f3micas - Ajuntament de Mont-roig del Camp<\/title>\n<meta name=\"robots\" content=\"index, follow, max-snippet:-1, max-image-preview:large, max-video-preview:-1\" \/>\n<link rel=\"canonical\" href=\"https:\/\/mont-roig.cat\/es\/actualitat\/noticies\/lajuntament-de-mont-roig-del-camp-recorda-que-llencar-residus-fora-dels-contenidors-comporta-sancions-economiques\/\" \/>\n<meta property=\"og:locale\" content=\"es_ES\" \/>\n<meta property=\"og:type\" content=\"article\" \/>\n<meta property=\"og:title\" content=\"El Ayuntamiento de Mont-roig del Camp recuerda que lanzar residuos fuera de los contenedores y los puntos limpios comporta sanciones econ\u00f3micas - Ajuntament de Mont-roig del Camp\" \/>\n<meta property=\"og:description\" content=\"En los \u00faltimos seis meses se han iniciado 15 expedientes sancionadores por acciones inc\u00edvicas relacionadas con residuos y limpieza viaria que conllevan multas que pueden ir de los 400 a los 4.000 euros El Ayuntamiento de Mont-roig del Camp ha abierto 15 expedientes sancionadores contra personas o empresas por temas relacionados con el incumplimiento de [&hellip;]\" \/>\n<meta property=\"og:url\" content=\"https:\/\/mont-roig.cat\/es\/actualitat\/noticies\/lajuntament-de-mont-roig-del-camp-recorda-que-llencar-residus-fora-dels-contenidors-comporta-sancions-economiques\/\" \/>\n<meta property=\"og:site_name\" content=\"Ajuntament de Mont-roig del Camp\" \/>\n<meta property=\"article:published_time\" content=\"2022-02-11T12:37:27+00:00\" \/>\n<meta property=\"article:modified_time\" content=\"2022-02-11T12:54:09+00:00\" \/>\n<meta property=\"og:image\" content=\"https:\/\/mont-roig.cat\/wp-content\/uploads\/incivisme.jpeg\" \/>\n\t<meta property=\"og:image:width\" content=\"1440\" \/>\n\t<meta property=\"og:image:height\" content=\"648\" \/>\n\t<meta property=\"og:image:type\" content=\"image\/jpeg\" \/>\n<meta name=\"author\" content=\"comunicacio\" \/>\n<meta name=\"twitter:card\" content=\"summary_large_image\" \/>\n<meta name=\"twitter:label1\" content=\"Escrito por\" \/>\n\t<meta name=\"twitter:data1\" content=\"comunicacio\" \/>\n\t<meta name=\"twitter:label2\" content=\"Tiempo de lectura\" \/>\n\t<meta name=\"twitter:data2\" content=\"3 minutos\" \/>\n<script type=\"application\/ld+json\" class=\"yoast-schema-graph\">{\"@context\":\"https:\\\/\\\/schema.org\",\"@graph\":[{\"@type\":\"Article\",\"@id\":\"https:\\\/\\\/mont-roig.cat\\\/es\\\/actualitat\\\/noticies\\\/lajuntament-de-mont-roig-del-camp-recorda-que-llencar-residus-fora-dels-contenidors-comporta-sancions-economiques\\\/#article\",\"isPartOf\":{\"@id\":\"https:\\\/\\\/mont-roig.cat\\\/es\\\/actualitat\\\/noticies\\\/lajuntament-de-mont-roig-del-camp-recorda-que-llencar-residus-fora-dels-contenidors-comporta-sancions-economiques\\\/\"},\"author\":{\"name\":\"comunicacio\",\"@id\":\"https:\\\/\\\/mont-roig.cat\\\/es\\\/#\\\/schema\\\/person\\\/1f73e7b5e6f9dd122e8a6f14f310ac5e\"},\"headline\":\"El Ayuntamiento de Mont-roig del Camp recuerda que lanzar residuos fuera de los contenedores y los puntos limpios comporta sanciones econ\u00f3micas\",\"datePublished\":\"2022-02-11T12:37:27+00:00\",\"dateModified\":\"2022-02-11T12:54:09+00:00\",\"mainEntityOfPage\":{\"@id\":\"https:\\\/\\\/mont-roig.cat\\\/es\\\/actualitat\\\/noticies\\\/lajuntament-de-mont-roig-del-camp-recorda-que-llencar-residus-fora-dels-contenidors-comporta-sancions-economiques\\\/\"},\"wordCount\":417,\"image\":{\"@id\":\"https:\\\/\\\/mont-roig.cat\\\/es\\\/actualitat\\\/noticies\\\/lajuntament-de-mont-roig-del-camp-recorda-que-llencar-residus-fora-dels-contenidors-comporta-sancions-economiques\\\/#primaryimage\"},\"thumbnailUrl\":\"https:\\\/\\\/mont-roig.cat\\\/wp-content\\\/uploads\\\/incivisme.jpeg\",\"articleSection\":[\"Ayuntamiento\",\"Limpieza viaria\",\"Residuos\"],\"inLanguage\":\"es\"},{\"@type\":\"WebPage\",\"@id\":\"https:\\\/\\\/mont-roig.cat\\\/es\\\/actualitat\\\/noticies\\\/lajuntament-de-mont-roig-del-camp-recorda-que-llencar-residus-fora-dels-contenidors-comporta-sancions-economiques\\\/\",\"url\":\"https:\\\/\\\/mont-roig.cat\\\/es\\\/actualitat\\\/noticies\\\/lajuntament-de-mont-roig-del-camp-recorda-que-llencar-residus-fora-dels-contenidors-comporta-sancions-economiques\\\/\",\"name\":\"El Ayuntamiento de Mont-roig del Camp recuerda que lanzar residuos fuera de los contenedores y los puntos limpios comporta sanciones econ\u00f3micas - Ajuntament de Mont-roig del Camp\",\"isPartOf\":{\"@id\":\"https:\\\/\\\/mont-roig.cat\\\/es\\\/#website\"},\"primaryImageOfPage\":{\"@id\":\"https:\\\/\\\/mont-roig.cat\\\/es\\\/actualitat\\\/noticies\\\/lajuntament-de-mont-roig-del-camp-recorda-que-llencar-residus-fora-dels-contenidors-comporta-sancions-economiques\\\/#primaryimage\"},\"image\":{\"@id\":\"https:\\\/\\\/mont-roig.cat\\\/es\\\/actualitat\\\/noticies\\\/lajuntament-de-mont-roig-del-camp-recorda-que-llencar-residus-fora-dels-contenidors-comporta-sancions-economiques\\\/#primaryimage\"},\"thumbnailUrl\":\"https:\\\/\\\/mont-roig.cat\\\/wp-content\\\/uploads\\\/incivisme.jpeg\",\"datePublished\":\"2022-02-11T12:37:27+00:00\",\"dateModified\":\"2022-02-11T12:54:09+00:00\",\"author\":{\"@id\":\"https:\\\/\\\/mont-roig.cat\\\/es\\\/#\\\/schema\\\/person\\\/1f73e7b5e6f9dd122e8a6f14f310ac5e\"},\"breadcrumb\":{\"@id\":\"https:\\\/\\\/mont-roig.cat\\\/es\\\/actualitat\\\/noticies\\\/lajuntament-de-mont-roig-del-camp-recorda-que-llencar-residus-fora-dels-contenidors-comporta-sancions-economiques\\\/#breadcrumb\"},\"inLanguage\":\"es\",\"potentialAction\":[{\"@type\":\"ReadAction\",\"target\":[\"https:\\\/\\\/mont-roig.cat\\\/es\\\/actualitat\\\/noticies\\\/lajuntament-de-mont-roig-del-camp-recorda-que-llencar-residus-fora-dels-contenidors-comporta-sancions-economiques\\\/\"]}]},{\"@type\":\"ImageObject\",\"inLanguage\":\"es\",\"@id\":\"https:\\\/\\\/mont-roig.cat\\\/es\\\/actualitat\\\/noticies\\\/lajuntament-de-mont-roig-del-camp-recorda-que-llencar-residus-fora-dels-contenidors-comporta-sancions-economiques\\\/#primaryimage\",\"url\":\"https:\\\/\\\/mont-roig.cat\\\/wp-content\\\/uploads\\\/incivisme.jpeg\",\"contentUrl\":\"https:\\\/\\\/mont-roig.cat\\\/wp-content\\\/uploads\\\/incivisme.jpeg\",\"width\":1440,\"height\":648},{\"@type\":\"BreadcrumbList\",\"@id\":\"https:\\\/\\\/mont-roig.cat\\\/es\\\/actualitat\\\/noticies\\\/lajuntament-de-mont-roig-del-camp-recorda-que-llencar-residus-fora-dels-contenidors-comporta-sancions-economiques\\\/#breadcrumb\",\"itemListElement\":[{\"@type\":\"ListItem\",\"position\":1,\"name\":\"Inici\",\"item\":\"https:\\\/\\\/mont-roig.cat\\\/es\\\/pagina-de-inicio\\\/\"},{\"@type\":\"ListItem\",\"position\":2,\"name\":\"El Ayuntamiento de Mont-roig del Camp recuerda que lanzar residuos fuera de los contenedores y los puntos limpios comporta sanciones econ\u00f3micas\"}]},{\"@type\":\"WebSite\",\"@id\":\"https:\\\/\\\/mont-roig.cat\\\/es\\\/#website\",\"url\":\"https:\\\/\\\/mont-roig.cat\\\/es\\\/\",\"name\":\"Ajuntament de Mont-roig del Camp\",\"description\":\"Tota la informaci\u00f3 sobre la instituci\u00f3, els seus \u00f2rgans de govern, actualitat, serveis i molt m\u00e9s.\",\"potentialAction\":[{\"@type\":\"SearchAction\",\"target\":{\"@type\":\"EntryPoint\",\"urlTemplate\":\"https:\\\/\\\/mont-roig.cat\\\/es\\\/?s={search_term_string}\"},\"query-input\":{\"@type\":\"PropertyValueSpecification\",\"valueRequired\":true,\"valueName\":\"search_term_string\"}}],\"inLanguage\":\"es\"},{\"@type\":\"Person\",\"@id\":\"https:\\\/\\\/mont-roig.cat\\\/es\\\/#\\\/schema\\\/person\\\/1f73e7b5e6f9dd122e8a6f14f310ac5e\",\"name\":\"comunicacio\",\"image\":{\"@type\":\"ImageObject\",\"inLanguage\":\"es\",\"@id\":\"https:\\\/\\\/secure.gravatar.com\\\/avatar\\\/98944333e7a877670a64f8d10f0cb680ab2c9ebc4efc43945ef004b52b5ad28c?s=96&d=mm&r=g\",\"url\":\"https:\\\/\\\/secure.gravatar.com\\\/avatar\\\/98944333e7a877670a64f8d10f0cb680ab2c9ebc4efc43945ef004b52b5ad28c?s=96&d=mm&r=g\",\"contentUrl\":\"https:\\\/\\\/secure.gravatar.com\\\/avatar\\\/98944333e7a877670a64f8d10f0cb680ab2c9ebc4efc43945ef004b52b5ad28c?s=96&d=mm&r=g\",\"caption\":\"comunicacio\"},\"url\":\"https:\\\/\\\/mont-roig.cat\\\/es\\\/actualitat\\\/noticies\\\/author\\\/comunicacio\\\/\"}]}<\/script>\n<!-- \/ Yoast SEO plugin. -->","yoast_head_json":{"title":"El Ayuntamiento de Mont-roig del Camp recuerda que lanzar residuos fuera de los contenedores y los puntos limpios comporta sanciones econ\u00f3micas - Ajuntament de Mont-roig del Camp","robots":{"index":"index","follow":"follow","max-snippet":"max-snippet:-1","max-image-preview":"max-image-preview:large","max-video-preview":"max-video-preview:-1"},"canonical":"https:\/\/mont-roig.cat\/es\/actualitat\/noticies\/lajuntament-de-mont-roig-del-camp-recorda-que-llencar-residus-fora-dels-contenidors-comporta-sancions-economiques\/","og_locale":"es_ES","og_type":"article","og_title":"El Ayuntamiento de Mont-roig del Camp recuerda que lanzar residuos fuera de los contenedores y los puntos limpios comporta sanciones econ\u00f3micas - Ajuntament de Mont-roig del Camp","og_description":"En los \u00faltimos seis meses se han iniciado 15 expedientes sancionadores por acciones inc\u00edvicas relacionadas con residuos y limpieza viaria que conllevan multas que pueden ir de los 400 a los 4.000 euros El Ayuntamiento de Mont-roig del Camp ha abierto 15 expedientes sancionadores contra personas o empresas por temas relacionados con el incumplimiento de [&hellip;]","og_url":"https:\/\/mont-roig.cat\/es\/actualitat\/noticies\/lajuntament-de-mont-roig-del-camp-recorda-que-llencar-residus-fora-dels-contenidors-comporta-sancions-economiques\/","og_site_name":"Ajuntament de Mont-roig del Camp","article_published_time":"2022-02-11T12:37:27+00:00","article_modified_time":"2022-02-11T12:54:09+00:00","og_image":[{"width":1440,"height":648,"url":"https:\/\/mont-roig.cat\/wp-content\/uploads\/incivisme.jpeg","type":"image\/jpeg"}],"author":"comunicacio","twitter_card":"summary_large_image","twitter_misc":{"Escrito por":"comunicacio","Tiempo de lectura":"3 minutos"},"schema":{"@context":"https:\/\/schema.org","@graph":[{"@type":"Article","@id":"https:\/\/mont-roig.cat\/es\/actualitat\/noticies\/lajuntament-de-mont-roig-del-camp-recorda-que-llencar-residus-fora-dels-contenidors-comporta-sancions-economiques\/#article","isPartOf":{"@id":"https:\/\/mont-roig.cat\/es\/actualitat\/noticies\/lajuntament-de-mont-roig-del-camp-recorda-que-llencar-residus-fora-dels-contenidors-comporta-sancions-economiques\/"},"author":{"name":"comunicacio","@id":"https:\/\/mont-roig.cat\/es\/#\/schema\/person\/1f73e7b5e6f9dd122e8a6f14f310ac5e"},"headline":"El Ayuntamiento de Mont-roig del Camp recuerda que lanzar residuos fuera de los contenedores y los puntos limpios comporta sanciones econ\u00f3micas","datePublished":"2022-02-11T12:37:27+00:00","dateModified":"2022-02-11T12:54:09+00:00","mainEntityOfPage":{"@id":"https:\/\/mont-roig.cat\/es\/actualitat\/noticies\/lajuntament-de-mont-roig-del-camp-recorda-que-llencar-residus-fora-dels-contenidors-comporta-sancions-economiques\/"},"wordCount":417,"image":{"@id":"https:\/\/mont-roig.cat\/es\/actualitat\/noticies\/lajuntament-de-mont-roig-del-camp-recorda-que-llencar-residus-fora-dels-contenidors-comporta-sancions-economiques\/#primaryimage"},"thumbnailUrl":"https:\/\/mont-roig.cat\/wp-content\/uploads\/incivisme.jpeg","articleSection":["Ayuntamiento","Limpieza viaria","Residuos"],"inLanguage":"es"},{"@type":"WebPage","@id":"https:\/\/mont-roig.cat\/es\/actualitat\/noticies\/lajuntament-de-mont-roig-del-camp-recorda-que-llencar-residus-fora-dels-contenidors-comporta-sancions-economiques\/","url":"https:\/\/mont-roig.cat\/es\/actualitat\/noticies\/lajuntament-de-mont-roig-del-camp-recorda-que-llencar-residus-fora-dels-contenidors-comporta-sancions-economiques\/","name":"El Ayuntamiento de Mont-roig del Camp recuerda que lanzar residuos fuera de los contenedores y los puntos limpios comporta sanciones econ\u00f3micas - Ajuntament de Mont-roig del Camp","isPartOf":{"@id":"https:\/\/mont-roig.cat\/es\/#website"},"primaryImageOfPage":{"@id":"https:\/\/mont-roig.cat\/es\/actualitat\/noticies\/lajuntament-de-mont-roig-del-camp-recorda-que-llencar-residus-fora-dels-contenidors-comporta-sancions-economiques\/#primaryimage"},"image":{"@id":"https:\/\/mont-roig.cat\/es\/actualitat\/noticies\/lajuntament-de-mont-roig-del-camp-recorda-que-llencar-residus-fora-dels-contenidors-comporta-sancions-economiques\/#primaryimage"},"thumbnailUrl":"https:\/\/mont-roig.cat\/wp-content\/uploads\/incivisme.jpeg","datePublished":"2022-02-11T12:37:27+00:00","dateModified":"2022-02-11T12:54:09+00:00","author":{"@id":"https:\/\/mont-roig.cat\/es\/#\/schema\/person\/1f73e7b5e6f9dd122e8a6f14f310ac5e"},"breadcrumb":{"@id":"https:\/\/mont-roig.cat\/es\/actualitat\/noticies\/lajuntament-de-mont-roig-del-camp-recorda-que-llencar-residus-fora-dels-contenidors-comporta-sancions-economiques\/#breadcrumb"},"inLanguage":"es","potentialAction":[{"@type":"ReadAction","target":["https:\/\/mont-roig.cat\/es\/actualitat\/noticies\/lajuntament-de-mont-roig-del-camp-recorda-que-llencar-residus-fora-dels-contenidors-comporta-sancions-economiques\/"]}]},{"@type":"ImageObject","inLanguage":"es","@id":"https:\/\/mont-roig.cat\/es\/actualitat\/noticies\/lajuntament-de-mont-roig-del-camp-recorda-que-llencar-residus-fora-dels-contenidors-comporta-sancions-economiques\/#primaryimage","url":"https:\/\/mont-roig.cat\/wp-content\/uploads\/incivisme.jpeg","contentUrl":"https:\/\/mont-roig.cat\/wp-content\/uploads\/incivisme.jpeg","width":1440,"height":648},{"@type":"BreadcrumbList","@id":"https:\/\/mont-roig.cat\/es\/actualitat\/noticies\/lajuntament-de-mont-roig-del-camp-recorda-que-llencar-residus-fora-dels-contenidors-comporta-sancions-economiques\/#breadcrumb","itemListElement":[{"@type":"ListItem","position":1,"name":"Inici","item":"https:\/\/mont-roig.cat\/es\/pagina-de-inicio\/"},{"@type":"ListItem","position":2,"name":"El Ayuntamiento de Mont-roig del Camp recuerda que lanzar residuos fuera de los contenedores y los puntos limpios comporta sanciones econ\u00f3micas"}]},{"@type":"WebSite","@id":"https:\/\/mont-roig.cat\/es\/#website","url":"https:\/\/mont-roig.cat\/es\/","name":"Ajuntament de Mont-roig del Camp","description":"Tota la informaci\u00f3 sobre la instituci\u00f3, els seus \u00f2rgans de govern, actualitat, serveis i molt m\u00e9s.","potentialAction":[{"@type":"SearchAction","target":{"@type":"EntryPoint","urlTemplate":"https:\/\/mont-roig.cat\/es\/?s={search_term_string}"},"query-input":{"@type":"PropertyValueSpecification","valueRequired":true,"valueName":"search_term_string"}}],"inLanguage":"es"},{"@type":"Person","@id":"https:\/\/mont-roig.cat\/es\/#\/schema\/person\/1f73e7b5e6f9dd122e8a6f14f310ac5e","name":"comunicacio","image":{"@type":"ImageObject","inLanguage":"es","@id":"https:\/\/secure.gravatar.com\/avatar\/98944333e7a877670a64f8d10f0cb680ab2c9ebc4efc43945ef004b52b5ad28c?s=96&d=mm&r=g","url":"https:\/\/secure.gravatar.com\/avatar\/98944333e7a877670a64f8d10f0cb680ab2c9ebc4efc43945ef004b52b5ad28c?s=96&d=mm&r=g","contentUrl":"https:\/\/secure.gravatar.com\/avatar\/98944333e7a877670a64f8d10f0cb680ab2c9ebc4efc43945ef004b52b5ad28c?s=96&d=mm&r=g","caption":"comunicacio"},"url":"https:\/\/mont-roig.cat\/es\/actualitat\/noticies\/author\/comunicacio\/"}]}},"_links":{"self":[{"href":"https:\/\/mont-roig.cat\/es\/wp-json\/wp\/v2\/posts\/60652","targetHints":{"allow":["GET"]}}],"collection":[{"href":"https:\/\/mont-roig.cat\/es\/wp-json\/wp\/v2\/posts"}],"about":[{"href":"https:\/\/mont-roig.cat\/es\/wp-json\/wp\/v2\/types\/post"}],"author":[{"embeddable":true,"href":"https:\/\/mont-roig.cat\/es\/wp-json\/wp\/v2\/users\/13"}],"replies":[{"embeddable":true,"href":"https:\/\/mont-roig.cat\/es\/wp-json\/wp\/v2\/comments?post=60652"}],"version-history":[{"count":2,"href":"https:\/\/mont-roig.cat\/es\/wp-json\/wp\/v2\/posts\/60652\/revisions"}],"predecessor-version":[{"id":60654,"href":"https:\/\/mont-roig.cat\/es\/wp-json\/wp\/v2\/posts\/60652\/revisions\/60654"}],"wp:featuredmedia":[{"embeddable":true,"href":"https:\/\/mont-roig.cat\/es\/wp-json\/wp\/v2\/media\/60644"}],"wp:attachment":[{"href":"https:\/\/mont-roig.cat\/es\/wp-json\/wp\/v2\/media?parent=60652"}],"wp:term":[{"taxonomy":"category","embeddable":true,"href":"https:\/\/mont-roig.cat\/es\/wp-json\/wp\/v2\/categories?post=60652"},{"taxonomy":"post_tag","embeddable":true,"href":"https:\/\/mont-roig.cat\/es\/wp-json\/wp\/v2\/tags?post=60652"}],"curies":[{"name":"wp","href":"https:\/\/api.w.org\/{rel}","templated":true}]}}