{"id":60715,"date":"2022-02-16T14:21:10","date_gmt":"2022-02-16T13:21:10","guid":{"rendered":"https:\/\/mont-roig.cat\/actualitat\/noticies\/arriba-la-quarta-edicio-de-les-jornades-gastronomiques-del-calcot-que-tindran-lloc-del-18-de-febrer-al-6-de-marc\/"},"modified":"2022-02-16T14:35:42","modified_gmt":"2022-02-16T13:35:42","slug":"llega-la-cuarta-edicion-de-las-jornadas-gastronomicas-del-calcot-que-tendran-lugar-del-18-de-febrero-al-6-de-marzo","status":"publish","type":"post","link":"https:\/\/mont-roig.cat\/es\/actualitat\/noticies\/llega-la-cuarta-edicion-de-las-jornadas-gastronomicas-del-calcot-que-tendran-lugar-del-18-de-febrero-al-6-de-marzo\/","title":{"rendered":"Llega la cuarta edici\u00f3n de las Jornadas Gastron\u00f3micas del Cal\u00e7ot, que tendr\u00e1n lugar del 18 de febrero al 6 de marzo"},"content":{"rendered":"<div id=\"attachment_60704\" style=\"width: 266px\" class=\"wp-caption alignright\"><a href=\"https:\/\/mont-roig.cat\/wp-content\/uploads\/Jornades-del-Calcot-1.jpeg\"><img loading=\"lazy\" decoding=\"async\" aria-describedby=\"caption-attachment-60704\" class=\"wp-image-60704\" src=\"https:\/\/mont-roig.cat\/wp-content\/uploads\/Jornades-del-Calcot-1-353x500.jpeg\" alt=\"\" width=\"256\" height=\"363\" srcset=\"https:\/\/mont-roig.cat\/wp-content\/uploads\/Jornades-del-Calcot-1-353x500.jpeg 353w, https:\/\/mont-roig.cat\/wp-content\/uploads\/Jornades-del-Calcot-1.jpeg 632w\" sizes=\"auto, (max-width: 256px) 100vw, 256px\" \/><\/a><p id=\"caption-attachment-60704\" class=\"wp-caption-text\">Cartel de las Jornadas Gastron\u00f3micas del Cal\u00e7ot.<\/p><\/div>\n<ul>\n<li><strong>Participan 6 restaurantes de Mont-roig y Miami Platja que ofrecer\u00e1n men\u00fas con el cal\u00e7ot como protagonista y la tradicional cal\u00e7otada.<\/strong><\/li>\n<\/ul>\n<p>Del 18 de febrero al 6\u00a0de marzo\u00a0del 2022, coincidiendo con el proceso de recolecci\u00f3n del cal\u00e7ot, se celebran en el municipio las\u00a0IV\u00a0Jornadas Gastron\u00f3micas del Cal\u00e7ot organizadas por Mont-roig Miami Turisme. En total participan seis restaurantes de Mont-roig y Miami Platja que nos sorprender\u00e1n con recetas donde el cal\u00e7ot se presenta en m\u00faltiples opciones culinarias, yendo m\u00e1s all\u00e1 de la tradicional cal\u00e7otada. Los restaurantes ofrecen men\u00fas que van de los 21 euros a los 26 euros y tambi\u00e9n existe la opci\u00f3n de la cal\u00e7otada tradicional con precios que se sit\u00faan entre los 29 y los 35 euros.<\/p>\n<p>Para promocionar estas jornadas, desde Mont-roig Miami Turisme se ha organizado un concurso por instagram que ofrece como premio 4 comidas a los establecimientos participantes. Para tomar parte en el concurso s\u00f3lo es necesario seguir a instagram el perfil @montroigmiamiturisme; hacer me gusta en la publicaci\u00f3n del sorteo en Instagram; mencionar a trav\u00e9s de los comentarios a las personas que se desee y opcionalmente compartir la publicaci\u00f3n en las historias de cada participante y mencionar @montroigmiamiturisme.<\/p>\n<p><strong>Los restaurantes participantes<\/strong><br \/>\nEn esta edici\u00f3n de las Jornadas Gastron\u00f3micas del Cal\u00e7ot participan los restaurantes Balmar, Can Salvad\u00f3, Casa Xavi, la Tasca d&#8217;en Joan y Restaurante Eclipse de Miami Platja y el restaurante la Cuina de l0Ermita Mont-roig.<\/p>\n<p>Programa de las Jornadas Gastron\u00f3micas del Cal\u00e7ot. <a href=\"https:\/\/mont-roig.cat\/wp-content\/uploads\/Jornades-Calcot.pdf\" target=\"_blank\" rel=\"noopener\">(descarrega el pdf)<\/a><\/p>\n<p>M\u00e9s info en <a href=\"https:\/\/www.mont-roigmiami.cat\/\" target=\"_blank\" rel=\"noopener\">Mont-roig Miami Turisme<\/a>.<\/p>\n","protected":false},"excerpt":{"rendered":"<p>Participan 6 restaurantes de Mont-roig y Miami Platja que ofrecer\u00e1n men\u00fas con el cal\u00e7ot como protagonista y la tradicional cal\u00e7otada. Del 18 de febrero al 6\u00a0de marzo\u00a0del 2022, coincidiendo con el proceso de recolecci\u00f3n del cal\u00e7ot, se celebran en el municipio las\u00a0IV\u00a0Jornadas Gastron\u00f3micas del Cal\u00e7ot organizadas por Mont-roig Miami Turisme. En total participan seis restaurantes [&hellip;]<\/p>\n","protected":false},"author":13,"featured_media":60707,"comment_status":"closed","ping_status":"closed","sticky":false,"template":"","format":"standard","meta":{"inline_featured_image":false,"_monsterinsights_skip_tracking":false,"_monsterinsights_sitenote_active":false,"_monsterinsights_sitenote_note":"","_monsterinsights_sitenote_category":0,"footnotes":""},"categories":[98,115],"tags":[],"class_list":["post-60715","post","type-post","status-publish","format-standard","has-post-thumbnail","hentry","category-ayuntamiento","category-turismo"],"yoast_head":"<!-- This site is optimized with the Yoast SEO plugin v27.4 - https:\/\/yoast.com\/product\/yoast-seo-wordpress\/ -->\n<title>Llega la cuarta edici\u00f3n de las Jornadas Gastron\u00f3micas del Cal\u00e7ot, que tendr\u00e1n lugar del 18 de febrero al 6 de marzo - Ajuntament de Mont-roig del Camp<\/title>\n<meta name=\"robots\" content=\"index, follow, max-snippet:-1, max-image-preview:large, max-video-preview:-1\" \/>\n<link rel=\"canonical\" href=\"https:\/\/mont-roig.cat\/es\/actualitat\/noticies\/llega-la-cuarta-edicion-de-las-jornadas-gastronomicas-del-calcot-que-tendran-lugar-del-18-de-febrero-al-6-de-marzo\/\" \/>\n<meta property=\"og:locale\" content=\"es_ES\" \/>\n<meta property=\"og:type\" content=\"article\" \/>\n<meta property=\"og:title\" content=\"Llega la cuarta edici\u00f3n de las Jornadas Gastron\u00f3micas del Cal\u00e7ot, que tendr\u00e1n lugar del 18 de febrero al 6 de marzo - Ajuntament de Mont-roig del Camp\" \/>\n<meta property=\"og:description\" content=\"Participan 6 restaurantes de Mont-roig y Miami Platja que ofrecer\u00e1n men\u00fas con el cal\u00e7ot como protagonista y la tradicional cal\u00e7otada. Del 18 de febrero al 6\u00a0de marzo\u00a0del 2022, coincidiendo con el proceso de recolecci\u00f3n del cal\u00e7ot, se celebran en el municipio las\u00a0IV\u00a0Jornadas Gastron\u00f3micas del Cal\u00e7ot organizadas por Mont-roig Miami Turisme. En total participan seis restaurantes [&hellip;]\" \/>\n<meta property=\"og:url\" content=\"https:\/\/mont-roig.cat\/es\/actualitat\/noticies\/llega-la-cuarta-edicion-de-las-jornadas-gastronomicas-del-calcot-que-tendran-lugar-del-18-de-febrero-al-6-de-marzo\/\" \/>\n<meta property=\"og:site_name\" content=\"Ajuntament de Mont-roig del Camp\" \/>\n<meta property=\"article:published_time\" content=\"2022-02-16T13:21:10+00:00\" \/>\n<meta property=\"article:modified_time\" content=\"2022-02-16T13:35:42+00:00\" \/>\n<meta property=\"og:image\" content=\"https:\/\/mont-roig.cat\/wp-content\/uploads\/MM_calcot_banner_turisme_1-8.png\" \/>\n\t<meta property=\"og:image:width\" content=\"768\" \/>\n\t<meta property=\"og:image:height\" content=\"500\" \/>\n\t<meta property=\"og:image:type\" content=\"image\/png\" \/>\n<meta name=\"author\" content=\"comunicacio\" \/>\n<meta name=\"twitter:card\" content=\"summary_large_image\" \/>\n<meta name=\"twitter:label1\" content=\"Escrito por\" \/>\n\t<meta name=\"twitter:data1\" content=\"comunicacio\" \/>\n\t<meta name=\"twitter:label2\" content=\"Tiempo de lectura\" \/>\n\t<meta name=\"twitter:data2\" content=\"2 minutos\" \/>\n<script type=\"application\/ld+json\" class=\"yoast-schema-graph\">{\"@context\":\"https:\\\/\\\/schema.org\",\"@graph\":[{\"@type\":\"Article\",\"@id\":\"https:\\\/\\\/mont-roig.cat\\\/es\\\/actualitat\\\/noticies\\\/llega-la-cuarta-edicion-de-las-jornadas-gastronomicas-del-calcot-que-tendran-lugar-del-18-de-febrero-al-6-de-marzo\\\/#article\",\"isPartOf\":{\"@id\":\"https:\\\/\\\/mont-roig.cat\\\/es\\\/actualitat\\\/noticies\\\/llega-la-cuarta-edicion-de-las-jornadas-gastronomicas-del-calcot-que-tendran-lugar-del-18-de-febrero-al-6-de-marzo\\\/\"},\"author\":{\"name\":\"comunicacio\",\"@id\":\"https:\\\/\\\/mont-roig.cat\\\/es\\\/#\\\/schema\\\/person\\\/1f73e7b5e6f9dd122e8a6f14f310ac5e\"},\"headline\":\"Llega la cuarta edici\u00f3n de las Jornadas Gastron\u00f3micas del Cal\u00e7ot, que tendr\u00e1n lugar del 18 de febrero al 6 de marzo\",\"datePublished\":\"2022-02-16T13:21:10+00:00\",\"dateModified\":\"2022-02-16T13:35:42+00:00\",\"mainEntityOfPage\":{\"@id\":\"https:\\\/\\\/mont-roig.cat\\\/es\\\/actualitat\\\/noticies\\\/llega-la-cuarta-edicion-de-las-jornadas-gastronomicas-del-calcot-que-tendran-lugar-del-18-de-febrero-al-6-de-marzo\\\/\"},\"wordCount\":309,\"image\":{\"@id\":\"https:\\\/\\\/mont-roig.cat\\\/es\\\/actualitat\\\/noticies\\\/llega-la-cuarta-edicion-de-las-jornadas-gastronomicas-del-calcot-que-tendran-lugar-del-18-de-febrero-al-6-de-marzo\\\/#primaryimage\"},\"thumbnailUrl\":\"https:\\\/\\\/mont-roig.cat\\\/wp-content\\\/uploads\\\/MM_calcot_banner_turisme_1-8.png\",\"articleSection\":[\"Ayuntamiento\",\"Turismo\"],\"inLanguage\":\"es\"},{\"@type\":\"WebPage\",\"@id\":\"https:\\\/\\\/mont-roig.cat\\\/es\\\/actualitat\\\/noticies\\\/llega-la-cuarta-edicion-de-las-jornadas-gastronomicas-del-calcot-que-tendran-lugar-del-18-de-febrero-al-6-de-marzo\\\/\",\"url\":\"https:\\\/\\\/mont-roig.cat\\\/es\\\/actualitat\\\/noticies\\\/llega-la-cuarta-edicion-de-las-jornadas-gastronomicas-del-calcot-que-tendran-lugar-del-18-de-febrero-al-6-de-marzo\\\/\",\"name\":\"Llega la cuarta edici\u00f3n de las Jornadas Gastron\u00f3micas del Cal\u00e7ot, que tendr\u00e1n lugar del 18 de febrero al 6 de marzo - Ajuntament de Mont-roig del Camp\",\"isPartOf\":{\"@id\":\"https:\\\/\\\/mont-roig.cat\\\/es\\\/#website\"},\"primaryImageOfPage\":{\"@id\":\"https:\\\/\\\/mont-roig.cat\\\/es\\\/actualitat\\\/noticies\\\/llega-la-cuarta-edicion-de-las-jornadas-gastronomicas-del-calcot-que-tendran-lugar-del-18-de-febrero-al-6-de-marzo\\\/#primaryimage\"},\"image\":{\"@id\":\"https:\\\/\\\/mont-roig.cat\\\/es\\\/actualitat\\\/noticies\\\/llega-la-cuarta-edicion-de-las-jornadas-gastronomicas-del-calcot-que-tendran-lugar-del-18-de-febrero-al-6-de-marzo\\\/#primaryimage\"},\"thumbnailUrl\":\"https:\\\/\\\/mont-roig.cat\\\/wp-content\\\/uploads\\\/MM_calcot_banner_turisme_1-8.png\",\"datePublished\":\"2022-02-16T13:21:10+00:00\",\"dateModified\":\"2022-02-16T13:35:42+00:00\",\"author\":{\"@id\":\"https:\\\/\\\/mont-roig.cat\\\/es\\\/#\\\/schema\\\/person\\\/1f73e7b5e6f9dd122e8a6f14f310ac5e\"},\"breadcrumb\":{\"@id\":\"https:\\\/\\\/mont-roig.cat\\\/es\\\/actualitat\\\/noticies\\\/llega-la-cuarta-edicion-de-las-jornadas-gastronomicas-del-calcot-que-tendran-lugar-del-18-de-febrero-al-6-de-marzo\\\/#breadcrumb\"},\"inLanguage\":\"es\",\"potentialAction\":[{\"@type\":\"ReadAction\",\"target\":[\"https:\\\/\\\/mont-roig.cat\\\/es\\\/actualitat\\\/noticies\\\/llega-la-cuarta-edicion-de-las-jornadas-gastronomicas-del-calcot-que-tendran-lugar-del-18-de-febrero-al-6-de-marzo\\\/\"]}]},{\"@type\":\"ImageObject\",\"inLanguage\":\"es\",\"@id\":\"https:\\\/\\\/mont-roig.cat\\\/es\\\/actualitat\\\/noticies\\\/llega-la-cuarta-edicion-de-las-jornadas-gastronomicas-del-calcot-que-tendran-lugar-del-18-de-febrero-al-6-de-marzo\\\/#primaryimage\",\"url\":\"https:\\\/\\\/mont-roig.cat\\\/wp-content\\\/uploads\\\/MM_calcot_banner_turisme_1-8.png\",\"contentUrl\":\"https:\\\/\\\/mont-roig.cat\\\/wp-content\\\/uploads\\\/MM_calcot_banner_turisme_1-8.png\",\"width\":768,\"height\":500},{\"@type\":\"BreadcrumbList\",\"@id\":\"https:\\\/\\\/mont-roig.cat\\\/es\\\/actualitat\\\/noticies\\\/llega-la-cuarta-edicion-de-las-jornadas-gastronomicas-del-calcot-que-tendran-lugar-del-18-de-febrero-al-6-de-marzo\\\/#breadcrumb\",\"itemListElement\":[{\"@type\":\"ListItem\",\"position\":1,\"name\":\"Inici\",\"item\":\"https:\\\/\\\/mont-roig.cat\\\/es\\\/pagina-de-inicio\\\/\"},{\"@type\":\"ListItem\",\"position\":2,\"name\":\"Llega la cuarta edici\u00f3n de las Jornadas Gastron\u00f3micas del Cal\u00e7ot, que tendr\u00e1n lugar del 18 de febrero al 6 de marzo\"}]},{\"@type\":\"WebSite\",\"@id\":\"https:\\\/\\\/mont-roig.cat\\\/es\\\/#website\",\"url\":\"https:\\\/\\\/mont-roig.cat\\\/es\\\/\",\"name\":\"Ajuntament de Mont-roig del Camp\",\"description\":\"Tota la informaci\u00f3 sobre la instituci\u00f3, els seus \u00f2rgans de govern, actualitat, serveis i molt m\u00e9s.\",\"potentialAction\":[{\"@type\":\"SearchAction\",\"target\":{\"@type\":\"EntryPoint\",\"urlTemplate\":\"https:\\\/\\\/mont-roig.cat\\\/es\\\/?s={search_term_string}\"},\"query-input\":{\"@type\":\"PropertyValueSpecification\",\"valueRequired\":true,\"valueName\":\"search_term_string\"}}],\"inLanguage\":\"es\"},{\"@type\":\"Person\",\"@id\":\"https:\\\/\\\/mont-roig.cat\\\/es\\\/#\\\/schema\\\/person\\\/1f73e7b5e6f9dd122e8a6f14f310ac5e\",\"name\":\"comunicacio\",\"image\":{\"@type\":\"ImageObject\",\"inLanguage\":\"es\",\"@id\":\"https:\\\/\\\/secure.gravatar.com\\\/avatar\\\/98944333e7a877670a64f8d10f0cb680ab2c9ebc4efc43945ef004b52b5ad28c?s=96&d=mm&r=g\",\"url\":\"https:\\\/\\\/secure.gravatar.com\\\/avatar\\\/98944333e7a877670a64f8d10f0cb680ab2c9ebc4efc43945ef004b52b5ad28c?s=96&d=mm&r=g\",\"contentUrl\":\"https:\\\/\\\/secure.gravatar.com\\\/avatar\\\/98944333e7a877670a64f8d10f0cb680ab2c9ebc4efc43945ef004b52b5ad28c?s=96&d=mm&r=g\",\"caption\":\"comunicacio\"},\"url\":\"https:\\\/\\\/mont-roig.cat\\\/es\\\/actualitat\\\/noticies\\\/author\\\/comunicacio\\\/\"}]}<\/script>\n<!-- \/ Yoast SEO plugin. -->","yoast_head_json":{"title":"Llega la cuarta edici\u00f3n de las Jornadas Gastron\u00f3micas del Cal\u00e7ot, que tendr\u00e1n lugar del 18 de febrero al 6 de marzo - Ajuntament de Mont-roig del Camp","robots":{"index":"index","follow":"follow","max-snippet":"max-snippet:-1","max-image-preview":"max-image-preview:large","max-video-preview":"max-video-preview:-1"},"canonical":"https:\/\/mont-roig.cat\/es\/actualitat\/noticies\/llega-la-cuarta-edicion-de-las-jornadas-gastronomicas-del-calcot-que-tendran-lugar-del-18-de-febrero-al-6-de-marzo\/","og_locale":"es_ES","og_type":"article","og_title":"Llega la cuarta edici\u00f3n de las Jornadas Gastron\u00f3micas del Cal\u00e7ot, que tendr\u00e1n lugar del 18 de febrero al 6 de marzo - Ajuntament de Mont-roig del Camp","og_description":"Participan 6 restaurantes de Mont-roig y Miami Platja que ofrecer\u00e1n men\u00fas con el cal\u00e7ot como protagonista y la tradicional cal\u00e7otada. Del 18 de febrero al 6\u00a0de marzo\u00a0del 2022, coincidiendo con el proceso de recolecci\u00f3n del cal\u00e7ot, se celebran en el municipio las\u00a0IV\u00a0Jornadas Gastron\u00f3micas del Cal\u00e7ot organizadas por Mont-roig Miami Turisme. En total participan seis restaurantes [&hellip;]","og_url":"https:\/\/mont-roig.cat\/es\/actualitat\/noticies\/llega-la-cuarta-edicion-de-las-jornadas-gastronomicas-del-calcot-que-tendran-lugar-del-18-de-febrero-al-6-de-marzo\/","og_site_name":"Ajuntament de Mont-roig del Camp","article_published_time":"2022-02-16T13:21:10+00:00","article_modified_time":"2022-02-16T13:35:42+00:00","og_image":[{"width":768,"height":500,"url":"https:\/\/mont-roig.cat\/wp-content\/uploads\/MM_calcot_banner_turisme_1-8.png","type":"image\/png"}],"author":"comunicacio","twitter_card":"summary_large_image","twitter_misc":{"Escrito por":"comunicacio","Tiempo de lectura":"2 minutos"},"schema":{"@context":"https:\/\/schema.org","@graph":[{"@type":"Article","@id":"https:\/\/mont-roig.cat\/es\/actualitat\/noticies\/llega-la-cuarta-edicion-de-las-jornadas-gastronomicas-del-calcot-que-tendran-lugar-del-18-de-febrero-al-6-de-marzo\/#article","isPartOf":{"@id":"https:\/\/mont-roig.cat\/es\/actualitat\/noticies\/llega-la-cuarta-edicion-de-las-jornadas-gastronomicas-del-calcot-que-tendran-lugar-del-18-de-febrero-al-6-de-marzo\/"},"author":{"name":"comunicacio","@id":"https:\/\/mont-roig.cat\/es\/#\/schema\/person\/1f73e7b5e6f9dd122e8a6f14f310ac5e"},"headline":"Llega la cuarta edici\u00f3n de las Jornadas Gastron\u00f3micas del Cal\u00e7ot, que tendr\u00e1n lugar del 18 de febrero al 6 de marzo","datePublished":"2022-02-16T13:21:10+00:00","dateModified":"2022-02-16T13:35:42+00:00","mainEntityOfPage":{"@id":"https:\/\/mont-roig.cat\/es\/actualitat\/noticies\/llega-la-cuarta-edicion-de-las-jornadas-gastronomicas-del-calcot-que-tendran-lugar-del-18-de-febrero-al-6-de-marzo\/"},"wordCount":309,"image":{"@id":"https:\/\/mont-roig.cat\/es\/actualitat\/noticies\/llega-la-cuarta-edicion-de-las-jornadas-gastronomicas-del-calcot-que-tendran-lugar-del-18-de-febrero-al-6-de-marzo\/#primaryimage"},"thumbnailUrl":"https:\/\/mont-roig.cat\/wp-content\/uploads\/MM_calcot_banner_turisme_1-8.png","articleSection":["Ayuntamiento","Turismo"],"inLanguage":"es"},{"@type":"WebPage","@id":"https:\/\/mont-roig.cat\/es\/actualitat\/noticies\/llega-la-cuarta-edicion-de-las-jornadas-gastronomicas-del-calcot-que-tendran-lugar-del-18-de-febrero-al-6-de-marzo\/","url":"https:\/\/mont-roig.cat\/es\/actualitat\/noticies\/llega-la-cuarta-edicion-de-las-jornadas-gastronomicas-del-calcot-que-tendran-lugar-del-18-de-febrero-al-6-de-marzo\/","name":"Llega la cuarta edici\u00f3n de las Jornadas Gastron\u00f3micas del Cal\u00e7ot, que tendr\u00e1n lugar del 18 de febrero al 6 de marzo - Ajuntament de Mont-roig del Camp","isPartOf":{"@id":"https:\/\/mont-roig.cat\/es\/#website"},"primaryImageOfPage":{"@id":"https:\/\/mont-roig.cat\/es\/actualitat\/noticies\/llega-la-cuarta-edicion-de-las-jornadas-gastronomicas-del-calcot-que-tendran-lugar-del-18-de-febrero-al-6-de-marzo\/#primaryimage"},"image":{"@id":"https:\/\/mont-roig.cat\/es\/actualitat\/noticies\/llega-la-cuarta-edicion-de-las-jornadas-gastronomicas-del-calcot-que-tendran-lugar-del-18-de-febrero-al-6-de-marzo\/#primaryimage"},"thumbnailUrl":"https:\/\/mont-roig.cat\/wp-content\/uploads\/MM_calcot_banner_turisme_1-8.png","datePublished":"2022-02-16T13:21:10+00:00","dateModified":"2022-02-16T13:35:42+00:00","author":{"@id":"https:\/\/mont-roig.cat\/es\/#\/schema\/person\/1f73e7b5e6f9dd122e8a6f14f310ac5e"},"breadcrumb":{"@id":"https:\/\/mont-roig.cat\/es\/actualitat\/noticies\/llega-la-cuarta-edicion-de-las-jornadas-gastronomicas-del-calcot-que-tendran-lugar-del-18-de-febrero-al-6-de-marzo\/#breadcrumb"},"inLanguage":"es","potentialAction":[{"@type":"ReadAction","target":["https:\/\/mont-roig.cat\/es\/actualitat\/noticies\/llega-la-cuarta-edicion-de-las-jornadas-gastronomicas-del-calcot-que-tendran-lugar-del-18-de-febrero-al-6-de-marzo\/"]}]},{"@type":"ImageObject","inLanguage":"es","@id":"https:\/\/mont-roig.cat\/es\/actualitat\/noticies\/llega-la-cuarta-edicion-de-las-jornadas-gastronomicas-del-calcot-que-tendran-lugar-del-18-de-febrero-al-6-de-marzo\/#primaryimage","url":"https:\/\/mont-roig.cat\/wp-content\/uploads\/MM_calcot_banner_turisme_1-8.png","contentUrl":"https:\/\/mont-roig.cat\/wp-content\/uploads\/MM_calcot_banner_turisme_1-8.png","width":768,"height":500},{"@type":"BreadcrumbList","@id":"https:\/\/mont-roig.cat\/es\/actualitat\/noticies\/llega-la-cuarta-edicion-de-las-jornadas-gastronomicas-del-calcot-que-tendran-lugar-del-18-de-febrero-al-6-de-marzo\/#breadcrumb","itemListElement":[{"@type":"ListItem","position":1,"name":"Inici","item":"https:\/\/mont-roig.cat\/es\/pagina-de-inicio\/"},{"@type":"ListItem","position":2,"name":"Llega la cuarta edici\u00f3n de las Jornadas Gastron\u00f3micas del Cal\u00e7ot, que tendr\u00e1n lugar del 18 de febrero al 6 de marzo"}]},{"@type":"WebSite","@id":"https:\/\/mont-roig.cat\/es\/#website","url":"https:\/\/mont-roig.cat\/es\/","name":"Ajuntament de Mont-roig del Camp","description":"Tota la informaci\u00f3 sobre la instituci\u00f3, els seus \u00f2rgans de govern, actualitat, serveis i molt m\u00e9s.","potentialAction":[{"@type":"SearchAction","target":{"@type":"EntryPoint","urlTemplate":"https:\/\/mont-roig.cat\/es\/?s={search_term_string}"},"query-input":{"@type":"PropertyValueSpecification","valueRequired":true,"valueName":"search_term_string"}}],"inLanguage":"es"},{"@type":"Person","@id":"https:\/\/mont-roig.cat\/es\/#\/schema\/person\/1f73e7b5e6f9dd122e8a6f14f310ac5e","name":"comunicacio","image":{"@type":"ImageObject","inLanguage":"es","@id":"https:\/\/secure.gravatar.com\/avatar\/98944333e7a877670a64f8d10f0cb680ab2c9ebc4efc43945ef004b52b5ad28c?s=96&d=mm&r=g","url":"https:\/\/secure.gravatar.com\/avatar\/98944333e7a877670a64f8d10f0cb680ab2c9ebc4efc43945ef004b52b5ad28c?s=96&d=mm&r=g","contentUrl":"https:\/\/secure.gravatar.com\/avatar\/98944333e7a877670a64f8d10f0cb680ab2c9ebc4efc43945ef004b52b5ad28c?s=96&d=mm&r=g","caption":"comunicacio"},"url":"https:\/\/mont-roig.cat\/es\/actualitat\/noticies\/author\/comunicacio\/"}]}},"_links":{"self":[{"href":"https:\/\/mont-roig.cat\/es\/wp-json\/wp\/v2\/posts\/60715","targetHints":{"allow":["GET"]}}],"collection":[{"href":"https:\/\/mont-roig.cat\/es\/wp-json\/wp\/v2\/posts"}],"about":[{"href":"https:\/\/mont-roig.cat\/es\/wp-json\/wp\/v2\/types\/post"}],"author":[{"embeddable":true,"href":"https:\/\/mont-roig.cat\/es\/wp-json\/wp\/v2\/users\/13"}],"replies":[{"embeddable":true,"href":"https:\/\/mont-roig.cat\/es\/wp-json\/wp\/v2\/comments?post=60715"}],"version-history":[{"count":2,"href":"https:\/\/mont-roig.cat\/es\/wp-json\/wp\/v2\/posts\/60715\/revisions"}],"predecessor-version":[{"id":60717,"href":"https:\/\/mont-roig.cat\/es\/wp-json\/wp\/v2\/posts\/60715\/revisions\/60717"}],"wp:featuredmedia":[{"embeddable":true,"href":"https:\/\/mont-roig.cat\/es\/wp-json\/wp\/v2\/media\/60707"}],"wp:attachment":[{"href":"https:\/\/mont-roig.cat\/es\/wp-json\/wp\/v2\/media?parent=60715"}],"wp:term":[{"taxonomy":"category","embeddable":true,"href":"https:\/\/mont-roig.cat\/es\/wp-json\/wp\/v2\/categories?post=60715"},{"taxonomy":"post_tag","embeddable":true,"href":"https:\/\/mont-roig.cat\/es\/wp-json\/wp\/v2\/tags?post=60715"}],"curies":[{"name":"wp","href":"https:\/\/api.w.org\/{rel}","templated":true}]}}