{"id":60726,"date":"2022-02-16T14:48:02","date_gmt":"2022-02-16T13:48:02","guid":{"rendered":"https:\/\/mont-roig.cat\/actualitat\/noticies\/60721\/"},"modified":"2022-02-17T10:09:04","modified_gmt":"2022-02-17T09:09:04","slug":"cambrils-y-mont-roig-del-camp-intensificaran-la-colaboracion-en-proyectos-e-infraestructuras-compartidas","status":"publish","type":"post","link":"https:\/\/mont-roig.cat\/es\/actualitat\/noticies\/cambrils-y-mont-roig-del-camp-intensificaran-la-colaboracion-en-proyectos-e-infraestructuras-compartidas\/","title":{"rendered":"Cambrils y Mont-roig del Camp intensificar\u00e1n la colaboraci\u00f3n en proyectos e infraestructuras compartidas"},"content":{"rendered":"<ul>\n<li><strong>Los alcaldes de ambas poblaciones, reunidos para tratar el futuro del tramo liberado de la v\u00eda f\u00e9rrea o la adecuaci\u00f3n de la N-340 a usos urbanos.<\/strong><\/li>\n<\/ul>\n<div id=\"attachment_60741\" style=\"width: 310px\" class=\"wp-caption alignright\"><a href=\"https:\/\/mont-roig.cat\/wp-content\/uploads\/IMG_6597.jpg\"><img loading=\"lazy\" decoding=\"async\" aria-describedby=\"caption-attachment-60741\" class=\"wp-image-60741\" src=\"https:\/\/mont-roig.cat\/wp-content\/uploads\/IMG_6597-500x375.jpg\" alt=\"\" width=\"300\" height=\"225\" srcset=\"https:\/\/mont-roig.cat\/wp-content\/uploads\/IMG_6597-500x375.jpg 500w, https:\/\/mont-roig.cat\/wp-content\/uploads\/IMG_6597-1024x768.jpg 1024w, https:\/\/mont-roig.cat\/wp-content\/uploads\/IMG_6597-768x576.jpg 768w, https:\/\/mont-roig.cat\/wp-content\/uploads\/IMG_6597-1536x1152.jpg 1536w, https:\/\/mont-roig.cat\/wp-content\/uploads\/IMG_6597-scaled.jpg 2048w, https:\/\/mont-roig.cat\/wp-content\/uploads\/IMG_6597-463x348.jpg 463w\" sizes=\"auto, (max-width: 300px) 100vw, 300px\" \/><\/a><p id=\"caption-attachment-60741\" class=\"wp-caption-text\">Los alcaldes de Mont-roig del Camp y Cambrils, acompa\u00f1ados de diversos concejales de cada ayuntamiento.<\/p><\/div>\n<p>Los alcaldes de Cambrils, Oliver Klein, y de Mont-roig del Camp, Fran Morancho, se han reunido este martes en el consistorio cambrilense con el objetivo de poner en com\u00fan algunos proyectos estrat\u00e9gicos para los dos municipios que supondr\u00e1n, en los pr\u00f3ximos a\u00f1os , intensificar la comunicaci\u00f3n y la cohesi\u00f3n entre ambas poblaciones. Se trata de proyectos ligados a infraestructuras que conectan f\u00edsicamente ambos municipios, como el desmantelamiento de la v\u00eda de tren, la urbanizaci\u00f3n de la N340 y la conexi\u00f3n de Cambrils y Mont-roig del Camp por la senda litoral.<\/p>\n<p>En el encuentro, la primera oficial entre los alcaldes de las dos poblaciones vecinas desde la toma de posesi\u00f3n de Klein, han asistido tambi\u00e9n los concejales de Servicios Generales y Medio Ambiente, Josep M Vall\u00e8s, el de Urbanismo, Enric Daza y la responsable de Educaci\u00f3n, Igualdad y Empleo, Ingrid Duch, adem\u00e1s de la concejala de Impulso Econ\u00f3mico y Turismo del Ayuntamiento de Mont-roig del Camp, Yolanda P\u00e9rez. Aparte de tratar sobre las infraestructuras que conectan ambos municipios, se han puesto sobre la mesa otras cuestiones comunes como los servicios en las playas y la resiliencia del litoral, la red de caminos interiores y el sector de la agricultura, afectaci\u00f3n del Plan Director Urban\u00edstico de revisi\u00f3n de suelos no sostenibles o las opciones a concurrir a los fondos europeos Next Generation.<\/p>\n<p><strong>Compromiso para trabajar juntos en la redefinici\u00f3n de infraestructuras de conexi\u00f3n<\/strong><\/p>\n<p>En cuanto al desmantelamiento de la v\u00eda f\u00e9rrea por la entrada en funcionamiento del Corredor del Mediterr\u00e1neo, ambos gobiernos se han emplazado a trabajar conjuntamente el proyecto de v\u00eda verde que conectar\u00e1 Cambrils desde el punto de la antigua estaci\u00f3n, Mont-roig del Campo pasando por el n\u00facleo urbano de Miami Platja, y L&#8217;Hospitalet de l&#8217;Infant. Seg\u00fan explicaron ambos alcaldes, existe una gran oportunidad de promoci\u00f3n tur\u00edstica y de conectividad a trav\u00e9s de esta nueva infraestructura que llevar\u00e1 a cabo el gobierno del Estado, pero que atender\u00e1 a las necesidades y demandas de los municipios afectados.<\/p>\n<p>Klein y Morancho tambi\u00e9n se han emplazado a poner en com\u00fan el proyecto de reconversi\u00f3n y mantenimiento de la N340, la otra gran infraestructura de conexi\u00f3n entre Cambrils y Mont-roig del Camp. En este sentido, el Ayuntamiento de Mont-roig del Camp est\u00e1 trabajando en el proyecto de reconversi\u00f3n de la carretera antes de solicitar la titularidad de la v\u00eda, que tendr\u00e1 que convertirse en urbana y conectar\u00e1 con el tramo ya recepcionado de Cambrils.<\/p>\n<p>Finamente, en cuanto a la l\u00ednea de costa, los representantes de ambos ayuntamientos tambi\u00e9n han expresado que la futura senda del litoral supone tambi\u00e9n una excelente oportunidad de conexi\u00f3n y acercamiento, y han asegurado que trabajar\u00e1n conjuntamente para permitir la vialidad ininterrumpida entre las playas de Cambrils y las de Mont-roig del Camp a trav\u00e9s de un futuro puente sobre la riera de Riudecanyes.<\/p>\n","protected":false},"excerpt":{"rendered":"<p>Los alcaldes de ambas poblaciones, reunidos para tratar el futuro del tramo liberado de la v\u00eda f\u00e9rrea o la adecuaci\u00f3n de la N-340 a usos urbanos. Los alcaldes de Cambrils, Oliver Klein, y de Mont-roig del Camp, Fran Morancho, se han reunido este martes en el consistorio cambrilense con el objetivo de poner en com\u00fan [&hellip;]<\/p>\n","protected":false},"author":13,"featured_media":60741,"comment_status":"closed","ping_status":"closed","sticky":false,"template":"","format":"standard","meta":{"inline_featured_image":false,"_monsterinsights_skip_tracking":false,"_monsterinsights_sitenote_active":false,"_monsterinsights_sitenote_note":"","_monsterinsights_sitenote_category":0,"footnotes":""},"categories":[98],"tags":[],"class_list":["post-60726","post","type-post","status-publish","format-standard","has-post-thumbnail","hentry","category-ayuntamiento"],"yoast_head":"<!-- This site is optimized with the Yoast SEO plugin v27.4 - https:\/\/yoast.com\/product\/yoast-seo-wordpress\/ -->\n<title>Cambrils y Mont-roig del Camp intensificar\u00e1n la colaboraci\u00f3n en proyectos e infraestructuras compartidas - Ajuntament de Mont-roig del Camp<\/title>\n<meta name=\"robots\" content=\"index, follow, max-snippet:-1, max-image-preview:large, max-video-preview:-1\" \/>\n<link rel=\"canonical\" href=\"https:\/\/mont-roig.cat\/es\/actualitat\/noticies\/cambrils-y-mont-roig-del-camp-intensificaran-la-colaboracion-en-proyectos-e-infraestructuras-compartidas\/\" \/>\n<meta property=\"og:locale\" content=\"es_ES\" \/>\n<meta property=\"og:type\" content=\"article\" \/>\n<meta property=\"og:title\" content=\"Cambrils y Mont-roig del Camp intensificar\u00e1n la colaboraci\u00f3n en proyectos e infraestructuras compartidas - Ajuntament de Mont-roig del Camp\" \/>\n<meta property=\"og:description\" content=\"Los alcaldes de ambas poblaciones, reunidos para tratar el futuro del tramo liberado de la v\u00eda f\u00e9rrea o la adecuaci\u00f3n de la N-340 a usos urbanos. Los alcaldes de Cambrils, Oliver Klein, y de Mont-roig del Camp, Fran Morancho, se han reunido este martes en el consistorio cambrilense con el objetivo de poner en com\u00fan [&hellip;]\" \/>\n<meta property=\"og:url\" content=\"https:\/\/mont-roig.cat\/es\/actualitat\/noticies\/cambrils-y-mont-roig-del-camp-intensificaran-la-colaboracion-en-proyectos-e-infraestructuras-compartidas\/\" \/>\n<meta property=\"og:site_name\" content=\"Ajuntament de Mont-roig del Camp\" \/>\n<meta property=\"article:published_time\" content=\"2022-02-16T13:48:02+00:00\" \/>\n<meta property=\"article:modified_time\" content=\"2022-02-17T09:09:04+00:00\" \/>\n<meta property=\"og:image\" content=\"https:\/\/mont-roig.cat\/wp-content\/uploads\/IMG_6597.jpg\" \/>\n\t<meta property=\"og:image:width\" content=\"2048\" \/>\n\t<meta property=\"og:image:height\" content=\"1536\" \/>\n\t<meta property=\"og:image:type\" content=\"image\/jpeg\" \/>\n<meta name=\"author\" content=\"comunicacio\" \/>\n<meta name=\"twitter:card\" content=\"summary_large_image\" \/>\n<meta name=\"twitter:label1\" content=\"Escrito por\" \/>\n\t<meta name=\"twitter:data1\" content=\"comunicacio\" \/>\n\t<meta name=\"twitter:label2\" content=\"Tiempo de lectura\" \/>\n\t<meta name=\"twitter:data2\" content=\"3 minutos\" \/>\n<script type=\"application\/ld+json\" class=\"yoast-schema-graph\">{\"@context\":\"https:\\\/\\\/schema.org\",\"@graph\":[{\"@type\":\"Article\",\"@id\":\"https:\\\/\\\/mont-roig.cat\\\/es\\\/actualitat\\\/noticies\\\/cambrils-y-mont-roig-del-camp-intensificaran-la-colaboracion-en-proyectos-e-infraestructuras-compartidas\\\/#article\",\"isPartOf\":{\"@id\":\"https:\\\/\\\/mont-roig.cat\\\/es\\\/actualitat\\\/noticies\\\/cambrils-y-mont-roig-del-camp-intensificaran-la-colaboracion-en-proyectos-e-infraestructuras-compartidas\\\/\"},\"author\":{\"name\":\"comunicacio\",\"@id\":\"https:\\\/\\\/mont-roig.cat\\\/es\\\/#\\\/schema\\\/person\\\/1f73e7b5e6f9dd122e8a6f14f310ac5e\"},\"headline\":\"Cambrils y Mont-roig del Camp intensificar\u00e1n la colaboraci\u00f3n en proyectos e infraestructuras compartidas\",\"datePublished\":\"2022-02-16T13:48:02+00:00\",\"dateModified\":\"2022-02-17T09:09:04+00:00\",\"mainEntityOfPage\":{\"@id\":\"https:\\\/\\\/mont-roig.cat\\\/es\\\/actualitat\\\/noticies\\\/cambrils-y-mont-roig-del-camp-intensificaran-la-colaboracion-en-proyectos-e-infraestructuras-compartidas\\\/\"},\"wordCount\":575,\"image\":{\"@id\":\"https:\\\/\\\/mont-roig.cat\\\/es\\\/actualitat\\\/noticies\\\/cambrils-y-mont-roig-del-camp-intensificaran-la-colaboracion-en-proyectos-e-infraestructuras-compartidas\\\/#primaryimage\"},\"thumbnailUrl\":\"https:\\\/\\\/mont-roig.cat\\\/wp-content\\\/uploads\\\/IMG_6597.jpg\",\"articleSection\":[\"Ayuntamiento\"],\"inLanguage\":\"es\"},{\"@type\":\"WebPage\",\"@id\":\"https:\\\/\\\/mont-roig.cat\\\/es\\\/actualitat\\\/noticies\\\/cambrils-y-mont-roig-del-camp-intensificaran-la-colaboracion-en-proyectos-e-infraestructuras-compartidas\\\/\",\"url\":\"https:\\\/\\\/mont-roig.cat\\\/es\\\/actualitat\\\/noticies\\\/cambrils-y-mont-roig-del-camp-intensificaran-la-colaboracion-en-proyectos-e-infraestructuras-compartidas\\\/\",\"name\":\"Cambrils y Mont-roig del Camp intensificar\u00e1n la colaboraci\u00f3n en proyectos e infraestructuras compartidas - Ajuntament de Mont-roig del Camp\",\"isPartOf\":{\"@id\":\"https:\\\/\\\/mont-roig.cat\\\/es\\\/#website\"},\"primaryImageOfPage\":{\"@id\":\"https:\\\/\\\/mont-roig.cat\\\/es\\\/actualitat\\\/noticies\\\/cambrils-y-mont-roig-del-camp-intensificaran-la-colaboracion-en-proyectos-e-infraestructuras-compartidas\\\/#primaryimage\"},\"image\":{\"@id\":\"https:\\\/\\\/mont-roig.cat\\\/es\\\/actualitat\\\/noticies\\\/cambrils-y-mont-roig-del-camp-intensificaran-la-colaboracion-en-proyectos-e-infraestructuras-compartidas\\\/#primaryimage\"},\"thumbnailUrl\":\"https:\\\/\\\/mont-roig.cat\\\/wp-content\\\/uploads\\\/IMG_6597.jpg\",\"datePublished\":\"2022-02-16T13:48:02+00:00\",\"dateModified\":\"2022-02-17T09:09:04+00:00\",\"author\":{\"@id\":\"https:\\\/\\\/mont-roig.cat\\\/es\\\/#\\\/schema\\\/person\\\/1f73e7b5e6f9dd122e8a6f14f310ac5e\"},\"breadcrumb\":{\"@id\":\"https:\\\/\\\/mont-roig.cat\\\/es\\\/actualitat\\\/noticies\\\/cambrils-y-mont-roig-del-camp-intensificaran-la-colaboracion-en-proyectos-e-infraestructuras-compartidas\\\/#breadcrumb\"},\"inLanguage\":\"es\",\"potentialAction\":[{\"@type\":\"ReadAction\",\"target\":[\"https:\\\/\\\/mont-roig.cat\\\/es\\\/actualitat\\\/noticies\\\/cambrils-y-mont-roig-del-camp-intensificaran-la-colaboracion-en-proyectos-e-infraestructuras-compartidas\\\/\"]}]},{\"@type\":\"ImageObject\",\"inLanguage\":\"es\",\"@id\":\"https:\\\/\\\/mont-roig.cat\\\/es\\\/actualitat\\\/noticies\\\/cambrils-y-mont-roig-del-camp-intensificaran-la-colaboracion-en-proyectos-e-infraestructuras-compartidas\\\/#primaryimage\",\"url\":\"https:\\\/\\\/mont-roig.cat\\\/wp-content\\\/uploads\\\/IMG_6597.jpg\",\"contentUrl\":\"https:\\\/\\\/mont-roig.cat\\\/wp-content\\\/uploads\\\/IMG_6597.jpg\",\"width\":2048,\"height\":1536},{\"@type\":\"BreadcrumbList\",\"@id\":\"https:\\\/\\\/mont-roig.cat\\\/es\\\/actualitat\\\/noticies\\\/cambrils-y-mont-roig-del-camp-intensificaran-la-colaboracion-en-proyectos-e-infraestructuras-compartidas\\\/#breadcrumb\",\"itemListElement\":[{\"@type\":\"ListItem\",\"position\":1,\"name\":\"Inici\",\"item\":\"https:\\\/\\\/mont-roig.cat\\\/es\\\/pagina-de-inicio\\\/\"},{\"@type\":\"ListItem\",\"position\":2,\"name\":\"Cambrils y Mont-roig del Camp intensificar\u00e1n la colaboraci\u00f3n en proyectos e infraestructuras compartidas\"}]},{\"@type\":\"WebSite\",\"@id\":\"https:\\\/\\\/mont-roig.cat\\\/es\\\/#website\",\"url\":\"https:\\\/\\\/mont-roig.cat\\\/es\\\/\",\"name\":\"Ajuntament de Mont-roig del Camp\",\"description\":\"Tota la informaci\u00f3 sobre la instituci\u00f3, els seus \u00f2rgans de govern, actualitat, serveis i molt m\u00e9s.\",\"potentialAction\":[{\"@type\":\"SearchAction\",\"target\":{\"@type\":\"EntryPoint\",\"urlTemplate\":\"https:\\\/\\\/mont-roig.cat\\\/es\\\/?s={search_term_string}\"},\"query-input\":{\"@type\":\"PropertyValueSpecification\",\"valueRequired\":true,\"valueName\":\"search_term_string\"}}],\"inLanguage\":\"es\"},{\"@type\":\"Person\",\"@id\":\"https:\\\/\\\/mont-roig.cat\\\/es\\\/#\\\/schema\\\/person\\\/1f73e7b5e6f9dd122e8a6f14f310ac5e\",\"name\":\"comunicacio\",\"image\":{\"@type\":\"ImageObject\",\"inLanguage\":\"es\",\"@id\":\"https:\\\/\\\/secure.gravatar.com\\\/avatar\\\/98944333e7a877670a64f8d10f0cb680ab2c9ebc4efc43945ef004b52b5ad28c?s=96&d=mm&r=g\",\"url\":\"https:\\\/\\\/secure.gravatar.com\\\/avatar\\\/98944333e7a877670a64f8d10f0cb680ab2c9ebc4efc43945ef004b52b5ad28c?s=96&d=mm&r=g\",\"contentUrl\":\"https:\\\/\\\/secure.gravatar.com\\\/avatar\\\/98944333e7a877670a64f8d10f0cb680ab2c9ebc4efc43945ef004b52b5ad28c?s=96&d=mm&r=g\",\"caption\":\"comunicacio\"},\"url\":\"https:\\\/\\\/mont-roig.cat\\\/es\\\/actualitat\\\/noticies\\\/author\\\/comunicacio\\\/\"}]}<\/script>\n<!-- \/ Yoast SEO plugin. -->","yoast_head_json":{"title":"Cambrils y Mont-roig del Camp intensificar\u00e1n la colaboraci\u00f3n en proyectos e infraestructuras compartidas - Ajuntament de Mont-roig del Camp","robots":{"index":"index","follow":"follow","max-snippet":"max-snippet:-1","max-image-preview":"max-image-preview:large","max-video-preview":"max-video-preview:-1"},"canonical":"https:\/\/mont-roig.cat\/es\/actualitat\/noticies\/cambrils-y-mont-roig-del-camp-intensificaran-la-colaboracion-en-proyectos-e-infraestructuras-compartidas\/","og_locale":"es_ES","og_type":"article","og_title":"Cambrils y Mont-roig del Camp intensificar\u00e1n la colaboraci\u00f3n en proyectos e infraestructuras compartidas - Ajuntament de Mont-roig del Camp","og_description":"Los alcaldes de ambas poblaciones, reunidos para tratar el futuro del tramo liberado de la v\u00eda f\u00e9rrea o la adecuaci\u00f3n de la N-340 a usos urbanos. Los alcaldes de Cambrils, Oliver Klein, y de Mont-roig del Camp, Fran Morancho, se han reunido este martes en el consistorio cambrilense con el objetivo de poner en com\u00fan [&hellip;]","og_url":"https:\/\/mont-roig.cat\/es\/actualitat\/noticies\/cambrils-y-mont-roig-del-camp-intensificaran-la-colaboracion-en-proyectos-e-infraestructuras-compartidas\/","og_site_name":"Ajuntament de Mont-roig del Camp","article_published_time":"2022-02-16T13:48:02+00:00","article_modified_time":"2022-02-17T09:09:04+00:00","og_image":[{"width":2048,"height":1536,"url":"https:\/\/mont-roig.cat\/wp-content\/uploads\/IMG_6597.jpg","type":"image\/jpeg"}],"author":"comunicacio","twitter_card":"summary_large_image","twitter_misc":{"Escrito por":"comunicacio","Tiempo de lectura":"3 minutos"},"schema":{"@context":"https:\/\/schema.org","@graph":[{"@type":"Article","@id":"https:\/\/mont-roig.cat\/es\/actualitat\/noticies\/cambrils-y-mont-roig-del-camp-intensificaran-la-colaboracion-en-proyectos-e-infraestructuras-compartidas\/#article","isPartOf":{"@id":"https:\/\/mont-roig.cat\/es\/actualitat\/noticies\/cambrils-y-mont-roig-del-camp-intensificaran-la-colaboracion-en-proyectos-e-infraestructuras-compartidas\/"},"author":{"name":"comunicacio","@id":"https:\/\/mont-roig.cat\/es\/#\/schema\/person\/1f73e7b5e6f9dd122e8a6f14f310ac5e"},"headline":"Cambrils y Mont-roig del Camp intensificar\u00e1n la colaboraci\u00f3n en proyectos e infraestructuras compartidas","datePublished":"2022-02-16T13:48:02+00:00","dateModified":"2022-02-17T09:09:04+00:00","mainEntityOfPage":{"@id":"https:\/\/mont-roig.cat\/es\/actualitat\/noticies\/cambrils-y-mont-roig-del-camp-intensificaran-la-colaboracion-en-proyectos-e-infraestructuras-compartidas\/"},"wordCount":575,"image":{"@id":"https:\/\/mont-roig.cat\/es\/actualitat\/noticies\/cambrils-y-mont-roig-del-camp-intensificaran-la-colaboracion-en-proyectos-e-infraestructuras-compartidas\/#primaryimage"},"thumbnailUrl":"https:\/\/mont-roig.cat\/wp-content\/uploads\/IMG_6597.jpg","articleSection":["Ayuntamiento"],"inLanguage":"es"},{"@type":"WebPage","@id":"https:\/\/mont-roig.cat\/es\/actualitat\/noticies\/cambrils-y-mont-roig-del-camp-intensificaran-la-colaboracion-en-proyectos-e-infraestructuras-compartidas\/","url":"https:\/\/mont-roig.cat\/es\/actualitat\/noticies\/cambrils-y-mont-roig-del-camp-intensificaran-la-colaboracion-en-proyectos-e-infraestructuras-compartidas\/","name":"Cambrils y Mont-roig del Camp intensificar\u00e1n la colaboraci\u00f3n en proyectos e infraestructuras compartidas - Ajuntament de Mont-roig del Camp","isPartOf":{"@id":"https:\/\/mont-roig.cat\/es\/#website"},"primaryImageOfPage":{"@id":"https:\/\/mont-roig.cat\/es\/actualitat\/noticies\/cambrils-y-mont-roig-del-camp-intensificaran-la-colaboracion-en-proyectos-e-infraestructuras-compartidas\/#primaryimage"},"image":{"@id":"https:\/\/mont-roig.cat\/es\/actualitat\/noticies\/cambrils-y-mont-roig-del-camp-intensificaran-la-colaboracion-en-proyectos-e-infraestructuras-compartidas\/#primaryimage"},"thumbnailUrl":"https:\/\/mont-roig.cat\/wp-content\/uploads\/IMG_6597.jpg","datePublished":"2022-02-16T13:48:02+00:00","dateModified":"2022-02-17T09:09:04+00:00","author":{"@id":"https:\/\/mont-roig.cat\/es\/#\/schema\/person\/1f73e7b5e6f9dd122e8a6f14f310ac5e"},"breadcrumb":{"@id":"https:\/\/mont-roig.cat\/es\/actualitat\/noticies\/cambrils-y-mont-roig-del-camp-intensificaran-la-colaboracion-en-proyectos-e-infraestructuras-compartidas\/#breadcrumb"},"inLanguage":"es","potentialAction":[{"@type":"ReadAction","target":["https:\/\/mont-roig.cat\/es\/actualitat\/noticies\/cambrils-y-mont-roig-del-camp-intensificaran-la-colaboracion-en-proyectos-e-infraestructuras-compartidas\/"]}]},{"@type":"ImageObject","inLanguage":"es","@id":"https:\/\/mont-roig.cat\/es\/actualitat\/noticies\/cambrils-y-mont-roig-del-camp-intensificaran-la-colaboracion-en-proyectos-e-infraestructuras-compartidas\/#primaryimage","url":"https:\/\/mont-roig.cat\/wp-content\/uploads\/IMG_6597.jpg","contentUrl":"https:\/\/mont-roig.cat\/wp-content\/uploads\/IMG_6597.jpg","width":2048,"height":1536},{"@type":"BreadcrumbList","@id":"https:\/\/mont-roig.cat\/es\/actualitat\/noticies\/cambrils-y-mont-roig-del-camp-intensificaran-la-colaboracion-en-proyectos-e-infraestructuras-compartidas\/#breadcrumb","itemListElement":[{"@type":"ListItem","position":1,"name":"Inici","item":"https:\/\/mont-roig.cat\/es\/pagina-de-inicio\/"},{"@type":"ListItem","position":2,"name":"Cambrils y Mont-roig del Camp intensificar\u00e1n la colaboraci\u00f3n en proyectos e infraestructuras compartidas"}]},{"@type":"WebSite","@id":"https:\/\/mont-roig.cat\/es\/#website","url":"https:\/\/mont-roig.cat\/es\/","name":"Ajuntament de Mont-roig del Camp","description":"Tota la informaci\u00f3 sobre la instituci\u00f3, els seus \u00f2rgans de govern, actualitat, serveis i molt m\u00e9s.","potentialAction":[{"@type":"SearchAction","target":{"@type":"EntryPoint","urlTemplate":"https:\/\/mont-roig.cat\/es\/?s={search_term_string}"},"query-input":{"@type":"PropertyValueSpecification","valueRequired":true,"valueName":"search_term_string"}}],"inLanguage":"es"},{"@type":"Person","@id":"https:\/\/mont-roig.cat\/es\/#\/schema\/person\/1f73e7b5e6f9dd122e8a6f14f310ac5e","name":"comunicacio","image":{"@type":"ImageObject","inLanguage":"es","@id":"https:\/\/secure.gravatar.com\/avatar\/98944333e7a877670a64f8d10f0cb680ab2c9ebc4efc43945ef004b52b5ad28c?s=96&d=mm&r=g","url":"https:\/\/secure.gravatar.com\/avatar\/98944333e7a877670a64f8d10f0cb680ab2c9ebc4efc43945ef004b52b5ad28c?s=96&d=mm&r=g","contentUrl":"https:\/\/secure.gravatar.com\/avatar\/98944333e7a877670a64f8d10f0cb680ab2c9ebc4efc43945ef004b52b5ad28c?s=96&d=mm&r=g","caption":"comunicacio"},"url":"https:\/\/mont-roig.cat\/es\/actualitat\/noticies\/author\/comunicacio\/"}]}},"_links":{"self":[{"href":"https:\/\/mont-roig.cat\/es\/wp-json\/wp\/v2\/posts\/60726","targetHints":{"allow":["GET"]}}],"collection":[{"href":"https:\/\/mont-roig.cat\/es\/wp-json\/wp\/v2\/posts"}],"about":[{"href":"https:\/\/mont-roig.cat\/es\/wp-json\/wp\/v2\/types\/post"}],"author":[{"embeddable":true,"href":"https:\/\/mont-roig.cat\/es\/wp-json\/wp\/v2\/users\/13"}],"replies":[{"embeddable":true,"href":"https:\/\/mont-roig.cat\/es\/wp-json\/wp\/v2\/comments?post=60726"}],"version-history":[{"count":5,"href":"https:\/\/mont-roig.cat\/es\/wp-json\/wp\/v2\/posts\/60726\/revisions"}],"predecessor-version":[{"id":60746,"href":"https:\/\/mont-roig.cat\/es\/wp-json\/wp\/v2\/posts\/60726\/revisions\/60746"}],"wp:featuredmedia":[{"embeddable":true,"href":"https:\/\/mont-roig.cat\/es\/wp-json\/wp\/v2\/media\/60741"}],"wp:attachment":[{"href":"https:\/\/mont-roig.cat\/es\/wp-json\/wp\/v2\/media?parent=60726"}],"wp:term":[{"taxonomy":"category","embeddable":true,"href":"https:\/\/mont-roig.cat\/es\/wp-json\/wp\/v2\/categories?post=60726"},{"taxonomy":"post_tag","embeddable":true,"href":"https:\/\/mont-roig.cat\/es\/wp-json\/wp\/v2\/tags?post=60726"}],"curies":[{"name":"wp","href":"https:\/\/api.w.org\/{rel}","templated":true}]}}