{"id":60911,"date":"2022-02-25T17:18:38","date_gmt":"2022-02-25T16:18:38","guid":{"rendered":"https:\/\/mont-roig.cat\/actualitat\/noticies\/curs-per-aprendre-a-fer-anar-el-whatsapp-per-a-majors-de-65-anys\/"},"modified":"2022-02-25T17:22:15","modified_gmt":"2022-02-25T16:22:15","slug":"curso-para-aprender-a-manejar-el-whatsapp-para-mayores-de-65-anos","status":"publish","type":"post","link":"https:\/\/mont-roig.cat\/es\/actualitat\/noticies\/curso-para-aprender-a-manejar-el-whatsapp-para-mayores-de-65-anos\/","title":{"rendered":"Curso para aprender a manejar el WhatsApp para mayores de 65 a\u00f1os"},"content":{"rendered":"<div id=\"attachment_60904\" style=\"width: 261px\" class=\"wp-caption alignright\"><a href=\"https:\/\/mont-roig.cat\/wp-content\/uploads\/curs-whastapp-scaled.jpg\"><img loading=\"lazy\" decoding=\"async\" aria-describedby=\"caption-attachment-60904\" class=\"wp-image-60904\" src=\"https:\/\/mont-roig.cat\/wp-content\/uploads\/curs-whastapp-354x500.jpg\" alt=\"\" width=\"251\" height=\"355\" srcset=\"https:\/\/mont-roig.cat\/wp-content\/uploads\/curs-whastapp-354x500.jpg 354w, https:\/\/mont-roig.cat\/wp-content\/uploads\/curs-whastapp-724x1024.jpg 724w, https:\/\/mont-roig.cat\/wp-content\/uploads\/curs-whastapp-768x1086.jpg 768w, https:\/\/mont-roig.cat\/wp-content\/uploads\/curs-whastapp-1086x1536.jpg 1086w, https:\/\/mont-roig.cat\/wp-content\/uploads\/curs-whastapp-scaled.jpg 1448w\" sizes=\"auto, (max-width: 251px) 100vw, 251px\" \/><\/a><p id=\"caption-attachment-60904\" class=\"wp-caption-text\">Cartel campa\u00f1a WhatsApp.<\/p><\/div>\n<ul>\n<li><strong>La campa\u00f1a cuenta con el apoyo de las agentes de civismo que ser\u00e1n las encargadas de ofrecer la formaci\u00f3n en el Hogar del Jubilado de Mont-roig y de Miami Platja<\/strong><\/li>\n<\/ul>\n<p>El Ayuntamiento de Mont-roig del Camp, a trav\u00e9s del departamento de las Personas Mayores y con la colaboraci\u00f3n de las agentes de civismo, impulsa una formaci\u00f3n destinada a la ciudadan\u00eda mayor de 65 a\u00f1os para que aprendan a manejar la aplicaci\u00f3n de mensajer\u00eda instant\u00e1nea para dispositivos m\u00f3viles WhatsApp y descubrir las diferentes opciones que ofrece este sistema que se ha extendido entre toda la poblaci\u00f3n.<\/p>\n<p>WhatsApp es una de las aplicaciones de mensajer\u00eda instant\u00e1nea m\u00e1s utilizadas del mundo, la cual se centra en el env\u00edo de mensajes entre dos terminales, pero tambi\u00e9n tiene muchas m\u00e1s posibilidades que pueden ser de gran utilidad, como por ejemplo env\u00edo de im\u00e1genes, v\u00eddeos o llamadas con imagen, entre otras.<\/p>\n<p>Esta formaci\u00f3n se har\u00e1 con el apoyo del Hogar del Jubilado de Mont-roig y de Miami Platja. Las personas interesadas pueden inscribirse en los mismos casales de ancianos. Una vez formados los grupos se informar\u00e1 de las horas y d\u00edas que se llevar\u00e1n a cabo los talleres. Para m\u00e1s informaci\u00f3n puede llamarse al tel\u00e9fono 610 88 88 79.<\/p>\n<p>&nbsp;<\/p>\n<p>&nbsp;<\/p>\n<p>&nbsp;<\/p>\n<p>&nbsp;<\/p>\n","protected":false},"excerpt":{"rendered":"<p>La campa\u00f1a cuenta con el apoyo de las agentes de civismo que ser\u00e1n las encargadas de ofrecer la formaci\u00f3n en el Hogar del Jubilado de Mont-roig y de Miami Platja El Ayuntamiento de Mont-roig del Camp, a trav\u00e9s del departamento de las Personas Mayores y con la colaboraci\u00f3n de las agentes de civismo, impulsa una [&hellip;]<\/p>\n","protected":false},"author":13,"featured_media":60905,"comment_status":"closed","ping_status":"closed","sticky":false,"template":"","format":"standard","meta":{"inline_featured_image":false,"_monsterinsights_skip_tracking":false,"_monsterinsights_sitenote_active":false,"_monsterinsights_sitenote_note":"","_monsterinsights_sitenote_category":0,"footnotes":""},"categories":[98,206],"tags":[],"class_list":["post-60911","post","type-post","status-publish","format-standard","has-post-thumbnail","hentry","category-ayuntamiento","category-gent-gran-es"],"yoast_head":"<!-- This site is optimized with the Yoast SEO plugin v27.4 - https:\/\/yoast.com\/product\/yoast-seo-wordpress\/ -->\n<title>Curso para aprender a manejar el WhatsApp para mayores de 65 a\u00f1os - Ajuntament de Mont-roig del Camp<\/title>\n<meta name=\"robots\" content=\"index, follow, max-snippet:-1, max-image-preview:large, max-video-preview:-1\" \/>\n<link rel=\"canonical\" href=\"https:\/\/mont-roig.cat\/es\/actualitat\/noticies\/curso-para-aprender-a-manejar-el-whatsapp-para-mayores-de-65-anos\/\" \/>\n<meta property=\"og:locale\" content=\"es_ES\" \/>\n<meta property=\"og:type\" content=\"article\" \/>\n<meta property=\"og:title\" content=\"Curso para aprender a manejar el WhatsApp para mayores de 65 a\u00f1os - Ajuntament de Mont-roig del Camp\" \/>\n<meta property=\"og:description\" content=\"La campa\u00f1a cuenta con el apoyo de las agentes de civismo que ser\u00e1n las encargadas de ofrecer la formaci\u00f3n en el Hogar del Jubilado de Mont-roig y de Miami Platja El Ayuntamiento de Mont-roig del Camp, a trav\u00e9s del departamento de las Personas Mayores y con la colaboraci\u00f3n de las agentes de civismo, impulsa una [&hellip;]\" \/>\n<meta property=\"og:url\" content=\"https:\/\/mont-roig.cat\/es\/actualitat\/noticies\/curso-para-aprender-a-manejar-el-whatsapp-para-mayores-de-65-anos\/\" \/>\n<meta property=\"og:site_name\" content=\"Ajuntament de Mont-roig del Camp\" \/>\n<meta property=\"article:published_time\" content=\"2022-02-25T16:18:38+00:00\" \/>\n<meta property=\"article:modified_time\" content=\"2022-02-25T16:22:15+00:00\" \/>\n<meta property=\"og:image\" content=\"https:\/\/mont-roig.cat\/wp-content\/uploads\/curs-whastapp.jpg\" \/>\n\t<meta property=\"og:image:width\" content=\"1448\" \/>\n\t<meta property=\"og:image:height\" content=\"2048\" \/>\n\t<meta property=\"og:image:type\" content=\"image\/jpeg\" \/>\n<meta name=\"author\" content=\"comunicacio\" \/>\n<meta name=\"twitter:card\" content=\"summary_large_image\" \/>\n<meta name=\"twitter:label1\" content=\"Escrito por\" \/>\n\t<meta name=\"twitter:data1\" content=\"comunicacio\" \/>\n\t<meta name=\"twitter:label2\" content=\"Tiempo de lectura\" \/>\n\t<meta name=\"twitter:data2\" content=\"2 minutos\" \/>\n<script type=\"application\/ld+json\" class=\"yoast-schema-graph\">{\"@context\":\"https:\\\/\\\/schema.org\",\"@graph\":[{\"@type\":\"Article\",\"@id\":\"https:\\\/\\\/mont-roig.cat\\\/es\\\/actualitat\\\/noticies\\\/curso-para-aprender-a-manejar-el-whatsapp-para-mayores-de-65-anos\\\/#article\",\"isPartOf\":{\"@id\":\"https:\\\/\\\/mont-roig.cat\\\/es\\\/actualitat\\\/noticies\\\/curso-para-aprender-a-manejar-el-whatsapp-para-mayores-de-65-anos\\\/\"},\"author\":{\"name\":\"comunicacio\",\"@id\":\"https:\\\/\\\/mont-roig.cat\\\/es\\\/#\\\/schema\\\/person\\\/1f73e7b5e6f9dd122e8a6f14f310ac5e\"},\"headline\":\"Curso para aprender a manejar el WhatsApp para mayores de 65 a\u00f1os\",\"datePublished\":\"2022-02-25T16:18:38+00:00\",\"dateModified\":\"2022-02-25T16:22:15+00:00\",\"mainEntityOfPage\":{\"@id\":\"https:\\\/\\\/mont-roig.cat\\\/es\\\/actualitat\\\/noticies\\\/curso-para-aprender-a-manejar-el-whatsapp-para-mayores-de-65-anos\\\/\"},\"wordCount\":253,\"image\":{\"@id\":\"https:\\\/\\\/mont-roig.cat\\\/es\\\/actualitat\\\/noticies\\\/curso-para-aprender-a-manejar-el-whatsapp-para-mayores-de-65-anos\\\/#primaryimage\"},\"thumbnailUrl\":\"https:\\\/\\\/mont-roig.cat\\\/wp-content\\\/uploads\\\/curs-whastapp.jpg\",\"articleSection\":[\"Ayuntamiento\",\"Gent gran\"],\"inLanguage\":\"es\"},{\"@type\":\"WebPage\",\"@id\":\"https:\\\/\\\/mont-roig.cat\\\/es\\\/actualitat\\\/noticies\\\/curso-para-aprender-a-manejar-el-whatsapp-para-mayores-de-65-anos\\\/\",\"url\":\"https:\\\/\\\/mont-roig.cat\\\/es\\\/actualitat\\\/noticies\\\/curso-para-aprender-a-manejar-el-whatsapp-para-mayores-de-65-anos\\\/\",\"name\":\"Curso para aprender a manejar el WhatsApp para mayores de 65 a\u00f1os - Ajuntament de Mont-roig del Camp\",\"isPartOf\":{\"@id\":\"https:\\\/\\\/mont-roig.cat\\\/es\\\/#website\"},\"primaryImageOfPage\":{\"@id\":\"https:\\\/\\\/mont-roig.cat\\\/es\\\/actualitat\\\/noticies\\\/curso-para-aprender-a-manejar-el-whatsapp-para-mayores-de-65-anos\\\/#primaryimage\"},\"image\":{\"@id\":\"https:\\\/\\\/mont-roig.cat\\\/es\\\/actualitat\\\/noticies\\\/curso-para-aprender-a-manejar-el-whatsapp-para-mayores-de-65-anos\\\/#primaryimage\"},\"thumbnailUrl\":\"https:\\\/\\\/mont-roig.cat\\\/wp-content\\\/uploads\\\/curs-whastapp.jpg\",\"datePublished\":\"2022-02-25T16:18:38+00:00\",\"dateModified\":\"2022-02-25T16:22:15+00:00\",\"author\":{\"@id\":\"https:\\\/\\\/mont-roig.cat\\\/es\\\/#\\\/schema\\\/person\\\/1f73e7b5e6f9dd122e8a6f14f310ac5e\"},\"breadcrumb\":{\"@id\":\"https:\\\/\\\/mont-roig.cat\\\/es\\\/actualitat\\\/noticies\\\/curso-para-aprender-a-manejar-el-whatsapp-para-mayores-de-65-anos\\\/#breadcrumb\"},\"inLanguage\":\"es\",\"potentialAction\":[{\"@type\":\"ReadAction\",\"target\":[\"https:\\\/\\\/mont-roig.cat\\\/es\\\/actualitat\\\/noticies\\\/curso-para-aprender-a-manejar-el-whatsapp-para-mayores-de-65-anos\\\/\"]}]},{\"@type\":\"ImageObject\",\"inLanguage\":\"es\",\"@id\":\"https:\\\/\\\/mont-roig.cat\\\/es\\\/actualitat\\\/noticies\\\/curso-para-aprender-a-manejar-el-whatsapp-para-mayores-de-65-anos\\\/#primaryimage\",\"url\":\"https:\\\/\\\/mont-roig.cat\\\/wp-content\\\/uploads\\\/curs-whastapp.jpg\",\"contentUrl\":\"https:\\\/\\\/mont-roig.cat\\\/wp-content\\\/uploads\\\/curs-whastapp.jpg\",\"width\":1448,\"height\":2048},{\"@type\":\"BreadcrumbList\",\"@id\":\"https:\\\/\\\/mont-roig.cat\\\/es\\\/actualitat\\\/noticies\\\/curso-para-aprender-a-manejar-el-whatsapp-para-mayores-de-65-anos\\\/#breadcrumb\",\"itemListElement\":[{\"@type\":\"ListItem\",\"position\":1,\"name\":\"Inici\",\"item\":\"https:\\\/\\\/mont-roig.cat\\\/es\\\/pagina-de-inicio\\\/\"},{\"@type\":\"ListItem\",\"position\":2,\"name\":\"Curso para aprender a manejar el WhatsApp para mayores de 65 a\u00f1os\"}]},{\"@type\":\"WebSite\",\"@id\":\"https:\\\/\\\/mont-roig.cat\\\/es\\\/#website\",\"url\":\"https:\\\/\\\/mont-roig.cat\\\/es\\\/\",\"name\":\"Ajuntament de Mont-roig del Camp\",\"description\":\"Tota la informaci\u00f3 sobre la instituci\u00f3, els seus \u00f2rgans de govern, actualitat, serveis i molt m\u00e9s.\",\"potentialAction\":[{\"@type\":\"SearchAction\",\"target\":{\"@type\":\"EntryPoint\",\"urlTemplate\":\"https:\\\/\\\/mont-roig.cat\\\/es\\\/?s={search_term_string}\"},\"query-input\":{\"@type\":\"PropertyValueSpecification\",\"valueRequired\":true,\"valueName\":\"search_term_string\"}}],\"inLanguage\":\"es\"},{\"@type\":\"Person\",\"@id\":\"https:\\\/\\\/mont-roig.cat\\\/es\\\/#\\\/schema\\\/person\\\/1f73e7b5e6f9dd122e8a6f14f310ac5e\",\"name\":\"comunicacio\",\"image\":{\"@type\":\"ImageObject\",\"inLanguage\":\"es\",\"@id\":\"https:\\\/\\\/secure.gravatar.com\\\/avatar\\\/98944333e7a877670a64f8d10f0cb680ab2c9ebc4efc43945ef004b52b5ad28c?s=96&d=mm&r=g\",\"url\":\"https:\\\/\\\/secure.gravatar.com\\\/avatar\\\/98944333e7a877670a64f8d10f0cb680ab2c9ebc4efc43945ef004b52b5ad28c?s=96&d=mm&r=g\",\"contentUrl\":\"https:\\\/\\\/secure.gravatar.com\\\/avatar\\\/98944333e7a877670a64f8d10f0cb680ab2c9ebc4efc43945ef004b52b5ad28c?s=96&d=mm&r=g\",\"caption\":\"comunicacio\"},\"url\":\"https:\\\/\\\/mont-roig.cat\\\/es\\\/actualitat\\\/noticies\\\/author\\\/comunicacio\\\/\"}]}<\/script>\n<!-- \/ Yoast SEO plugin. -->","yoast_head_json":{"title":"Curso para aprender a manejar el WhatsApp para mayores de 65 a\u00f1os - Ajuntament de Mont-roig del Camp","robots":{"index":"index","follow":"follow","max-snippet":"max-snippet:-1","max-image-preview":"max-image-preview:large","max-video-preview":"max-video-preview:-1"},"canonical":"https:\/\/mont-roig.cat\/es\/actualitat\/noticies\/curso-para-aprender-a-manejar-el-whatsapp-para-mayores-de-65-anos\/","og_locale":"es_ES","og_type":"article","og_title":"Curso para aprender a manejar el WhatsApp para mayores de 65 a\u00f1os - Ajuntament de Mont-roig del Camp","og_description":"La campa\u00f1a cuenta con el apoyo de las agentes de civismo que ser\u00e1n las encargadas de ofrecer la formaci\u00f3n en el Hogar del Jubilado de Mont-roig y de Miami Platja El Ayuntamiento de Mont-roig del Camp, a trav\u00e9s del departamento de las Personas Mayores y con la colaboraci\u00f3n de las agentes de civismo, impulsa una [&hellip;]","og_url":"https:\/\/mont-roig.cat\/es\/actualitat\/noticies\/curso-para-aprender-a-manejar-el-whatsapp-para-mayores-de-65-anos\/","og_site_name":"Ajuntament de Mont-roig del Camp","article_published_time":"2022-02-25T16:18:38+00:00","article_modified_time":"2022-02-25T16:22:15+00:00","og_image":[{"width":1448,"height":2048,"url":"https:\/\/mont-roig.cat\/wp-content\/uploads\/curs-whastapp.jpg","type":"image\/jpeg"}],"author":"comunicacio","twitter_card":"summary_large_image","twitter_misc":{"Escrito por":"comunicacio","Tiempo de lectura":"2 minutos"},"schema":{"@context":"https:\/\/schema.org","@graph":[{"@type":"Article","@id":"https:\/\/mont-roig.cat\/es\/actualitat\/noticies\/curso-para-aprender-a-manejar-el-whatsapp-para-mayores-de-65-anos\/#article","isPartOf":{"@id":"https:\/\/mont-roig.cat\/es\/actualitat\/noticies\/curso-para-aprender-a-manejar-el-whatsapp-para-mayores-de-65-anos\/"},"author":{"name":"comunicacio","@id":"https:\/\/mont-roig.cat\/es\/#\/schema\/person\/1f73e7b5e6f9dd122e8a6f14f310ac5e"},"headline":"Curso para aprender a manejar el WhatsApp para mayores de 65 a\u00f1os","datePublished":"2022-02-25T16:18:38+00:00","dateModified":"2022-02-25T16:22:15+00:00","mainEntityOfPage":{"@id":"https:\/\/mont-roig.cat\/es\/actualitat\/noticies\/curso-para-aprender-a-manejar-el-whatsapp-para-mayores-de-65-anos\/"},"wordCount":253,"image":{"@id":"https:\/\/mont-roig.cat\/es\/actualitat\/noticies\/curso-para-aprender-a-manejar-el-whatsapp-para-mayores-de-65-anos\/#primaryimage"},"thumbnailUrl":"https:\/\/mont-roig.cat\/wp-content\/uploads\/curs-whastapp.jpg","articleSection":["Ayuntamiento","Gent gran"],"inLanguage":"es"},{"@type":"WebPage","@id":"https:\/\/mont-roig.cat\/es\/actualitat\/noticies\/curso-para-aprender-a-manejar-el-whatsapp-para-mayores-de-65-anos\/","url":"https:\/\/mont-roig.cat\/es\/actualitat\/noticies\/curso-para-aprender-a-manejar-el-whatsapp-para-mayores-de-65-anos\/","name":"Curso para aprender a manejar el WhatsApp para mayores de 65 a\u00f1os - Ajuntament de Mont-roig del Camp","isPartOf":{"@id":"https:\/\/mont-roig.cat\/es\/#website"},"primaryImageOfPage":{"@id":"https:\/\/mont-roig.cat\/es\/actualitat\/noticies\/curso-para-aprender-a-manejar-el-whatsapp-para-mayores-de-65-anos\/#primaryimage"},"image":{"@id":"https:\/\/mont-roig.cat\/es\/actualitat\/noticies\/curso-para-aprender-a-manejar-el-whatsapp-para-mayores-de-65-anos\/#primaryimage"},"thumbnailUrl":"https:\/\/mont-roig.cat\/wp-content\/uploads\/curs-whastapp.jpg","datePublished":"2022-02-25T16:18:38+00:00","dateModified":"2022-02-25T16:22:15+00:00","author":{"@id":"https:\/\/mont-roig.cat\/es\/#\/schema\/person\/1f73e7b5e6f9dd122e8a6f14f310ac5e"},"breadcrumb":{"@id":"https:\/\/mont-roig.cat\/es\/actualitat\/noticies\/curso-para-aprender-a-manejar-el-whatsapp-para-mayores-de-65-anos\/#breadcrumb"},"inLanguage":"es","potentialAction":[{"@type":"ReadAction","target":["https:\/\/mont-roig.cat\/es\/actualitat\/noticies\/curso-para-aprender-a-manejar-el-whatsapp-para-mayores-de-65-anos\/"]}]},{"@type":"ImageObject","inLanguage":"es","@id":"https:\/\/mont-roig.cat\/es\/actualitat\/noticies\/curso-para-aprender-a-manejar-el-whatsapp-para-mayores-de-65-anos\/#primaryimage","url":"https:\/\/mont-roig.cat\/wp-content\/uploads\/curs-whastapp.jpg","contentUrl":"https:\/\/mont-roig.cat\/wp-content\/uploads\/curs-whastapp.jpg","width":1448,"height":2048},{"@type":"BreadcrumbList","@id":"https:\/\/mont-roig.cat\/es\/actualitat\/noticies\/curso-para-aprender-a-manejar-el-whatsapp-para-mayores-de-65-anos\/#breadcrumb","itemListElement":[{"@type":"ListItem","position":1,"name":"Inici","item":"https:\/\/mont-roig.cat\/es\/pagina-de-inicio\/"},{"@type":"ListItem","position":2,"name":"Curso para aprender a manejar el WhatsApp para mayores de 65 a\u00f1os"}]},{"@type":"WebSite","@id":"https:\/\/mont-roig.cat\/es\/#website","url":"https:\/\/mont-roig.cat\/es\/","name":"Ajuntament de Mont-roig del Camp","description":"Tota la informaci\u00f3 sobre la instituci\u00f3, els seus \u00f2rgans de govern, actualitat, serveis i molt m\u00e9s.","potentialAction":[{"@type":"SearchAction","target":{"@type":"EntryPoint","urlTemplate":"https:\/\/mont-roig.cat\/es\/?s={search_term_string}"},"query-input":{"@type":"PropertyValueSpecification","valueRequired":true,"valueName":"search_term_string"}}],"inLanguage":"es"},{"@type":"Person","@id":"https:\/\/mont-roig.cat\/es\/#\/schema\/person\/1f73e7b5e6f9dd122e8a6f14f310ac5e","name":"comunicacio","image":{"@type":"ImageObject","inLanguage":"es","@id":"https:\/\/secure.gravatar.com\/avatar\/98944333e7a877670a64f8d10f0cb680ab2c9ebc4efc43945ef004b52b5ad28c?s=96&d=mm&r=g","url":"https:\/\/secure.gravatar.com\/avatar\/98944333e7a877670a64f8d10f0cb680ab2c9ebc4efc43945ef004b52b5ad28c?s=96&d=mm&r=g","contentUrl":"https:\/\/secure.gravatar.com\/avatar\/98944333e7a877670a64f8d10f0cb680ab2c9ebc4efc43945ef004b52b5ad28c?s=96&d=mm&r=g","caption":"comunicacio"},"url":"https:\/\/mont-roig.cat\/es\/actualitat\/noticies\/author\/comunicacio\/"}]}},"_links":{"self":[{"href":"https:\/\/mont-roig.cat\/es\/wp-json\/wp\/v2\/posts\/60911","targetHints":{"allow":["GET"]}}],"collection":[{"href":"https:\/\/mont-roig.cat\/es\/wp-json\/wp\/v2\/posts"}],"about":[{"href":"https:\/\/mont-roig.cat\/es\/wp-json\/wp\/v2\/types\/post"}],"author":[{"embeddable":true,"href":"https:\/\/mont-roig.cat\/es\/wp-json\/wp\/v2\/users\/13"}],"replies":[{"embeddable":true,"href":"https:\/\/mont-roig.cat\/es\/wp-json\/wp\/v2\/comments?post=60911"}],"version-history":[{"count":2,"href":"https:\/\/mont-roig.cat\/es\/wp-json\/wp\/v2\/posts\/60911\/revisions"}],"predecessor-version":[{"id":60912,"href":"https:\/\/mont-roig.cat\/es\/wp-json\/wp\/v2\/posts\/60911\/revisions\/60912"}],"wp:featuredmedia":[{"embeddable":true,"href":"https:\/\/mont-roig.cat\/es\/wp-json\/wp\/v2\/media\/60905"}],"wp:attachment":[{"href":"https:\/\/mont-roig.cat\/es\/wp-json\/wp\/v2\/media?parent=60911"}],"wp:term":[{"taxonomy":"category","embeddable":true,"href":"https:\/\/mont-roig.cat\/es\/wp-json\/wp\/v2\/categories?post=60911"},{"taxonomy":"post_tag","embeddable":true,"href":"https:\/\/mont-roig.cat\/es\/wp-json\/wp\/v2\/tags?post=60911"}],"curies":[{"name":"wp","href":"https:\/\/api.w.org\/{rel}","templated":true}]}}