{"id":60917,"date":"2022-02-28T16:34:50","date_gmt":"2022-02-28T15:34:50","guid":{"rendered":"https:\/\/mont-roig.cat\/?p=60917"},"modified":"2022-02-28T16:34:50","modified_gmt":"2022-02-28T15:34:50","slug":"el-ayuntamiento-de-mont-roig-del-camp-se-suma-a-la-manifestacion-en-defensa-de-la-paz-y-en-apoyo-al-pueblo-ucraniano-prevista-para-manana","status":"publish","type":"post","link":"https:\/\/mont-roig.cat\/es\/actualitat\/noticies\/el-ayuntamiento-de-mont-roig-del-camp-se-suma-a-la-manifestacion-en-defensa-de-la-paz-y-en-apoyo-al-pueblo-ucraniano-prevista-para-manana\/","title":{"rendered":"El Ayuntamiento de Mont-roig del Camp se suma a la manifestaci\u00f3n en defensa de la paz y en apoyo al pueblo ucraniano prevista para ma\u00f1ana"},"content":{"rendered":"<ul>\n<li><strong>El consistorio hace un llamamiento a la ciudadan\u00eda a concentrarse delante del Ayuntamiento en Mont-roig y de las oficinas municipales en Miami Platja este martes 1 de marzo a las 19 h<\/strong><\/li>\n<li><strong>Antes, el alcalde Fran Morancho recibir\u00e1 a la comunidad ucraniana del municipio para darles apoyo y ayuda en todo lo posible<\/strong><\/li>\n<\/ul>\n<p>El Ayuntamiento de Mont-roig del Camp, se suma al llamamiento realizado por el municipalismo catal\u00e1n mediante la Associaci\u00f3 Catalana de Municipis i Comarques (ACM) y la Federaci\u00f3 de Municipis de Catalunya (FMC) en la que se convoca a la ciudadan\u00eda a manifestar en defensa de la paz y apoyo al pueblo ucraniano este martes 1 de marzo a las 19h delante de todos los ayuntamientos de Catalu\u00f1a.<\/p>\n<p>En este sentido, el consistorio anima a la ciudadan\u00eda a concentrarse frente al Ayuntamiento de Mont-roig (carretera de Colldejou s\/n) y frente a las oficinas de municipales de Miami Platja (c Soria 14) para condenar el ataque de Rusia a Ucrania y exigir la desescalada del conflicto, la desmilitarizaci\u00f3n de la zona y la reanudaci\u00f3n de un di\u00e1logo para la construcci\u00f3n de la paz.<\/p>\n<p>Una manifestaci\u00f3n en la que tambi\u00e9n se quiere apoyar a los vecinos y vecinas de Ucrania. En este sentido, antes de la concentraci\u00f3n, el alcalde Fran Morancho recibir\u00e1 a la comunidad ucraniana residente en el municipio para trasladarles personalmente el apoyo de todo el consistorio, as\u00ed como ofrecerles ayuda en todo lo posible.<\/p>\n<p>Por \u00faltimo y en esta misma l\u00ednea, el Ayuntamiento de Mont-roig del Camp ya ha empezado a trabajar para formar parte de la red de municipios de acogida.<\/p>\n","protected":false},"excerpt":{"rendered":"<p>El consistorio hace un llamamiento a la ciudadan\u00eda a concentrarse delante del Ayuntamiento en Mont-roig y de las oficinas municipales en Miami Platja este martes 1 de marzo a las 19 h Antes, el alcalde Fran Morancho recibir\u00e1 a la comunidad ucraniana del municipio para darles apoyo y ayuda en todo lo posible El Ayuntamiento [&hellip;]<\/p>\n","protected":false},"author":4,"featured_media":0,"comment_status":"closed","ping_status":"closed","sticky":false,"template":"","format":"standard","meta":{"inline_featured_image":false,"_monsterinsights_skip_tracking":false,"_monsterinsights_sitenote_active":false,"_monsterinsights_sitenote_note":"","_monsterinsights_sitenote_category":0,"footnotes":""},"categories":[156,98],"tags":[],"class_list":["post-60917","post","type-post","status-publish","format-standard","hentry","category-alcalde-es","category-ayuntamiento"],"yoast_head":"<!-- This site is optimized with the Yoast SEO plugin v27.4 - https:\/\/yoast.com\/product\/yoast-seo-wordpress\/ -->\n<title>El Ayuntamiento de Mont-roig del Camp se suma a la manifestaci\u00f3n en defensa de la paz y en apoyo al pueblo ucraniano prevista para ma\u00f1ana - Ajuntament de Mont-roig del Camp<\/title>\n<meta name=\"robots\" content=\"index, follow, max-snippet:-1, max-image-preview:large, max-video-preview:-1\" \/>\n<link rel=\"canonical\" href=\"https:\/\/mont-roig.cat\/es\/actualitat\/noticies\/el-ayuntamiento-de-mont-roig-del-camp-se-suma-a-la-manifestacion-en-defensa-de-la-paz-y-en-apoyo-al-pueblo-ucraniano-prevista-para-manana\/\" \/>\n<meta property=\"og:locale\" content=\"es_ES\" \/>\n<meta property=\"og:type\" content=\"article\" \/>\n<meta property=\"og:title\" content=\"El Ayuntamiento de Mont-roig del Camp se suma a la manifestaci\u00f3n en defensa de la paz y en apoyo al pueblo ucraniano prevista para ma\u00f1ana - Ajuntament de Mont-roig del Camp\" \/>\n<meta property=\"og:description\" content=\"El consistorio hace un llamamiento a la ciudadan\u00eda a concentrarse delante del Ayuntamiento en Mont-roig y de las oficinas municipales en Miami Platja este martes 1 de marzo a las 19 h Antes, el alcalde Fran Morancho recibir\u00e1 a la comunidad ucraniana del municipio para darles apoyo y ayuda en todo lo posible El Ayuntamiento [&hellip;]\" \/>\n<meta property=\"og:url\" content=\"https:\/\/mont-roig.cat\/es\/actualitat\/noticies\/el-ayuntamiento-de-mont-roig-del-camp-se-suma-a-la-manifestacion-en-defensa-de-la-paz-y-en-apoyo-al-pueblo-ucraniano-prevista-para-manana\/\" \/>\n<meta property=\"og:site_name\" content=\"Ajuntament de Mont-roig del Camp\" \/>\n<meta property=\"article:published_time\" content=\"2022-02-28T15:34:50+00:00\" \/>\n<meta property=\"og:image\" content=\"https:\/\/mont-roig.cat\/wp-content\/uploads\/mont-roig_logotip_2tintes.jpg\" \/>\n\t<meta property=\"og:image:width\" content=\"1134\" \/>\n\t<meta property=\"og:image:height\" content=\"806\" \/>\n\t<meta property=\"og:image:type\" content=\"image\/jpeg\" \/>\n<meta name=\"author\" content=\"administrador\" \/>\n<meta name=\"twitter:card\" content=\"summary_large_image\" \/>\n<meta name=\"twitter:label1\" content=\"Escrito por\" \/>\n\t<meta name=\"twitter:data1\" content=\"administrador\" \/>\n\t<meta name=\"twitter:label2\" content=\"Tiempo de lectura\" \/>\n\t<meta name=\"twitter:data2\" content=\"1 minuto\" \/>\n<script type=\"application\/ld+json\" class=\"yoast-schema-graph\">{\"@context\":\"https:\\\/\\\/schema.org\",\"@graph\":[{\"@type\":\"Article\",\"@id\":\"https:\\\/\\\/mont-roig.cat\\\/es\\\/actualitat\\\/noticies\\\/el-ayuntamiento-de-mont-roig-del-camp-se-suma-a-la-manifestacion-en-defensa-de-la-paz-y-en-apoyo-al-pueblo-ucraniano-prevista-para-manana\\\/#article\",\"isPartOf\":{\"@id\":\"https:\\\/\\\/mont-roig.cat\\\/es\\\/actualitat\\\/noticies\\\/el-ayuntamiento-de-mont-roig-del-camp-se-suma-a-la-manifestacion-en-defensa-de-la-paz-y-en-apoyo-al-pueblo-ucraniano-prevista-para-manana\\\/\"},\"author\":{\"name\":\"administrador\",\"@id\":\"https:\\\/\\\/mont-roig.cat\\\/es\\\/#\\\/schema\\\/person\\\/f2b111789f22b7d0c3bd6786c9128cba\"},\"headline\":\"El Ayuntamiento de Mont-roig del Camp se suma a la manifestaci\u00f3n en defensa de la paz y en apoyo al pueblo ucraniano prevista para ma\u00f1ana\",\"datePublished\":\"2022-02-28T15:34:50+00:00\",\"mainEntityOfPage\":{\"@id\":\"https:\\\/\\\/mont-roig.cat\\\/es\\\/actualitat\\\/noticies\\\/el-ayuntamiento-de-mont-roig-del-camp-se-suma-a-la-manifestacion-en-defensa-de-la-paz-y-en-apoyo-al-pueblo-ucraniano-prevista-para-manana\\\/\"},\"wordCount\":302,\"articleSection\":[\"Alcalde\",\"Ayuntamiento\"],\"inLanguage\":\"es\"},{\"@type\":\"WebPage\",\"@id\":\"https:\\\/\\\/mont-roig.cat\\\/es\\\/actualitat\\\/noticies\\\/el-ayuntamiento-de-mont-roig-del-camp-se-suma-a-la-manifestacion-en-defensa-de-la-paz-y-en-apoyo-al-pueblo-ucraniano-prevista-para-manana\\\/\",\"url\":\"https:\\\/\\\/mont-roig.cat\\\/es\\\/actualitat\\\/noticies\\\/el-ayuntamiento-de-mont-roig-del-camp-se-suma-a-la-manifestacion-en-defensa-de-la-paz-y-en-apoyo-al-pueblo-ucraniano-prevista-para-manana\\\/\",\"name\":\"El Ayuntamiento de Mont-roig del Camp se suma a la manifestaci\u00f3n en defensa de la paz y en apoyo al pueblo ucraniano prevista para ma\u00f1ana - Ajuntament de Mont-roig del Camp\",\"isPartOf\":{\"@id\":\"https:\\\/\\\/mont-roig.cat\\\/es\\\/#website\"},\"datePublished\":\"2022-02-28T15:34:50+00:00\",\"author\":{\"@id\":\"https:\\\/\\\/mont-roig.cat\\\/es\\\/#\\\/schema\\\/person\\\/f2b111789f22b7d0c3bd6786c9128cba\"},\"breadcrumb\":{\"@id\":\"https:\\\/\\\/mont-roig.cat\\\/es\\\/actualitat\\\/noticies\\\/el-ayuntamiento-de-mont-roig-del-camp-se-suma-a-la-manifestacion-en-defensa-de-la-paz-y-en-apoyo-al-pueblo-ucraniano-prevista-para-manana\\\/#breadcrumb\"},\"inLanguage\":\"es\",\"potentialAction\":[{\"@type\":\"ReadAction\",\"target\":[\"https:\\\/\\\/mont-roig.cat\\\/es\\\/actualitat\\\/noticies\\\/el-ayuntamiento-de-mont-roig-del-camp-se-suma-a-la-manifestacion-en-defensa-de-la-paz-y-en-apoyo-al-pueblo-ucraniano-prevista-para-manana\\\/\"]}]},{\"@type\":\"BreadcrumbList\",\"@id\":\"https:\\\/\\\/mont-roig.cat\\\/es\\\/actualitat\\\/noticies\\\/el-ayuntamiento-de-mont-roig-del-camp-se-suma-a-la-manifestacion-en-defensa-de-la-paz-y-en-apoyo-al-pueblo-ucraniano-prevista-para-manana\\\/#breadcrumb\",\"itemListElement\":[{\"@type\":\"ListItem\",\"position\":1,\"name\":\"Inici\",\"item\":\"https:\\\/\\\/mont-roig.cat\\\/es\\\/pagina-de-inicio\\\/\"},{\"@type\":\"ListItem\",\"position\":2,\"name\":\"El Ayuntamiento de Mont-roig del Camp se suma a la manifestaci\u00f3n en defensa de la paz y en apoyo al pueblo ucraniano prevista para ma\u00f1ana\"}]},{\"@type\":\"WebSite\",\"@id\":\"https:\\\/\\\/mont-roig.cat\\\/es\\\/#website\",\"url\":\"https:\\\/\\\/mont-roig.cat\\\/es\\\/\",\"name\":\"Ajuntament de Mont-roig del Camp\",\"description\":\"Tota la informaci\u00f3 sobre la instituci\u00f3, els seus \u00f2rgans de govern, actualitat, serveis i molt m\u00e9s.\",\"potentialAction\":[{\"@type\":\"SearchAction\",\"target\":{\"@type\":\"EntryPoint\",\"urlTemplate\":\"https:\\\/\\\/mont-roig.cat\\\/es\\\/?s={search_term_string}\"},\"query-input\":{\"@type\":\"PropertyValueSpecification\",\"valueRequired\":true,\"valueName\":\"search_term_string\"}}],\"inLanguage\":\"es\"},{\"@type\":\"Person\",\"@id\":\"https:\\\/\\\/mont-roig.cat\\\/es\\\/#\\\/schema\\\/person\\\/f2b111789f22b7d0c3bd6786c9128cba\",\"name\":\"administrador\",\"image\":{\"@type\":\"ImageObject\",\"inLanguage\":\"es\",\"@id\":\"https:\\\/\\\/secure.gravatar.com\\\/avatar\\\/9137aac6891e2595c9d3036fd83bcb653b4db3c946db4c7d9b9be193c3c944bb?s=96&d=mm&r=g\",\"url\":\"https:\\\/\\\/secure.gravatar.com\\\/avatar\\\/9137aac6891e2595c9d3036fd83bcb653b4db3c946db4c7d9b9be193c3c944bb?s=96&d=mm&r=g\",\"contentUrl\":\"https:\\\/\\\/secure.gravatar.com\\\/avatar\\\/9137aac6891e2595c9d3036fd83bcb653b4db3c946db4c7d9b9be193c3c944bb?s=96&d=mm&r=g\",\"caption\":\"administrador\"},\"url\":\"https:\\\/\\\/mont-roig.cat\\\/es\\\/actualitat\\\/noticies\\\/author\\\/administrador\\\/\"}]}<\/script>\n<!-- \/ Yoast SEO plugin. -->","yoast_head_json":{"title":"El Ayuntamiento de Mont-roig del Camp se suma a la manifestaci\u00f3n en defensa de la paz y en apoyo al pueblo ucraniano prevista para ma\u00f1ana - Ajuntament de Mont-roig del Camp","robots":{"index":"index","follow":"follow","max-snippet":"max-snippet:-1","max-image-preview":"max-image-preview:large","max-video-preview":"max-video-preview:-1"},"canonical":"https:\/\/mont-roig.cat\/es\/actualitat\/noticies\/el-ayuntamiento-de-mont-roig-del-camp-se-suma-a-la-manifestacion-en-defensa-de-la-paz-y-en-apoyo-al-pueblo-ucraniano-prevista-para-manana\/","og_locale":"es_ES","og_type":"article","og_title":"El Ayuntamiento de Mont-roig del Camp se suma a la manifestaci\u00f3n en defensa de la paz y en apoyo al pueblo ucraniano prevista para ma\u00f1ana - Ajuntament de Mont-roig del Camp","og_description":"El consistorio hace un llamamiento a la ciudadan\u00eda a concentrarse delante del Ayuntamiento en Mont-roig y de las oficinas municipales en Miami Platja este martes 1 de marzo a las 19 h Antes, el alcalde Fran Morancho recibir\u00e1 a la comunidad ucraniana del municipio para darles apoyo y ayuda en todo lo posible El Ayuntamiento [&hellip;]","og_url":"https:\/\/mont-roig.cat\/es\/actualitat\/noticies\/el-ayuntamiento-de-mont-roig-del-camp-se-suma-a-la-manifestacion-en-defensa-de-la-paz-y-en-apoyo-al-pueblo-ucraniano-prevista-para-manana\/","og_site_name":"Ajuntament de Mont-roig del Camp","article_published_time":"2022-02-28T15:34:50+00:00","og_image":[{"width":1134,"height":806,"url":"https:\/\/mont-roig.cat\/wp-content\/uploads\/mont-roig_logotip_2tintes.jpg","type":"image\/jpeg"}],"author":"administrador","twitter_card":"summary_large_image","twitter_misc":{"Escrito por":"administrador","Tiempo de lectura":"1 minuto"},"schema":{"@context":"https:\/\/schema.org","@graph":[{"@type":"Article","@id":"https:\/\/mont-roig.cat\/es\/actualitat\/noticies\/el-ayuntamiento-de-mont-roig-del-camp-se-suma-a-la-manifestacion-en-defensa-de-la-paz-y-en-apoyo-al-pueblo-ucraniano-prevista-para-manana\/#article","isPartOf":{"@id":"https:\/\/mont-roig.cat\/es\/actualitat\/noticies\/el-ayuntamiento-de-mont-roig-del-camp-se-suma-a-la-manifestacion-en-defensa-de-la-paz-y-en-apoyo-al-pueblo-ucraniano-prevista-para-manana\/"},"author":{"name":"administrador","@id":"https:\/\/mont-roig.cat\/es\/#\/schema\/person\/f2b111789f22b7d0c3bd6786c9128cba"},"headline":"El Ayuntamiento de Mont-roig del Camp se suma a la manifestaci\u00f3n en defensa de la paz y en apoyo al pueblo ucraniano prevista para ma\u00f1ana","datePublished":"2022-02-28T15:34:50+00:00","mainEntityOfPage":{"@id":"https:\/\/mont-roig.cat\/es\/actualitat\/noticies\/el-ayuntamiento-de-mont-roig-del-camp-se-suma-a-la-manifestacion-en-defensa-de-la-paz-y-en-apoyo-al-pueblo-ucraniano-prevista-para-manana\/"},"wordCount":302,"articleSection":["Alcalde","Ayuntamiento"],"inLanguage":"es"},{"@type":"WebPage","@id":"https:\/\/mont-roig.cat\/es\/actualitat\/noticies\/el-ayuntamiento-de-mont-roig-del-camp-se-suma-a-la-manifestacion-en-defensa-de-la-paz-y-en-apoyo-al-pueblo-ucraniano-prevista-para-manana\/","url":"https:\/\/mont-roig.cat\/es\/actualitat\/noticies\/el-ayuntamiento-de-mont-roig-del-camp-se-suma-a-la-manifestacion-en-defensa-de-la-paz-y-en-apoyo-al-pueblo-ucraniano-prevista-para-manana\/","name":"El Ayuntamiento de Mont-roig del Camp se suma a la manifestaci\u00f3n en defensa de la paz y en apoyo al pueblo ucraniano prevista para ma\u00f1ana - Ajuntament de Mont-roig del Camp","isPartOf":{"@id":"https:\/\/mont-roig.cat\/es\/#website"},"datePublished":"2022-02-28T15:34:50+00:00","author":{"@id":"https:\/\/mont-roig.cat\/es\/#\/schema\/person\/f2b111789f22b7d0c3bd6786c9128cba"},"breadcrumb":{"@id":"https:\/\/mont-roig.cat\/es\/actualitat\/noticies\/el-ayuntamiento-de-mont-roig-del-camp-se-suma-a-la-manifestacion-en-defensa-de-la-paz-y-en-apoyo-al-pueblo-ucraniano-prevista-para-manana\/#breadcrumb"},"inLanguage":"es","potentialAction":[{"@type":"ReadAction","target":["https:\/\/mont-roig.cat\/es\/actualitat\/noticies\/el-ayuntamiento-de-mont-roig-del-camp-se-suma-a-la-manifestacion-en-defensa-de-la-paz-y-en-apoyo-al-pueblo-ucraniano-prevista-para-manana\/"]}]},{"@type":"BreadcrumbList","@id":"https:\/\/mont-roig.cat\/es\/actualitat\/noticies\/el-ayuntamiento-de-mont-roig-del-camp-se-suma-a-la-manifestacion-en-defensa-de-la-paz-y-en-apoyo-al-pueblo-ucraniano-prevista-para-manana\/#breadcrumb","itemListElement":[{"@type":"ListItem","position":1,"name":"Inici","item":"https:\/\/mont-roig.cat\/es\/pagina-de-inicio\/"},{"@type":"ListItem","position":2,"name":"El Ayuntamiento de Mont-roig del Camp se suma a la manifestaci\u00f3n en defensa de la paz y en apoyo al pueblo ucraniano prevista para ma\u00f1ana"}]},{"@type":"WebSite","@id":"https:\/\/mont-roig.cat\/es\/#website","url":"https:\/\/mont-roig.cat\/es\/","name":"Ajuntament de Mont-roig del Camp","description":"Tota la informaci\u00f3 sobre la instituci\u00f3, els seus \u00f2rgans de govern, actualitat, serveis i molt m\u00e9s.","potentialAction":[{"@type":"SearchAction","target":{"@type":"EntryPoint","urlTemplate":"https:\/\/mont-roig.cat\/es\/?s={search_term_string}"},"query-input":{"@type":"PropertyValueSpecification","valueRequired":true,"valueName":"search_term_string"}}],"inLanguage":"es"},{"@type":"Person","@id":"https:\/\/mont-roig.cat\/es\/#\/schema\/person\/f2b111789f22b7d0c3bd6786c9128cba","name":"administrador","image":{"@type":"ImageObject","inLanguage":"es","@id":"https:\/\/secure.gravatar.com\/avatar\/9137aac6891e2595c9d3036fd83bcb653b4db3c946db4c7d9b9be193c3c944bb?s=96&d=mm&r=g","url":"https:\/\/secure.gravatar.com\/avatar\/9137aac6891e2595c9d3036fd83bcb653b4db3c946db4c7d9b9be193c3c944bb?s=96&d=mm&r=g","contentUrl":"https:\/\/secure.gravatar.com\/avatar\/9137aac6891e2595c9d3036fd83bcb653b4db3c946db4c7d9b9be193c3c944bb?s=96&d=mm&r=g","caption":"administrador"},"url":"https:\/\/mont-roig.cat\/es\/actualitat\/noticies\/author\/administrador\/"}]}},"_links":{"self":[{"href":"https:\/\/mont-roig.cat\/es\/wp-json\/wp\/v2\/posts\/60917","targetHints":{"allow":["GET"]}}],"collection":[{"href":"https:\/\/mont-roig.cat\/es\/wp-json\/wp\/v2\/posts"}],"about":[{"href":"https:\/\/mont-roig.cat\/es\/wp-json\/wp\/v2\/types\/post"}],"author":[{"embeddable":true,"href":"https:\/\/mont-roig.cat\/es\/wp-json\/wp\/v2\/users\/4"}],"replies":[{"embeddable":true,"href":"https:\/\/mont-roig.cat\/es\/wp-json\/wp\/v2\/comments?post=60917"}],"version-history":[{"count":2,"href":"https:\/\/mont-roig.cat\/es\/wp-json\/wp\/v2\/posts\/60917\/revisions"}],"predecessor-version":[{"id":60919,"href":"https:\/\/mont-roig.cat\/es\/wp-json\/wp\/v2\/posts\/60917\/revisions\/60919"}],"wp:attachment":[{"href":"https:\/\/mont-roig.cat\/es\/wp-json\/wp\/v2\/media?parent=60917"}],"wp:term":[{"taxonomy":"category","embeddable":true,"href":"https:\/\/mont-roig.cat\/es\/wp-json\/wp\/v2\/categories?post=60917"},{"taxonomy":"post_tag","embeddable":true,"href":"https:\/\/mont-roig.cat\/es\/wp-json\/wp\/v2\/tags?post=60917"}],"curies":[{"name":"wp","href":"https:\/\/api.w.org\/{rel}","templated":true}]}}