{"id":61142,"date":"2022-03-04T13:47:16","date_gmt":"2022-03-04T12:47:16","guid":{"rendered":"https:\/\/mont-roig.cat\/?p=61142"},"modified":"2022-03-04T13:47:16","modified_gmt":"2022-03-04T12:47:16","slug":"el-pleno-del-ayuntamiento-aprueba-un-presupuesto-de-cerca-de-27-000-000-e-para-2022","status":"publish","type":"post","link":"https:\/\/mont-roig.cat\/es\/actualitat\/noticies\/el-pleno-del-ayuntamiento-aprueba-un-presupuesto-de-cerca-de-27-000-000-e-para-2022\/","title":{"rendered":"El Pleno del Ayuntamiento aprueba un presupuesto de cerca de 27.000.000 \u20ac para 2022"},"content":{"rendered":"<ul>\n<li><strong>Los ejes m\u00e1s potentes dan continuidad a la apuesta por la transici\u00f3n energ\u00e9tica y ecol\u00f3gica y las pol\u00edticas sociales<\/strong><\/li>\n<li><strong>Las cuentas se han aprobado con el voto favorable del equipo de gobierno, las abstenciones de ERC-MES y ARA y el voto en contra de Junts per Mont-roig Miami<\/strong><\/li>\n<\/ul>\n<div id=\"attachment_61137\" style=\"width: 310px\" class=\"wp-caption alignright\"><a href=\"https:\/\/mont-roig.cat\/wp-content\/uploads\/Ple-extraordinari-pressupost-2022-scaled.jpg\"><img loading=\"lazy\" decoding=\"async\" aria-describedby=\"caption-attachment-61137\" class=\"wp-image-61137\" src=\"https:\/\/mont-roig.cat\/wp-content\/uploads\/Ple-extraordinari-pressupost-2022-500x375.jpg\" alt=\"\" width=\"300\" height=\"225\" srcset=\"https:\/\/mont-roig.cat\/wp-content\/uploads\/Ple-extraordinari-pressupost-2022-500x375.jpg 500w, https:\/\/mont-roig.cat\/wp-content\/uploads\/Ple-extraordinari-pressupost-2022-1024x768.jpg 1024w, https:\/\/mont-roig.cat\/wp-content\/uploads\/Ple-extraordinari-pressupost-2022-768x576.jpg 768w, https:\/\/mont-roig.cat\/wp-content\/uploads\/Ple-extraordinari-pressupost-2022-1536x1152.jpg 1536w, https:\/\/mont-roig.cat\/wp-content\/uploads\/Ple-extraordinari-pressupost-2022-scaled.jpg 2048w, https:\/\/mont-roig.cat\/wp-content\/uploads\/Ple-extraordinari-pressupost-2022-463x348.jpg 463w\" sizes=\"auto, (max-width: 300px) 100vw, 300px\" \/><\/a><p id=\"caption-attachment-61137\" class=\"wp-caption-text\">El presupuesto municipal se ha aprobado durante el Pleno extraordinario celebrado el d\u00eda 3 de marzo de 2022<\/p><\/div>\n<p>El Pleno del Ayuntamiento de Mont-roig del Camp ha aprobado este jueves 3 de marzo, el Presupuesto Municipal para el ejercicio de 2022, que ser\u00e1 de 26.947.802,76\u20ac. Un importe que supone una disminuci\u00f3n del 10,33% respecto a las cuentas de 2021. Se trata de un decremento que no se ve reflejado en el gasto ordinario, que se refuerza en las \u00e1reas y programas m\u00e1s estrat\u00e9gicos y que reanudan la actividad normal despu\u00e9s de la pandemia. S\u00ed disminuye significativamente la cifra de inversiones en casi el 60%. Esto se debe a que las grandes inversiones del mandato, actualmente en ejecuci\u00f3n, se presupuestaron en ejercicios anteriores.<\/p>\n<p>El presupuesto cumple, como en los \u00faltimos a\u00f1os, el principio de equilibrio presupuestario. Se trata de un presupuesto contenido en cifras globales, que buscan volver a la normalidad post Covid19 a trav\u00e9s del gasto ordinario. Las cuentas buscan, a su vez, centrarse en la consecuci\u00f3n de los objetivos marcados en el Plan Estrat\u00e9gico de Municipio 2020-2030.<\/p>\n<p><strong>Apuesta por la transici\u00f3n energ\u00e9tica y ecol\u00f3gica y las pol\u00edticas sociales<\/strong><\/p>\n<p>Uno de los ejes m\u00e1s potentes del presupuesto, junto con el social, es el que busca marcar el camino hacia la transici\u00f3n energ\u00e9tica y ecol\u00f3gica en el municipio, con pol\u00edticas claras en los \u00e1mbitos del medio ambiente, la gesti\u00f3n de residuos, la transici\u00f3n ecol\u00f3gica y las energ\u00edas renovables. Este camino, totalmente estrat\u00e9gico, responde a la voluntad del Ayuntamiento de contribuir a la sostenibilidad del planeta, pero tambi\u00e9n de abrir nuevos caminos y alternativas a los sectores productivos locales. Por otra parte, el presupuesto da continuidad al apoyo al empresariado del municipio en su actividad econ\u00f3mica post Covid19.<\/p>\n<p>Por otra parte, en el \u00e1mbito social se afianzan las pol\u00edticas destinadas a la protecci\u00f3n de las personas. Los niveles de gasto en servicios sociales, atenci\u00f3n a la gente mayor y educaci\u00f3n se mantienen al alza. Por otra parte, se refuerza el presupuesto para fomentar la igualdad entre hombres y mujeres, creando por primera vez un \u00e1rea de gasto para impulsar la participaci\u00f3n ciudadana.<\/p>\n<p><strong>Mejora del entorno y la convivencia<\/strong><\/p>\n<p>El presupuesto tambi\u00e9n contempla mejoras en el espacio p\u00fablico, con previsi\u00f3n de gasto para asfaltados y adecuaci\u00f3n de zonas verdes, a la vez que refuerza las pol\u00edticas de prevenci\u00f3n de plagas y atenci\u00f3n al bienestar animal. Por otra parte, prev\u00e9 el refuerzo de la seguridad y la convivencia con mayor dotaci\u00f3n de recursos. Adem\u00e1s, tambi\u00e9n est\u00e1 previsto un plan para la limpieza de solares abandonados.<\/p>\n<p><strong>Principales inversiones<\/strong><\/p>\n<p>Entre las principales inversiones destaca la construcci\u00f3n de la Ecoteca, un nuevo espacio para la mejora de la gesti\u00f3n de los residuos (1.093.912,93 \u20ac), la construcci\u00f3n del Ecoespai, para fomentar la transici\u00f3n energ\u00e9tica y ecol\u00f3gica (1.254. 632,46 \u20ac), la pavimentaci\u00f3n de v\u00edas p\u00fablicas y asfaltados (300.000 \u20ac) y la adecuaci\u00f3n de parques y jardines (250.000 \u20ac), entre otros.<\/p>\n<p>En cuanto al presupuesto de las dos entidades p\u00fablicas empresariales, Nostreserveis (5.038.224,31 \u20ac) baja considerablemente, previendo un refuerzo presupuestario con la incorporaci\u00f3n de remanentes y con el traspaso definitivo del servicio de limpieza viaria. Nostraigua (6.420.239 \u20ac), por su parte, experimenta un importante incremento en las cuentas respecto a 2021, principalmente por las inversiones que se prev\u00e9n en la mejora de la red de abastecimiento de agua en el municipio.<\/p>\n<p><strong><a href=\"https:\/\/mont-roig.cat\/wp-content\/uploads\/Pressupost-2022-Ajuntament-de-Mont-roig-del-Camp.pdf\" target=\"_blank\" rel=\"noopener\">PDF Presupuesto 2022 Ayuntamiento de Mont-roig del Camp<\/a><\/strong><\/p>\n<p>Los presupuestos se han aprobado con el voto favorable del equipo de gobierno (PSC-IMM y Verds per M\u00e9s), las abstenciones de ERC-MES y ARA y los votos en contra de Junts por Mont-roig Miami.<\/p>\n<p><strong>Otros puntos del orden del d\u00eda<\/strong><\/p>\n<p>El Plenario tambi\u00e9n ha aprobado, en este caso por unanimidad, el proceso participativo Dona Nom de feminizaci\u00f3n del nomencl\u00e1tor del municipio. El objetivo ha sido regularizar las acciones que se llevar\u00e1n a cabo y formalizar la comisi\u00f3n de seguimiento del proceso. Este mismo fin de semana tendr\u00e1n lugar los actos de presentaci\u00f3n del proceso que contar\u00e1 con diversas fases, una primera para realizar propuestas de nombres, una segunda de filtrado y evaluaci\u00f3n de propuestas, una tercera de votaci\u00f3n popular de los nombres finalistas y una \u00faltima de presentaci\u00f3n de los resultados. La modificaci\u00f3n de los nombres de las calles, un total de 10, se har\u00e1 de forma escalonada en los pr\u00f3ximos 5 a\u00f1os.<\/p>\n<p>Por \u00faltimo, tambi\u00e9n se aprob\u00f3 la plantilla de personal y la modificaci\u00f3n de la relaci\u00f3n de puestos de trabajo para el a\u00f1o 2022 con el objetivo de ajustarse a las tareas del personal de acuerdo con las distintas categor\u00edas y tareas encomendadas.<\/p>\n<p>El Pleno estar\u00e1 disponible en las pr\u00f3ximas horas en el Canal Youtube del Ayuntamiento.<\/p>\n","protected":false},"excerpt":{"rendered":"<p>Los ejes m\u00e1s potentes dan continuidad a la apuesta por la transici\u00f3n energ\u00e9tica y ecol\u00f3gica y las pol\u00edticas sociales Las cuentas se han aprobado con el voto favorable del equipo de gobierno, las abstenciones de ERC-MES y ARA y el voto en contra de Junts per Mont-roig Miami El Pleno del Ayuntamiento de Mont-roig del [&hellip;]<\/p>\n","protected":false},"author":4,"featured_media":61136,"comment_status":"closed","ping_status":"closed","sticky":false,"template":"","format":"standard","meta":{"inline_featured_image":false,"_monsterinsights_skip_tracking":false,"_monsterinsights_sitenote_active":false,"_monsterinsights_sitenote_note":"","_monsterinsights_sitenote_category":0,"footnotes":""},"categories":[98],"tags":[],"class_list":["post-61142","post","type-post","status-publish","format-standard","has-post-thumbnail","hentry","category-ayuntamiento"],"yoast_head":"<!-- This site is optimized with the Yoast SEO plugin v27.4 - https:\/\/yoast.com\/product\/yoast-seo-wordpress\/ -->\n<title>El Pleno del Ayuntamiento aprueba un presupuesto de cerca de 27.000.000 \u20ac para 2022 - Ajuntament de Mont-roig del Camp<\/title>\n<meta name=\"robots\" content=\"index, follow, max-snippet:-1, max-image-preview:large, max-video-preview:-1\" \/>\n<link rel=\"canonical\" href=\"https:\/\/mont-roig.cat\/es\/actualitat\/noticies\/el-pleno-del-ayuntamiento-aprueba-un-presupuesto-de-cerca-de-27-000-000-e-para-2022\/\" \/>\n<meta property=\"og:locale\" content=\"es_ES\" \/>\n<meta property=\"og:type\" content=\"article\" \/>\n<meta property=\"og:title\" content=\"El Pleno del Ayuntamiento aprueba un presupuesto de cerca de 27.000.000 \u20ac para 2022 - Ajuntament de Mont-roig del Camp\" \/>\n<meta property=\"og:description\" content=\"Los ejes m\u00e1s potentes dan continuidad a la apuesta por la transici\u00f3n energ\u00e9tica y ecol\u00f3gica y las pol\u00edticas sociales Las cuentas se han aprobado con el voto favorable del equipo de gobierno, las abstenciones de ERC-MES y ARA y el voto en contra de Junts per Mont-roig Miami El Pleno del Ayuntamiento de Mont-roig del [&hellip;]\" \/>\n<meta property=\"og:url\" content=\"https:\/\/mont-roig.cat\/es\/actualitat\/noticies\/el-pleno-del-ayuntamiento-aprueba-un-presupuesto-de-cerca-de-27-000-000-e-para-2022\/\" \/>\n<meta property=\"og:site_name\" content=\"Ajuntament de Mont-roig del Camp\" \/>\n<meta property=\"article:published_time\" content=\"2022-03-04T12:47:16+00:00\" \/>\n<meta property=\"og:image\" content=\"https:\/\/mont-roig.cat\/wp-content\/uploads\/Pressupost-municipal.png\" \/>\n\t<meta property=\"og:image:width\" content=\"1113\" \/>\n\t<meta property=\"og:image:height\" content=\"792\" \/>\n\t<meta property=\"og:image:type\" content=\"image\/png\" \/>\n<meta name=\"author\" content=\"administrador\" \/>\n<meta name=\"twitter:card\" content=\"summary_large_image\" \/>\n<meta name=\"twitter:label1\" content=\"Escrito por\" \/>\n\t<meta name=\"twitter:data1\" content=\"administrador\" \/>\n\t<meta name=\"twitter:label2\" content=\"Tiempo de lectura\" \/>\n\t<meta name=\"twitter:data2\" content=\"4 minutos\" \/>\n<script type=\"application\/ld+json\" class=\"yoast-schema-graph\">{\"@context\":\"https:\\\/\\\/schema.org\",\"@graph\":[{\"@type\":\"Article\",\"@id\":\"https:\\\/\\\/mont-roig.cat\\\/es\\\/actualitat\\\/noticies\\\/el-pleno-del-ayuntamiento-aprueba-un-presupuesto-de-cerca-de-27-000-000-e-para-2022\\\/#article\",\"isPartOf\":{\"@id\":\"https:\\\/\\\/mont-roig.cat\\\/es\\\/actualitat\\\/noticies\\\/el-pleno-del-ayuntamiento-aprueba-un-presupuesto-de-cerca-de-27-000-000-e-para-2022\\\/\"},\"author\":{\"name\":\"administrador\",\"@id\":\"https:\\\/\\\/mont-roig.cat\\\/es\\\/#\\\/schema\\\/person\\\/f2b111789f22b7d0c3bd6786c9128cba\"},\"headline\":\"El Pleno del Ayuntamiento aprueba un presupuesto de cerca de 27.000.000 \u20ac para 2022\",\"datePublished\":\"2022-03-04T12:47:16+00:00\",\"mainEntityOfPage\":{\"@id\":\"https:\\\/\\\/mont-roig.cat\\\/es\\\/actualitat\\\/noticies\\\/el-pleno-del-ayuntamiento-aprueba-un-presupuesto-de-cerca-de-27-000-000-e-para-2022\\\/\"},\"wordCount\":888,\"image\":{\"@id\":\"https:\\\/\\\/mont-roig.cat\\\/es\\\/actualitat\\\/noticies\\\/el-pleno-del-ayuntamiento-aprueba-un-presupuesto-de-cerca-de-27-000-000-e-para-2022\\\/#primaryimage\"},\"thumbnailUrl\":\"https:\\\/\\\/mont-roig.cat\\\/wp-content\\\/uploads\\\/Pressupost-municipal.png\",\"articleSection\":[\"Ayuntamiento\"],\"inLanguage\":\"es\"},{\"@type\":\"WebPage\",\"@id\":\"https:\\\/\\\/mont-roig.cat\\\/es\\\/actualitat\\\/noticies\\\/el-pleno-del-ayuntamiento-aprueba-un-presupuesto-de-cerca-de-27-000-000-e-para-2022\\\/\",\"url\":\"https:\\\/\\\/mont-roig.cat\\\/es\\\/actualitat\\\/noticies\\\/el-pleno-del-ayuntamiento-aprueba-un-presupuesto-de-cerca-de-27-000-000-e-para-2022\\\/\",\"name\":\"El Pleno del Ayuntamiento aprueba un presupuesto de cerca de 27.000.000 \u20ac para 2022 - Ajuntament de Mont-roig del Camp\",\"isPartOf\":{\"@id\":\"https:\\\/\\\/mont-roig.cat\\\/es\\\/#website\"},\"primaryImageOfPage\":{\"@id\":\"https:\\\/\\\/mont-roig.cat\\\/es\\\/actualitat\\\/noticies\\\/el-pleno-del-ayuntamiento-aprueba-un-presupuesto-de-cerca-de-27-000-000-e-para-2022\\\/#primaryimage\"},\"image\":{\"@id\":\"https:\\\/\\\/mont-roig.cat\\\/es\\\/actualitat\\\/noticies\\\/el-pleno-del-ayuntamiento-aprueba-un-presupuesto-de-cerca-de-27-000-000-e-para-2022\\\/#primaryimage\"},\"thumbnailUrl\":\"https:\\\/\\\/mont-roig.cat\\\/wp-content\\\/uploads\\\/Pressupost-municipal.png\",\"datePublished\":\"2022-03-04T12:47:16+00:00\",\"author\":{\"@id\":\"https:\\\/\\\/mont-roig.cat\\\/es\\\/#\\\/schema\\\/person\\\/f2b111789f22b7d0c3bd6786c9128cba\"},\"breadcrumb\":{\"@id\":\"https:\\\/\\\/mont-roig.cat\\\/es\\\/actualitat\\\/noticies\\\/el-pleno-del-ayuntamiento-aprueba-un-presupuesto-de-cerca-de-27-000-000-e-para-2022\\\/#breadcrumb\"},\"inLanguage\":\"es\",\"potentialAction\":[{\"@type\":\"ReadAction\",\"target\":[\"https:\\\/\\\/mont-roig.cat\\\/es\\\/actualitat\\\/noticies\\\/el-pleno-del-ayuntamiento-aprueba-un-presupuesto-de-cerca-de-27-000-000-e-para-2022\\\/\"]}]},{\"@type\":\"ImageObject\",\"inLanguage\":\"es\",\"@id\":\"https:\\\/\\\/mont-roig.cat\\\/es\\\/actualitat\\\/noticies\\\/el-pleno-del-ayuntamiento-aprueba-un-presupuesto-de-cerca-de-27-000-000-e-para-2022\\\/#primaryimage\",\"url\":\"https:\\\/\\\/mont-roig.cat\\\/wp-content\\\/uploads\\\/Pressupost-municipal.png\",\"contentUrl\":\"https:\\\/\\\/mont-roig.cat\\\/wp-content\\\/uploads\\\/Pressupost-municipal.png\",\"width\":1113,\"height\":792},{\"@type\":\"BreadcrumbList\",\"@id\":\"https:\\\/\\\/mont-roig.cat\\\/es\\\/actualitat\\\/noticies\\\/el-pleno-del-ayuntamiento-aprueba-un-presupuesto-de-cerca-de-27-000-000-e-para-2022\\\/#breadcrumb\",\"itemListElement\":[{\"@type\":\"ListItem\",\"position\":1,\"name\":\"Inici\",\"item\":\"https:\\\/\\\/mont-roig.cat\\\/es\\\/pagina-de-inicio\\\/\"},{\"@type\":\"ListItem\",\"position\":2,\"name\":\"El Pleno del Ayuntamiento aprueba un presupuesto de cerca de 27.000.000 \u20ac para 2022\"}]},{\"@type\":\"WebSite\",\"@id\":\"https:\\\/\\\/mont-roig.cat\\\/es\\\/#website\",\"url\":\"https:\\\/\\\/mont-roig.cat\\\/es\\\/\",\"name\":\"Ajuntament de Mont-roig del Camp\",\"description\":\"Tota la informaci\u00f3 sobre la instituci\u00f3, els seus \u00f2rgans de govern, actualitat, serveis i molt m\u00e9s.\",\"potentialAction\":[{\"@type\":\"SearchAction\",\"target\":{\"@type\":\"EntryPoint\",\"urlTemplate\":\"https:\\\/\\\/mont-roig.cat\\\/es\\\/?s={search_term_string}\"},\"query-input\":{\"@type\":\"PropertyValueSpecification\",\"valueRequired\":true,\"valueName\":\"search_term_string\"}}],\"inLanguage\":\"es\"},{\"@type\":\"Person\",\"@id\":\"https:\\\/\\\/mont-roig.cat\\\/es\\\/#\\\/schema\\\/person\\\/f2b111789f22b7d0c3bd6786c9128cba\",\"name\":\"administrador\",\"image\":{\"@type\":\"ImageObject\",\"inLanguage\":\"es\",\"@id\":\"https:\\\/\\\/secure.gravatar.com\\\/avatar\\\/9137aac6891e2595c9d3036fd83bcb653b4db3c946db4c7d9b9be193c3c944bb?s=96&d=mm&r=g\",\"url\":\"https:\\\/\\\/secure.gravatar.com\\\/avatar\\\/9137aac6891e2595c9d3036fd83bcb653b4db3c946db4c7d9b9be193c3c944bb?s=96&d=mm&r=g\",\"contentUrl\":\"https:\\\/\\\/secure.gravatar.com\\\/avatar\\\/9137aac6891e2595c9d3036fd83bcb653b4db3c946db4c7d9b9be193c3c944bb?s=96&d=mm&r=g\",\"caption\":\"administrador\"},\"url\":\"https:\\\/\\\/mont-roig.cat\\\/es\\\/actualitat\\\/noticies\\\/author\\\/administrador\\\/\"}]}<\/script>\n<!-- \/ Yoast SEO plugin. -->","yoast_head_json":{"title":"El Pleno del Ayuntamiento aprueba un presupuesto de cerca de 27.000.000 \u20ac para 2022 - Ajuntament de Mont-roig del Camp","robots":{"index":"index","follow":"follow","max-snippet":"max-snippet:-1","max-image-preview":"max-image-preview:large","max-video-preview":"max-video-preview:-1"},"canonical":"https:\/\/mont-roig.cat\/es\/actualitat\/noticies\/el-pleno-del-ayuntamiento-aprueba-un-presupuesto-de-cerca-de-27-000-000-e-para-2022\/","og_locale":"es_ES","og_type":"article","og_title":"El Pleno del Ayuntamiento aprueba un presupuesto de cerca de 27.000.000 \u20ac para 2022 - Ajuntament de Mont-roig del Camp","og_description":"Los ejes m\u00e1s potentes dan continuidad a la apuesta por la transici\u00f3n energ\u00e9tica y ecol\u00f3gica y las pol\u00edticas sociales Las cuentas se han aprobado con el voto favorable del equipo de gobierno, las abstenciones de ERC-MES y ARA y el voto en contra de Junts per Mont-roig Miami El Pleno del Ayuntamiento de Mont-roig del [&hellip;]","og_url":"https:\/\/mont-roig.cat\/es\/actualitat\/noticies\/el-pleno-del-ayuntamiento-aprueba-un-presupuesto-de-cerca-de-27-000-000-e-para-2022\/","og_site_name":"Ajuntament de Mont-roig del Camp","article_published_time":"2022-03-04T12:47:16+00:00","og_image":[{"width":1113,"height":792,"url":"https:\/\/mont-roig.cat\/wp-content\/uploads\/Pressupost-municipal.png","type":"image\/png"}],"author":"administrador","twitter_card":"summary_large_image","twitter_misc":{"Escrito por":"administrador","Tiempo de lectura":"4 minutos"},"schema":{"@context":"https:\/\/schema.org","@graph":[{"@type":"Article","@id":"https:\/\/mont-roig.cat\/es\/actualitat\/noticies\/el-pleno-del-ayuntamiento-aprueba-un-presupuesto-de-cerca-de-27-000-000-e-para-2022\/#article","isPartOf":{"@id":"https:\/\/mont-roig.cat\/es\/actualitat\/noticies\/el-pleno-del-ayuntamiento-aprueba-un-presupuesto-de-cerca-de-27-000-000-e-para-2022\/"},"author":{"name":"administrador","@id":"https:\/\/mont-roig.cat\/es\/#\/schema\/person\/f2b111789f22b7d0c3bd6786c9128cba"},"headline":"El Pleno del Ayuntamiento aprueba un presupuesto de cerca de 27.000.000 \u20ac para 2022","datePublished":"2022-03-04T12:47:16+00:00","mainEntityOfPage":{"@id":"https:\/\/mont-roig.cat\/es\/actualitat\/noticies\/el-pleno-del-ayuntamiento-aprueba-un-presupuesto-de-cerca-de-27-000-000-e-para-2022\/"},"wordCount":888,"image":{"@id":"https:\/\/mont-roig.cat\/es\/actualitat\/noticies\/el-pleno-del-ayuntamiento-aprueba-un-presupuesto-de-cerca-de-27-000-000-e-para-2022\/#primaryimage"},"thumbnailUrl":"https:\/\/mont-roig.cat\/wp-content\/uploads\/Pressupost-municipal.png","articleSection":["Ayuntamiento"],"inLanguage":"es"},{"@type":"WebPage","@id":"https:\/\/mont-roig.cat\/es\/actualitat\/noticies\/el-pleno-del-ayuntamiento-aprueba-un-presupuesto-de-cerca-de-27-000-000-e-para-2022\/","url":"https:\/\/mont-roig.cat\/es\/actualitat\/noticies\/el-pleno-del-ayuntamiento-aprueba-un-presupuesto-de-cerca-de-27-000-000-e-para-2022\/","name":"El Pleno del Ayuntamiento aprueba un presupuesto de cerca de 27.000.000 \u20ac para 2022 - Ajuntament de Mont-roig del Camp","isPartOf":{"@id":"https:\/\/mont-roig.cat\/es\/#website"},"primaryImageOfPage":{"@id":"https:\/\/mont-roig.cat\/es\/actualitat\/noticies\/el-pleno-del-ayuntamiento-aprueba-un-presupuesto-de-cerca-de-27-000-000-e-para-2022\/#primaryimage"},"image":{"@id":"https:\/\/mont-roig.cat\/es\/actualitat\/noticies\/el-pleno-del-ayuntamiento-aprueba-un-presupuesto-de-cerca-de-27-000-000-e-para-2022\/#primaryimage"},"thumbnailUrl":"https:\/\/mont-roig.cat\/wp-content\/uploads\/Pressupost-municipal.png","datePublished":"2022-03-04T12:47:16+00:00","author":{"@id":"https:\/\/mont-roig.cat\/es\/#\/schema\/person\/f2b111789f22b7d0c3bd6786c9128cba"},"breadcrumb":{"@id":"https:\/\/mont-roig.cat\/es\/actualitat\/noticies\/el-pleno-del-ayuntamiento-aprueba-un-presupuesto-de-cerca-de-27-000-000-e-para-2022\/#breadcrumb"},"inLanguage":"es","potentialAction":[{"@type":"ReadAction","target":["https:\/\/mont-roig.cat\/es\/actualitat\/noticies\/el-pleno-del-ayuntamiento-aprueba-un-presupuesto-de-cerca-de-27-000-000-e-para-2022\/"]}]},{"@type":"ImageObject","inLanguage":"es","@id":"https:\/\/mont-roig.cat\/es\/actualitat\/noticies\/el-pleno-del-ayuntamiento-aprueba-un-presupuesto-de-cerca-de-27-000-000-e-para-2022\/#primaryimage","url":"https:\/\/mont-roig.cat\/wp-content\/uploads\/Pressupost-municipal.png","contentUrl":"https:\/\/mont-roig.cat\/wp-content\/uploads\/Pressupost-municipal.png","width":1113,"height":792},{"@type":"BreadcrumbList","@id":"https:\/\/mont-roig.cat\/es\/actualitat\/noticies\/el-pleno-del-ayuntamiento-aprueba-un-presupuesto-de-cerca-de-27-000-000-e-para-2022\/#breadcrumb","itemListElement":[{"@type":"ListItem","position":1,"name":"Inici","item":"https:\/\/mont-roig.cat\/es\/pagina-de-inicio\/"},{"@type":"ListItem","position":2,"name":"El Pleno del Ayuntamiento aprueba un presupuesto de cerca de 27.000.000 \u20ac para 2022"}]},{"@type":"WebSite","@id":"https:\/\/mont-roig.cat\/es\/#website","url":"https:\/\/mont-roig.cat\/es\/","name":"Ajuntament de Mont-roig del Camp","description":"Tota la informaci\u00f3 sobre la instituci\u00f3, els seus \u00f2rgans de govern, actualitat, serveis i molt m\u00e9s.","potentialAction":[{"@type":"SearchAction","target":{"@type":"EntryPoint","urlTemplate":"https:\/\/mont-roig.cat\/es\/?s={search_term_string}"},"query-input":{"@type":"PropertyValueSpecification","valueRequired":true,"valueName":"search_term_string"}}],"inLanguage":"es"},{"@type":"Person","@id":"https:\/\/mont-roig.cat\/es\/#\/schema\/person\/f2b111789f22b7d0c3bd6786c9128cba","name":"administrador","image":{"@type":"ImageObject","inLanguage":"es","@id":"https:\/\/secure.gravatar.com\/avatar\/9137aac6891e2595c9d3036fd83bcb653b4db3c946db4c7d9b9be193c3c944bb?s=96&d=mm&r=g","url":"https:\/\/secure.gravatar.com\/avatar\/9137aac6891e2595c9d3036fd83bcb653b4db3c946db4c7d9b9be193c3c944bb?s=96&d=mm&r=g","contentUrl":"https:\/\/secure.gravatar.com\/avatar\/9137aac6891e2595c9d3036fd83bcb653b4db3c946db4c7d9b9be193c3c944bb?s=96&d=mm&r=g","caption":"administrador"},"url":"https:\/\/mont-roig.cat\/es\/actualitat\/noticies\/author\/administrador\/"}]}},"_links":{"self":[{"href":"https:\/\/mont-roig.cat\/es\/wp-json\/wp\/v2\/posts\/61142","targetHints":{"allow":["GET"]}}],"collection":[{"href":"https:\/\/mont-roig.cat\/es\/wp-json\/wp\/v2\/posts"}],"about":[{"href":"https:\/\/mont-roig.cat\/es\/wp-json\/wp\/v2\/types\/post"}],"author":[{"embeddable":true,"href":"https:\/\/mont-roig.cat\/es\/wp-json\/wp\/v2\/users\/4"}],"replies":[{"embeddable":true,"href":"https:\/\/mont-roig.cat\/es\/wp-json\/wp\/v2\/comments?post=61142"}],"version-history":[{"count":2,"href":"https:\/\/mont-roig.cat\/es\/wp-json\/wp\/v2\/posts\/61142\/revisions"}],"predecessor-version":[{"id":61150,"href":"https:\/\/mont-roig.cat\/es\/wp-json\/wp\/v2\/posts\/61142\/revisions\/61150"}],"wp:featuredmedia":[{"embeddable":true,"href":"https:\/\/mont-roig.cat\/es\/wp-json\/wp\/v2\/media\/61136"}],"wp:attachment":[{"href":"https:\/\/mont-roig.cat\/es\/wp-json\/wp\/v2\/media?parent=61142"}],"wp:term":[{"taxonomy":"category","embeddable":true,"href":"https:\/\/mont-roig.cat\/es\/wp-json\/wp\/v2\/categories?post=61142"},{"taxonomy":"post_tag","embeddable":true,"href":"https:\/\/mont-roig.cat\/es\/wp-json\/wp\/v2\/tags?post=61142"}],"curies":[{"name":"wp","href":"https:\/\/api.w.org\/{rel}","templated":true}]}}